{"id":302898,"date":"2023-04-12T07:23:36","date_gmt":"2023-04-12T10:23:36","guid":{"rendered":"https:\/\/www.notibras.com\/site\/?p=302898"},"modified":"2023-04-12T09:37:51","modified_gmt":"2023-04-12T12:37:51","slug":"goiabeira-de-damares-fara-de-brasilia-uma-parreira-infernal","status":"publish","type":"post","link":"https:\/\/www.notibras.com\/site\/goiabeira-de-damares-fara-de-brasilia-uma-parreira-infernal\/","title":{"rendered":"Goiabeira de Damares far\u00e1 de Bras\u00edlia uma parreira infernal?"},"content":{"rendered":"<p>O tempo todo, somos completamente bombardeados por s\u00edmbolos que se baseiam em arqu\u00e9tipos. Esses arqu\u00e9tipos s\u00f3 existem porque pretensos em efic\u00e1cia na arte de nos ensinar algo ou em nos fazer sentir de uma maneira que diz nos ajudar a nos conhecermos melhor. (Ser\u00e1?!).<\/p>\n<p>A verdade mesmo \u00e9 que arqu\u00e9tipos n\u00e3o s\u00e3o estere\u00f3tipos. Eles s\u00e3o somente a funda\u00e7\u00e3o para determinada representa\u00e7\u00e3o, e n\u00e3o a representa\u00e7\u00e3o completa.<\/p>\n<p>Ningu\u00e9m pode ser obrigado a se desumanizar; isso \u00e9 algo que acontece enquanto as pessoas se entret\u00eam e se escondem da vida, entregando-se a outrem, para que pense por n\u00f3s, atropelando a capacidade de discernir entre a verdade, a meia-verdade e a falsidade.<\/p>\n<p>O arqu\u00e9tipo da goiabeira \u00e9 uma hist\u00f3ria que se tornou conhecida no cen\u00e1rio pol\u00edtico recente, em Bras\u00edlia. A hist\u00f3ria gerou pol\u00eamica e memes nas redes sociais, com cr\u00edticas e piadas sobre a veracidade do relato da ex-ministra e atual senadora pelo Distrito Federal Damares Alves.<\/p>\n<p>Ela surpreendeu. Atropelou Fl\u00e1via (tamb\u00e9m ex-ministra) e riscou do mapa pol\u00edtico o sobrenome Arruda, do ex-governador Jos\u00e9 Ro9berto, o mesmo que foi cassado e preso em 2010 na famosa opera\u00e7\u00e3o Caixa de Pandora. Damares foi al\u00e9m, ao vencer tamb\u00e9m vertentes esquerdistas da capital, representadas professora Rosilene C\u00f4rrea. Na \u00e9poca, a congressista bolsonarista-raiz foi clara: a goiabeira tem um significado simb\u00f3lico para ela.<\/p>\n<p>O arqu\u00e9tipo da goiabeira \u00e9 uma met\u00e1fora para a identidade nacional brasileira, que se constr\u00f3i a partir da mistura de diferentes culturas e influ\u00eancias. A goiabeira \u00e9 uma \u00e1rvore origin\u00e1ria da Am\u00e9rica do Sul, mas que se adapta a diversos climas e solos, produzindo frutos variados e saborosos.<\/p>\n<p>Assim, a goiabeira representa a capacidade de resistir e se reinventar diante dos desafios hist\u00f3ricos e sociais, mantendo uma ess\u00eancia pr\u00f3pria e diversa. A \u00e1rvore tamb\u00e9m simboliza a riqueza e a criatividade da cultura brasileira, que se expressa em diversas formas de arte, m\u00fasica, literatura, gastronomia e agora, pol\u00edtica.<\/p>\n<p>A quest\u00e3o maior \u00e9 que o partido Republicanos quer lan\u00e7ar (j\u00e1!) de imediato, a ex-ministra como candidata ao governo do Distrito Federal nas elei\u00e7\u00f5es de 2026. O plano do partido prev\u00ea Damares como cabe\u00e7a de chapa e a ex-primeira-dama Michelle Bolsonaro (PL) como candidata a uma das vagas ao Senado.<\/p>\n<p>Para os caciques da legenda, o cen\u00e1rio de 2026 pode at\u00e9 n\u00e3o ser favor\u00e1vel (agora) a Damares \u2013 mas, como ela tem 8 anos de mandato, como senadora da Rep\u00fablica, se perder na disputa, poder\u00e1 voltar tranquilamente para o senado e cumprir o restante do mandato ganho nas urnas candangas em 2022.<\/p>\n<p>Mas essas mesmas raposas que tentam jogar Damares acima da \u00e1rvore geneal\u00f3gica pol\u00edtica brasiliense, parecem vendar os olhos para n\u00e3o enxergar que al\u00e9m do Republicanos, existem outros partidos \u2013 como MDB, PSD e a Federa\u00e7\u00e3o do PT e seus sat\u00e9lites \u2013 que est\u00e3o de olho na cadeira teoricamente ocupado at\u00e9 2026 (se assim Xand\u00e3o permitir) por Ibaneis Rocha, que ap\u00f3s o 8 de janeiro virou um zumbi perambulando nas sombras de pr\u00f3ceres emedebistas.<\/p>\n<p>Outro ponto que os Republicanos querem \u00e9 ressuscitar \u2013 no p\u00e9 da goiabeira &#8211; o transe e a vertigem das fantasias da extrema direita enraizada pelo bolsonarismo que ainda insiste em dar plant\u00e3o contra a democracia.<\/p>\n<p>\u00c9 essencial &#8211; para que possamos encarar a vertigem dos verdadeiros problemas de nosso tempo: a crise ambiental, o aumento da desigualdade, o d\u00e9ficit democr\u00e1tico e o desafio de uma transi\u00e7\u00e3o para um outro regime energ\u00e9tico, econ\u00f4mico e pol\u00edtico &#8211; deixar para tr\u00e1s esse atraso monumental bolsonarista que quase destruiu as institui\u00e7\u00f5es do pa\u00eds com um atentado terrorista \u00e0 democracia, que abalou Bras\u00edlia nos primeiros dias do governo Lula.<\/p>\n<p>Damares Alves n\u00e3o \u00e9 boba. Isso precisa ser dito. Tanto, que emprega no gabinete no Senado a esposa doe seu primeiro suplente, Manoel Arruda J\u00fanior (Uni\u00e3o Brasil). N\u00e3o se trata de um gesto de gratid\u00e3o, mas o primeiro passo de uma alian\u00e7a para consolidar o arqu\u00e9tipo da goiabeira e a identidade pol\u00edtica da capital da Rep\u00fablica para as elei\u00e7\u00f5es de 2026.<\/p>\n<p>A hist\u00f3ria pol\u00edtica progressista e combatente do Distrito Federal com seus basti\u00f5es prudentes, n\u00e3o podem ficar sentados \u00e0 beira da goiabeira e na estrada do Jardim do [Eden, esperando o milagre da democracia acontecer novamente. Se n\u00e3o levantarem suas armas agora, pode ser que a In\u00eas esteja morta, envenenada pelo extremismo e sob a poeira da democracia candanga \u2013 t\u00e3o calejada e combalida nessas \u00faltimas d\u00e9cadas.<\/p>\n<p><strong>*Manly Spike \u00e9 o espig\u00e3o viril do jornalismo internacional e especialista em pol\u00edtica brasileira desde os tempos do imp\u00e9rio portugu\u00eas que se instalou nas terras do Pau Brasil.<\/strong><\/p>\n","protected":false},"excerpt":{"rendered":"<p>O tempo todo, somos completamente bombardeados por s\u00edmbolos que se baseiam em arqu\u00e9tipos. Esses arqu\u00e9tipos s\u00f3 existem porque pretensos em efic\u00e1cia na arte de nos ensinar algo ou em nos fazer sentir de uma maneira que diz nos ajudar a nos conhecermos melhor. (Ser\u00e1?!). A verdade mesmo \u00e9 que arqu\u00e9tipos n\u00e3o s\u00e3o estere\u00f3tipos. Eles s\u00e3o [&hellip;]<\/p>\n","protected":false},"author":2,"featured_media":302899,"comment_status":"closed","ping_status":"closed","sticky":false,"template":"","format":"standard","meta":{"_acf_changed":false,"footnotes":""},"categories":[161],"tags":[95],"class_list":["post-302898","post","type-post","status-publish","format-standard","has-post-thumbnail","hentry","category-quadradinho-em-foco","tag-capa"],"acf":[],"yoast_head":"<!-- This site is optimized with the Yoast SEO plugin v27.2 - https:\/\/yoast.com\/product\/yoast-seo-wordpress\/ -->\n<title>Goiabeira de Damares far\u00e1 de Bras\u00edlia uma parreira infernal? - Notibras<\/title>\n<meta name=\"robots\" content=\"index, follow, max-snippet:-1, max-image-preview:large, max-video-preview:-1\" \/>\n<link rel=\"canonical\" href=\"https:\/\/www.notibras.com\/site\/goiabeira-de-damares-fara-de-brasilia-uma-parreira-infernal\/\" \/>\n<meta property=\"og:locale\" content=\"pt_BR\" \/>\n<meta property=\"og:type\" content=\"article\" \/>\n<meta property=\"og:title\" content=\"Goiabeira de Damares far\u00e1 de Bras\u00edlia uma parreira infernal? - Notibras\" \/>\n<meta property=\"og:description\" content=\"O tempo todo, somos completamente bombardeados por s\u00edmbolos que se baseiam em arqu\u00e9tipos. Esses arqu\u00e9tipos s\u00f3 existem porque pretensos em efic\u00e1cia na arte de nos ensinar algo ou em nos fazer sentir de uma maneira que diz nos ajudar a nos conhecermos melhor. (Ser\u00e1?!). A verdade mesmo \u00e9 que arqu\u00e9tipos n\u00e3o s\u00e3o estere\u00f3tipos. Eles s\u00e3o [&hellip;]\" \/>\n<meta property=\"og:url\" content=\"https:\/\/www.notibras.com\/site\/goiabeira-de-damares-fara-de-brasilia-uma-parreira-infernal\/\" \/>\n<meta property=\"og:site_name\" content=\"Notibras\" \/>\n<meta property=\"article:publisher\" content=\"https:\/\/www.facebook.com\/notibras\/\" \/>\n<meta property=\"article:published_time\" content=\"2023-04-12T10:23:36+00:00\" \/>\n<meta property=\"article:modified_time\" content=\"2023-04-12T12:37:51+00:00\" \/>\n<meta property=\"og:image\" content=\"https:\/\/www.notibras.com\/site\/wp-content\/uploads\/2023\/04\/df.politica.png\" \/>\n\t<meta property=\"og:image:width\" content=\"813\" \/>\n\t<meta property=\"og:image:height\" content=\"813\" \/>\n\t<meta property=\"og:image:type\" content=\"image\/png\" \/>\n<meta name=\"author\" content=\"Reda\u00e7\u00e3o\" \/>\n<meta name=\"twitter:card\" content=\"summary_large_image\" \/>\n<meta name=\"twitter:creator\" content=\"@Notibras\" \/>\n<meta name=\"twitter:site\" content=\"@Notibras\" \/>\n<meta name=\"twitter:label1\" content=\"Escrito por\" \/>\n\t<meta name=\"twitter:data1\" content=\"Reda\u00e7\u00e3o\" \/>\n\t<meta name=\"twitter:label2\" content=\"Est. tempo de leitura\" \/>\n\t<meta name=\"twitter:data2\" content=\"5 minutos\" \/>\n<script type=\"application\/ld+json\" class=\"yoast-schema-graph\">{\"@context\":\"https:\/\/schema.org\",\"@graph\":[{\"@type\":\"Article\",\"@id\":\"https:\/\/www.notibras.com\/site\/goiabeira-de-damares-fara-de-brasilia-uma-parreira-infernal\/#article\",\"isPartOf\":{\"@id\":\"https:\/\/www.notibras.com\/site\/goiabeira-de-damares-fara-de-brasilia-uma-parreira-infernal\/\"},\"author\":{\"name\":\"Reda\u00e7\u00e3o\",\"@id\":\"https:\/\/www.notibras.com\/site\/#\/schema\/person\/36ab0979449956132d3e5b517ea76ac8\"},\"headline\":\"Goiabeira de Damares far\u00e1 de Bras\u00edlia uma parreira infernal?\",\"datePublished\":\"2023-04-12T10:23:36+00:00\",\"dateModified\":\"2023-04-12T12:37:51+00:00\",\"mainEntityOfPage\":{\"@id\":\"https:\/\/www.notibras.com\/site\/goiabeira-de-damares-fara-de-brasilia-uma-parreira-infernal\/\"},\"wordCount\":829,\"publisher\":{\"@id\":\"https:\/\/www.notibras.com\/site\/#organization\"},\"image\":{\"@id\":\"https:\/\/www.notibras.com\/site\/goiabeira-de-damares-fara-de-brasilia-uma-parreira-infernal\/#primaryimage\"},\"thumbnailUrl\":\"https:\/\/www.notibras.com\/site\/wp-content\/uploads\/2023\/04\/df.politica.png\",\"keywords\":[\"capa\"],\"articleSection\":[\"Quadradinho em Foco\"],\"inLanguage\":\"pt-BR\"},{\"@type\":\"WebPage\",\"@id\":\"https:\/\/www.notibras.com\/site\/goiabeira-de-damares-fara-de-brasilia-uma-parreira-infernal\/\",\"url\":\"https:\/\/www.notibras.com\/site\/goiabeira-de-damares-fara-de-brasilia-uma-parreira-infernal\/\",\"name\":\"Goiabeira de Damares far\u00e1 de Bras\u00edlia uma parreira infernal? - Notibras\",\"isPartOf\":{\"@id\":\"https:\/\/www.notibras.com\/site\/#website\"},\"primaryImageOfPage\":{\"@id\":\"https:\/\/www.notibras.com\/site\/goiabeira-de-damares-fara-de-brasilia-uma-parreira-infernal\/#primaryimage\"},\"image\":{\"@id\":\"https:\/\/www.notibras.com\/site\/goiabeira-de-damares-fara-de-brasilia-uma-parreira-infernal\/#primaryimage\"},\"thumbnailUrl\":\"https:\/\/www.notibras.com\/site\/wp-content\/uploads\/2023\/04\/df.politica.png\",\"datePublished\":\"2023-04-12T10:23:36+00:00\",\"dateModified\":\"2023-04-12T12:37:51+00:00\",\"breadcrumb\":{\"@id\":\"https:\/\/www.notibras.com\/site\/goiabeira-de-damares-fara-de-brasilia-uma-parreira-infernal\/#breadcrumb\"},\"inLanguage\":\"pt-BR\",\"potentialAction\":[{\"@type\":\"ReadAction\",\"target\":[\"https:\/\/www.notibras.com\/site\/goiabeira-de-damares-fara-de-brasilia-uma-parreira-infernal\/\"]}]},{\"@type\":\"ImageObject\",\"inLanguage\":\"pt-BR\",\"@id\":\"https:\/\/www.notibras.com\/site\/goiabeira-de-damares-fara-de-brasilia-uma-parreira-infernal\/#primaryimage\",\"url\":\"https:\/\/www.notibras.com\/site\/wp-content\/uploads\/2023\/04\/df.politica.png\",\"contentUrl\":\"https:\/\/www.notibras.com\/site\/wp-content\/uploads\/2023\/04\/df.politica.png\",\"width\":813,\"height\":813},{\"@type\":\"BreadcrumbList\",\"@id\":\"https:\/\/www.notibras.com\/site\/goiabeira-de-damares-fara-de-brasilia-uma-parreira-infernal\/#breadcrumb\",\"itemListElement\":[{\"@type\":\"ListItem\",\"position\":1,\"name\":\"In\u00edcio\",\"item\":\"https:\/\/www.notibras.com\/site\/\"},{\"@type\":\"ListItem\",\"position\":2,\"name\":\"Goiabeira de Damares far\u00e1 de Bras\u00edlia uma parreira infernal?\"}]},{\"@type\":\"WebSite\",\"@id\":\"https:\/\/www.notibras.com\/site\/#website\",\"url\":\"https:\/\/www.notibras.com\/site\/\",\"name\":\"Notibras\",\"description\":\"Not\u00edcias de Bras\u00edlia, do Brasil e do Mundo\",\"publisher\":{\"@id\":\"https:\/\/www.notibras.com\/site\/#organization\"},\"potentialAction\":[{\"@type\":\"SearchAction\",\"target\":{\"@type\":\"EntryPoint\",\"urlTemplate\":\"https:\/\/www.notibras.com\/site\/?s={search_term_string}\"},\"query-input\":{\"@type\":\"PropertyValueSpecification\",\"valueRequired\":true,\"valueName\":\"search_term_string\"}}],\"inLanguage\":\"pt-BR\"},{\"@type\":\"Organization\",\"@id\":\"https:\/\/www.notibras.com\/site\/#organization\",\"name\":\"Grupo Notibras de Comunica\u00e7\u00e3o\",\"url\":\"https:\/\/www.notibras.com\/site\/\",\"logo\":{\"@type\":\"ImageObject\",\"inLanguage\":\"pt-BR\",\"@id\":\"https:\/\/www.notibras.com\/site\/#\/schema\/logo\/image\/\",\"url\":\"https:\/\/www.notibras.com\/site\/wp-content\/uploads\/2023\/01\/notibras23.png\",\"contentUrl\":\"https:\/\/www.notibras.com\/site\/wp-content\/uploads\/2023\/01\/notibras23.png\",\"width\":350,\"height\":87,\"caption\":\"Grupo Notibras de Comunica\u00e7\u00e3o\"},\"image\":{\"@id\":\"https:\/\/www.notibras.com\/site\/#\/schema\/logo\/image\/\"},\"sameAs\":[\"https:\/\/www.facebook.com\/notibras\/\",\"https:\/\/x.com\/Notibras\",\"https:\/\/www.instagram.com\/notibras\/\"]},{\"@type\":\"Person\",\"@id\":\"https:\/\/www.notibras.com\/site\/#\/schema\/person\/36ab0979449956132d3e5b517ea76ac8\",\"name\":\"Reda\u00e7\u00e3o\",\"image\":{\"@type\":\"ImageObject\",\"inLanguage\":\"pt-BR\",\"@id\":\"https:\/\/secure.gravatar.com\/avatar\/e0a867bdedb85fd243eadf09663511f96fc81e0720a4a42581f334ad4303aa6b?s=96&d=mm&r=g\",\"url\":\"https:\/\/secure.gravatar.com\/avatar\/e0a867bdedb85fd243eadf09663511f96fc81e0720a4a42581f334ad4303aa6b?s=96&d=mm&r=g\",\"contentUrl\":\"https:\/\/secure.gravatar.com\/avatar\/e0a867bdedb85fd243eadf09663511f96fc81e0720a4a42581f334ad4303aa6b?s=96&d=mm&r=g\",\"caption\":\"Reda\u00e7\u00e3o\"}}]}<\/script>\n<!-- \/ Yoast SEO plugin. -->","yoast_head_json":{"title":"Goiabeira de Damares far\u00e1 de Bras\u00edlia uma parreira infernal? - Notibras","robots":{"index":"index","follow":"follow","max-snippet":"max-snippet:-1","max-image-preview":"max-image-preview:large","max-video-preview":"max-video-preview:-1"},"canonical":"https:\/\/www.notibras.com\/site\/goiabeira-de-damares-fara-de-brasilia-uma-parreira-infernal\/","og_locale":"pt_BR","og_type":"article","og_title":"Goiabeira de Damares far\u00e1 de Bras\u00edlia uma parreira infernal? - Notibras","og_description":"O tempo todo, somos completamente bombardeados por s\u00edmbolos que se baseiam em arqu\u00e9tipos. Esses arqu\u00e9tipos s\u00f3 existem porque pretensos em efic\u00e1cia na arte de nos ensinar algo ou em nos fazer sentir de uma maneira que diz nos ajudar a nos conhecermos melhor. (Ser\u00e1?!). A verdade mesmo \u00e9 que arqu\u00e9tipos n\u00e3o s\u00e3o estere\u00f3tipos. Eles s\u00e3o [&hellip;]","og_url":"https:\/\/www.notibras.com\/site\/goiabeira-de-damares-fara-de-brasilia-uma-parreira-infernal\/","og_site_name":"Notibras","article_publisher":"https:\/\/www.facebook.com\/notibras\/","article_published_time":"2023-04-12T10:23:36+00:00","article_modified_time":"2023-04-12T12:37:51+00:00","og_image":[{"width":813,"height":813,"url":"https:\/\/www.notibras.com\/site\/wp-content\/uploads\/2023\/04\/df.politica.png","type":"image\/png"}],"author":"Reda\u00e7\u00e3o","twitter_card":"summary_large_image","twitter_creator":"@Notibras","twitter_site":"@Notibras","twitter_misc":{"Escrito por":"Reda\u00e7\u00e3o","Est. tempo de leitura":"5 minutos"},"schema":{"@context":"https:\/\/schema.org","@graph":[{"@type":"Article","@id":"https:\/\/www.notibras.com\/site\/goiabeira-de-damares-fara-de-brasilia-uma-parreira-infernal\/#article","isPartOf":{"@id":"https:\/\/www.notibras.com\/site\/goiabeira-de-damares-fara-de-brasilia-uma-parreira-infernal\/"},"author":{"name":"Reda\u00e7\u00e3o","@id":"https:\/\/www.notibras.com\/site\/#\/schema\/person\/36ab0979449956132d3e5b517ea76ac8"},"headline":"Goiabeira de Damares far\u00e1 de Bras\u00edlia uma parreira infernal?","datePublished":"2023-04-12T10:23:36+00:00","dateModified":"2023-04-12T12:37:51+00:00","mainEntityOfPage":{"@id":"https:\/\/www.notibras.com\/site\/goiabeira-de-damares-fara-de-brasilia-uma-parreira-infernal\/"},"wordCount":829,"publisher":{"@id":"https:\/\/www.notibras.com\/site\/#organization"},"image":{"@id":"https:\/\/www.notibras.com\/site\/goiabeira-de-damares-fara-de-brasilia-uma-parreira-infernal\/#primaryimage"},"thumbnailUrl":"https:\/\/www.notibras.com\/site\/wp-content\/uploads\/2023\/04\/df.politica.png","keywords":["capa"],"articleSection":["Quadradinho em Foco"],"inLanguage":"pt-BR"},{"@type":"WebPage","@id":"https:\/\/www.notibras.com\/site\/goiabeira-de-damares-fara-de-brasilia-uma-parreira-infernal\/","url":"https:\/\/www.notibras.com\/site\/goiabeira-de-damares-fara-de-brasilia-uma-parreira-infernal\/","name":"Goiabeira de Damares far\u00e1 de Bras\u00edlia uma parreira infernal? - Notibras","isPartOf":{"@id":"https:\/\/www.notibras.com\/site\/#website"},"primaryImageOfPage":{"@id":"https:\/\/www.notibras.com\/site\/goiabeira-de-damares-fara-de-brasilia-uma-parreira-infernal\/#primaryimage"},"image":{"@id":"https:\/\/www.notibras.com\/site\/goiabeira-de-damares-fara-de-brasilia-uma-parreira-infernal\/#primaryimage"},"thumbnailUrl":"https:\/\/www.notibras.com\/site\/wp-content\/uploads\/2023\/04\/df.politica.png","datePublished":"2023-04-12T10:23:36+00:00","dateModified":"2023-04-12T12:37:51+00:00","breadcrumb":{"@id":"https:\/\/www.notibras.com\/site\/goiabeira-de-damares-fara-de-brasilia-uma-parreira-infernal\/#breadcrumb"},"inLanguage":"pt-BR","potentialAction":[{"@type":"ReadAction","target":["https:\/\/www.notibras.com\/site\/goiabeira-de-damares-fara-de-brasilia-uma-parreira-infernal\/"]}]},{"@type":"ImageObject","inLanguage":"pt-BR","@id":"https:\/\/www.notibras.com\/site\/goiabeira-de-damares-fara-de-brasilia-uma-parreira-infernal\/#primaryimage","url":"https:\/\/www.notibras.com\/site\/wp-content\/uploads\/2023\/04\/df.politica.png","contentUrl":"https:\/\/www.notibras.com\/site\/wp-content\/uploads\/2023\/04\/df.politica.png","width":813,"height":813},{"@type":"BreadcrumbList","@id":"https:\/\/www.notibras.com\/site\/goiabeira-de-damares-fara-de-brasilia-uma-parreira-infernal\/#breadcrumb","itemListElement":[{"@type":"ListItem","position":1,"name":"In\u00edcio","item":"https:\/\/www.notibras.com\/site\/"},{"@type":"ListItem","position":2,"name":"Goiabeira de Damares far\u00e1 de Bras\u00edlia uma parreira infernal?"}]},{"@type":"WebSite","@id":"https:\/\/www.notibras.com\/site\/#website","url":"https:\/\/www.notibras.com\/site\/","name":"Notibras","description":"Not\u00edcias de Bras\u00edlia, do Brasil e do Mundo","publisher":{"@id":"https:\/\/www.notibras.com\/site\/#organization"},"potentialAction":[{"@type":"SearchAction","target":{"@type":"EntryPoint","urlTemplate":"https:\/\/www.notibras.com\/site\/?s={search_term_string}"},"query-input":{"@type":"PropertyValueSpecification","valueRequired":true,"valueName":"search_term_string"}}],"inLanguage":"pt-BR"},{"@type":"Organization","@id":"https:\/\/www.notibras.com\/site\/#organization","name":"Grupo Notibras de Comunica\u00e7\u00e3o","url":"https:\/\/www.notibras.com\/site\/","logo":{"@type":"ImageObject","inLanguage":"pt-BR","@id":"https:\/\/www.notibras.com\/site\/#\/schema\/logo\/image\/","url":"https:\/\/www.notibras.com\/site\/wp-content\/uploads\/2023\/01\/notibras23.png","contentUrl":"https:\/\/www.notibras.com\/site\/wp-content\/uploads\/2023\/01\/notibras23.png","width":350,"height":87,"caption":"Grupo Notibras de Comunica\u00e7\u00e3o"},"image":{"@id":"https:\/\/www.notibras.com\/site\/#\/schema\/logo\/image\/"},"sameAs":["https:\/\/www.facebook.com\/notibras\/","https:\/\/x.com\/Notibras","https:\/\/www.instagram.com\/notibras\/"]},{"@type":"Person","@id":"https:\/\/www.notibras.com\/site\/#\/schema\/person\/36ab0979449956132d3e5b517ea76ac8","name":"Reda\u00e7\u00e3o","image":{"@type":"ImageObject","inLanguage":"pt-BR","@id":"https:\/\/secure.gravatar.com\/avatar\/e0a867bdedb85fd243eadf09663511f96fc81e0720a4a42581f334ad4303aa6b?s=96&d=mm&r=g","url":"https:\/\/secure.gravatar.com\/avatar\/e0a867bdedb85fd243eadf09663511f96fc81e0720a4a42581f334ad4303aa6b?s=96&d=mm&r=g","contentUrl":"https:\/\/secure.gravatar.com\/avatar\/e0a867bdedb85fd243eadf09663511f96fc81e0720a4a42581f334ad4303aa6b?s=96&d=mm&r=g","caption":"Reda\u00e7\u00e3o"}}]}},"amp_enabled":true,"_links":{"self":[{"href":"https:\/\/www.notibras.com\/site\/wp-json\/wp\/v2\/posts\/302898","targetHints":{"allow":["GET"]}}],"collection":[{"href":"https:\/\/www.notibras.com\/site\/wp-json\/wp\/v2\/posts"}],"about":[{"href":"https:\/\/www.notibras.com\/site\/wp-json\/wp\/v2\/types\/post"}],"author":[{"embeddable":true,"href":"https:\/\/www.notibras.com\/site\/wp-json\/wp\/v2\/users\/2"}],"replies":[{"embeddable":true,"href":"https:\/\/www.notibras.com\/site\/wp-json\/wp\/v2\/comments?post=302898"}],"version-history":[{"count":5,"href":"https:\/\/www.notibras.com\/site\/wp-json\/wp\/v2\/posts\/302898\/revisions"}],"predecessor-version":[{"id":302922,"href":"https:\/\/www.notibras.com\/site\/wp-json\/wp\/v2\/posts\/302898\/revisions\/302922"}],"wp:featuredmedia":[{"embeddable":true,"href":"https:\/\/www.notibras.com\/site\/wp-json\/wp\/v2\/media\/302899"}],"wp:attachment":[{"href":"https:\/\/www.notibras.com\/site\/wp-json\/wp\/v2\/media?parent=302898"}],"wp:term":[{"taxonomy":"category","embeddable":true,"href":"https:\/\/www.notibras.com\/site\/wp-json\/wp\/v2\/categories?post=302898"},{"taxonomy":"post_tag","embeddable":true,"href":"https:\/\/www.notibras.com\/site\/wp-json\/wp\/v2\/tags?post=302898"}],"curies":[{"name":"wp","href":"https:\/\/api.w.org\/{rel}","templated":true}]}}