{"id":302905,"date":"2023-04-12T00:00:17","date_gmt":"2023-04-12T03:00:17","guid":{"rendered":"https:\/\/www.notibras.com\/site\/?p=302905"},"modified":"2023-04-12T07:30:59","modified_gmt":"2023-04-12T10:30:59","slug":"justica-lanca-edital-para-ampliar-seguranca-nas-escolas","status":"publish","type":"post","link":"https:\/\/www.notibras.com\/site\/justica-lanca-edital-para-ampliar-seguranca-nas-escolas\/","title":{"rendered":"Justi\u00e7a lan\u00e7a edital para ampliar seguran\u00e7a nas escolas"},"content":{"rendered":"<p>O ministro da Justi\u00e7a e Seguran\u00e7a P\u00fablica, Fl\u00e1vio Dino, assinou o edital de chamamento p\u00fablico para ampliar o programa de seguran\u00e7a nas escolas. A medida j\u00e1 havia sido anunciada na semana passada, ap\u00f3s o massacre ocorrido em uma creche de Blumenau (SC). Ao todo, ser\u00e3o investidos R$ 150 milh\u00f5es com recursos do Fundo Nacional de Seguran\u00e7a P\u00fablica (FNSP). As secretarias de seguran\u00e7a de estados e munic\u00edpios, ou equivalentes, poder\u00e3o apresentar projetos em seis diferentes \u00e1reas tem\u00e1ticas.<\/p>\n<p>O limite m\u00ednimo das propostas a serem apresentadas \u00e9 de R$ 100 mil e m\u00e1ximo de R$ 1 milh\u00e3o para \u00f3rg\u00e3os municipais e de R$ 500 mil a R$ 3 milh\u00f5es para os estados e o Distrito Federal. A \u00edntegra do edital pode ser consultada neste link.<\/p>\n<p>Os recursos poder\u00e3o ser aplicados, por exemplo, em projetos de expans\u00e3o das rondas escolares, realizadas pela Pol\u00edcia Militar ou Guardas Municipais, cursos de capacita\u00e7\u00e3o para profissionais da \u00e1rea de seguran\u00e7a e cursos que contemplem o acolhimento, a escuta ativa e o encaminhamento para a rede de prote\u00e7\u00e3o \u00e0s crian\u00e7as e adolescentes.<\/p>\n<p>O edital tamb\u00e9m permite a\u00e7\u00f5es de pesquisa e diagn\u00f3stico na preven\u00e7\u00e3o em seguran\u00e7a no ambiente escolar, aprimoramento da investiga\u00e7\u00e3o cibern\u00e9tica e cria\u00e7\u00e3o de observat\u00f3rios sobre viol\u00eancia nas escolas. Os entes federativos que aderirem ao programa dever\u00e3o compartilhar e integrar seus bancos de dados sobre a viol\u00eancia escolar com o Sistema Nacional de Informa\u00e7\u00f5es de Seguran\u00e7a P\u00fablica (Sinesp).<\/p>\n<p><strong>Redes sociais<\/strong><br \/>\nO Minist\u00e9rio da Justi\u00e7a e Seguran\u00e7a P\u00fablica tamb\u00e9m informou que a pasta prepara a publica\u00e7\u00e3o de uma portaria que trata sobre responsabilidades e obriga\u00e7\u00f5es das plataformas, dos meios de comunica\u00e7\u00e3o eletr\u00f4nica, dos provedores de conte\u00fado e de terceiros sobre modera\u00e7\u00e3o ativa para conte\u00fados violentos na internet e outros meios.<\/p>\n<p>Na \u00faltima segunda-feira (10), Fl\u00e1vio Dino se reuniu com representantes de plataformas digitais e exigiu a cria\u00e7\u00e3o de canais abertos e \u00e1geis para atender solicita\u00e7\u00f5es das autoridades policiais sobre conte\u00fados com apologia \u00e0 viol\u00eancia e amea\u00e7as a escolas nas redes sociais, como a retirada desses perfis. Na ocasi\u00e3o, participaram da reuni\u00e3o representantes das empresas Meta (Facebook e Instagram), Kwai, Tik Tok, Twitter, YouTube, Google e WhatsApp.<\/p>\n<p>O ministro cobrou ainda o monitoramento ativo das plataformas em rela\u00e7\u00e3o a amea\u00e7as. As plataformas ser\u00e3o notificadas formalmente nesta semana sobre os perfis e conte\u00fados suspeitos identificados pela pasta da Justi\u00e7a em conjunto com as pol\u00edcias dos estados.<\/p>\n<p><strong>Canal de den\u00fancia<\/strong><br \/>\nDen\u00fancias sobre amea\u00e7as de ataques podem ser feitas ao canal Escola Segura, criado pelo Minist\u00e9rio da Justi\u00e7a e Seguran\u00e7a P\u00fablica, em parceria com SaferNet Brasil. As informa\u00e7\u00f5es enviadas ao canal ser\u00e3o mantidas sob sigilo e n\u00e3o h\u00e1 identifica\u00e7\u00e3o do denunciante.<\/p>\n<p>Acesse o\u00a0<a href=\"https:\/\/www.gov.br\/mj\/pt-br\/escolasegura\" target=\"_blank\" rel=\"noopener\">site<\/a>\u00a0para fazer uma den\u00fancia.<\/p>\n<p>Em caso de emerg\u00eancia, a orienta\u00e7\u00e3o \u00e9 ligar para o 190 ou para a delegacia de pol\u00edcia mais pr\u00f3xima.<\/p>\n","protected":false},"excerpt":{"rendered":"<p>O ministro da Justi\u00e7a e Seguran\u00e7a P\u00fablica, Fl\u00e1vio Dino, assinou o edital de chamamento p\u00fablico para ampliar o programa de seguran\u00e7a nas escolas. A medida j\u00e1 havia sido anunciada na semana passada, ap\u00f3s o massacre ocorrido em uma creche de Blumenau (SC). Ao todo, ser\u00e3o investidos R$ 150 milh\u00f5es com recursos do Fundo Nacional de [&hellip;]<\/p>\n","protected":false},"author":2,"featured_media":302906,"comment_status":"closed","ping_status":"closed","sticky":false,"template":"","format":"standard","meta":{"_acf_changed":false,"footnotes":""},"categories":[161],"tags":[95],"class_list":["post-302905","post","type-post","status-publish","format-standard","has-post-thumbnail","hentry","category-quadradinho-em-foco","tag-capa"],"acf":[],"yoast_head":"<!-- This site is optimized with the Yoast SEO plugin v27.2 - https:\/\/yoast.com\/product\/yoast-seo-wordpress\/ -->\n<title>Justi\u00e7a lan\u00e7a edital para ampliar seguran\u00e7a nas escolas - Notibras<\/title>\n<meta name=\"robots\" content=\"index, follow, max-snippet:-1, max-image-preview:large, max-video-preview:-1\" \/>\n<link rel=\"canonical\" href=\"https:\/\/www.notibras.com\/site\/justica-lanca-edital-para-ampliar-seguranca-nas-escolas\/\" \/>\n<meta property=\"og:locale\" content=\"pt_BR\" \/>\n<meta property=\"og:type\" content=\"article\" \/>\n<meta property=\"og:title\" content=\"Justi\u00e7a lan\u00e7a edital para ampliar seguran\u00e7a nas escolas - Notibras\" \/>\n<meta property=\"og:description\" content=\"O ministro da Justi\u00e7a e Seguran\u00e7a P\u00fablica, Fl\u00e1vio Dino, assinou o edital de chamamento p\u00fablico para ampliar o programa de seguran\u00e7a nas escolas. A medida j\u00e1 havia sido anunciada na semana passada, ap\u00f3s o massacre ocorrido em uma creche de Blumenau (SC). Ao todo, ser\u00e3o investidos R$ 150 milh\u00f5es com recursos do Fundo Nacional de [&hellip;]\" \/>\n<meta property=\"og:url\" content=\"https:\/\/www.notibras.com\/site\/justica-lanca-edital-para-ampliar-seguranca-nas-escolas\/\" \/>\n<meta property=\"og:site_name\" content=\"Notibras\" \/>\n<meta property=\"article:publisher\" content=\"https:\/\/www.facebook.com\/notibras\/\" \/>\n<meta property=\"article:published_time\" content=\"2023-04-12T03:00:17+00:00\" \/>\n<meta property=\"article:modified_time\" content=\"2023-04-12T10:30:59+00:00\" \/>\n<meta property=\"og:image\" content=\"https:\/\/www.notibras.com\/site\/wp-content\/uploads\/2023\/04\/rvrsa_abr_13031913030.jpg\" \/>\n\t<meta property=\"og:image:width\" content=\"1170\" \/>\n\t<meta property=\"og:image:height\" content=\"700\" \/>\n\t<meta property=\"og:image:type\" content=\"image\/jpeg\" \/>\n<meta name=\"author\" content=\"Reda\u00e7\u00e3o\" \/>\n<meta name=\"twitter:card\" content=\"summary_large_image\" \/>\n<meta name=\"twitter:creator\" content=\"@Notibras\" \/>\n<meta name=\"twitter:site\" content=\"@Notibras\" \/>\n<meta name=\"twitter:label1\" content=\"Escrito por\" \/>\n\t<meta name=\"twitter:data1\" content=\"Reda\u00e7\u00e3o\" \/>\n\t<meta name=\"twitter:label2\" content=\"Est. tempo de leitura\" \/>\n\t<meta name=\"twitter:data2\" content=\"3 minutos\" \/>\n<script type=\"application\/ld+json\" class=\"yoast-schema-graph\">{\"@context\":\"https:\/\/schema.org\",\"@graph\":[{\"@type\":\"Article\",\"@id\":\"https:\/\/www.notibras.com\/site\/justica-lanca-edital-para-ampliar-seguranca-nas-escolas\/#article\",\"isPartOf\":{\"@id\":\"https:\/\/www.notibras.com\/site\/justica-lanca-edital-para-ampliar-seguranca-nas-escolas\/\"},\"author\":{\"name\":\"Reda\u00e7\u00e3o\",\"@id\":\"https:\/\/www.notibras.com\/site\/#\/schema\/person\/36ab0979449956132d3e5b517ea76ac8\"},\"headline\":\"Justi\u00e7a lan\u00e7a edital para ampliar seguran\u00e7a nas escolas\",\"datePublished\":\"2023-04-12T03:00:17+00:00\",\"dateModified\":\"2023-04-12T10:30:59+00:00\",\"mainEntityOfPage\":{\"@id\":\"https:\/\/www.notibras.com\/site\/justica-lanca-edital-para-ampliar-seguranca-nas-escolas\/\"},\"wordCount\":540,\"publisher\":{\"@id\":\"https:\/\/www.notibras.com\/site\/#organization\"},\"image\":{\"@id\":\"https:\/\/www.notibras.com\/site\/justica-lanca-edital-para-ampliar-seguranca-nas-escolas\/#primaryimage\"},\"thumbnailUrl\":\"https:\/\/www.notibras.com\/site\/wp-content\/uploads\/2023\/04\/rvrsa_abr_13031913030.jpg\",\"keywords\":[\"capa\"],\"articleSection\":[\"Quadradinho em Foco\"],\"inLanguage\":\"pt-BR\"},{\"@type\":\"WebPage\",\"@id\":\"https:\/\/www.notibras.com\/site\/justica-lanca-edital-para-ampliar-seguranca-nas-escolas\/\",\"url\":\"https:\/\/www.notibras.com\/site\/justica-lanca-edital-para-ampliar-seguranca-nas-escolas\/\",\"name\":\"Justi\u00e7a lan\u00e7a edital para ampliar seguran\u00e7a nas escolas - Notibras\",\"isPartOf\":{\"@id\":\"https:\/\/www.notibras.com\/site\/#website\"},\"primaryImageOfPage\":{\"@id\":\"https:\/\/www.notibras.com\/site\/justica-lanca-edital-para-ampliar-seguranca-nas-escolas\/#primaryimage\"},\"image\":{\"@id\":\"https:\/\/www.notibras.com\/site\/justica-lanca-edital-para-ampliar-seguranca-nas-escolas\/#primaryimage\"},\"thumbnailUrl\":\"https:\/\/www.notibras.com\/site\/wp-content\/uploads\/2023\/04\/rvrsa_abr_13031913030.jpg\",\"datePublished\":\"2023-04-12T03:00:17+00:00\",\"dateModified\":\"2023-04-12T10:30:59+00:00\",\"breadcrumb\":{\"@id\":\"https:\/\/www.notibras.com\/site\/justica-lanca-edital-para-ampliar-seguranca-nas-escolas\/#breadcrumb\"},\"inLanguage\":\"pt-BR\",\"potentialAction\":[{\"@type\":\"ReadAction\",\"target\":[\"https:\/\/www.notibras.com\/site\/justica-lanca-edital-para-ampliar-seguranca-nas-escolas\/\"]}]},{\"@type\":\"ImageObject\",\"inLanguage\":\"pt-BR\",\"@id\":\"https:\/\/www.notibras.com\/site\/justica-lanca-edital-para-ampliar-seguranca-nas-escolas\/#primaryimage\",\"url\":\"https:\/\/www.notibras.com\/site\/wp-content\/uploads\/2023\/04\/rvrsa_abr_13031913030.jpg\",\"contentUrl\":\"https:\/\/www.notibras.com\/site\/wp-content\/uploads\/2023\/04\/rvrsa_abr_13031913030.jpg\",\"width\":1170,\"height\":700,\"caption\":\"Tiroteio na Escola Estadual Professor Raul Brasil, em Suzano, a 57 quil\u00f4metros de S\u00e3o Paulo, deixou mortos e feridos. Segundo a Pol\u00edcia Militar, dois jovens armados e encapuzados invadiram o col\u00e9gio e disparam contra os alunos.\"},{\"@type\":\"BreadcrumbList\",\"@id\":\"https:\/\/www.notibras.com\/site\/justica-lanca-edital-para-ampliar-seguranca-nas-escolas\/#breadcrumb\",\"itemListElement\":[{\"@type\":\"ListItem\",\"position\":1,\"name\":\"In\u00edcio\",\"item\":\"https:\/\/www.notibras.com\/site\/\"},{\"@type\":\"ListItem\",\"position\":2,\"name\":\"Justi\u00e7a lan\u00e7a edital para ampliar seguran\u00e7a nas escolas\"}]},{\"@type\":\"WebSite\",\"@id\":\"https:\/\/www.notibras.com\/site\/#website\",\"url\":\"https:\/\/www.notibras.com\/site\/\",\"name\":\"Notibras\",\"description\":\"Not\u00edcias de Bras\u00edlia, do Brasil e do Mundo\",\"publisher\":{\"@id\":\"https:\/\/www.notibras.com\/site\/#organization\"},\"potentialAction\":[{\"@type\":\"SearchAction\",\"target\":{\"@type\":\"EntryPoint\",\"urlTemplate\":\"https:\/\/www.notibras.com\/site\/?s={search_term_string}\"},\"query-input\":{\"@type\":\"PropertyValueSpecification\",\"valueRequired\":true,\"valueName\":\"search_term_string\"}}],\"inLanguage\":\"pt-BR\"},{\"@type\":\"Organization\",\"@id\":\"https:\/\/www.notibras.com\/site\/#organization\",\"name\":\"Grupo Notibras de Comunica\u00e7\u00e3o\",\"url\":\"https:\/\/www.notibras.com\/site\/\",\"logo\":{\"@type\":\"ImageObject\",\"inLanguage\":\"pt-BR\",\"@id\":\"https:\/\/www.notibras.com\/site\/#\/schema\/logo\/image\/\",\"url\":\"https:\/\/www.notibras.com\/site\/wp-content\/uploads\/2023\/01\/notibras23.png\",\"contentUrl\":\"https:\/\/www.notibras.com\/site\/wp-content\/uploads\/2023\/01\/notibras23.png\",\"width\":350,\"height\":87,\"caption\":\"Grupo Notibras de Comunica\u00e7\u00e3o\"},\"image\":{\"@id\":\"https:\/\/www.notibras.com\/site\/#\/schema\/logo\/image\/\"},\"sameAs\":[\"https:\/\/www.facebook.com\/notibras\/\",\"https:\/\/x.com\/Notibras\",\"https:\/\/www.instagram.com\/notibras\/\"]},{\"@type\":\"Person\",\"@id\":\"https:\/\/www.notibras.com\/site\/#\/schema\/person\/36ab0979449956132d3e5b517ea76ac8\",\"name\":\"Reda\u00e7\u00e3o\",\"image\":{\"@type\":\"ImageObject\",\"inLanguage\":\"pt-BR\",\"@id\":\"https:\/\/secure.gravatar.com\/avatar\/e0a867bdedb85fd243eadf09663511f96fc81e0720a4a42581f334ad4303aa6b?s=96&d=mm&r=g\",\"url\":\"https:\/\/secure.gravatar.com\/avatar\/e0a867bdedb85fd243eadf09663511f96fc81e0720a4a42581f334ad4303aa6b?s=96&d=mm&r=g\",\"contentUrl\":\"https:\/\/secure.gravatar.com\/avatar\/e0a867bdedb85fd243eadf09663511f96fc81e0720a4a42581f334ad4303aa6b?s=96&d=mm&r=g\",\"caption\":\"Reda\u00e7\u00e3o\"}}]}<\/script>\n<!-- \/ Yoast SEO plugin. -->","yoast_head_json":{"title":"Justi\u00e7a lan\u00e7a edital para ampliar seguran\u00e7a nas escolas - Notibras","robots":{"index":"index","follow":"follow","max-snippet":"max-snippet:-1","max-image-preview":"max-image-preview:large","max-video-preview":"max-video-preview:-1"},"canonical":"https:\/\/www.notibras.com\/site\/justica-lanca-edital-para-ampliar-seguranca-nas-escolas\/","og_locale":"pt_BR","og_type":"article","og_title":"Justi\u00e7a lan\u00e7a edital para ampliar seguran\u00e7a nas escolas - Notibras","og_description":"O ministro da Justi\u00e7a e Seguran\u00e7a P\u00fablica, Fl\u00e1vio Dino, assinou o edital de chamamento p\u00fablico para ampliar o programa de seguran\u00e7a nas escolas. A medida j\u00e1 havia sido anunciada na semana passada, ap\u00f3s o massacre ocorrido em uma creche de Blumenau (SC). Ao todo, ser\u00e3o investidos R$ 150 milh\u00f5es com recursos do Fundo Nacional de [&hellip;]","og_url":"https:\/\/www.notibras.com\/site\/justica-lanca-edital-para-ampliar-seguranca-nas-escolas\/","og_site_name":"Notibras","article_publisher":"https:\/\/www.facebook.com\/notibras\/","article_published_time":"2023-04-12T03:00:17+00:00","article_modified_time":"2023-04-12T10:30:59+00:00","og_image":[{"width":1170,"height":700,"url":"https:\/\/www.notibras.com\/site\/wp-content\/uploads\/2023\/04\/rvrsa_abr_13031913030.jpg","type":"image\/jpeg"}],"author":"Reda\u00e7\u00e3o","twitter_card":"summary_large_image","twitter_creator":"@Notibras","twitter_site":"@Notibras","twitter_misc":{"Escrito por":"Reda\u00e7\u00e3o","Est. tempo de leitura":"3 minutos"},"schema":{"@context":"https:\/\/schema.org","@graph":[{"@type":"Article","@id":"https:\/\/www.notibras.com\/site\/justica-lanca-edital-para-ampliar-seguranca-nas-escolas\/#article","isPartOf":{"@id":"https:\/\/www.notibras.com\/site\/justica-lanca-edital-para-ampliar-seguranca-nas-escolas\/"},"author":{"name":"Reda\u00e7\u00e3o","@id":"https:\/\/www.notibras.com\/site\/#\/schema\/person\/36ab0979449956132d3e5b517ea76ac8"},"headline":"Justi\u00e7a lan\u00e7a edital para ampliar seguran\u00e7a nas escolas","datePublished":"2023-04-12T03:00:17+00:00","dateModified":"2023-04-12T10:30:59+00:00","mainEntityOfPage":{"@id":"https:\/\/www.notibras.com\/site\/justica-lanca-edital-para-ampliar-seguranca-nas-escolas\/"},"wordCount":540,"publisher":{"@id":"https:\/\/www.notibras.com\/site\/#organization"},"image":{"@id":"https:\/\/www.notibras.com\/site\/justica-lanca-edital-para-ampliar-seguranca-nas-escolas\/#primaryimage"},"thumbnailUrl":"https:\/\/www.notibras.com\/site\/wp-content\/uploads\/2023\/04\/rvrsa_abr_13031913030.jpg","keywords":["capa"],"articleSection":["Quadradinho em Foco"],"inLanguage":"pt-BR"},{"@type":"WebPage","@id":"https:\/\/www.notibras.com\/site\/justica-lanca-edital-para-ampliar-seguranca-nas-escolas\/","url":"https:\/\/www.notibras.com\/site\/justica-lanca-edital-para-ampliar-seguranca-nas-escolas\/","name":"Justi\u00e7a lan\u00e7a edital para ampliar seguran\u00e7a nas escolas - Notibras","isPartOf":{"@id":"https:\/\/www.notibras.com\/site\/#website"},"primaryImageOfPage":{"@id":"https:\/\/www.notibras.com\/site\/justica-lanca-edital-para-ampliar-seguranca-nas-escolas\/#primaryimage"},"image":{"@id":"https:\/\/www.notibras.com\/site\/justica-lanca-edital-para-ampliar-seguranca-nas-escolas\/#primaryimage"},"thumbnailUrl":"https:\/\/www.notibras.com\/site\/wp-content\/uploads\/2023\/04\/rvrsa_abr_13031913030.jpg","datePublished":"2023-04-12T03:00:17+00:00","dateModified":"2023-04-12T10:30:59+00:00","breadcrumb":{"@id":"https:\/\/www.notibras.com\/site\/justica-lanca-edital-para-ampliar-seguranca-nas-escolas\/#breadcrumb"},"inLanguage":"pt-BR","potentialAction":[{"@type":"ReadAction","target":["https:\/\/www.notibras.com\/site\/justica-lanca-edital-para-ampliar-seguranca-nas-escolas\/"]}]},{"@type":"ImageObject","inLanguage":"pt-BR","@id":"https:\/\/www.notibras.com\/site\/justica-lanca-edital-para-ampliar-seguranca-nas-escolas\/#primaryimage","url":"https:\/\/www.notibras.com\/site\/wp-content\/uploads\/2023\/04\/rvrsa_abr_13031913030.jpg","contentUrl":"https:\/\/www.notibras.com\/site\/wp-content\/uploads\/2023\/04\/rvrsa_abr_13031913030.jpg","width":1170,"height":700,"caption":"Tiroteio na Escola Estadual Professor Raul Brasil, em Suzano, a 57 quil\u00f4metros de S\u00e3o Paulo, deixou mortos e feridos. Segundo a Pol\u00edcia Militar, dois jovens armados e encapuzados invadiram o col\u00e9gio e disparam contra os alunos."},{"@type":"BreadcrumbList","@id":"https:\/\/www.notibras.com\/site\/justica-lanca-edital-para-ampliar-seguranca-nas-escolas\/#breadcrumb","itemListElement":[{"@type":"ListItem","position":1,"name":"In\u00edcio","item":"https:\/\/www.notibras.com\/site\/"},{"@type":"ListItem","position":2,"name":"Justi\u00e7a lan\u00e7a edital para ampliar seguran\u00e7a nas escolas"}]},{"@type":"WebSite","@id":"https:\/\/www.notibras.com\/site\/#website","url":"https:\/\/www.notibras.com\/site\/","name":"Notibras","description":"Not\u00edcias de Bras\u00edlia, do Brasil e do Mundo","publisher":{"@id":"https:\/\/www.notibras.com\/site\/#organization"},"potentialAction":[{"@type":"SearchAction","target":{"@type":"EntryPoint","urlTemplate":"https:\/\/www.notibras.com\/site\/?s={search_term_string}"},"query-input":{"@type":"PropertyValueSpecification","valueRequired":true,"valueName":"search_term_string"}}],"inLanguage":"pt-BR"},{"@type":"Organization","@id":"https:\/\/www.notibras.com\/site\/#organization","name":"Grupo Notibras de Comunica\u00e7\u00e3o","url":"https:\/\/www.notibras.com\/site\/","logo":{"@type":"ImageObject","inLanguage":"pt-BR","@id":"https:\/\/www.notibras.com\/site\/#\/schema\/logo\/image\/","url":"https:\/\/www.notibras.com\/site\/wp-content\/uploads\/2023\/01\/notibras23.png","contentUrl":"https:\/\/www.notibras.com\/site\/wp-content\/uploads\/2023\/01\/notibras23.png","width":350,"height":87,"caption":"Grupo Notibras de Comunica\u00e7\u00e3o"},"image":{"@id":"https:\/\/www.notibras.com\/site\/#\/schema\/logo\/image\/"},"sameAs":["https:\/\/www.facebook.com\/notibras\/","https:\/\/x.com\/Notibras","https:\/\/www.instagram.com\/notibras\/"]},{"@type":"Person","@id":"https:\/\/www.notibras.com\/site\/#\/schema\/person\/36ab0979449956132d3e5b517ea76ac8","name":"Reda\u00e7\u00e3o","image":{"@type":"ImageObject","inLanguage":"pt-BR","@id":"https:\/\/secure.gravatar.com\/avatar\/e0a867bdedb85fd243eadf09663511f96fc81e0720a4a42581f334ad4303aa6b?s=96&d=mm&r=g","url":"https:\/\/secure.gravatar.com\/avatar\/e0a867bdedb85fd243eadf09663511f96fc81e0720a4a42581f334ad4303aa6b?s=96&d=mm&r=g","contentUrl":"https:\/\/secure.gravatar.com\/avatar\/e0a867bdedb85fd243eadf09663511f96fc81e0720a4a42581f334ad4303aa6b?s=96&d=mm&r=g","caption":"Reda\u00e7\u00e3o"}}]}},"amp_enabled":true,"_links":{"self":[{"href":"https:\/\/www.notibras.com\/site\/wp-json\/wp\/v2\/posts\/302905","targetHints":{"allow":["GET"]}}],"collection":[{"href":"https:\/\/www.notibras.com\/site\/wp-json\/wp\/v2\/posts"}],"about":[{"href":"https:\/\/www.notibras.com\/site\/wp-json\/wp\/v2\/types\/post"}],"author":[{"embeddable":true,"href":"https:\/\/www.notibras.com\/site\/wp-json\/wp\/v2\/users\/2"}],"replies":[{"embeddable":true,"href":"https:\/\/www.notibras.com\/site\/wp-json\/wp\/v2\/comments?post=302905"}],"version-history":[{"count":1,"href":"https:\/\/www.notibras.com\/site\/wp-json\/wp\/v2\/posts\/302905\/revisions"}],"predecessor-version":[{"id":302907,"href":"https:\/\/www.notibras.com\/site\/wp-json\/wp\/v2\/posts\/302905\/revisions\/302907"}],"wp:featuredmedia":[{"embeddable":true,"href":"https:\/\/www.notibras.com\/site\/wp-json\/wp\/v2\/media\/302906"}],"wp:attachment":[{"href":"https:\/\/www.notibras.com\/site\/wp-json\/wp\/v2\/media?parent=302905"}],"wp:term":[{"taxonomy":"category","embeddable":true,"href":"https:\/\/www.notibras.com\/site\/wp-json\/wp\/v2\/categories?post=302905"},{"taxonomy":"post_tag","embeddable":true,"href":"https:\/\/www.notibras.com\/site\/wp-json\/wp\/v2\/tags?post=302905"}],"curies":[{"name":"wp","href":"https:\/\/api.w.org\/{rel}","templated":true}]}}