{"id":302911,"date":"2023-04-12T06:42:15","date_gmt":"2023-04-12T09:42:15","guid":{"rendered":"https:\/\/www.notibras.com\/site\/?p=302911"},"modified":"2023-04-12T07:45:41","modified_gmt":"2023-04-12T10:45:41","slug":"formacao-de-professores-vira-gargalo-no-uso-de-tecnologia","status":"publish","type":"post","link":"https:\/\/www.notibras.com\/site\/formacao-de-professores-vira-gargalo-no-uso-de-tecnologia\/","title":{"rendered":"Forma\u00e7\u00e3o de professores vira gargalo no uso de tecnologia"},"content":{"rendered":"<p>Estudo do British Council &#8211; organiza\u00e7\u00e3o internacional do Reino Unido para rela\u00e7\u00f5es culturais e oportunidades educacionais &#8211; mostra que a forma\u00e7\u00e3o docente \u00e9 um dos mais graves empecilhos ao uso de tecnologia em laborat\u00f3rios ou em sala de aula. Paralelamente a essa quest\u00e3o, as escolas brasileiras enfrentam problemas de infraestrutura.<\/p>\n<p>Os dados constam do estudo <em>O ensino de ci\u00eancias da natureza e suas tecnologias na educa\u00e7\u00e3o b\u00e1sica brasileira \u2013 um panorama entre os anos de 2010 e 2020<\/em>, feito em parceria com a Funda\u00e7\u00e3o Carlos Chagas. A pesquisa bibliogr\u00e1fica e documental tem o objetivo de inventariar e descrever aspectos fundamentais para o desenvolvimento da educa\u00e7\u00e3o STEM (ci\u00eancias, tecnologia, engenharia e matem\u00e1tica, na sigla em ingl\u00eas).<\/p>\n<p>Segundo o levantamento, o Centro de Inova\u00e7\u00e3o para a Educa\u00e7\u00e3o Brasileira (Cieb) traz em seu site uma autoavalia\u00e7\u00e3o feita por mais de 100 mil professores brasileiros de educa\u00e7\u00e3o b\u00e1sica, mostrando que n\u00e3o se sentem aptos a utilizar a tecnologia para nada al\u00e9m daquilo que fazem em sua vida pessoal.<\/p>\n<p>\u201cH\u00e1 outro entrave de forma\u00e7\u00e3o a ser superado o quanto antes: a maioria dos professores diz que n\u00e3o sabe utilizar a tecnologia para o seu pr\u00f3prio desenvolvimento profissional, ou seja, para fazer cursos online ou autoavalia\u00e7\u00e3o online. \u00c9 uma compet\u00eancia a ser desenvolvida para que as a\u00e7\u00f5es de gest\u00e3o deem mais resultados\u201d, diz a pesquisa.<\/p>\n<p>Em rela\u00e7\u00e3o \u00e0 infraestrutura, dois tipos principais de car\u00eancias atrapalham as escolas: a baixa conectividade, desafio de porte para um pa\u00eds com a extens\u00e3o territorial do Brasil, e a dificuldade de acesso a computadores, tablets e outros suportes. \u201cPara se ter uma ideia, os pa\u00edses da Organiza\u00e7\u00e3o para Coopera\u00e7\u00e3o e Desenvolvimento Econ\u00f4mico (OCDE) t\u00eam uma m\u00e9dia de cinco alunos por computador, enquanto no Brasil esse n\u00famero sobe para 35 ou mais\u201d, aponta o documento.<\/p>\n<p>A pesquisa destaca que uma \u201cquest\u00e3o crucial para o bom ensino de ci\u00eancias \u00e9 a forma\u00e7\u00e3o continuada, que deveria complementar e atualizar conceitos num mundo sempre em muta\u00e7\u00e3o, com novas descobertas\u201d.<\/p>\n<p>\u201cA forma de ensinar ci\u00eancias tem mudado com celeridade, e o British Council busca compartilhar boas pr\u00e1ticas do Reino Unido em ensino de STEM, incentivando trocas e parcerias com o Brasil\u201d, disse, em nota, a diretora de Engajamento Cultural do British Council Brasil, Diana Daste. \u201cEssa pesquisa tem o papel de fomentar reflex\u00f5es e conversas que possam contribuir com os profissionais e pesquisadores no di\u00e1logo sobre as pol\u00edticas p\u00fablicas para ensino de ci\u00eancias e tecnologia.\u201d<\/p>\n<p><strong>Tecnologia e ci\u00eancias<\/strong><br \/>\nSegundo o levantamento, a computa\u00e7\u00e3o pode colaborar fortemente com o aprendizado em outras \u00e1reas, como ci\u00eancias da natureza. Al\u00e9m disso, \u00e9 \u00e1rea estrat\u00e9gica para a sociedade contempor\u00e2nea e uma das mais atrativas do mercado de trabalho.<\/p>\n<p>No entanto, o estudo mostra que essa realidade ainda n\u00e3o foi transposta, como poderia, para o universo da educa\u00e7\u00e3o. A pesquisa indica varia\u00e7\u00e3o levemente declinante no n\u00famero de matr\u00edculas para licenciaturas de ci\u00eancias da computa\u00e7\u00e3o entre 2015 e 2019. Pelos dados do Censo da Educa\u00e7\u00e3o Superior, as maiores quedas se deram nas universidades estaduais e privadas, com decr\u00e9scimo de 14,5% e 21,9% respectivamente, enquanto as federais tiveram crescimento de 104,8%.<\/p>\n<p>De acordo com a an\u00e1lise, a explica\u00e7\u00e3o para esse quadro envolve algumas variantes, como a baixa atratividade financeira para a carreira docente. Existe, por\u00e9m, a expectativa de que a implementa\u00e7\u00e3o da Pol\u00edtica Nacional de Educa\u00e7\u00e3o Digital, aprovada em dezembro de 2022 e sancionada em janeiro de 2023, torne mais atrativa a carreira docente na \u00e1rea de ci\u00eancias e tecnologia. O PL 4.513\/2020 estabelece a\u00e7\u00f5es para ampliar o acesso \u00e0 tecnologia em cinco frentes: inclus\u00e3o digital, educa\u00e7\u00e3o digital, capacita\u00e7\u00e3o, especializa\u00e7\u00e3o digital e pesquisa digital.<\/p>\n<p>Outro dado que chama a aten\u00e7\u00e3o \u00e9 o aumento da presen\u00e7a do Ensino a Dist\u00e2ncia (EAD). Entre as licenciaturas selecionadas para o estudo, entre 2010 e 2019, os maiores crescimentos na EAD foram nas \u00e1reas de matem\u00e1tica (46,5%) e computa\u00e7\u00e3o (46%).<\/p>\n<p>As autoras da pesquisa levantam a possibilidade de a mobiliza\u00e7\u00e3o para abertura de cursos na \u00e1rea de matem\u00e1tica, al\u00e9m de necess\u00e1ria pela import\u00e2ncia da disciplina e pela demanda por esse profissional, ser mais simples em termos de infraestrutura para as institui\u00e7\u00f5es de ensino superior. \u201cAfinal, esse crescimento n\u00e3o foi acompanhado por disciplinas que, idealmente, demandam a montagem de laborat\u00f3rios, como f\u00edsica, qu\u00edmica e biologia, que exigem maior aporte financeiro para sua oferta\u201d.<\/p>\n<p><strong>Moderniza\u00e7\u00e3o do ensino<\/strong><br \/>\nA necessidade da moderniza\u00e7\u00e3o do ensino de ci\u00eancias no pa\u00eds \u00e9 um dado recorrente na pesquisa. Os pontos de aten\u00e7\u00e3o levantados incluem, por exemplo, o acesso reduzido a materiais de laborat\u00f3rio e os desafios enfrentados pelos docentes no processo de inser\u00e7\u00e3o e desenvolvimento do letramento cient\u00edfico na rotina da escola b\u00e1sica.<\/p>\n<p>Outro cen\u00e1rio apontado \u00e9 a necessidade de ambiente prop\u00edcio para a amplia\u00e7\u00e3o do curr\u00edculo de ci\u00eancias e tecnologias com assuntos interdisciplinares, que envolvam temas como g\u00eanero e ra\u00e7a.<\/p>\n<p>Entre as recomenda\u00e7\u00f5es que o estudo prop\u00f5e, destaca-se como fundamental a amplia\u00e7\u00e3o da forma\u00e7\u00e3o continuada e troca de experi\u00eancias docentes.<\/p>\n","protected":false},"excerpt":{"rendered":"<p>Estudo do British Council &#8211; organiza\u00e7\u00e3o internacional do Reino Unido para rela\u00e7\u00f5es culturais e oportunidades educacionais &#8211; mostra que a forma\u00e7\u00e3o docente \u00e9 um dos mais graves empecilhos ao uso de tecnologia em laborat\u00f3rios ou em sala de aula. Paralelamente a essa quest\u00e3o, as escolas brasileiras enfrentam problemas de infraestrutura. Os dados constam do estudo [&hellip;]<\/p>\n","protected":false},"author":2,"featured_media":302912,"comment_status":"closed","ping_status":"closed","sticky":false,"template":"","format":"standard","meta":{"_acf_changed":false,"footnotes":""},"categories":[161],"tags":[],"class_list":["post-302911","post","type-post","status-publish","format-standard","has-post-thumbnail","hentry","category-quadradinho-em-foco"],"acf":[],"yoast_head":"<!-- This site is optimized with the Yoast SEO plugin v27.2 - https:\/\/yoast.com\/product\/yoast-seo-wordpress\/ -->\n<title>Forma\u00e7\u00e3o de professores vira gargalo no uso de tecnologia - Notibras<\/title>\n<meta name=\"robots\" content=\"index, follow, max-snippet:-1, max-image-preview:large, max-video-preview:-1\" \/>\n<link rel=\"canonical\" href=\"https:\/\/www.notibras.com\/site\/formacao-de-professores-vira-gargalo-no-uso-de-tecnologia\/\" \/>\n<meta property=\"og:locale\" content=\"pt_BR\" \/>\n<meta property=\"og:type\" content=\"article\" \/>\n<meta property=\"og:title\" content=\"Forma\u00e7\u00e3o de professores vira gargalo no uso de tecnologia - Notibras\" \/>\n<meta property=\"og:description\" content=\"Estudo do British Council &#8211; organiza\u00e7\u00e3o internacional do Reino Unido para rela\u00e7\u00f5es culturais e oportunidades educacionais &#8211; mostra que a forma\u00e7\u00e3o docente \u00e9 um dos mais graves empecilhos ao uso de tecnologia em laborat\u00f3rios ou em sala de aula. Paralelamente a essa quest\u00e3o, as escolas brasileiras enfrentam problemas de infraestrutura. Os dados constam do estudo [&hellip;]\" \/>\n<meta property=\"og:url\" content=\"https:\/\/www.notibras.com\/site\/formacao-de-professores-vira-gargalo-no-uso-de-tecnologia\/\" \/>\n<meta property=\"og:site_name\" content=\"Notibras\" \/>\n<meta property=\"article:publisher\" content=\"https:\/\/www.facebook.com\/notibras\/\" \/>\n<meta property=\"article:published_time\" content=\"2023-04-12T09:42:15+00:00\" \/>\n<meta property=\"article:modified_time\" content=\"2023-04-12T10:45:41+00:00\" \/>\n<meta property=\"og:image\" content=\"https:\/\/www.notibras.com\/site\/wp-content\/uploads\/2023\/04\/09_07_2020_teletrabalho-4-1.jpg\" \/>\n\t<meta property=\"og:image:width\" content=\"1170\" \/>\n\t<meta property=\"og:image:height\" content=\"700\" \/>\n\t<meta property=\"og:image:type\" content=\"image\/jpeg\" \/>\n<meta name=\"author\" content=\"Reda\u00e7\u00e3o\" \/>\n<meta name=\"twitter:card\" content=\"summary_large_image\" \/>\n<meta name=\"twitter:creator\" content=\"@Notibras\" \/>\n<meta name=\"twitter:site\" content=\"@Notibras\" \/>\n<meta name=\"twitter:label1\" content=\"Escrito por\" \/>\n\t<meta name=\"twitter:data1\" content=\"Reda\u00e7\u00e3o\" \/>\n\t<meta name=\"twitter:label2\" content=\"Est. tempo de leitura\" \/>\n\t<meta name=\"twitter:data2\" content=\"5 minutos\" \/>\n<script type=\"application\/ld+json\" class=\"yoast-schema-graph\">{\"@context\":\"https:\/\/schema.org\",\"@graph\":[{\"@type\":\"Article\",\"@id\":\"https:\/\/www.notibras.com\/site\/formacao-de-professores-vira-gargalo-no-uso-de-tecnologia\/#article\",\"isPartOf\":{\"@id\":\"https:\/\/www.notibras.com\/site\/formacao-de-professores-vira-gargalo-no-uso-de-tecnologia\/\"},\"author\":{\"name\":\"Reda\u00e7\u00e3o\",\"@id\":\"https:\/\/www.notibras.com\/site\/#\/schema\/person\/36ab0979449956132d3e5b517ea76ac8\"},\"headline\":\"Forma\u00e7\u00e3o de professores vira gargalo no uso de tecnologia\",\"datePublished\":\"2023-04-12T09:42:15+00:00\",\"dateModified\":\"2023-04-12T10:45:41+00:00\",\"mainEntityOfPage\":{\"@id\":\"https:\/\/www.notibras.com\/site\/formacao-de-professores-vira-gargalo-no-uso-de-tecnologia\/\"},\"wordCount\":903,\"publisher\":{\"@id\":\"https:\/\/www.notibras.com\/site\/#organization\"},\"image\":{\"@id\":\"https:\/\/www.notibras.com\/site\/formacao-de-professores-vira-gargalo-no-uso-de-tecnologia\/#primaryimage\"},\"thumbnailUrl\":\"https:\/\/www.notibras.com\/site\/wp-content\/uploads\/2023\/04\/09_07_2020_teletrabalho-4-1.jpg\",\"articleSection\":[\"Quadradinho em Foco\"],\"inLanguage\":\"pt-BR\"},{\"@type\":\"WebPage\",\"@id\":\"https:\/\/www.notibras.com\/site\/formacao-de-professores-vira-gargalo-no-uso-de-tecnologia\/\",\"url\":\"https:\/\/www.notibras.com\/site\/formacao-de-professores-vira-gargalo-no-uso-de-tecnologia\/\",\"name\":\"Forma\u00e7\u00e3o de professores vira gargalo no uso de tecnologia - Notibras\",\"isPartOf\":{\"@id\":\"https:\/\/www.notibras.com\/site\/#website\"},\"primaryImageOfPage\":{\"@id\":\"https:\/\/www.notibras.com\/site\/formacao-de-professores-vira-gargalo-no-uso-de-tecnologia\/#primaryimage\"},\"image\":{\"@id\":\"https:\/\/www.notibras.com\/site\/formacao-de-professores-vira-gargalo-no-uso-de-tecnologia\/#primaryimage\"},\"thumbnailUrl\":\"https:\/\/www.notibras.com\/site\/wp-content\/uploads\/2023\/04\/09_07_2020_teletrabalho-4-1.jpg\",\"datePublished\":\"2023-04-12T09:42:15+00:00\",\"dateModified\":\"2023-04-12T10:45:41+00:00\",\"breadcrumb\":{\"@id\":\"https:\/\/www.notibras.com\/site\/formacao-de-professores-vira-gargalo-no-uso-de-tecnologia\/#breadcrumb\"},\"inLanguage\":\"pt-BR\",\"potentialAction\":[{\"@type\":\"ReadAction\",\"target\":[\"https:\/\/www.notibras.com\/site\/formacao-de-professores-vira-gargalo-no-uso-de-tecnologia\/\"]}]},{\"@type\":\"ImageObject\",\"inLanguage\":\"pt-BR\",\"@id\":\"https:\/\/www.notibras.com\/site\/formacao-de-professores-vira-gargalo-no-uso-de-tecnologia\/#primaryimage\",\"url\":\"https:\/\/www.notibras.com\/site\/wp-content\/uploads\/2023\/04\/09_07_2020_teletrabalho-4-1.jpg\",\"contentUrl\":\"https:\/\/www.notibras.com\/site\/wp-content\/uploads\/2023\/04\/09_07_2020_teletrabalho-4-1.jpg\",\"width\":1170,\"height\":700,\"caption\":\"Teletrabalho, home office ou trabalho remoto.\"},{\"@type\":\"BreadcrumbList\",\"@id\":\"https:\/\/www.notibras.com\/site\/formacao-de-professores-vira-gargalo-no-uso-de-tecnologia\/#breadcrumb\",\"itemListElement\":[{\"@type\":\"ListItem\",\"position\":1,\"name\":\"In\u00edcio\",\"item\":\"https:\/\/www.notibras.com\/site\/\"},{\"@type\":\"ListItem\",\"position\":2,\"name\":\"Forma\u00e7\u00e3o de professores vira gargalo no uso de tecnologia\"}]},{\"@type\":\"WebSite\",\"@id\":\"https:\/\/www.notibras.com\/site\/#website\",\"url\":\"https:\/\/www.notibras.com\/site\/\",\"name\":\"Notibras\",\"description\":\"Not\u00edcias de Bras\u00edlia, do Brasil e do Mundo\",\"publisher\":{\"@id\":\"https:\/\/www.notibras.com\/site\/#organization\"},\"potentialAction\":[{\"@type\":\"SearchAction\",\"target\":{\"@type\":\"EntryPoint\",\"urlTemplate\":\"https:\/\/www.notibras.com\/site\/?s={search_term_string}\"},\"query-input\":{\"@type\":\"PropertyValueSpecification\",\"valueRequired\":true,\"valueName\":\"search_term_string\"}}],\"inLanguage\":\"pt-BR\"},{\"@type\":\"Organization\",\"@id\":\"https:\/\/www.notibras.com\/site\/#organization\",\"name\":\"Grupo Notibras de Comunica\u00e7\u00e3o\",\"url\":\"https:\/\/www.notibras.com\/site\/\",\"logo\":{\"@type\":\"ImageObject\",\"inLanguage\":\"pt-BR\",\"@id\":\"https:\/\/www.notibras.com\/site\/#\/schema\/logo\/image\/\",\"url\":\"https:\/\/www.notibras.com\/site\/wp-content\/uploads\/2023\/01\/notibras23.png\",\"contentUrl\":\"https:\/\/www.notibras.com\/site\/wp-content\/uploads\/2023\/01\/notibras23.png\",\"width\":350,\"height\":87,\"caption\":\"Grupo Notibras de Comunica\u00e7\u00e3o\"},\"image\":{\"@id\":\"https:\/\/www.notibras.com\/site\/#\/schema\/logo\/image\/\"},\"sameAs\":[\"https:\/\/www.facebook.com\/notibras\/\",\"https:\/\/x.com\/Notibras\",\"https:\/\/www.instagram.com\/notibras\/\"]},{\"@type\":\"Person\",\"@id\":\"https:\/\/www.notibras.com\/site\/#\/schema\/person\/36ab0979449956132d3e5b517ea76ac8\",\"name\":\"Reda\u00e7\u00e3o\",\"image\":{\"@type\":\"ImageObject\",\"inLanguage\":\"pt-BR\",\"@id\":\"https:\/\/secure.gravatar.com\/avatar\/e0a867bdedb85fd243eadf09663511f96fc81e0720a4a42581f334ad4303aa6b?s=96&d=mm&r=g\",\"url\":\"https:\/\/secure.gravatar.com\/avatar\/e0a867bdedb85fd243eadf09663511f96fc81e0720a4a42581f334ad4303aa6b?s=96&d=mm&r=g\",\"contentUrl\":\"https:\/\/secure.gravatar.com\/avatar\/e0a867bdedb85fd243eadf09663511f96fc81e0720a4a42581f334ad4303aa6b?s=96&d=mm&r=g\",\"caption\":\"Reda\u00e7\u00e3o\"}}]}<\/script>\n<!-- \/ Yoast SEO plugin. -->","yoast_head_json":{"title":"Forma\u00e7\u00e3o de professores vira gargalo no uso de tecnologia - Notibras","robots":{"index":"index","follow":"follow","max-snippet":"max-snippet:-1","max-image-preview":"max-image-preview:large","max-video-preview":"max-video-preview:-1"},"canonical":"https:\/\/www.notibras.com\/site\/formacao-de-professores-vira-gargalo-no-uso-de-tecnologia\/","og_locale":"pt_BR","og_type":"article","og_title":"Forma\u00e7\u00e3o de professores vira gargalo no uso de tecnologia - Notibras","og_description":"Estudo do British Council &#8211; organiza\u00e7\u00e3o internacional do Reino Unido para rela\u00e7\u00f5es culturais e oportunidades educacionais &#8211; mostra que a forma\u00e7\u00e3o docente \u00e9 um dos mais graves empecilhos ao uso de tecnologia em laborat\u00f3rios ou em sala de aula. Paralelamente a essa quest\u00e3o, as escolas brasileiras enfrentam problemas de infraestrutura. Os dados constam do estudo [&hellip;]","og_url":"https:\/\/www.notibras.com\/site\/formacao-de-professores-vira-gargalo-no-uso-de-tecnologia\/","og_site_name":"Notibras","article_publisher":"https:\/\/www.facebook.com\/notibras\/","article_published_time":"2023-04-12T09:42:15+00:00","article_modified_time":"2023-04-12T10:45:41+00:00","og_image":[{"width":1170,"height":700,"url":"https:\/\/www.notibras.com\/site\/wp-content\/uploads\/2023\/04\/09_07_2020_teletrabalho-4-1.jpg","type":"image\/jpeg"}],"author":"Reda\u00e7\u00e3o","twitter_card":"summary_large_image","twitter_creator":"@Notibras","twitter_site":"@Notibras","twitter_misc":{"Escrito por":"Reda\u00e7\u00e3o","Est. tempo de leitura":"5 minutos"},"schema":{"@context":"https:\/\/schema.org","@graph":[{"@type":"Article","@id":"https:\/\/www.notibras.com\/site\/formacao-de-professores-vira-gargalo-no-uso-de-tecnologia\/#article","isPartOf":{"@id":"https:\/\/www.notibras.com\/site\/formacao-de-professores-vira-gargalo-no-uso-de-tecnologia\/"},"author":{"name":"Reda\u00e7\u00e3o","@id":"https:\/\/www.notibras.com\/site\/#\/schema\/person\/36ab0979449956132d3e5b517ea76ac8"},"headline":"Forma\u00e7\u00e3o de professores vira gargalo no uso de tecnologia","datePublished":"2023-04-12T09:42:15+00:00","dateModified":"2023-04-12T10:45:41+00:00","mainEntityOfPage":{"@id":"https:\/\/www.notibras.com\/site\/formacao-de-professores-vira-gargalo-no-uso-de-tecnologia\/"},"wordCount":903,"publisher":{"@id":"https:\/\/www.notibras.com\/site\/#organization"},"image":{"@id":"https:\/\/www.notibras.com\/site\/formacao-de-professores-vira-gargalo-no-uso-de-tecnologia\/#primaryimage"},"thumbnailUrl":"https:\/\/www.notibras.com\/site\/wp-content\/uploads\/2023\/04\/09_07_2020_teletrabalho-4-1.jpg","articleSection":["Quadradinho em Foco"],"inLanguage":"pt-BR"},{"@type":"WebPage","@id":"https:\/\/www.notibras.com\/site\/formacao-de-professores-vira-gargalo-no-uso-de-tecnologia\/","url":"https:\/\/www.notibras.com\/site\/formacao-de-professores-vira-gargalo-no-uso-de-tecnologia\/","name":"Forma\u00e7\u00e3o de professores vira gargalo no uso de tecnologia - Notibras","isPartOf":{"@id":"https:\/\/www.notibras.com\/site\/#website"},"primaryImageOfPage":{"@id":"https:\/\/www.notibras.com\/site\/formacao-de-professores-vira-gargalo-no-uso-de-tecnologia\/#primaryimage"},"image":{"@id":"https:\/\/www.notibras.com\/site\/formacao-de-professores-vira-gargalo-no-uso-de-tecnologia\/#primaryimage"},"thumbnailUrl":"https:\/\/www.notibras.com\/site\/wp-content\/uploads\/2023\/04\/09_07_2020_teletrabalho-4-1.jpg","datePublished":"2023-04-12T09:42:15+00:00","dateModified":"2023-04-12T10:45:41+00:00","breadcrumb":{"@id":"https:\/\/www.notibras.com\/site\/formacao-de-professores-vira-gargalo-no-uso-de-tecnologia\/#breadcrumb"},"inLanguage":"pt-BR","potentialAction":[{"@type":"ReadAction","target":["https:\/\/www.notibras.com\/site\/formacao-de-professores-vira-gargalo-no-uso-de-tecnologia\/"]}]},{"@type":"ImageObject","inLanguage":"pt-BR","@id":"https:\/\/www.notibras.com\/site\/formacao-de-professores-vira-gargalo-no-uso-de-tecnologia\/#primaryimage","url":"https:\/\/www.notibras.com\/site\/wp-content\/uploads\/2023\/04\/09_07_2020_teletrabalho-4-1.jpg","contentUrl":"https:\/\/www.notibras.com\/site\/wp-content\/uploads\/2023\/04\/09_07_2020_teletrabalho-4-1.jpg","width":1170,"height":700,"caption":"Teletrabalho, home office ou trabalho remoto."},{"@type":"BreadcrumbList","@id":"https:\/\/www.notibras.com\/site\/formacao-de-professores-vira-gargalo-no-uso-de-tecnologia\/#breadcrumb","itemListElement":[{"@type":"ListItem","position":1,"name":"In\u00edcio","item":"https:\/\/www.notibras.com\/site\/"},{"@type":"ListItem","position":2,"name":"Forma\u00e7\u00e3o de professores vira gargalo no uso de tecnologia"}]},{"@type":"WebSite","@id":"https:\/\/www.notibras.com\/site\/#website","url":"https:\/\/www.notibras.com\/site\/","name":"Notibras","description":"Not\u00edcias de Bras\u00edlia, do Brasil e do Mundo","publisher":{"@id":"https:\/\/www.notibras.com\/site\/#organization"},"potentialAction":[{"@type":"SearchAction","target":{"@type":"EntryPoint","urlTemplate":"https:\/\/www.notibras.com\/site\/?s={search_term_string}"},"query-input":{"@type":"PropertyValueSpecification","valueRequired":true,"valueName":"search_term_string"}}],"inLanguage":"pt-BR"},{"@type":"Organization","@id":"https:\/\/www.notibras.com\/site\/#organization","name":"Grupo Notibras de Comunica\u00e7\u00e3o","url":"https:\/\/www.notibras.com\/site\/","logo":{"@type":"ImageObject","inLanguage":"pt-BR","@id":"https:\/\/www.notibras.com\/site\/#\/schema\/logo\/image\/","url":"https:\/\/www.notibras.com\/site\/wp-content\/uploads\/2023\/01\/notibras23.png","contentUrl":"https:\/\/www.notibras.com\/site\/wp-content\/uploads\/2023\/01\/notibras23.png","width":350,"height":87,"caption":"Grupo Notibras de Comunica\u00e7\u00e3o"},"image":{"@id":"https:\/\/www.notibras.com\/site\/#\/schema\/logo\/image\/"},"sameAs":["https:\/\/www.facebook.com\/notibras\/","https:\/\/x.com\/Notibras","https:\/\/www.instagram.com\/notibras\/"]},{"@type":"Person","@id":"https:\/\/www.notibras.com\/site\/#\/schema\/person\/36ab0979449956132d3e5b517ea76ac8","name":"Reda\u00e7\u00e3o","image":{"@type":"ImageObject","inLanguage":"pt-BR","@id":"https:\/\/secure.gravatar.com\/avatar\/e0a867bdedb85fd243eadf09663511f96fc81e0720a4a42581f334ad4303aa6b?s=96&d=mm&r=g","url":"https:\/\/secure.gravatar.com\/avatar\/e0a867bdedb85fd243eadf09663511f96fc81e0720a4a42581f334ad4303aa6b?s=96&d=mm&r=g","contentUrl":"https:\/\/secure.gravatar.com\/avatar\/e0a867bdedb85fd243eadf09663511f96fc81e0720a4a42581f334ad4303aa6b?s=96&d=mm&r=g","caption":"Reda\u00e7\u00e3o"}}]}},"amp_enabled":true,"_links":{"self":[{"href":"https:\/\/www.notibras.com\/site\/wp-json\/wp\/v2\/posts\/302911","targetHints":{"allow":["GET"]}}],"collection":[{"href":"https:\/\/www.notibras.com\/site\/wp-json\/wp\/v2\/posts"}],"about":[{"href":"https:\/\/www.notibras.com\/site\/wp-json\/wp\/v2\/types\/post"}],"author":[{"embeddable":true,"href":"https:\/\/www.notibras.com\/site\/wp-json\/wp\/v2\/users\/2"}],"replies":[{"embeddable":true,"href":"https:\/\/www.notibras.com\/site\/wp-json\/wp\/v2\/comments?post=302911"}],"version-history":[{"count":1,"href":"https:\/\/www.notibras.com\/site\/wp-json\/wp\/v2\/posts\/302911\/revisions"}],"predecessor-version":[{"id":302913,"href":"https:\/\/www.notibras.com\/site\/wp-json\/wp\/v2\/posts\/302911\/revisions\/302913"}],"wp:featuredmedia":[{"embeddable":true,"href":"https:\/\/www.notibras.com\/site\/wp-json\/wp\/v2\/media\/302912"}],"wp:attachment":[{"href":"https:\/\/www.notibras.com\/site\/wp-json\/wp\/v2\/media?parent=302911"}],"wp:term":[{"taxonomy":"category","embeddable":true,"href":"https:\/\/www.notibras.com\/site\/wp-json\/wp\/v2\/categories?post=302911"},{"taxonomy":"post_tag","embeddable":true,"href":"https:\/\/www.notibras.com\/site\/wp-json\/wp\/v2\/tags?post=302911"}],"curies":[{"name":"wp","href":"https:\/\/api.w.org\/{rel}","templated":true}]}}