{"id":302930,"date":"2023-04-12T21:04:24","date_gmt":"2023-04-13T00:04:24","guid":{"rendered":"https:\/\/www.notibras.com\/site\/?p=302930"},"modified":"2023-04-12T21:40:46","modified_gmt":"2023-04-13T00:40:46","slug":"brasilia-vai-virar-polo-turistico-brasileiro-e-mundial","status":"publish","type":"post","link":"https:\/\/www.notibras.com\/site\/brasilia-vai-virar-polo-turistico-brasileiro-e-mundial\/","title":{"rendered":"&#8216;Bras\u00edlia vai virar polo tur\u00edstico brasileiro e mundial&#8217;"},"content":{"rendered":"<p>O secret\u00e1rio de Turismo,\u00a0 Cristiano Ara\u00fajo, far\u00e1 de Bras\u00edlia um grande polo de atra\u00e7\u00e3o tur\u00edstica a n\u00edveis nacional e mundial. Palavra do pr\u00f3prio secret\u00e1rio, durante a 75\u00aa Reuni\u00e3o Ordin\u00e1ria do Conselho de Desenvolvimento do Turismo do Distrito Federal (Condetur), realizada nesta quarta, 12. Esta foi a primeira reuni\u00e3o do ano e contou com participa\u00e7\u00e3o do trade, onde foram apresentados os resultados dos primeiros 100 dias da atual gest\u00e3o, que vem proporcionando uma verdadeira reestrutura\u00e7\u00e3o no local.<\/p>\n<p>Durante o encontro, Cristiano Ara\u00fajo apresentou o novo corpo operacional da Secretaria e apontou a realiza\u00e7\u00e3o das a\u00e7\u00f5es previstas para a gest\u00e3o, com o objetivo de trazer novos v\u00ednculos e novas oportunidades de crescimento para a ind\u00fastria do turismo, mediante estrat\u00e9gias tra\u00e7adas com a colabora\u00e7\u00e3o dos membros do conselho que comp\u00f5em toda a cadeia produtiva do setor.<\/p>\n<p>&#8220;Ressalto que esta gest\u00e3o reconhece a import\u00e2ncia deste colegiado que abrange todos os setores do segmento tur\u00edstico, com os representantes de todos os \u00f3rg\u00e3os e entidades do setor produtivo. Nesta gest\u00e3o vamos trabalhar em parceria com todo o trade, seguindo a miss\u00e3o e a vis\u00e3o da Secretaria que busca fomentar, cada vez mais, Bras\u00edlia por meio da publicidade, para, de fato, vendermos o turismo da capital do pa\u00eds nacional e internacionalmente\u201d, afirmou o secret\u00e1rio.<\/p>\n<p>A promo\u00e7\u00e3o de Bras\u00edlia contar\u00e1 com o apoio e o trabalho da Secretaria de Rela\u00e7\u00f5es Internacionais. O secret\u00e1rio Paco Britto participou da reuni\u00e3o e refor\u00e7ou a necessidade de um trabalho conjunto, em busca de uma promo\u00e7\u00e3o tur\u00edstica cada vez mais eficaz. &#8220;O Condetur \u00e9 muito importante para o Distrito Federal, para que possamos juntos com a sociedade civil, e com a orienta\u00e7\u00e3o do governador, Ibaneis Rocha, e nosso secret\u00e1rio Cristiano Ara\u00fajo, darmos posicionamento do Turismo do Distrito Federal, pois essa \u00e9 uma ind\u00fastria que cresce ano a ano, trazendo riquezas para a capital da Rep\u00fablica com os turistas que v\u00eam e os que n\u00f3s podemos mandar pra fora\u201d, pontuou Paco.<\/p>\n<p>Os membros do conselho aprovaram as a\u00e7\u00f5es da Secretaria neste primeiro trimestre. Um exemplo \u00e9 o do presidente do Sindicato de Turismo Rural e Ecol\u00f3gico do Distrito Federal e Entorno (Ruraltur) Fernando Mesquita, que demonstrou apoio \u00e0s propostas apresentadas neste primeiro encontro. \u201cSa\u00edmos da reuni\u00e3o animados, com uma expectativa muito grande de somarmos com a Secretaria de Turismo de Bras\u00edlia\u201d.<\/p>\n<p>Para o presidente da Associa\u00e7\u00e3o Brasileira da Ind\u00fastria de Hot\u00e9is (Abih), Henrique Severien, o encontro \u00e9 uma oportunidade para cada entidade apresentar sugest\u00f5es, a\u00e7\u00f5es e cobran\u00e7as para o setor. \u201cEste \u00e9 o f\u00f3rum leg\u00edtimo. Aqui \u00e9 o ambiente onde todas as entidades t\u00eam a condi\u00e7\u00e3o de se manifestar de maneira independente e defender os interesses de cada um, e dos seus associados, dos seus contribuintes. Enfim, este \u00e9 o lugar certo\u201d, frisou.<\/p>\n","protected":false},"excerpt":{"rendered":"<p>O secret\u00e1rio de Turismo,\u00a0 Cristiano Ara\u00fajo, far\u00e1 de Bras\u00edlia um grande polo de atra\u00e7\u00e3o tur\u00edstica a n\u00edveis nacional e mundial. Palavra do pr\u00f3prio secret\u00e1rio, durante a 75\u00aa Reuni\u00e3o Ordin\u00e1ria do Conselho de Desenvolvimento do Turismo do Distrito Federal (Condetur), realizada nesta quarta, 12. Esta foi a primeira reuni\u00e3o do ano e contou com participa\u00e7\u00e3o do [&hellip;]<\/p>\n","protected":false},"author":2,"featured_media":302931,"comment_status":"closed","ping_status":"closed","sticky":false,"template":"","format":"standard","meta":{"_acf_changed":false,"footnotes":""},"categories":[161],"tags":[],"class_list":["post-302930","post","type-post","status-publish","format-standard","has-post-thumbnail","hentry","category-quadradinho-em-foco"],"acf":[],"yoast_head":"<!-- This site is optimized with the Yoast SEO plugin v27.2 - https:\/\/yoast.com\/product\/yoast-seo-wordpress\/ -->\n<title>&#039;Bras\u00edlia vai virar polo tur\u00edstico brasileiro e mundial&#039; - Notibras<\/title>\n<meta name=\"robots\" content=\"index, follow, max-snippet:-1, max-image-preview:large, max-video-preview:-1\" \/>\n<link rel=\"canonical\" href=\"https:\/\/www.notibras.com\/site\/brasilia-vai-virar-polo-turistico-brasileiro-e-mundial\/\" \/>\n<meta property=\"og:locale\" content=\"pt_BR\" \/>\n<meta property=\"og:type\" content=\"article\" \/>\n<meta property=\"og:title\" content=\"&#039;Bras\u00edlia vai virar polo tur\u00edstico brasileiro e mundial&#039; - Notibras\" \/>\n<meta property=\"og:description\" content=\"O secret\u00e1rio de Turismo,\u00a0 Cristiano Ara\u00fajo, far\u00e1 de Bras\u00edlia um grande polo de atra\u00e7\u00e3o tur\u00edstica a n\u00edveis nacional e mundial. Palavra do pr\u00f3prio secret\u00e1rio, durante a 75\u00aa Reuni\u00e3o Ordin\u00e1ria do Conselho de Desenvolvimento do Turismo do Distrito Federal (Condetur), realizada nesta quarta, 12. Esta foi a primeira reuni\u00e3o do ano e contou com participa\u00e7\u00e3o do [&hellip;]\" \/>\n<meta property=\"og:url\" content=\"https:\/\/www.notibras.com\/site\/brasilia-vai-virar-polo-turistico-brasileiro-e-mundial\/\" \/>\n<meta property=\"og:site_name\" content=\"Notibras\" \/>\n<meta property=\"article:publisher\" content=\"https:\/\/www.facebook.com\/notibras\/\" \/>\n<meta property=\"article:published_time\" content=\"2023-04-13T00:04:24+00:00\" \/>\n<meta property=\"article:modified_time\" content=\"2023-04-13T00:40:46+00:00\" \/>\n<meta property=\"og:image\" content=\"https:\/\/www.notibras.com\/site\/wp-content\/uploads\/2023\/04\/da180f86-8622-4572-aaaa-2c5d85611cdf.jpg\" \/>\n\t<meta property=\"og:image:width\" content=\"1600\" \/>\n\t<meta property=\"og:image:height\" content=\"1066\" \/>\n\t<meta property=\"og:image:type\" content=\"image\/jpeg\" \/>\n<meta name=\"author\" content=\"Reda\u00e7\u00e3o\" \/>\n<meta name=\"twitter:card\" content=\"summary_large_image\" \/>\n<meta name=\"twitter:creator\" content=\"@Notibras\" \/>\n<meta name=\"twitter:site\" content=\"@Notibras\" \/>\n<meta name=\"twitter:label1\" content=\"Escrito por\" \/>\n\t<meta name=\"twitter:data1\" content=\"Reda\u00e7\u00e3o\" \/>\n\t<meta name=\"twitter:label2\" content=\"Est. tempo de leitura\" \/>\n\t<meta name=\"twitter:data2\" content=\"3 minutos\" \/>\n<script type=\"application\/ld+json\" class=\"yoast-schema-graph\">{\"@context\":\"https:\/\/schema.org\",\"@graph\":[{\"@type\":\"Article\",\"@id\":\"https:\/\/www.notibras.com\/site\/brasilia-vai-virar-polo-turistico-brasileiro-e-mundial\/#article\",\"isPartOf\":{\"@id\":\"https:\/\/www.notibras.com\/site\/brasilia-vai-virar-polo-turistico-brasileiro-e-mundial\/\"},\"author\":{\"name\":\"Reda\u00e7\u00e3o\",\"@id\":\"https:\/\/www.notibras.com\/site\/#\/schema\/person\/36ab0979449956132d3e5b517ea76ac8\"},\"headline\":\"&#8216;Bras\u00edlia vai virar polo tur\u00edstico brasileiro e mundial&#8217;\",\"datePublished\":\"2023-04-13T00:04:24+00:00\",\"dateModified\":\"2023-04-13T00:40:46+00:00\",\"mainEntityOfPage\":{\"@id\":\"https:\/\/www.notibras.com\/site\/brasilia-vai-virar-polo-turistico-brasileiro-e-mundial\/\"},\"wordCount\":513,\"publisher\":{\"@id\":\"https:\/\/www.notibras.com\/site\/#organization\"},\"image\":{\"@id\":\"https:\/\/www.notibras.com\/site\/brasilia-vai-virar-polo-turistico-brasileiro-e-mundial\/#primaryimage\"},\"thumbnailUrl\":\"https:\/\/www.notibras.com\/site\/wp-content\/uploads\/2023\/04\/da180f86-8622-4572-aaaa-2c5d85611cdf.jpg\",\"articleSection\":[\"Quadradinho em Foco\"],\"inLanguage\":\"pt-BR\"},{\"@type\":\"WebPage\",\"@id\":\"https:\/\/www.notibras.com\/site\/brasilia-vai-virar-polo-turistico-brasileiro-e-mundial\/\",\"url\":\"https:\/\/www.notibras.com\/site\/brasilia-vai-virar-polo-turistico-brasileiro-e-mundial\/\",\"name\":\"'Bras\u00edlia vai virar polo tur\u00edstico brasileiro e mundial' - Notibras\",\"isPartOf\":{\"@id\":\"https:\/\/www.notibras.com\/site\/#website\"},\"primaryImageOfPage\":{\"@id\":\"https:\/\/www.notibras.com\/site\/brasilia-vai-virar-polo-turistico-brasileiro-e-mundial\/#primaryimage\"},\"image\":{\"@id\":\"https:\/\/www.notibras.com\/site\/brasilia-vai-virar-polo-turistico-brasileiro-e-mundial\/#primaryimage\"},\"thumbnailUrl\":\"https:\/\/www.notibras.com\/site\/wp-content\/uploads\/2023\/04\/da180f86-8622-4572-aaaa-2c5d85611cdf.jpg\",\"datePublished\":\"2023-04-13T00:04:24+00:00\",\"dateModified\":\"2023-04-13T00:40:46+00:00\",\"breadcrumb\":{\"@id\":\"https:\/\/www.notibras.com\/site\/brasilia-vai-virar-polo-turistico-brasileiro-e-mundial\/#breadcrumb\"},\"inLanguage\":\"pt-BR\",\"potentialAction\":[{\"@type\":\"ReadAction\",\"target\":[\"https:\/\/www.notibras.com\/site\/brasilia-vai-virar-polo-turistico-brasileiro-e-mundial\/\"]}]},{\"@type\":\"ImageObject\",\"inLanguage\":\"pt-BR\",\"@id\":\"https:\/\/www.notibras.com\/site\/brasilia-vai-virar-polo-turistico-brasileiro-e-mundial\/#primaryimage\",\"url\":\"https:\/\/www.notibras.com\/site\/wp-content\/uploads\/2023\/04\/da180f86-8622-4572-aaaa-2c5d85611cdf.jpg\",\"contentUrl\":\"https:\/\/www.notibras.com\/site\/wp-content\/uploads\/2023\/04\/da180f86-8622-4572-aaaa-2c5d85611cdf.jpg\",\"width\":1600,\"height\":1066},{\"@type\":\"BreadcrumbList\",\"@id\":\"https:\/\/www.notibras.com\/site\/brasilia-vai-virar-polo-turistico-brasileiro-e-mundial\/#breadcrumb\",\"itemListElement\":[{\"@type\":\"ListItem\",\"position\":1,\"name\":\"In\u00edcio\",\"item\":\"https:\/\/www.notibras.com\/site\/\"},{\"@type\":\"ListItem\",\"position\":2,\"name\":\"&#8216;Bras\u00edlia vai virar polo tur\u00edstico brasileiro e mundial&#8217;\"}]},{\"@type\":\"WebSite\",\"@id\":\"https:\/\/www.notibras.com\/site\/#website\",\"url\":\"https:\/\/www.notibras.com\/site\/\",\"name\":\"Notibras\",\"description\":\"Not\u00edcias de Bras\u00edlia, do Brasil e do Mundo\",\"publisher\":{\"@id\":\"https:\/\/www.notibras.com\/site\/#organization\"},\"potentialAction\":[{\"@type\":\"SearchAction\",\"target\":{\"@type\":\"EntryPoint\",\"urlTemplate\":\"https:\/\/www.notibras.com\/site\/?s={search_term_string}\"},\"query-input\":{\"@type\":\"PropertyValueSpecification\",\"valueRequired\":true,\"valueName\":\"search_term_string\"}}],\"inLanguage\":\"pt-BR\"},{\"@type\":\"Organization\",\"@id\":\"https:\/\/www.notibras.com\/site\/#organization\",\"name\":\"Grupo Notibras de Comunica\u00e7\u00e3o\",\"url\":\"https:\/\/www.notibras.com\/site\/\",\"logo\":{\"@type\":\"ImageObject\",\"inLanguage\":\"pt-BR\",\"@id\":\"https:\/\/www.notibras.com\/site\/#\/schema\/logo\/image\/\",\"url\":\"https:\/\/www.notibras.com\/site\/wp-content\/uploads\/2023\/01\/notibras23.png\",\"contentUrl\":\"https:\/\/www.notibras.com\/site\/wp-content\/uploads\/2023\/01\/notibras23.png\",\"width\":350,\"height\":87,\"caption\":\"Grupo Notibras de Comunica\u00e7\u00e3o\"},\"image\":{\"@id\":\"https:\/\/www.notibras.com\/site\/#\/schema\/logo\/image\/\"},\"sameAs\":[\"https:\/\/www.facebook.com\/notibras\/\",\"https:\/\/x.com\/Notibras\",\"https:\/\/www.instagram.com\/notibras\/\"]},{\"@type\":\"Person\",\"@id\":\"https:\/\/www.notibras.com\/site\/#\/schema\/person\/36ab0979449956132d3e5b517ea76ac8\",\"name\":\"Reda\u00e7\u00e3o\",\"image\":{\"@type\":\"ImageObject\",\"inLanguage\":\"pt-BR\",\"@id\":\"https:\/\/secure.gravatar.com\/avatar\/e0a867bdedb85fd243eadf09663511f96fc81e0720a4a42581f334ad4303aa6b?s=96&d=mm&r=g\",\"url\":\"https:\/\/secure.gravatar.com\/avatar\/e0a867bdedb85fd243eadf09663511f96fc81e0720a4a42581f334ad4303aa6b?s=96&d=mm&r=g\",\"contentUrl\":\"https:\/\/secure.gravatar.com\/avatar\/e0a867bdedb85fd243eadf09663511f96fc81e0720a4a42581f334ad4303aa6b?s=96&d=mm&r=g\",\"caption\":\"Reda\u00e7\u00e3o\"}}]}<\/script>\n<!-- \/ Yoast SEO plugin. -->","yoast_head_json":{"title":"'Bras\u00edlia vai virar polo tur\u00edstico brasileiro e mundial' - Notibras","robots":{"index":"index","follow":"follow","max-snippet":"max-snippet:-1","max-image-preview":"max-image-preview:large","max-video-preview":"max-video-preview:-1"},"canonical":"https:\/\/www.notibras.com\/site\/brasilia-vai-virar-polo-turistico-brasileiro-e-mundial\/","og_locale":"pt_BR","og_type":"article","og_title":"'Bras\u00edlia vai virar polo tur\u00edstico brasileiro e mundial' - Notibras","og_description":"O secret\u00e1rio de Turismo,\u00a0 Cristiano Ara\u00fajo, far\u00e1 de Bras\u00edlia um grande polo de atra\u00e7\u00e3o tur\u00edstica a n\u00edveis nacional e mundial. Palavra do pr\u00f3prio secret\u00e1rio, durante a 75\u00aa Reuni\u00e3o Ordin\u00e1ria do Conselho de Desenvolvimento do Turismo do Distrito Federal (Condetur), realizada nesta quarta, 12. Esta foi a primeira reuni\u00e3o do ano e contou com participa\u00e7\u00e3o do [&hellip;]","og_url":"https:\/\/www.notibras.com\/site\/brasilia-vai-virar-polo-turistico-brasileiro-e-mundial\/","og_site_name":"Notibras","article_publisher":"https:\/\/www.facebook.com\/notibras\/","article_published_time":"2023-04-13T00:04:24+00:00","article_modified_time":"2023-04-13T00:40:46+00:00","og_image":[{"width":1600,"height":1066,"url":"https:\/\/www.notibras.com\/site\/wp-content\/uploads\/2023\/04\/da180f86-8622-4572-aaaa-2c5d85611cdf.jpg","type":"image\/jpeg"}],"author":"Reda\u00e7\u00e3o","twitter_card":"summary_large_image","twitter_creator":"@Notibras","twitter_site":"@Notibras","twitter_misc":{"Escrito por":"Reda\u00e7\u00e3o","Est. tempo de leitura":"3 minutos"},"schema":{"@context":"https:\/\/schema.org","@graph":[{"@type":"Article","@id":"https:\/\/www.notibras.com\/site\/brasilia-vai-virar-polo-turistico-brasileiro-e-mundial\/#article","isPartOf":{"@id":"https:\/\/www.notibras.com\/site\/brasilia-vai-virar-polo-turistico-brasileiro-e-mundial\/"},"author":{"name":"Reda\u00e7\u00e3o","@id":"https:\/\/www.notibras.com\/site\/#\/schema\/person\/36ab0979449956132d3e5b517ea76ac8"},"headline":"&#8216;Bras\u00edlia vai virar polo tur\u00edstico brasileiro e mundial&#8217;","datePublished":"2023-04-13T00:04:24+00:00","dateModified":"2023-04-13T00:40:46+00:00","mainEntityOfPage":{"@id":"https:\/\/www.notibras.com\/site\/brasilia-vai-virar-polo-turistico-brasileiro-e-mundial\/"},"wordCount":513,"publisher":{"@id":"https:\/\/www.notibras.com\/site\/#organization"},"image":{"@id":"https:\/\/www.notibras.com\/site\/brasilia-vai-virar-polo-turistico-brasileiro-e-mundial\/#primaryimage"},"thumbnailUrl":"https:\/\/www.notibras.com\/site\/wp-content\/uploads\/2023\/04\/da180f86-8622-4572-aaaa-2c5d85611cdf.jpg","articleSection":["Quadradinho em Foco"],"inLanguage":"pt-BR"},{"@type":"WebPage","@id":"https:\/\/www.notibras.com\/site\/brasilia-vai-virar-polo-turistico-brasileiro-e-mundial\/","url":"https:\/\/www.notibras.com\/site\/brasilia-vai-virar-polo-turistico-brasileiro-e-mundial\/","name":"'Bras\u00edlia vai virar polo tur\u00edstico brasileiro e mundial' - Notibras","isPartOf":{"@id":"https:\/\/www.notibras.com\/site\/#website"},"primaryImageOfPage":{"@id":"https:\/\/www.notibras.com\/site\/brasilia-vai-virar-polo-turistico-brasileiro-e-mundial\/#primaryimage"},"image":{"@id":"https:\/\/www.notibras.com\/site\/brasilia-vai-virar-polo-turistico-brasileiro-e-mundial\/#primaryimage"},"thumbnailUrl":"https:\/\/www.notibras.com\/site\/wp-content\/uploads\/2023\/04\/da180f86-8622-4572-aaaa-2c5d85611cdf.jpg","datePublished":"2023-04-13T00:04:24+00:00","dateModified":"2023-04-13T00:40:46+00:00","breadcrumb":{"@id":"https:\/\/www.notibras.com\/site\/brasilia-vai-virar-polo-turistico-brasileiro-e-mundial\/#breadcrumb"},"inLanguage":"pt-BR","potentialAction":[{"@type":"ReadAction","target":["https:\/\/www.notibras.com\/site\/brasilia-vai-virar-polo-turistico-brasileiro-e-mundial\/"]}]},{"@type":"ImageObject","inLanguage":"pt-BR","@id":"https:\/\/www.notibras.com\/site\/brasilia-vai-virar-polo-turistico-brasileiro-e-mundial\/#primaryimage","url":"https:\/\/www.notibras.com\/site\/wp-content\/uploads\/2023\/04\/da180f86-8622-4572-aaaa-2c5d85611cdf.jpg","contentUrl":"https:\/\/www.notibras.com\/site\/wp-content\/uploads\/2023\/04\/da180f86-8622-4572-aaaa-2c5d85611cdf.jpg","width":1600,"height":1066},{"@type":"BreadcrumbList","@id":"https:\/\/www.notibras.com\/site\/brasilia-vai-virar-polo-turistico-brasileiro-e-mundial\/#breadcrumb","itemListElement":[{"@type":"ListItem","position":1,"name":"In\u00edcio","item":"https:\/\/www.notibras.com\/site\/"},{"@type":"ListItem","position":2,"name":"&#8216;Bras\u00edlia vai virar polo tur\u00edstico brasileiro e mundial&#8217;"}]},{"@type":"WebSite","@id":"https:\/\/www.notibras.com\/site\/#website","url":"https:\/\/www.notibras.com\/site\/","name":"Notibras","description":"Not\u00edcias de Bras\u00edlia, do Brasil e do Mundo","publisher":{"@id":"https:\/\/www.notibras.com\/site\/#organization"},"potentialAction":[{"@type":"SearchAction","target":{"@type":"EntryPoint","urlTemplate":"https:\/\/www.notibras.com\/site\/?s={search_term_string}"},"query-input":{"@type":"PropertyValueSpecification","valueRequired":true,"valueName":"search_term_string"}}],"inLanguage":"pt-BR"},{"@type":"Organization","@id":"https:\/\/www.notibras.com\/site\/#organization","name":"Grupo Notibras de Comunica\u00e7\u00e3o","url":"https:\/\/www.notibras.com\/site\/","logo":{"@type":"ImageObject","inLanguage":"pt-BR","@id":"https:\/\/www.notibras.com\/site\/#\/schema\/logo\/image\/","url":"https:\/\/www.notibras.com\/site\/wp-content\/uploads\/2023\/01\/notibras23.png","contentUrl":"https:\/\/www.notibras.com\/site\/wp-content\/uploads\/2023\/01\/notibras23.png","width":350,"height":87,"caption":"Grupo Notibras de Comunica\u00e7\u00e3o"},"image":{"@id":"https:\/\/www.notibras.com\/site\/#\/schema\/logo\/image\/"},"sameAs":["https:\/\/www.facebook.com\/notibras\/","https:\/\/x.com\/Notibras","https:\/\/www.instagram.com\/notibras\/"]},{"@type":"Person","@id":"https:\/\/www.notibras.com\/site\/#\/schema\/person\/36ab0979449956132d3e5b517ea76ac8","name":"Reda\u00e7\u00e3o","image":{"@type":"ImageObject","inLanguage":"pt-BR","@id":"https:\/\/secure.gravatar.com\/avatar\/e0a867bdedb85fd243eadf09663511f96fc81e0720a4a42581f334ad4303aa6b?s=96&d=mm&r=g","url":"https:\/\/secure.gravatar.com\/avatar\/e0a867bdedb85fd243eadf09663511f96fc81e0720a4a42581f334ad4303aa6b?s=96&d=mm&r=g","contentUrl":"https:\/\/secure.gravatar.com\/avatar\/e0a867bdedb85fd243eadf09663511f96fc81e0720a4a42581f334ad4303aa6b?s=96&d=mm&r=g","caption":"Reda\u00e7\u00e3o"}}]}},"amp_enabled":true,"_links":{"self":[{"href":"https:\/\/www.notibras.com\/site\/wp-json\/wp\/v2\/posts\/302930","targetHints":{"allow":["GET"]}}],"collection":[{"href":"https:\/\/www.notibras.com\/site\/wp-json\/wp\/v2\/posts"}],"about":[{"href":"https:\/\/www.notibras.com\/site\/wp-json\/wp\/v2\/types\/post"}],"author":[{"embeddable":true,"href":"https:\/\/www.notibras.com\/site\/wp-json\/wp\/v2\/users\/2"}],"replies":[{"embeddable":true,"href":"https:\/\/www.notibras.com\/site\/wp-json\/wp\/v2\/comments?post=302930"}],"version-history":[{"count":1,"href":"https:\/\/www.notibras.com\/site\/wp-json\/wp\/v2\/posts\/302930\/revisions"}],"predecessor-version":[{"id":302932,"href":"https:\/\/www.notibras.com\/site\/wp-json\/wp\/v2\/posts\/302930\/revisions\/302932"}],"wp:featuredmedia":[{"embeddable":true,"href":"https:\/\/www.notibras.com\/site\/wp-json\/wp\/v2\/media\/302931"}],"wp:attachment":[{"href":"https:\/\/www.notibras.com\/site\/wp-json\/wp\/v2\/media?parent=302930"}],"wp:term":[{"taxonomy":"category","embeddable":true,"href":"https:\/\/www.notibras.com\/site\/wp-json\/wp\/v2\/categories?post=302930"},{"taxonomy":"post_tag","embeddable":true,"href":"https:\/\/www.notibras.com\/site\/wp-json\/wp\/v2\/tags?post=302930"}],"curies":[{"name":"wp","href":"https:\/\/api.w.org\/{rel}","templated":true}]}}