{"id":302936,"date":"2023-04-12T18:57:28","date_gmt":"2023-04-12T21:57:28","guid":{"rendered":"https:\/\/www.notibras.com\/site\/?p=302936"},"modified":"2023-04-12T22:02:28","modified_gmt":"2023-04-13T01:02:28","slug":"governo-descarta-priorizar-escolas-civico-militares","status":"publish","type":"post","link":"https:\/\/www.notibras.com\/site\/governo-descarta-priorizar-escolas-civico-militares\/","title":{"rendered":"Governo descarta priorizar escolas c\u00edvico-militares"},"content":{"rendered":"<p>O ministro da Educa\u00e7\u00e3o, Camilo Santana, disse nesta quarta-feira (12), em audi\u00eancia p\u00fablica na Comiss\u00e3o de Educa\u00e7\u00e3o da C\u00e2mara Federal, que 70% dos brasileiros preferem professores civis a militares nas escolas do pa\u00eds. Santana se referia a uma pesquisa do Datafolha, que citou para justificar a descontinuidade do Programa Nacional das Escolas C\u00edvico-Militares (Pecim).<\/p>\n<p>Questionado pelo deputado Delegado Paulo Bilynskyj (PL-SP), o ministro lembrou que o Pecim foi criado pelo Decreto Presidencial 10.004, em 2019, sem discuss\u00e3o com a sociedade e o Congresso Nacional. \u201cFoi uma decis\u00e3o unilateral do MEC [Minist\u00e9rio da Educa\u00e7\u00e3o] \u00e0 \u00e9poca. Na Lei de Diretrizes e Bases [da Educa\u00e7\u00e3o Nacional] e no Plano Nacional de Educa\u00e7\u00e3o, n\u00e3o h\u00e1 qualquer men\u00e7\u00e3o de incluir as For\u00e7as Armadas na educa\u00e7\u00e3o b\u00e1sica do pa\u00eds.\u201d<\/p>\n<p>Camilo Santana enfatizou que a ades\u00e3o a este modelo de ensino foi m\u00ednima \u2013 apenas 0,28% das escolas do pa\u00eds \u2013 e escolas c\u00edvico-militares n\u00e3o s\u00e3o prioridade no governo atual. \u201cN\u00e3o revoguei o programa. S\u00f3 n\u00e3o ser\u00e1 prioridade, nem estrat\u00e9gia do Minist\u00e9rio da Educa\u00e7\u00e3o neste governo de criar novas escolas.\u201d O ministro disse que vai discutir, de forma democr\u00e1tica e respeitosa, com os governadores e prefeitos que j\u00e1 implementaram as escolas c\u00edvico-militares, o que fazer com as 202 existentes.<\/p>\n<p>Na audi\u00eancia que durou cerca de cinco horas, o ministro falou sobre as prioridades da pasta para este ano e respondeu a dezenas de perguntas relacionadas a temas como o novo ensino m\u00e9dio, a viol\u00eancia nas unidades de ensino, a forma\u00e7\u00e3o continuada dos professores e de quem faz a gest\u00e3o escolar e o piso nacional dos professores.<\/p>\n<p><strong>Novo ensino m\u00e9dio<\/strong><br \/>\nCamilo Santana defendeu a suspens\u00e3o do cronograma do novo ensino m\u00e9dio, por entender que existem distor\u00e7\u00f5es nos estados e nas escolas p\u00fablicas e privadas e destacou a abertura de consulta p\u00fablica para que o tema seja devidamente discutido. \u201cQuem executa a pol\u00edtica na ponta s\u00e3o os estados. Como \u00e9 que eu vou tomar uma decis\u00e3o sem ouvir os estados, sem ouvir os secret\u00e1rios? \u00c9 fundamental esse di\u00e1logo. Por isso, a decis\u00e3o mais respons\u00e1vel foi abrir esse amplo debate.\u201d<\/p>\n<p>\u201cN\u00e3o se muda o ensino m\u00e9dio por decreto, ou por lei, muda-se com di\u00e1logo\u201d, refor\u00e7ou o ministro, que manifestou \u201cenorme preocupa\u00e7\u00e3o\u201d com o Exame Nacional do Ensino M\u00e9dio (Enem) e o desempenho dos estudantes.<\/p>\n<p><strong>Seguran\u00e7a nas escolas<\/strong><br \/>\nSobre a crescente viol\u00eancia nas escolas, o ministro afirmou que os epis\u00f3dios causam indigna\u00e7\u00e3o e enumerou as medidas tomadas prontamente pelo governo federal, entre as quais, a cria\u00e7\u00e3o de um grupo interministerial para construir uma pol\u00edtica nacional de enfrentamento \u00e0 viol\u00eancia nos estabelecimentos de ensino.<\/p>\n<p>Camilo Santana citou tamb\u00e9m as a\u00e7\u00f5es do Minist\u00e9rio da Justi\u00e7a e Seguran\u00e7a P\u00fablica, que entrou em contato com os governos dos estados para fortalecer a intelig\u00eancia dos \u00f3rg\u00e3os de seguran\u00e7a p\u00fablica, colocou recursos federai \u00e0 disposi\u00e7\u00e3o para ampliar as rondas nas zonas escolares e criou um canal de den\u00fancias sobre amea\u00e7as de ataques.<\/p>\n<p>Para tornar os ambientes mais seguros, Santana adiantou que apoiar\u00e1 a sa\u00fade mental nas escolas, com incentivo \u00e0 assist\u00eancia psicossocial a estudantes e profissionais da educa\u00e7\u00e3o. Ele disse ainda que \u00e9 preciso ter controle sobre as amea\u00e7as a escolas nas plataformas digitais. \u201cPrecisamos combater os crimes que est\u00e3o sendo cometidos nas redes sociais. N\u00e3o \u00e9 s\u00f3 no Brasil, n\u00e3o. \u00c9 no mundo inteiro. Tem as redes chamadas de dark web, deep web, que estimulam os jovens para a viol\u00eancia, a morte e o crime\u201d.<\/p>\n<p><strong>Educa\u00e7\u00e3o em tempo integral<\/strong><br \/>\nO ministro refor\u00e7ou que o governo federal trabalha para aumentar a oferta de ensino em tempo integral, com o objetivo priorit\u00e1rio de diminuir evas\u00e3o escolar e melhorar a forma\u00e7\u00e3o dos estudantes. Segundo Santana, a meta \u00e9 oferecer educa\u00e7\u00e3o em tempo integral em, no m\u00ednimo, 50% das escolas p\u00fablicas para atender pelo menos 25% dos alunos da educa\u00e7\u00e3o b\u00e1sica. O objetivo \u00e9 abrir oportunidades para amplia\u00e7\u00e3o, da creche at\u00e9 o ensino m\u00e9dio. \u201cNos anos iniciais do ensino fundamental, hoje, estamos com 11,4% e, nos anos finais, com 13,7% de tempo integral. O maior aumento se deu no ensino m\u00e9dio\u201d, destacou.<\/p>\n<p>A deputada L\u00eddice da Mata (PSB-BA) pediu ao MEC amplia\u00e7\u00e3o do n\u00famero de universidades federais e institutos federais de ensino no interior dos estados brasileiros. O ministro prometeu recompor or\u00e7amento dos institutos federais e disse que j\u00e1 cobrou dos gestores do MEC o planejamento da abertura dessas institui\u00e7\u00f5es, conforme a localidade e o n\u00famero de habitantes.<\/p>\n<p>\u201cSou um \u00e1rduo defensor da expans\u00e3o do ensino t\u00e9cnico\u201d, afirmou Santana, que destacou a qualidade do ensino oferecido nas institui\u00e7\u00f5es federais. \u201cHoje, a qualidade dos jovens nas escolas federais, j\u00e1 verificada pelo Inep [Instituto Nacional de Estudos e Pesquisas Educacionais An\u00edsio Teixeira], \u00e9 quase igual \u00e0 dos pa\u00edses do primeiro mundo. Outra quest\u00e3o \u00e9 o impacto que tem um campus, quando chega \u00e0 cidade. Isso muda, muitas vezes, a realidade de um munic\u00edpio, de uma regi\u00e3o.\u201d<\/p>\n<p><strong>Alfabetiza\u00e7\u00e3o na idade certa<\/strong><br \/>\nNa audi\u00eancia, o ministro mostrou pesquisas sobre os preju\u00edzos da alfabetiza\u00e7\u00e3o incompleta. \u201cQuase dois ter\u00e7os das crian\u00e7as que conclu\u00edram o segundo ano do ensino fundamental apresentaram baixo desempenho em l\u00edngua portuguesa, no Sistema de Avalia\u00e7\u00e3o da Educa\u00e7\u00e3o B\u00e1sica do Brasil [Saeb]. Isso significa que, a cada dez crian\u00e7as, quase quatro n\u00e3o aprenderam a ler e escrever na idade certa\u201d. De acordo com Santana, as diferen\u00e7as s\u00e3o maiores conforme a situa\u00e7\u00e3o econ\u00f4mica dos estudantes e entre negros, pardos e brancos.<\/p>\n<p>Em resposta \u00e0 deputada Adriana Ventura (Novo-SP), o ministro explicou a extin\u00e7\u00e3o da Secretaria da Alfabetiza\u00e7\u00e3o do MEC, que, segundo ele, n\u00e3o agregava resultado na estrutura da pasta e que a alfabetiza\u00e7\u00e3o brasileira regrediu nos \u00faltimos anos.<\/p>\n<p>Por isso, Santana reafirmou que a oferta de educa\u00e7\u00e3o de qualidade e alfabetiza\u00e7\u00e3o na idade certa s\u00e3o prioridades do governo federal. E que o primeiro passo foi dado: ouvir os professores alfabetizadores sobre quais habilidades o estudante precisa ter desenvolvido no fim do segundo ano do ensino fundamental.<\/p>\n<p><strong>Conectividade<\/strong><br \/>\nO deputado Sidney Leite (PSD-AM) pediu aten\u00e7\u00e3o \u00e0 conex\u00e3o \u00e0 internet nas escolas da Regi\u00e3o Norte. O ministro garantiu que a conectividade em todas as escolas p\u00fablicas \u00e9 compromisso do presidente Luiz In\u00e1cio Lula da Silva at\u00e9 o fim do mandato, em 2026. Santana definiu o que \u00e9, de fato, uma escola conectada: banda larga com capacidade para dar aula de v\u00eddeo. Isso em todas as escolas p\u00fablicas brasileiras, municipais ou estaduais, para que estejam conectadas \u00e0 internet com fins pedag\u00f3gicos.<\/p>\n<p>O ministro prometeu aten\u00e7\u00e3o maior \u00e0 conectividade nos munic\u00edpios do Norte. Para esta regi\u00e3o, ele adiantou que quer ampliar a gera\u00e7\u00e3o de energia por fontes renov\u00e1veis. \u201cO FNDE [Fundo Nacional de Desenvolvimento da Educa\u00e7\u00e3o] j\u00e1 disponibiliza a transfer\u00eancia [de recursos federais] para compra de placas solares, com a prioridade para Regi\u00e3o Norte\u201d.<\/p>\n","protected":false},"excerpt":{"rendered":"<p>O ministro da Educa\u00e7\u00e3o, Camilo Santana, disse nesta quarta-feira (12), em audi\u00eancia p\u00fablica na Comiss\u00e3o de Educa\u00e7\u00e3o da C\u00e2mara Federal, que 70% dos brasileiros preferem professores civis a militares nas escolas do pa\u00eds. Santana se referia a uma pesquisa do Datafolha, que citou para justificar a descontinuidade do Programa Nacional das Escolas C\u00edvico-Militares (Pecim). Questionado [&hellip;]<\/p>\n","protected":false},"author":2,"featured_media":302937,"comment_status":"closed","ping_status":"closed","sticky":false,"template":"","format":"standard","meta":{"_acf_changed":false,"footnotes":""},"categories":[161],"tags":[95],"class_list":["post-302936","post","type-post","status-publish","format-standard","has-post-thumbnail","hentry","category-quadradinho-em-foco","tag-capa"],"acf":[],"yoast_head":"<!-- This site is optimized with the Yoast SEO plugin v27.2 - https:\/\/yoast.com\/product\/yoast-seo-wordpress\/ -->\n<title>Governo descarta priorizar escolas c\u00edvico-militares - Notibras<\/title>\n<meta name=\"robots\" content=\"index, follow, max-snippet:-1, max-image-preview:large, max-video-preview:-1\" \/>\n<link rel=\"canonical\" href=\"https:\/\/www.notibras.com\/site\/governo-descarta-priorizar-escolas-civico-militares\/\" \/>\n<meta property=\"og:locale\" content=\"pt_BR\" \/>\n<meta property=\"og:type\" content=\"article\" \/>\n<meta property=\"og:title\" content=\"Governo descarta priorizar escolas c\u00edvico-militares - Notibras\" \/>\n<meta property=\"og:description\" content=\"O ministro da Educa\u00e7\u00e3o, Camilo Santana, disse nesta quarta-feira (12), em audi\u00eancia p\u00fablica na Comiss\u00e3o de Educa\u00e7\u00e3o da C\u00e2mara Federal, que 70% dos brasileiros preferem professores civis a militares nas escolas do pa\u00eds. Santana se referia a uma pesquisa do Datafolha, que citou para justificar a descontinuidade do Programa Nacional das Escolas C\u00edvico-Militares (Pecim). Questionado [&hellip;]\" \/>\n<meta property=\"og:url\" content=\"https:\/\/www.notibras.com\/site\/governo-descarta-priorizar-escolas-civico-militares\/\" \/>\n<meta property=\"og:site_name\" content=\"Notibras\" \/>\n<meta property=\"article:publisher\" content=\"https:\/\/www.facebook.com\/notibras\/\" \/>\n<meta property=\"article:published_time\" content=\"2023-04-12T21:57:28+00:00\" \/>\n<meta property=\"article:modified_time\" content=\"2023-04-13T01:02:28+00:00\" \/>\n<meta property=\"og:image\" content=\"https:\/\/www.notibras.com\/site\/wp-content\/uploads\/2023\/04\/ministro_camilo_santana-6.jpg\" \/>\n\t<meta property=\"og:image:width\" content=\"1170\" \/>\n\t<meta property=\"og:image:height\" content=\"700\" \/>\n\t<meta property=\"og:image:type\" content=\"image\/jpeg\" \/>\n<meta name=\"author\" content=\"Reda\u00e7\u00e3o\" \/>\n<meta name=\"twitter:card\" content=\"summary_large_image\" \/>\n<meta name=\"twitter:creator\" content=\"@Notibras\" \/>\n<meta name=\"twitter:site\" content=\"@Notibras\" \/>\n<meta name=\"twitter:label1\" content=\"Escrito por\" \/>\n\t<meta name=\"twitter:data1\" content=\"Reda\u00e7\u00e3o\" \/>\n\t<meta name=\"twitter:label2\" content=\"Est. tempo de leitura\" \/>\n\t<meta name=\"twitter:data2\" content=\"7 minutos\" \/>\n<script type=\"application\/ld+json\" class=\"yoast-schema-graph\">{\"@context\":\"https:\/\/schema.org\",\"@graph\":[{\"@type\":\"Article\",\"@id\":\"https:\/\/www.notibras.com\/site\/governo-descarta-priorizar-escolas-civico-militares\/#article\",\"isPartOf\":{\"@id\":\"https:\/\/www.notibras.com\/site\/governo-descarta-priorizar-escolas-civico-militares\/\"},\"author\":{\"name\":\"Reda\u00e7\u00e3o\",\"@id\":\"https:\/\/www.notibras.com\/site\/#\/schema\/person\/36ab0979449956132d3e5b517ea76ac8\"},\"headline\":\"Governo descarta priorizar escolas c\u00edvico-militares\",\"datePublished\":\"2023-04-12T21:57:28+00:00\",\"dateModified\":\"2023-04-13T01:02:28+00:00\",\"mainEntityOfPage\":{\"@id\":\"https:\/\/www.notibras.com\/site\/governo-descarta-priorizar-escolas-civico-militares\/\"},\"wordCount\":1220,\"publisher\":{\"@id\":\"https:\/\/www.notibras.com\/site\/#organization\"},\"image\":{\"@id\":\"https:\/\/www.notibras.com\/site\/governo-descarta-priorizar-escolas-civico-militares\/#primaryimage\"},\"thumbnailUrl\":\"https:\/\/www.notibras.com\/site\/wp-content\/uploads\/2023\/04\/ministro_camilo_santana-6.jpg\",\"keywords\":[\"capa\"],\"articleSection\":[\"Quadradinho em Foco\"],\"inLanguage\":\"pt-BR\"},{\"@type\":\"WebPage\",\"@id\":\"https:\/\/www.notibras.com\/site\/governo-descarta-priorizar-escolas-civico-militares\/\",\"url\":\"https:\/\/www.notibras.com\/site\/governo-descarta-priorizar-escolas-civico-militares\/\",\"name\":\"Governo descarta priorizar escolas c\u00edvico-militares - Notibras\",\"isPartOf\":{\"@id\":\"https:\/\/www.notibras.com\/site\/#website\"},\"primaryImageOfPage\":{\"@id\":\"https:\/\/www.notibras.com\/site\/governo-descarta-priorizar-escolas-civico-militares\/#primaryimage\"},\"image\":{\"@id\":\"https:\/\/www.notibras.com\/site\/governo-descarta-priorizar-escolas-civico-militares\/#primaryimage\"},\"thumbnailUrl\":\"https:\/\/www.notibras.com\/site\/wp-content\/uploads\/2023\/04\/ministro_camilo_santana-6.jpg\",\"datePublished\":\"2023-04-12T21:57:28+00:00\",\"dateModified\":\"2023-04-13T01:02:28+00:00\",\"breadcrumb\":{\"@id\":\"https:\/\/www.notibras.com\/site\/governo-descarta-priorizar-escolas-civico-militares\/#breadcrumb\"},\"inLanguage\":\"pt-BR\",\"potentialAction\":[{\"@type\":\"ReadAction\",\"target\":[\"https:\/\/www.notibras.com\/site\/governo-descarta-priorizar-escolas-civico-militares\/\"]}]},{\"@type\":\"ImageObject\",\"inLanguage\":\"pt-BR\",\"@id\":\"https:\/\/www.notibras.com\/site\/governo-descarta-priorizar-escolas-civico-militares\/#primaryimage\",\"url\":\"https:\/\/www.notibras.com\/site\/wp-content\/uploads\/2023\/04\/ministro_camilo_santana-6.jpg\",\"contentUrl\":\"https:\/\/www.notibras.com\/site\/wp-content\/uploads\/2023\/04\/ministro_camilo_santana-6.jpg\",\"width\":1170,\"height\":700,\"caption\":\"Bras\u00edlia (DF) 12\/04\/2023 Ministro da Educa\u00e7\u00e3o, Camilo Santana, participa de audi\u00eancia p\u00fablica na Comiss\u00e3o de Educa\u00e7\u00e3o da C\u00e2mara dos Deputados.\"},{\"@type\":\"BreadcrumbList\",\"@id\":\"https:\/\/www.notibras.com\/site\/governo-descarta-priorizar-escolas-civico-militares\/#breadcrumb\",\"itemListElement\":[{\"@type\":\"ListItem\",\"position\":1,\"name\":\"In\u00edcio\",\"item\":\"https:\/\/www.notibras.com\/site\/\"},{\"@type\":\"ListItem\",\"position\":2,\"name\":\"Governo descarta priorizar escolas c\u00edvico-militares\"}]},{\"@type\":\"WebSite\",\"@id\":\"https:\/\/www.notibras.com\/site\/#website\",\"url\":\"https:\/\/www.notibras.com\/site\/\",\"name\":\"Notibras\",\"description\":\"Not\u00edcias de Bras\u00edlia, do Brasil e do Mundo\",\"publisher\":{\"@id\":\"https:\/\/www.notibras.com\/site\/#organization\"},\"potentialAction\":[{\"@type\":\"SearchAction\",\"target\":{\"@type\":\"EntryPoint\",\"urlTemplate\":\"https:\/\/www.notibras.com\/site\/?s={search_term_string}\"},\"query-input\":{\"@type\":\"PropertyValueSpecification\",\"valueRequired\":true,\"valueName\":\"search_term_string\"}}],\"inLanguage\":\"pt-BR\"},{\"@type\":\"Organization\",\"@id\":\"https:\/\/www.notibras.com\/site\/#organization\",\"name\":\"Grupo Notibras de Comunica\u00e7\u00e3o\",\"url\":\"https:\/\/www.notibras.com\/site\/\",\"logo\":{\"@type\":\"ImageObject\",\"inLanguage\":\"pt-BR\",\"@id\":\"https:\/\/www.notibras.com\/site\/#\/schema\/logo\/image\/\",\"url\":\"https:\/\/www.notibras.com\/site\/wp-content\/uploads\/2023\/01\/notibras23.png\",\"contentUrl\":\"https:\/\/www.notibras.com\/site\/wp-content\/uploads\/2023\/01\/notibras23.png\",\"width\":350,\"height\":87,\"caption\":\"Grupo Notibras de Comunica\u00e7\u00e3o\"},\"image\":{\"@id\":\"https:\/\/www.notibras.com\/site\/#\/schema\/logo\/image\/\"},\"sameAs\":[\"https:\/\/www.facebook.com\/notibras\/\",\"https:\/\/x.com\/Notibras\",\"https:\/\/www.instagram.com\/notibras\/\"]},{\"@type\":\"Person\",\"@id\":\"https:\/\/www.notibras.com\/site\/#\/schema\/person\/36ab0979449956132d3e5b517ea76ac8\",\"name\":\"Reda\u00e7\u00e3o\",\"image\":{\"@type\":\"ImageObject\",\"inLanguage\":\"pt-BR\",\"@id\":\"https:\/\/secure.gravatar.com\/avatar\/e0a867bdedb85fd243eadf09663511f96fc81e0720a4a42581f334ad4303aa6b?s=96&d=mm&r=g\",\"url\":\"https:\/\/secure.gravatar.com\/avatar\/e0a867bdedb85fd243eadf09663511f96fc81e0720a4a42581f334ad4303aa6b?s=96&d=mm&r=g\",\"contentUrl\":\"https:\/\/secure.gravatar.com\/avatar\/e0a867bdedb85fd243eadf09663511f96fc81e0720a4a42581f334ad4303aa6b?s=96&d=mm&r=g\",\"caption\":\"Reda\u00e7\u00e3o\"}}]}<\/script>\n<!-- \/ Yoast SEO plugin. -->","yoast_head_json":{"title":"Governo descarta priorizar escolas c\u00edvico-militares - Notibras","robots":{"index":"index","follow":"follow","max-snippet":"max-snippet:-1","max-image-preview":"max-image-preview:large","max-video-preview":"max-video-preview:-1"},"canonical":"https:\/\/www.notibras.com\/site\/governo-descarta-priorizar-escolas-civico-militares\/","og_locale":"pt_BR","og_type":"article","og_title":"Governo descarta priorizar escolas c\u00edvico-militares - Notibras","og_description":"O ministro da Educa\u00e7\u00e3o, Camilo Santana, disse nesta quarta-feira (12), em audi\u00eancia p\u00fablica na Comiss\u00e3o de Educa\u00e7\u00e3o da C\u00e2mara Federal, que 70% dos brasileiros preferem professores civis a militares nas escolas do pa\u00eds. Santana se referia a uma pesquisa do Datafolha, que citou para justificar a descontinuidade do Programa Nacional das Escolas C\u00edvico-Militares (Pecim). Questionado [&hellip;]","og_url":"https:\/\/www.notibras.com\/site\/governo-descarta-priorizar-escolas-civico-militares\/","og_site_name":"Notibras","article_publisher":"https:\/\/www.facebook.com\/notibras\/","article_published_time":"2023-04-12T21:57:28+00:00","article_modified_time":"2023-04-13T01:02:28+00:00","og_image":[{"width":1170,"height":700,"url":"https:\/\/www.notibras.com\/site\/wp-content\/uploads\/2023\/04\/ministro_camilo_santana-6.jpg","type":"image\/jpeg"}],"author":"Reda\u00e7\u00e3o","twitter_card":"summary_large_image","twitter_creator":"@Notibras","twitter_site":"@Notibras","twitter_misc":{"Escrito por":"Reda\u00e7\u00e3o","Est. tempo de leitura":"7 minutos"},"schema":{"@context":"https:\/\/schema.org","@graph":[{"@type":"Article","@id":"https:\/\/www.notibras.com\/site\/governo-descarta-priorizar-escolas-civico-militares\/#article","isPartOf":{"@id":"https:\/\/www.notibras.com\/site\/governo-descarta-priorizar-escolas-civico-militares\/"},"author":{"name":"Reda\u00e7\u00e3o","@id":"https:\/\/www.notibras.com\/site\/#\/schema\/person\/36ab0979449956132d3e5b517ea76ac8"},"headline":"Governo descarta priorizar escolas c\u00edvico-militares","datePublished":"2023-04-12T21:57:28+00:00","dateModified":"2023-04-13T01:02:28+00:00","mainEntityOfPage":{"@id":"https:\/\/www.notibras.com\/site\/governo-descarta-priorizar-escolas-civico-militares\/"},"wordCount":1220,"publisher":{"@id":"https:\/\/www.notibras.com\/site\/#organization"},"image":{"@id":"https:\/\/www.notibras.com\/site\/governo-descarta-priorizar-escolas-civico-militares\/#primaryimage"},"thumbnailUrl":"https:\/\/www.notibras.com\/site\/wp-content\/uploads\/2023\/04\/ministro_camilo_santana-6.jpg","keywords":["capa"],"articleSection":["Quadradinho em Foco"],"inLanguage":"pt-BR"},{"@type":"WebPage","@id":"https:\/\/www.notibras.com\/site\/governo-descarta-priorizar-escolas-civico-militares\/","url":"https:\/\/www.notibras.com\/site\/governo-descarta-priorizar-escolas-civico-militares\/","name":"Governo descarta priorizar escolas c\u00edvico-militares - Notibras","isPartOf":{"@id":"https:\/\/www.notibras.com\/site\/#website"},"primaryImageOfPage":{"@id":"https:\/\/www.notibras.com\/site\/governo-descarta-priorizar-escolas-civico-militares\/#primaryimage"},"image":{"@id":"https:\/\/www.notibras.com\/site\/governo-descarta-priorizar-escolas-civico-militares\/#primaryimage"},"thumbnailUrl":"https:\/\/www.notibras.com\/site\/wp-content\/uploads\/2023\/04\/ministro_camilo_santana-6.jpg","datePublished":"2023-04-12T21:57:28+00:00","dateModified":"2023-04-13T01:02:28+00:00","breadcrumb":{"@id":"https:\/\/www.notibras.com\/site\/governo-descarta-priorizar-escolas-civico-militares\/#breadcrumb"},"inLanguage":"pt-BR","potentialAction":[{"@type":"ReadAction","target":["https:\/\/www.notibras.com\/site\/governo-descarta-priorizar-escolas-civico-militares\/"]}]},{"@type":"ImageObject","inLanguage":"pt-BR","@id":"https:\/\/www.notibras.com\/site\/governo-descarta-priorizar-escolas-civico-militares\/#primaryimage","url":"https:\/\/www.notibras.com\/site\/wp-content\/uploads\/2023\/04\/ministro_camilo_santana-6.jpg","contentUrl":"https:\/\/www.notibras.com\/site\/wp-content\/uploads\/2023\/04\/ministro_camilo_santana-6.jpg","width":1170,"height":700,"caption":"Bras\u00edlia (DF) 12\/04\/2023 Ministro da Educa\u00e7\u00e3o, Camilo Santana, participa de audi\u00eancia p\u00fablica na Comiss\u00e3o de Educa\u00e7\u00e3o da C\u00e2mara dos Deputados."},{"@type":"BreadcrumbList","@id":"https:\/\/www.notibras.com\/site\/governo-descarta-priorizar-escolas-civico-militares\/#breadcrumb","itemListElement":[{"@type":"ListItem","position":1,"name":"In\u00edcio","item":"https:\/\/www.notibras.com\/site\/"},{"@type":"ListItem","position":2,"name":"Governo descarta priorizar escolas c\u00edvico-militares"}]},{"@type":"WebSite","@id":"https:\/\/www.notibras.com\/site\/#website","url":"https:\/\/www.notibras.com\/site\/","name":"Notibras","description":"Not\u00edcias de Bras\u00edlia, do Brasil e do Mundo","publisher":{"@id":"https:\/\/www.notibras.com\/site\/#organization"},"potentialAction":[{"@type":"SearchAction","target":{"@type":"EntryPoint","urlTemplate":"https:\/\/www.notibras.com\/site\/?s={search_term_string}"},"query-input":{"@type":"PropertyValueSpecification","valueRequired":true,"valueName":"search_term_string"}}],"inLanguage":"pt-BR"},{"@type":"Organization","@id":"https:\/\/www.notibras.com\/site\/#organization","name":"Grupo Notibras de Comunica\u00e7\u00e3o","url":"https:\/\/www.notibras.com\/site\/","logo":{"@type":"ImageObject","inLanguage":"pt-BR","@id":"https:\/\/www.notibras.com\/site\/#\/schema\/logo\/image\/","url":"https:\/\/www.notibras.com\/site\/wp-content\/uploads\/2023\/01\/notibras23.png","contentUrl":"https:\/\/www.notibras.com\/site\/wp-content\/uploads\/2023\/01\/notibras23.png","width":350,"height":87,"caption":"Grupo Notibras de Comunica\u00e7\u00e3o"},"image":{"@id":"https:\/\/www.notibras.com\/site\/#\/schema\/logo\/image\/"},"sameAs":["https:\/\/www.facebook.com\/notibras\/","https:\/\/x.com\/Notibras","https:\/\/www.instagram.com\/notibras\/"]},{"@type":"Person","@id":"https:\/\/www.notibras.com\/site\/#\/schema\/person\/36ab0979449956132d3e5b517ea76ac8","name":"Reda\u00e7\u00e3o","image":{"@type":"ImageObject","inLanguage":"pt-BR","@id":"https:\/\/secure.gravatar.com\/avatar\/e0a867bdedb85fd243eadf09663511f96fc81e0720a4a42581f334ad4303aa6b?s=96&d=mm&r=g","url":"https:\/\/secure.gravatar.com\/avatar\/e0a867bdedb85fd243eadf09663511f96fc81e0720a4a42581f334ad4303aa6b?s=96&d=mm&r=g","contentUrl":"https:\/\/secure.gravatar.com\/avatar\/e0a867bdedb85fd243eadf09663511f96fc81e0720a4a42581f334ad4303aa6b?s=96&d=mm&r=g","caption":"Reda\u00e7\u00e3o"}}]}},"amp_enabled":true,"_links":{"self":[{"href":"https:\/\/www.notibras.com\/site\/wp-json\/wp\/v2\/posts\/302936","targetHints":{"allow":["GET"]}}],"collection":[{"href":"https:\/\/www.notibras.com\/site\/wp-json\/wp\/v2\/posts"}],"about":[{"href":"https:\/\/www.notibras.com\/site\/wp-json\/wp\/v2\/types\/post"}],"author":[{"embeddable":true,"href":"https:\/\/www.notibras.com\/site\/wp-json\/wp\/v2\/users\/2"}],"replies":[{"embeddable":true,"href":"https:\/\/www.notibras.com\/site\/wp-json\/wp\/v2\/comments?post=302936"}],"version-history":[{"count":1,"href":"https:\/\/www.notibras.com\/site\/wp-json\/wp\/v2\/posts\/302936\/revisions"}],"predecessor-version":[{"id":302938,"href":"https:\/\/www.notibras.com\/site\/wp-json\/wp\/v2\/posts\/302936\/revisions\/302938"}],"wp:featuredmedia":[{"embeddable":true,"href":"https:\/\/www.notibras.com\/site\/wp-json\/wp\/v2\/media\/302937"}],"wp:attachment":[{"href":"https:\/\/www.notibras.com\/site\/wp-json\/wp\/v2\/media?parent=302936"}],"wp:term":[{"taxonomy":"category","embeddable":true,"href":"https:\/\/www.notibras.com\/site\/wp-json\/wp\/v2\/categories?post=302936"},{"taxonomy":"post_tag","embeddable":true,"href":"https:\/\/www.notibras.com\/site\/wp-json\/wp\/v2\/tags?post=302936"}],"curies":[{"name":"wp","href":"https:\/\/api.w.org\/{rel}","templated":true}]}}