{"id":302942,"date":"2023-04-12T15:12:05","date_gmt":"2023-04-12T18:12:05","guid":{"rendered":"https:\/\/www.notibras.com\/site\/?p=302942"},"modified":"2023-04-12T22:18:13","modified_gmt":"2023-04-13T01:18:13","slug":"postagens-que-incentivam-violencia-poem-twitter-contra-parede","status":"publish","type":"post","link":"https:\/\/www.notibras.com\/site\/postagens-que-incentivam-violencia-poem-twitter-contra-parede\/","title":{"rendered":"Postagens que incentivam viol\u00eancia p\u00f5em Twitter contra parede"},"content":{"rendered":"<p>Mais responsabilidade das plataformas pelo conte\u00fado veiculado nas redes sociais. A cobran\u00e7a \u00e9 do Minist\u00e9rio P\u00fablico Federal que pediu ao departamento jur\u00eddico do <em>Twitter Brasil<\/em>, informa\u00e7\u00f5es sobre quais provid\u00eancias est\u00e3o sendo adotadas para a moderar conte\u00fados que incentivam a viol\u00eancia nas escolas.<\/p>\n<p>No of\u00edcio, o MPF questiona falha da rede social no enfrentamento \u00e0 desinforma\u00e7\u00e3o e na fiscaliza\u00e7\u00e3o de conte\u00fados que causam danos \u00e0 sociedade no ambiente digital.<\/p>\n<p>O documento, assinado pelo procurador adjunto regional dos Direitos do Cidad\u00e3o, em S\u00e3o Paulo, Yuri Corr\u00eaa, solicita a rela\u00e7\u00e3o de todos os perfis e conte\u00fados apontados pelo Minist\u00e9rio da Justi\u00e7a e Seguran\u00e7a P\u00fablica como propagadores de informa\u00e7\u00f5es que estimulem a viol\u00eancia.<\/p>\n<p>Para a presidente do Comit\u00ea Gestor da Internet no Brasil, Renata Mielli, n\u00e3o existe justificativa aceit\u00e1vel para que as plataformas digitais n\u00e3o atuem para remover conte\u00fado impr\u00f3prio, principalmente quando colocam em risco crian\u00e7as e adolescentes. &#8220;A postura, particularmente do Twitter, de manter perfis e conte\u00fados dando visbilidade a agressores \u00e9 completamente ilegal e n\u00e3o tem sintonia com a legisla\u00e7\u00e3o nacional.&#8221;<\/p>\n<p>Nessa ter\u00e7a-feira, o presidente do Tribunal Superior Eleitoral, ministro Alexandre de Moraes, disse que espera que as empresas que operam as redes sociais tomem medidas para evitar publica\u00e7\u00f5es com conte\u00fado nazista, homof\u00f3bico e antidemocr\u00e1tico nas plataformas.<\/p>\n<p>Procurado, o <em>Twitter<\/em> n\u00e3o se manifestou at\u00e9 o fechamento desta reportagem.<\/p>\n<p><strong>Canais<\/strong><br \/>\nDen\u00fancias sobre amea\u00e7as de ataques podem ser feitas ao canal Escola Segura, criado pelo Minist\u00e9rio da Justi\u00e7a e Seguran\u00e7a P\u00fablica, em parceria com a SaferNet Brasil. As informa\u00e7\u00f5es enviadas ao canal ser\u00e3o mantidas sob sigilo e n\u00e3o h\u00e1 identifica\u00e7\u00e3o do denunciante.<\/p>\n<p><a href=\"https:\/\/www.gov.br\/mj\/pt-br\/escolasegura\" target=\"_blank\" rel=\"noopener\">Acesse o site<\/a>\u00a0para fazer uma den\u00fancia.<\/p>\n<p>Em caso de emerg\u00eancia, a orienta\u00e7\u00e3o \u00e9 ligar para o 190 ou para a delegacia de pol\u00edcia mais pr\u00f3xima.<\/p>\n","protected":false},"excerpt":{"rendered":"<p>Mais responsabilidade das plataformas pelo conte\u00fado veiculado nas redes sociais. A cobran\u00e7a \u00e9 do Minist\u00e9rio P\u00fablico Federal que pediu ao departamento jur\u00eddico do Twitter Brasil, informa\u00e7\u00f5es sobre quais provid\u00eancias est\u00e3o sendo adotadas para a moderar conte\u00fados que incentivam a viol\u00eancia nas escolas. No of\u00edcio, o MPF questiona falha da rede social no enfrentamento \u00e0 desinforma\u00e7\u00e3o [&hellip;]<\/p>\n","protected":false},"author":2,"featured_media":302943,"comment_status":"closed","ping_status":"closed","sticky":false,"template":"","format":"standard","meta":{"_acf_changed":false,"footnotes":""},"categories":[161],"tags":[95],"class_list":["post-302942","post","type-post","status-publish","format-standard","has-post-thumbnail","hentry","category-quadradinho-em-foco","tag-capa"],"acf":[],"yoast_head":"<!-- This site is optimized with the Yoast SEO plugin v27.2 - https:\/\/yoast.com\/product\/yoast-seo-wordpress\/ -->\n<title>Postagens que incentivam viol\u00eancia p\u00f5em Twitter contra parede - Notibras<\/title>\n<meta name=\"robots\" content=\"index, follow, max-snippet:-1, max-image-preview:large, max-video-preview:-1\" \/>\n<link rel=\"canonical\" href=\"https:\/\/www.notibras.com\/site\/postagens-que-incentivam-violencia-poem-twitter-contra-parede\/\" \/>\n<meta property=\"og:locale\" content=\"pt_BR\" \/>\n<meta property=\"og:type\" content=\"article\" \/>\n<meta property=\"og:title\" content=\"Postagens que incentivam viol\u00eancia p\u00f5em Twitter contra parede - Notibras\" \/>\n<meta property=\"og:description\" content=\"Mais responsabilidade das plataformas pelo conte\u00fado veiculado nas redes sociais. A cobran\u00e7a \u00e9 do Minist\u00e9rio P\u00fablico Federal que pediu ao departamento jur\u00eddico do Twitter Brasil, informa\u00e7\u00f5es sobre quais provid\u00eancias est\u00e3o sendo adotadas para a moderar conte\u00fados que incentivam a viol\u00eancia nas escolas. No of\u00edcio, o MPF questiona falha da rede social no enfrentamento \u00e0 desinforma\u00e7\u00e3o [&hellip;]\" \/>\n<meta property=\"og:url\" content=\"https:\/\/www.notibras.com\/site\/postagens-que-incentivam-violencia-poem-twitter-contra-parede\/\" \/>\n<meta property=\"og:site_name\" content=\"Notibras\" \/>\n<meta property=\"article:publisher\" content=\"https:\/\/www.facebook.com\/notibras\/\" \/>\n<meta property=\"article:published_time\" content=\"2023-04-12T18:12:05+00:00\" \/>\n<meta property=\"article:modified_time\" content=\"2023-04-13T01:18:13+00:00\" \/>\n<meta property=\"og:image\" content=\"https:\/\/www.notibras.com\/site\/wp-content\/uploads\/2023\/04\/2022-07-22t124247z_1_lynxmpei6l0jb_rtroptp_4_twitter-results.jpg\" \/>\n\t<meta property=\"og:image:width\" content=\"1170\" \/>\n\t<meta property=\"og:image:height\" content=\"700\" \/>\n\t<meta property=\"og:image:type\" content=\"image\/jpeg\" \/>\n<meta name=\"author\" content=\"Reda\u00e7\u00e3o\" \/>\n<meta name=\"twitter:card\" content=\"summary_large_image\" \/>\n<meta name=\"twitter:creator\" content=\"@Notibras\" \/>\n<meta name=\"twitter:site\" content=\"@Notibras\" \/>\n<meta name=\"twitter:label1\" content=\"Escrito por\" \/>\n\t<meta name=\"twitter:data1\" content=\"Reda\u00e7\u00e3o\" \/>\n\t<meta name=\"twitter:label2\" content=\"Est. tempo de leitura\" \/>\n\t<meta name=\"twitter:data2\" content=\"2 minutos\" \/>\n<script type=\"application\/ld+json\" class=\"yoast-schema-graph\">{\"@context\":\"https:\/\/schema.org\",\"@graph\":[{\"@type\":\"Article\",\"@id\":\"https:\/\/www.notibras.com\/site\/postagens-que-incentivam-violencia-poem-twitter-contra-parede\/#article\",\"isPartOf\":{\"@id\":\"https:\/\/www.notibras.com\/site\/postagens-que-incentivam-violencia-poem-twitter-contra-parede\/\"},\"author\":{\"name\":\"Reda\u00e7\u00e3o\",\"@id\":\"https:\/\/www.notibras.com\/site\/#\/schema\/person\/36ab0979449956132d3e5b517ea76ac8\"},\"headline\":\"Postagens que incentivam viol\u00eancia p\u00f5em Twitter contra parede\",\"datePublished\":\"2023-04-12T18:12:05+00:00\",\"dateModified\":\"2023-04-13T01:18:13+00:00\",\"mainEntityOfPage\":{\"@id\":\"https:\/\/www.notibras.com\/site\/postagens-que-incentivam-violencia-poem-twitter-contra-parede\/\"},\"wordCount\":343,\"publisher\":{\"@id\":\"https:\/\/www.notibras.com\/site\/#organization\"},\"image\":{\"@id\":\"https:\/\/www.notibras.com\/site\/postagens-que-incentivam-violencia-poem-twitter-contra-parede\/#primaryimage\"},\"thumbnailUrl\":\"https:\/\/www.notibras.com\/site\/wp-content\/uploads\/2023\/04\/2022-07-22t124247z_1_lynxmpei6l0jb_rtroptp_4_twitter-results.jpg\",\"keywords\":[\"capa\"],\"articleSection\":[\"Quadradinho em Foco\"],\"inLanguage\":\"pt-BR\"},{\"@type\":\"WebPage\",\"@id\":\"https:\/\/www.notibras.com\/site\/postagens-que-incentivam-violencia-poem-twitter-contra-parede\/\",\"url\":\"https:\/\/www.notibras.com\/site\/postagens-que-incentivam-violencia-poem-twitter-contra-parede\/\",\"name\":\"Postagens que incentivam viol\u00eancia p\u00f5em Twitter contra parede - Notibras\",\"isPartOf\":{\"@id\":\"https:\/\/www.notibras.com\/site\/#website\"},\"primaryImageOfPage\":{\"@id\":\"https:\/\/www.notibras.com\/site\/postagens-que-incentivam-violencia-poem-twitter-contra-parede\/#primaryimage\"},\"image\":{\"@id\":\"https:\/\/www.notibras.com\/site\/postagens-que-incentivam-violencia-poem-twitter-contra-parede\/#primaryimage\"},\"thumbnailUrl\":\"https:\/\/www.notibras.com\/site\/wp-content\/uploads\/2023\/04\/2022-07-22t124247z_1_lynxmpei6l0jb_rtroptp_4_twitter-results.jpg\",\"datePublished\":\"2023-04-12T18:12:05+00:00\",\"dateModified\":\"2023-04-13T01:18:13+00:00\",\"breadcrumb\":{\"@id\":\"https:\/\/www.notibras.com\/site\/postagens-que-incentivam-violencia-poem-twitter-contra-parede\/#breadcrumb\"},\"inLanguage\":\"pt-BR\",\"potentialAction\":[{\"@type\":\"ReadAction\",\"target\":[\"https:\/\/www.notibras.com\/site\/postagens-que-incentivam-violencia-poem-twitter-contra-parede\/\"]}]},{\"@type\":\"ImageObject\",\"inLanguage\":\"pt-BR\",\"@id\":\"https:\/\/www.notibras.com\/site\/postagens-que-incentivam-violencia-poem-twitter-contra-parede\/#primaryimage\",\"url\":\"https:\/\/www.notibras.com\/site\/wp-content\/uploads\/2023\/04\/2022-07-22t124247z_1_lynxmpei6l0jb_rtroptp_4_twitter-results.jpg\",\"contentUrl\":\"https:\/\/www.notibras.com\/site\/wp-content\/uploads\/2023\/04\/2022-07-22t124247z_1_lynxmpei6l0jb_rtroptp_4_twitter-results.jpg\",\"width\":1170,\"height\":700},{\"@type\":\"BreadcrumbList\",\"@id\":\"https:\/\/www.notibras.com\/site\/postagens-que-incentivam-violencia-poem-twitter-contra-parede\/#breadcrumb\",\"itemListElement\":[{\"@type\":\"ListItem\",\"position\":1,\"name\":\"In\u00edcio\",\"item\":\"https:\/\/www.notibras.com\/site\/\"},{\"@type\":\"ListItem\",\"position\":2,\"name\":\"Postagens que incentivam viol\u00eancia p\u00f5em Twitter contra parede\"}]},{\"@type\":\"WebSite\",\"@id\":\"https:\/\/www.notibras.com\/site\/#website\",\"url\":\"https:\/\/www.notibras.com\/site\/\",\"name\":\"Notibras\",\"description\":\"Not\u00edcias de Bras\u00edlia, do Brasil e do Mundo\",\"publisher\":{\"@id\":\"https:\/\/www.notibras.com\/site\/#organization\"},\"potentialAction\":[{\"@type\":\"SearchAction\",\"target\":{\"@type\":\"EntryPoint\",\"urlTemplate\":\"https:\/\/www.notibras.com\/site\/?s={search_term_string}\"},\"query-input\":{\"@type\":\"PropertyValueSpecification\",\"valueRequired\":true,\"valueName\":\"search_term_string\"}}],\"inLanguage\":\"pt-BR\"},{\"@type\":\"Organization\",\"@id\":\"https:\/\/www.notibras.com\/site\/#organization\",\"name\":\"Grupo Notibras de Comunica\u00e7\u00e3o\",\"url\":\"https:\/\/www.notibras.com\/site\/\",\"logo\":{\"@type\":\"ImageObject\",\"inLanguage\":\"pt-BR\",\"@id\":\"https:\/\/www.notibras.com\/site\/#\/schema\/logo\/image\/\",\"url\":\"https:\/\/www.notibras.com\/site\/wp-content\/uploads\/2023\/01\/notibras23.png\",\"contentUrl\":\"https:\/\/www.notibras.com\/site\/wp-content\/uploads\/2023\/01\/notibras23.png\",\"width\":350,\"height\":87,\"caption\":\"Grupo Notibras de Comunica\u00e7\u00e3o\"},\"image\":{\"@id\":\"https:\/\/www.notibras.com\/site\/#\/schema\/logo\/image\/\"},\"sameAs\":[\"https:\/\/www.facebook.com\/notibras\/\",\"https:\/\/x.com\/Notibras\",\"https:\/\/www.instagram.com\/notibras\/\"]},{\"@type\":\"Person\",\"@id\":\"https:\/\/www.notibras.com\/site\/#\/schema\/person\/36ab0979449956132d3e5b517ea76ac8\",\"name\":\"Reda\u00e7\u00e3o\",\"image\":{\"@type\":\"ImageObject\",\"inLanguage\":\"pt-BR\",\"@id\":\"https:\/\/secure.gravatar.com\/avatar\/e0a867bdedb85fd243eadf09663511f96fc81e0720a4a42581f334ad4303aa6b?s=96&d=mm&r=g\",\"url\":\"https:\/\/secure.gravatar.com\/avatar\/e0a867bdedb85fd243eadf09663511f96fc81e0720a4a42581f334ad4303aa6b?s=96&d=mm&r=g\",\"contentUrl\":\"https:\/\/secure.gravatar.com\/avatar\/e0a867bdedb85fd243eadf09663511f96fc81e0720a4a42581f334ad4303aa6b?s=96&d=mm&r=g\",\"caption\":\"Reda\u00e7\u00e3o\"}}]}<\/script>\n<!-- \/ Yoast SEO plugin. -->","yoast_head_json":{"title":"Postagens que incentivam viol\u00eancia p\u00f5em Twitter contra parede - Notibras","robots":{"index":"index","follow":"follow","max-snippet":"max-snippet:-1","max-image-preview":"max-image-preview:large","max-video-preview":"max-video-preview:-1"},"canonical":"https:\/\/www.notibras.com\/site\/postagens-que-incentivam-violencia-poem-twitter-contra-parede\/","og_locale":"pt_BR","og_type":"article","og_title":"Postagens que incentivam viol\u00eancia p\u00f5em Twitter contra parede - Notibras","og_description":"Mais responsabilidade das plataformas pelo conte\u00fado veiculado nas redes sociais. A cobran\u00e7a \u00e9 do Minist\u00e9rio P\u00fablico Federal que pediu ao departamento jur\u00eddico do Twitter Brasil, informa\u00e7\u00f5es sobre quais provid\u00eancias est\u00e3o sendo adotadas para a moderar conte\u00fados que incentivam a viol\u00eancia nas escolas. No of\u00edcio, o MPF questiona falha da rede social no enfrentamento \u00e0 desinforma\u00e7\u00e3o [&hellip;]","og_url":"https:\/\/www.notibras.com\/site\/postagens-que-incentivam-violencia-poem-twitter-contra-parede\/","og_site_name":"Notibras","article_publisher":"https:\/\/www.facebook.com\/notibras\/","article_published_time":"2023-04-12T18:12:05+00:00","article_modified_time":"2023-04-13T01:18:13+00:00","og_image":[{"width":1170,"height":700,"url":"https:\/\/www.notibras.com\/site\/wp-content\/uploads\/2023\/04\/2022-07-22t124247z_1_lynxmpei6l0jb_rtroptp_4_twitter-results.jpg","type":"image\/jpeg"}],"author":"Reda\u00e7\u00e3o","twitter_card":"summary_large_image","twitter_creator":"@Notibras","twitter_site":"@Notibras","twitter_misc":{"Escrito por":"Reda\u00e7\u00e3o","Est. tempo de leitura":"2 minutos"},"schema":{"@context":"https:\/\/schema.org","@graph":[{"@type":"Article","@id":"https:\/\/www.notibras.com\/site\/postagens-que-incentivam-violencia-poem-twitter-contra-parede\/#article","isPartOf":{"@id":"https:\/\/www.notibras.com\/site\/postagens-que-incentivam-violencia-poem-twitter-contra-parede\/"},"author":{"name":"Reda\u00e7\u00e3o","@id":"https:\/\/www.notibras.com\/site\/#\/schema\/person\/36ab0979449956132d3e5b517ea76ac8"},"headline":"Postagens que incentivam viol\u00eancia p\u00f5em Twitter contra parede","datePublished":"2023-04-12T18:12:05+00:00","dateModified":"2023-04-13T01:18:13+00:00","mainEntityOfPage":{"@id":"https:\/\/www.notibras.com\/site\/postagens-que-incentivam-violencia-poem-twitter-contra-parede\/"},"wordCount":343,"publisher":{"@id":"https:\/\/www.notibras.com\/site\/#organization"},"image":{"@id":"https:\/\/www.notibras.com\/site\/postagens-que-incentivam-violencia-poem-twitter-contra-parede\/#primaryimage"},"thumbnailUrl":"https:\/\/www.notibras.com\/site\/wp-content\/uploads\/2023\/04\/2022-07-22t124247z_1_lynxmpei6l0jb_rtroptp_4_twitter-results.jpg","keywords":["capa"],"articleSection":["Quadradinho em Foco"],"inLanguage":"pt-BR"},{"@type":"WebPage","@id":"https:\/\/www.notibras.com\/site\/postagens-que-incentivam-violencia-poem-twitter-contra-parede\/","url":"https:\/\/www.notibras.com\/site\/postagens-que-incentivam-violencia-poem-twitter-contra-parede\/","name":"Postagens que incentivam viol\u00eancia p\u00f5em Twitter contra parede - Notibras","isPartOf":{"@id":"https:\/\/www.notibras.com\/site\/#website"},"primaryImageOfPage":{"@id":"https:\/\/www.notibras.com\/site\/postagens-que-incentivam-violencia-poem-twitter-contra-parede\/#primaryimage"},"image":{"@id":"https:\/\/www.notibras.com\/site\/postagens-que-incentivam-violencia-poem-twitter-contra-parede\/#primaryimage"},"thumbnailUrl":"https:\/\/www.notibras.com\/site\/wp-content\/uploads\/2023\/04\/2022-07-22t124247z_1_lynxmpei6l0jb_rtroptp_4_twitter-results.jpg","datePublished":"2023-04-12T18:12:05+00:00","dateModified":"2023-04-13T01:18:13+00:00","breadcrumb":{"@id":"https:\/\/www.notibras.com\/site\/postagens-que-incentivam-violencia-poem-twitter-contra-parede\/#breadcrumb"},"inLanguage":"pt-BR","potentialAction":[{"@type":"ReadAction","target":["https:\/\/www.notibras.com\/site\/postagens-que-incentivam-violencia-poem-twitter-contra-parede\/"]}]},{"@type":"ImageObject","inLanguage":"pt-BR","@id":"https:\/\/www.notibras.com\/site\/postagens-que-incentivam-violencia-poem-twitter-contra-parede\/#primaryimage","url":"https:\/\/www.notibras.com\/site\/wp-content\/uploads\/2023\/04\/2022-07-22t124247z_1_lynxmpei6l0jb_rtroptp_4_twitter-results.jpg","contentUrl":"https:\/\/www.notibras.com\/site\/wp-content\/uploads\/2023\/04\/2022-07-22t124247z_1_lynxmpei6l0jb_rtroptp_4_twitter-results.jpg","width":1170,"height":700},{"@type":"BreadcrumbList","@id":"https:\/\/www.notibras.com\/site\/postagens-que-incentivam-violencia-poem-twitter-contra-parede\/#breadcrumb","itemListElement":[{"@type":"ListItem","position":1,"name":"In\u00edcio","item":"https:\/\/www.notibras.com\/site\/"},{"@type":"ListItem","position":2,"name":"Postagens que incentivam viol\u00eancia p\u00f5em Twitter contra parede"}]},{"@type":"WebSite","@id":"https:\/\/www.notibras.com\/site\/#website","url":"https:\/\/www.notibras.com\/site\/","name":"Notibras","description":"Not\u00edcias de Bras\u00edlia, do Brasil e do Mundo","publisher":{"@id":"https:\/\/www.notibras.com\/site\/#organization"},"potentialAction":[{"@type":"SearchAction","target":{"@type":"EntryPoint","urlTemplate":"https:\/\/www.notibras.com\/site\/?s={search_term_string}"},"query-input":{"@type":"PropertyValueSpecification","valueRequired":true,"valueName":"search_term_string"}}],"inLanguage":"pt-BR"},{"@type":"Organization","@id":"https:\/\/www.notibras.com\/site\/#organization","name":"Grupo Notibras de Comunica\u00e7\u00e3o","url":"https:\/\/www.notibras.com\/site\/","logo":{"@type":"ImageObject","inLanguage":"pt-BR","@id":"https:\/\/www.notibras.com\/site\/#\/schema\/logo\/image\/","url":"https:\/\/www.notibras.com\/site\/wp-content\/uploads\/2023\/01\/notibras23.png","contentUrl":"https:\/\/www.notibras.com\/site\/wp-content\/uploads\/2023\/01\/notibras23.png","width":350,"height":87,"caption":"Grupo Notibras de Comunica\u00e7\u00e3o"},"image":{"@id":"https:\/\/www.notibras.com\/site\/#\/schema\/logo\/image\/"},"sameAs":["https:\/\/www.facebook.com\/notibras\/","https:\/\/x.com\/Notibras","https:\/\/www.instagram.com\/notibras\/"]},{"@type":"Person","@id":"https:\/\/www.notibras.com\/site\/#\/schema\/person\/36ab0979449956132d3e5b517ea76ac8","name":"Reda\u00e7\u00e3o","image":{"@type":"ImageObject","inLanguage":"pt-BR","@id":"https:\/\/secure.gravatar.com\/avatar\/e0a867bdedb85fd243eadf09663511f96fc81e0720a4a42581f334ad4303aa6b?s=96&d=mm&r=g","url":"https:\/\/secure.gravatar.com\/avatar\/e0a867bdedb85fd243eadf09663511f96fc81e0720a4a42581f334ad4303aa6b?s=96&d=mm&r=g","contentUrl":"https:\/\/secure.gravatar.com\/avatar\/e0a867bdedb85fd243eadf09663511f96fc81e0720a4a42581f334ad4303aa6b?s=96&d=mm&r=g","caption":"Reda\u00e7\u00e3o"}}]}},"amp_enabled":true,"_links":{"self":[{"href":"https:\/\/www.notibras.com\/site\/wp-json\/wp\/v2\/posts\/302942","targetHints":{"allow":["GET"]}}],"collection":[{"href":"https:\/\/www.notibras.com\/site\/wp-json\/wp\/v2\/posts"}],"about":[{"href":"https:\/\/www.notibras.com\/site\/wp-json\/wp\/v2\/types\/post"}],"author":[{"embeddable":true,"href":"https:\/\/www.notibras.com\/site\/wp-json\/wp\/v2\/users\/2"}],"replies":[{"embeddable":true,"href":"https:\/\/www.notibras.com\/site\/wp-json\/wp\/v2\/comments?post=302942"}],"version-history":[{"count":1,"href":"https:\/\/www.notibras.com\/site\/wp-json\/wp\/v2\/posts\/302942\/revisions"}],"predecessor-version":[{"id":302944,"href":"https:\/\/www.notibras.com\/site\/wp-json\/wp\/v2\/posts\/302942\/revisions\/302944"}],"wp:featuredmedia":[{"embeddable":true,"href":"https:\/\/www.notibras.com\/site\/wp-json\/wp\/v2\/media\/302943"}],"wp:attachment":[{"href":"https:\/\/www.notibras.com\/site\/wp-json\/wp\/v2\/media?parent=302942"}],"wp:term":[{"taxonomy":"category","embeddable":true,"href":"https:\/\/www.notibras.com\/site\/wp-json\/wp\/v2\/categories?post=302942"},{"taxonomy":"post_tag","embeddable":true,"href":"https:\/\/www.notibras.com\/site\/wp-json\/wp\/v2\/tags?post=302942"}],"curies":[{"name":"wp","href":"https:\/\/api.w.org\/{rel}","templated":true}]}}