{"id":302945,"date":"2023-04-12T18:19:36","date_gmt":"2023-04-12T21:19:36","guid":{"rendered":"https:\/\/www.notibras.com\/site\/?p=302945"},"modified":"2023-04-12T22:31:43","modified_gmt":"2023-04-13T01:31:43","slug":"esdras-e-carcereiro-mostram-lado-emotivo-de-marisa","status":"publish","type":"post","link":"https:\/\/www.notibras.com\/site\/esdras-e-carcereiro-mostram-lado-emotivo-de-marisa\/","title":{"rendered":"Esdras e carcereiro mostram lado emotivo de Marisa"},"content":{"rendered":"<p>Toda vez que descia aquela ladeira, Marisa j\u00e1 sentia o cheiro de confus\u00e3o. Psiquiatra de profiss\u00e3o, atendia aquela ala do pres\u00eddio no Gama, onde vivia uma enorme gama de seres humanos com hist\u00f3ricos dos mais diversos. Para a maioria da popula\u00e7\u00e3o livre das grades, no entanto, poderiam ser vistos como doidos varridos.<\/p>\n<p>Apesar da quase uma d\u00e9cada lidando com aqueles de onde a sanidade havia sido varrida por completo, Marisa ainda assim se surpreendia. Ali\u00e1s, um dos casos mais intrigantes dos \u00faltimos tempos era o de Esdras, um homem de seus quase 40 anos, mirrado como um adolescente desnutrido. Para completar o quadro, ele sofria de paralisia de metade do corpo, o que lhe conferiam bra\u00e7o e perna ainda mais finos do lado direito.<\/p>\n<p>O detento andava arrastando a perna direita por onde ia. Quanto ao bra\u00e7o paralisado, praticamente nenhum movimento. Tombado para baixo, nem conseguia mexer os dedos, quanto mais fechar o punho.<\/p>\n<p>A voz, quase infantil, combinava com os tristes olhos de menino abandonado. Sempre fitando os pr\u00f3prios p\u00e9s, Esdras n\u00e3o conseguia encarar as pessoas, como se uma timidez lhe tomasse por inteiro. Todavia, n\u00e3o se iludam com tal apar\u00eancia. Era um assassino dos mais ardilosos, a despeito de tamanha fragilidade.<\/p>\n<p>&#8211; Por que voc\u00ea tentou matar seu pai?<\/p>\n<p>&#8211; N\u00e3o sei, doutora. De vez em quando uma coisa vem.<\/p>\n<p>&#8211; Que coisa, Esdras?<\/p>\n<p>&#8211;\u00a0N\u00e3o sei. Simplesmente vem.<\/p>\n<p>Esdras havia sido preso h\u00e1 pouco mais de um m\u00eas, quando esfaqueou seu pai adotivo, o velho Odorico. Apesar das tr\u00eas facadas, o homem sobreviveu. Por milagre, disseram os m\u00e9dicos. Uma das punhaladas atingiu um dos pulm\u00f5es. Odorico cuspiu sangue pela boca antes de ser socorrido.<\/p>\n<p>Na delegacia, Esdras se manteve calado. N\u00e3o que quisesse manter em segredo a motiva\u00e7\u00e3o do seu crime. Ele simplesmente n\u00e3o sabia. Estava at\u00f4nito tanto ou quase tanto como todos ao seu redor.<\/p>\n<p>O criminoso foi colocado junto a outros presos numa cela. Num canto, todo encolhido, mantinha os grandes olhos castanhos direcionados para os pr\u00f3prios p\u00e9s. Os outros detentos, tr\u00eas para ser preciso, acabaram adormecendo sem ligar para o agora colega. Ledo engano. Foram despertados pela f\u00faria de Esdras, que desferia v\u00e1rios socos na cabe\u00e7a de um deles. Murros com a \u00fanica m\u00e3o que valia a pena ainda manter naquele corpo fr\u00e1gil, a esquerda.<\/p>\n<p>Os dois outros presos come\u00e7aram a espancar Esdras, enquanto o terceiro vomitava os bofes. Os policiais de plant\u00e3o agiram r\u00e1pido e conseguiram evitar que o maluco fosse morto ali mesmo. Separaram-no dos demais.<\/p>\n<p>No dia seguinte, enquanto era levado para a audi\u00eancia de cust\u00f3dia, eis que Esdras quase arrancou um peda\u00e7o da orelha de um dos presos. Cheio de dor, a v\u00edtima gritou por socorro, mesmo sendo muito mais forte que Esdras. Ningu\u00e9m acreditava que aquele aleijado pudesse ter feito aquilo.<\/p>\n<p>Marisa, depois de fazer suas anota\u00e7\u00f5es, se despediu do seu mais novo paciente. Esdras, com os olhos voltados para baixo, mal conseguiu balbuciar algo. No entanto, assim que o carcereiro apagou a luz da cela, algo chamou a aten\u00e7\u00e3o da psiquiatra.<\/p>\n<p>&#8211; O senhor vai me deixar no escuro?<\/p>\n<p>&#8211; Por qu\u00ea? Voc\u00ea tem medo de escuro?<\/p>\n<p>&#8211; Tenho.<\/p>\n<p>&#8211;\u00a0Pode ficar tranquilo, Esdras. Nada de mal vai lhe acontecer. Vou ficar aqui perto para te proteger.<\/p>\n<p>Marisa, depois de quase dez anos trabalhando na ala psiqui\u00e1trica do pres\u00eddio, ficou surpresa n\u00e3o com o medo de escuro do paciente, mas com a bondade inesperada do carcereiro.<\/p>\n","protected":false},"excerpt":{"rendered":"<p>Toda vez que descia aquela ladeira, Marisa j\u00e1 sentia o cheiro de confus\u00e3o. Psiquiatra de profiss\u00e3o, atendia aquela ala do pres\u00eddio no Gama, onde vivia uma enorme gama de seres humanos com hist\u00f3ricos dos mais diversos. Para a maioria da popula\u00e7\u00e3o livre das grades, no entanto, poderiam ser vistos como doidos varridos. Apesar da quase [&hellip;]<\/p>\n","protected":false},"author":2,"featured_media":302946,"comment_status":"closed","ping_status":"closed","sticky":false,"template":"","format":"standard","meta":{"_acf_changed":false,"footnotes":""},"categories":[161],"tags":[],"class_list":["post-302945","post","type-post","status-publish","format-standard","has-post-thumbnail","hentry","category-quadradinho-em-foco"],"acf":[],"yoast_head":"<!-- This site is optimized with the Yoast SEO plugin v27.2 - https:\/\/yoast.com\/product\/yoast-seo-wordpress\/ -->\n<title>Esdras e carcereiro mostram lado emotivo de Marisa - Notibras<\/title>\n<meta name=\"robots\" content=\"index, follow, max-snippet:-1, max-image-preview:large, max-video-preview:-1\" \/>\n<link rel=\"canonical\" href=\"https:\/\/www.notibras.com\/site\/esdras-e-carcereiro-mostram-lado-emotivo-de-marisa\/\" \/>\n<meta property=\"og:locale\" content=\"pt_BR\" \/>\n<meta property=\"og:type\" content=\"article\" \/>\n<meta property=\"og:title\" content=\"Esdras e carcereiro mostram lado emotivo de Marisa - Notibras\" \/>\n<meta property=\"og:description\" content=\"Toda vez que descia aquela ladeira, Marisa j\u00e1 sentia o cheiro de confus\u00e3o. Psiquiatra de profiss\u00e3o, atendia aquela ala do pres\u00eddio no Gama, onde vivia uma enorme gama de seres humanos com hist\u00f3ricos dos mais diversos. Para a maioria da popula\u00e7\u00e3o livre das grades, no entanto, poderiam ser vistos como doidos varridos. Apesar da quase [&hellip;]\" \/>\n<meta property=\"og:url\" content=\"https:\/\/www.notibras.com\/site\/esdras-e-carcereiro-mostram-lado-emotivo-de-marisa\/\" \/>\n<meta property=\"og:site_name\" content=\"Notibras\" \/>\n<meta property=\"article:publisher\" content=\"https:\/\/www.facebook.com\/notibras\/\" \/>\n<meta property=\"article:published_time\" content=\"2023-04-12T21:19:36+00:00\" \/>\n<meta property=\"article:modified_time\" content=\"2023-04-13T01:31:43+00:00\" \/>\n<meta property=\"og:image\" content=\"https:\/\/www.notibras.com\/site\/wp-content\/uploads\/2023\/04\/2017-07-09-07-45-21-scaled.jpg\" \/>\n\t<meta property=\"og:image:width\" content=\"2560\" \/>\n\t<meta property=\"og:image:height\" content=\"1695\" \/>\n\t<meta property=\"og:image:type\" content=\"image\/jpeg\" \/>\n<meta name=\"author\" content=\"Reda\u00e7\u00e3o\" \/>\n<meta name=\"twitter:card\" content=\"summary_large_image\" \/>\n<meta name=\"twitter:creator\" content=\"@Notibras\" \/>\n<meta name=\"twitter:site\" content=\"@Notibras\" \/>\n<meta name=\"twitter:label1\" content=\"Escrito por\" \/>\n\t<meta name=\"twitter:data1\" content=\"Reda\u00e7\u00e3o\" \/>\n\t<meta name=\"twitter:label2\" content=\"Est. tempo de leitura\" \/>\n\t<meta name=\"twitter:data2\" content=\"4 minutos\" \/>\n<script type=\"application\/ld+json\" class=\"yoast-schema-graph\">{\"@context\":\"https:\/\/schema.org\",\"@graph\":[{\"@type\":\"Article\",\"@id\":\"https:\/\/www.notibras.com\/site\/esdras-e-carcereiro-mostram-lado-emotivo-de-marisa\/#article\",\"isPartOf\":{\"@id\":\"https:\/\/www.notibras.com\/site\/esdras-e-carcereiro-mostram-lado-emotivo-de-marisa\/\"},\"author\":{\"name\":\"Reda\u00e7\u00e3o\",\"@id\":\"https:\/\/www.notibras.com\/site\/#\/schema\/person\/36ab0979449956132d3e5b517ea76ac8\"},\"headline\":\"Esdras e carcereiro mostram lado emotivo de Marisa\",\"datePublished\":\"2023-04-12T21:19:36+00:00\",\"dateModified\":\"2023-04-13T01:31:43+00:00\",\"mainEntityOfPage\":{\"@id\":\"https:\/\/www.notibras.com\/site\/esdras-e-carcereiro-mostram-lado-emotivo-de-marisa\/\"},\"wordCount\":620,\"publisher\":{\"@id\":\"https:\/\/www.notibras.com\/site\/#organization\"},\"image\":{\"@id\":\"https:\/\/www.notibras.com\/site\/esdras-e-carcereiro-mostram-lado-emotivo-de-marisa\/#primaryimage\"},\"thumbnailUrl\":\"https:\/\/www.notibras.com\/site\/wp-content\/uploads\/2023\/04\/2017-07-09-07-45-21-scaled.jpg\",\"articleSection\":[\"Quadradinho em Foco\"],\"inLanguage\":\"pt-BR\"},{\"@type\":\"WebPage\",\"@id\":\"https:\/\/www.notibras.com\/site\/esdras-e-carcereiro-mostram-lado-emotivo-de-marisa\/\",\"url\":\"https:\/\/www.notibras.com\/site\/esdras-e-carcereiro-mostram-lado-emotivo-de-marisa\/\",\"name\":\"Esdras e carcereiro mostram lado emotivo de Marisa - Notibras\",\"isPartOf\":{\"@id\":\"https:\/\/www.notibras.com\/site\/#website\"},\"primaryImageOfPage\":{\"@id\":\"https:\/\/www.notibras.com\/site\/esdras-e-carcereiro-mostram-lado-emotivo-de-marisa\/#primaryimage\"},\"image\":{\"@id\":\"https:\/\/www.notibras.com\/site\/esdras-e-carcereiro-mostram-lado-emotivo-de-marisa\/#primaryimage\"},\"thumbnailUrl\":\"https:\/\/www.notibras.com\/site\/wp-content\/uploads\/2023\/04\/2017-07-09-07-45-21-scaled.jpg\",\"datePublished\":\"2023-04-12T21:19:36+00:00\",\"dateModified\":\"2023-04-13T01:31:43+00:00\",\"breadcrumb\":{\"@id\":\"https:\/\/www.notibras.com\/site\/esdras-e-carcereiro-mostram-lado-emotivo-de-marisa\/#breadcrumb\"},\"inLanguage\":\"pt-BR\",\"potentialAction\":[{\"@type\":\"ReadAction\",\"target\":[\"https:\/\/www.notibras.com\/site\/esdras-e-carcereiro-mostram-lado-emotivo-de-marisa\/\"]}]},{\"@type\":\"ImageObject\",\"inLanguage\":\"pt-BR\",\"@id\":\"https:\/\/www.notibras.com\/site\/esdras-e-carcereiro-mostram-lado-emotivo-de-marisa\/#primaryimage\",\"url\":\"https:\/\/www.notibras.com\/site\/wp-content\/uploads\/2023\/04\/2017-07-09-07-45-21-scaled.jpg\",\"contentUrl\":\"https:\/\/www.notibras.com\/site\/wp-content\/uploads\/2023\/04\/2017-07-09-07-45-21-scaled.jpg\",\"width\":2560,\"height\":1695,\"caption\":\"bokeh, lights, angel\"},{\"@type\":\"BreadcrumbList\",\"@id\":\"https:\/\/www.notibras.com\/site\/esdras-e-carcereiro-mostram-lado-emotivo-de-marisa\/#breadcrumb\",\"itemListElement\":[{\"@type\":\"ListItem\",\"position\":1,\"name\":\"In\u00edcio\",\"item\":\"https:\/\/www.notibras.com\/site\/\"},{\"@type\":\"ListItem\",\"position\":2,\"name\":\"Esdras e carcereiro mostram lado emotivo de Marisa\"}]},{\"@type\":\"WebSite\",\"@id\":\"https:\/\/www.notibras.com\/site\/#website\",\"url\":\"https:\/\/www.notibras.com\/site\/\",\"name\":\"Notibras\",\"description\":\"Not\u00edcias de Bras\u00edlia, do Brasil e do Mundo\",\"publisher\":{\"@id\":\"https:\/\/www.notibras.com\/site\/#organization\"},\"potentialAction\":[{\"@type\":\"SearchAction\",\"target\":{\"@type\":\"EntryPoint\",\"urlTemplate\":\"https:\/\/www.notibras.com\/site\/?s={search_term_string}\"},\"query-input\":{\"@type\":\"PropertyValueSpecification\",\"valueRequired\":true,\"valueName\":\"search_term_string\"}}],\"inLanguage\":\"pt-BR\"},{\"@type\":\"Organization\",\"@id\":\"https:\/\/www.notibras.com\/site\/#organization\",\"name\":\"Grupo Notibras de Comunica\u00e7\u00e3o\",\"url\":\"https:\/\/www.notibras.com\/site\/\",\"logo\":{\"@type\":\"ImageObject\",\"inLanguage\":\"pt-BR\",\"@id\":\"https:\/\/www.notibras.com\/site\/#\/schema\/logo\/image\/\",\"url\":\"https:\/\/www.notibras.com\/site\/wp-content\/uploads\/2023\/01\/notibras23.png\",\"contentUrl\":\"https:\/\/www.notibras.com\/site\/wp-content\/uploads\/2023\/01\/notibras23.png\",\"width\":350,\"height\":87,\"caption\":\"Grupo Notibras de Comunica\u00e7\u00e3o\"},\"image\":{\"@id\":\"https:\/\/www.notibras.com\/site\/#\/schema\/logo\/image\/\"},\"sameAs\":[\"https:\/\/www.facebook.com\/notibras\/\",\"https:\/\/x.com\/Notibras\",\"https:\/\/www.instagram.com\/notibras\/\"]},{\"@type\":\"Person\",\"@id\":\"https:\/\/www.notibras.com\/site\/#\/schema\/person\/36ab0979449956132d3e5b517ea76ac8\",\"name\":\"Reda\u00e7\u00e3o\",\"image\":{\"@type\":\"ImageObject\",\"inLanguage\":\"pt-BR\",\"@id\":\"https:\/\/secure.gravatar.com\/avatar\/e0a867bdedb85fd243eadf09663511f96fc81e0720a4a42581f334ad4303aa6b?s=96&d=mm&r=g\",\"url\":\"https:\/\/secure.gravatar.com\/avatar\/e0a867bdedb85fd243eadf09663511f96fc81e0720a4a42581f334ad4303aa6b?s=96&d=mm&r=g\",\"contentUrl\":\"https:\/\/secure.gravatar.com\/avatar\/e0a867bdedb85fd243eadf09663511f96fc81e0720a4a42581f334ad4303aa6b?s=96&d=mm&r=g\",\"caption\":\"Reda\u00e7\u00e3o\"}}]}<\/script>\n<!-- \/ Yoast SEO plugin. -->","yoast_head_json":{"title":"Esdras e carcereiro mostram lado emotivo de Marisa - Notibras","robots":{"index":"index","follow":"follow","max-snippet":"max-snippet:-1","max-image-preview":"max-image-preview:large","max-video-preview":"max-video-preview:-1"},"canonical":"https:\/\/www.notibras.com\/site\/esdras-e-carcereiro-mostram-lado-emotivo-de-marisa\/","og_locale":"pt_BR","og_type":"article","og_title":"Esdras e carcereiro mostram lado emotivo de Marisa - Notibras","og_description":"Toda vez que descia aquela ladeira, Marisa j\u00e1 sentia o cheiro de confus\u00e3o. Psiquiatra de profiss\u00e3o, atendia aquela ala do pres\u00eddio no Gama, onde vivia uma enorme gama de seres humanos com hist\u00f3ricos dos mais diversos. Para a maioria da popula\u00e7\u00e3o livre das grades, no entanto, poderiam ser vistos como doidos varridos. Apesar da quase [&hellip;]","og_url":"https:\/\/www.notibras.com\/site\/esdras-e-carcereiro-mostram-lado-emotivo-de-marisa\/","og_site_name":"Notibras","article_publisher":"https:\/\/www.facebook.com\/notibras\/","article_published_time":"2023-04-12T21:19:36+00:00","article_modified_time":"2023-04-13T01:31:43+00:00","og_image":[{"width":2560,"height":1695,"url":"https:\/\/www.notibras.com\/site\/wp-content\/uploads\/2023\/04\/2017-07-09-07-45-21-scaled.jpg","type":"image\/jpeg"}],"author":"Reda\u00e7\u00e3o","twitter_card":"summary_large_image","twitter_creator":"@Notibras","twitter_site":"@Notibras","twitter_misc":{"Escrito por":"Reda\u00e7\u00e3o","Est. tempo de leitura":"4 minutos"},"schema":{"@context":"https:\/\/schema.org","@graph":[{"@type":"Article","@id":"https:\/\/www.notibras.com\/site\/esdras-e-carcereiro-mostram-lado-emotivo-de-marisa\/#article","isPartOf":{"@id":"https:\/\/www.notibras.com\/site\/esdras-e-carcereiro-mostram-lado-emotivo-de-marisa\/"},"author":{"name":"Reda\u00e7\u00e3o","@id":"https:\/\/www.notibras.com\/site\/#\/schema\/person\/36ab0979449956132d3e5b517ea76ac8"},"headline":"Esdras e carcereiro mostram lado emotivo de Marisa","datePublished":"2023-04-12T21:19:36+00:00","dateModified":"2023-04-13T01:31:43+00:00","mainEntityOfPage":{"@id":"https:\/\/www.notibras.com\/site\/esdras-e-carcereiro-mostram-lado-emotivo-de-marisa\/"},"wordCount":620,"publisher":{"@id":"https:\/\/www.notibras.com\/site\/#organization"},"image":{"@id":"https:\/\/www.notibras.com\/site\/esdras-e-carcereiro-mostram-lado-emotivo-de-marisa\/#primaryimage"},"thumbnailUrl":"https:\/\/www.notibras.com\/site\/wp-content\/uploads\/2023\/04\/2017-07-09-07-45-21-scaled.jpg","articleSection":["Quadradinho em Foco"],"inLanguage":"pt-BR"},{"@type":"WebPage","@id":"https:\/\/www.notibras.com\/site\/esdras-e-carcereiro-mostram-lado-emotivo-de-marisa\/","url":"https:\/\/www.notibras.com\/site\/esdras-e-carcereiro-mostram-lado-emotivo-de-marisa\/","name":"Esdras e carcereiro mostram lado emotivo de Marisa - Notibras","isPartOf":{"@id":"https:\/\/www.notibras.com\/site\/#website"},"primaryImageOfPage":{"@id":"https:\/\/www.notibras.com\/site\/esdras-e-carcereiro-mostram-lado-emotivo-de-marisa\/#primaryimage"},"image":{"@id":"https:\/\/www.notibras.com\/site\/esdras-e-carcereiro-mostram-lado-emotivo-de-marisa\/#primaryimage"},"thumbnailUrl":"https:\/\/www.notibras.com\/site\/wp-content\/uploads\/2023\/04\/2017-07-09-07-45-21-scaled.jpg","datePublished":"2023-04-12T21:19:36+00:00","dateModified":"2023-04-13T01:31:43+00:00","breadcrumb":{"@id":"https:\/\/www.notibras.com\/site\/esdras-e-carcereiro-mostram-lado-emotivo-de-marisa\/#breadcrumb"},"inLanguage":"pt-BR","potentialAction":[{"@type":"ReadAction","target":["https:\/\/www.notibras.com\/site\/esdras-e-carcereiro-mostram-lado-emotivo-de-marisa\/"]}]},{"@type":"ImageObject","inLanguage":"pt-BR","@id":"https:\/\/www.notibras.com\/site\/esdras-e-carcereiro-mostram-lado-emotivo-de-marisa\/#primaryimage","url":"https:\/\/www.notibras.com\/site\/wp-content\/uploads\/2023\/04\/2017-07-09-07-45-21-scaled.jpg","contentUrl":"https:\/\/www.notibras.com\/site\/wp-content\/uploads\/2023\/04\/2017-07-09-07-45-21-scaled.jpg","width":2560,"height":1695,"caption":"bokeh, lights, angel"},{"@type":"BreadcrumbList","@id":"https:\/\/www.notibras.com\/site\/esdras-e-carcereiro-mostram-lado-emotivo-de-marisa\/#breadcrumb","itemListElement":[{"@type":"ListItem","position":1,"name":"In\u00edcio","item":"https:\/\/www.notibras.com\/site\/"},{"@type":"ListItem","position":2,"name":"Esdras e carcereiro mostram lado emotivo de Marisa"}]},{"@type":"WebSite","@id":"https:\/\/www.notibras.com\/site\/#website","url":"https:\/\/www.notibras.com\/site\/","name":"Notibras","description":"Not\u00edcias de Bras\u00edlia, do Brasil e do Mundo","publisher":{"@id":"https:\/\/www.notibras.com\/site\/#organization"},"potentialAction":[{"@type":"SearchAction","target":{"@type":"EntryPoint","urlTemplate":"https:\/\/www.notibras.com\/site\/?s={search_term_string}"},"query-input":{"@type":"PropertyValueSpecification","valueRequired":true,"valueName":"search_term_string"}}],"inLanguage":"pt-BR"},{"@type":"Organization","@id":"https:\/\/www.notibras.com\/site\/#organization","name":"Grupo Notibras de Comunica\u00e7\u00e3o","url":"https:\/\/www.notibras.com\/site\/","logo":{"@type":"ImageObject","inLanguage":"pt-BR","@id":"https:\/\/www.notibras.com\/site\/#\/schema\/logo\/image\/","url":"https:\/\/www.notibras.com\/site\/wp-content\/uploads\/2023\/01\/notibras23.png","contentUrl":"https:\/\/www.notibras.com\/site\/wp-content\/uploads\/2023\/01\/notibras23.png","width":350,"height":87,"caption":"Grupo Notibras de Comunica\u00e7\u00e3o"},"image":{"@id":"https:\/\/www.notibras.com\/site\/#\/schema\/logo\/image\/"},"sameAs":["https:\/\/www.facebook.com\/notibras\/","https:\/\/x.com\/Notibras","https:\/\/www.instagram.com\/notibras\/"]},{"@type":"Person","@id":"https:\/\/www.notibras.com\/site\/#\/schema\/person\/36ab0979449956132d3e5b517ea76ac8","name":"Reda\u00e7\u00e3o","image":{"@type":"ImageObject","inLanguage":"pt-BR","@id":"https:\/\/secure.gravatar.com\/avatar\/e0a867bdedb85fd243eadf09663511f96fc81e0720a4a42581f334ad4303aa6b?s=96&d=mm&r=g","url":"https:\/\/secure.gravatar.com\/avatar\/e0a867bdedb85fd243eadf09663511f96fc81e0720a4a42581f334ad4303aa6b?s=96&d=mm&r=g","contentUrl":"https:\/\/secure.gravatar.com\/avatar\/e0a867bdedb85fd243eadf09663511f96fc81e0720a4a42581f334ad4303aa6b?s=96&d=mm&r=g","caption":"Reda\u00e7\u00e3o"}}]}},"amp_enabled":true,"_links":{"self":[{"href":"https:\/\/www.notibras.com\/site\/wp-json\/wp\/v2\/posts\/302945","targetHints":{"allow":["GET"]}}],"collection":[{"href":"https:\/\/www.notibras.com\/site\/wp-json\/wp\/v2\/posts"}],"about":[{"href":"https:\/\/www.notibras.com\/site\/wp-json\/wp\/v2\/types\/post"}],"author":[{"embeddable":true,"href":"https:\/\/www.notibras.com\/site\/wp-json\/wp\/v2\/users\/2"}],"replies":[{"embeddable":true,"href":"https:\/\/www.notibras.com\/site\/wp-json\/wp\/v2\/comments?post=302945"}],"version-history":[{"count":1,"href":"https:\/\/www.notibras.com\/site\/wp-json\/wp\/v2\/posts\/302945\/revisions"}],"predecessor-version":[{"id":302947,"href":"https:\/\/www.notibras.com\/site\/wp-json\/wp\/v2\/posts\/302945\/revisions\/302947"}],"wp:featuredmedia":[{"embeddable":true,"href":"https:\/\/www.notibras.com\/site\/wp-json\/wp\/v2\/media\/302946"}],"wp:attachment":[{"href":"https:\/\/www.notibras.com\/site\/wp-json\/wp\/v2\/media?parent=302945"}],"wp:term":[{"taxonomy":"category","embeddable":true,"href":"https:\/\/www.notibras.com\/site\/wp-json\/wp\/v2\/categories?post=302945"},{"taxonomy":"post_tag","embeddable":true,"href":"https:\/\/www.notibras.com\/site\/wp-json\/wp\/v2\/tags?post=302945"}],"curies":[{"name":"wp","href":"https:\/\/api.w.org\/{rel}","templated":true}]}}