{"id":302948,"date":"2023-04-12T21:44:16","date_gmt":"2023-04-13T00:44:16","guid":{"rendered":"https:\/\/www.notibras.com\/site\/?p=302948"},"modified":"2023-04-12T22:46:32","modified_gmt":"2023-04-13T01:46:32","slug":"302948-2","status":"publish","type":"post","link":"https:\/\/www.notibras.com\/site\/302948-2\/","title":{"rendered":"Redes sociais obrigadas a excluir apologia \u00e0 viol\u00eancia"},"content":{"rendered":"<p>Em meio ao ambiente de p\u00e2nico envolvendo amea\u00e7as e casos de viol\u00eancia no ambiente escolar, o Minist\u00e9rio da Justi\u00e7a e Seguran\u00e7a P\u00fablica (MJSP) anunciou nesta quarta-feira (12) a edi\u00e7\u00e3o de uma nova portaria com uma s\u00e9rie de obriga\u00e7\u00f5es para as plataformas de redes sociais. De acordo com o ministro Fl\u00e1vio Dino, a norma assinada por ele traz &#8220;medidas pr\u00e1ticas e concretas&#8221; de regula\u00e7\u00e3o do servi\u00e7o prestado pelo setor, com foco espec\u00edfico na preven\u00e7\u00e3o de viol\u00eancia contra escolas. Nas \u00faltimas semanas, ocorreram dois atentados desse tipo e amea\u00e7as de ataques t\u00eam se propagado no pa\u00eds inteiro.<\/p>\n<p>&#8220;Pela primeira vez temos um regramento claro de como combater condutas a partir da responsabiliza\u00e7\u00e3o das empresas, que, durante anos, disseram que elas eram neutras e que, portanto, elas n\u00e3o eram respons\u00e1veis. E s\u00e3o. O que a portaria afirma \u00e9 que s\u00e3o respons\u00e1veis politicamente, socialmente e juridicamente. Porque essas empresas s\u00e3o prestadoras de servi\u00e7os, eles selecionam conte\u00fado que n\u00f3s visualizamos, eles impulsionam conte\u00fados, eles influenciam, portanto, no conte\u00fado que circula na internet&#8221;, afirmou em coletiva de imprensa para anunciar a medida.<\/p>\n<p>A portaria prev\u00ea, por exemplo, que a Secretaria Nacional do Consumidor (Senacon), \u00f3rg\u00e3o do Minist\u00e9rio da Justi\u00e7a, instaure processos administrativos para apura\u00e7\u00e3o de responsabilidade de cada empresa em rela\u00e7\u00e3o \u00e0 eventual viola\u00e7\u00e3o do que o ministro chamou de &#8220;dever de seguran\u00e7a e de cuidado&#8221; das plataformas em rela\u00e7\u00e3o a conte\u00fados violentos contra comunidades escolares. \u00c9 no \u00e2mbito desses processos que as plataformas dever\u00e3o atender a diversas requisi\u00e7\u00f5es da pasta prevista na norma, como, por exemplo, a obriga\u00e7\u00e3o de apresentar relat\u00f3rios de avalia\u00e7\u00e3o de riscos sist\u00eamicos sobre propaga\u00e7\u00e3o de conte\u00fados il\u00edcitos, informa\u00e7\u00f5es sobre risco de acesso de crian\u00e7as e adolescentes a conte\u00fados inapropriados para idade, al\u00e9m de conte\u00fados considerados ilegais, nocivos e danosos, segundo a portaria.<\/p>\n<p>A Senacon tamb\u00e9m poder\u00e1 requerer informa\u00e7\u00f5es sobre risco de propaga\u00e7\u00e3o e viraliza\u00e7\u00e3o de conte\u00fados e perfis que exibam extremismo violento, incentivem ataques ao ambiente escolar ou fa\u00e7am apologia e incita\u00e7\u00e3o a esses crimes ou a seus perpetradores.<\/p>\n<p>O descumprimento das medidas, segundo o ministro Fl\u00e1vio Dino, poder\u00e1 acarretar aplica\u00e7\u00e3o de multas que podem chegar a R$ 12 milh\u00f5es ou, nos casos mais graves, at\u00e9 mesmo na suspens\u00e3o administrativa dos servi\u00e7os das redes sociais no pa\u00eds.<\/p>\n<p>&#8220;O que desejamos \u00e9 a adequa\u00e7\u00e3o desses servi\u00e7os. Mas, o processo administrativo estar\u00e1 instaurado e, claro, se n\u00e3o houver o atendimento dessa normatividade ditada sobre viol\u00eancia contra escolas, o processo administrativo vai adiante para que haja aplica\u00e7\u00e3o dessas san\u00e7\u00f5es, que v\u00e3o desde multas at\u00e9, eventualmente, a suspens\u00e3o das atividades&#8221;, ressaltou Dino. Apesar de ser editada em contexto de crise, a portaria tem prazo indeterminado.<\/p>\n<p><strong>Identifica\u00e7\u00e3o de autores<\/strong><br \/>\nOutra determina\u00e7\u00e3o da portaria exige o compartilhamento, entre as plataformas de redes sociais e as autoridades policiais, de dados que permitam a identifica\u00e7\u00e3o do usu\u00e1rio ou do terminal da conex\u00e3o com a internet que o usu\u00e1rio disponibilizou o conte\u00fado considerado violento contra escolas. Este trabalho ficar\u00e1 sob coordena\u00e7\u00e3o da Secretaria Nacional de Seguran\u00e7a P\u00fablica (Senasp), tamb\u00e9m vinculada ao MJSP.<\/p>\n<p>Tamb\u00e9m segundo a portaria, a Senasp poder\u00e1 determinar \u00e0s plataformas que impe\u00e7am a cria\u00e7\u00e3o de novos perfis a partir dos endere\u00e7os de protocolo de internet (endere\u00e7o IP) em que j\u00e1 foram detectadas atividades ilegais, danosas e perigosas.<\/p>\n<p>Ainda de acordo com a portaria, a Senasp vai instituir um banco de dados de conte\u00fados ilegais, contendo links, imagens, v\u00eddeos, entre outros, com o objetivo de facilitar a identifica\u00e7\u00e3o pelos sistemas automatizados das plataformas, para que sejam rapidamente removidos.<\/p>\n<p>A portaria n\u00e3o determine prazos espec\u00edficos de remo\u00e7\u00e3o, mas o ministro da Justi\u00e7a disse que dever\u00e1 adotar como padr\u00e3o o prazo m\u00e1ximo de duas horas, o mesmo usado pela Justi\u00e7a Eleitoral, durante as elei\u00e7\u00f5es de 2022, para a retirada de conte\u00fados ilegais nas redes sociais.<\/p>\n<p><strong>Preocupa\u00e7\u00e3o<\/strong><br \/>\nA decis\u00e3o de regular redes sociais por meio de uma portaria ministerial, e n\u00e3o uma lei, levantou preocupa\u00e7\u00f5es de especialistas e entidades da sociedade civil, apesar da situa\u00e7\u00e3o de emerg\u00eancia envolvendo atos e amea\u00e7as de viol\u00eancia nas escolas. A pr\u00f3pria regula\u00e7\u00e3o ampla das redes sociais est\u00e1 em discuss\u00e3o atualmente no Congresso Nacional, e \u00e9 defendida pelo atual governo, que apresentou Projeto de Lei 2.630\/2020 ainda no m\u00eas passado.<\/p>\n<p>&#8220;O Estado deve sim olhar para essa quest\u00e3o das escolas com a urg\u00eancia que ela merece, mas me parece preocupante que, em meio a esse processo de discuss\u00e3o regulat\u00f3ria no Congresso, uma \u00fanica pasta do governo federal adote uma portaria que prev\u00ea medidas muito duras, como a possibilidade de san\u00e7\u00f5es com bloqueio do servi\u00e7o&#8221;, aponta a jornalista e pesquisadora Bia Barbosa, representante do terceiro setor no Comit\u00ea Gestor da Internet (CGI.br) e integrante do coletivo DiraCom &#8211; Direito \u00e0 Comunica\u00e7\u00e3o e Democracia.<\/p>\n<p>Para Bia Barbosa, o maior problema \u00e9 a escolha do instrumento legal de regula\u00e7\u00e3o. &#8220;Hoje temos um governo comprometido com a democracia, mas se a gente muda de contexto, um governo autorit\u00e1rio poderia usar esse tipo de instrumento com s\u00e9rias amea\u00e7as \u00e0 democracia&#8221;, pondera. Segundo a pesquisadora, o ideal teria sido o envolvimento de outros \u00f3rg\u00e3os, incluindo o pr\u00f3prio Poder Judici\u00e1rio, a quem deveria caber ordens de remo\u00e7\u00e3o. &#8220;Acho que essa seria uma tarefa para a Procuradoria de Defesa do Estado Democr\u00e1tico de Direito, da Advocacia Geral da Uni\u00e3o, que poderia acionar a Justi\u00e7a para dar ordens de remo\u00e7\u00e3o num curt\u00edssimo prazo, sem ser um ato administrativo unilateral e sem prazo determinado&#8221;.<\/p>\n<p>A pesquisadora defende ainda que o Brasil crie, assim como a Uni\u00e3o Europeia &#8211; citada por Fl\u00e1vio Dino como refer\u00eancia regulat\u00f3ria -, um \u00f3rg\u00e3o regulador com atribui\u00e7\u00e3o legal para regular as plataformas no contexto da modera\u00e7\u00e3o de conte\u00fados. &#8220;Em um contexto de crise como este, um \u00f3rg\u00e3o regulador poderia adotar medidas excepcionais de defini\u00e7\u00e3o modera\u00e7\u00e3o de conte\u00fado, num determinado contexto e intervalo de tempo, mas n\u00e3o o governo de plant\u00e3o. Os padr\u00f5es internacionais restringem esse tipo de atua\u00e7\u00e3o por parte de governantes do Poder Executivo por entender que isso causa um risco excessivo ao exerc\u00edcio da liberdade de express\u00e3o&#8221;, observa.<\/p>\n<p>A proposta de regula\u00e7\u00e3o das plataformas de redes sociais apresentadas pelo governo prev\u00ea a cria\u00e7\u00e3o de uma autoridade supervisora independente, nos moldes de outras experi\u00eancias internacionais.<\/p>\n","protected":false},"excerpt":{"rendered":"<p>Em meio ao ambiente de p\u00e2nico envolvendo amea\u00e7as e casos de viol\u00eancia no ambiente escolar, o Minist\u00e9rio da Justi\u00e7a e Seguran\u00e7a P\u00fablica (MJSP) anunciou nesta quarta-feira (12) a edi\u00e7\u00e3o de uma nova portaria com uma s\u00e9rie de obriga\u00e7\u00f5es para as plataformas de redes sociais. De acordo com o ministro Fl\u00e1vio Dino, a norma assinada por [&hellip;]<\/p>\n","protected":false},"author":2,"featured_media":302949,"comment_status":"closed","ping_status":"closed","sticky":false,"template":"","format":"standard","meta":{"_acf_changed":false,"footnotes":""},"categories":[161],"tags":[],"class_list":["post-302948","post","type-post","status-publish","format-standard","has-post-thumbnail","hentry","category-quadradinho-em-foco"],"acf":[],"yoast_head":"<!-- This site is optimized with the Yoast SEO plugin v27.2 - https:\/\/yoast.com\/product\/yoast-seo-wordpress\/ -->\n<title>Redes sociais obrigadas a excluir apologia \u00e0 viol\u00eancia - Notibras<\/title>\n<meta name=\"robots\" content=\"index, follow, max-snippet:-1, max-image-preview:large, max-video-preview:-1\" \/>\n<link rel=\"canonical\" href=\"https:\/\/www.notibras.com\/site\/302948-2\/\" \/>\n<meta property=\"og:locale\" content=\"pt_BR\" \/>\n<meta property=\"og:type\" content=\"article\" \/>\n<meta property=\"og:title\" content=\"Redes sociais obrigadas a excluir apologia \u00e0 viol\u00eancia - Notibras\" \/>\n<meta property=\"og:description\" content=\"Em meio ao ambiente de p\u00e2nico envolvendo amea\u00e7as e casos de viol\u00eancia no ambiente escolar, o Minist\u00e9rio da Justi\u00e7a e Seguran\u00e7a P\u00fablica (MJSP) anunciou nesta quarta-feira (12) a edi\u00e7\u00e3o de uma nova portaria com uma s\u00e9rie de obriga\u00e7\u00f5es para as plataformas de redes sociais. De acordo com o ministro Fl\u00e1vio Dino, a norma assinada por [&hellip;]\" \/>\n<meta property=\"og:url\" content=\"https:\/\/www.notibras.com\/site\/302948-2\/\" \/>\n<meta property=\"og:site_name\" content=\"Notibras\" \/>\n<meta property=\"article:publisher\" content=\"https:\/\/www.facebook.com\/notibras\/\" \/>\n<meta property=\"article:published_time\" content=\"2023-04-13T00:44:16+00:00\" \/>\n<meta property=\"article:modified_time\" content=\"2023-04-13T01:46:32+00:00\" \/>\n<meta property=\"og:image\" content=\"https:\/\/www.notibras.com\/site\/wp-content\/uploads\/2023\/04\/2021-01-11t203525z_421912072_mt1hnslcs000enxngz_rtrmadp_3_hans-lucas.jpg\" \/>\n\t<meta property=\"og:image:width\" content=\"1170\" \/>\n\t<meta property=\"og:image:height\" content=\"700\" \/>\n\t<meta property=\"og:image:type\" content=\"image\/jpeg\" \/>\n<meta name=\"author\" content=\"Reda\u00e7\u00e3o\" \/>\n<meta name=\"twitter:card\" content=\"summary_large_image\" \/>\n<meta name=\"twitter:creator\" content=\"@Notibras\" \/>\n<meta name=\"twitter:site\" content=\"@Notibras\" \/>\n<meta name=\"twitter:label1\" content=\"Escrito por\" \/>\n\t<meta name=\"twitter:data1\" content=\"Reda\u00e7\u00e3o\" \/>\n\t<meta name=\"twitter:label2\" content=\"Est. tempo de leitura\" \/>\n\t<meta name=\"twitter:data2\" content=\"6 minutos\" \/>\n<script type=\"application\/ld+json\" class=\"yoast-schema-graph\">{\"@context\":\"https:\/\/schema.org\",\"@graph\":[{\"@type\":\"Article\",\"@id\":\"https:\/\/www.notibras.com\/site\/302948-2\/#article\",\"isPartOf\":{\"@id\":\"https:\/\/www.notibras.com\/site\/302948-2\/\"},\"author\":{\"name\":\"Reda\u00e7\u00e3o\",\"@id\":\"https:\/\/www.notibras.com\/site\/#\/schema\/person\/36ab0979449956132d3e5b517ea76ac8\"},\"headline\":\"Redes sociais obrigadas a excluir apologia \u00e0 viol\u00eancia\",\"datePublished\":\"2023-04-13T00:44:16+00:00\",\"dateModified\":\"2023-04-13T01:46:32+00:00\",\"mainEntityOfPage\":{\"@id\":\"https:\/\/www.notibras.com\/site\/302948-2\/\"},\"wordCount\":1157,\"publisher\":{\"@id\":\"https:\/\/www.notibras.com\/site\/#organization\"},\"image\":{\"@id\":\"https:\/\/www.notibras.com\/site\/302948-2\/#primaryimage\"},\"thumbnailUrl\":\"https:\/\/www.notibras.com\/site\/wp-content\/uploads\/2023\/04\/2021-01-11t203525z_421912072_mt1hnslcs000enxngz_rtrmadp_3_hans-lucas.jpg\",\"articleSection\":[\"Quadradinho em Foco\"],\"inLanguage\":\"pt-BR\"},{\"@type\":\"WebPage\",\"@id\":\"https:\/\/www.notibras.com\/site\/302948-2\/\",\"url\":\"https:\/\/www.notibras.com\/site\/302948-2\/\",\"name\":\"Redes sociais obrigadas a excluir apologia \u00e0 viol\u00eancia - Notibras\",\"isPartOf\":{\"@id\":\"https:\/\/www.notibras.com\/site\/#website\"},\"primaryImageOfPage\":{\"@id\":\"https:\/\/www.notibras.com\/site\/302948-2\/#primaryimage\"},\"image\":{\"@id\":\"https:\/\/www.notibras.com\/site\/302948-2\/#primaryimage\"},\"thumbnailUrl\":\"https:\/\/www.notibras.com\/site\/wp-content\/uploads\/2023\/04\/2021-01-11t203525z_421912072_mt1hnslcs000enxngz_rtrmadp_3_hans-lucas.jpg\",\"datePublished\":\"2023-04-13T00:44:16+00:00\",\"dateModified\":\"2023-04-13T01:46:32+00:00\",\"breadcrumb\":{\"@id\":\"https:\/\/www.notibras.com\/site\/302948-2\/#breadcrumb\"},\"inLanguage\":\"pt-BR\",\"potentialAction\":[{\"@type\":\"ReadAction\",\"target\":[\"https:\/\/www.notibras.com\/site\/302948-2\/\"]}]},{\"@type\":\"ImageObject\",\"inLanguage\":\"pt-BR\",\"@id\":\"https:\/\/www.notibras.com\/site\/302948-2\/#primaryimage\",\"url\":\"https:\/\/www.notibras.com\/site\/wp-content\/uploads\/2023\/04\/2021-01-11t203525z_421912072_mt1hnslcs000enxngz_rtrmadp_3_hans-lucas.jpg\",\"contentUrl\":\"https:\/\/www.notibras.com\/site\/wp-content\/uploads\/2023\/04\/2021-01-11t203525z_421912072_mt1hnslcs000enxngz_rtrmadp_3_hans-lucas.jpg\",\"width\":1170,\"height\":700},{\"@type\":\"BreadcrumbList\",\"@id\":\"https:\/\/www.notibras.com\/site\/302948-2\/#breadcrumb\",\"itemListElement\":[{\"@type\":\"ListItem\",\"position\":1,\"name\":\"In\u00edcio\",\"item\":\"https:\/\/www.notibras.com\/site\/\"},{\"@type\":\"ListItem\",\"position\":2,\"name\":\"Redes sociais obrigadas a excluir apologia \u00e0 viol\u00eancia\"}]},{\"@type\":\"WebSite\",\"@id\":\"https:\/\/www.notibras.com\/site\/#website\",\"url\":\"https:\/\/www.notibras.com\/site\/\",\"name\":\"Notibras\",\"description\":\"Not\u00edcias de Bras\u00edlia, do Brasil e do Mundo\",\"publisher\":{\"@id\":\"https:\/\/www.notibras.com\/site\/#organization\"},\"potentialAction\":[{\"@type\":\"SearchAction\",\"target\":{\"@type\":\"EntryPoint\",\"urlTemplate\":\"https:\/\/www.notibras.com\/site\/?s={search_term_string}\"},\"query-input\":{\"@type\":\"PropertyValueSpecification\",\"valueRequired\":true,\"valueName\":\"search_term_string\"}}],\"inLanguage\":\"pt-BR\"},{\"@type\":\"Organization\",\"@id\":\"https:\/\/www.notibras.com\/site\/#organization\",\"name\":\"Grupo Notibras de Comunica\u00e7\u00e3o\",\"url\":\"https:\/\/www.notibras.com\/site\/\",\"logo\":{\"@type\":\"ImageObject\",\"inLanguage\":\"pt-BR\",\"@id\":\"https:\/\/www.notibras.com\/site\/#\/schema\/logo\/image\/\",\"url\":\"https:\/\/www.notibras.com\/site\/wp-content\/uploads\/2023\/01\/notibras23.png\",\"contentUrl\":\"https:\/\/www.notibras.com\/site\/wp-content\/uploads\/2023\/01\/notibras23.png\",\"width\":350,\"height\":87,\"caption\":\"Grupo Notibras de Comunica\u00e7\u00e3o\"},\"image\":{\"@id\":\"https:\/\/www.notibras.com\/site\/#\/schema\/logo\/image\/\"},\"sameAs\":[\"https:\/\/www.facebook.com\/notibras\/\",\"https:\/\/x.com\/Notibras\",\"https:\/\/www.instagram.com\/notibras\/\"]},{\"@type\":\"Person\",\"@id\":\"https:\/\/www.notibras.com\/site\/#\/schema\/person\/36ab0979449956132d3e5b517ea76ac8\",\"name\":\"Reda\u00e7\u00e3o\",\"image\":{\"@type\":\"ImageObject\",\"inLanguage\":\"pt-BR\",\"@id\":\"https:\/\/secure.gravatar.com\/avatar\/e0a867bdedb85fd243eadf09663511f96fc81e0720a4a42581f334ad4303aa6b?s=96&d=mm&r=g\",\"url\":\"https:\/\/secure.gravatar.com\/avatar\/e0a867bdedb85fd243eadf09663511f96fc81e0720a4a42581f334ad4303aa6b?s=96&d=mm&r=g\",\"contentUrl\":\"https:\/\/secure.gravatar.com\/avatar\/e0a867bdedb85fd243eadf09663511f96fc81e0720a4a42581f334ad4303aa6b?s=96&d=mm&r=g\",\"caption\":\"Reda\u00e7\u00e3o\"}}]}<\/script>\n<!-- \/ Yoast SEO plugin. -->","yoast_head_json":{"title":"Redes sociais obrigadas a excluir apologia \u00e0 viol\u00eancia - Notibras","robots":{"index":"index","follow":"follow","max-snippet":"max-snippet:-1","max-image-preview":"max-image-preview:large","max-video-preview":"max-video-preview:-1"},"canonical":"https:\/\/www.notibras.com\/site\/302948-2\/","og_locale":"pt_BR","og_type":"article","og_title":"Redes sociais obrigadas a excluir apologia \u00e0 viol\u00eancia - Notibras","og_description":"Em meio ao ambiente de p\u00e2nico envolvendo amea\u00e7as e casos de viol\u00eancia no ambiente escolar, o Minist\u00e9rio da Justi\u00e7a e Seguran\u00e7a P\u00fablica (MJSP) anunciou nesta quarta-feira (12) a edi\u00e7\u00e3o de uma nova portaria com uma s\u00e9rie de obriga\u00e7\u00f5es para as plataformas de redes sociais. De acordo com o ministro Fl\u00e1vio Dino, a norma assinada por [&hellip;]","og_url":"https:\/\/www.notibras.com\/site\/302948-2\/","og_site_name":"Notibras","article_publisher":"https:\/\/www.facebook.com\/notibras\/","article_published_time":"2023-04-13T00:44:16+00:00","article_modified_time":"2023-04-13T01:46:32+00:00","og_image":[{"width":1170,"height":700,"url":"https:\/\/www.notibras.com\/site\/wp-content\/uploads\/2023\/04\/2021-01-11t203525z_421912072_mt1hnslcs000enxngz_rtrmadp_3_hans-lucas.jpg","type":"image\/jpeg"}],"author":"Reda\u00e7\u00e3o","twitter_card":"summary_large_image","twitter_creator":"@Notibras","twitter_site":"@Notibras","twitter_misc":{"Escrito por":"Reda\u00e7\u00e3o","Est. tempo de leitura":"6 minutos"},"schema":{"@context":"https:\/\/schema.org","@graph":[{"@type":"Article","@id":"https:\/\/www.notibras.com\/site\/302948-2\/#article","isPartOf":{"@id":"https:\/\/www.notibras.com\/site\/302948-2\/"},"author":{"name":"Reda\u00e7\u00e3o","@id":"https:\/\/www.notibras.com\/site\/#\/schema\/person\/36ab0979449956132d3e5b517ea76ac8"},"headline":"Redes sociais obrigadas a excluir apologia \u00e0 viol\u00eancia","datePublished":"2023-04-13T00:44:16+00:00","dateModified":"2023-04-13T01:46:32+00:00","mainEntityOfPage":{"@id":"https:\/\/www.notibras.com\/site\/302948-2\/"},"wordCount":1157,"publisher":{"@id":"https:\/\/www.notibras.com\/site\/#organization"},"image":{"@id":"https:\/\/www.notibras.com\/site\/302948-2\/#primaryimage"},"thumbnailUrl":"https:\/\/www.notibras.com\/site\/wp-content\/uploads\/2023\/04\/2021-01-11t203525z_421912072_mt1hnslcs000enxngz_rtrmadp_3_hans-lucas.jpg","articleSection":["Quadradinho em Foco"],"inLanguage":"pt-BR"},{"@type":"WebPage","@id":"https:\/\/www.notibras.com\/site\/302948-2\/","url":"https:\/\/www.notibras.com\/site\/302948-2\/","name":"Redes sociais obrigadas a excluir apologia \u00e0 viol\u00eancia - Notibras","isPartOf":{"@id":"https:\/\/www.notibras.com\/site\/#website"},"primaryImageOfPage":{"@id":"https:\/\/www.notibras.com\/site\/302948-2\/#primaryimage"},"image":{"@id":"https:\/\/www.notibras.com\/site\/302948-2\/#primaryimage"},"thumbnailUrl":"https:\/\/www.notibras.com\/site\/wp-content\/uploads\/2023\/04\/2021-01-11t203525z_421912072_mt1hnslcs000enxngz_rtrmadp_3_hans-lucas.jpg","datePublished":"2023-04-13T00:44:16+00:00","dateModified":"2023-04-13T01:46:32+00:00","breadcrumb":{"@id":"https:\/\/www.notibras.com\/site\/302948-2\/#breadcrumb"},"inLanguage":"pt-BR","potentialAction":[{"@type":"ReadAction","target":["https:\/\/www.notibras.com\/site\/302948-2\/"]}]},{"@type":"ImageObject","inLanguage":"pt-BR","@id":"https:\/\/www.notibras.com\/site\/302948-2\/#primaryimage","url":"https:\/\/www.notibras.com\/site\/wp-content\/uploads\/2023\/04\/2021-01-11t203525z_421912072_mt1hnslcs000enxngz_rtrmadp_3_hans-lucas.jpg","contentUrl":"https:\/\/www.notibras.com\/site\/wp-content\/uploads\/2023\/04\/2021-01-11t203525z_421912072_mt1hnslcs000enxngz_rtrmadp_3_hans-lucas.jpg","width":1170,"height":700},{"@type":"BreadcrumbList","@id":"https:\/\/www.notibras.com\/site\/302948-2\/#breadcrumb","itemListElement":[{"@type":"ListItem","position":1,"name":"In\u00edcio","item":"https:\/\/www.notibras.com\/site\/"},{"@type":"ListItem","position":2,"name":"Redes sociais obrigadas a excluir apologia \u00e0 viol\u00eancia"}]},{"@type":"WebSite","@id":"https:\/\/www.notibras.com\/site\/#website","url":"https:\/\/www.notibras.com\/site\/","name":"Notibras","description":"Not\u00edcias de Bras\u00edlia, do Brasil e do Mundo","publisher":{"@id":"https:\/\/www.notibras.com\/site\/#organization"},"potentialAction":[{"@type":"SearchAction","target":{"@type":"EntryPoint","urlTemplate":"https:\/\/www.notibras.com\/site\/?s={search_term_string}"},"query-input":{"@type":"PropertyValueSpecification","valueRequired":true,"valueName":"search_term_string"}}],"inLanguage":"pt-BR"},{"@type":"Organization","@id":"https:\/\/www.notibras.com\/site\/#organization","name":"Grupo Notibras de Comunica\u00e7\u00e3o","url":"https:\/\/www.notibras.com\/site\/","logo":{"@type":"ImageObject","inLanguage":"pt-BR","@id":"https:\/\/www.notibras.com\/site\/#\/schema\/logo\/image\/","url":"https:\/\/www.notibras.com\/site\/wp-content\/uploads\/2023\/01\/notibras23.png","contentUrl":"https:\/\/www.notibras.com\/site\/wp-content\/uploads\/2023\/01\/notibras23.png","width":350,"height":87,"caption":"Grupo Notibras de Comunica\u00e7\u00e3o"},"image":{"@id":"https:\/\/www.notibras.com\/site\/#\/schema\/logo\/image\/"},"sameAs":["https:\/\/www.facebook.com\/notibras\/","https:\/\/x.com\/Notibras","https:\/\/www.instagram.com\/notibras\/"]},{"@type":"Person","@id":"https:\/\/www.notibras.com\/site\/#\/schema\/person\/36ab0979449956132d3e5b517ea76ac8","name":"Reda\u00e7\u00e3o","image":{"@type":"ImageObject","inLanguage":"pt-BR","@id":"https:\/\/secure.gravatar.com\/avatar\/e0a867bdedb85fd243eadf09663511f96fc81e0720a4a42581f334ad4303aa6b?s=96&d=mm&r=g","url":"https:\/\/secure.gravatar.com\/avatar\/e0a867bdedb85fd243eadf09663511f96fc81e0720a4a42581f334ad4303aa6b?s=96&d=mm&r=g","contentUrl":"https:\/\/secure.gravatar.com\/avatar\/e0a867bdedb85fd243eadf09663511f96fc81e0720a4a42581f334ad4303aa6b?s=96&d=mm&r=g","caption":"Reda\u00e7\u00e3o"}}]}},"amp_enabled":true,"_links":{"self":[{"href":"https:\/\/www.notibras.com\/site\/wp-json\/wp\/v2\/posts\/302948","targetHints":{"allow":["GET"]}}],"collection":[{"href":"https:\/\/www.notibras.com\/site\/wp-json\/wp\/v2\/posts"}],"about":[{"href":"https:\/\/www.notibras.com\/site\/wp-json\/wp\/v2\/types\/post"}],"author":[{"embeddable":true,"href":"https:\/\/www.notibras.com\/site\/wp-json\/wp\/v2\/users\/2"}],"replies":[{"embeddable":true,"href":"https:\/\/www.notibras.com\/site\/wp-json\/wp\/v2\/comments?post=302948"}],"version-history":[{"count":2,"href":"https:\/\/www.notibras.com\/site\/wp-json\/wp\/v2\/posts\/302948\/revisions"}],"predecessor-version":[{"id":302951,"href":"https:\/\/www.notibras.com\/site\/wp-json\/wp\/v2\/posts\/302948\/revisions\/302951"}],"wp:featuredmedia":[{"embeddable":true,"href":"https:\/\/www.notibras.com\/site\/wp-json\/wp\/v2\/media\/302949"}],"wp:attachment":[{"href":"https:\/\/www.notibras.com\/site\/wp-json\/wp\/v2\/media?parent=302948"}],"wp:term":[{"taxonomy":"category","embeddable":true,"href":"https:\/\/www.notibras.com\/site\/wp-json\/wp\/v2\/categories?post=302948"},{"taxonomy":"post_tag","embeddable":true,"href":"https:\/\/www.notibras.com\/site\/wp-json\/wp\/v2\/tags?post=302948"}],"curies":[{"name":"wp","href":"https:\/\/api.w.org\/{rel}","templated":true}]}}