{"id":302986,"date":"2023-04-13T10:13:46","date_gmt":"2023-04-13T13:13:46","guid":{"rendered":"https:\/\/www.notibras.com\/site\/?p=302986"},"modified":"2023-04-13T13:17:36","modified_gmt":"2023-04-13T16:17:36","slug":"seguranca-e-mais-do-que-criar-barreiras-a-escola","status":"publish","type":"post","link":"https:\/\/www.notibras.com\/site\/seguranca-e-mais-do-que-criar-barreiras-a-escola\/","title":{"rendered":"&#8216;Seguran\u00e7a \u00e9 mais do que criar barreiras \u00e0 escola&#8217;"},"content":{"rendered":"<p>Na entrada da escola, barreiras. Nas cercanias, policiais por todos os lados. Bot\u00f5es escondidos de pedidos de socorro. Quais s\u00e3o, afinal, as medidas mais adequadas como preven\u00e7\u00e3o \u00e0 viol\u00eancia em unidades de ensino? Para especialistas no tema, as solu\u00e7\u00f5es principais para temores de amea\u00e7as n\u00e3o est\u00e3o em medidas paliativas.<\/p>\n<p>Na opini\u00e3o da especialista Katia Dantas, consultora para implementa\u00e7\u00e3o de pr\u00e1ticas em prote\u00e7\u00e3o infantil e ambientes escolares, a viol\u00eancia que tem ocorrido em unidades de ensino \u00e9 multifacetada e complexa.<\/p>\n<p>\u201cA gente precisa entender que seguran\u00e7a \u00e9 diferente de prote\u00e7\u00e3o. Colocar um seguran\u00e7a na porta n\u00e3o vai resolver o problema. Hoje, observamos que muitos dos atentados s\u00e3o de crian\u00e7as cometendo viol\u00eancia contra outras crian\u00e7as e professores. S\u00e3o raros os que v\u00eam de fora pra cometer um atentado dentro da escola\u201d.<\/p>\n<p>O presidente da Confedera\u00e7\u00e3o Nacional dos Trabalhadores da Educa\u00e7\u00e3o (CNTE), Heleno Ara\u00fajo, tamb\u00e9m entende que desigualdades marcantes nos ambientes escolares contextualizam o problema. \u201cH\u00e1 muito a ser feito em busca de um ambiente minimamente em condi\u00e7\u00f5es de garantir seguran\u00e7a e paz, tranquilidade e solidariedade dentro do espa\u00e7o da escola e fora dela\u201d.<\/p>\n<p>Escolas em boas condi\u00e7\u00f5es e outras sem energia el\u00e9trica, por exemplo. Profissionais que recebem em dia e com adequadas condi\u00e7\u00f5es de trabalho, outros n\u00e3o.<\/p>\n<p>Para se ter uma ideia da complexidade humana, o Brasil tem 2,2 milh\u00f5es de professores e mais de 1,9 milh\u00e3o de outros profissionais que trabalham na educa\u00e7\u00e3o &#8211; popula\u00e7\u00e3o acima de 4 milh\u00f5es de pessoas.<\/p>\n<p>As escolas s\u00e3o muito diferentes umas das outras em um pa\u00eds do tamanho de um continente. Ele conta que recebeu foto de uma turma em munic\u00edpio goiano, em que as crian\u00e7as apareciam em uma esp\u00e9cie de exerc\u00edcio de tiro, como tarefa de uma escola c\u00edvico-militar. \u201cIsso desconfigura completamente a perspectiva de forma\u00e7\u00e3o humana que n\u00f3s queremos. Ent\u00e3o, \u00e9 importante que a fam\u00edlia d\u00ea bom exemplo \u00e0s crian\u00e7as.\u201d<\/p>\n<p><strong>Parceria no curr\u00edculo<\/strong><br \/>\nKatia Dantas defende uma s\u00e9rie de medidas, considerando que grande parte desses atentados tem foco em viol\u00eancia sistem\u00e1tica na vida da pessoa que agride, como hist\u00f3rico de bullying, intimida\u00e7\u00f5es e abusos familiares. \u00c9 dif\u00edcil que algu\u00e9m com essa caracter\u00edstica n\u00e3o tenha demonstrado sinais na escola.<\/p>\n<p>\u201c\u00c9 urgente que as escolas aprendam a identificar um abuso. A gente precisa come\u00e7ar a modificar essa percep\u00e7\u00e3o. Hoje, por exemplo, n\u00f3s sabemos que as habilidades socioemocionais partem da base curricular nacional. Mas pouqu\u00edssimos pais sabem exigir das escolas\u201d, diz Katia Dantas. A parceria entre fam\u00edlia e escola n\u00e3o deve ficar na teoria, uma vez que as redes sociais e os jogos eletr\u00f4nicos t\u00eam ocupado espa\u00e7o central na vida de crian\u00e7as e adolescentes.<\/p>\n<p>Tamb\u00e9m por esse motivo, conforme avalia Heleno Ara\u00fajo, na CNTE, \u00e9 fundamental fortalecer a participa\u00e7\u00e3o social, a gest\u00e3o democr\u00e1tica, a participa\u00e7\u00e3o de pais, m\u00e3es, respons\u00e1veis, e grupos organizados da comunidade onde a escola est\u00e1 inserida. \u201cTodos devem estar envolvidos no processo de discuss\u00e3o, no Conselho Escolar, de um projeto pol\u00edtico-pedag\u00f3gico para escola. A participa\u00e7\u00e3o social e o envolvimento com as pol\u00edticas da escola, o sentimento de pertencimento, tudo \u00e9 importante\u201d.<\/p>\n<p><strong>Orienta\u00e7\u00f5es<\/strong><br \/>\nA especialista entende que \u00e9 vital que professores e outros funcion\u00e1rios do ambiente escolar possam receber orienta\u00e7\u00f5es em caso de viol\u00eancia. \u201cQue eles aprendam a saber o que fazer do mesmo jeito que muitas escolas t\u00eam treinamento para inc\u00eandio, evacua\u00e7\u00e3o, por exemplo\u201d. Mas um treinamento com caracter\u00edstica pedag\u00f3gica sem criar medo, p\u00e2nico ou alarde nas crian\u00e7as.<\/p>\n<p>\u201cMais do que isso, os profissionais precisam estar treinados em como identificar situa\u00e7\u00f5es de conflito, mudan\u00e7as de comportamento que possam estar demonstrando um sofrimento dessa crian\u00e7a\u201d. A resposta, segundo ela, deve ser da escola como um todo e n\u00e3o s\u00f3 de professores. \u201c\u00c9 important\u00edssimo que todos os profissionais da escola estejam treinados para fazer a prote\u00e7\u00e3o infantil e identificar essas situa\u00e7\u00f5es\u201d.<\/p>\n<p>Na mesma linha, o presidente da CNTE defende que todos os profissionais da educa\u00e7\u00e3o t\u00eam que ser profissionalizados e receber cursos para as suas atividades. \u201cPorteiro tem que ter curso de infraestrutura e meio ambiente. Temos que ter uma forma\u00e7\u00e3o inicial voltada para as concep\u00e7\u00f5es de educa\u00e7\u00e3o\u201d.<\/p>\n<p>Isso inclui saber olhar para algum sinal de que h\u00e1 algo de errado. \u201cOs profissionais devem ter sim forma\u00e7\u00e3o em atendimento e primeiros socorros, aten\u00e7\u00e3o, perceber o olhar dos alunos\u201d. Ara\u00fajo lamenta que nem todas as escolas, por exemplo, disp\u00f5em de equipes de psic\u00f3logos e de outros profissionais de apoio. Ele acredita que a seguran\u00e7a come\u00e7a com a possibilidade de que os profissionais estejam conectados \u00e0 complexidade dos seres humanos.<\/p>\n","protected":false},"excerpt":{"rendered":"<p>Na entrada da escola, barreiras. Nas cercanias, policiais por todos os lados. Bot\u00f5es escondidos de pedidos de socorro. Quais s\u00e3o, afinal, as medidas mais adequadas como preven\u00e7\u00e3o \u00e0 viol\u00eancia em unidades de ensino? Para especialistas no tema, as solu\u00e7\u00f5es principais para temores de amea\u00e7as n\u00e3o est\u00e3o em medidas paliativas. Na opini\u00e3o da especialista Katia Dantas, [&hellip;]<\/p>\n","protected":false},"author":2,"featured_media":302987,"comment_status":"closed","ping_status":"closed","sticky":false,"template":"","format":"standard","meta":{"_acf_changed":false,"footnotes":""},"categories":[161],"tags":[95],"class_list":["post-302986","post","type-post","status-publish","format-standard","has-post-thumbnail","hentry","category-quadradinho-em-foco","tag-capa"],"acf":[],"yoast_head":"<!-- This site is optimized with the Yoast SEO plugin v27.2 - https:\/\/yoast.com\/product\/yoast-seo-wordpress\/ -->\n<title>&#039;Seguran\u00e7a \u00e9 mais do que criar barreiras \u00e0 escola&#039; - Notibras<\/title>\n<meta name=\"robots\" content=\"index, follow, max-snippet:-1, max-image-preview:large, max-video-preview:-1\" \/>\n<link rel=\"canonical\" href=\"https:\/\/www.notibras.com\/site\/seguranca-e-mais-do-que-criar-barreiras-a-escola\/\" \/>\n<meta property=\"og:locale\" content=\"pt_BR\" \/>\n<meta property=\"og:type\" content=\"article\" \/>\n<meta property=\"og:title\" content=\"&#039;Seguran\u00e7a \u00e9 mais do que criar barreiras \u00e0 escola&#039; - Notibras\" \/>\n<meta property=\"og:description\" content=\"Na entrada da escola, barreiras. Nas cercanias, policiais por todos os lados. Bot\u00f5es escondidos de pedidos de socorro. Quais s\u00e3o, afinal, as medidas mais adequadas como preven\u00e7\u00e3o \u00e0 viol\u00eancia em unidades de ensino? Para especialistas no tema, as solu\u00e7\u00f5es principais para temores de amea\u00e7as n\u00e3o est\u00e3o em medidas paliativas. Na opini\u00e3o da especialista Katia Dantas, [&hellip;]\" \/>\n<meta property=\"og:url\" content=\"https:\/\/www.notibras.com\/site\/seguranca-e-mais-do-que-criar-barreiras-a-escola\/\" \/>\n<meta property=\"og:site_name\" content=\"Notibras\" \/>\n<meta property=\"article:publisher\" content=\"https:\/\/www.facebook.com\/notibras\/\" \/>\n<meta property=\"article:published_time\" content=\"2023-04-13T13:13:46+00:00\" \/>\n<meta property=\"article:modified_time\" content=\"2023-04-13T16:17:36+00:00\" \/>\n<meta property=\"og:image\" content=\"https:\/\/www.notibras.com\/site\/wp-content\/uploads\/2023\/04\/mcamg_abr_10052019_9636.jpg\" \/>\n\t<meta property=\"og:image:width\" content=\"1170\" \/>\n\t<meta property=\"og:image:height\" content=\"700\" \/>\n\t<meta property=\"og:image:type\" content=\"image\/jpeg\" \/>\n<meta name=\"author\" content=\"Reda\u00e7\u00e3o\" \/>\n<meta name=\"twitter:card\" content=\"summary_large_image\" \/>\n<meta name=\"twitter:creator\" content=\"@Notibras\" \/>\n<meta name=\"twitter:site\" content=\"@Notibras\" \/>\n<meta name=\"twitter:label1\" content=\"Escrito por\" \/>\n\t<meta name=\"twitter:data1\" content=\"Reda\u00e7\u00e3o\" \/>\n\t<meta name=\"twitter:label2\" content=\"Est. tempo de leitura\" \/>\n\t<meta name=\"twitter:data2\" content=\"5 minutos\" \/>\n<script type=\"application\/ld+json\" class=\"yoast-schema-graph\">{\"@context\":\"https:\/\/schema.org\",\"@graph\":[{\"@type\":\"Article\",\"@id\":\"https:\/\/www.notibras.com\/site\/seguranca-e-mais-do-que-criar-barreiras-a-escola\/#article\",\"isPartOf\":{\"@id\":\"https:\/\/www.notibras.com\/site\/seguranca-e-mais-do-que-criar-barreiras-a-escola\/\"},\"author\":{\"name\":\"Reda\u00e7\u00e3o\",\"@id\":\"https:\/\/www.notibras.com\/site\/#\/schema\/person\/36ab0979449956132d3e5b517ea76ac8\"},\"headline\":\"&#8216;Seguran\u00e7a \u00e9 mais do que criar barreiras \u00e0 escola&#8217;\",\"datePublished\":\"2023-04-13T13:13:46+00:00\",\"dateModified\":\"2023-04-13T16:17:36+00:00\",\"mainEntityOfPage\":{\"@id\":\"https:\/\/www.notibras.com\/site\/seguranca-e-mais-do-que-criar-barreiras-a-escola\/\"},\"wordCount\":841,\"publisher\":{\"@id\":\"https:\/\/www.notibras.com\/site\/#organization\"},\"image\":{\"@id\":\"https:\/\/www.notibras.com\/site\/seguranca-e-mais-do-que-criar-barreiras-a-escola\/#primaryimage\"},\"thumbnailUrl\":\"https:\/\/www.notibras.com\/site\/wp-content\/uploads\/2023\/04\/mcamg_abr_10052019_9636.jpg\",\"keywords\":[\"capa\"],\"articleSection\":[\"Quadradinho em Foco\"],\"inLanguage\":\"pt-BR\"},{\"@type\":\"WebPage\",\"@id\":\"https:\/\/www.notibras.com\/site\/seguranca-e-mais-do-que-criar-barreiras-a-escola\/\",\"url\":\"https:\/\/www.notibras.com\/site\/seguranca-e-mais-do-que-criar-barreiras-a-escola\/\",\"name\":\"'Seguran\u00e7a \u00e9 mais do que criar barreiras \u00e0 escola' - Notibras\",\"isPartOf\":{\"@id\":\"https:\/\/www.notibras.com\/site\/#website\"},\"primaryImageOfPage\":{\"@id\":\"https:\/\/www.notibras.com\/site\/seguranca-e-mais-do-que-criar-barreiras-a-escola\/#primaryimage\"},\"image\":{\"@id\":\"https:\/\/www.notibras.com\/site\/seguranca-e-mais-do-que-criar-barreiras-a-escola\/#primaryimage\"},\"thumbnailUrl\":\"https:\/\/www.notibras.com\/site\/wp-content\/uploads\/2023\/04\/mcamg_abr_10052019_9636.jpg\",\"datePublished\":\"2023-04-13T13:13:46+00:00\",\"dateModified\":\"2023-04-13T16:17:36+00:00\",\"breadcrumb\":{\"@id\":\"https:\/\/www.notibras.com\/site\/seguranca-e-mais-do-que-criar-barreiras-a-escola\/#breadcrumb\"},\"inLanguage\":\"pt-BR\",\"potentialAction\":[{\"@type\":\"ReadAction\",\"target\":[\"https:\/\/www.notibras.com\/site\/seguranca-e-mais-do-que-criar-barreiras-a-escola\/\"]}]},{\"@type\":\"ImageObject\",\"inLanguage\":\"pt-BR\",\"@id\":\"https:\/\/www.notibras.com\/site\/seguranca-e-mais-do-que-criar-barreiras-a-escola\/#primaryimage\",\"url\":\"https:\/\/www.notibras.com\/site\/wp-content\/uploads\/2023\/04\/mcamg_abr_10052019_9636.jpg\",\"contentUrl\":\"https:\/\/www.notibras.com\/site\/wp-content\/uploads\/2023\/04\/mcamg_abr_10052019_9636.jpg\",\"width\":1170,\"height\":700,\"caption\":\"Alunos saindo de escola na Estrutural, no Distrito Federal\"},{\"@type\":\"BreadcrumbList\",\"@id\":\"https:\/\/www.notibras.com\/site\/seguranca-e-mais-do-que-criar-barreiras-a-escola\/#breadcrumb\",\"itemListElement\":[{\"@type\":\"ListItem\",\"position\":1,\"name\":\"In\u00edcio\",\"item\":\"https:\/\/www.notibras.com\/site\/\"},{\"@type\":\"ListItem\",\"position\":2,\"name\":\"&#8216;Seguran\u00e7a \u00e9 mais do que criar barreiras \u00e0 escola&#8217;\"}]},{\"@type\":\"WebSite\",\"@id\":\"https:\/\/www.notibras.com\/site\/#website\",\"url\":\"https:\/\/www.notibras.com\/site\/\",\"name\":\"Notibras\",\"description\":\"Not\u00edcias de Bras\u00edlia, do Brasil e do Mundo\",\"publisher\":{\"@id\":\"https:\/\/www.notibras.com\/site\/#organization\"},\"potentialAction\":[{\"@type\":\"SearchAction\",\"target\":{\"@type\":\"EntryPoint\",\"urlTemplate\":\"https:\/\/www.notibras.com\/site\/?s={search_term_string}\"},\"query-input\":{\"@type\":\"PropertyValueSpecification\",\"valueRequired\":true,\"valueName\":\"search_term_string\"}}],\"inLanguage\":\"pt-BR\"},{\"@type\":\"Organization\",\"@id\":\"https:\/\/www.notibras.com\/site\/#organization\",\"name\":\"Grupo Notibras de Comunica\u00e7\u00e3o\",\"url\":\"https:\/\/www.notibras.com\/site\/\",\"logo\":{\"@type\":\"ImageObject\",\"inLanguage\":\"pt-BR\",\"@id\":\"https:\/\/www.notibras.com\/site\/#\/schema\/logo\/image\/\",\"url\":\"https:\/\/www.notibras.com\/site\/wp-content\/uploads\/2023\/01\/notibras23.png\",\"contentUrl\":\"https:\/\/www.notibras.com\/site\/wp-content\/uploads\/2023\/01\/notibras23.png\",\"width\":350,\"height\":87,\"caption\":\"Grupo Notibras de Comunica\u00e7\u00e3o\"},\"image\":{\"@id\":\"https:\/\/www.notibras.com\/site\/#\/schema\/logo\/image\/\"},\"sameAs\":[\"https:\/\/www.facebook.com\/notibras\/\",\"https:\/\/x.com\/Notibras\",\"https:\/\/www.instagram.com\/notibras\/\"]},{\"@type\":\"Person\",\"@id\":\"https:\/\/www.notibras.com\/site\/#\/schema\/person\/36ab0979449956132d3e5b517ea76ac8\",\"name\":\"Reda\u00e7\u00e3o\",\"image\":{\"@type\":\"ImageObject\",\"inLanguage\":\"pt-BR\",\"@id\":\"https:\/\/secure.gravatar.com\/avatar\/e0a867bdedb85fd243eadf09663511f96fc81e0720a4a42581f334ad4303aa6b?s=96&d=mm&r=g\",\"url\":\"https:\/\/secure.gravatar.com\/avatar\/e0a867bdedb85fd243eadf09663511f96fc81e0720a4a42581f334ad4303aa6b?s=96&d=mm&r=g\",\"contentUrl\":\"https:\/\/secure.gravatar.com\/avatar\/e0a867bdedb85fd243eadf09663511f96fc81e0720a4a42581f334ad4303aa6b?s=96&d=mm&r=g\",\"caption\":\"Reda\u00e7\u00e3o\"}}]}<\/script>\n<!-- \/ Yoast SEO plugin. -->","yoast_head_json":{"title":"'Seguran\u00e7a \u00e9 mais do que criar barreiras \u00e0 escola' - Notibras","robots":{"index":"index","follow":"follow","max-snippet":"max-snippet:-1","max-image-preview":"max-image-preview:large","max-video-preview":"max-video-preview:-1"},"canonical":"https:\/\/www.notibras.com\/site\/seguranca-e-mais-do-que-criar-barreiras-a-escola\/","og_locale":"pt_BR","og_type":"article","og_title":"'Seguran\u00e7a \u00e9 mais do que criar barreiras \u00e0 escola' - Notibras","og_description":"Na entrada da escola, barreiras. Nas cercanias, policiais por todos os lados. Bot\u00f5es escondidos de pedidos de socorro. Quais s\u00e3o, afinal, as medidas mais adequadas como preven\u00e7\u00e3o \u00e0 viol\u00eancia em unidades de ensino? Para especialistas no tema, as solu\u00e7\u00f5es principais para temores de amea\u00e7as n\u00e3o est\u00e3o em medidas paliativas. Na opini\u00e3o da especialista Katia Dantas, [&hellip;]","og_url":"https:\/\/www.notibras.com\/site\/seguranca-e-mais-do-que-criar-barreiras-a-escola\/","og_site_name":"Notibras","article_publisher":"https:\/\/www.facebook.com\/notibras\/","article_published_time":"2023-04-13T13:13:46+00:00","article_modified_time":"2023-04-13T16:17:36+00:00","og_image":[{"width":1170,"height":700,"url":"https:\/\/www.notibras.com\/site\/wp-content\/uploads\/2023\/04\/mcamg_abr_10052019_9636.jpg","type":"image\/jpeg"}],"author":"Reda\u00e7\u00e3o","twitter_card":"summary_large_image","twitter_creator":"@Notibras","twitter_site":"@Notibras","twitter_misc":{"Escrito por":"Reda\u00e7\u00e3o","Est. tempo de leitura":"5 minutos"},"schema":{"@context":"https:\/\/schema.org","@graph":[{"@type":"Article","@id":"https:\/\/www.notibras.com\/site\/seguranca-e-mais-do-que-criar-barreiras-a-escola\/#article","isPartOf":{"@id":"https:\/\/www.notibras.com\/site\/seguranca-e-mais-do-que-criar-barreiras-a-escola\/"},"author":{"name":"Reda\u00e7\u00e3o","@id":"https:\/\/www.notibras.com\/site\/#\/schema\/person\/36ab0979449956132d3e5b517ea76ac8"},"headline":"&#8216;Seguran\u00e7a \u00e9 mais do que criar barreiras \u00e0 escola&#8217;","datePublished":"2023-04-13T13:13:46+00:00","dateModified":"2023-04-13T16:17:36+00:00","mainEntityOfPage":{"@id":"https:\/\/www.notibras.com\/site\/seguranca-e-mais-do-que-criar-barreiras-a-escola\/"},"wordCount":841,"publisher":{"@id":"https:\/\/www.notibras.com\/site\/#organization"},"image":{"@id":"https:\/\/www.notibras.com\/site\/seguranca-e-mais-do-que-criar-barreiras-a-escola\/#primaryimage"},"thumbnailUrl":"https:\/\/www.notibras.com\/site\/wp-content\/uploads\/2023\/04\/mcamg_abr_10052019_9636.jpg","keywords":["capa"],"articleSection":["Quadradinho em Foco"],"inLanguage":"pt-BR"},{"@type":"WebPage","@id":"https:\/\/www.notibras.com\/site\/seguranca-e-mais-do-que-criar-barreiras-a-escola\/","url":"https:\/\/www.notibras.com\/site\/seguranca-e-mais-do-que-criar-barreiras-a-escola\/","name":"'Seguran\u00e7a \u00e9 mais do que criar barreiras \u00e0 escola' - Notibras","isPartOf":{"@id":"https:\/\/www.notibras.com\/site\/#website"},"primaryImageOfPage":{"@id":"https:\/\/www.notibras.com\/site\/seguranca-e-mais-do-que-criar-barreiras-a-escola\/#primaryimage"},"image":{"@id":"https:\/\/www.notibras.com\/site\/seguranca-e-mais-do-que-criar-barreiras-a-escola\/#primaryimage"},"thumbnailUrl":"https:\/\/www.notibras.com\/site\/wp-content\/uploads\/2023\/04\/mcamg_abr_10052019_9636.jpg","datePublished":"2023-04-13T13:13:46+00:00","dateModified":"2023-04-13T16:17:36+00:00","breadcrumb":{"@id":"https:\/\/www.notibras.com\/site\/seguranca-e-mais-do-que-criar-barreiras-a-escola\/#breadcrumb"},"inLanguage":"pt-BR","potentialAction":[{"@type":"ReadAction","target":["https:\/\/www.notibras.com\/site\/seguranca-e-mais-do-que-criar-barreiras-a-escola\/"]}]},{"@type":"ImageObject","inLanguage":"pt-BR","@id":"https:\/\/www.notibras.com\/site\/seguranca-e-mais-do-que-criar-barreiras-a-escola\/#primaryimage","url":"https:\/\/www.notibras.com\/site\/wp-content\/uploads\/2023\/04\/mcamg_abr_10052019_9636.jpg","contentUrl":"https:\/\/www.notibras.com\/site\/wp-content\/uploads\/2023\/04\/mcamg_abr_10052019_9636.jpg","width":1170,"height":700,"caption":"Alunos saindo de escola na Estrutural, no Distrito Federal"},{"@type":"BreadcrumbList","@id":"https:\/\/www.notibras.com\/site\/seguranca-e-mais-do-que-criar-barreiras-a-escola\/#breadcrumb","itemListElement":[{"@type":"ListItem","position":1,"name":"In\u00edcio","item":"https:\/\/www.notibras.com\/site\/"},{"@type":"ListItem","position":2,"name":"&#8216;Seguran\u00e7a \u00e9 mais do que criar barreiras \u00e0 escola&#8217;"}]},{"@type":"WebSite","@id":"https:\/\/www.notibras.com\/site\/#website","url":"https:\/\/www.notibras.com\/site\/","name":"Notibras","description":"Not\u00edcias de Bras\u00edlia, do Brasil e do Mundo","publisher":{"@id":"https:\/\/www.notibras.com\/site\/#organization"},"potentialAction":[{"@type":"SearchAction","target":{"@type":"EntryPoint","urlTemplate":"https:\/\/www.notibras.com\/site\/?s={search_term_string}"},"query-input":{"@type":"PropertyValueSpecification","valueRequired":true,"valueName":"search_term_string"}}],"inLanguage":"pt-BR"},{"@type":"Organization","@id":"https:\/\/www.notibras.com\/site\/#organization","name":"Grupo Notibras de Comunica\u00e7\u00e3o","url":"https:\/\/www.notibras.com\/site\/","logo":{"@type":"ImageObject","inLanguage":"pt-BR","@id":"https:\/\/www.notibras.com\/site\/#\/schema\/logo\/image\/","url":"https:\/\/www.notibras.com\/site\/wp-content\/uploads\/2023\/01\/notibras23.png","contentUrl":"https:\/\/www.notibras.com\/site\/wp-content\/uploads\/2023\/01\/notibras23.png","width":350,"height":87,"caption":"Grupo Notibras de Comunica\u00e7\u00e3o"},"image":{"@id":"https:\/\/www.notibras.com\/site\/#\/schema\/logo\/image\/"},"sameAs":["https:\/\/www.facebook.com\/notibras\/","https:\/\/x.com\/Notibras","https:\/\/www.instagram.com\/notibras\/"]},{"@type":"Person","@id":"https:\/\/www.notibras.com\/site\/#\/schema\/person\/36ab0979449956132d3e5b517ea76ac8","name":"Reda\u00e7\u00e3o","image":{"@type":"ImageObject","inLanguage":"pt-BR","@id":"https:\/\/secure.gravatar.com\/avatar\/e0a867bdedb85fd243eadf09663511f96fc81e0720a4a42581f334ad4303aa6b?s=96&d=mm&r=g","url":"https:\/\/secure.gravatar.com\/avatar\/e0a867bdedb85fd243eadf09663511f96fc81e0720a4a42581f334ad4303aa6b?s=96&d=mm&r=g","contentUrl":"https:\/\/secure.gravatar.com\/avatar\/e0a867bdedb85fd243eadf09663511f96fc81e0720a4a42581f334ad4303aa6b?s=96&d=mm&r=g","caption":"Reda\u00e7\u00e3o"}}]}},"amp_enabled":true,"_links":{"self":[{"href":"https:\/\/www.notibras.com\/site\/wp-json\/wp\/v2\/posts\/302986","targetHints":{"allow":["GET"]}}],"collection":[{"href":"https:\/\/www.notibras.com\/site\/wp-json\/wp\/v2\/posts"}],"about":[{"href":"https:\/\/www.notibras.com\/site\/wp-json\/wp\/v2\/types\/post"}],"author":[{"embeddable":true,"href":"https:\/\/www.notibras.com\/site\/wp-json\/wp\/v2\/users\/2"}],"replies":[{"embeddable":true,"href":"https:\/\/www.notibras.com\/site\/wp-json\/wp\/v2\/comments?post=302986"}],"version-history":[{"count":2,"href":"https:\/\/www.notibras.com\/site\/wp-json\/wp\/v2\/posts\/302986\/revisions"}],"predecessor-version":[{"id":302989,"href":"https:\/\/www.notibras.com\/site\/wp-json\/wp\/v2\/posts\/302986\/revisions\/302989"}],"wp:featuredmedia":[{"embeddable":true,"href":"https:\/\/www.notibras.com\/site\/wp-json\/wp\/v2\/media\/302987"}],"wp:attachment":[{"href":"https:\/\/www.notibras.com\/site\/wp-json\/wp\/v2\/media?parent=302986"}],"wp:term":[{"taxonomy":"category","embeddable":true,"href":"https:\/\/www.notibras.com\/site\/wp-json\/wp\/v2\/categories?post=302986"},{"taxonomy":"post_tag","embeddable":true,"href":"https:\/\/www.notibras.com\/site\/wp-json\/wp\/v2\/tags?post=302986"}],"curies":[{"name":"wp","href":"https:\/\/api.w.org\/{rel}","templated":true}]}}