{"id":302990,"date":"2023-04-13T09:58:04","date_gmt":"2023-04-13T12:58:04","guid":{"rendered":"https:\/\/www.notibras.com\/site\/?p=302990"},"modified":"2023-04-13T13:23:12","modified_gmt":"2023-04-13T16:23:12","slug":"moraes-da-prazo-para-pgr-opinar-sobre-soltura-de-anderson","status":"publish","type":"post","link":"https:\/\/www.notibras.com\/site\/moraes-da-prazo-para-pgr-opinar-sobre-soltura-de-anderson\/","title":{"rendered":"Moraes d\u00e1 prazo para PGR opinar sobre soltura de Anderson"},"content":{"rendered":"<p>O ministro Alexandre de Moraes, do Supremo Tribunal Federal (STF), concedeu prazo de cinco dias para a Procuradoria-Geral da Rep\u00fablica (PGR) se manifestar sobre o pedido de liberdade feito pela defesa do ex-ministro da Justi\u00e7a Anderson Torres.<\/p>\n<p>Ap\u00f3s receber o parecer da PGR, o ministro deve decidir a quest\u00e3o. N\u00e3o h\u00e1 prazo para uma tomada de decis\u00e3o. Na segunda-feira (10), os advogados afirmaram ao Supremo que Torres n\u00e3o oferece risco \u00e0s investiga\u00e7\u00f5es e pediram que a pris\u00e3o fosse substitu\u00edda por medidas cautelares.<\/p>\n<p>Ele est\u00e1 preso desde 14 de janeiro em fun\u00e7\u00e3o das investiga\u00e7\u00f5es sobre os atos golpistas ocorridos no dia 8 daquele m\u00eas. Na ocasi\u00e3o, Torres estava \u00e0 frente da Secretaria de Seguran\u00e7a do Distrito Federal. O inqu\u00e9rito no STF apura suposta omiss\u00e3o na conten\u00e7\u00e3o dos atos.<\/p>\n<p>No pedido de soltura, a defesa tamb\u00e9m citou a situa\u00e7\u00e3o da fam\u00edlia de Anderson Torres. \u201cAp\u00f3s a decreta\u00e7\u00e3o da cust\u00f3dia cautelar do requerente, suas filhas, infelizmente, passaram a receber acompanhamento psicol\u00f3gico, com preju\u00edzo de frequentarem regularmente a escola. Acres\u00e7a-se a isso o fato de a genitora do requerente estar tratando um c\u00e2ncer. O postulante, de seu turno, ao passo que n\u00e3o v\u00ea as filhas desde a sua pris\u00e3o preventiva, entrou em um estado de tristeza profunda, chora constantemente, mal se alimenta e j\u00e1 perdeu 12 quilos\u201d, afirmam os advogados.<\/p>\n","protected":false},"excerpt":{"rendered":"<p>O ministro Alexandre de Moraes, do Supremo Tribunal Federal (STF), concedeu prazo de cinco dias para a Procuradoria-Geral da Rep\u00fablica (PGR) se manifestar sobre o pedido de liberdade feito pela defesa do ex-ministro da Justi\u00e7a Anderson Torres. Ap\u00f3s receber o parecer da PGR, o ministro deve decidir a quest\u00e3o. N\u00e3o h\u00e1 prazo para uma tomada [&hellip;]<\/p>\n","protected":false},"author":2,"featured_media":302991,"comment_status":"closed","ping_status":"closed","sticky":false,"template":"","format":"standard","meta":{"_acf_changed":false,"footnotes":""},"categories":[161],"tags":[95],"class_list":["post-302990","post","type-post","status-publish","format-standard","has-post-thumbnail","hentry","category-quadradinho-em-foco","tag-capa"],"acf":[],"yoast_head":"<!-- This site is optimized with the Yoast SEO plugin v27.2 - https:\/\/yoast.com\/product\/yoast-seo-wordpress\/ -->\n<title>Moraes d\u00e1 prazo para PGR opinar sobre soltura de Anderson - Notibras<\/title>\n<meta name=\"robots\" content=\"index, follow, max-snippet:-1, max-image-preview:large, max-video-preview:-1\" \/>\n<link rel=\"canonical\" href=\"https:\/\/www.notibras.com\/site\/moraes-da-prazo-para-pgr-opinar-sobre-soltura-de-anderson\/\" \/>\n<meta property=\"og:locale\" content=\"pt_BR\" \/>\n<meta property=\"og:type\" content=\"article\" \/>\n<meta property=\"og:title\" content=\"Moraes d\u00e1 prazo para PGR opinar sobre soltura de Anderson - Notibras\" \/>\n<meta property=\"og:description\" content=\"O ministro Alexandre de Moraes, do Supremo Tribunal Federal (STF), concedeu prazo de cinco dias para a Procuradoria-Geral da Rep\u00fablica (PGR) se manifestar sobre o pedido de liberdade feito pela defesa do ex-ministro da Justi\u00e7a Anderson Torres. Ap\u00f3s receber o parecer da PGR, o ministro deve decidir a quest\u00e3o. N\u00e3o h\u00e1 prazo para uma tomada [&hellip;]\" \/>\n<meta property=\"og:url\" content=\"https:\/\/www.notibras.com\/site\/moraes-da-prazo-para-pgr-opinar-sobre-soltura-de-anderson\/\" \/>\n<meta property=\"og:site_name\" content=\"Notibras\" \/>\n<meta property=\"article:publisher\" content=\"https:\/\/www.facebook.com\/notibras\/\" \/>\n<meta property=\"article:published_time\" content=\"2023-04-13T12:58:04+00:00\" \/>\n<meta property=\"article:modified_time\" content=\"2023-04-13T16:23:12+00:00\" \/>\n<meta property=\"og:image\" content=\"https:\/\/www.notibras.com\/site\/wp-content\/uploads\/2023\/04\/coletiva-min-justica_mcamgo_abr_281020221818-4-1.jpg\" \/>\n\t<meta property=\"og:image:width\" content=\"770\" \/>\n\t<meta property=\"og:image:height\" content=\"513\" \/>\n\t<meta property=\"og:image:type\" content=\"image\/jpeg\" \/>\n<meta name=\"author\" content=\"Reda\u00e7\u00e3o\" \/>\n<meta name=\"twitter:card\" content=\"summary_large_image\" \/>\n<meta name=\"twitter:creator\" content=\"@Notibras\" \/>\n<meta name=\"twitter:site\" content=\"@Notibras\" \/>\n<meta name=\"twitter:label1\" content=\"Escrito por\" \/>\n\t<meta name=\"twitter:data1\" content=\"Reda\u00e7\u00e3o\" \/>\n\t<meta name=\"twitter:label2\" content=\"Est. tempo de leitura\" \/>\n\t<meta name=\"twitter:data2\" content=\"2 minutos\" \/>\n<script type=\"application\/ld+json\" class=\"yoast-schema-graph\">{\"@context\":\"https:\/\/schema.org\",\"@graph\":[{\"@type\":\"Article\",\"@id\":\"https:\/\/www.notibras.com\/site\/moraes-da-prazo-para-pgr-opinar-sobre-soltura-de-anderson\/#article\",\"isPartOf\":{\"@id\":\"https:\/\/www.notibras.com\/site\/moraes-da-prazo-para-pgr-opinar-sobre-soltura-de-anderson\/\"},\"author\":{\"name\":\"Reda\u00e7\u00e3o\",\"@id\":\"https:\/\/www.notibras.com\/site\/#\/schema\/person\/36ab0979449956132d3e5b517ea76ac8\"},\"headline\":\"Moraes d\u00e1 prazo para PGR opinar sobre soltura de Anderson\",\"datePublished\":\"2023-04-13T12:58:04+00:00\",\"dateModified\":\"2023-04-13T16:23:12+00:00\",\"mainEntityOfPage\":{\"@id\":\"https:\/\/www.notibras.com\/site\/moraes-da-prazo-para-pgr-opinar-sobre-soltura-de-anderson\/\"},\"wordCount\":251,\"publisher\":{\"@id\":\"https:\/\/www.notibras.com\/site\/#organization\"},\"image\":{\"@id\":\"https:\/\/www.notibras.com\/site\/moraes-da-prazo-para-pgr-opinar-sobre-soltura-de-anderson\/#primaryimage\"},\"thumbnailUrl\":\"https:\/\/www.notibras.com\/site\/wp-content\/uploads\/2023\/04\/coletiva-min-justica_mcamgo_abr_281020221818-4-1.jpg\",\"keywords\":[\"capa\"],\"articleSection\":[\"Quadradinho em Foco\"],\"inLanguage\":\"pt-BR\"},{\"@type\":\"WebPage\",\"@id\":\"https:\/\/www.notibras.com\/site\/moraes-da-prazo-para-pgr-opinar-sobre-soltura-de-anderson\/\",\"url\":\"https:\/\/www.notibras.com\/site\/moraes-da-prazo-para-pgr-opinar-sobre-soltura-de-anderson\/\",\"name\":\"Moraes d\u00e1 prazo para PGR opinar sobre soltura de Anderson - Notibras\",\"isPartOf\":{\"@id\":\"https:\/\/www.notibras.com\/site\/#website\"},\"primaryImageOfPage\":{\"@id\":\"https:\/\/www.notibras.com\/site\/moraes-da-prazo-para-pgr-opinar-sobre-soltura-de-anderson\/#primaryimage\"},\"image\":{\"@id\":\"https:\/\/www.notibras.com\/site\/moraes-da-prazo-para-pgr-opinar-sobre-soltura-de-anderson\/#primaryimage\"},\"thumbnailUrl\":\"https:\/\/www.notibras.com\/site\/wp-content\/uploads\/2023\/04\/coletiva-min-justica_mcamgo_abr_281020221818-4-1.jpg\",\"datePublished\":\"2023-04-13T12:58:04+00:00\",\"dateModified\":\"2023-04-13T16:23:12+00:00\",\"breadcrumb\":{\"@id\":\"https:\/\/www.notibras.com\/site\/moraes-da-prazo-para-pgr-opinar-sobre-soltura-de-anderson\/#breadcrumb\"},\"inLanguage\":\"pt-BR\",\"potentialAction\":[{\"@type\":\"ReadAction\",\"target\":[\"https:\/\/www.notibras.com\/site\/moraes-da-prazo-para-pgr-opinar-sobre-soltura-de-anderson\/\"]}]},{\"@type\":\"ImageObject\",\"inLanguage\":\"pt-BR\",\"@id\":\"https:\/\/www.notibras.com\/site\/moraes-da-prazo-para-pgr-opinar-sobre-soltura-de-anderson\/#primaryimage\",\"url\":\"https:\/\/www.notibras.com\/site\/wp-content\/uploads\/2023\/04\/coletiva-min-justica_mcamgo_abr_281020221818-4-1.jpg\",\"contentUrl\":\"https:\/\/www.notibras.com\/site\/wp-content\/uploads\/2023\/04\/coletiva-min-justica_mcamgo_abr_281020221818-4-1.jpg\",\"width\":770,\"height\":513,\"caption\":\"O ministro da Justi\u00e7a e Seguran\u00e7a P\u00fablica, Anderson Torres, durante entrevista coletiva sobre a Opera\u00e7\u00e3o Elei\u00e7\u00f5es 2022 no segundo turno.\"},{\"@type\":\"BreadcrumbList\",\"@id\":\"https:\/\/www.notibras.com\/site\/moraes-da-prazo-para-pgr-opinar-sobre-soltura-de-anderson\/#breadcrumb\",\"itemListElement\":[{\"@type\":\"ListItem\",\"position\":1,\"name\":\"In\u00edcio\",\"item\":\"https:\/\/www.notibras.com\/site\/\"},{\"@type\":\"ListItem\",\"position\":2,\"name\":\"Moraes d\u00e1 prazo para PGR opinar sobre soltura de Anderson\"}]},{\"@type\":\"WebSite\",\"@id\":\"https:\/\/www.notibras.com\/site\/#website\",\"url\":\"https:\/\/www.notibras.com\/site\/\",\"name\":\"Notibras\",\"description\":\"Not\u00edcias de Bras\u00edlia, do Brasil e do Mundo\",\"publisher\":{\"@id\":\"https:\/\/www.notibras.com\/site\/#organization\"},\"potentialAction\":[{\"@type\":\"SearchAction\",\"target\":{\"@type\":\"EntryPoint\",\"urlTemplate\":\"https:\/\/www.notibras.com\/site\/?s={search_term_string}\"},\"query-input\":{\"@type\":\"PropertyValueSpecification\",\"valueRequired\":true,\"valueName\":\"search_term_string\"}}],\"inLanguage\":\"pt-BR\"},{\"@type\":\"Organization\",\"@id\":\"https:\/\/www.notibras.com\/site\/#organization\",\"name\":\"Grupo Notibras de Comunica\u00e7\u00e3o\",\"url\":\"https:\/\/www.notibras.com\/site\/\",\"logo\":{\"@type\":\"ImageObject\",\"inLanguage\":\"pt-BR\",\"@id\":\"https:\/\/www.notibras.com\/site\/#\/schema\/logo\/image\/\",\"url\":\"https:\/\/www.notibras.com\/site\/wp-content\/uploads\/2023\/01\/notibras23.png\",\"contentUrl\":\"https:\/\/www.notibras.com\/site\/wp-content\/uploads\/2023\/01\/notibras23.png\",\"width\":350,\"height\":87,\"caption\":\"Grupo Notibras de Comunica\u00e7\u00e3o\"},\"image\":{\"@id\":\"https:\/\/www.notibras.com\/site\/#\/schema\/logo\/image\/\"},\"sameAs\":[\"https:\/\/www.facebook.com\/notibras\/\",\"https:\/\/x.com\/Notibras\",\"https:\/\/www.instagram.com\/notibras\/\"]},{\"@type\":\"Person\",\"@id\":\"https:\/\/www.notibras.com\/site\/#\/schema\/person\/36ab0979449956132d3e5b517ea76ac8\",\"name\":\"Reda\u00e7\u00e3o\",\"image\":{\"@type\":\"ImageObject\",\"inLanguage\":\"pt-BR\",\"@id\":\"https:\/\/secure.gravatar.com\/avatar\/e0a867bdedb85fd243eadf09663511f96fc81e0720a4a42581f334ad4303aa6b?s=96&d=mm&r=g\",\"url\":\"https:\/\/secure.gravatar.com\/avatar\/e0a867bdedb85fd243eadf09663511f96fc81e0720a4a42581f334ad4303aa6b?s=96&d=mm&r=g\",\"contentUrl\":\"https:\/\/secure.gravatar.com\/avatar\/e0a867bdedb85fd243eadf09663511f96fc81e0720a4a42581f334ad4303aa6b?s=96&d=mm&r=g\",\"caption\":\"Reda\u00e7\u00e3o\"}}]}<\/script>\n<!-- \/ Yoast SEO plugin. -->","yoast_head_json":{"title":"Moraes d\u00e1 prazo para PGR opinar sobre soltura de Anderson - Notibras","robots":{"index":"index","follow":"follow","max-snippet":"max-snippet:-1","max-image-preview":"max-image-preview:large","max-video-preview":"max-video-preview:-1"},"canonical":"https:\/\/www.notibras.com\/site\/moraes-da-prazo-para-pgr-opinar-sobre-soltura-de-anderson\/","og_locale":"pt_BR","og_type":"article","og_title":"Moraes d\u00e1 prazo para PGR opinar sobre soltura de Anderson - Notibras","og_description":"O ministro Alexandre de Moraes, do Supremo Tribunal Federal (STF), concedeu prazo de cinco dias para a Procuradoria-Geral da Rep\u00fablica (PGR) se manifestar sobre o pedido de liberdade feito pela defesa do ex-ministro da Justi\u00e7a Anderson Torres. Ap\u00f3s receber o parecer da PGR, o ministro deve decidir a quest\u00e3o. N\u00e3o h\u00e1 prazo para uma tomada [&hellip;]","og_url":"https:\/\/www.notibras.com\/site\/moraes-da-prazo-para-pgr-opinar-sobre-soltura-de-anderson\/","og_site_name":"Notibras","article_publisher":"https:\/\/www.facebook.com\/notibras\/","article_published_time":"2023-04-13T12:58:04+00:00","article_modified_time":"2023-04-13T16:23:12+00:00","og_image":[{"width":770,"height":513,"url":"https:\/\/www.notibras.com\/site\/wp-content\/uploads\/2023\/04\/coletiva-min-justica_mcamgo_abr_281020221818-4-1.jpg","type":"image\/jpeg"}],"author":"Reda\u00e7\u00e3o","twitter_card":"summary_large_image","twitter_creator":"@Notibras","twitter_site":"@Notibras","twitter_misc":{"Escrito por":"Reda\u00e7\u00e3o","Est. tempo de leitura":"2 minutos"},"schema":{"@context":"https:\/\/schema.org","@graph":[{"@type":"Article","@id":"https:\/\/www.notibras.com\/site\/moraes-da-prazo-para-pgr-opinar-sobre-soltura-de-anderson\/#article","isPartOf":{"@id":"https:\/\/www.notibras.com\/site\/moraes-da-prazo-para-pgr-opinar-sobre-soltura-de-anderson\/"},"author":{"name":"Reda\u00e7\u00e3o","@id":"https:\/\/www.notibras.com\/site\/#\/schema\/person\/36ab0979449956132d3e5b517ea76ac8"},"headline":"Moraes d\u00e1 prazo para PGR opinar sobre soltura de Anderson","datePublished":"2023-04-13T12:58:04+00:00","dateModified":"2023-04-13T16:23:12+00:00","mainEntityOfPage":{"@id":"https:\/\/www.notibras.com\/site\/moraes-da-prazo-para-pgr-opinar-sobre-soltura-de-anderson\/"},"wordCount":251,"publisher":{"@id":"https:\/\/www.notibras.com\/site\/#organization"},"image":{"@id":"https:\/\/www.notibras.com\/site\/moraes-da-prazo-para-pgr-opinar-sobre-soltura-de-anderson\/#primaryimage"},"thumbnailUrl":"https:\/\/www.notibras.com\/site\/wp-content\/uploads\/2023\/04\/coletiva-min-justica_mcamgo_abr_281020221818-4-1.jpg","keywords":["capa"],"articleSection":["Quadradinho em Foco"],"inLanguage":"pt-BR"},{"@type":"WebPage","@id":"https:\/\/www.notibras.com\/site\/moraes-da-prazo-para-pgr-opinar-sobre-soltura-de-anderson\/","url":"https:\/\/www.notibras.com\/site\/moraes-da-prazo-para-pgr-opinar-sobre-soltura-de-anderson\/","name":"Moraes d\u00e1 prazo para PGR opinar sobre soltura de Anderson - Notibras","isPartOf":{"@id":"https:\/\/www.notibras.com\/site\/#website"},"primaryImageOfPage":{"@id":"https:\/\/www.notibras.com\/site\/moraes-da-prazo-para-pgr-opinar-sobre-soltura-de-anderson\/#primaryimage"},"image":{"@id":"https:\/\/www.notibras.com\/site\/moraes-da-prazo-para-pgr-opinar-sobre-soltura-de-anderson\/#primaryimage"},"thumbnailUrl":"https:\/\/www.notibras.com\/site\/wp-content\/uploads\/2023\/04\/coletiva-min-justica_mcamgo_abr_281020221818-4-1.jpg","datePublished":"2023-04-13T12:58:04+00:00","dateModified":"2023-04-13T16:23:12+00:00","breadcrumb":{"@id":"https:\/\/www.notibras.com\/site\/moraes-da-prazo-para-pgr-opinar-sobre-soltura-de-anderson\/#breadcrumb"},"inLanguage":"pt-BR","potentialAction":[{"@type":"ReadAction","target":["https:\/\/www.notibras.com\/site\/moraes-da-prazo-para-pgr-opinar-sobre-soltura-de-anderson\/"]}]},{"@type":"ImageObject","inLanguage":"pt-BR","@id":"https:\/\/www.notibras.com\/site\/moraes-da-prazo-para-pgr-opinar-sobre-soltura-de-anderson\/#primaryimage","url":"https:\/\/www.notibras.com\/site\/wp-content\/uploads\/2023\/04\/coletiva-min-justica_mcamgo_abr_281020221818-4-1.jpg","contentUrl":"https:\/\/www.notibras.com\/site\/wp-content\/uploads\/2023\/04\/coletiva-min-justica_mcamgo_abr_281020221818-4-1.jpg","width":770,"height":513,"caption":"O ministro da Justi\u00e7a e Seguran\u00e7a P\u00fablica, Anderson Torres, durante entrevista coletiva sobre a Opera\u00e7\u00e3o Elei\u00e7\u00f5es 2022 no segundo turno."},{"@type":"BreadcrumbList","@id":"https:\/\/www.notibras.com\/site\/moraes-da-prazo-para-pgr-opinar-sobre-soltura-de-anderson\/#breadcrumb","itemListElement":[{"@type":"ListItem","position":1,"name":"In\u00edcio","item":"https:\/\/www.notibras.com\/site\/"},{"@type":"ListItem","position":2,"name":"Moraes d\u00e1 prazo para PGR opinar sobre soltura de Anderson"}]},{"@type":"WebSite","@id":"https:\/\/www.notibras.com\/site\/#website","url":"https:\/\/www.notibras.com\/site\/","name":"Notibras","description":"Not\u00edcias de Bras\u00edlia, do Brasil e do Mundo","publisher":{"@id":"https:\/\/www.notibras.com\/site\/#organization"},"potentialAction":[{"@type":"SearchAction","target":{"@type":"EntryPoint","urlTemplate":"https:\/\/www.notibras.com\/site\/?s={search_term_string}"},"query-input":{"@type":"PropertyValueSpecification","valueRequired":true,"valueName":"search_term_string"}}],"inLanguage":"pt-BR"},{"@type":"Organization","@id":"https:\/\/www.notibras.com\/site\/#organization","name":"Grupo Notibras de Comunica\u00e7\u00e3o","url":"https:\/\/www.notibras.com\/site\/","logo":{"@type":"ImageObject","inLanguage":"pt-BR","@id":"https:\/\/www.notibras.com\/site\/#\/schema\/logo\/image\/","url":"https:\/\/www.notibras.com\/site\/wp-content\/uploads\/2023\/01\/notibras23.png","contentUrl":"https:\/\/www.notibras.com\/site\/wp-content\/uploads\/2023\/01\/notibras23.png","width":350,"height":87,"caption":"Grupo Notibras de Comunica\u00e7\u00e3o"},"image":{"@id":"https:\/\/www.notibras.com\/site\/#\/schema\/logo\/image\/"},"sameAs":["https:\/\/www.facebook.com\/notibras\/","https:\/\/x.com\/Notibras","https:\/\/www.instagram.com\/notibras\/"]},{"@type":"Person","@id":"https:\/\/www.notibras.com\/site\/#\/schema\/person\/36ab0979449956132d3e5b517ea76ac8","name":"Reda\u00e7\u00e3o","image":{"@type":"ImageObject","inLanguage":"pt-BR","@id":"https:\/\/secure.gravatar.com\/avatar\/e0a867bdedb85fd243eadf09663511f96fc81e0720a4a42581f334ad4303aa6b?s=96&d=mm&r=g","url":"https:\/\/secure.gravatar.com\/avatar\/e0a867bdedb85fd243eadf09663511f96fc81e0720a4a42581f334ad4303aa6b?s=96&d=mm&r=g","contentUrl":"https:\/\/secure.gravatar.com\/avatar\/e0a867bdedb85fd243eadf09663511f96fc81e0720a4a42581f334ad4303aa6b?s=96&d=mm&r=g","caption":"Reda\u00e7\u00e3o"}}]}},"amp_enabled":true,"_links":{"self":[{"href":"https:\/\/www.notibras.com\/site\/wp-json\/wp\/v2\/posts\/302990","targetHints":{"allow":["GET"]}}],"collection":[{"href":"https:\/\/www.notibras.com\/site\/wp-json\/wp\/v2\/posts"}],"about":[{"href":"https:\/\/www.notibras.com\/site\/wp-json\/wp\/v2\/types\/post"}],"author":[{"embeddable":true,"href":"https:\/\/www.notibras.com\/site\/wp-json\/wp\/v2\/users\/2"}],"replies":[{"embeddable":true,"href":"https:\/\/www.notibras.com\/site\/wp-json\/wp\/v2\/comments?post=302990"}],"version-history":[{"count":1,"href":"https:\/\/www.notibras.com\/site\/wp-json\/wp\/v2\/posts\/302990\/revisions"}],"predecessor-version":[{"id":302992,"href":"https:\/\/www.notibras.com\/site\/wp-json\/wp\/v2\/posts\/302990\/revisions\/302992"}],"wp:featuredmedia":[{"embeddable":true,"href":"https:\/\/www.notibras.com\/site\/wp-json\/wp\/v2\/media\/302991"}],"wp:attachment":[{"href":"https:\/\/www.notibras.com\/site\/wp-json\/wp\/v2\/media?parent=302990"}],"wp:term":[{"taxonomy":"category","embeddable":true,"href":"https:\/\/www.notibras.com\/site\/wp-json\/wp\/v2\/categories?post=302990"},{"taxonomy":"post_tag","embeddable":true,"href":"https:\/\/www.notibras.com\/site\/wp-json\/wp\/v2\/tags?post=302990"}],"curies":[{"name":"wp","href":"https:\/\/api.w.org\/{rel}","templated":true}]}}