{"id":303017,"date":"2023-04-14T00:00:31","date_gmt":"2023-04-14T03:00:31","guid":{"rendered":"https:\/\/www.notibras.com\/site\/?p=303017"},"modified":"2023-04-14T08:25:15","modified_gmt":"2023-04-14T11:25:15","slug":"brasilia-ganha-frente-em-defesa-das-religioes-de-matriz-africana","status":"publish","type":"post","link":"https:\/\/www.notibras.com\/site\/brasilia-ganha-frente-em-defesa-das-religioes-de-matriz-africana\/","title":{"rendered":"Bras\u00edlia ganha frente em defesa das religi\u00f5es de matriz africana"},"content":{"rendered":"<p>A C\u00e2mara Legislativa do Distrito Federal lan\u00e7ou nesta quinta-feira (13) a Frente Parlamentar em Defesa e Prote\u00e7\u00e3o dos Povos e Comunidades Tradicionais de Matriz Africana e das Religi\u00f5es de Matriz Africana.<\/p>\n<p>Os deputados distritais pretendem realizar reuni\u00f5es peri\u00f3dicas com representantes das comunidades e das religi\u00f5es para receber demandas e avaliar pol\u00edticas p\u00fablicas focadas no enfrentamento do racismo religioso e na garantia de direitos.<\/p>\n<p>\u201cA frente ter\u00e1 prioridade na articula\u00e7\u00e3o com as casas e centros dos povos, comunidades e religi\u00f5es tradicionais de matrizes africanas para o enfrentamento das viola\u00e7\u00f5es de direitos, defesa da prote\u00e7\u00e3o das tradi\u00e7\u00f5es e avan\u00e7o de pol\u00edticas p\u00fablicas\u201d, disse o deputado F\u00e1bio F\u00e9lix (PSOL), integrante do grupo e presidente da Comiss\u00e3o de Defesa dos Direitos Humanos, \u00c9tica e Decoro Parlamentar.<\/p>\n<p>Na sess\u00e3o, o deputado lembrou a aprova\u00e7\u00e3o, em janeiro deste ano, do projeto de sua autoria, que pune discrimina\u00e7\u00e3o a praticantes das religi\u00f5es de matriz africana no Distrito Federal. A lei cria um programa de enfrentamento ao racismo religioso e estipula multas e san\u00e7\u00f5es a agentes p\u00fablicos, empresas e estabelecimentos comerciais que praticarem atos discriminat\u00f3rios.<\/p>\n<p>\u201cEssa lei \u00e9 um avan\u00e7o simb\u00f3lico. Se temos adultos nos terreiros, temos crian\u00e7as e adolescentes que precisam ser protegidos, por isso a lei prev\u00ea puni\u00e7\u00f5es e san\u00e7\u00f5es\u201d, afirmou F\u00e1bio F\u00e9lix.<\/p>\n<p>Os terreiros s\u00e3o alvos de ataques, com apedrejamento, inc\u00eandios, destrui\u00e7\u00e3o de imagens e vandalismo.<\/p>\n<p>Regulariza\u00e7\u00e3o de terreiros<br \/>\nUma das demandas das lideran\u00e7as religiosas \u00e9 a regulariza\u00e7\u00e3o de terreiros, principalmente os localizados em \u00e1reas p\u00fablicas.<\/p>\n<p>Levantamento da Funda\u00e7\u00e3o Palmares e da Universidade de Bras\u00edlia, divulgado em 2018, aponta a exist\u00eancia de 330 terreiros de religi\u00f5es de matriz africana no Distrito Federal. A maioria (87,8%) fica em \u00e1rea urbana. Do total, 33% s\u00e3o do candombl\u00e9, 57% de umbanda e 9% t\u00eam as duas religi\u00f5es.<\/p>\n<p>A maioria dos terreiros n\u00e3o \u00e9 legalizado e, com isso, ficam impedidos de acessar benef\u00edcios e pol\u00edticas p\u00fablicas, como isen\u00e7\u00e3o do pagamento de IPTU, previsto em lei para templos religiosos, conforme relato de Adna Santos, Yalorix\u00e1 M\u00e3e Baiana de Oy\u00e1 e uma das principais refer\u00eancias do candombl\u00e9.<\/p>\n<p>\u201cA gente ouve falar que o Estado \u00e9 laico, mas n\u00e3o v\u00ea isso. A falta de respeito, de pol\u00edtica p\u00fablica. Os interesses s\u00e3o sempre voltados para outros grupos religiosos. A gente n\u00e3o quer que nos sigam. Queremos ser respeitados, e n\u00e3o tolerados\u201d, disse \u00e0 Ag\u00eancia Brasil.<\/p>\n<p>M\u00e3e Baiana de Oy\u00e1 disse que a frente vai funcionar como \u201cuma escuta\u201d dos povos tradicionais e afrodescendentes. \u201cEssa frente \u00e9 para a gente saber onde vamos denunciar, buscar resposta para o reconhecimento do nosso povo preto\u201d.<\/p>\n<p>M\u00e3e Baiana de Oy\u00e0 no lan\u00e7amento da Frente Parlamentar em Defesa e Prote\u00e7\u00e3o dos Povos e Comunidades Tradicionais de Matriz Africana e das Religi\u00f5es de Matriz Africana. Foto &#8211; Valter Campanato\/Ag\u00eancia Brasil<br \/>\nA yalorix\u00e1 cobrou ainda a restaura\u00e7\u00e3o da Pra\u00e7a dos Orix\u00e1s, em Bras\u00edlia, que teve esculturas destru\u00eddas.<\/p>\n<p>As lideran\u00e7as defenderam ainda a aprova\u00e7\u00e3o do projeto de Lei 1279 de 22 que cria um Marco Legal dos Povos de Matriz Africana. Conhecido como projeto Makota Valdina, em homenagem a ativista baiana de mesmo nome, o PL reconhece as unidades territoriais que materializam a cultura dos povos tradicionais e a organiza\u00e7\u00e3o de pol\u00edticas p\u00fablicas nas \u00e1reas de sa\u00fade, seguran\u00e7a alimentar, emprego e renda para essa popula\u00e7\u00e3o.<\/p>\n","protected":false},"excerpt":{"rendered":"<p>A C\u00e2mara Legislativa do Distrito Federal lan\u00e7ou nesta quinta-feira (13) a Frente Parlamentar em Defesa e Prote\u00e7\u00e3o dos Povos e Comunidades Tradicionais de Matriz Africana e das Religi\u00f5es de Matriz Africana. Os deputados distritais pretendem realizar reuni\u00f5es peri\u00f3dicas com representantes das comunidades e das religi\u00f5es para receber demandas e avaliar pol\u00edticas p\u00fablicas focadas no enfrentamento [&hellip;]<\/p>\n","protected":false},"author":2,"featured_media":303018,"comment_status":"closed","ping_status":"closed","sticky":false,"template":"","format":"standard","meta":{"_acf_changed":false,"footnotes":""},"categories":[161],"tags":[95],"class_list":["post-303017","post","type-post","status-publish","format-standard","has-post-thumbnail","hentry","category-quadradinho-em-foco","tag-capa"],"acf":[],"yoast_head":"<!-- This site is optimized with the Yoast SEO plugin v27.2 - https:\/\/yoast.com\/product\/yoast-seo-wordpress\/ -->\n<title>Bras\u00edlia ganha frente em defesa das religi\u00f5es de matriz africana - Notibras<\/title>\n<meta name=\"robots\" content=\"index, follow, max-snippet:-1, max-image-preview:large, max-video-preview:-1\" \/>\n<link rel=\"canonical\" href=\"https:\/\/www.notibras.com\/site\/brasilia-ganha-frente-em-defesa-das-religioes-de-matriz-africana\/\" \/>\n<meta property=\"og:locale\" content=\"pt_BR\" \/>\n<meta property=\"og:type\" content=\"article\" \/>\n<meta property=\"og:title\" content=\"Bras\u00edlia ganha frente em defesa das religi\u00f5es de matriz africana - Notibras\" \/>\n<meta property=\"og:description\" content=\"A C\u00e2mara Legislativa do Distrito Federal lan\u00e7ou nesta quinta-feira (13) a Frente Parlamentar em Defesa e Prote\u00e7\u00e3o dos Povos e Comunidades Tradicionais de Matriz Africana e das Religi\u00f5es de Matriz Africana. Os deputados distritais pretendem realizar reuni\u00f5es peri\u00f3dicas com representantes das comunidades e das religi\u00f5es para receber demandas e avaliar pol\u00edticas p\u00fablicas focadas no enfrentamento [&hellip;]\" \/>\n<meta property=\"og:url\" content=\"https:\/\/www.notibras.com\/site\/brasilia-ganha-frente-em-defesa-das-religioes-de-matriz-africana\/\" \/>\n<meta property=\"og:site_name\" content=\"Notibras\" \/>\n<meta property=\"article:publisher\" content=\"https:\/\/www.facebook.com\/notibras\/\" \/>\n<meta property=\"article:published_time\" content=\"2023-04-14T03:00:31+00:00\" \/>\n<meta property=\"article:modified_time\" content=\"2023-04-14T11:25:15+00:00\" \/>\n<meta property=\"og:image\" content=\"https:\/\/www.notibras.com\/site\/wp-content\/uploads\/2023\/04\/vac_abr1304232318.jpg\" \/>\n\t<meta property=\"og:image:width\" content=\"1170\" \/>\n\t<meta property=\"og:image:height\" content=\"700\" \/>\n\t<meta property=\"og:image:type\" content=\"image\/jpeg\" \/>\n<meta name=\"author\" content=\"Reda\u00e7\u00e3o\" \/>\n<meta name=\"twitter:card\" content=\"summary_large_image\" \/>\n<meta name=\"twitter:creator\" content=\"@Notibras\" \/>\n<meta name=\"twitter:site\" content=\"@Notibras\" \/>\n<meta name=\"twitter:label1\" content=\"Escrito por\" \/>\n\t<meta name=\"twitter:data1\" content=\"Reda\u00e7\u00e3o\" \/>\n\t<meta name=\"twitter:label2\" content=\"Est. tempo de leitura\" \/>\n\t<meta name=\"twitter:data2\" content=\"3 minutos\" \/>\n<script type=\"application\/ld+json\" class=\"yoast-schema-graph\">{\"@context\":\"https:\/\/schema.org\",\"@graph\":[{\"@type\":\"Article\",\"@id\":\"https:\/\/www.notibras.com\/site\/brasilia-ganha-frente-em-defesa-das-religioes-de-matriz-africana\/#article\",\"isPartOf\":{\"@id\":\"https:\/\/www.notibras.com\/site\/brasilia-ganha-frente-em-defesa-das-religioes-de-matriz-africana\/\"},\"author\":{\"name\":\"Reda\u00e7\u00e3o\",\"@id\":\"https:\/\/www.notibras.com\/site\/#\/schema\/person\/36ab0979449956132d3e5b517ea76ac8\"},\"headline\":\"Bras\u00edlia ganha frente em defesa das religi\u00f5es de matriz africana\",\"datePublished\":\"2023-04-14T03:00:31+00:00\",\"dateModified\":\"2023-04-14T11:25:15+00:00\",\"mainEntityOfPage\":{\"@id\":\"https:\/\/www.notibras.com\/site\/brasilia-ganha-frente-em-defesa-das-religioes-de-matriz-africana\/\"},\"wordCount\":613,\"publisher\":{\"@id\":\"https:\/\/www.notibras.com\/site\/#organization\"},\"image\":{\"@id\":\"https:\/\/www.notibras.com\/site\/brasilia-ganha-frente-em-defesa-das-religioes-de-matriz-africana\/#primaryimage\"},\"thumbnailUrl\":\"https:\/\/www.notibras.com\/site\/wp-content\/uploads\/2023\/04\/vac_abr1304232318.jpg\",\"keywords\":[\"capa\"],\"articleSection\":[\"Quadradinho em Foco\"],\"inLanguage\":\"pt-BR\"},{\"@type\":\"WebPage\",\"@id\":\"https:\/\/www.notibras.com\/site\/brasilia-ganha-frente-em-defesa-das-religioes-de-matriz-africana\/\",\"url\":\"https:\/\/www.notibras.com\/site\/brasilia-ganha-frente-em-defesa-das-religioes-de-matriz-africana\/\",\"name\":\"Bras\u00edlia ganha frente em defesa das religi\u00f5es de matriz africana - Notibras\",\"isPartOf\":{\"@id\":\"https:\/\/www.notibras.com\/site\/#website\"},\"primaryImageOfPage\":{\"@id\":\"https:\/\/www.notibras.com\/site\/brasilia-ganha-frente-em-defesa-das-religioes-de-matriz-africana\/#primaryimage\"},\"image\":{\"@id\":\"https:\/\/www.notibras.com\/site\/brasilia-ganha-frente-em-defesa-das-religioes-de-matriz-africana\/#primaryimage\"},\"thumbnailUrl\":\"https:\/\/www.notibras.com\/site\/wp-content\/uploads\/2023\/04\/vac_abr1304232318.jpg\",\"datePublished\":\"2023-04-14T03:00:31+00:00\",\"dateModified\":\"2023-04-14T11:25:15+00:00\",\"breadcrumb\":{\"@id\":\"https:\/\/www.notibras.com\/site\/brasilia-ganha-frente-em-defesa-das-religioes-de-matriz-africana\/#breadcrumb\"},\"inLanguage\":\"pt-BR\",\"potentialAction\":[{\"@type\":\"ReadAction\",\"target\":[\"https:\/\/www.notibras.com\/site\/brasilia-ganha-frente-em-defesa-das-religioes-de-matriz-africana\/\"]}]},{\"@type\":\"ImageObject\",\"inLanguage\":\"pt-BR\",\"@id\":\"https:\/\/www.notibras.com\/site\/brasilia-ganha-frente-em-defesa-das-religioes-de-matriz-africana\/#primaryimage\",\"url\":\"https:\/\/www.notibras.com\/site\/wp-content\/uploads\/2023\/04\/vac_abr1304232318.jpg\",\"contentUrl\":\"https:\/\/www.notibras.com\/site\/wp-content\/uploads\/2023\/04\/vac_abr1304232318.jpg\",\"width\":1170,\"height\":700,\"caption\":\"Bras\u00edlia (DF), 13\/04\/2023 \u2013 Lan\u00e7amento da Frente Parlamentar em Defesa e Prote\u00e7\u00e3o dos Povos e Comunidades Tradicionais de Matriz Africana e das Religi\u00f5es de Matriz Africana. Foto Valter Campanato\/Ag\u00eancia Brasil.\"},{\"@type\":\"BreadcrumbList\",\"@id\":\"https:\/\/www.notibras.com\/site\/brasilia-ganha-frente-em-defesa-das-religioes-de-matriz-africana\/#breadcrumb\",\"itemListElement\":[{\"@type\":\"ListItem\",\"position\":1,\"name\":\"In\u00edcio\",\"item\":\"https:\/\/www.notibras.com\/site\/\"},{\"@type\":\"ListItem\",\"position\":2,\"name\":\"Bras\u00edlia ganha frente em defesa das religi\u00f5es de matriz africana\"}]},{\"@type\":\"WebSite\",\"@id\":\"https:\/\/www.notibras.com\/site\/#website\",\"url\":\"https:\/\/www.notibras.com\/site\/\",\"name\":\"Notibras\",\"description\":\"Not\u00edcias de Bras\u00edlia, do Brasil e do Mundo\",\"publisher\":{\"@id\":\"https:\/\/www.notibras.com\/site\/#organization\"},\"potentialAction\":[{\"@type\":\"SearchAction\",\"target\":{\"@type\":\"EntryPoint\",\"urlTemplate\":\"https:\/\/www.notibras.com\/site\/?s={search_term_string}\"},\"query-input\":{\"@type\":\"PropertyValueSpecification\",\"valueRequired\":true,\"valueName\":\"search_term_string\"}}],\"inLanguage\":\"pt-BR\"},{\"@type\":\"Organization\",\"@id\":\"https:\/\/www.notibras.com\/site\/#organization\",\"name\":\"Grupo Notibras de Comunica\u00e7\u00e3o\",\"url\":\"https:\/\/www.notibras.com\/site\/\",\"logo\":{\"@type\":\"ImageObject\",\"inLanguage\":\"pt-BR\",\"@id\":\"https:\/\/www.notibras.com\/site\/#\/schema\/logo\/image\/\",\"url\":\"https:\/\/www.notibras.com\/site\/wp-content\/uploads\/2023\/01\/notibras23.png\",\"contentUrl\":\"https:\/\/www.notibras.com\/site\/wp-content\/uploads\/2023\/01\/notibras23.png\",\"width\":350,\"height\":87,\"caption\":\"Grupo Notibras de Comunica\u00e7\u00e3o\"},\"image\":{\"@id\":\"https:\/\/www.notibras.com\/site\/#\/schema\/logo\/image\/\"},\"sameAs\":[\"https:\/\/www.facebook.com\/notibras\/\",\"https:\/\/x.com\/Notibras\",\"https:\/\/www.instagram.com\/notibras\/\"]},{\"@type\":\"Person\",\"@id\":\"https:\/\/www.notibras.com\/site\/#\/schema\/person\/36ab0979449956132d3e5b517ea76ac8\",\"name\":\"Reda\u00e7\u00e3o\",\"image\":{\"@type\":\"ImageObject\",\"inLanguage\":\"pt-BR\",\"@id\":\"https:\/\/secure.gravatar.com\/avatar\/e0a867bdedb85fd243eadf09663511f96fc81e0720a4a42581f334ad4303aa6b?s=96&d=mm&r=g\",\"url\":\"https:\/\/secure.gravatar.com\/avatar\/e0a867bdedb85fd243eadf09663511f96fc81e0720a4a42581f334ad4303aa6b?s=96&d=mm&r=g\",\"contentUrl\":\"https:\/\/secure.gravatar.com\/avatar\/e0a867bdedb85fd243eadf09663511f96fc81e0720a4a42581f334ad4303aa6b?s=96&d=mm&r=g\",\"caption\":\"Reda\u00e7\u00e3o\"}}]}<\/script>\n<!-- \/ Yoast SEO plugin. -->","yoast_head_json":{"title":"Bras\u00edlia ganha frente em defesa das religi\u00f5es de matriz africana - Notibras","robots":{"index":"index","follow":"follow","max-snippet":"max-snippet:-1","max-image-preview":"max-image-preview:large","max-video-preview":"max-video-preview:-1"},"canonical":"https:\/\/www.notibras.com\/site\/brasilia-ganha-frente-em-defesa-das-religioes-de-matriz-africana\/","og_locale":"pt_BR","og_type":"article","og_title":"Bras\u00edlia ganha frente em defesa das religi\u00f5es de matriz africana - Notibras","og_description":"A C\u00e2mara Legislativa do Distrito Federal lan\u00e7ou nesta quinta-feira (13) a Frente Parlamentar em Defesa e Prote\u00e7\u00e3o dos Povos e Comunidades Tradicionais de Matriz Africana e das Religi\u00f5es de Matriz Africana. Os deputados distritais pretendem realizar reuni\u00f5es peri\u00f3dicas com representantes das comunidades e das religi\u00f5es para receber demandas e avaliar pol\u00edticas p\u00fablicas focadas no enfrentamento [&hellip;]","og_url":"https:\/\/www.notibras.com\/site\/brasilia-ganha-frente-em-defesa-das-religioes-de-matriz-africana\/","og_site_name":"Notibras","article_publisher":"https:\/\/www.facebook.com\/notibras\/","article_published_time":"2023-04-14T03:00:31+00:00","article_modified_time":"2023-04-14T11:25:15+00:00","og_image":[{"width":1170,"height":700,"url":"https:\/\/www.notibras.com\/site\/wp-content\/uploads\/2023\/04\/vac_abr1304232318.jpg","type":"image\/jpeg"}],"author":"Reda\u00e7\u00e3o","twitter_card":"summary_large_image","twitter_creator":"@Notibras","twitter_site":"@Notibras","twitter_misc":{"Escrito por":"Reda\u00e7\u00e3o","Est. tempo de leitura":"3 minutos"},"schema":{"@context":"https:\/\/schema.org","@graph":[{"@type":"Article","@id":"https:\/\/www.notibras.com\/site\/brasilia-ganha-frente-em-defesa-das-religioes-de-matriz-africana\/#article","isPartOf":{"@id":"https:\/\/www.notibras.com\/site\/brasilia-ganha-frente-em-defesa-das-religioes-de-matriz-africana\/"},"author":{"name":"Reda\u00e7\u00e3o","@id":"https:\/\/www.notibras.com\/site\/#\/schema\/person\/36ab0979449956132d3e5b517ea76ac8"},"headline":"Bras\u00edlia ganha frente em defesa das religi\u00f5es de matriz africana","datePublished":"2023-04-14T03:00:31+00:00","dateModified":"2023-04-14T11:25:15+00:00","mainEntityOfPage":{"@id":"https:\/\/www.notibras.com\/site\/brasilia-ganha-frente-em-defesa-das-religioes-de-matriz-africana\/"},"wordCount":613,"publisher":{"@id":"https:\/\/www.notibras.com\/site\/#organization"},"image":{"@id":"https:\/\/www.notibras.com\/site\/brasilia-ganha-frente-em-defesa-das-religioes-de-matriz-africana\/#primaryimage"},"thumbnailUrl":"https:\/\/www.notibras.com\/site\/wp-content\/uploads\/2023\/04\/vac_abr1304232318.jpg","keywords":["capa"],"articleSection":["Quadradinho em Foco"],"inLanguage":"pt-BR"},{"@type":"WebPage","@id":"https:\/\/www.notibras.com\/site\/brasilia-ganha-frente-em-defesa-das-religioes-de-matriz-africana\/","url":"https:\/\/www.notibras.com\/site\/brasilia-ganha-frente-em-defesa-das-religioes-de-matriz-africana\/","name":"Bras\u00edlia ganha frente em defesa das religi\u00f5es de matriz africana - Notibras","isPartOf":{"@id":"https:\/\/www.notibras.com\/site\/#website"},"primaryImageOfPage":{"@id":"https:\/\/www.notibras.com\/site\/brasilia-ganha-frente-em-defesa-das-religioes-de-matriz-africana\/#primaryimage"},"image":{"@id":"https:\/\/www.notibras.com\/site\/brasilia-ganha-frente-em-defesa-das-religioes-de-matriz-africana\/#primaryimage"},"thumbnailUrl":"https:\/\/www.notibras.com\/site\/wp-content\/uploads\/2023\/04\/vac_abr1304232318.jpg","datePublished":"2023-04-14T03:00:31+00:00","dateModified":"2023-04-14T11:25:15+00:00","breadcrumb":{"@id":"https:\/\/www.notibras.com\/site\/brasilia-ganha-frente-em-defesa-das-religioes-de-matriz-africana\/#breadcrumb"},"inLanguage":"pt-BR","potentialAction":[{"@type":"ReadAction","target":["https:\/\/www.notibras.com\/site\/brasilia-ganha-frente-em-defesa-das-religioes-de-matriz-africana\/"]}]},{"@type":"ImageObject","inLanguage":"pt-BR","@id":"https:\/\/www.notibras.com\/site\/brasilia-ganha-frente-em-defesa-das-religioes-de-matriz-africana\/#primaryimage","url":"https:\/\/www.notibras.com\/site\/wp-content\/uploads\/2023\/04\/vac_abr1304232318.jpg","contentUrl":"https:\/\/www.notibras.com\/site\/wp-content\/uploads\/2023\/04\/vac_abr1304232318.jpg","width":1170,"height":700,"caption":"Bras\u00edlia (DF), 13\/04\/2023 \u2013 Lan\u00e7amento da Frente Parlamentar em Defesa e Prote\u00e7\u00e3o dos Povos e Comunidades Tradicionais de Matriz Africana e das Religi\u00f5es de Matriz Africana. Foto Valter Campanato\/Ag\u00eancia Brasil."},{"@type":"BreadcrumbList","@id":"https:\/\/www.notibras.com\/site\/brasilia-ganha-frente-em-defesa-das-religioes-de-matriz-africana\/#breadcrumb","itemListElement":[{"@type":"ListItem","position":1,"name":"In\u00edcio","item":"https:\/\/www.notibras.com\/site\/"},{"@type":"ListItem","position":2,"name":"Bras\u00edlia ganha frente em defesa das religi\u00f5es de matriz africana"}]},{"@type":"WebSite","@id":"https:\/\/www.notibras.com\/site\/#website","url":"https:\/\/www.notibras.com\/site\/","name":"Notibras","description":"Not\u00edcias de Bras\u00edlia, do Brasil e do Mundo","publisher":{"@id":"https:\/\/www.notibras.com\/site\/#organization"},"potentialAction":[{"@type":"SearchAction","target":{"@type":"EntryPoint","urlTemplate":"https:\/\/www.notibras.com\/site\/?s={search_term_string}"},"query-input":{"@type":"PropertyValueSpecification","valueRequired":true,"valueName":"search_term_string"}}],"inLanguage":"pt-BR"},{"@type":"Organization","@id":"https:\/\/www.notibras.com\/site\/#organization","name":"Grupo Notibras de Comunica\u00e7\u00e3o","url":"https:\/\/www.notibras.com\/site\/","logo":{"@type":"ImageObject","inLanguage":"pt-BR","@id":"https:\/\/www.notibras.com\/site\/#\/schema\/logo\/image\/","url":"https:\/\/www.notibras.com\/site\/wp-content\/uploads\/2023\/01\/notibras23.png","contentUrl":"https:\/\/www.notibras.com\/site\/wp-content\/uploads\/2023\/01\/notibras23.png","width":350,"height":87,"caption":"Grupo Notibras de Comunica\u00e7\u00e3o"},"image":{"@id":"https:\/\/www.notibras.com\/site\/#\/schema\/logo\/image\/"},"sameAs":["https:\/\/www.facebook.com\/notibras\/","https:\/\/x.com\/Notibras","https:\/\/www.instagram.com\/notibras\/"]},{"@type":"Person","@id":"https:\/\/www.notibras.com\/site\/#\/schema\/person\/36ab0979449956132d3e5b517ea76ac8","name":"Reda\u00e7\u00e3o","image":{"@type":"ImageObject","inLanguage":"pt-BR","@id":"https:\/\/secure.gravatar.com\/avatar\/e0a867bdedb85fd243eadf09663511f96fc81e0720a4a42581f334ad4303aa6b?s=96&d=mm&r=g","url":"https:\/\/secure.gravatar.com\/avatar\/e0a867bdedb85fd243eadf09663511f96fc81e0720a4a42581f334ad4303aa6b?s=96&d=mm&r=g","contentUrl":"https:\/\/secure.gravatar.com\/avatar\/e0a867bdedb85fd243eadf09663511f96fc81e0720a4a42581f334ad4303aa6b?s=96&d=mm&r=g","caption":"Reda\u00e7\u00e3o"}}]}},"amp_enabled":true,"_links":{"self":[{"href":"https:\/\/www.notibras.com\/site\/wp-json\/wp\/v2\/posts\/303017","targetHints":{"allow":["GET"]}}],"collection":[{"href":"https:\/\/www.notibras.com\/site\/wp-json\/wp\/v2\/posts"}],"about":[{"href":"https:\/\/www.notibras.com\/site\/wp-json\/wp\/v2\/types\/post"}],"author":[{"embeddable":true,"href":"https:\/\/www.notibras.com\/site\/wp-json\/wp\/v2\/users\/2"}],"replies":[{"embeddable":true,"href":"https:\/\/www.notibras.com\/site\/wp-json\/wp\/v2\/comments?post=303017"}],"version-history":[{"count":1,"href":"https:\/\/www.notibras.com\/site\/wp-json\/wp\/v2\/posts\/303017\/revisions"}],"predecessor-version":[{"id":303019,"href":"https:\/\/www.notibras.com\/site\/wp-json\/wp\/v2\/posts\/303017\/revisions\/303019"}],"wp:featuredmedia":[{"embeddable":true,"href":"https:\/\/www.notibras.com\/site\/wp-json\/wp\/v2\/media\/303018"}],"wp:attachment":[{"href":"https:\/\/www.notibras.com\/site\/wp-json\/wp\/v2\/media?parent=303017"}],"wp:term":[{"taxonomy":"category","embeddable":true,"href":"https:\/\/www.notibras.com\/site\/wp-json\/wp\/v2\/categories?post=303017"},{"taxonomy":"post_tag","embeddable":true,"href":"https:\/\/www.notibras.com\/site\/wp-json\/wp\/v2\/tags?post=303017"}],"curies":[{"name":"wp","href":"https:\/\/api.w.org\/{rel}","templated":true}]}}