{"id":303083,"date":"2023-04-15T00:00:46","date_gmt":"2023-04-15T03:00:46","guid":{"rendered":"https:\/\/www.notibras.com\/site\/?p=303083"},"modified":"2023-04-15T08:16:25","modified_gmt":"2023-04-15T11:16:25","slug":"tcdf-pressiona-governo-sobre-creditos-do-cartao-de-mobilidade","status":"publish","type":"post","link":"https:\/\/www.notibras.com\/site\/tcdf-pressiona-governo-sobre-creditos-do-cartao-de-mobilidade\/","title":{"rendered":"TCDF pressiona governo sobre cr\u00e9ditos do cart\u00e3o de mobilidade"},"content":{"rendered":"<p>O Tribunal de Contas do Distrito Federal deu prazo de 15 dias para que a Secretaria de Transporte e Mobilidade preste esclarecimentos sobre o decreto que estabeleceu prazo de validade para os cr\u00e9ditos do vale-transporte e cart\u00e3o mobilidade.<\/p>\n<p>O Plen\u00e1rio da Corte acolheu uma representa\u00e7\u00e3o que questiona a Constitucionalidade do Decreto n.\u00ba 43.899, de 31 de outubro de 2022.<\/p>\n<p>Essa norma estabelece prazo de um ano, a contar da data de aquisi\u00e7\u00e3o dos cr\u00e9ditos, para que os usu\u00e1rios do Sistema de Transporte P\u00fablico Coletivo (STPC) do DF possam fazer uso dos valores depositados nos cart\u00f5es de mobilidade.<\/p>\n<p>A regra ainda define que os cr\u00e9ditos n\u00e3o usufru\u00eddos dentro do prazo estabelecido ser\u00e3o retidos e revertidos \u00e0 manuten\u00e7\u00e3o do equil\u00edbrio econ\u00f4mico-financeiro do STPC\/DF.<\/p>\n<p>Segundo representa\u00e7\u00e3o protocolada no TCDF, o referido decreto fere o direito constitucional \u00e0 propriedade dos usu\u00e1rios do transporte p\u00fablico do DF, uma vez que tais cr\u00e9ditos, embora operacionalizados pelo Banco de Bras\u00edlia (BRB), s\u00e3o adquiridos com recursos particulares dos usu\u00e1rios e\/ou de empresas privadas. Portanto, os valores n\u00e3o poderiam ser retidos pelo Poder P\u00fablico, sob o risco de configurar confisco de cr\u00e9ditos e interven\u00e7\u00e3o ilegal.<\/p>\n<p>O prazo de 15 dias para a manifesta\u00e7\u00e3o da Semob\/DF come\u00e7a a contar a partir da data de notifica\u00e7\u00e3o da pasta.<\/p>\n","protected":false},"excerpt":{"rendered":"<p>O Tribunal de Contas do Distrito Federal deu prazo de 15 dias para que a Secretaria de Transporte e Mobilidade preste esclarecimentos sobre o decreto que estabeleceu prazo de validade para os cr\u00e9ditos do vale-transporte e cart\u00e3o mobilidade. O Plen\u00e1rio da Corte acolheu uma representa\u00e7\u00e3o que questiona a Constitucionalidade do Decreto n.\u00ba 43.899, de 31 [&hellip;]<\/p>\n","protected":false},"author":2,"featured_media":154586,"comment_status":"closed","ping_status":"closed","sticky":false,"template":"","format":"standard","meta":{"_acf_changed":false,"footnotes":""},"categories":[161],"tags":[],"class_list":["post-303083","post","type-post","status-publish","format-standard","has-post-thumbnail","hentry","category-quadradinho-em-foco"],"acf":[],"yoast_head":"<!-- This site is optimized with the Yoast SEO plugin v27.2 - https:\/\/yoast.com\/product\/yoast-seo-wordpress\/ -->\n<title>TCDF pressiona governo sobre cr\u00e9ditos do cart\u00e3o de mobilidade - Notibras<\/title>\n<meta name=\"robots\" content=\"index, follow, max-snippet:-1, max-image-preview:large, max-video-preview:-1\" \/>\n<link rel=\"canonical\" href=\"https:\/\/www.notibras.com\/site\/tcdf-pressiona-governo-sobre-creditos-do-cartao-de-mobilidade\/\" \/>\n<meta property=\"og:locale\" content=\"pt_BR\" \/>\n<meta property=\"og:type\" content=\"article\" \/>\n<meta property=\"og:title\" content=\"TCDF pressiona governo sobre cr\u00e9ditos do cart\u00e3o de mobilidade - Notibras\" \/>\n<meta property=\"og:description\" content=\"O Tribunal de Contas do Distrito Federal deu prazo de 15 dias para que a Secretaria de Transporte e Mobilidade preste esclarecimentos sobre o decreto que estabeleceu prazo de validade para os cr\u00e9ditos do vale-transporte e cart\u00e3o mobilidade. O Plen\u00e1rio da Corte acolheu uma representa\u00e7\u00e3o que questiona a Constitucionalidade do Decreto n.\u00ba 43.899, de 31 [&hellip;]\" \/>\n<meta property=\"og:url\" content=\"https:\/\/www.notibras.com\/site\/tcdf-pressiona-governo-sobre-creditos-do-cartao-de-mobilidade\/\" \/>\n<meta property=\"og:site_name\" content=\"Notibras\" \/>\n<meta property=\"article:publisher\" content=\"https:\/\/www.facebook.com\/notibras\/\" \/>\n<meta property=\"article:published_time\" content=\"2023-04-15T03:00:46+00:00\" \/>\n<meta property=\"article:modified_time\" content=\"2023-04-15T11:16:25+00:00\" \/>\n<meta property=\"og:image\" content=\"https:\/\/www.notibras.com\/site\/wp-content\/uploads\/2017\/09\/onibus-agress\u00e3o-sexual.jpg\" \/>\n\t<meta property=\"og:image:width\" content=\"610\" \/>\n\t<meta property=\"og:image:height\" content=\"405\" \/>\n\t<meta property=\"og:image:type\" content=\"image\/jpeg\" \/>\n<meta name=\"author\" content=\"Reda\u00e7\u00e3o\" \/>\n<meta name=\"twitter:card\" content=\"summary_large_image\" \/>\n<meta name=\"twitter:creator\" content=\"@Notibras\" \/>\n<meta name=\"twitter:site\" content=\"@Notibras\" \/>\n<meta name=\"twitter:label1\" content=\"Escrito por\" \/>\n\t<meta name=\"twitter:data1\" content=\"Reda\u00e7\u00e3o\" \/>\n\t<meta name=\"twitter:label2\" content=\"Est. tempo de leitura\" \/>\n\t<meta name=\"twitter:data2\" content=\"2 minutos\" \/>\n<script type=\"application\/ld+json\" class=\"yoast-schema-graph\">{\"@context\":\"https:\/\/schema.org\",\"@graph\":[{\"@type\":\"Article\",\"@id\":\"https:\/\/www.notibras.com\/site\/tcdf-pressiona-governo-sobre-creditos-do-cartao-de-mobilidade\/#article\",\"isPartOf\":{\"@id\":\"https:\/\/www.notibras.com\/site\/tcdf-pressiona-governo-sobre-creditos-do-cartao-de-mobilidade\/\"},\"author\":{\"name\":\"Reda\u00e7\u00e3o\",\"@id\":\"https:\/\/www.notibras.com\/site\/#\/schema\/person\/36ab0979449956132d3e5b517ea76ac8\"},\"headline\":\"TCDF pressiona governo sobre cr\u00e9ditos do cart\u00e3o de mobilidade\",\"datePublished\":\"2023-04-15T03:00:46+00:00\",\"dateModified\":\"2023-04-15T11:16:25+00:00\",\"mainEntityOfPage\":{\"@id\":\"https:\/\/www.notibras.com\/site\/tcdf-pressiona-governo-sobre-creditos-do-cartao-de-mobilidade\/\"},\"wordCount\":244,\"publisher\":{\"@id\":\"https:\/\/www.notibras.com\/site\/#organization\"},\"image\":{\"@id\":\"https:\/\/www.notibras.com\/site\/tcdf-pressiona-governo-sobre-creditos-do-cartao-de-mobilidade\/#primaryimage\"},\"thumbnailUrl\":\"https:\/\/www.notibras.com\/site\/wp-content\/uploads\/2017\/09\/onibus-agress\u00e3o-sexual.jpg\",\"articleSection\":[\"Quadradinho em Foco\"],\"inLanguage\":\"pt-BR\"},{\"@type\":\"WebPage\",\"@id\":\"https:\/\/www.notibras.com\/site\/tcdf-pressiona-governo-sobre-creditos-do-cartao-de-mobilidade\/\",\"url\":\"https:\/\/www.notibras.com\/site\/tcdf-pressiona-governo-sobre-creditos-do-cartao-de-mobilidade\/\",\"name\":\"TCDF pressiona governo sobre cr\u00e9ditos do cart\u00e3o de mobilidade - Notibras\",\"isPartOf\":{\"@id\":\"https:\/\/www.notibras.com\/site\/#website\"},\"primaryImageOfPage\":{\"@id\":\"https:\/\/www.notibras.com\/site\/tcdf-pressiona-governo-sobre-creditos-do-cartao-de-mobilidade\/#primaryimage\"},\"image\":{\"@id\":\"https:\/\/www.notibras.com\/site\/tcdf-pressiona-governo-sobre-creditos-do-cartao-de-mobilidade\/#primaryimage\"},\"thumbnailUrl\":\"https:\/\/www.notibras.com\/site\/wp-content\/uploads\/2017\/09\/onibus-agress\u00e3o-sexual.jpg\",\"datePublished\":\"2023-04-15T03:00:46+00:00\",\"dateModified\":\"2023-04-15T11:16:25+00:00\",\"breadcrumb\":{\"@id\":\"https:\/\/www.notibras.com\/site\/tcdf-pressiona-governo-sobre-creditos-do-cartao-de-mobilidade\/#breadcrumb\"},\"inLanguage\":\"pt-BR\",\"potentialAction\":[{\"@type\":\"ReadAction\",\"target\":[\"https:\/\/www.notibras.com\/site\/tcdf-pressiona-governo-sobre-creditos-do-cartao-de-mobilidade\/\"]}]},{\"@type\":\"ImageObject\",\"inLanguage\":\"pt-BR\",\"@id\":\"https:\/\/www.notibras.com\/site\/tcdf-pressiona-governo-sobre-creditos-do-cartao-de-mobilidade\/#primaryimage\",\"url\":\"https:\/\/www.notibras.com\/site\/wp-content\/uploads\/2017\/09\/onibus-agress\u00e3o-sexual.jpg\",\"contentUrl\":\"https:\/\/www.notibras.com\/site\/wp-content\/uploads\/2017\/09\/onibus-agress\u00e3o-sexual.jpg\",\"width\":610,\"height\":405,\"caption\":\"Os projetos, aprovados por unanimidade na comiss\u00e3o, s\u00e3o de car\u00e1ter terminativo Foto: Reprodu\u00e7\u00e3o\/\u00c9rica Dezonne\"},{\"@type\":\"BreadcrumbList\",\"@id\":\"https:\/\/www.notibras.com\/site\/tcdf-pressiona-governo-sobre-creditos-do-cartao-de-mobilidade\/#breadcrumb\",\"itemListElement\":[{\"@type\":\"ListItem\",\"position\":1,\"name\":\"In\u00edcio\",\"item\":\"https:\/\/www.notibras.com\/site\/\"},{\"@type\":\"ListItem\",\"position\":2,\"name\":\"TCDF pressiona governo sobre cr\u00e9ditos do cart\u00e3o de mobilidade\"}]},{\"@type\":\"WebSite\",\"@id\":\"https:\/\/www.notibras.com\/site\/#website\",\"url\":\"https:\/\/www.notibras.com\/site\/\",\"name\":\"Notibras\",\"description\":\"Not\u00edcias de Bras\u00edlia, do Brasil e do Mundo\",\"publisher\":{\"@id\":\"https:\/\/www.notibras.com\/site\/#organization\"},\"potentialAction\":[{\"@type\":\"SearchAction\",\"target\":{\"@type\":\"EntryPoint\",\"urlTemplate\":\"https:\/\/www.notibras.com\/site\/?s={search_term_string}\"},\"query-input\":{\"@type\":\"PropertyValueSpecification\",\"valueRequired\":true,\"valueName\":\"search_term_string\"}}],\"inLanguage\":\"pt-BR\"},{\"@type\":\"Organization\",\"@id\":\"https:\/\/www.notibras.com\/site\/#organization\",\"name\":\"Grupo Notibras de Comunica\u00e7\u00e3o\",\"url\":\"https:\/\/www.notibras.com\/site\/\",\"logo\":{\"@type\":\"ImageObject\",\"inLanguage\":\"pt-BR\",\"@id\":\"https:\/\/www.notibras.com\/site\/#\/schema\/logo\/image\/\",\"url\":\"https:\/\/www.notibras.com\/site\/wp-content\/uploads\/2023\/01\/notibras23.png\",\"contentUrl\":\"https:\/\/www.notibras.com\/site\/wp-content\/uploads\/2023\/01\/notibras23.png\",\"width\":350,\"height\":87,\"caption\":\"Grupo Notibras de Comunica\u00e7\u00e3o\"},\"image\":{\"@id\":\"https:\/\/www.notibras.com\/site\/#\/schema\/logo\/image\/\"},\"sameAs\":[\"https:\/\/www.facebook.com\/notibras\/\",\"https:\/\/x.com\/Notibras\",\"https:\/\/www.instagram.com\/notibras\/\"]},{\"@type\":\"Person\",\"@id\":\"https:\/\/www.notibras.com\/site\/#\/schema\/person\/36ab0979449956132d3e5b517ea76ac8\",\"name\":\"Reda\u00e7\u00e3o\",\"image\":{\"@type\":\"ImageObject\",\"inLanguage\":\"pt-BR\",\"@id\":\"https:\/\/secure.gravatar.com\/avatar\/e0a867bdedb85fd243eadf09663511f96fc81e0720a4a42581f334ad4303aa6b?s=96&d=mm&r=g\",\"url\":\"https:\/\/secure.gravatar.com\/avatar\/e0a867bdedb85fd243eadf09663511f96fc81e0720a4a42581f334ad4303aa6b?s=96&d=mm&r=g\",\"contentUrl\":\"https:\/\/secure.gravatar.com\/avatar\/e0a867bdedb85fd243eadf09663511f96fc81e0720a4a42581f334ad4303aa6b?s=96&d=mm&r=g\",\"caption\":\"Reda\u00e7\u00e3o\"}}]}<\/script>\n<!-- \/ Yoast SEO plugin. -->","yoast_head_json":{"title":"TCDF pressiona governo sobre cr\u00e9ditos do cart\u00e3o de mobilidade - Notibras","robots":{"index":"index","follow":"follow","max-snippet":"max-snippet:-1","max-image-preview":"max-image-preview:large","max-video-preview":"max-video-preview:-1"},"canonical":"https:\/\/www.notibras.com\/site\/tcdf-pressiona-governo-sobre-creditos-do-cartao-de-mobilidade\/","og_locale":"pt_BR","og_type":"article","og_title":"TCDF pressiona governo sobre cr\u00e9ditos do cart\u00e3o de mobilidade - Notibras","og_description":"O Tribunal de Contas do Distrito Federal deu prazo de 15 dias para que a Secretaria de Transporte e Mobilidade preste esclarecimentos sobre o decreto que estabeleceu prazo de validade para os cr\u00e9ditos do vale-transporte e cart\u00e3o mobilidade. O Plen\u00e1rio da Corte acolheu uma representa\u00e7\u00e3o que questiona a Constitucionalidade do Decreto n.\u00ba 43.899, de 31 [&hellip;]","og_url":"https:\/\/www.notibras.com\/site\/tcdf-pressiona-governo-sobre-creditos-do-cartao-de-mobilidade\/","og_site_name":"Notibras","article_publisher":"https:\/\/www.facebook.com\/notibras\/","article_published_time":"2023-04-15T03:00:46+00:00","article_modified_time":"2023-04-15T11:16:25+00:00","og_image":[{"width":610,"height":405,"url":"https:\/\/www.notibras.com\/site\/wp-content\/uploads\/2017\/09\/onibus-agress\u00e3o-sexual.jpg","type":"image\/jpeg"}],"author":"Reda\u00e7\u00e3o","twitter_card":"summary_large_image","twitter_creator":"@Notibras","twitter_site":"@Notibras","twitter_misc":{"Escrito por":"Reda\u00e7\u00e3o","Est. tempo de leitura":"2 minutos"},"schema":{"@context":"https:\/\/schema.org","@graph":[{"@type":"Article","@id":"https:\/\/www.notibras.com\/site\/tcdf-pressiona-governo-sobre-creditos-do-cartao-de-mobilidade\/#article","isPartOf":{"@id":"https:\/\/www.notibras.com\/site\/tcdf-pressiona-governo-sobre-creditos-do-cartao-de-mobilidade\/"},"author":{"name":"Reda\u00e7\u00e3o","@id":"https:\/\/www.notibras.com\/site\/#\/schema\/person\/36ab0979449956132d3e5b517ea76ac8"},"headline":"TCDF pressiona governo sobre cr\u00e9ditos do cart\u00e3o de mobilidade","datePublished":"2023-04-15T03:00:46+00:00","dateModified":"2023-04-15T11:16:25+00:00","mainEntityOfPage":{"@id":"https:\/\/www.notibras.com\/site\/tcdf-pressiona-governo-sobre-creditos-do-cartao-de-mobilidade\/"},"wordCount":244,"publisher":{"@id":"https:\/\/www.notibras.com\/site\/#organization"},"image":{"@id":"https:\/\/www.notibras.com\/site\/tcdf-pressiona-governo-sobre-creditos-do-cartao-de-mobilidade\/#primaryimage"},"thumbnailUrl":"https:\/\/www.notibras.com\/site\/wp-content\/uploads\/2017\/09\/onibus-agress\u00e3o-sexual.jpg","articleSection":["Quadradinho em Foco"],"inLanguage":"pt-BR"},{"@type":"WebPage","@id":"https:\/\/www.notibras.com\/site\/tcdf-pressiona-governo-sobre-creditos-do-cartao-de-mobilidade\/","url":"https:\/\/www.notibras.com\/site\/tcdf-pressiona-governo-sobre-creditos-do-cartao-de-mobilidade\/","name":"TCDF pressiona governo sobre cr\u00e9ditos do cart\u00e3o de mobilidade - Notibras","isPartOf":{"@id":"https:\/\/www.notibras.com\/site\/#website"},"primaryImageOfPage":{"@id":"https:\/\/www.notibras.com\/site\/tcdf-pressiona-governo-sobre-creditos-do-cartao-de-mobilidade\/#primaryimage"},"image":{"@id":"https:\/\/www.notibras.com\/site\/tcdf-pressiona-governo-sobre-creditos-do-cartao-de-mobilidade\/#primaryimage"},"thumbnailUrl":"https:\/\/www.notibras.com\/site\/wp-content\/uploads\/2017\/09\/onibus-agress\u00e3o-sexual.jpg","datePublished":"2023-04-15T03:00:46+00:00","dateModified":"2023-04-15T11:16:25+00:00","breadcrumb":{"@id":"https:\/\/www.notibras.com\/site\/tcdf-pressiona-governo-sobre-creditos-do-cartao-de-mobilidade\/#breadcrumb"},"inLanguage":"pt-BR","potentialAction":[{"@type":"ReadAction","target":["https:\/\/www.notibras.com\/site\/tcdf-pressiona-governo-sobre-creditos-do-cartao-de-mobilidade\/"]}]},{"@type":"ImageObject","inLanguage":"pt-BR","@id":"https:\/\/www.notibras.com\/site\/tcdf-pressiona-governo-sobre-creditos-do-cartao-de-mobilidade\/#primaryimage","url":"https:\/\/www.notibras.com\/site\/wp-content\/uploads\/2017\/09\/onibus-agress\u00e3o-sexual.jpg","contentUrl":"https:\/\/www.notibras.com\/site\/wp-content\/uploads\/2017\/09\/onibus-agress\u00e3o-sexual.jpg","width":610,"height":405,"caption":"Os projetos, aprovados por unanimidade na comiss\u00e3o, s\u00e3o de car\u00e1ter terminativo Foto: Reprodu\u00e7\u00e3o\/\u00c9rica Dezonne"},{"@type":"BreadcrumbList","@id":"https:\/\/www.notibras.com\/site\/tcdf-pressiona-governo-sobre-creditos-do-cartao-de-mobilidade\/#breadcrumb","itemListElement":[{"@type":"ListItem","position":1,"name":"In\u00edcio","item":"https:\/\/www.notibras.com\/site\/"},{"@type":"ListItem","position":2,"name":"TCDF pressiona governo sobre cr\u00e9ditos do cart\u00e3o de mobilidade"}]},{"@type":"WebSite","@id":"https:\/\/www.notibras.com\/site\/#website","url":"https:\/\/www.notibras.com\/site\/","name":"Notibras","description":"Not\u00edcias de Bras\u00edlia, do Brasil e do Mundo","publisher":{"@id":"https:\/\/www.notibras.com\/site\/#organization"},"potentialAction":[{"@type":"SearchAction","target":{"@type":"EntryPoint","urlTemplate":"https:\/\/www.notibras.com\/site\/?s={search_term_string}"},"query-input":{"@type":"PropertyValueSpecification","valueRequired":true,"valueName":"search_term_string"}}],"inLanguage":"pt-BR"},{"@type":"Organization","@id":"https:\/\/www.notibras.com\/site\/#organization","name":"Grupo Notibras de Comunica\u00e7\u00e3o","url":"https:\/\/www.notibras.com\/site\/","logo":{"@type":"ImageObject","inLanguage":"pt-BR","@id":"https:\/\/www.notibras.com\/site\/#\/schema\/logo\/image\/","url":"https:\/\/www.notibras.com\/site\/wp-content\/uploads\/2023\/01\/notibras23.png","contentUrl":"https:\/\/www.notibras.com\/site\/wp-content\/uploads\/2023\/01\/notibras23.png","width":350,"height":87,"caption":"Grupo Notibras de Comunica\u00e7\u00e3o"},"image":{"@id":"https:\/\/www.notibras.com\/site\/#\/schema\/logo\/image\/"},"sameAs":["https:\/\/www.facebook.com\/notibras\/","https:\/\/x.com\/Notibras","https:\/\/www.instagram.com\/notibras\/"]},{"@type":"Person","@id":"https:\/\/www.notibras.com\/site\/#\/schema\/person\/36ab0979449956132d3e5b517ea76ac8","name":"Reda\u00e7\u00e3o","image":{"@type":"ImageObject","inLanguage":"pt-BR","@id":"https:\/\/secure.gravatar.com\/avatar\/e0a867bdedb85fd243eadf09663511f96fc81e0720a4a42581f334ad4303aa6b?s=96&d=mm&r=g","url":"https:\/\/secure.gravatar.com\/avatar\/e0a867bdedb85fd243eadf09663511f96fc81e0720a4a42581f334ad4303aa6b?s=96&d=mm&r=g","contentUrl":"https:\/\/secure.gravatar.com\/avatar\/e0a867bdedb85fd243eadf09663511f96fc81e0720a4a42581f334ad4303aa6b?s=96&d=mm&r=g","caption":"Reda\u00e7\u00e3o"}}]}},"amp_enabled":true,"_links":{"self":[{"href":"https:\/\/www.notibras.com\/site\/wp-json\/wp\/v2\/posts\/303083","targetHints":{"allow":["GET"]}}],"collection":[{"href":"https:\/\/www.notibras.com\/site\/wp-json\/wp\/v2\/posts"}],"about":[{"href":"https:\/\/www.notibras.com\/site\/wp-json\/wp\/v2\/types\/post"}],"author":[{"embeddable":true,"href":"https:\/\/www.notibras.com\/site\/wp-json\/wp\/v2\/users\/2"}],"replies":[{"embeddable":true,"href":"https:\/\/www.notibras.com\/site\/wp-json\/wp\/v2\/comments?post=303083"}],"version-history":[{"count":1,"href":"https:\/\/www.notibras.com\/site\/wp-json\/wp\/v2\/posts\/303083\/revisions"}],"predecessor-version":[{"id":303084,"href":"https:\/\/www.notibras.com\/site\/wp-json\/wp\/v2\/posts\/303083\/revisions\/303084"}],"wp:featuredmedia":[{"embeddable":true,"href":"https:\/\/www.notibras.com\/site\/wp-json\/wp\/v2\/media\/154586"}],"wp:attachment":[{"href":"https:\/\/www.notibras.com\/site\/wp-json\/wp\/v2\/media?parent=303083"}],"wp:term":[{"taxonomy":"category","embeddable":true,"href":"https:\/\/www.notibras.com\/site\/wp-json\/wp\/v2\/categories?post=303083"},{"taxonomy":"post_tag","embeddable":true,"href":"https:\/\/www.notibras.com\/site\/wp-json\/wp\/v2\/tags?post=303083"}],"curies":[{"name":"wp","href":"https:\/\/api.w.org\/{rel}","templated":true}]}}