{"id":303085,"date":"2023-04-15T10:52:33","date_gmt":"2023-04-15T13:52:33","guid":{"rendered":"https:\/\/www.notibras.com\/site\/?p=303085"},"modified":"2023-04-15T10:52:33","modified_gmt":"2023-04-15T13:52:33","slug":"jojo-a-menina-serelepe-e-o-galo-no-amiguinho","status":"publish","type":"post","link":"https:\/\/www.notibras.com\/site\/jojo-a-menina-serelepe-e-o-galo-no-amiguinho\/","title":{"rendered":"Joj\u00f4, a menina serelepe e o &#8216;galo&#8217; no amiguinho"},"content":{"rendered":"<p>A menina corria serelepe pela casa dos av\u00f3s. Ela acabara de saber que iria passar o pr\u00f3ximo domingo na companhia dos tios no clube. &#8220;Se aquieta, Maria Alice!&#8221;, a av\u00f3 tentava conter o arroubo de alegria da neta, que parecia n\u00e3o prestar aten\u00e7\u00e3o naquelas palavras, talvez, sem sentido, ainda mais para ela, que era filha \u00fanica e necessitava, mais que a maioria, da companhia de outras crian\u00e7as.<\/p>\n<p>J\u00e1 no s\u00e1bado, ela foi dormir na casa da tia, ali na Asa Norte. Ela j\u00e1 queria acordar no dia seguinte e ir logo pro clube. Ansiosa como ela s\u00f3, n\u00e3o pregava os olhos. Rolava tanto na cama, que a tia, preocupada, colocou um colch\u00e3o no ch\u00e3o para proteger a crian\u00e7a, caso ca\u00edsse. O tio, no outro quarto, tamb\u00e9m estava euf\u00f3rico com o dia seguinte. Ele n\u00e3o era menino h\u00e1 d\u00e9cadas, mas agia como tal sempre que a mulher avisava que iriam ao clube. Adorava piscina! Coisa de menino.<\/p>\n<p>A Maria Alice e o tio foram os primeiros a levantarem no dia seguinte e logo come\u00e7aram a preparar as coisas. A tia levantou mais tarde, abriu a cortina do quarto e olhou o c\u00e9u cinza. Levantou-se ainda com pregui\u00e7a, cal\u00e7ou os chinelos e foi ao banheiro. Depois foi ver o que a sobrinha e o marido estavam aprontando. Encontrou-os tomando caf\u00e9. A menina, com um grande naco de p\u00e3o na boca, sorria com todos aqueles dentes de crian\u00e7a. O marido bebia aquele caf\u00e9 preto com algumas gotas de ado\u00e7ante.<\/p>\n<p>&#8211; N\u00e3o vai dar pra irmos ao clube.<\/p>\n<p>&#8211; Por qu\u00ea, tia?, a menina abriu tanto a boca, que quase deixou aquele resto de p\u00e3o cair.<\/p>\n<p>&#8211; O tempo est\u00e1 ruim.<\/p>\n<p>A Maria Alice voltou o rosto para o tio, esperan\u00e7osa de um alento. Ela acreditava nas palavras dele, que sempre vinha com pontas de esperan\u00e7a.<\/p>\n<p>&#8211; No clube \u00e9 diferente! Sempre tem sol!, o tio disse olhando para a sobrinha.<\/p>\n<p>O rosto da menina voltou a sorrir. A tia, que conhecia bem o marido, tentou sorrir, mas aquele humor azedo, amigo de praticamente todas as manh\u00e3s, n\u00e3o a impediu de torcer a boca e disse:<\/p>\n<p>-Que hist\u00f3ria maluca \u00e9 essa de que no clube n\u00e3o chove?<\/p>\n<p>&#8211; Voc\u00ea n\u00e3o sabia? Ih, Maria Alice, ela n\u00e3o sabia disso!<\/p>\n<p>&#8211; Tia, todo mundo sabe disso!<\/p>\n<p>Terminaram de comer, a tia se levantou e foi para a sala, onde se sentou no sof\u00e1, pegou o controle ao lado e ligou a enorme televis\u00e3o. Parecia determinada a passar um bom tempo ali. No entanto, logo a menina a puxou pelo bra\u00e7o.<\/p>\n<p>&#8211; Vamos, tia!<\/p>\n<p>&#8211; Se aquieta, Maria Alice!, a tia repetiu as mesmas palavras da sua m\u00e3e.<\/p>\n<p>A menina, quase chorando, buscou os olhos do tio, na esperan\u00e7a de que ele a salvasse daquele momento desesperador t\u00e3o angustiante, mas que muitos adultos j\u00e1 se esqueceram. Ele se sentou perto da esposa, a abra\u00e7ou, lhe deu um beijo carinhoso na face esquerda. Nada disse, simplesmente colocou a m\u00e3o sobre a dela, que desligou a televis\u00e3o e foi se arrumar.<\/p>\n<p>Poucos minutos depois, talvez uns 10 ou 15, que pareceram horas para a menina, l\u00e1 estavam todos dentro do carro. O port\u00e3o autom\u00e1tico da garagem se abriu e o ve\u00edculo tomou a rua, quase deserta. Mal chegaram no final da via, come\u00e7ou a chover. Uma chuva forte!<\/p>\n<p>&#8211; T\u00e1 chovendo! Vamos voltar!<\/p>\n<p>&#8211; Tia, no clube sempre faz sol!<\/p>\n<p>A chuva parecia n\u00e3o querer dar tr\u00e9gua, cada vez mais forte. Mas l\u00e1 ia o tio dirigindo o ve\u00edculo, a mulher com cara de poucos amigos ao lado, a Maria Alice, atr\u00e1s, ia confiante nas palavras do tio. Faltava n\u00e3o mais que um quil\u00f4metro para chegarem ao destino quando, de repente, l\u00e1 estava um c\u00e9u iluminado pelo astro-rei. O tio simplesmente se virou para a esposa, que sorriu. Ele observou, pelo retrovisor, o rosto da sobrinha, que estava radiante.<\/p>\n<p>Assim que entraram no clube, colocaram as bolsas numa mesa embaixo de uma barraca e foram direto fazer exame para poderem entrar na piscina. Cada um ganhou uma pulseira. A menina e o tio correram para a piscina, enquanto a tia caminhou a passos lentos para a barraca, onde pediu uma caipirinha e se espregui\u00e7ou.<\/p>\n<p>A Maria Alice e o tio, agora mais menino que nunca, brincaram na piscina. Era uma alegria radiante, que se espelhava no rosto daqueles dois. Crian\u00e7as! Coisas de crian\u00e7as! Elas vivem um mundo mais divertido, que a grande maioria dos adultos nem sequer se lembram que existe.<\/p>\n<p>Ap\u00f3s algumas horas, a tia foi at\u00e9 a piscina, onde se juntou \u00e0quelas duas crian\u00e7as, que ainda estavam com o maior pique. Ela passou passou alguns minutos se refrescando naquela \u00e1gua, talvez um pouco mais fria que o esperado.<\/p>\n<p>&#8211; Maria Alice, voc\u00ea precisa comer alguma coisa.<\/p>\n<p>&#8211; Ah, tia, n\u00e3o estou com fome!<\/p>\n<p>&#8211; Voc\u00ea tem que comer alguma coisa! Vou pedir alguma coisa pra gente agora.<\/p>\n<p>A tia se dirigiu \u00e0 lanchonete. A menina e o tio ficaram ali na piscina. O pedido chegou, a tia foi at\u00e9 a grade que cercava a piscina e acenou para os dois, que acataram a ordem. Emburrados, sa\u00edram da piscina, mas logo o sorriso voltou aos olhos daquelas duas crian\u00e7as: Batata frita!<\/p>\n<p>Comeram tanto, mas logo quiseram voltar pra piscina. A tia disse que n\u00e3o, que deveriam aguardar um pouco. Aguardaram e aguardaram. Aqueles minutos lentos como lesmas, fizeram a menina olhar para a outra piscina, logo ali ao lado. Um mundar\u00e9u de pirralhos correndo de um lado para outro, escorregando pelo tubo de pl\u00e1stico at\u00e9 as \u00e1guas rasas.<\/p>\n<p>&#8211; Tia, posso ir?<\/p>\n<p>&#8211; Vai l\u00e1. Mas cuidado!<\/p>\n<p>A menina correu mais do que nunca. No entanto, chegou timidamente na piscina, entrou como se pedisse permiss\u00e3o. Mas isso n\u00e3o durou mais do que meros segundos. Logo uma outra menina a chamou para entrarem naquele tubo de pl\u00e1stico e escorregarem. Euf\u00f3ricas, subiram as escadas, desceram escorregando, subiram as escadas novamente, desceram, subiram, desceram&#8230; N\u00e3o sei quantas vezes ficaram ali. Crian\u00e7a n\u00e3o se aquieta mesmo!<\/p>\n<p>Enquanto isso, o tio j\u00e1 havia ido e voltado da piscina duas ou tr\u00eas vezes. Agora, sentado debaixo da barraca, ouvia a esposa contando as not\u00edcias. De vez em quando eles comentavam sobre os ocorridos, at\u00e9 que apareceu a Maria Alice, com uma das m\u00e3os na testa e cara de choro. Nenhuma l\u00e1grima! At\u00e9 para chorar, a menina era t\u00edmida. A tia, muito preocupada, lhe perguntou o que havia acontecido, no que ela respondeu que, durante uma das subidas das escadas, deu um encontr\u00e3o com um menino. Testa com testa! Isso d\u00f3i! Como d\u00f3i!!!<\/p>\n<p>A Maria Alice disse que o menino saiu chorando da piscina e foi direto para a m\u00e3e. O tio se levantou e foi pegar um pouco de gelo na lanchonete para colocar no galo que j\u00e1 despontava na cabe\u00e7a da menina. Ao retornar, enrolou o gelo numa blusa e pediu para a Maria Alice ficar segurando bem em cima do galo.<\/p>\n<p>&#8211; Sabia que eu vi a m\u00e3e do menino chor\u00e3o procurando por voc\u00ea? Ela perguntava pra todo mundo: voc\u00ea \u00e9 a Maria Alice?<\/p>\n<p>&#8211; Vamos embora, tio! Ela vai me bater!<\/p>\n<p>&#8211; Vai nada! Basta mudar o seu nome. Voc\u00ea quer se chamar como?<\/p>\n<p>A menina pensou brevemente e disse que gostava de Joelita, que era o nome da sua professora. Ent\u00e3o, o tio come\u00e7ou a chamar a Maria Alice de Joelita. Dessa forma, a Maria Alice, agora Joelita, ficou mais tranquila e, mesmo com aquele galo enorme querendo cantar, ela achou gra\u00e7a de tudo e come\u00e7ou a rir, at\u00e9 que chegou a hora de irem embora.<\/p>\n<p>Os tios da Joelita a deixaram na casa da av\u00f3, onde os pais a pegariam mais tarde. Ela ficou com aquela pulseirinha durante muito tempo, apesar dos protestos dos pais. A Joelita, depois de um tempo, deixou de ser chamada por esse nome. \u00c9 que o seu tio come\u00e7ou a cham\u00e1-la de Joj\u00f4. Aquele galo j\u00e1 sumiu faz tempo. Mas o apelido continua. Na fam\u00edlia, todos sabem quem \u00e9 a Joj\u00f4.<\/p>\n","protected":false},"excerpt":{"rendered":"<p>A menina corria serelepe pela casa dos av\u00f3s. Ela acabara de saber que iria passar o pr\u00f3ximo domingo na companhia dos tios no clube. &#8220;Se aquieta, Maria Alice!&#8221;, a av\u00f3 tentava conter o arroubo de alegria da neta, que parecia n\u00e3o prestar aten\u00e7\u00e3o naquelas palavras, talvez, sem sentido, ainda mais para ela, que era filha [&hellip;]<\/p>\n","protected":false},"author":2,"featured_media":303087,"comment_status":"closed","ping_status":"closed","sticky":false,"template":"","format":"standard","meta":{"_acf_changed":false,"footnotes":""},"categories":[161],"tags":[],"class_list":["post-303085","post","type-post","status-publish","format-standard","has-post-thumbnail","hentry","category-quadradinho-em-foco"],"acf":[],"yoast_head":"<!-- This site is optimized with the Yoast SEO plugin v27.2 - https:\/\/yoast.com\/product\/yoast-seo-wordpress\/ -->\n<title>Joj\u00f4, a menina serelepe e o &#039;galo&#039; no amiguinho - Notibras<\/title>\n<meta name=\"robots\" content=\"index, follow, max-snippet:-1, max-image-preview:large, max-video-preview:-1\" \/>\n<link rel=\"canonical\" href=\"https:\/\/www.notibras.com\/site\/jojo-a-menina-serelepe-e-o-galo-no-amiguinho\/\" \/>\n<meta property=\"og:locale\" content=\"pt_BR\" \/>\n<meta property=\"og:type\" content=\"article\" \/>\n<meta property=\"og:title\" content=\"Joj\u00f4, a menina serelepe e o &#039;galo&#039; no amiguinho - Notibras\" \/>\n<meta property=\"og:description\" content=\"A menina corria serelepe pela casa dos av\u00f3s. Ela acabara de saber que iria passar o pr\u00f3ximo domingo na companhia dos tios no clube. &#8220;Se aquieta, Maria Alice!&#8221;, a av\u00f3 tentava conter o arroubo de alegria da neta, que parecia n\u00e3o prestar aten\u00e7\u00e3o naquelas palavras, talvez, sem sentido, ainda mais para ela, que era filha [&hellip;]\" \/>\n<meta property=\"og:url\" content=\"https:\/\/www.notibras.com\/site\/jojo-a-menina-serelepe-e-o-galo-no-amiguinho\/\" \/>\n<meta property=\"og:site_name\" content=\"Notibras\" \/>\n<meta property=\"article:publisher\" content=\"https:\/\/www.facebook.com\/notibras\/\" \/>\n<meta property=\"article:published_time\" content=\"2023-04-15T13:52:33+00:00\" \/>\n<meta property=\"og:image\" content=\"https:\/\/www.notibras.com\/site\/wp-content\/uploads\/2023\/04\/a14f8c5f-9b4e-4c3a-a3e5-0426f821fb86.jpg\" \/>\n\t<meta property=\"og:image:width\" content=\"1024\" \/>\n\t<meta property=\"og:image:height\" content=\"576\" \/>\n\t<meta property=\"og:image:type\" content=\"image\/jpeg\" \/>\n<meta name=\"author\" content=\"Reda\u00e7\u00e3o\" \/>\n<meta name=\"twitter:card\" content=\"summary_large_image\" \/>\n<meta name=\"twitter:creator\" content=\"@Notibras\" \/>\n<meta name=\"twitter:site\" content=\"@Notibras\" \/>\n<meta name=\"twitter:label1\" content=\"Escrito por\" \/>\n\t<meta name=\"twitter:data1\" content=\"Reda\u00e7\u00e3o\" \/>\n\t<meta name=\"twitter:label2\" content=\"Est. tempo de leitura\" \/>\n\t<meta name=\"twitter:data2\" content=\"8 minutos\" \/>\n<script type=\"application\/ld+json\" class=\"yoast-schema-graph\">{\"@context\":\"https:\/\/schema.org\",\"@graph\":[{\"@type\":\"Article\",\"@id\":\"https:\/\/www.notibras.com\/site\/jojo-a-menina-serelepe-e-o-galo-no-amiguinho\/#article\",\"isPartOf\":{\"@id\":\"https:\/\/www.notibras.com\/site\/jojo-a-menina-serelepe-e-o-galo-no-amiguinho\/\"},\"author\":{\"name\":\"Reda\u00e7\u00e3o\",\"@id\":\"https:\/\/www.notibras.com\/site\/#\/schema\/person\/36ab0979449956132d3e5b517ea76ac8\"},\"headline\":\"Joj\u00f4, a menina serelepe e o &#8216;galo&#8217; no amiguinho\",\"datePublished\":\"2023-04-15T13:52:33+00:00\",\"mainEntityOfPage\":{\"@id\":\"https:\/\/www.notibras.com\/site\/jojo-a-menina-serelepe-e-o-galo-no-amiguinho\/\"},\"wordCount\":1416,\"publisher\":{\"@id\":\"https:\/\/www.notibras.com\/site\/#organization\"},\"image\":{\"@id\":\"https:\/\/www.notibras.com\/site\/jojo-a-menina-serelepe-e-o-galo-no-amiguinho\/#primaryimage\"},\"thumbnailUrl\":\"https:\/\/www.notibras.com\/site\/wp-content\/uploads\/2023\/04\/a14f8c5f-9b4e-4c3a-a3e5-0426f821fb86.jpg\",\"articleSection\":[\"Quadradinho em Foco\"],\"inLanguage\":\"pt-BR\"},{\"@type\":\"WebPage\",\"@id\":\"https:\/\/www.notibras.com\/site\/jojo-a-menina-serelepe-e-o-galo-no-amiguinho\/\",\"url\":\"https:\/\/www.notibras.com\/site\/jojo-a-menina-serelepe-e-o-galo-no-amiguinho\/\",\"name\":\"Joj\u00f4, a menina serelepe e o 'galo' no amiguinho - Notibras\",\"isPartOf\":{\"@id\":\"https:\/\/www.notibras.com\/site\/#website\"},\"primaryImageOfPage\":{\"@id\":\"https:\/\/www.notibras.com\/site\/jojo-a-menina-serelepe-e-o-galo-no-amiguinho\/#primaryimage\"},\"image\":{\"@id\":\"https:\/\/www.notibras.com\/site\/jojo-a-menina-serelepe-e-o-galo-no-amiguinho\/#primaryimage\"},\"thumbnailUrl\":\"https:\/\/www.notibras.com\/site\/wp-content\/uploads\/2023\/04\/a14f8c5f-9b4e-4c3a-a3e5-0426f821fb86.jpg\",\"datePublished\":\"2023-04-15T13:52:33+00:00\",\"breadcrumb\":{\"@id\":\"https:\/\/www.notibras.com\/site\/jojo-a-menina-serelepe-e-o-galo-no-amiguinho\/#breadcrumb\"},\"inLanguage\":\"pt-BR\",\"potentialAction\":[{\"@type\":\"ReadAction\",\"target\":[\"https:\/\/www.notibras.com\/site\/jojo-a-menina-serelepe-e-o-galo-no-amiguinho\/\"]}]},{\"@type\":\"ImageObject\",\"inLanguage\":\"pt-BR\",\"@id\":\"https:\/\/www.notibras.com\/site\/jojo-a-menina-serelepe-e-o-galo-no-amiguinho\/#primaryimage\",\"url\":\"https:\/\/www.notibras.com\/site\/wp-content\/uploads\/2023\/04\/a14f8c5f-9b4e-4c3a-a3e5-0426f821fb86.jpg\",\"contentUrl\":\"https:\/\/www.notibras.com\/site\/wp-content\/uploads\/2023\/04\/a14f8c5f-9b4e-4c3a-a3e5-0426f821fb86.jpg\",\"width\":1024,\"height\":576},{\"@type\":\"BreadcrumbList\",\"@id\":\"https:\/\/www.notibras.com\/site\/jojo-a-menina-serelepe-e-o-galo-no-amiguinho\/#breadcrumb\",\"itemListElement\":[{\"@type\":\"ListItem\",\"position\":1,\"name\":\"In\u00edcio\",\"item\":\"https:\/\/www.notibras.com\/site\/\"},{\"@type\":\"ListItem\",\"position\":2,\"name\":\"Joj\u00f4, a menina serelepe e o &#8216;galo&#8217; no amiguinho\"}]},{\"@type\":\"WebSite\",\"@id\":\"https:\/\/www.notibras.com\/site\/#website\",\"url\":\"https:\/\/www.notibras.com\/site\/\",\"name\":\"Notibras\",\"description\":\"Not\u00edcias de Bras\u00edlia, do Brasil e do Mundo\",\"publisher\":{\"@id\":\"https:\/\/www.notibras.com\/site\/#organization\"},\"potentialAction\":[{\"@type\":\"SearchAction\",\"target\":{\"@type\":\"EntryPoint\",\"urlTemplate\":\"https:\/\/www.notibras.com\/site\/?s={search_term_string}\"},\"query-input\":{\"@type\":\"PropertyValueSpecification\",\"valueRequired\":true,\"valueName\":\"search_term_string\"}}],\"inLanguage\":\"pt-BR\"},{\"@type\":\"Organization\",\"@id\":\"https:\/\/www.notibras.com\/site\/#organization\",\"name\":\"Grupo Notibras de Comunica\u00e7\u00e3o\",\"url\":\"https:\/\/www.notibras.com\/site\/\",\"logo\":{\"@type\":\"ImageObject\",\"inLanguage\":\"pt-BR\",\"@id\":\"https:\/\/www.notibras.com\/site\/#\/schema\/logo\/image\/\",\"url\":\"https:\/\/www.notibras.com\/site\/wp-content\/uploads\/2023\/01\/notibras23.png\",\"contentUrl\":\"https:\/\/www.notibras.com\/site\/wp-content\/uploads\/2023\/01\/notibras23.png\",\"width\":350,\"height\":87,\"caption\":\"Grupo Notibras de Comunica\u00e7\u00e3o\"},\"image\":{\"@id\":\"https:\/\/www.notibras.com\/site\/#\/schema\/logo\/image\/\"},\"sameAs\":[\"https:\/\/www.facebook.com\/notibras\/\",\"https:\/\/x.com\/Notibras\",\"https:\/\/www.instagram.com\/notibras\/\"]},{\"@type\":\"Person\",\"@id\":\"https:\/\/www.notibras.com\/site\/#\/schema\/person\/36ab0979449956132d3e5b517ea76ac8\",\"name\":\"Reda\u00e7\u00e3o\",\"image\":{\"@type\":\"ImageObject\",\"inLanguage\":\"pt-BR\",\"@id\":\"https:\/\/secure.gravatar.com\/avatar\/e0a867bdedb85fd243eadf09663511f96fc81e0720a4a42581f334ad4303aa6b?s=96&d=mm&r=g\",\"url\":\"https:\/\/secure.gravatar.com\/avatar\/e0a867bdedb85fd243eadf09663511f96fc81e0720a4a42581f334ad4303aa6b?s=96&d=mm&r=g\",\"contentUrl\":\"https:\/\/secure.gravatar.com\/avatar\/e0a867bdedb85fd243eadf09663511f96fc81e0720a4a42581f334ad4303aa6b?s=96&d=mm&r=g\",\"caption\":\"Reda\u00e7\u00e3o\"}}]}<\/script>\n<!-- \/ Yoast SEO plugin. -->","yoast_head_json":{"title":"Joj\u00f4, a menina serelepe e o 'galo' no amiguinho - Notibras","robots":{"index":"index","follow":"follow","max-snippet":"max-snippet:-1","max-image-preview":"max-image-preview:large","max-video-preview":"max-video-preview:-1"},"canonical":"https:\/\/www.notibras.com\/site\/jojo-a-menina-serelepe-e-o-galo-no-amiguinho\/","og_locale":"pt_BR","og_type":"article","og_title":"Joj\u00f4, a menina serelepe e o 'galo' no amiguinho - Notibras","og_description":"A menina corria serelepe pela casa dos av\u00f3s. Ela acabara de saber que iria passar o pr\u00f3ximo domingo na companhia dos tios no clube. &#8220;Se aquieta, Maria Alice!&#8221;, a av\u00f3 tentava conter o arroubo de alegria da neta, que parecia n\u00e3o prestar aten\u00e7\u00e3o naquelas palavras, talvez, sem sentido, ainda mais para ela, que era filha [&hellip;]","og_url":"https:\/\/www.notibras.com\/site\/jojo-a-menina-serelepe-e-o-galo-no-amiguinho\/","og_site_name":"Notibras","article_publisher":"https:\/\/www.facebook.com\/notibras\/","article_published_time":"2023-04-15T13:52:33+00:00","og_image":[{"width":1024,"height":576,"url":"https:\/\/www.notibras.com\/site\/wp-content\/uploads\/2023\/04\/a14f8c5f-9b4e-4c3a-a3e5-0426f821fb86.jpg","type":"image\/jpeg"}],"author":"Reda\u00e7\u00e3o","twitter_card":"summary_large_image","twitter_creator":"@Notibras","twitter_site":"@Notibras","twitter_misc":{"Escrito por":"Reda\u00e7\u00e3o","Est. tempo de leitura":"8 minutos"},"schema":{"@context":"https:\/\/schema.org","@graph":[{"@type":"Article","@id":"https:\/\/www.notibras.com\/site\/jojo-a-menina-serelepe-e-o-galo-no-amiguinho\/#article","isPartOf":{"@id":"https:\/\/www.notibras.com\/site\/jojo-a-menina-serelepe-e-o-galo-no-amiguinho\/"},"author":{"name":"Reda\u00e7\u00e3o","@id":"https:\/\/www.notibras.com\/site\/#\/schema\/person\/36ab0979449956132d3e5b517ea76ac8"},"headline":"Joj\u00f4, a menina serelepe e o &#8216;galo&#8217; no amiguinho","datePublished":"2023-04-15T13:52:33+00:00","mainEntityOfPage":{"@id":"https:\/\/www.notibras.com\/site\/jojo-a-menina-serelepe-e-o-galo-no-amiguinho\/"},"wordCount":1416,"publisher":{"@id":"https:\/\/www.notibras.com\/site\/#organization"},"image":{"@id":"https:\/\/www.notibras.com\/site\/jojo-a-menina-serelepe-e-o-galo-no-amiguinho\/#primaryimage"},"thumbnailUrl":"https:\/\/www.notibras.com\/site\/wp-content\/uploads\/2023\/04\/a14f8c5f-9b4e-4c3a-a3e5-0426f821fb86.jpg","articleSection":["Quadradinho em Foco"],"inLanguage":"pt-BR"},{"@type":"WebPage","@id":"https:\/\/www.notibras.com\/site\/jojo-a-menina-serelepe-e-o-galo-no-amiguinho\/","url":"https:\/\/www.notibras.com\/site\/jojo-a-menina-serelepe-e-o-galo-no-amiguinho\/","name":"Joj\u00f4, a menina serelepe e o 'galo' no amiguinho - Notibras","isPartOf":{"@id":"https:\/\/www.notibras.com\/site\/#website"},"primaryImageOfPage":{"@id":"https:\/\/www.notibras.com\/site\/jojo-a-menina-serelepe-e-o-galo-no-amiguinho\/#primaryimage"},"image":{"@id":"https:\/\/www.notibras.com\/site\/jojo-a-menina-serelepe-e-o-galo-no-amiguinho\/#primaryimage"},"thumbnailUrl":"https:\/\/www.notibras.com\/site\/wp-content\/uploads\/2023\/04\/a14f8c5f-9b4e-4c3a-a3e5-0426f821fb86.jpg","datePublished":"2023-04-15T13:52:33+00:00","breadcrumb":{"@id":"https:\/\/www.notibras.com\/site\/jojo-a-menina-serelepe-e-o-galo-no-amiguinho\/#breadcrumb"},"inLanguage":"pt-BR","potentialAction":[{"@type":"ReadAction","target":["https:\/\/www.notibras.com\/site\/jojo-a-menina-serelepe-e-o-galo-no-amiguinho\/"]}]},{"@type":"ImageObject","inLanguage":"pt-BR","@id":"https:\/\/www.notibras.com\/site\/jojo-a-menina-serelepe-e-o-galo-no-amiguinho\/#primaryimage","url":"https:\/\/www.notibras.com\/site\/wp-content\/uploads\/2023\/04\/a14f8c5f-9b4e-4c3a-a3e5-0426f821fb86.jpg","contentUrl":"https:\/\/www.notibras.com\/site\/wp-content\/uploads\/2023\/04\/a14f8c5f-9b4e-4c3a-a3e5-0426f821fb86.jpg","width":1024,"height":576},{"@type":"BreadcrumbList","@id":"https:\/\/www.notibras.com\/site\/jojo-a-menina-serelepe-e-o-galo-no-amiguinho\/#breadcrumb","itemListElement":[{"@type":"ListItem","position":1,"name":"In\u00edcio","item":"https:\/\/www.notibras.com\/site\/"},{"@type":"ListItem","position":2,"name":"Joj\u00f4, a menina serelepe e o &#8216;galo&#8217; no amiguinho"}]},{"@type":"WebSite","@id":"https:\/\/www.notibras.com\/site\/#website","url":"https:\/\/www.notibras.com\/site\/","name":"Notibras","description":"Not\u00edcias de Bras\u00edlia, do Brasil e do Mundo","publisher":{"@id":"https:\/\/www.notibras.com\/site\/#organization"},"potentialAction":[{"@type":"SearchAction","target":{"@type":"EntryPoint","urlTemplate":"https:\/\/www.notibras.com\/site\/?s={search_term_string}"},"query-input":{"@type":"PropertyValueSpecification","valueRequired":true,"valueName":"search_term_string"}}],"inLanguage":"pt-BR"},{"@type":"Organization","@id":"https:\/\/www.notibras.com\/site\/#organization","name":"Grupo Notibras de Comunica\u00e7\u00e3o","url":"https:\/\/www.notibras.com\/site\/","logo":{"@type":"ImageObject","inLanguage":"pt-BR","@id":"https:\/\/www.notibras.com\/site\/#\/schema\/logo\/image\/","url":"https:\/\/www.notibras.com\/site\/wp-content\/uploads\/2023\/01\/notibras23.png","contentUrl":"https:\/\/www.notibras.com\/site\/wp-content\/uploads\/2023\/01\/notibras23.png","width":350,"height":87,"caption":"Grupo Notibras de Comunica\u00e7\u00e3o"},"image":{"@id":"https:\/\/www.notibras.com\/site\/#\/schema\/logo\/image\/"},"sameAs":["https:\/\/www.facebook.com\/notibras\/","https:\/\/x.com\/Notibras","https:\/\/www.instagram.com\/notibras\/"]},{"@type":"Person","@id":"https:\/\/www.notibras.com\/site\/#\/schema\/person\/36ab0979449956132d3e5b517ea76ac8","name":"Reda\u00e7\u00e3o","image":{"@type":"ImageObject","inLanguage":"pt-BR","@id":"https:\/\/secure.gravatar.com\/avatar\/e0a867bdedb85fd243eadf09663511f96fc81e0720a4a42581f334ad4303aa6b?s=96&d=mm&r=g","url":"https:\/\/secure.gravatar.com\/avatar\/e0a867bdedb85fd243eadf09663511f96fc81e0720a4a42581f334ad4303aa6b?s=96&d=mm&r=g","contentUrl":"https:\/\/secure.gravatar.com\/avatar\/e0a867bdedb85fd243eadf09663511f96fc81e0720a4a42581f334ad4303aa6b?s=96&d=mm&r=g","caption":"Reda\u00e7\u00e3o"}}]}},"amp_enabled":true,"_links":{"self":[{"href":"https:\/\/www.notibras.com\/site\/wp-json\/wp\/v2\/posts\/303085","targetHints":{"allow":["GET"]}}],"collection":[{"href":"https:\/\/www.notibras.com\/site\/wp-json\/wp\/v2\/posts"}],"about":[{"href":"https:\/\/www.notibras.com\/site\/wp-json\/wp\/v2\/types\/post"}],"author":[{"embeddable":true,"href":"https:\/\/www.notibras.com\/site\/wp-json\/wp\/v2\/users\/2"}],"replies":[{"embeddable":true,"href":"https:\/\/www.notibras.com\/site\/wp-json\/wp\/v2\/comments?post=303085"}],"version-history":[{"count":1,"href":"https:\/\/www.notibras.com\/site\/wp-json\/wp\/v2\/posts\/303085\/revisions"}],"predecessor-version":[{"id":303088,"href":"https:\/\/www.notibras.com\/site\/wp-json\/wp\/v2\/posts\/303085\/revisions\/303088"}],"wp:featuredmedia":[{"embeddable":true,"href":"https:\/\/www.notibras.com\/site\/wp-json\/wp\/v2\/media\/303087"}],"wp:attachment":[{"href":"https:\/\/www.notibras.com\/site\/wp-json\/wp\/v2\/media?parent=303085"}],"wp:term":[{"taxonomy":"category","embeddable":true,"href":"https:\/\/www.notibras.com\/site\/wp-json\/wp\/v2\/categories?post=303085"},{"taxonomy":"post_tag","embeddable":true,"href":"https:\/\/www.notibras.com\/site\/wp-json\/wp\/v2\/tags?post=303085"}],"curies":[{"name":"wp","href":"https:\/\/api.w.org\/{rel}","templated":true}]}}