{"id":303122,"date":"2023-04-16T17:04:34","date_gmt":"2023-04-16T20:04:34","guid":{"rendered":"https:\/\/www.notibras.com\/site\/?p=303122"},"modified":"2023-04-16T18:04:44","modified_gmt":"2023-04-16T21:04:44","slug":"governos-definem-seus-protocolos-de-seguranca","status":"publish","type":"post","link":"https:\/\/www.notibras.com\/site\/governos-definem-seus-protocolos-de-seguranca\/","title":{"rendered":"Governos definem seus protocolos de seguran\u00e7a"},"content":{"rendered":"<p>Governos estaduais (e distrital) divulgaram protocolos de a\u00e7\u00f5es para combater amea\u00e7as \u00e0 comunidade escolar. Em geral, a partir das caracter\u00edsticas e estruturas de cada unidade federativa, foi proposto que as secretarias atuem de forma integrada tamb\u00e9m com os \u00f3rg\u00e3os de intelig\u00eancia As alternativas incluem, por exemplo, amplia\u00e7\u00e3o do policiamento escolar, telefones para den\u00fancia e at\u00e9 medidas como o &#8220;bot\u00e3o do p\u00e2nico&#8221;.<\/p>\n<p>Por outro lado, professores chamam a aten\u00e7\u00e3o para o fato de que \u00e9 necess\u00e1rio aperfei\u00e7oar medidas protetivas, e que as secretarias atuem em rede.<\/p>\n<p>Diretora do Sindicato dos Professores de Escolas P\u00fablicas do Distrito Federal, Luciana Cust\u00f3dio afirma que \u00e9 preciso evitar militariza\u00e7\u00e3o de escolas, que tem se mostrado ineficiente. \u201cTemos m\u00faltiplas realidades: escolas com estrutura e outras sem condi\u00e7\u00f5es, em comunidades desassistidas. \u00c9 preciso que a escola seja, de fato, um ambiente de paz.\u201d<\/p>\n<p>Nas administra\u00e7\u00f5es estaduais, o fluxo que deve ser seguido para dar agilidade \u00e0s den\u00fancias foi pormenorizado para que as rea\u00e7\u00f5es contra a viol\u00eancia sejam mais r\u00e1pidas.<\/p>\n<p>Confira propostas j\u00e1 em andamento:<\/p>\n<p><strong>Distrito Federal<\/strong><br \/>\nEm Bras\u00edlia, o governo anunciou um conjunto de medidas para preven\u00e7\u00e3o da viol\u00eancia e refor\u00e7o da seguran\u00e7a para as 1.624 escolas e creches das redes p\u00fablica e privada, al\u00e9m de faculdades e universidades.O refor\u00e7o inclui aumento no efetivo policial, com a participa\u00e7\u00e3o de vigilantes.<\/p>\n<p>Outra a\u00e7\u00e3o \u00e9 a amplia\u00e7\u00e3o do monitoramento de perfis em redes sociais com hist\u00f3rico de apologia \u00e0 viol\u00eancia e tamb\u00e9m investiga\u00e7\u00e3o de postagens da deep web (\u00e1rea da internet n\u00e3o encontrada pelas ferramentas de busca, o que \u00e9 aproveitado para compartilhamento de conte\u00fado ilegal).<\/p>\n<p>\u201cO efetivo do batalh\u00e3o escolar da PM est\u00e1 sendo aumentado para estar presente na grande maioria das unidades do DF\u201d, disse o secret\u00e1rio Sandro Avelar, conforme divulgou a ag\u00eancia de comunica\u00e7\u00e3o do governo local.<\/p>\n<p><strong>S\u00e3o Paulo<\/strong><br \/>\nEm S\u00e3o Paulo, o governo do estado anunciou a contrata\u00e7\u00e3o (tempor\u00e1ria) de 550 psic\u00f3logos para atendimento nas escolas estaduais, al\u00e9m de mil vigilantes de empresas de seguran\u00e7a privada que v\u00e3o trabalhar nas unidades, desarmados. Nessas contrata\u00e7\u00f5es ser\u00e3o gastos R$ 240 milh\u00f5es.<\/p>\n<p>Segundo o governo paulista, cada psic\u00f3logo dever\u00e1 atuar em, ao menos 10 escolas, e fazer uma visita por semana em cada col\u00e9gio. Quanto \u00e0 vigil\u00e2ncia privada, o objetivo \u00e9 que o seguran\u00e7a esteja todos os dias nas unidades.<\/p>\n<p><strong>Rio de Janeiro<\/strong><br \/>\nNo Rio de Janeiro, o governo estadual criou o Comit\u00ea Permanente de Seguran\u00e7a Escolar, com representantes da seguran\u00e7a p\u00fablica e da Secretaria da Educa\u00e7\u00e3o para atuar na preven\u00e7\u00e3o \u00e0s situa\u00e7\u00f5es de viol\u00eancia nas escolas p\u00fablicas e privadas.<\/p>\n<p>Tamb\u00e9m foi apresentado pela Pol\u00edcia Militar (PM) o aplicativo Rede Escola, inspirado no Rede Mulher. A ferramenta, que deve entrar em opera\u00e7\u00e3o em at\u00e9 dois meses, vai conectar diretamente os profissionais da rede de ensino \u00e0 Pol\u00edcia Militar.<\/p>\n<p>A PM destacou o refor\u00e7o da patrulha escolar e a cria\u00e7\u00e3o do aplicativo Rede Escola, que j\u00e1 est\u00e1 em fase de implanta\u00e7\u00e3o. \u201cUma a\u00e7\u00e3o desenvolvida pela secretaria e em fase de conclus\u00e3o \u00e9 o treinamento de gerenciamento de crise e protocolos de seguran\u00e7a para os profissionais da educa\u00e7\u00e3o\u201d, informou o secret\u00e1rio de Pol\u00edcia Militar, coronel Henrique Pires.<\/p>\n<p>Quanto \u00e0s amea\u00e7as, a secretaria tem um protocolo contra amea\u00e7as implementado em todas as 1.549 escolas.<\/p>\n<p><strong>Mato Grosso do Sul<\/strong><br \/>\nO governo de Mato Grosso do Sul anunciou refor\u00e7o da ronda policial nas escolas, com viaturas e helic\u00f3pteros, amplia\u00e7\u00e3o do monitoramento com novas c\u00e2meras e um dispositivo chamado de \u201cbot\u00e3o do p\u00e2nico\u201d para eventuais emerg\u00eancias.<\/p>\n<p>Para usar corretamente o dispositivo, os profissionais da educa\u00e7\u00e3o passar\u00e3o por treinamento e capacita\u00e7\u00e3o. As a\u00e7\u00f5es s\u00e3o consideradas preventivas e ter\u00e3o parceria com iniciativas como o Programa Educacional de Resist\u00eancia \u00e0s Drogas e a Viol\u00eancia (Proerd) e os projetos Bom de Bola, Bom na Escola, Projeto Florestinha e Bombeiros do Amanh\u00e3.<\/p>\n<p>Outra a\u00e7\u00e3o \u00e9 amplia\u00e7\u00e3o de c\u00e2meras de vigil\u00e2ncia 24 horas por dia nas 348 escolas estaduais do estado. Outra a\u00e7\u00e3o foi o lan\u00e7amento do N\u00facleo de Intelig\u00eancia e Seguran\u00e7a Escolar, que ser\u00e1 um espa\u00e7o dentro da Central de Monitoramento das Escolas com policiais que v\u00e3o acompanhar as investiga\u00e7\u00f5es. O treinamento para professores em casos de necessidade de evacua\u00e7\u00e3o da escola vai ser intensificado, informou o governo.<\/p>\n<p><strong>Pernambuco<\/strong><br \/>\nEm Pernambuco, o governo anunciou a ativa\u00e7\u00e3o de um n\u00famero de telefone exclusivo para emerg\u00eancias escolares (197). A finalidade \u00e9 que professores, alunos, pais ou qualquer pessoa que tenha conhecimento de amea\u00e7as possa acionar a seguran\u00e7a p\u00fablica. As informa\u00e7\u00f5es ter\u00e3o sigilo garantido.<\/p>\n<p>A Secretaria de Seguran\u00e7a P\u00fablica enfatizou que a comunica\u00e7\u00e3o com as fam\u00edlias \u00e9 primordial para o combate \u00e0 viol\u00eancia nas escolas. Dentre as resolu\u00e7\u00f5es contidas no protocolo estadual, est\u00e1 prevista o treinamento dos profissionais como caminho de preven\u00e7\u00e3o, al\u00e9m de amplia\u00e7\u00e3o do policiamento escolar. Os trabalhos incluem ainda o videomonitoramento, refor\u00e7o da patrulha escolar e cria\u00e7\u00e3o de uma central de monitoramento.<\/p>\n<p><strong>Bahia<\/strong><br \/>\nA Seguran\u00e7a P\u00fablica da Bahia divulgou tamb\u00e9m um canal para comunica\u00e7\u00e3o de poss\u00edveis amea\u00e7as (reais ou falsas). O n\u00famero disponibilizado \u00e9 o 181. O governo informou que as informa\u00e7\u00f5es ser\u00e3o tratadas de maneira emergencial pela Superintend\u00eancia de Intelig\u00eancia e repassadas para as for\u00e7as policiais<\/p>\n<p>Os trabalhos preveem ainda a intensifica\u00e7\u00e3o do patrulhamento especializado da Ronda Escolar e das unidades da Pol\u00edcia Militar. As a\u00e7\u00f5es de intelig\u00eancia e investiga\u00e7\u00e3o da Pol\u00edcia Civil t\u00eam apoio da Coordena\u00e7\u00e3o de Intelig\u00eancia Cibern\u00e9tica (Cyberlab).<\/p>\n<p>Segundo a Assessoria de Comunica\u00e7\u00e3o do governo estadual, o delegado Delmar Bittencourt, coordenador do Laborat\u00f3rio de Intelig\u00eancia Cibern\u00e9tica da Pol\u00edcia Civil, garantiu que haver\u00e1 compartilhamento de dados com outros estados.<\/p>\n<p><strong>Cear\u00e1<\/strong><br \/>\nA Seguran\u00e7a P\u00fablica do Cear\u00e1 anunciou que, al\u00e9m das a\u00e7\u00f5es de vigil\u00e2ncia nas cercanias das escolas, tem investido em a\u00e7\u00f5es de intelig\u00eancia contra desinforma\u00e7\u00e3o e perfis que espalham amea\u00e7as.<\/p>\n<p>O governo usa monitoramento realizado pela Coordenadoria de Intelig\u00eancia. Um dos resultados \u00e9 que entre 3 e 11 de abril foram identificados 18 perfis em m\u00eddias sociais que relataram amea\u00e7as.<\/p>\n<p>As den\u00fancias podem ser encaminhadas para o n\u00famero 181 ou para o (85) 3101-0181.<\/p>\n<p><strong>Par\u00e1<\/strong><br \/>\nO governo do Par\u00e1 informou que vai enviar \u00e0 Assembleia Legislativa do estado um projeto de lei (PL) para instituir o Programa Escola Segura e criar o N\u00facleo de Seguran\u00e7a P\u00fablica e Prote\u00e7\u00e3o Escola.<\/p>\n<p>De acordo com o governo, o projeto viabilizar\u00e1 o monitoramento por c\u00e2meras de seguran\u00e7a nas escolas, o fortalecimento da ronda escolar nos 144 munic\u00edpios do estado e a defini\u00e7\u00e3o de protocolos de seguran\u00e7a, com participa\u00e7\u00e3o de psic\u00f3logos e assistentes sociais.<\/p>\n<p>Segundo o governo, o foco \u00e9 o desenvolvimento de ambientes seguros e harm\u00f4nicos, com agentes p\u00fablicos treinados para melhor atender alunos, familiares, a comunidade e equipes escolares.<\/p>\n<p><strong>Amazonas<\/strong><br \/>\nO governo do Amazonas informou que trabalha na elabora\u00e7\u00e3o de projetos para aderir ao edital de chamamento p\u00fablico do Minist\u00e9rio da Justi\u00e7a e Seguran\u00e7a P\u00fablica para o Programa Nacional de Seguran\u00e7a nas Escolas.<\/p>\n<p>De acordo com o governo estadual, as a\u00e7\u00f5es de seguran\u00e7a j\u00e1 est\u00e3o sendo fortalecidas, com iniciativas nas escolas do Departamento de Preven\u00e7\u00e3o \u00e0 Viol\u00eancia em parceria com a Secretaria de Educa\u00e7\u00e3o.<\/p>\n<p><strong>Rio Grande do Sul<\/strong><br \/>\nO governo do Rio Grande do Sul anunciou a intensifica\u00e7\u00e3o do policiamento nas proximidades das escolas e o monitoramento dos chamados grupos de \u00f3dio.<\/p>\n<p>Segundo o governo ga\u00facho, o refor\u00e7o policial ser\u00e1 mantido pelo tempo que for necess\u00e1rio para tranquilizar a popula\u00e7\u00e3o quanto \u00e0 seguran\u00e7a de alunos, professores e demais profissionais da educa\u00e7\u00e3o.<\/p>\n<p>O estado tamb\u00e9m vai promover a\u00e7\u00f5es de comunica\u00e7\u00e3o para orientar sobre os canais oficiais para den\u00fancias: o telefone 190, para situa\u00e7\u00f5es de emerg\u00eancia, e telefone 181 para den\u00fancias. N\u00e3o h\u00e1 necessidade de identifica\u00e7\u00e3o do autor, e os canais funcionam 24 horas.<\/p>\n","protected":false},"excerpt":{"rendered":"<p>Governos estaduais (e distrital) divulgaram protocolos de a\u00e7\u00f5es para combater amea\u00e7as \u00e0 comunidade escolar. Em geral, a partir das caracter\u00edsticas e estruturas de cada unidade federativa, foi proposto que as secretarias atuem de forma integrada tamb\u00e9m com os \u00f3rg\u00e3os de intelig\u00eancia As alternativas incluem, por exemplo, amplia\u00e7\u00e3o do policiamento escolar, telefones para den\u00fancia e at\u00e9 [&hellip;]<\/p>\n","protected":false},"author":2,"featured_media":303123,"comment_status":"closed","ping_status":"closed","sticky":false,"template":"","format":"standard","meta":{"_acf_changed":false,"footnotes":""},"categories":[161],"tags":[95],"class_list":["post-303122","post","type-post","status-publish","format-standard","has-post-thumbnail","hentry","category-quadradinho-em-foco","tag-capa"],"acf":[],"yoast_head":"<!-- This site is optimized with the Yoast SEO plugin v27.2 - https:\/\/yoast.com\/product\/yoast-seo-wordpress\/ -->\n<title>Governos definem seus protocolos de seguran\u00e7a - Notibras<\/title>\n<meta name=\"robots\" content=\"index, follow, max-snippet:-1, max-image-preview:large, max-video-preview:-1\" \/>\n<link rel=\"canonical\" href=\"https:\/\/www.notibras.com\/site\/governos-definem-seus-protocolos-de-seguranca\/\" \/>\n<meta property=\"og:locale\" content=\"pt_BR\" \/>\n<meta property=\"og:type\" content=\"article\" \/>\n<meta property=\"og:title\" content=\"Governos definem seus protocolos de seguran\u00e7a - Notibras\" \/>\n<meta property=\"og:description\" content=\"Governos estaduais (e distrital) divulgaram protocolos de a\u00e7\u00f5es para combater amea\u00e7as \u00e0 comunidade escolar. Em geral, a partir das caracter\u00edsticas e estruturas de cada unidade federativa, foi proposto que as secretarias atuem de forma integrada tamb\u00e9m com os \u00f3rg\u00e3os de intelig\u00eancia As alternativas incluem, por exemplo, amplia\u00e7\u00e3o do policiamento escolar, telefones para den\u00fancia e at\u00e9 [&hellip;]\" \/>\n<meta property=\"og:url\" content=\"https:\/\/www.notibras.com\/site\/governos-definem-seus-protocolos-de-seguranca\/\" \/>\n<meta property=\"og:site_name\" content=\"Notibras\" \/>\n<meta property=\"article:publisher\" content=\"https:\/\/www.facebook.com\/notibras\/\" \/>\n<meta property=\"article:published_time\" content=\"2023-04-16T20:04:34+00:00\" \/>\n<meta property=\"article:modified_time\" content=\"2023-04-16T21:04:44+00:00\" \/>\n<meta property=\"og:image\" content=\"https:\/\/www.notibras.com\/site\/wp-content\/uploads\/2023\/04\/20230328103544_mg_6196.jpg\" \/>\n\t<meta property=\"og:image:width\" content=\"1170\" \/>\n\t<meta property=\"og:image:height\" content=\"700\" \/>\n\t<meta property=\"og:image:type\" content=\"image\/jpeg\" \/>\n<meta name=\"author\" content=\"Reda\u00e7\u00e3o\" \/>\n<meta name=\"twitter:card\" content=\"summary_large_image\" \/>\n<meta name=\"twitter:creator\" content=\"@Notibras\" \/>\n<meta name=\"twitter:site\" content=\"@Notibras\" \/>\n<meta name=\"twitter:label1\" content=\"Escrito por\" \/>\n\t<meta name=\"twitter:data1\" content=\"Reda\u00e7\u00e3o\" \/>\n\t<meta name=\"twitter:label2\" content=\"Est. tempo de leitura\" \/>\n\t<meta name=\"twitter:data2\" content=\"7 minutos\" \/>\n<script type=\"application\/ld+json\" class=\"yoast-schema-graph\">{\"@context\":\"https:\/\/schema.org\",\"@graph\":[{\"@type\":\"Article\",\"@id\":\"https:\/\/www.notibras.com\/site\/governos-definem-seus-protocolos-de-seguranca\/#article\",\"isPartOf\":{\"@id\":\"https:\/\/www.notibras.com\/site\/governos-definem-seus-protocolos-de-seguranca\/\"},\"author\":{\"name\":\"Reda\u00e7\u00e3o\",\"@id\":\"https:\/\/www.notibras.com\/site\/#\/schema\/person\/36ab0979449956132d3e5b517ea76ac8\"},\"headline\":\"Governos definem seus protocolos de seguran\u00e7a\",\"datePublished\":\"2023-04-16T20:04:34+00:00\",\"dateModified\":\"2023-04-16T21:04:44+00:00\",\"mainEntityOfPage\":{\"@id\":\"https:\/\/www.notibras.com\/site\/governos-definem-seus-protocolos-de-seguranca\/\"},\"wordCount\":1413,\"publisher\":{\"@id\":\"https:\/\/www.notibras.com\/site\/#organization\"},\"image\":{\"@id\":\"https:\/\/www.notibras.com\/site\/governos-definem-seus-protocolos-de-seguranca\/#primaryimage\"},\"thumbnailUrl\":\"https:\/\/www.notibras.com\/site\/wp-content\/uploads\/2023\/04\/20230328103544_mg_6196.jpg\",\"keywords\":[\"capa\"],\"articleSection\":[\"Quadradinho em Foco\"],\"inLanguage\":\"pt-BR\"},{\"@type\":\"WebPage\",\"@id\":\"https:\/\/www.notibras.com\/site\/governos-definem-seus-protocolos-de-seguranca\/\",\"url\":\"https:\/\/www.notibras.com\/site\/governos-definem-seus-protocolos-de-seguranca\/\",\"name\":\"Governos definem seus protocolos de seguran\u00e7a - Notibras\",\"isPartOf\":{\"@id\":\"https:\/\/www.notibras.com\/site\/#website\"},\"primaryImageOfPage\":{\"@id\":\"https:\/\/www.notibras.com\/site\/governos-definem-seus-protocolos-de-seguranca\/#primaryimage\"},\"image\":{\"@id\":\"https:\/\/www.notibras.com\/site\/governos-definem-seus-protocolos-de-seguranca\/#primaryimage\"},\"thumbnailUrl\":\"https:\/\/www.notibras.com\/site\/wp-content\/uploads\/2023\/04\/20230328103544_mg_6196.jpg\",\"datePublished\":\"2023-04-16T20:04:34+00:00\",\"dateModified\":\"2023-04-16T21:04:44+00:00\",\"breadcrumb\":{\"@id\":\"https:\/\/www.notibras.com\/site\/governos-definem-seus-protocolos-de-seguranca\/#breadcrumb\"},\"inLanguage\":\"pt-BR\",\"potentialAction\":[{\"@type\":\"ReadAction\",\"target\":[\"https:\/\/www.notibras.com\/site\/governos-definem-seus-protocolos-de-seguranca\/\"]}]},{\"@type\":\"ImageObject\",\"inLanguage\":\"pt-BR\",\"@id\":\"https:\/\/www.notibras.com\/site\/governos-definem-seus-protocolos-de-seguranca\/#primaryimage\",\"url\":\"https:\/\/www.notibras.com\/site\/wp-content\/uploads\/2023\/04\/20230328103544_mg_6196.jpg\",\"contentUrl\":\"https:\/\/www.notibras.com\/site\/wp-content\/uploads\/2023\/04\/20230328103544_mg_6196.jpg\",\"width\":1170,\"height\":700,\"caption\":\"S\u00e3o Paulo (SP), 28\/03\/2023 - Alunos da escola estadual Thomazia Montoro e secundaristas do movimento estudantil prestam homenagens \u00e0s v\u00edtimas do ataque, na porta da escola, em Vila S\u00f4nia. Foto: Fernando Fraz\u00e3o\/Ag\u00eancia Brasil\"},{\"@type\":\"BreadcrumbList\",\"@id\":\"https:\/\/www.notibras.com\/site\/governos-definem-seus-protocolos-de-seguranca\/#breadcrumb\",\"itemListElement\":[{\"@type\":\"ListItem\",\"position\":1,\"name\":\"In\u00edcio\",\"item\":\"https:\/\/www.notibras.com\/site\/\"},{\"@type\":\"ListItem\",\"position\":2,\"name\":\"Governos definem seus protocolos de seguran\u00e7a\"}]},{\"@type\":\"WebSite\",\"@id\":\"https:\/\/www.notibras.com\/site\/#website\",\"url\":\"https:\/\/www.notibras.com\/site\/\",\"name\":\"Notibras\",\"description\":\"Not\u00edcias de Bras\u00edlia, do Brasil e do Mundo\",\"publisher\":{\"@id\":\"https:\/\/www.notibras.com\/site\/#organization\"},\"potentialAction\":[{\"@type\":\"SearchAction\",\"target\":{\"@type\":\"EntryPoint\",\"urlTemplate\":\"https:\/\/www.notibras.com\/site\/?s={search_term_string}\"},\"query-input\":{\"@type\":\"PropertyValueSpecification\",\"valueRequired\":true,\"valueName\":\"search_term_string\"}}],\"inLanguage\":\"pt-BR\"},{\"@type\":\"Organization\",\"@id\":\"https:\/\/www.notibras.com\/site\/#organization\",\"name\":\"Grupo Notibras de Comunica\u00e7\u00e3o\",\"url\":\"https:\/\/www.notibras.com\/site\/\",\"logo\":{\"@type\":\"ImageObject\",\"inLanguage\":\"pt-BR\",\"@id\":\"https:\/\/www.notibras.com\/site\/#\/schema\/logo\/image\/\",\"url\":\"https:\/\/www.notibras.com\/site\/wp-content\/uploads\/2023\/01\/notibras23.png\",\"contentUrl\":\"https:\/\/www.notibras.com\/site\/wp-content\/uploads\/2023\/01\/notibras23.png\",\"width\":350,\"height\":87,\"caption\":\"Grupo Notibras de Comunica\u00e7\u00e3o\"},\"image\":{\"@id\":\"https:\/\/www.notibras.com\/site\/#\/schema\/logo\/image\/\"},\"sameAs\":[\"https:\/\/www.facebook.com\/notibras\/\",\"https:\/\/x.com\/Notibras\",\"https:\/\/www.instagram.com\/notibras\/\"]},{\"@type\":\"Person\",\"@id\":\"https:\/\/www.notibras.com\/site\/#\/schema\/person\/36ab0979449956132d3e5b517ea76ac8\",\"name\":\"Reda\u00e7\u00e3o\",\"image\":{\"@type\":\"ImageObject\",\"inLanguage\":\"pt-BR\",\"@id\":\"https:\/\/secure.gravatar.com\/avatar\/e0a867bdedb85fd243eadf09663511f96fc81e0720a4a42581f334ad4303aa6b?s=96&d=mm&r=g\",\"url\":\"https:\/\/secure.gravatar.com\/avatar\/e0a867bdedb85fd243eadf09663511f96fc81e0720a4a42581f334ad4303aa6b?s=96&d=mm&r=g\",\"contentUrl\":\"https:\/\/secure.gravatar.com\/avatar\/e0a867bdedb85fd243eadf09663511f96fc81e0720a4a42581f334ad4303aa6b?s=96&d=mm&r=g\",\"caption\":\"Reda\u00e7\u00e3o\"}}]}<\/script>\n<!-- \/ Yoast SEO plugin. -->","yoast_head_json":{"title":"Governos definem seus protocolos de seguran\u00e7a - Notibras","robots":{"index":"index","follow":"follow","max-snippet":"max-snippet:-1","max-image-preview":"max-image-preview:large","max-video-preview":"max-video-preview:-1"},"canonical":"https:\/\/www.notibras.com\/site\/governos-definem-seus-protocolos-de-seguranca\/","og_locale":"pt_BR","og_type":"article","og_title":"Governos definem seus protocolos de seguran\u00e7a - Notibras","og_description":"Governos estaduais (e distrital) divulgaram protocolos de a\u00e7\u00f5es para combater amea\u00e7as \u00e0 comunidade escolar. Em geral, a partir das caracter\u00edsticas e estruturas de cada unidade federativa, foi proposto que as secretarias atuem de forma integrada tamb\u00e9m com os \u00f3rg\u00e3os de intelig\u00eancia As alternativas incluem, por exemplo, amplia\u00e7\u00e3o do policiamento escolar, telefones para den\u00fancia e at\u00e9 [&hellip;]","og_url":"https:\/\/www.notibras.com\/site\/governos-definem-seus-protocolos-de-seguranca\/","og_site_name":"Notibras","article_publisher":"https:\/\/www.facebook.com\/notibras\/","article_published_time":"2023-04-16T20:04:34+00:00","article_modified_time":"2023-04-16T21:04:44+00:00","og_image":[{"width":1170,"height":700,"url":"https:\/\/www.notibras.com\/site\/wp-content\/uploads\/2023\/04\/20230328103544_mg_6196.jpg","type":"image\/jpeg"}],"author":"Reda\u00e7\u00e3o","twitter_card":"summary_large_image","twitter_creator":"@Notibras","twitter_site":"@Notibras","twitter_misc":{"Escrito por":"Reda\u00e7\u00e3o","Est. tempo de leitura":"7 minutos"},"schema":{"@context":"https:\/\/schema.org","@graph":[{"@type":"Article","@id":"https:\/\/www.notibras.com\/site\/governos-definem-seus-protocolos-de-seguranca\/#article","isPartOf":{"@id":"https:\/\/www.notibras.com\/site\/governos-definem-seus-protocolos-de-seguranca\/"},"author":{"name":"Reda\u00e7\u00e3o","@id":"https:\/\/www.notibras.com\/site\/#\/schema\/person\/36ab0979449956132d3e5b517ea76ac8"},"headline":"Governos definem seus protocolos de seguran\u00e7a","datePublished":"2023-04-16T20:04:34+00:00","dateModified":"2023-04-16T21:04:44+00:00","mainEntityOfPage":{"@id":"https:\/\/www.notibras.com\/site\/governos-definem-seus-protocolos-de-seguranca\/"},"wordCount":1413,"publisher":{"@id":"https:\/\/www.notibras.com\/site\/#organization"},"image":{"@id":"https:\/\/www.notibras.com\/site\/governos-definem-seus-protocolos-de-seguranca\/#primaryimage"},"thumbnailUrl":"https:\/\/www.notibras.com\/site\/wp-content\/uploads\/2023\/04\/20230328103544_mg_6196.jpg","keywords":["capa"],"articleSection":["Quadradinho em Foco"],"inLanguage":"pt-BR"},{"@type":"WebPage","@id":"https:\/\/www.notibras.com\/site\/governos-definem-seus-protocolos-de-seguranca\/","url":"https:\/\/www.notibras.com\/site\/governos-definem-seus-protocolos-de-seguranca\/","name":"Governos definem seus protocolos de seguran\u00e7a - Notibras","isPartOf":{"@id":"https:\/\/www.notibras.com\/site\/#website"},"primaryImageOfPage":{"@id":"https:\/\/www.notibras.com\/site\/governos-definem-seus-protocolos-de-seguranca\/#primaryimage"},"image":{"@id":"https:\/\/www.notibras.com\/site\/governos-definem-seus-protocolos-de-seguranca\/#primaryimage"},"thumbnailUrl":"https:\/\/www.notibras.com\/site\/wp-content\/uploads\/2023\/04\/20230328103544_mg_6196.jpg","datePublished":"2023-04-16T20:04:34+00:00","dateModified":"2023-04-16T21:04:44+00:00","breadcrumb":{"@id":"https:\/\/www.notibras.com\/site\/governos-definem-seus-protocolos-de-seguranca\/#breadcrumb"},"inLanguage":"pt-BR","potentialAction":[{"@type":"ReadAction","target":["https:\/\/www.notibras.com\/site\/governos-definem-seus-protocolos-de-seguranca\/"]}]},{"@type":"ImageObject","inLanguage":"pt-BR","@id":"https:\/\/www.notibras.com\/site\/governos-definem-seus-protocolos-de-seguranca\/#primaryimage","url":"https:\/\/www.notibras.com\/site\/wp-content\/uploads\/2023\/04\/20230328103544_mg_6196.jpg","contentUrl":"https:\/\/www.notibras.com\/site\/wp-content\/uploads\/2023\/04\/20230328103544_mg_6196.jpg","width":1170,"height":700,"caption":"S\u00e3o Paulo (SP), 28\/03\/2023 - Alunos da escola estadual Thomazia Montoro e secundaristas do movimento estudantil prestam homenagens \u00e0s v\u00edtimas do ataque, na porta da escola, em Vila S\u00f4nia. Foto: Fernando Fraz\u00e3o\/Ag\u00eancia Brasil"},{"@type":"BreadcrumbList","@id":"https:\/\/www.notibras.com\/site\/governos-definem-seus-protocolos-de-seguranca\/#breadcrumb","itemListElement":[{"@type":"ListItem","position":1,"name":"In\u00edcio","item":"https:\/\/www.notibras.com\/site\/"},{"@type":"ListItem","position":2,"name":"Governos definem seus protocolos de seguran\u00e7a"}]},{"@type":"WebSite","@id":"https:\/\/www.notibras.com\/site\/#website","url":"https:\/\/www.notibras.com\/site\/","name":"Notibras","description":"Not\u00edcias de Bras\u00edlia, do Brasil e do Mundo","publisher":{"@id":"https:\/\/www.notibras.com\/site\/#organization"},"potentialAction":[{"@type":"SearchAction","target":{"@type":"EntryPoint","urlTemplate":"https:\/\/www.notibras.com\/site\/?s={search_term_string}"},"query-input":{"@type":"PropertyValueSpecification","valueRequired":true,"valueName":"search_term_string"}}],"inLanguage":"pt-BR"},{"@type":"Organization","@id":"https:\/\/www.notibras.com\/site\/#organization","name":"Grupo Notibras de Comunica\u00e7\u00e3o","url":"https:\/\/www.notibras.com\/site\/","logo":{"@type":"ImageObject","inLanguage":"pt-BR","@id":"https:\/\/www.notibras.com\/site\/#\/schema\/logo\/image\/","url":"https:\/\/www.notibras.com\/site\/wp-content\/uploads\/2023\/01\/notibras23.png","contentUrl":"https:\/\/www.notibras.com\/site\/wp-content\/uploads\/2023\/01\/notibras23.png","width":350,"height":87,"caption":"Grupo Notibras de Comunica\u00e7\u00e3o"},"image":{"@id":"https:\/\/www.notibras.com\/site\/#\/schema\/logo\/image\/"},"sameAs":["https:\/\/www.facebook.com\/notibras\/","https:\/\/x.com\/Notibras","https:\/\/www.instagram.com\/notibras\/"]},{"@type":"Person","@id":"https:\/\/www.notibras.com\/site\/#\/schema\/person\/36ab0979449956132d3e5b517ea76ac8","name":"Reda\u00e7\u00e3o","image":{"@type":"ImageObject","inLanguage":"pt-BR","@id":"https:\/\/secure.gravatar.com\/avatar\/e0a867bdedb85fd243eadf09663511f96fc81e0720a4a42581f334ad4303aa6b?s=96&d=mm&r=g","url":"https:\/\/secure.gravatar.com\/avatar\/e0a867bdedb85fd243eadf09663511f96fc81e0720a4a42581f334ad4303aa6b?s=96&d=mm&r=g","contentUrl":"https:\/\/secure.gravatar.com\/avatar\/e0a867bdedb85fd243eadf09663511f96fc81e0720a4a42581f334ad4303aa6b?s=96&d=mm&r=g","caption":"Reda\u00e7\u00e3o"}}]}},"amp_enabled":true,"_links":{"self":[{"href":"https:\/\/www.notibras.com\/site\/wp-json\/wp\/v2\/posts\/303122","targetHints":{"allow":["GET"]}}],"collection":[{"href":"https:\/\/www.notibras.com\/site\/wp-json\/wp\/v2\/posts"}],"about":[{"href":"https:\/\/www.notibras.com\/site\/wp-json\/wp\/v2\/types\/post"}],"author":[{"embeddable":true,"href":"https:\/\/www.notibras.com\/site\/wp-json\/wp\/v2\/users\/2"}],"replies":[{"embeddable":true,"href":"https:\/\/www.notibras.com\/site\/wp-json\/wp\/v2\/comments?post=303122"}],"version-history":[{"count":1,"href":"https:\/\/www.notibras.com\/site\/wp-json\/wp\/v2\/posts\/303122\/revisions"}],"predecessor-version":[{"id":303124,"href":"https:\/\/www.notibras.com\/site\/wp-json\/wp\/v2\/posts\/303122\/revisions\/303124"}],"wp:featuredmedia":[{"embeddable":true,"href":"https:\/\/www.notibras.com\/site\/wp-json\/wp\/v2\/media\/303123"}],"wp:attachment":[{"href":"https:\/\/www.notibras.com\/site\/wp-json\/wp\/v2\/media?parent=303122"}],"wp:term":[{"taxonomy":"category","embeddable":true,"href":"https:\/\/www.notibras.com\/site\/wp-json\/wp\/v2\/categories?post=303122"},{"taxonomy":"post_tag","embeddable":true,"href":"https:\/\/www.notibras.com\/site\/wp-json\/wp\/v2\/tags?post=303122"}],"curies":[{"name":"wp","href":"https:\/\/api.w.org\/{rel}","templated":true}]}}