{"id":303134,"date":"2023-04-16T18:00:33","date_gmt":"2023-04-16T21:00:33","guid":{"rendered":"https:\/\/www.notibras.com\/site\/?p=303134"},"modified":"2023-04-16T18:38:52","modified_gmt":"2023-04-16T21:38:52","slug":"mensagens-de-odio-de-grupos-extremistas-comecam-a-cair","status":"publish","type":"post","link":"https:\/\/www.notibras.com\/site\/mensagens-de-odio-de-grupos-extremistas-comecam-a-cair\/","title":{"rendered":"Mensagens de \u00f3dio de grupos extremistas come\u00e7am a cair"},"content":{"rendered":"<p>As investiga\u00e7\u00f5es contra os grupos que incentivam ataques a escolas e formas semelhantes de viol\u00eancia t\u00eam conseguido reduzir a circula\u00e7\u00e3o desse tipo de conte\u00fado na internet. Essa \u00e9 a avalia\u00e7\u00e3o da pesquisadora Michele Prado. Apesar de contas que foram suspensas terem reaparecido, agora, segundo ela, os extremistas t\u00eam restringido o acesso aos conte\u00fados. \u201cAlgumas contas foram recriadas por usu\u00e1rios que eu acompanho j\u00e1 h\u00e1 muito tempo. A maioria deles est\u00e1 deixando as contas privadas\u201d, diz.<\/p>\n<p>Michele monitora grupos que promovem e incentivam ataques desde 2020. A pesquisadora faz parte do Monitor Do Debate Pol\u00edtico no Meio Digital e \u00e9 autora dos livros \u201cTempestade Ideol\u00f3gica &#8211; Bolsonarismo: A alt-right e o populismo iliberal no Brasil\u201d e \u201cRed Pill &#8211; Radicaliza\u00e7\u00e3o e Extremismo\u201d.<\/p>\n<p>Em plataformas de jogos online, que parte desses grupos usam para comunica\u00e7\u00e3o, os pr\u00f3prios extremistas t\u00eam retirado os conte\u00fados do ar de forma a evitar a identifica\u00e7\u00e3o. \u201c\u00c0s vezes o pr\u00f3prio criador do servidor desconfia que tem infiltrados e derruba [o servidor]\u201d, conta a pesquisadora a partir do monitoramento feito nas \u00faltimas semanas.<\/p>\n<p>Para Michele, diminuir o acesso a conte\u00fados que incitam \u00e0 viol\u00eancia \u00e9 uma forma de reduzir o risco de ataques. \u201cQuanto mais conte\u00fado inspiracional circula, mais potenciais imitadores a gente tem. Ent\u00e3o, o fato de ter conseguido derrubar esse conte\u00fado que inspira, atua de forma positiva para a gente tentar diminuir o potencial de novos atentados\u201d, destacou. Ela est\u00e1 trabalhando em um relat\u00f3rio para ajudar a embasar as a\u00e7\u00f5es do Minist\u00e9rio da Justi\u00e7a nesse sentido.<\/p>\n<p>Uma medida que Michele considera \u00fatil para reduzir a circula\u00e7\u00e3o desse tipo de conte\u00fado na rede \u00e9 a cria\u00e7\u00e3o de um banco com a identifica\u00e7\u00e3o digital de conte\u00fados que j\u00e1 tenham sido apontados como incitadores de viol\u00eancia. \u201cEnt\u00e3o, voc\u00ea cria um banco de dados com as impress\u00f5es digitais e manda para essa plataforma. Ela precisa ter um compromisso para que quando um conte\u00fado desses subir, ela pr\u00f3pria o derrube sem que haja necessidade de den\u00fancia de usu\u00e1rios\u201d, defende.<\/p>\n<p><strong>Comunidades de \u00f3dio<\/strong><br \/>\nSegundo a pesquisadora, essas comunidades re\u00fanem jovens entre 10 e 25 anos de idade, de acordo com o que eles mesmos declaram nesses espa\u00e7os de discuss\u00e3o. Esses adolescentes se relacionam por afinidade com temas como a misantropia. \u201cUm \u00f3dio \u00e0 humanidade. \u00d3dio ao ser humano. Esse \u00e9 a principal caracter\u00edstica\u201d enfatiza a pesquisadora. H\u00e1 ainda a misoginia, de \u00f3dio a mulheres, e o antissemitismo, de \u00f3dio a judeus.<\/p>\n<p>Michele explica que h\u00e1 jovens que est\u00e3o predispostos ou realmente cometem ataques, como tamb\u00e9m h\u00e1 outros que se dedicam a criar e disseminar conte\u00fados para incentivar a radicaliza\u00e7\u00e3o. \u201cTem pessoas que est\u00e3o ali s\u00f3 para produzir e disseminar conte\u00fado inspirador. Os edits [v\u00eddeos], que eles chamam, armas, os marcadores est\u00e9ticos. Tem gente que est\u00e1 s\u00f3 para disseminar conte\u00fado instrucional, com instru\u00e7\u00f5es de como voc\u00ea vai deixar a sua arma mais letal, como voc\u00ea tem que fazer para produzir o maior n\u00famero de v\u00edtimas\u201d, detalha.<\/p>\n<p>S\u00e3o esses indiv\u00edduos que, segundo ela, distribuem o conte\u00fado ideol\u00f3gico ligado \u00e0 extrema direita mundial e, muitas vezes, sabem de antem\u00e3o dos atentados. \u201cEsses que s\u00f3 fazem isso s\u00e3o uma esp\u00e9cie de catalisadores. \u00c0s vezes eles sabem com anteced\u00eancia que o atentado vai acontecer tal dia, qual \u00e9 a pessoa, o nome do agressor\u201d, explica ela sobre os materiais disseminados como forma de incentivar essas a\u00e7\u00f5es violentas.<\/p>\n<p>Essas mensagens tamb\u00e9m s\u00e3o distribu\u00eddas por redes sociais e usam, muitas vezes, uma est\u00e9tica chamada de fashwave, com cores brilhantes e visual que remete a d\u00e9cada de 1980. Os conte\u00fados desse tipo t\u00eam sido uma marca da extrema direita em diversas partes do mundo, como entre os apoiadores do ex-presidente norte-americano Donald Trump.<\/p>\n","protected":false},"excerpt":{"rendered":"<p>As investiga\u00e7\u00f5es contra os grupos que incentivam ataques a escolas e formas semelhantes de viol\u00eancia t\u00eam conseguido reduzir a circula\u00e7\u00e3o desse tipo de conte\u00fado na internet. Essa \u00e9 a avalia\u00e7\u00e3o da pesquisadora Michele Prado. Apesar de contas que foram suspensas terem reaparecido, agora, segundo ela, os extremistas t\u00eam restringido o acesso aos conte\u00fados. \u201cAlgumas contas [&hellip;]<\/p>\n","protected":false},"author":2,"featured_media":303135,"comment_status":"closed","ping_status":"closed","sticky":false,"template":"","format":"standard","meta":{"_acf_changed":false,"footnotes":""},"categories":[161],"tags":[],"class_list":["post-303134","post","type-post","status-publish","format-standard","has-post-thumbnail","hentry","category-quadradinho-em-foco"],"acf":[],"yoast_head":"<!-- This site is optimized with the Yoast SEO plugin v27.2 - https:\/\/yoast.com\/product\/yoast-seo-wordpress\/ -->\n<title>Mensagens de \u00f3dio de grupos extremistas come\u00e7am a cair - Notibras<\/title>\n<meta name=\"robots\" content=\"index, follow, max-snippet:-1, max-image-preview:large, max-video-preview:-1\" \/>\n<link rel=\"canonical\" href=\"https:\/\/www.notibras.com\/site\/mensagens-de-odio-de-grupos-extremistas-comecam-a-cair\/\" \/>\n<meta property=\"og:locale\" content=\"pt_BR\" \/>\n<meta property=\"og:type\" content=\"article\" \/>\n<meta property=\"og:title\" content=\"Mensagens de \u00f3dio de grupos extremistas come\u00e7am a cair - Notibras\" \/>\n<meta property=\"og:description\" content=\"As investiga\u00e7\u00f5es contra os grupos que incentivam ataques a escolas e formas semelhantes de viol\u00eancia t\u00eam conseguido reduzir a circula\u00e7\u00e3o desse tipo de conte\u00fado na internet. Essa \u00e9 a avalia\u00e7\u00e3o da pesquisadora Michele Prado. Apesar de contas que foram suspensas terem reaparecido, agora, segundo ela, os extremistas t\u00eam restringido o acesso aos conte\u00fados. \u201cAlgumas contas [&hellip;]\" \/>\n<meta property=\"og:url\" content=\"https:\/\/www.notibras.com\/site\/mensagens-de-odio-de-grupos-extremistas-comecam-a-cair\/\" \/>\n<meta property=\"og:site_name\" content=\"Notibras\" \/>\n<meta property=\"article:publisher\" content=\"https:\/\/www.facebook.com\/notibras\/\" \/>\n<meta property=\"article:published_time\" content=\"2023-04-16T21:00:33+00:00\" \/>\n<meta property=\"article:modified_time\" content=\"2023-04-16T21:38:52+00:00\" \/>\n<meta property=\"og:image\" content=\"https:\/\/www.notibras.com\/site\/wp-content\/uploads\/2023\/04\/rvrsa_abr_13031913032.jpg\" \/>\n\t<meta property=\"og:image:width\" content=\"1170\" \/>\n\t<meta property=\"og:image:height\" content=\"700\" \/>\n\t<meta property=\"og:image:type\" content=\"image\/jpeg\" \/>\n<meta name=\"author\" content=\"Reda\u00e7\u00e3o\" \/>\n<meta name=\"twitter:card\" content=\"summary_large_image\" \/>\n<meta name=\"twitter:creator\" content=\"@Notibras\" \/>\n<meta name=\"twitter:site\" content=\"@Notibras\" \/>\n<meta name=\"twitter:label1\" content=\"Escrito por\" \/>\n\t<meta name=\"twitter:data1\" content=\"Reda\u00e7\u00e3o\" \/>\n\t<meta name=\"twitter:label2\" content=\"Est. tempo de leitura\" \/>\n\t<meta name=\"twitter:data2\" content=\"4 minutos\" \/>\n<script type=\"application\/ld+json\" class=\"yoast-schema-graph\">{\"@context\":\"https:\/\/schema.org\",\"@graph\":[{\"@type\":\"Article\",\"@id\":\"https:\/\/www.notibras.com\/site\/mensagens-de-odio-de-grupos-extremistas-comecam-a-cair\/#article\",\"isPartOf\":{\"@id\":\"https:\/\/www.notibras.com\/site\/mensagens-de-odio-de-grupos-extremistas-comecam-a-cair\/\"},\"author\":{\"name\":\"Reda\u00e7\u00e3o\",\"@id\":\"https:\/\/www.notibras.com\/site\/#\/schema\/person\/36ab0979449956132d3e5b517ea76ac8\"},\"headline\":\"Mensagens de \u00f3dio de grupos extremistas come\u00e7am a cair\",\"datePublished\":\"2023-04-16T21:00:33+00:00\",\"dateModified\":\"2023-04-16T21:38:52+00:00\",\"mainEntityOfPage\":{\"@id\":\"https:\/\/www.notibras.com\/site\/mensagens-de-odio-de-grupos-extremistas-comecam-a-cair\/\"},\"wordCount\":670,\"publisher\":{\"@id\":\"https:\/\/www.notibras.com\/site\/#organization\"},\"image\":{\"@id\":\"https:\/\/www.notibras.com\/site\/mensagens-de-odio-de-grupos-extremistas-comecam-a-cair\/#primaryimage\"},\"thumbnailUrl\":\"https:\/\/www.notibras.com\/site\/wp-content\/uploads\/2023\/04\/rvrsa_abr_13031913032.jpg\",\"articleSection\":[\"Quadradinho em Foco\"],\"inLanguage\":\"pt-BR\"},{\"@type\":\"WebPage\",\"@id\":\"https:\/\/www.notibras.com\/site\/mensagens-de-odio-de-grupos-extremistas-comecam-a-cair\/\",\"url\":\"https:\/\/www.notibras.com\/site\/mensagens-de-odio-de-grupos-extremistas-comecam-a-cair\/\",\"name\":\"Mensagens de \u00f3dio de grupos extremistas come\u00e7am a cair - Notibras\",\"isPartOf\":{\"@id\":\"https:\/\/www.notibras.com\/site\/#website\"},\"primaryImageOfPage\":{\"@id\":\"https:\/\/www.notibras.com\/site\/mensagens-de-odio-de-grupos-extremistas-comecam-a-cair\/#primaryimage\"},\"image\":{\"@id\":\"https:\/\/www.notibras.com\/site\/mensagens-de-odio-de-grupos-extremistas-comecam-a-cair\/#primaryimage\"},\"thumbnailUrl\":\"https:\/\/www.notibras.com\/site\/wp-content\/uploads\/2023\/04\/rvrsa_abr_13031913032.jpg\",\"datePublished\":\"2023-04-16T21:00:33+00:00\",\"dateModified\":\"2023-04-16T21:38:52+00:00\",\"breadcrumb\":{\"@id\":\"https:\/\/www.notibras.com\/site\/mensagens-de-odio-de-grupos-extremistas-comecam-a-cair\/#breadcrumb\"},\"inLanguage\":\"pt-BR\",\"potentialAction\":[{\"@type\":\"ReadAction\",\"target\":[\"https:\/\/www.notibras.com\/site\/mensagens-de-odio-de-grupos-extremistas-comecam-a-cair\/\"]}]},{\"@type\":\"ImageObject\",\"inLanguage\":\"pt-BR\",\"@id\":\"https:\/\/www.notibras.com\/site\/mensagens-de-odio-de-grupos-extremistas-comecam-a-cair\/#primaryimage\",\"url\":\"https:\/\/www.notibras.com\/site\/wp-content\/uploads\/2023\/04\/rvrsa_abr_13031913032.jpg\",\"contentUrl\":\"https:\/\/www.notibras.com\/site\/wp-content\/uploads\/2023\/04\/rvrsa_abr_13031913032.jpg\",\"width\":1170,\"height\":700,\"caption\":\"Tiroteio na Escola Estadual Professor Raul Brasil, em Suzano, a 57 quil\u00f4metros de S\u00e3o Paulo, deixou mortos e feridos. Segundo a Pol\u00edcia Militar, dois jovens armados e encapuzados invadiram o col\u00e9gio e disparam contra os alunos.\"},{\"@type\":\"BreadcrumbList\",\"@id\":\"https:\/\/www.notibras.com\/site\/mensagens-de-odio-de-grupos-extremistas-comecam-a-cair\/#breadcrumb\",\"itemListElement\":[{\"@type\":\"ListItem\",\"position\":1,\"name\":\"In\u00edcio\",\"item\":\"https:\/\/www.notibras.com\/site\/\"},{\"@type\":\"ListItem\",\"position\":2,\"name\":\"Mensagens de \u00f3dio de grupos extremistas come\u00e7am a cair\"}]},{\"@type\":\"WebSite\",\"@id\":\"https:\/\/www.notibras.com\/site\/#website\",\"url\":\"https:\/\/www.notibras.com\/site\/\",\"name\":\"Notibras\",\"description\":\"Not\u00edcias de Bras\u00edlia, do Brasil e do Mundo\",\"publisher\":{\"@id\":\"https:\/\/www.notibras.com\/site\/#organization\"},\"potentialAction\":[{\"@type\":\"SearchAction\",\"target\":{\"@type\":\"EntryPoint\",\"urlTemplate\":\"https:\/\/www.notibras.com\/site\/?s={search_term_string}\"},\"query-input\":{\"@type\":\"PropertyValueSpecification\",\"valueRequired\":true,\"valueName\":\"search_term_string\"}}],\"inLanguage\":\"pt-BR\"},{\"@type\":\"Organization\",\"@id\":\"https:\/\/www.notibras.com\/site\/#organization\",\"name\":\"Grupo Notibras de Comunica\u00e7\u00e3o\",\"url\":\"https:\/\/www.notibras.com\/site\/\",\"logo\":{\"@type\":\"ImageObject\",\"inLanguage\":\"pt-BR\",\"@id\":\"https:\/\/www.notibras.com\/site\/#\/schema\/logo\/image\/\",\"url\":\"https:\/\/www.notibras.com\/site\/wp-content\/uploads\/2023\/01\/notibras23.png\",\"contentUrl\":\"https:\/\/www.notibras.com\/site\/wp-content\/uploads\/2023\/01\/notibras23.png\",\"width\":350,\"height\":87,\"caption\":\"Grupo Notibras de Comunica\u00e7\u00e3o\"},\"image\":{\"@id\":\"https:\/\/www.notibras.com\/site\/#\/schema\/logo\/image\/\"},\"sameAs\":[\"https:\/\/www.facebook.com\/notibras\/\",\"https:\/\/x.com\/Notibras\",\"https:\/\/www.instagram.com\/notibras\/\"]},{\"@type\":\"Person\",\"@id\":\"https:\/\/www.notibras.com\/site\/#\/schema\/person\/36ab0979449956132d3e5b517ea76ac8\",\"name\":\"Reda\u00e7\u00e3o\",\"image\":{\"@type\":\"ImageObject\",\"inLanguage\":\"pt-BR\",\"@id\":\"https:\/\/secure.gravatar.com\/avatar\/e0a867bdedb85fd243eadf09663511f96fc81e0720a4a42581f334ad4303aa6b?s=96&d=mm&r=g\",\"url\":\"https:\/\/secure.gravatar.com\/avatar\/e0a867bdedb85fd243eadf09663511f96fc81e0720a4a42581f334ad4303aa6b?s=96&d=mm&r=g\",\"contentUrl\":\"https:\/\/secure.gravatar.com\/avatar\/e0a867bdedb85fd243eadf09663511f96fc81e0720a4a42581f334ad4303aa6b?s=96&d=mm&r=g\",\"caption\":\"Reda\u00e7\u00e3o\"}}]}<\/script>\n<!-- \/ Yoast SEO plugin. -->","yoast_head_json":{"title":"Mensagens de \u00f3dio de grupos extremistas come\u00e7am a cair - Notibras","robots":{"index":"index","follow":"follow","max-snippet":"max-snippet:-1","max-image-preview":"max-image-preview:large","max-video-preview":"max-video-preview:-1"},"canonical":"https:\/\/www.notibras.com\/site\/mensagens-de-odio-de-grupos-extremistas-comecam-a-cair\/","og_locale":"pt_BR","og_type":"article","og_title":"Mensagens de \u00f3dio de grupos extremistas come\u00e7am a cair - Notibras","og_description":"As investiga\u00e7\u00f5es contra os grupos que incentivam ataques a escolas e formas semelhantes de viol\u00eancia t\u00eam conseguido reduzir a circula\u00e7\u00e3o desse tipo de conte\u00fado na internet. Essa \u00e9 a avalia\u00e7\u00e3o da pesquisadora Michele Prado. Apesar de contas que foram suspensas terem reaparecido, agora, segundo ela, os extremistas t\u00eam restringido o acesso aos conte\u00fados. \u201cAlgumas contas [&hellip;]","og_url":"https:\/\/www.notibras.com\/site\/mensagens-de-odio-de-grupos-extremistas-comecam-a-cair\/","og_site_name":"Notibras","article_publisher":"https:\/\/www.facebook.com\/notibras\/","article_published_time":"2023-04-16T21:00:33+00:00","article_modified_time":"2023-04-16T21:38:52+00:00","og_image":[{"width":1170,"height":700,"url":"https:\/\/www.notibras.com\/site\/wp-content\/uploads\/2023\/04\/rvrsa_abr_13031913032.jpg","type":"image\/jpeg"}],"author":"Reda\u00e7\u00e3o","twitter_card":"summary_large_image","twitter_creator":"@Notibras","twitter_site":"@Notibras","twitter_misc":{"Escrito por":"Reda\u00e7\u00e3o","Est. tempo de leitura":"4 minutos"},"schema":{"@context":"https:\/\/schema.org","@graph":[{"@type":"Article","@id":"https:\/\/www.notibras.com\/site\/mensagens-de-odio-de-grupos-extremistas-comecam-a-cair\/#article","isPartOf":{"@id":"https:\/\/www.notibras.com\/site\/mensagens-de-odio-de-grupos-extremistas-comecam-a-cair\/"},"author":{"name":"Reda\u00e7\u00e3o","@id":"https:\/\/www.notibras.com\/site\/#\/schema\/person\/36ab0979449956132d3e5b517ea76ac8"},"headline":"Mensagens de \u00f3dio de grupos extremistas come\u00e7am a cair","datePublished":"2023-04-16T21:00:33+00:00","dateModified":"2023-04-16T21:38:52+00:00","mainEntityOfPage":{"@id":"https:\/\/www.notibras.com\/site\/mensagens-de-odio-de-grupos-extremistas-comecam-a-cair\/"},"wordCount":670,"publisher":{"@id":"https:\/\/www.notibras.com\/site\/#organization"},"image":{"@id":"https:\/\/www.notibras.com\/site\/mensagens-de-odio-de-grupos-extremistas-comecam-a-cair\/#primaryimage"},"thumbnailUrl":"https:\/\/www.notibras.com\/site\/wp-content\/uploads\/2023\/04\/rvrsa_abr_13031913032.jpg","articleSection":["Quadradinho em Foco"],"inLanguage":"pt-BR"},{"@type":"WebPage","@id":"https:\/\/www.notibras.com\/site\/mensagens-de-odio-de-grupos-extremistas-comecam-a-cair\/","url":"https:\/\/www.notibras.com\/site\/mensagens-de-odio-de-grupos-extremistas-comecam-a-cair\/","name":"Mensagens de \u00f3dio de grupos extremistas come\u00e7am a cair - Notibras","isPartOf":{"@id":"https:\/\/www.notibras.com\/site\/#website"},"primaryImageOfPage":{"@id":"https:\/\/www.notibras.com\/site\/mensagens-de-odio-de-grupos-extremistas-comecam-a-cair\/#primaryimage"},"image":{"@id":"https:\/\/www.notibras.com\/site\/mensagens-de-odio-de-grupos-extremistas-comecam-a-cair\/#primaryimage"},"thumbnailUrl":"https:\/\/www.notibras.com\/site\/wp-content\/uploads\/2023\/04\/rvrsa_abr_13031913032.jpg","datePublished":"2023-04-16T21:00:33+00:00","dateModified":"2023-04-16T21:38:52+00:00","breadcrumb":{"@id":"https:\/\/www.notibras.com\/site\/mensagens-de-odio-de-grupos-extremistas-comecam-a-cair\/#breadcrumb"},"inLanguage":"pt-BR","potentialAction":[{"@type":"ReadAction","target":["https:\/\/www.notibras.com\/site\/mensagens-de-odio-de-grupos-extremistas-comecam-a-cair\/"]}]},{"@type":"ImageObject","inLanguage":"pt-BR","@id":"https:\/\/www.notibras.com\/site\/mensagens-de-odio-de-grupos-extremistas-comecam-a-cair\/#primaryimage","url":"https:\/\/www.notibras.com\/site\/wp-content\/uploads\/2023\/04\/rvrsa_abr_13031913032.jpg","contentUrl":"https:\/\/www.notibras.com\/site\/wp-content\/uploads\/2023\/04\/rvrsa_abr_13031913032.jpg","width":1170,"height":700,"caption":"Tiroteio na Escola Estadual Professor Raul Brasil, em Suzano, a 57 quil\u00f4metros de S\u00e3o Paulo, deixou mortos e feridos. Segundo a Pol\u00edcia Militar, dois jovens armados e encapuzados invadiram o col\u00e9gio e disparam contra os alunos."},{"@type":"BreadcrumbList","@id":"https:\/\/www.notibras.com\/site\/mensagens-de-odio-de-grupos-extremistas-comecam-a-cair\/#breadcrumb","itemListElement":[{"@type":"ListItem","position":1,"name":"In\u00edcio","item":"https:\/\/www.notibras.com\/site\/"},{"@type":"ListItem","position":2,"name":"Mensagens de \u00f3dio de grupos extremistas come\u00e7am a cair"}]},{"@type":"WebSite","@id":"https:\/\/www.notibras.com\/site\/#website","url":"https:\/\/www.notibras.com\/site\/","name":"Notibras","description":"Not\u00edcias de Bras\u00edlia, do Brasil e do Mundo","publisher":{"@id":"https:\/\/www.notibras.com\/site\/#organization"},"potentialAction":[{"@type":"SearchAction","target":{"@type":"EntryPoint","urlTemplate":"https:\/\/www.notibras.com\/site\/?s={search_term_string}"},"query-input":{"@type":"PropertyValueSpecification","valueRequired":true,"valueName":"search_term_string"}}],"inLanguage":"pt-BR"},{"@type":"Organization","@id":"https:\/\/www.notibras.com\/site\/#organization","name":"Grupo Notibras de Comunica\u00e7\u00e3o","url":"https:\/\/www.notibras.com\/site\/","logo":{"@type":"ImageObject","inLanguage":"pt-BR","@id":"https:\/\/www.notibras.com\/site\/#\/schema\/logo\/image\/","url":"https:\/\/www.notibras.com\/site\/wp-content\/uploads\/2023\/01\/notibras23.png","contentUrl":"https:\/\/www.notibras.com\/site\/wp-content\/uploads\/2023\/01\/notibras23.png","width":350,"height":87,"caption":"Grupo Notibras de Comunica\u00e7\u00e3o"},"image":{"@id":"https:\/\/www.notibras.com\/site\/#\/schema\/logo\/image\/"},"sameAs":["https:\/\/www.facebook.com\/notibras\/","https:\/\/x.com\/Notibras","https:\/\/www.instagram.com\/notibras\/"]},{"@type":"Person","@id":"https:\/\/www.notibras.com\/site\/#\/schema\/person\/36ab0979449956132d3e5b517ea76ac8","name":"Reda\u00e7\u00e3o","image":{"@type":"ImageObject","inLanguage":"pt-BR","@id":"https:\/\/secure.gravatar.com\/avatar\/e0a867bdedb85fd243eadf09663511f96fc81e0720a4a42581f334ad4303aa6b?s=96&d=mm&r=g","url":"https:\/\/secure.gravatar.com\/avatar\/e0a867bdedb85fd243eadf09663511f96fc81e0720a4a42581f334ad4303aa6b?s=96&d=mm&r=g","contentUrl":"https:\/\/secure.gravatar.com\/avatar\/e0a867bdedb85fd243eadf09663511f96fc81e0720a4a42581f334ad4303aa6b?s=96&d=mm&r=g","caption":"Reda\u00e7\u00e3o"}}]}},"amp_enabled":true,"_links":{"self":[{"href":"https:\/\/www.notibras.com\/site\/wp-json\/wp\/v2\/posts\/303134","targetHints":{"allow":["GET"]}}],"collection":[{"href":"https:\/\/www.notibras.com\/site\/wp-json\/wp\/v2\/posts"}],"about":[{"href":"https:\/\/www.notibras.com\/site\/wp-json\/wp\/v2\/types\/post"}],"author":[{"embeddable":true,"href":"https:\/\/www.notibras.com\/site\/wp-json\/wp\/v2\/users\/2"}],"replies":[{"embeddable":true,"href":"https:\/\/www.notibras.com\/site\/wp-json\/wp\/v2\/comments?post=303134"}],"version-history":[{"count":1,"href":"https:\/\/www.notibras.com\/site\/wp-json\/wp\/v2\/posts\/303134\/revisions"}],"predecessor-version":[{"id":303136,"href":"https:\/\/www.notibras.com\/site\/wp-json\/wp\/v2\/posts\/303134\/revisions\/303136"}],"wp:featuredmedia":[{"embeddable":true,"href":"https:\/\/www.notibras.com\/site\/wp-json\/wp\/v2\/media\/303135"}],"wp:attachment":[{"href":"https:\/\/www.notibras.com\/site\/wp-json\/wp\/v2\/media?parent=303134"}],"wp:term":[{"taxonomy":"category","embeddable":true,"href":"https:\/\/www.notibras.com\/site\/wp-json\/wp\/v2\/categories?post=303134"},{"taxonomy":"post_tag","embeddable":true,"href":"https:\/\/www.notibras.com\/site\/wp-json\/wp\/v2\/tags?post=303134"}],"curies":[{"name":"wp","href":"https:\/\/api.w.org\/{rel}","templated":true}]}}