{"id":303140,"date":"2023-04-16T15:48:30","date_gmt":"2023-04-16T18:48:30","guid":{"rendered":"https:\/\/www.notibras.com\/site\/?p=303140"},"modified":"2023-04-16T18:51:03","modified_gmt":"2023-04-16T21:51:03","slug":"cresce-a-vacinacao-bivalente-contra-a-covid-19","status":"publish","type":"post","link":"https:\/\/www.notibras.com\/site\/cresce-a-vacinacao-bivalente-contra-a-covid-19\/","title":{"rendered":"Cresce a vacina\u00e7\u00e3o bivalente contra a Covid-19"},"content":{"rendered":"<p>Mais de 9 milh\u00f5es de doses de vacinas bivalentes contra a covid-19 j\u00e1 foram aplicadas no Brasil, informou o Minist\u00e9rio da Sa\u00fade.<\/p>\n<p>Os imunizantes s\u00e3o usados como refor\u00e7o em pessoas com maior risco de desenvolver formas graves da doen\u00e7a, como idoso a partir de 60 anos, pessoas imunocomprometidas a partir de 12 anos, gestantes e pu\u00e9rperas.<\/p>\n<p>A imuniza\u00e7\u00e3o bivalente \u00e9 destinada \u00e0queles que j\u00e1 completaram o esquema b\u00e1sico de vacina\u00e7\u00e3o contra a covid-19 ou quem j\u00e1 recebeu uma ou duas doses de refor\u00e7o. O intervalo entre a dose mais recente deve ser de quatro meses.<\/p>\n<p>Quem ainda tem doses em atraso pode se vacinar contra a covid-19 nas unidades b\u00e1sicas de sa\u00fade.<\/p>\n","protected":false},"excerpt":{"rendered":"<p>Mais de 9 milh\u00f5es de doses de vacinas bivalentes contra a covid-19 j\u00e1 foram aplicadas no Brasil, informou o Minist\u00e9rio da Sa\u00fade. Os imunizantes s\u00e3o usados como refor\u00e7o em pessoas com maior risco de desenvolver formas graves da doen\u00e7a, como idoso a partir de 60 anos, pessoas imunocomprometidas a partir de 12 anos, gestantes e [&hellip;]<\/p>\n","protected":false},"author":2,"featured_media":303141,"comment_status":"closed","ping_status":"closed","sticky":false,"template":"","format":"standard","meta":{"_acf_changed":false,"footnotes":""},"categories":[161],"tags":[],"class_list":["post-303140","post","type-post","status-publish","format-standard","has-post-thumbnail","hentry","category-quadradinho-em-foco"],"acf":[],"yoast_head":"<!-- This site is optimized with the Yoast SEO plugin v27.2 - https:\/\/yoast.com\/product\/yoast-seo-wordpress\/ -->\n<title>Cresce a vacina\u00e7\u00e3o bivalente contra a Covid-19 - Notibras<\/title>\n<meta name=\"robots\" content=\"index, follow, max-snippet:-1, max-image-preview:large, max-video-preview:-1\" \/>\n<link rel=\"canonical\" href=\"https:\/\/www.notibras.com\/site\/cresce-a-vacinacao-bivalente-contra-a-covid-19\/\" \/>\n<meta property=\"og:locale\" content=\"pt_BR\" \/>\n<meta property=\"og:type\" content=\"article\" \/>\n<meta property=\"og:title\" content=\"Cresce a vacina\u00e7\u00e3o bivalente contra a Covid-19 - Notibras\" \/>\n<meta property=\"og:description\" content=\"Mais de 9 milh\u00f5es de doses de vacinas bivalentes contra a covid-19 j\u00e1 foram aplicadas no Brasil, informou o Minist\u00e9rio da Sa\u00fade. Os imunizantes s\u00e3o usados como refor\u00e7o em pessoas com maior risco de desenvolver formas graves da doen\u00e7a, como idoso a partir de 60 anos, pessoas imunocomprometidas a partir de 12 anos, gestantes e [&hellip;]\" \/>\n<meta property=\"og:url\" content=\"https:\/\/www.notibras.com\/site\/cresce-a-vacinacao-bivalente-contra-a-covid-19\/\" \/>\n<meta property=\"og:site_name\" content=\"Notibras\" \/>\n<meta property=\"article:publisher\" content=\"https:\/\/www.facebook.com\/notibras\/\" \/>\n<meta property=\"article:published_time\" content=\"2023-04-16T18:48:30+00:00\" \/>\n<meta property=\"article:modified_time\" content=\"2023-04-16T21:51:03+00:00\" \/>\n<meta property=\"og:image\" content=\"https:\/\/www.notibras.com\/site\/wp-content\/uploads\/2023\/04\/pzzb8270.jpg\" \/>\n\t<meta property=\"og:image:width\" content=\"1170\" \/>\n\t<meta property=\"og:image:height\" content=\"700\" \/>\n\t<meta property=\"og:image:type\" content=\"image\/jpeg\" \/>\n<meta name=\"author\" content=\"Reda\u00e7\u00e3o\" \/>\n<meta name=\"twitter:card\" content=\"summary_large_image\" \/>\n<meta name=\"twitter:creator\" content=\"@Notibras\" \/>\n<meta name=\"twitter:site\" content=\"@Notibras\" \/>\n<meta name=\"twitter:label1\" content=\"Escrito por\" \/>\n\t<meta name=\"twitter:data1\" content=\"Reda\u00e7\u00e3o\" \/>\n\t<meta name=\"twitter:label2\" content=\"Est. tempo de leitura\" \/>\n\t<meta name=\"twitter:data2\" content=\"1 minuto\" \/>\n<script type=\"application\/ld+json\" class=\"yoast-schema-graph\">{\"@context\":\"https:\/\/schema.org\",\"@graph\":[{\"@type\":\"Article\",\"@id\":\"https:\/\/www.notibras.com\/site\/cresce-a-vacinacao-bivalente-contra-a-covid-19\/#article\",\"isPartOf\":{\"@id\":\"https:\/\/www.notibras.com\/site\/cresce-a-vacinacao-bivalente-contra-a-covid-19\/\"},\"author\":{\"name\":\"Reda\u00e7\u00e3o\",\"@id\":\"https:\/\/www.notibras.com\/site\/#\/schema\/person\/36ab0979449956132d3e5b517ea76ac8\"},\"headline\":\"Cresce a vacina\u00e7\u00e3o bivalente contra a Covid-19\",\"datePublished\":\"2023-04-16T18:48:30+00:00\",\"dateModified\":\"2023-04-16T21:51:03+00:00\",\"mainEntityOfPage\":{\"@id\":\"https:\/\/www.notibras.com\/site\/cresce-a-vacinacao-bivalente-contra-a-covid-19\/\"},\"wordCount\":129,\"publisher\":{\"@id\":\"https:\/\/www.notibras.com\/site\/#organization\"},\"image\":{\"@id\":\"https:\/\/www.notibras.com\/site\/cresce-a-vacinacao-bivalente-contra-a-covid-19\/#primaryimage\"},\"thumbnailUrl\":\"https:\/\/www.notibras.com\/site\/wp-content\/uploads\/2023\/04\/pzzb8270.jpg\",\"articleSection\":[\"Quadradinho em Foco\"],\"inLanguage\":\"pt-BR\"},{\"@type\":\"WebPage\",\"@id\":\"https:\/\/www.notibras.com\/site\/cresce-a-vacinacao-bivalente-contra-a-covid-19\/\",\"url\":\"https:\/\/www.notibras.com\/site\/cresce-a-vacinacao-bivalente-contra-a-covid-19\/\",\"name\":\"Cresce a vacina\u00e7\u00e3o bivalente contra a Covid-19 - Notibras\",\"isPartOf\":{\"@id\":\"https:\/\/www.notibras.com\/site\/#website\"},\"primaryImageOfPage\":{\"@id\":\"https:\/\/www.notibras.com\/site\/cresce-a-vacinacao-bivalente-contra-a-covid-19\/#primaryimage\"},\"image\":{\"@id\":\"https:\/\/www.notibras.com\/site\/cresce-a-vacinacao-bivalente-contra-a-covid-19\/#primaryimage\"},\"thumbnailUrl\":\"https:\/\/www.notibras.com\/site\/wp-content\/uploads\/2023\/04\/pzzb8270.jpg\",\"datePublished\":\"2023-04-16T18:48:30+00:00\",\"dateModified\":\"2023-04-16T21:51:03+00:00\",\"breadcrumb\":{\"@id\":\"https:\/\/www.notibras.com\/site\/cresce-a-vacinacao-bivalente-contra-a-covid-19\/#breadcrumb\"},\"inLanguage\":\"pt-BR\",\"potentialAction\":[{\"@type\":\"ReadAction\",\"target\":[\"https:\/\/www.notibras.com\/site\/cresce-a-vacinacao-bivalente-contra-a-covid-19\/\"]}]},{\"@type\":\"ImageObject\",\"inLanguage\":\"pt-BR\",\"@id\":\"https:\/\/www.notibras.com\/site\/cresce-a-vacinacao-bivalente-contra-a-covid-19\/#primaryimage\",\"url\":\"https:\/\/www.notibras.com\/site\/wp-content\/uploads\/2023\/04\/pzzb8270.jpg\",\"contentUrl\":\"https:\/\/www.notibras.com\/site\/wp-content\/uploads\/2023\/04\/pzzb8270.jpg\",\"width\":1170,\"height\":700,\"caption\":\"Bras\u00edlia (DF) 28\/02\/2023 Brasil come\u00e7a a aplicar vacina bivalente contra a Covid\"},{\"@type\":\"BreadcrumbList\",\"@id\":\"https:\/\/www.notibras.com\/site\/cresce-a-vacinacao-bivalente-contra-a-covid-19\/#breadcrumb\",\"itemListElement\":[{\"@type\":\"ListItem\",\"position\":1,\"name\":\"In\u00edcio\",\"item\":\"https:\/\/www.notibras.com\/site\/\"},{\"@type\":\"ListItem\",\"position\":2,\"name\":\"Cresce a vacina\u00e7\u00e3o bivalente contra a Covid-19\"}]},{\"@type\":\"WebSite\",\"@id\":\"https:\/\/www.notibras.com\/site\/#website\",\"url\":\"https:\/\/www.notibras.com\/site\/\",\"name\":\"Notibras\",\"description\":\"Not\u00edcias de Bras\u00edlia, do Brasil e do Mundo\",\"publisher\":{\"@id\":\"https:\/\/www.notibras.com\/site\/#organization\"},\"potentialAction\":[{\"@type\":\"SearchAction\",\"target\":{\"@type\":\"EntryPoint\",\"urlTemplate\":\"https:\/\/www.notibras.com\/site\/?s={search_term_string}\"},\"query-input\":{\"@type\":\"PropertyValueSpecification\",\"valueRequired\":true,\"valueName\":\"search_term_string\"}}],\"inLanguage\":\"pt-BR\"},{\"@type\":\"Organization\",\"@id\":\"https:\/\/www.notibras.com\/site\/#organization\",\"name\":\"Grupo Notibras de Comunica\u00e7\u00e3o\",\"url\":\"https:\/\/www.notibras.com\/site\/\",\"logo\":{\"@type\":\"ImageObject\",\"inLanguage\":\"pt-BR\",\"@id\":\"https:\/\/www.notibras.com\/site\/#\/schema\/logo\/image\/\",\"url\":\"https:\/\/www.notibras.com\/site\/wp-content\/uploads\/2023\/01\/notibras23.png\",\"contentUrl\":\"https:\/\/www.notibras.com\/site\/wp-content\/uploads\/2023\/01\/notibras23.png\",\"width\":350,\"height\":87,\"caption\":\"Grupo Notibras de Comunica\u00e7\u00e3o\"},\"image\":{\"@id\":\"https:\/\/www.notibras.com\/site\/#\/schema\/logo\/image\/\"},\"sameAs\":[\"https:\/\/www.facebook.com\/notibras\/\",\"https:\/\/x.com\/Notibras\",\"https:\/\/www.instagram.com\/notibras\/\"]},{\"@type\":\"Person\",\"@id\":\"https:\/\/www.notibras.com\/site\/#\/schema\/person\/36ab0979449956132d3e5b517ea76ac8\",\"name\":\"Reda\u00e7\u00e3o\",\"image\":{\"@type\":\"ImageObject\",\"inLanguage\":\"pt-BR\",\"@id\":\"https:\/\/secure.gravatar.com\/avatar\/e0a867bdedb85fd243eadf09663511f96fc81e0720a4a42581f334ad4303aa6b?s=96&d=mm&r=g\",\"url\":\"https:\/\/secure.gravatar.com\/avatar\/e0a867bdedb85fd243eadf09663511f96fc81e0720a4a42581f334ad4303aa6b?s=96&d=mm&r=g\",\"contentUrl\":\"https:\/\/secure.gravatar.com\/avatar\/e0a867bdedb85fd243eadf09663511f96fc81e0720a4a42581f334ad4303aa6b?s=96&d=mm&r=g\",\"caption\":\"Reda\u00e7\u00e3o\"}}]}<\/script>\n<!-- \/ Yoast SEO plugin. -->","yoast_head_json":{"title":"Cresce a vacina\u00e7\u00e3o bivalente contra a Covid-19 - Notibras","robots":{"index":"index","follow":"follow","max-snippet":"max-snippet:-1","max-image-preview":"max-image-preview:large","max-video-preview":"max-video-preview:-1"},"canonical":"https:\/\/www.notibras.com\/site\/cresce-a-vacinacao-bivalente-contra-a-covid-19\/","og_locale":"pt_BR","og_type":"article","og_title":"Cresce a vacina\u00e7\u00e3o bivalente contra a Covid-19 - Notibras","og_description":"Mais de 9 milh\u00f5es de doses de vacinas bivalentes contra a covid-19 j\u00e1 foram aplicadas no Brasil, informou o Minist\u00e9rio da Sa\u00fade. Os imunizantes s\u00e3o usados como refor\u00e7o em pessoas com maior risco de desenvolver formas graves da doen\u00e7a, como idoso a partir de 60 anos, pessoas imunocomprometidas a partir de 12 anos, gestantes e [&hellip;]","og_url":"https:\/\/www.notibras.com\/site\/cresce-a-vacinacao-bivalente-contra-a-covid-19\/","og_site_name":"Notibras","article_publisher":"https:\/\/www.facebook.com\/notibras\/","article_published_time":"2023-04-16T18:48:30+00:00","article_modified_time":"2023-04-16T21:51:03+00:00","og_image":[{"width":1170,"height":700,"url":"https:\/\/www.notibras.com\/site\/wp-content\/uploads\/2023\/04\/pzzb8270.jpg","type":"image\/jpeg"}],"author":"Reda\u00e7\u00e3o","twitter_card":"summary_large_image","twitter_creator":"@Notibras","twitter_site":"@Notibras","twitter_misc":{"Escrito por":"Reda\u00e7\u00e3o","Est. tempo de leitura":"1 minuto"},"schema":{"@context":"https:\/\/schema.org","@graph":[{"@type":"Article","@id":"https:\/\/www.notibras.com\/site\/cresce-a-vacinacao-bivalente-contra-a-covid-19\/#article","isPartOf":{"@id":"https:\/\/www.notibras.com\/site\/cresce-a-vacinacao-bivalente-contra-a-covid-19\/"},"author":{"name":"Reda\u00e7\u00e3o","@id":"https:\/\/www.notibras.com\/site\/#\/schema\/person\/36ab0979449956132d3e5b517ea76ac8"},"headline":"Cresce a vacina\u00e7\u00e3o bivalente contra a Covid-19","datePublished":"2023-04-16T18:48:30+00:00","dateModified":"2023-04-16T21:51:03+00:00","mainEntityOfPage":{"@id":"https:\/\/www.notibras.com\/site\/cresce-a-vacinacao-bivalente-contra-a-covid-19\/"},"wordCount":129,"publisher":{"@id":"https:\/\/www.notibras.com\/site\/#organization"},"image":{"@id":"https:\/\/www.notibras.com\/site\/cresce-a-vacinacao-bivalente-contra-a-covid-19\/#primaryimage"},"thumbnailUrl":"https:\/\/www.notibras.com\/site\/wp-content\/uploads\/2023\/04\/pzzb8270.jpg","articleSection":["Quadradinho em Foco"],"inLanguage":"pt-BR"},{"@type":"WebPage","@id":"https:\/\/www.notibras.com\/site\/cresce-a-vacinacao-bivalente-contra-a-covid-19\/","url":"https:\/\/www.notibras.com\/site\/cresce-a-vacinacao-bivalente-contra-a-covid-19\/","name":"Cresce a vacina\u00e7\u00e3o bivalente contra a Covid-19 - Notibras","isPartOf":{"@id":"https:\/\/www.notibras.com\/site\/#website"},"primaryImageOfPage":{"@id":"https:\/\/www.notibras.com\/site\/cresce-a-vacinacao-bivalente-contra-a-covid-19\/#primaryimage"},"image":{"@id":"https:\/\/www.notibras.com\/site\/cresce-a-vacinacao-bivalente-contra-a-covid-19\/#primaryimage"},"thumbnailUrl":"https:\/\/www.notibras.com\/site\/wp-content\/uploads\/2023\/04\/pzzb8270.jpg","datePublished":"2023-04-16T18:48:30+00:00","dateModified":"2023-04-16T21:51:03+00:00","breadcrumb":{"@id":"https:\/\/www.notibras.com\/site\/cresce-a-vacinacao-bivalente-contra-a-covid-19\/#breadcrumb"},"inLanguage":"pt-BR","potentialAction":[{"@type":"ReadAction","target":["https:\/\/www.notibras.com\/site\/cresce-a-vacinacao-bivalente-contra-a-covid-19\/"]}]},{"@type":"ImageObject","inLanguage":"pt-BR","@id":"https:\/\/www.notibras.com\/site\/cresce-a-vacinacao-bivalente-contra-a-covid-19\/#primaryimage","url":"https:\/\/www.notibras.com\/site\/wp-content\/uploads\/2023\/04\/pzzb8270.jpg","contentUrl":"https:\/\/www.notibras.com\/site\/wp-content\/uploads\/2023\/04\/pzzb8270.jpg","width":1170,"height":700,"caption":"Bras\u00edlia (DF) 28\/02\/2023 Brasil come\u00e7a a aplicar vacina bivalente contra a Covid"},{"@type":"BreadcrumbList","@id":"https:\/\/www.notibras.com\/site\/cresce-a-vacinacao-bivalente-contra-a-covid-19\/#breadcrumb","itemListElement":[{"@type":"ListItem","position":1,"name":"In\u00edcio","item":"https:\/\/www.notibras.com\/site\/"},{"@type":"ListItem","position":2,"name":"Cresce a vacina\u00e7\u00e3o bivalente contra a Covid-19"}]},{"@type":"WebSite","@id":"https:\/\/www.notibras.com\/site\/#website","url":"https:\/\/www.notibras.com\/site\/","name":"Notibras","description":"Not\u00edcias de Bras\u00edlia, do Brasil e do Mundo","publisher":{"@id":"https:\/\/www.notibras.com\/site\/#organization"},"potentialAction":[{"@type":"SearchAction","target":{"@type":"EntryPoint","urlTemplate":"https:\/\/www.notibras.com\/site\/?s={search_term_string}"},"query-input":{"@type":"PropertyValueSpecification","valueRequired":true,"valueName":"search_term_string"}}],"inLanguage":"pt-BR"},{"@type":"Organization","@id":"https:\/\/www.notibras.com\/site\/#organization","name":"Grupo Notibras de Comunica\u00e7\u00e3o","url":"https:\/\/www.notibras.com\/site\/","logo":{"@type":"ImageObject","inLanguage":"pt-BR","@id":"https:\/\/www.notibras.com\/site\/#\/schema\/logo\/image\/","url":"https:\/\/www.notibras.com\/site\/wp-content\/uploads\/2023\/01\/notibras23.png","contentUrl":"https:\/\/www.notibras.com\/site\/wp-content\/uploads\/2023\/01\/notibras23.png","width":350,"height":87,"caption":"Grupo Notibras de Comunica\u00e7\u00e3o"},"image":{"@id":"https:\/\/www.notibras.com\/site\/#\/schema\/logo\/image\/"},"sameAs":["https:\/\/www.facebook.com\/notibras\/","https:\/\/x.com\/Notibras","https:\/\/www.instagram.com\/notibras\/"]},{"@type":"Person","@id":"https:\/\/www.notibras.com\/site\/#\/schema\/person\/36ab0979449956132d3e5b517ea76ac8","name":"Reda\u00e7\u00e3o","image":{"@type":"ImageObject","inLanguage":"pt-BR","@id":"https:\/\/secure.gravatar.com\/avatar\/e0a867bdedb85fd243eadf09663511f96fc81e0720a4a42581f334ad4303aa6b?s=96&d=mm&r=g","url":"https:\/\/secure.gravatar.com\/avatar\/e0a867bdedb85fd243eadf09663511f96fc81e0720a4a42581f334ad4303aa6b?s=96&d=mm&r=g","contentUrl":"https:\/\/secure.gravatar.com\/avatar\/e0a867bdedb85fd243eadf09663511f96fc81e0720a4a42581f334ad4303aa6b?s=96&d=mm&r=g","caption":"Reda\u00e7\u00e3o"}}]}},"amp_enabled":true,"_links":{"self":[{"href":"https:\/\/www.notibras.com\/site\/wp-json\/wp\/v2\/posts\/303140","targetHints":{"allow":["GET"]}}],"collection":[{"href":"https:\/\/www.notibras.com\/site\/wp-json\/wp\/v2\/posts"}],"about":[{"href":"https:\/\/www.notibras.com\/site\/wp-json\/wp\/v2\/types\/post"}],"author":[{"embeddable":true,"href":"https:\/\/www.notibras.com\/site\/wp-json\/wp\/v2\/users\/2"}],"replies":[{"embeddable":true,"href":"https:\/\/www.notibras.com\/site\/wp-json\/wp\/v2\/comments?post=303140"}],"version-history":[{"count":1,"href":"https:\/\/www.notibras.com\/site\/wp-json\/wp\/v2\/posts\/303140\/revisions"}],"predecessor-version":[{"id":303142,"href":"https:\/\/www.notibras.com\/site\/wp-json\/wp\/v2\/posts\/303140\/revisions\/303142"}],"wp:featuredmedia":[{"embeddable":true,"href":"https:\/\/www.notibras.com\/site\/wp-json\/wp\/v2\/media\/303141"}],"wp:attachment":[{"href":"https:\/\/www.notibras.com\/site\/wp-json\/wp\/v2\/media?parent=303140"}],"wp:term":[{"taxonomy":"category","embeddable":true,"href":"https:\/\/www.notibras.com\/site\/wp-json\/wp\/v2\/categories?post=303140"},{"taxonomy":"post_tag","embeddable":true,"href":"https:\/\/www.notibras.com\/site\/wp-json\/wp\/v2\/tags?post=303140"}],"curies":[{"name":"wp","href":"https:\/\/api.w.org\/{rel}","templated":true}]}}