{"id":30325,"date":"2014-12-04T23:42:38","date_gmt":"2014-12-05T02:42:38","guid":{"rendered":"http:\/\/www.notibras.com\/site\/?p=30325"},"modified":"2014-12-04T23:42:38","modified_gmt":"2014-12-05T02:42:38","slug":"novo-codigo-de-processo-civil-a-boa-noticia-para-os-advogados","status":"publish","type":"post","link":"https:\/\/www.notibras.com\/site\/novo-codigo-de-processo-civil-a-boa-noticia-para-os-advogados\/","title":{"rendered":"Novo C\u00f3digo de Processo Civil, a boa not\u00edcia para os advogados"},"content":{"rendered":"<p>A comunidade jur\u00eddica tem acompanhado, com especial interesse, a tramita\u00e7\u00e3o do projeto que se converter\u00e1 no Novo C\u00f3digo de Processo Civil, em substitui\u00e7\u00e3o ao atual, do ano de 1973. Iniciado no Senado Federal com o PL 166\/2010, converteu-se na C\u00e2mara dos Deputados no PL 8046\/2010, recentemente devolvido ao Senado para aprova\u00e7\u00e3o final, ap\u00f3s diversas altera\u00e7\u00f5es. Trata-se de nova legisla\u00e7\u00e3o altamente impactante, pois que atingir\u00e1 todos os milh\u00f5es de processos em tr\u00e2mite no Judici\u00e1rio brasileiro. Na hist\u00f3ria recente, talvez somente a Constitui\u00e7\u00e3o de 1988 e o C\u00f3digo Civil de 2002 se comparem, em relev\u00e2ncia, \u00e0 legisla\u00e7\u00e3o processual vindoura.<\/p>\n<p>\u00c9 certo que o Novo CPC n\u00e3o haver\u00e1 de resolver todas as mazelas do Judici\u00e1rio brasileiro, notadamente a morosidade, pois que esse grave problema \u00e9 muito mais uma quest\u00e3o de estrutura e gest\u00e3o do que de mudan\u00e7a legislativa. Mas \u00e9 tamb\u00e9m correto afirmar que o novo diploma avan\u00e7a em pontos importantes, notadamente na (re)valoriza\u00e7\u00e3o da carreira advocat\u00edcia, que tem nos \u00faltimos anos apresentado not\u00e1vel decr\u00e9scimo no prest\u00edgio que outrora desfrutou.<\/p>\n<blockquote><p>Essa (re)valoriza\u00e7\u00e3o da advocacia no Novo CPC pode ser notada, principalmente, nos artigos dedicados aos honor\u00e1rios advocat\u00edcios. Os avan\u00e7os s\u00e3o muitos: (i) o artigo 85 prev\u00ea que a senten\u00e7a condenar\u00e1 o vencido a pagar honor\u00e1rios ao advogado do vencedor, sepultando de vez entendimentos de alguns ju\u00edzes de que a verba sucumbencial pertenceria \u00e0 parte; (ii) o \u00a72\u00b0 desse mesmo dispositivo elimina o subjetivismo na fixa\u00e7\u00e3o dos honor\u00e1rios, pois prev\u00ea crit\u00e9rio objetivo de m\u00ednimo (10%) e m\u00e1ximo (20%), sempre calculado sobre o valor da condena\u00e7\u00e3o, do benef\u00edcio econ\u00f4mico ou do valor da causa atualizado; (iii) em sequ\u00eancia, o \u00a73\u00a0 elimina honor\u00e1rios aviltantes \u2013 como os que hoje s\u00e3o arbitrados &#8211; nas causas em que vencida a Fazenda P\u00fablica, pois igualmente fixa percentuais objetivos em raz\u00e3o do valor da causa ou do proveito econ\u00f4mico (por exemplo, entre 1% e 3% caso o proveito econ\u00f4mico supere cem mil sal\u00e1rios m\u00ednimos); (iv) o \u00a714, a seu turno, disp\u00f5e que os honor\u00e1rios t\u00eam natureza alimentar, com os mesmos privil\u00e9gios dos cr\u00e9ditos trabalhistas, vedada \u2013 o que \u00e9 important\u00edssimo! &#8211; a compensa\u00e7\u00e3o em caso de sucumb\u00eancia rec\u00edproca.<\/p><\/blockquote>\n<p>Ainda sobre honor\u00e1rios, a maior novidade certamente \u00e9 a regra inserida no \u00a711 do artigo 85: a chamada sucumb\u00eancia recursal. O tribunal, ao julgar o recurso, majorar\u00e1 os honor\u00e1rios fixados na senten\u00e7a, em fun\u00e7\u00e3o do trabalho adicional do caus\u00eddico. Assim, se a senten\u00e7a fixou em 10% sobre o valor da condena\u00e7\u00e3o os honor\u00e1rios sucumbenciais, sendo improvida a apela\u00e7\u00e3o, o tribunal poder\u00e1 elevar a at\u00e9 20% a verba honor\u00e1ria. Com isso, n\u00e3o s\u00f3 se reconhece o trabalho adicional do advogado na seara recursal, como tamb\u00e9m se evita o recurso meramente protelat\u00f3rio, pois o recorrente saber\u00e1 que seu \u00f4nus sucumbencial ser\u00e1 consideravelmente incrementado em caso de nova derrota no recurso interposto.<\/p>\n<p>O Novo CPC n\u00e3o se esqueceu dos advogados p\u00fablicos e em reconhecimento a seu relevante trabalho na defesa judicial do Estado, prev\u00ea, no \u00a719 do artigo 85, que esses profissionais passar\u00e3o a perceber honor\u00e1rios sucumbenciais.<\/p>\n<p>Essas e outras conquistas da advocacia no vindouro diploma devem-se, em grande monta, ao competente trabalho do Conselho Federal da OAB na conscientiza\u00e7\u00e3o dos congressistas quanto \u00e0 import\u00e2ncia do advogado na administra\u00e7\u00e3o da justi\u00e7a, sendo mais que justo reconhecer a combativa atua\u00e7\u00e3o do Presidente do CFOAB, Dr. Marcus Vinicius Furtado Coelho, assim como da Presidente da Comiss\u00e3o Especial de Estudos do Novo CPC, Dra. Estef\u00e2nia Viveiros. A advocacia e a sociedade agradecem. Afinal, advogado respeitado, cidad\u00e3o valorizado!<\/p>\n<p><strong>L\u00facio Fl\u00e1vio Siqueira de Paiva<\/strong><\/p>\n","protected":false},"excerpt":{"rendered":"<p>A comunidade jur\u00eddica tem acompanhado, com especial interesse, a tramita\u00e7\u00e3o do projeto que se converter\u00e1 no Novo C\u00f3digo de Processo Civil, em substitui\u00e7\u00e3o ao atual, do ano de 1973. Iniciado no Senado Federal com o PL 166\/2010, converteu-se na C\u00e2mara dos Deputados no PL 8046\/2010, recentemente devolvido ao Senado para aprova\u00e7\u00e3o final, ap\u00f3s diversas altera\u00e7\u00f5es. [&hellip;]<\/p>\n","protected":false},"author":2,"featured_media":30326,"comment_status":"open","ping_status":"closed","sticky":false,"template":"","format":"standard","meta":{"_acf_changed":false,"footnotes":""},"categories":[25],"tags":[],"class_list":["post-30325","post","type-post","status-publish","format-standard","has-post-thumbnail","hentry","category-opina-ai"],"acf":[],"yoast_head":"<!-- This site is optimized with the Yoast SEO plugin v27.2 - https:\/\/yoast.com\/product\/yoast-seo-wordpress\/ -->\n<title>Novo C\u00f3digo de Processo Civil, a boa not\u00edcia para os advogados - Notibras<\/title>\n<meta name=\"robots\" content=\"index, follow, max-snippet:-1, max-image-preview:large, max-video-preview:-1\" \/>\n<link rel=\"canonical\" href=\"https:\/\/www.notibras.com\/site\/novo-codigo-de-processo-civil-a-boa-noticia-para-os-advogados\/\" \/>\n<meta property=\"og:locale\" content=\"pt_BR\" \/>\n<meta property=\"og:type\" content=\"article\" \/>\n<meta property=\"og:title\" content=\"Novo C\u00f3digo de Processo Civil, a boa not\u00edcia para os advogados - Notibras\" \/>\n<meta property=\"og:description\" content=\"A comunidade jur\u00eddica tem acompanhado, com especial interesse, a tramita\u00e7\u00e3o do projeto que se converter\u00e1 no Novo C\u00f3digo de Processo Civil, em substitui\u00e7\u00e3o ao atual, do ano de 1973. Iniciado no Senado Federal com o PL 166\/2010, converteu-se na C\u00e2mara dos Deputados no PL 8046\/2010, recentemente devolvido ao Senado para aprova\u00e7\u00e3o final, ap\u00f3s diversas altera\u00e7\u00f5es. [&hellip;]\" \/>\n<meta property=\"og:url\" content=\"https:\/\/www.notibras.com\/site\/novo-codigo-de-processo-civil-a-boa-noticia-para-os-advogados\/\" \/>\n<meta property=\"og:site_name\" content=\"Notibras\" \/>\n<meta property=\"article:publisher\" content=\"https:\/\/www.facebook.com\/notibras\/\" \/>\n<meta property=\"article:published_time\" content=\"2014-12-05T02:42:38+00:00\" \/>\n<meta property=\"og:image\" content=\"https:\/\/www.notibras.com\/site\/wp-content\/uploads\/2014\/12\/justi\u00e7a.jpg\" \/>\n\t<meta property=\"og:image:width\" content=\"600\" \/>\n\t<meta property=\"og:image:height\" content=\"380\" \/>\n\t<meta property=\"og:image:type\" content=\"image\/jpeg\" \/>\n<meta name=\"author\" content=\"Reda\u00e7\u00e3o\" \/>\n<meta name=\"twitter:card\" content=\"summary_large_image\" \/>\n<meta name=\"twitter:creator\" content=\"@Notibras\" \/>\n<meta name=\"twitter:site\" content=\"@Notibras\" \/>\n<meta name=\"twitter:label1\" content=\"Escrito por\" \/>\n\t<meta name=\"twitter:data1\" content=\"Reda\u00e7\u00e3o\" \/>\n\t<meta name=\"twitter:label2\" content=\"Est. tempo de leitura\" \/>\n\t<meta name=\"twitter:data2\" content=\"3 minutos\" \/>\n<script type=\"application\/ld+json\" class=\"yoast-schema-graph\">{\"@context\":\"https:\/\/schema.org\",\"@graph\":[{\"@type\":\"Article\",\"@id\":\"https:\/\/www.notibras.com\/site\/novo-codigo-de-processo-civil-a-boa-noticia-para-os-advogados\/#article\",\"isPartOf\":{\"@id\":\"https:\/\/www.notibras.com\/site\/novo-codigo-de-processo-civil-a-boa-noticia-para-os-advogados\/\"},\"author\":{\"name\":\"Reda\u00e7\u00e3o\",\"@id\":\"https:\/\/www.notibras.com\/site\/#\/schema\/person\/36ab0979449956132d3e5b517ea76ac8\"},\"headline\":\"Novo C\u00f3digo de Processo Civil, a boa not\u00edcia para os advogados\",\"datePublished\":\"2014-12-05T02:42:38+00:00\",\"mainEntityOfPage\":{\"@id\":\"https:\/\/www.notibras.com\/site\/novo-codigo-de-processo-civil-a-boa-noticia-para-os-advogados\/\"},\"wordCount\":651,\"commentCount\":0,\"publisher\":{\"@id\":\"https:\/\/www.notibras.com\/site\/#organization\"},\"image\":{\"@id\":\"https:\/\/www.notibras.com\/site\/novo-codigo-de-processo-civil-a-boa-noticia-para-os-advogados\/#primaryimage\"},\"thumbnailUrl\":\"https:\/\/www.notibras.com\/site\/wp-content\/uploads\/2014\/12\/justi\u00e7a.jpg\",\"articleSection\":[\"Opina a\u00ed\"],\"inLanguage\":\"pt-BR\",\"potentialAction\":[{\"@type\":\"CommentAction\",\"name\":\"Comment\",\"target\":[\"https:\/\/www.notibras.com\/site\/novo-codigo-de-processo-civil-a-boa-noticia-para-os-advogados\/#respond\"]}]},{\"@type\":\"WebPage\",\"@id\":\"https:\/\/www.notibras.com\/site\/novo-codigo-de-processo-civil-a-boa-noticia-para-os-advogados\/\",\"url\":\"https:\/\/www.notibras.com\/site\/novo-codigo-de-processo-civil-a-boa-noticia-para-os-advogados\/\",\"name\":\"Novo C\u00f3digo de Processo Civil, a boa not\u00edcia para os advogados - Notibras\",\"isPartOf\":{\"@id\":\"https:\/\/www.notibras.com\/site\/#website\"},\"primaryImageOfPage\":{\"@id\":\"https:\/\/www.notibras.com\/site\/novo-codigo-de-processo-civil-a-boa-noticia-para-os-advogados\/#primaryimage\"},\"image\":{\"@id\":\"https:\/\/www.notibras.com\/site\/novo-codigo-de-processo-civil-a-boa-noticia-para-os-advogados\/#primaryimage\"},\"thumbnailUrl\":\"https:\/\/www.notibras.com\/site\/wp-content\/uploads\/2014\/12\/justi\u00e7a.jpg\",\"datePublished\":\"2014-12-05T02:42:38+00:00\",\"breadcrumb\":{\"@id\":\"https:\/\/www.notibras.com\/site\/novo-codigo-de-processo-civil-a-boa-noticia-para-os-advogados\/#breadcrumb\"},\"inLanguage\":\"pt-BR\",\"potentialAction\":[{\"@type\":\"ReadAction\",\"target\":[\"https:\/\/www.notibras.com\/site\/novo-codigo-de-processo-civil-a-boa-noticia-para-os-advogados\/\"]}]},{\"@type\":\"ImageObject\",\"inLanguage\":\"pt-BR\",\"@id\":\"https:\/\/www.notibras.com\/site\/novo-codigo-de-processo-civil-a-boa-noticia-para-os-advogados\/#primaryimage\",\"url\":\"https:\/\/www.notibras.com\/site\/wp-content\/uploads\/2014\/12\/justi\u00e7a.jpg\",\"contentUrl\":\"https:\/\/www.notibras.com\/site\/wp-content\/uploads\/2014\/12\/justi\u00e7a.jpg\",\"width\":600,\"height\":380},{\"@type\":\"BreadcrumbList\",\"@id\":\"https:\/\/www.notibras.com\/site\/novo-codigo-de-processo-civil-a-boa-noticia-para-os-advogados\/#breadcrumb\",\"itemListElement\":[{\"@type\":\"ListItem\",\"position\":1,\"name\":\"In\u00edcio\",\"item\":\"https:\/\/www.notibras.com\/site\/\"},{\"@type\":\"ListItem\",\"position\":2,\"name\":\"Novo C\u00f3digo de Processo Civil, a boa not\u00edcia para os advogados\"}]},{\"@type\":\"WebSite\",\"@id\":\"https:\/\/www.notibras.com\/site\/#website\",\"url\":\"https:\/\/www.notibras.com\/site\/\",\"name\":\"Notibras\",\"description\":\"Not\u00edcias de Bras\u00edlia, do Brasil e do Mundo\",\"publisher\":{\"@id\":\"https:\/\/www.notibras.com\/site\/#organization\"},\"potentialAction\":[{\"@type\":\"SearchAction\",\"target\":{\"@type\":\"EntryPoint\",\"urlTemplate\":\"https:\/\/www.notibras.com\/site\/?s={search_term_string}\"},\"query-input\":{\"@type\":\"PropertyValueSpecification\",\"valueRequired\":true,\"valueName\":\"search_term_string\"}}],\"inLanguage\":\"pt-BR\"},{\"@type\":\"Organization\",\"@id\":\"https:\/\/www.notibras.com\/site\/#organization\",\"name\":\"Grupo Notibras de Comunica\u00e7\u00e3o\",\"url\":\"https:\/\/www.notibras.com\/site\/\",\"logo\":{\"@type\":\"ImageObject\",\"inLanguage\":\"pt-BR\",\"@id\":\"https:\/\/www.notibras.com\/site\/#\/schema\/logo\/image\/\",\"url\":\"https:\/\/www.notibras.com\/site\/wp-content\/uploads\/2023\/01\/notibras23.png\",\"contentUrl\":\"https:\/\/www.notibras.com\/site\/wp-content\/uploads\/2023\/01\/notibras23.png\",\"width\":350,\"height\":87,\"caption\":\"Grupo Notibras de Comunica\u00e7\u00e3o\"},\"image\":{\"@id\":\"https:\/\/www.notibras.com\/site\/#\/schema\/logo\/image\/\"},\"sameAs\":[\"https:\/\/www.facebook.com\/notibras\/\",\"https:\/\/x.com\/Notibras\",\"https:\/\/www.instagram.com\/notibras\/\"]},{\"@type\":\"Person\",\"@id\":\"https:\/\/www.notibras.com\/site\/#\/schema\/person\/36ab0979449956132d3e5b517ea76ac8\",\"name\":\"Reda\u00e7\u00e3o\",\"image\":{\"@type\":\"ImageObject\",\"inLanguage\":\"pt-BR\",\"@id\":\"https:\/\/secure.gravatar.com\/avatar\/e0a867bdedb85fd243eadf09663511f96fc81e0720a4a42581f334ad4303aa6b?s=96&d=mm&r=g\",\"url\":\"https:\/\/secure.gravatar.com\/avatar\/e0a867bdedb85fd243eadf09663511f96fc81e0720a4a42581f334ad4303aa6b?s=96&d=mm&r=g\",\"contentUrl\":\"https:\/\/secure.gravatar.com\/avatar\/e0a867bdedb85fd243eadf09663511f96fc81e0720a4a42581f334ad4303aa6b?s=96&d=mm&r=g\",\"caption\":\"Reda\u00e7\u00e3o\"}}]}<\/script>\n<!-- \/ Yoast SEO plugin. -->","yoast_head_json":{"title":"Novo C\u00f3digo de Processo Civil, a boa not\u00edcia para os advogados - Notibras","robots":{"index":"index","follow":"follow","max-snippet":"max-snippet:-1","max-image-preview":"max-image-preview:large","max-video-preview":"max-video-preview:-1"},"canonical":"https:\/\/www.notibras.com\/site\/novo-codigo-de-processo-civil-a-boa-noticia-para-os-advogados\/","og_locale":"pt_BR","og_type":"article","og_title":"Novo C\u00f3digo de Processo Civil, a boa not\u00edcia para os advogados - Notibras","og_description":"A comunidade jur\u00eddica tem acompanhado, com especial interesse, a tramita\u00e7\u00e3o do projeto que se converter\u00e1 no Novo C\u00f3digo de Processo Civil, em substitui\u00e7\u00e3o ao atual, do ano de 1973. Iniciado no Senado Federal com o PL 166\/2010, converteu-se na C\u00e2mara dos Deputados no PL 8046\/2010, recentemente devolvido ao Senado para aprova\u00e7\u00e3o final, ap\u00f3s diversas altera\u00e7\u00f5es. [&hellip;]","og_url":"https:\/\/www.notibras.com\/site\/novo-codigo-de-processo-civil-a-boa-noticia-para-os-advogados\/","og_site_name":"Notibras","article_publisher":"https:\/\/www.facebook.com\/notibras\/","article_published_time":"2014-12-05T02:42:38+00:00","og_image":[{"width":600,"height":380,"url":"https:\/\/www.notibras.com\/site\/wp-content\/uploads\/2014\/12\/justi\u00e7a.jpg","type":"image\/jpeg"}],"author":"Reda\u00e7\u00e3o","twitter_card":"summary_large_image","twitter_creator":"@Notibras","twitter_site":"@Notibras","twitter_misc":{"Escrito por":"Reda\u00e7\u00e3o","Est. tempo de leitura":"3 minutos"},"schema":{"@context":"https:\/\/schema.org","@graph":[{"@type":"Article","@id":"https:\/\/www.notibras.com\/site\/novo-codigo-de-processo-civil-a-boa-noticia-para-os-advogados\/#article","isPartOf":{"@id":"https:\/\/www.notibras.com\/site\/novo-codigo-de-processo-civil-a-boa-noticia-para-os-advogados\/"},"author":{"name":"Reda\u00e7\u00e3o","@id":"https:\/\/www.notibras.com\/site\/#\/schema\/person\/36ab0979449956132d3e5b517ea76ac8"},"headline":"Novo C\u00f3digo de Processo Civil, a boa not\u00edcia para os advogados","datePublished":"2014-12-05T02:42:38+00:00","mainEntityOfPage":{"@id":"https:\/\/www.notibras.com\/site\/novo-codigo-de-processo-civil-a-boa-noticia-para-os-advogados\/"},"wordCount":651,"commentCount":0,"publisher":{"@id":"https:\/\/www.notibras.com\/site\/#organization"},"image":{"@id":"https:\/\/www.notibras.com\/site\/novo-codigo-de-processo-civil-a-boa-noticia-para-os-advogados\/#primaryimage"},"thumbnailUrl":"https:\/\/www.notibras.com\/site\/wp-content\/uploads\/2014\/12\/justi\u00e7a.jpg","articleSection":["Opina a\u00ed"],"inLanguage":"pt-BR","potentialAction":[{"@type":"CommentAction","name":"Comment","target":["https:\/\/www.notibras.com\/site\/novo-codigo-de-processo-civil-a-boa-noticia-para-os-advogados\/#respond"]}]},{"@type":"WebPage","@id":"https:\/\/www.notibras.com\/site\/novo-codigo-de-processo-civil-a-boa-noticia-para-os-advogados\/","url":"https:\/\/www.notibras.com\/site\/novo-codigo-de-processo-civil-a-boa-noticia-para-os-advogados\/","name":"Novo C\u00f3digo de Processo Civil, a boa not\u00edcia para os advogados - Notibras","isPartOf":{"@id":"https:\/\/www.notibras.com\/site\/#website"},"primaryImageOfPage":{"@id":"https:\/\/www.notibras.com\/site\/novo-codigo-de-processo-civil-a-boa-noticia-para-os-advogados\/#primaryimage"},"image":{"@id":"https:\/\/www.notibras.com\/site\/novo-codigo-de-processo-civil-a-boa-noticia-para-os-advogados\/#primaryimage"},"thumbnailUrl":"https:\/\/www.notibras.com\/site\/wp-content\/uploads\/2014\/12\/justi\u00e7a.jpg","datePublished":"2014-12-05T02:42:38+00:00","breadcrumb":{"@id":"https:\/\/www.notibras.com\/site\/novo-codigo-de-processo-civil-a-boa-noticia-para-os-advogados\/#breadcrumb"},"inLanguage":"pt-BR","potentialAction":[{"@type":"ReadAction","target":["https:\/\/www.notibras.com\/site\/novo-codigo-de-processo-civil-a-boa-noticia-para-os-advogados\/"]}]},{"@type":"ImageObject","inLanguage":"pt-BR","@id":"https:\/\/www.notibras.com\/site\/novo-codigo-de-processo-civil-a-boa-noticia-para-os-advogados\/#primaryimage","url":"https:\/\/www.notibras.com\/site\/wp-content\/uploads\/2014\/12\/justi\u00e7a.jpg","contentUrl":"https:\/\/www.notibras.com\/site\/wp-content\/uploads\/2014\/12\/justi\u00e7a.jpg","width":600,"height":380},{"@type":"BreadcrumbList","@id":"https:\/\/www.notibras.com\/site\/novo-codigo-de-processo-civil-a-boa-noticia-para-os-advogados\/#breadcrumb","itemListElement":[{"@type":"ListItem","position":1,"name":"In\u00edcio","item":"https:\/\/www.notibras.com\/site\/"},{"@type":"ListItem","position":2,"name":"Novo C\u00f3digo de Processo Civil, a boa not\u00edcia para os advogados"}]},{"@type":"WebSite","@id":"https:\/\/www.notibras.com\/site\/#website","url":"https:\/\/www.notibras.com\/site\/","name":"Notibras","description":"Not\u00edcias de Bras\u00edlia, do Brasil e do Mundo","publisher":{"@id":"https:\/\/www.notibras.com\/site\/#organization"},"potentialAction":[{"@type":"SearchAction","target":{"@type":"EntryPoint","urlTemplate":"https:\/\/www.notibras.com\/site\/?s={search_term_string}"},"query-input":{"@type":"PropertyValueSpecification","valueRequired":true,"valueName":"search_term_string"}}],"inLanguage":"pt-BR"},{"@type":"Organization","@id":"https:\/\/www.notibras.com\/site\/#organization","name":"Grupo Notibras de Comunica\u00e7\u00e3o","url":"https:\/\/www.notibras.com\/site\/","logo":{"@type":"ImageObject","inLanguage":"pt-BR","@id":"https:\/\/www.notibras.com\/site\/#\/schema\/logo\/image\/","url":"https:\/\/www.notibras.com\/site\/wp-content\/uploads\/2023\/01\/notibras23.png","contentUrl":"https:\/\/www.notibras.com\/site\/wp-content\/uploads\/2023\/01\/notibras23.png","width":350,"height":87,"caption":"Grupo Notibras de Comunica\u00e7\u00e3o"},"image":{"@id":"https:\/\/www.notibras.com\/site\/#\/schema\/logo\/image\/"},"sameAs":["https:\/\/www.facebook.com\/notibras\/","https:\/\/x.com\/Notibras","https:\/\/www.instagram.com\/notibras\/"]},{"@type":"Person","@id":"https:\/\/www.notibras.com\/site\/#\/schema\/person\/36ab0979449956132d3e5b517ea76ac8","name":"Reda\u00e7\u00e3o","image":{"@type":"ImageObject","inLanguage":"pt-BR","@id":"https:\/\/secure.gravatar.com\/avatar\/e0a867bdedb85fd243eadf09663511f96fc81e0720a4a42581f334ad4303aa6b?s=96&d=mm&r=g","url":"https:\/\/secure.gravatar.com\/avatar\/e0a867bdedb85fd243eadf09663511f96fc81e0720a4a42581f334ad4303aa6b?s=96&d=mm&r=g","contentUrl":"https:\/\/secure.gravatar.com\/avatar\/e0a867bdedb85fd243eadf09663511f96fc81e0720a4a42581f334ad4303aa6b?s=96&d=mm&r=g","caption":"Reda\u00e7\u00e3o"}}]}},"amp_enabled":true,"_links":{"self":[{"href":"https:\/\/www.notibras.com\/site\/wp-json\/wp\/v2\/posts\/30325","targetHints":{"allow":["GET"]}}],"collection":[{"href":"https:\/\/www.notibras.com\/site\/wp-json\/wp\/v2\/posts"}],"about":[{"href":"https:\/\/www.notibras.com\/site\/wp-json\/wp\/v2\/types\/post"}],"author":[{"embeddable":true,"href":"https:\/\/www.notibras.com\/site\/wp-json\/wp\/v2\/users\/2"}],"replies":[{"embeddable":true,"href":"https:\/\/www.notibras.com\/site\/wp-json\/wp\/v2\/comments?post=30325"}],"version-history":[{"count":0,"href":"https:\/\/www.notibras.com\/site\/wp-json\/wp\/v2\/posts\/30325\/revisions"}],"wp:featuredmedia":[{"embeddable":true,"href":"https:\/\/www.notibras.com\/site\/wp-json\/wp\/v2\/media\/30326"}],"wp:attachment":[{"href":"https:\/\/www.notibras.com\/site\/wp-json\/wp\/v2\/media?parent=30325"}],"wp:term":[{"taxonomy":"category","embeddable":true,"href":"https:\/\/www.notibras.com\/site\/wp-json\/wp\/v2\/categories?post=30325"},{"taxonomy":"post_tag","embeddable":true,"href":"https:\/\/www.notibras.com\/site\/wp-json\/wp\/v2\/tags?post=30325"}],"curies":[{"name":"wp","href":"https:\/\/api.w.org\/{rel}","templated":true}]}}