{"id":303267,"date":"2023-04-18T00:00:16","date_gmt":"2023-04-18T03:00:16","guid":{"rendered":"https:\/\/www.notibras.com\/site\/?p=303267"},"modified":"2023-04-18T16:33:10","modified_gmt":"2023-04-18T19:33:10","slug":"mcdia-feliz-arrecada-422-mil-para-instituicao-brasiliense","status":"publish","type":"post","link":"https:\/\/www.notibras.com\/site\/mcdia-feliz-arrecada-422-mil-para-instituicao-brasiliense\/","title":{"rendered":"McDia Feliz arrecada 422 mil para institui\u00e7\u00e3o brasiliense"},"content":{"rendered":"<p>Os recursos arrecadados com as vendas de Big Mac no McDia Feliz 2022, uma das principais campanhas de apoio a causas infantojuvenis do pa\u00eds, j\u00e1 est\u00e3o previstos para chegar no Distrito Federal por meio da Associa\u00e7\u00e3o Brasileira de Assist\u00eancia \u00e0s Fam\u00edlias de Crian\u00e7as Portadora de C\u00e2ncer e Hemopatias (Abrace), que receber\u00e1 R$ 422.466,97, valor que ser\u00e1 destinado ao custeio do Espa\u00e7o da Fam\u00edlia Ronald McDonald, no Hospital da Crian\u00e7as de Bras\u00edlia Jos\u00e9 Alencar, e ao Programa Acolhimento, servi\u00e7o especializado de Assist\u00eancia Social e Seguran\u00e7a Alimentar.<\/p>\n<p>O McDia Feliz chegou em sua 34\u00aa edi\u00e7\u00e3o em 2022. Al\u00e9m deste projeto em Bras\u00edlia, a campanha beneficiar\u00e1 mais 62 projetos de outras 50 institui\u00e7\u00f5es que atuam com oncologia pedi\u00e1trica, lideradas pelo Instituto Ronald McDonald em 19 estados e no Distrito Federal, al\u00e9m de projetos educacionais conduzidos pelo Instituto Ayrton Senna em diversas redes de ensino p\u00fablico do pa\u00eds, preparando jovens para uma forma\u00e7\u00e3o mais compat\u00edvel com os desafios do s\u00e9culo 21.<\/p>\n<p>A campanha faz parte da estrat\u00e9gia de atua\u00e7\u00e3o ESG da Arcos Dorados, chamada Receita do Futuro, cujo compromisso \u00e9 ser parte ativa da solu\u00e7\u00e3o dos desafios da sociedade e impactar positivamente as comunidades onde a companhia atua por meio de iniciativas socioambientais e o McDia Feliz tangibiliza esse prop\u00f3sito. Com o trabalho dos institutos e das institui\u00e7\u00f5es beneficiadas \u00e9 poss\u00edvel transformar a vida de milhares de pessoas no Brasil, contribuindo com o aumento das chances de cura do c\u00e2ncer infantojuvenil e ampliando as oportunidades para jovens por meio de uma educa\u00e7\u00e3o de qualidade.<\/p>\n<p><strong>Sobre a Abrace<\/strong><br \/>\nDesde 1986, a Abrace trabalha pela cura e qualidade de vida de pacientes com c\u00e2ncer, oferecendo assist\u00eancia a crian\u00e7as e adolescentes em tratamento.<\/p>\n<p><strong>Sobre o Instituto Ronald McDonald<\/strong><br \/>\nOrganiza\u00e7\u00e3o sem fins lucrativos, o Instituto Ronald McDonald (IRM) h\u00e1 quase 24 anos atua para promover sa\u00fade e bem-estar de crian\u00e7as, adolescentes e suas fam\u00edlias e contribui para aumentar as chances de cura do c\u00e2ncer infantojuvenil no Brasil. Para atingir esse objetivo, o Instituto Ronald McDonald trabalha promovendo a estrutura\u00e7\u00e3o de hospitais especializados, a hospedagem para fam\u00edlias que residem longe dos hospitais, a capacita\u00e7\u00e3o de estudantes e profissionais de sa\u00fade para realizarem o diagn\u00f3stico precoce, incentiva a ades\u00e3o a protocolos cl\u00ednicos e promove dissemina\u00e7\u00e3o de conhecimento sobre a causa. A ONG faz parte do sistema beneficente global Ronald McDonald House Charities (RMHC), presente em mais de 60 pa\u00edses, coordenando os programas globais: Casa Ronald McDonald, voltado para a hospedagem, transporte e alimenta\u00e7\u00e3o dos pacientes; e o Programa Espa\u00e7o da Fam\u00edlia Ronald McDonald, que torna menos desgastante o dia a dia das fam\u00edlias durante o tratamento. No Brasil, h\u00e1 ainda outros dois programas locais: Aten\u00e7\u00e3o Integral e Diagn\u00f3stico Precoce, com a\u00e7\u00f5es espec\u00edficas de combate ao c\u00e2ncer infantojuvenil. O Instituto conta com o apoio de diversas empresas e pessoas f\u00edsicas para desenvolver e manter seus programas. Saiba mais sobre os programas e as institui\u00e7\u00f5es beneficiadas em www.institutoronald.org.br.<\/p>\n<p><strong>Sobre o McDia Feliz<\/strong><br \/>\nO McDia Feliz \u00e9 o principal evento beneficente do McDonald&#8217;s e, atualmente, \u00e9 uma das maiores mobiliza\u00e7\u00f5es em prol de crian\u00e7as e adolescentes no Brasil. A campanha \u00e9 realizada no pa\u00eds desde 1988, gerando recursos para as institui\u00e7\u00f5es apoiadas pelo Instituto Ronald McDonald, que atuam para proporcionar mais sa\u00fade e qualidade de vida a crian\u00e7as e adolescentes com c\u00e2ncer. Em 2018, o projeto ampliou seu impacto para beneficiar outra causa de grande import\u00e2ncia para o pa\u00eds, a Educa\u00e7\u00e3o, contribuindo para as a\u00e7\u00f5es do Instituto Ayrton Senna. Desde sua primeira edi\u00e7\u00e3o, mais de R$375 milh\u00f5es j\u00e1 foram arrecadados pelo McDia Feliz.<\/p>\n<p><strong>Sobre a Arcos Dorados<\/strong><br \/>\nA Arcos Dorados \u00e9 a maior franquia independente do McDonald\u2019s do mundo e a maior rede de servi\u00e7o r\u00e1pido de alimenta\u00e7\u00e3o da Am\u00e9rica Latina e Caribe. A companhia conta com direitos exclusivos de possuir, operar e conceder franquias locais de restaurantes McDonald\u2019s em 20 pa\u00edses e territ\u00f3rios dessas regi\u00f5es. Atualmente, a rede possui mais de 2.300 restaurantes, entre unidades pr\u00f3prias e de seus franqueados, que juntos empregam mais de 90.000 funcion\u00e1rios (dados de 31\/12\/2022). A empresa tamb\u00e9m utiliza sua plataforma ESG, Receita do Futuro, para impactar positivamente as comunidades onde est\u00e1 presente. A Arcos Dorados est\u00e1 listada na Bolsa de Valores de Nova York (NYSE: ARCO). Para saber mais sobre a Companhia por favor visite o nosso site.<\/p>\n","protected":false},"excerpt":{"rendered":"<p>Os recursos arrecadados com as vendas de Big Mac no McDia Feliz 2022, uma das principais campanhas de apoio a causas infantojuvenis do pa\u00eds, j\u00e1 est\u00e3o previstos para chegar no Distrito Federal por meio da Associa\u00e7\u00e3o Brasileira de Assist\u00eancia \u00e0s Fam\u00edlias de Crian\u00e7as Portadora de C\u00e2ncer e Hemopatias (Abrace), que receber\u00e1 R$ 422.466,97, valor que [&hellip;]<\/p>\n","protected":false},"author":2,"featured_media":303268,"comment_status":"closed","ping_status":"closed","sticky":false,"template":"","format":"standard","meta":{"_acf_changed":false,"footnotes":""},"categories":[161],"tags":[],"class_list":["post-303267","post","type-post","status-publish","format-standard","has-post-thumbnail","hentry","category-quadradinho-em-foco"],"acf":[],"yoast_head":"<!-- This site is optimized with the Yoast SEO plugin v27.2 - https:\/\/yoast.com\/product\/yoast-seo-wordpress\/ -->\n<title>McDia Feliz arrecada 422 mil para institui\u00e7\u00e3o brasiliense - Notibras<\/title>\n<meta name=\"robots\" content=\"index, follow, max-snippet:-1, max-image-preview:large, max-video-preview:-1\" \/>\n<link rel=\"canonical\" href=\"https:\/\/www.notibras.com\/site\/mcdia-feliz-arrecada-422-mil-para-instituicao-brasiliense\/\" \/>\n<meta property=\"og:locale\" content=\"pt_BR\" \/>\n<meta property=\"og:type\" content=\"article\" \/>\n<meta property=\"og:title\" content=\"McDia Feliz arrecada 422 mil para institui\u00e7\u00e3o brasiliense - Notibras\" \/>\n<meta property=\"og:description\" content=\"Os recursos arrecadados com as vendas de Big Mac no McDia Feliz 2022, uma das principais campanhas de apoio a causas infantojuvenis do pa\u00eds, j\u00e1 est\u00e3o previstos para chegar no Distrito Federal por meio da Associa\u00e7\u00e3o Brasileira de Assist\u00eancia \u00e0s Fam\u00edlias de Crian\u00e7as Portadora de C\u00e2ncer e Hemopatias (Abrace), que receber\u00e1 R$ 422.466,97, valor que [&hellip;]\" \/>\n<meta property=\"og:url\" content=\"https:\/\/www.notibras.com\/site\/mcdia-feliz-arrecada-422-mil-para-instituicao-brasiliense\/\" \/>\n<meta property=\"og:site_name\" content=\"Notibras\" \/>\n<meta property=\"article:publisher\" content=\"https:\/\/www.facebook.com\/notibras\/\" \/>\n<meta property=\"article:published_time\" content=\"2023-04-18T03:00:16+00:00\" \/>\n<meta property=\"article:modified_time\" content=\"2023-04-18T19:33:10+00:00\" \/>\n<meta property=\"og:image\" content=\"https:\/\/www.notibras.com\/site\/wp-content\/uploads\/2023\/04\/macfe.png\" \/>\n\t<meta property=\"og:image:width\" content=\"884\" \/>\n\t<meta property=\"og:image:height\" content=\"888\" \/>\n\t<meta property=\"og:image:type\" content=\"image\/png\" \/>\n<meta name=\"author\" content=\"Reda\u00e7\u00e3o\" \/>\n<meta name=\"twitter:card\" content=\"summary_large_image\" \/>\n<meta name=\"twitter:creator\" content=\"@Notibras\" \/>\n<meta name=\"twitter:site\" content=\"@Notibras\" \/>\n<meta name=\"twitter:label1\" content=\"Escrito por\" \/>\n\t<meta name=\"twitter:data1\" content=\"Reda\u00e7\u00e3o\" \/>\n\t<meta name=\"twitter:label2\" content=\"Est. tempo de leitura\" \/>\n\t<meta name=\"twitter:data2\" content=\"4 minutos\" \/>\n<script type=\"application\/ld+json\" class=\"yoast-schema-graph\">{\"@context\":\"https:\/\/schema.org\",\"@graph\":[{\"@type\":\"Article\",\"@id\":\"https:\/\/www.notibras.com\/site\/mcdia-feliz-arrecada-422-mil-para-instituicao-brasiliense\/#article\",\"isPartOf\":{\"@id\":\"https:\/\/www.notibras.com\/site\/mcdia-feliz-arrecada-422-mil-para-instituicao-brasiliense\/\"},\"author\":{\"name\":\"Reda\u00e7\u00e3o\",\"@id\":\"https:\/\/www.notibras.com\/site\/#\/schema\/person\/36ab0979449956132d3e5b517ea76ac8\"},\"headline\":\"McDia Feliz arrecada 422 mil para institui\u00e7\u00e3o brasiliense\",\"datePublished\":\"2023-04-18T03:00:16+00:00\",\"dateModified\":\"2023-04-18T19:33:10+00:00\",\"mainEntityOfPage\":{\"@id\":\"https:\/\/www.notibras.com\/site\/mcdia-feliz-arrecada-422-mil-para-instituicao-brasiliense\/\"},\"wordCount\":776,\"publisher\":{\"@id\":\"https:\/\/www.notibras.com\/site\/#organization\"},\"image\":{\"@id\":\"https:\/\/www.notibras.com\/site\/mcdia-feliz-arrecada-422-mil-para-instituicao-brasiliense\/#primaryimage\"},\"thumbnailUrl\":\"https:\/\/www.notibras.com\/site\/wp-content\/uploads\/2023\/04\/macfe.png\",\"articleSection\":[\"Quadradinho em Foco\"],\"inLanguage\":\"pt-BR\"},{\"@type\":\"WebPage\",\"@id\":\"https:\/\/www.notibras.com\/site\/mcdia-feliz-arrecada-422-mil-para-instituicao-brasiliense\/\",\"url\":\"https:\/\/www.notibras.com\/site\/mcdia-feliz-arrecada-422-mil-para-instituicao-brasiliense\/\",\"name\":\"McDia Feliz arrecada 422 mil para institui\u00e7\u00e3o brasiliense - Notibras\",\"isPartOf\":{\"@id\":\"https:\/\/www.notibras.com\/site\/#website\"},\"primaryImageOfPage\":{\"@id\":\"https:\/\/www.notibras.com\/site\/mcdia-feliz-arrecada-422-mil-para-instituicao-brasiliense\/#primaryimage\"},\"image\":{\"@id\":\"https:\/\/www.notibras.com\/site\/mcdia-feliz-arrecada-422-mil-para-instituicao-brasiliense\/#primaryimage\"},\"thumbnailUrl\":\"https:\/\/www.notibras.com\/site\/wp-content\/uploads\/2023\/04\/macfe.png\",\"datePublished\":\"2023-04-18T03:00:16+00:00\",\"dateModified\":\"2023-04-18T19:33:10+00:00\",\"breadcrumb\":{\"@id\":\"https:\/\/www.notibras.com\/site\/mcdia-feliz-arrecada-422-mil-para-instituicao-brasiliense\/#breadcrumb\"},\"inLanguage\":\"pt-BR\",\"potentialAction\":[{\"@type\":\"ReadAction\",\"target\":[\"https:\/\/www.notibras.com\/site\/mcdia-feliz-arrecada-422-mil-para-instituicao-brasiliense\/\"]}]},{\"@type\":\"ImageObject\",\"inLanguage\":\"pt-BR\",\"@id\":\"https:\/\/www.notibras.com\/site\/mcdia-feliz-arrecada-422-mil-para-instituicao-brasiliense\/#primaryimage\",\"url\":\"https:\/\/www.notibras.com\/site\/wp-content\/uploads\/2023\/04\/macfe.png\",\"contentUrl\":\"https:\/\/www.notibras.com\/site\/wp-content\/uploads\/2023\/04\/macfe.png\",\"width\":884,\"height\":888},{\"@type\":\"BreadcrumbList\",\"@id\":\"https:\/\/www.notibras.com\/site\/mcdia-feliz-arrecada-422-mil-para-instituicao-brasiliense\/#breadcrumb\",\"itemListElement\":[{\"@type\":\"ListItem\",\"position\":1,\"name\":\"In\u00edcio\",\"item\":\"https:\/\/www.notibras.com\/site\/\"},{\"@type\":\"ListItem\",\"position\":2,\"name\":\"McDia Feliz arrecada 422 mil para institui\u00e7\u00e3o brasiliense\"}]},{\"@type\":\"WebSite\",\"@id\":\"https:\/\/www.notibras.com\/site\/#website\",\"url\":\"https:\/\/www.notibras.com\/site\/\",\"name\":\"Notibras\",\"description\":\"Not\u00edcias de Bras\u00edlia, do Brasil e do Mundo\",\"publisher\":{\"@id\":\"https:\/\/www.notibras.com\/site\/#organization\"},\"potentialAction\":[{\"@type\":\"SearchAction\",\"target\":{\"@type\":\"EntryPoint\",\"urlTemplate\":\"https:\/\/www.notibras.com\/site\/?s={search_term_string}\"},\"query-input\":{\"@type\":\"PropertyValueSpecification\",\"valueRequired\":true,\"valueName\":\"search_term_string\"}}],\"inLanguage\":\"pt-BR\"},{\"@type\":\"Organization\",\"@id\":\"https:\/\/www.notibras.com\/site\/#organization\",\"name\":\"Grupo Notibras de Comunica\u00e7\u00e3o\",\"url\":\"https:\/\/www.notibras.com\/site\/\",\"logo\":{\"@type\":\"ImageObject\",\"inLanguage\":\"pt-BR\",\"@id\":\"https:\/\/www.notibras.com\/site\/#\/schema\/logo\/image\/\",\"url\":\"https:\/\/www.notibras.com\/site\/wp-content\/uploads\/2023\/01\/notibras23.png\",\"contentUrl\":\"https:\/\/www.notibras.com\/site\/wp-content\/uploads\/2023\/01\/notibras23.png\",\"width\":350,\"height\":87,\"caption\":\"Grupo Notibras de Comunica\u00e7\u00e3o\"},\"image\":{\"@id\":\"https:\/\/www.notibras.com\/site\/#\/schema\/logo\/image\/\"},\"sameAs\":[\"https:\/\/www.facebook.com\/notibras\/\",\"https:\/\/x.com\/Notibras\",\"https:\/\/www.instagram.com\/notibras\/\"]},{\"@type\":\"Person\",\"@id\":\"https:\/\/www.notibras.com\/site\/#\/schema\/person\/36ab0979449956132d3e5b517ea76ac8\",\"name\":\"Reda\u00e7\u00e3o\",\"image\":{\"@type\":\"ImageObject\",\"inLanguage\":\"pt-BR\",\"@id\":\"https:\/\/secure.gravatar.com\/avatar\/e0a867bdedb85fd243eadf09663511f96fc81e0720a4a42581f334ad4303aa6b?s=96&d=mm&r=g\",\"url\":\"https:\/\/secure.gravatar.com\/avatar\/e0a867bdedb85fd243eadf09663511f96fc81e0720a4a42581f334ad4303aa6b?s=96&d=mm&r=g\",\"contentUrl\":\"https:\/\/secure.gravatar.com\/avatar\/e0a867bdedb85fd243eadf09663511f96fc81e0720a4a42581f334ad4303aa6b?s=96&d=mm&r=g\",\"caption\":\"Reda\u00e7\u00e3o\"}}]}<\/script>\n<!-- \/ Yoast SEO plugin. -->","yoast_head_json":{"title":"McDia Feliz arrecada 422 mil para institui\u00e7\u00e3o brasiliense - Notibras","robots":{"index":"index","follow":"follow","max-snippet":"max-snippet:-1","max-image-preview":"max-image-preview:large","max-video-preview":"max-video-preview:-1"},"canonical":"https:\/\/www.notibras.com\/site\/mcdia-feliz-arrecada-422-mil-para-instituicao-brasiliense\/","og_locale":"pt_BR","og_type":"article","og_title":"McDia Feliz arrecada 422 mil para institui\u00e7\u00e3o brasiliense - Notibras","og_description":"Os recursos arrecadados com as vendas de Big Mac no McDia Feliz 2022, uma das principais campanhas de apoio a causas infantojuvenis do pa\u00eds, j\u00e1 est\u00e3o previstos para chegar no Distrito Federal por meio da Associa\u00e7\u00e3o Brasileira de Assist\u00eancia \u00e0s Fam\u00edlias de Crian\u00e7as Portadora de C\u00e2ncer e Hemopatias (Abrace), que receber\u00e1 R$ 422.466,97, valor que [&hellip;]","og_url":"https:\/\/www.notibras.com\/site\/mcdia-feliz-arrecada-422-mil-para-instituicao-brasiliense\/","og_site_name":"Notibras","article_publisher":"https:\/\/www.facebook.com\/notibras\/","article_published_time":"2023-04-18T03:00:16+00:00","article_modified_time":"2023-04-18T19:33:10+00:00","og_image":[{"width":884,"height":888,"url":"https:\/\/www.notibras.com\/site\/wp-content\/uploads\/2023\/04\/macfe.png","type":"image\/png"}],"author":"Reda\u00e7\u00e3o","twitter_card":"summary_large_image","twitter_creator":"@Notibras","twitter_site":"@Notibras","twitter_misc":{"Escrito por":"Reda\u00e7\u00e3o","Est. tempo de leitura":"4 minutos"},"schema":{"@context":"https:\/\/schema.org","@graph":[{"@type":"Article","@id":"https:\/\/www.notibras.com\/site\/mcdia-feliz-arrecada-422-mil-para-instituicao-brasiliense\/#article","isPartOf":{"@id":"https:\/\/www.notibras.com\/site\/mcdia-feliz-arrecada-422-mil-para-instituicao-brasiliense\/"},"author":{"name":"Reda\u00e7\u00e3o","@id":"https:\/\/www.notibras.com\/site\/#\/schema\/person\/36ab0979449956132d3e5b517ea76ac8"},"headline":"McDia Feliz arrecada 422 mil para institui\u00e7\u00e3o brasiliense","datePublished":"2023-04-18T03:00:16+00:00","dateModified":"2023-04-18T19:33:10+00:00","mainEntityOfPage":{"@id":"https:\/\/www.notibras.com\/site\/mcdia-feliz-arrecada-422-mil-para-instituicao-brasiliense\/"},"wordCount":776,"publisher":{"@id":"https:\/\/www.notibras.com\/site\/#organization"},"image":{"@id":"https:\/\/www.notibras.com\/site\/mcdia-feliz-arrecada-422-mil-para-instituicao-brasiliense\/#primaryimage"},"thumbnailUrl":"https:\/\/www.notibras.com\/site\/wp-content\/uploads\/2023\/04\/macfe.png","articleSection":["Quadradinho em Foco"],"inLanguage":"pt-BR"},{"@type":"WebPage","@id":"https:\/\/www.notibras.com\/site\/mcdia-feliz-arrecada-422-mil-para-instituicao-brasiliense\/","url":"https:\/\/www.notibras.com\/site\/mcdia-feliz-arrecada-422-mil-para-instituicao-brasiliense\/","name":"McDia Feliz arrecada 422 mil para institui\u00e7\u00e3o brasiliense - Notibras","isPartOf":{"@id":"https:\/\/www.notibras.com\/site\/#website"},"primaryImageOfPage":{"@id":"https:\/\/www.notibras.com\/site\/mcdia-feliz-arrecada-422-mil-para-instituicao-brasiliense\/#primaryimage"},"image":{"@id":"https:\/\/www.notibras.com\/site\/mcdia-feliz-arrecada-422-mil-para-instituicao-brasiliense\/#primaryimage"},"thumbnailUrl":"https:\/\/www.notibras.com\/site\/wp-content\/uploads\/2023\/04\/macfe.png","datePublished":"2023-04-18T03:00:16+00:00","dateModified":"2023-04-18T19:33:10+00:00","breadcrumb":{"@id":"https:\/\/www.notibras.com\/site\/mcdia-feliz-arrecada-422-mil-para-instituicao-brasiliense\/#breadcrumb"},"inLanguage":"pt-BR","potentialAction":[{"@type":"ReadAction","target":["https:\/\/www.notibras.com\/site\/mcdia-feliz-arrecada-422-mil-para-instituicao-brasiliense\/"]}]},{"@type":"ImageObject","inLanguage":"pt-BR","@id":"https:\/\/www.notibras.com\/site\/mcdia-feliz-arrecada-422-mil-para-instituicao-brasiliense\/#primaryimage","url":"https:\/\/www.notibras.com\/site\/wp-content\/uploads\/2023\/04\/macfe.png","contentUrl":"https:\/\/www.notibras.com\/site\/wp-content\/uploads\/2023\/04\/macfe.png","width":884,"height":888},{"@type":"BreadcrumbList","@id":"https:\/\/www.notibras.com\/site\/mcdia-feliz-arrecada-422-mil-para-instituicao-brasiliense\/#breadcrumb","itemListElement":[{"@type":"ListItem","position":1,"name":"In\u00edcio","item":"https:\/\/www.notibras.com\/site\/"},{"@type":"ListItem","position":2,"name":"McDia Feliz arrecada 422 mil para institui\u00e7\u00e3o brasiliense"}]},{"@type":"WebSite","@id":"https:\/\/www.notibras.com\/site\/#website","url":"https:\/\/www.notibras.com\/site\/","name":"Notibras","description":"Not\u00edcias de Bras\u00edlia, do Brasil e do Mundo","publisher":{"@id":"https:\/\/www.notibras.com\/site\/#organization"},"potentialAction":[{"@type":"SearchAction","target":{"@type":"EntryPoint","urlTemplate":"https:\/\/www.notibras.com\/site\/?s={search_term_string}"},"query-input":{"@type":"PropertyValueSpecification","valueRequired":true,"valueName":"search_term_string"}}],"inLanguage":"pt-BR"},{"@type":"Organization","@id":"https:\/\/www.notibras.com\/site\/#organization","name":"Grupo Notibras de Comunica\u00e7\u00e3o","url":"https:\/\/www.notibras.com\/site\/","logo":{"@type":"ImageObject","inLanguage":"pt-BR","@id":"https:\/\/www.notibras.com\/site\/#\/schema\/logo\/image\/","url":"https:\/\/www.notibras.com\/site\/wp-content\/uploads\/2023\/01\/notibras23.png","contentUrl":"https:\/\/www.notibras.com\/site\/wp-content\/uploads\/2023\/01\/notibras23.png","width":350,"height":87,"caption":"Grupo Notibras de Comunica\u00e7\u00e3o"},"image":{"@id":"https:\/\/www.notibras.com\/site\/#\/schema\/logo\/image\/"},"sameAs":["https:\/\/www.facebook.com\/notibras\/","https:\/\/x.com\/Notibras","https:\/\/www.instagram.com\/notibras\/"]},{"@type":"Person","@id":"https:\/\/www.notibras.com\/site\/#\/schema\/person\/36ab0979449956132d3e5b517ea76ac8","name":"Reda\u00e7\u00e3o","image":{"@type":"ImageObject","inLanguage":"pt-BR","@id":"https:\/\/secure.gravatar.com\/avatar\/e0a867bdedb85fd243eadf09663511f96fc81e0720a4a42581f334ad4303aa6b?s=96&d=mm&r=g","url":"https:\/\/secure.gravatar.com\/avatar\/e0a867bdedb85fd243eadf09663511f96fc81e0720a4a42581f334ad4303aa6b?s=96&d=mm&r=g","contentUrl":"https:\/\/secure.gravatar.com\/avatar\/e0a867bdedb85fd243eadf09663511f96fc81e0720a4a42581f334ad4303aa6b?s=96&d=mm&r=g","caption":"Reda\u00e7\u00e3o"}}]}},"amp_enabled":true,"_links":{"self":[{"href":"https:\/\/www.notibras.com\/site\/wp-json\/wp\/v2\/posts\/303267","targetHints":{"allow":["GET"]}}],"collection":[{"href":"https:\/\/www.notibras.com\/site\/wp-json\/wp\/v2\/posts"}],"about":[{"href":"https:\/\/www.notibras.com\/site\/wp-json\/wp\/v2\/types\/post"}],"author":[{"embeddable":true,"href":"https:\/\/www.notibras.com\/site\/wp-json\/wp\/v2\/users\/2"}],"replies":[{"embeddable":true,"href":"https:\/\/www.notibras.com\/site\/wp-json\/wp\/v2\/comments?post=303267"}],"version-history":[{"count":1,"href":"https:\/\/www.notibras.com\/site\/wp-json\/wp\/v2\/posts\/303267\/revisions"}],"predecessor-version":[{"id":303269,"href":"https:\/\/www.notibras.com\/site\/wp-json\/wp\/v2\/posts\/303267\/revisions\/303269"}],"wp:featuredmedia":[{"embeddable":true,"href":"https:\/\/www.notibras.com\/site\/wp-json\/wp\/v2\/media\/303268"}],"wp:attachment":[{"href":"https:\/\/www.notibras.com\/site\/wp-json\/wp\/v2\/media?parent=303267"}],"wp:term":[{"taxonomy":"category","embeddable":true,"href":"https:\/\/www.notibras.com\/site\/wp-json\/wp\/v2\/categories?post=303267"},{"taxonomy":"post_tag","embeddable":true,"href":"https:\/\/www.notibras.com\/site\/wp-json\/wp\/v2\/tags?post=303267"}],"curies":[{"name":"wp","href":"https:\/\/api.w.org\/{rel}","templated":true}]}}