{"id":303270,"date":"2023-04-18T17:31:22","date_gmt":"2023-04-18T20:31:22","guid":{"rendered":"https:\/\/www.notibras.com\/site\/?p=303270"},"modified":"2023-04-18T17:50:11","modified_gmt":"2023-04-18T20:50:11","slug":"lutadores-sobem-ao-ringue-para-brasiliense-ver","status":"publish","type":"post","link":"https:\/\/www.notibras.com\/site\/lutadores-sobem-ao-ringue-para-brasiliense-ver\/","title":{"rendered":"Lutadores sobem ao ringue para brasiliense ver"},"content":{"rendered":"<p>Pouco depois do sucesso do evento de abertura da temporada 2023, o WGP Kickboxing j\u00e1 tem seu pr\u00f3ximo compromisso firmado com os f\u00e3s. No dia 29 de abril, Bras\u00edlia recebe mais uma vez a organiza\u00e7\u00e3o com um card que promete. Na luta principal da noite, o campe\u00e3o dos Super-Leves (64,5kg) Tomas Chacal faz sua primeira defesa de cintur\u00e3o contra o compatriota Ignacio El Fino na primeira vez em que dois argentinos disputam um cintur\u00e3o linear do WGP.<\/p>\n<p>A edi\u00e7\u00e3o 69 conta ainda com a presen\u00e7a de B\u00e1rbara Nepomuceno no co-main event, em duelo diante de Bianca Carvalho, pela divis\u00e3o dos Super-M\u00e9dios feminina (+70kg), al\u00e9m de outros 14 duelos que prometem agitar a capital federal. A transmiss\u00e3o come\u00e7a pelo Youtube do WGP (youtube.com\/wgpkickboxing) a partir das 18h com o Undercard e depois passa para o Canal Combate a partir das 20h30 com as Super Fights e o Main Card.<\/p>\n<p>O WGP 69 ser\u00e1 realizado, mais uma vez, em parceria com a Secretaria de Esportes e Lazer do Governo do Distrito Federal atrav\u00e9s de termo de fomento. Por isso, a organiza\u00e7\u00e3o ir\u00e1 disponibilizar os ingressos para o evento de forma gratuita para projetos de incentivo ao esporte indicados pela Secretaria.<\/p>\n<p>O WGP 69 promete entrar para a hist\u00f3ria da organiza\u00e7\u00e3o. Isso porque ser\u00e1 a primeira vez que dois argentinos lideram um card e disputam um cintur\u00e3o linear. Isso j\u00e1 aconteceu antes, na edi\u00e7\u00e3o 56, entre Facu Su\u00e1rez e Leo Corrales, mas o cintur\u00e3o em disputa era interino. E o duelo tamb\u00e9m vai ser a primeira defesa de t\u00edtulo do campe\u00e3o Tomas Chacal, ap\u00f3s conquista no WGP Studio, em outubro de 2022, em cima de Renzo Martinez.<\/p>\n<p>Aos 24 anos, o argentino soma quatro vit\u00f3rias em cinco lutas disputadas no evento e chega motivado ap\u00f3s a in\u00e9dita conquista do t\u00edtulo. Do outro lado estar\u00e1 seu compatriota Ignacio El Fino, que vem de tr\u00eas triunfos consecutivos no evento e atua\u00e7\u00f5es que impressionaram os f\u00e3s. Aos 23 anos, ele \u00e9 tido como uma das promessas argentinas no Kickboxing, assim como Chacal.<\/p>\n<p>No co-main event da noite um nome de peso: Barbara Nepomuceno. Ex-campe\u00e3o dos Super-M\u00e9dios feminino do evento e um dos principais nomes brasileiros na sua categoria, a capixaba volta para tentar engatar a quinta vit\u00f3ria no evento. J\u00e1 s\u00e3o quatro triunfos e dois reveses, ambos para a atual campe\u00e3 Van Stanski. Ele vai encarar a anfitri\u00e3 Bianca Carvalho, que chega empurrada pela for\u00e7a da torcida local e vai em busca de sua segunda vit\u00f3ria no evento. Na estreia, na edi\u00e7\u00e3o 59, ela bateu Dayane Mestrinha por nocaute.<\/p>\n<p>O evento conta ainda com duelos de peso no card principal. Outra promessa do evento, Cabelo Monteiro luta em casa diante de Nichollas Pestilli, pela divis\u00e3o dos Leves (60kg). J\u00e1 entre os Super-Leves, o brasileiro Mateus Machado, outro anfitri\u00e3o, pega o argentino Marcos R\u00edos. E para fechar o card principal, o embate entre \u00cdcaro Martins e Marcos Carvalho pelos Super-M\u00e9dios (78,1kg) promete sacudir a capital federal. Nas Super Fights, destaque para dois duelos internacionais. Pelos Meio-M\u00e9dios (71,8kg), o brasileiro Vitor Mag\u00e3o encara o argentino Metralleta Torino. Enquanto que pelos Cruzadores (85kg), o brasileiro Willer Alves enfrenta o chileno Tanke Ewerth.<\/p>\n<p>WGP 69: Tomas Chacal vs Ignacio El Fino<br \/>\nData: 29\/04\/2023<br \/>\nHor\u00e1rio: 18h (Undercard)\/20h30 (Super Fights e Main Card)<\/p>\n<p>WGP 69 Main Card<br \/>\nMain Event:<br \/>\nTitle Bout Super Lightweight (64,5kg)<br \/>\nTomas \u2018Chacal\u2019 Aguirre (Dojo Serpiente) vs Ignacio \u2018El Fino\u2019 (Picante Fight Club)<\/p>\n<p>Co-Main Event:<br \/>\nWomen\u2019s Super Middleweight (+70kg)<br \/>\nBarbara Nepomuceno (Team Big G) vs Bianca Carvalho (CF House)<\/p>\n<p>Special Fight:<br \/>\nSuper Lightweight (64,5kg)<br \/>\nMateus Machado &#8211; BRA (CF House) vs Marcos &#8216;Wasabi&#8217; R\u00edos &#8211; ARG (Dojo Serpiente)<\/p>\n<p>Special Fight:<br \/>\nLightweight (60kg)<br \/>\nCabelo Monteiro (CF House) vs Nichollas Pestilli (Corinthians Kickboxing)<\/p>\n<p>Special Fight:<br \/>\nSuper Middleweight (78,1kg)<br \/>\n\u00cdcaro Martins (Chute Kombat) vs Marcos Carvalho (Teixeira Team)<\/p>\n<p>WGP 69 Super Fights<br \/>\nSuper Fight<br \/>\nSuper Lightweight (64,5kg)<br \/>\nAlex Reis (Team Alex Reis) vs Denis Jr. (Coliseu Fight Club)<\/p>\n<p>Super Fight<br \/>\nSuper Light Middleweight (71,8kg)<br \/>\nVitor Mag\u00e3o (The Rocky Kickboxing) vs Metralleta Torino (Picante Fight Club)<\/p>\n<p>Super Fight<br \/>\nCruiserweight (85,1kg)<br \/>\nWiller Alves &#8211; BRA (RKT) vs Tanke Ewerth &#8211; CHI (Pedrator\/Incl\u00e1n)<\/p>\n<p>Super Fight<br \/>\nWomen\u2019s Flyweight (52kg)<br \/>\nL\u00eddia Helena (CF House) vs Suellen Bittencourt (ABKB\/ Daniel Mattos Strikers Team)<\/p>\n<p>Super Fight<br \/>\nLightweight (60kg)<br \/>\nRafael Andrade (Casa da Luta) vs Mateus Pakitoo (Apocalypse Fight Team\/APKB)<\/p>\n<p>WGP 69 Undercard<br \/>\nFight<br \/>\nHeavyweight (94,1kg)<br \/>\nAlessandro Avatar (R8) vs Jo\u00e3o Pedro Sim\u00e3o (Labareda Team)<\/p>\n<p>Fight<br \/>\nLight Middleweight (71,8kg)<br \/>\nMateus Black (CF House) vs Evando Rocha (Equipe GT)<\/p>\n<p>Fight<br \/>\nSuper Lightweight (64,5kg)<br \/>\nLucas Alem\u00e3o (Chute Kombat) vs Augusto Ramos (Fight House)<\/p>\n<p>Fight<br \/>\nLightweight (60kg)<br \/>\nHeverton Venceslau (Centro de Excel\u00eancia em Treinamento) vs Filipe Sheeipps (CT Radd)<\/p>\n<p>Fight<br \/>\nSuper Middleweight (78,1kg)<br \/>\nGabriel P\u00e9rola (Chute Kombat) vs Rafael Sonak (R8)<\/p>\n<p>Fight<br \/>\nWomen\u2019s Lightweight (60kg)<br \/>\nKarol Alves (MTB) vs Hervele Oliveira (Saga Kombat)<\/p>\n","protected":false},"excerpt":{"rendered":"<p>Pouco depois do sucesso do evento de abertura da temporada 2023, o WGP Kickboxing j\u00e1 tem seu pr\u00f3ximo compromisso firmado com os f\u00e3s. No dia 29 de abril, Bras\u00edlia recebe mais uma vez a organiza\u00e7\u00e3o com um card que promete. Na luta principal da noite, o campe\u00e3o dos Super-Leves (64,5kg) Tomas Chacal faz sua primeira [&hellip;]<\/p>\n","protected":false},"author":2,"featured_media":303273,"comment_status":"closed","ping_status":"closed","sticky":false,"template":"","format":"standard","meta":{"_acf_changed":false,"footnotes":""},"categories":[161],"tags":[],"class_list":["post-303270","post","type-post","status-publish","format-standard","has-post-thumbnail","hentry","category-quadradinho-em-foco"],"acf":[],"yoast_head":"<!-- This site is optimized with the Yoast SEO plugin v27.2 - https:\/\/yoast.com\/product\/yoast-seo-wordpress\/ -->\n<title>Lutadores sobem ao ringue para brasiliense ver - Notibras<\/title>\n<meta name=\"robots\" content=\"index, follow, max-snippet:-1, max-image-preview:large, max-video-preview:-1\" \/>\n<link rel=\"canonical\" href=\"https:\/\/www.notibras.com\/site\/lutadores-sobem-ao-ringue-para-brasiliense-ver\/\" \/>\n<meta property=\"og:locale\" content=\"pt_BR\" \/>\n<meta property=\"og:type\" content=\"article\" \/>\n<meta property=\"og:title\" content=\"Lutadores sobem ao ringue para brasiliense ver - Notibras\" \/>\n<meta property=\"og:description\" content=\"Pouco depois do sucesso do evento de abertura da temporada 2023, o WGP Kickboxing j\u00e1 tem seu pr\u00f3ximo compromisso firmado com os f\u00e3s. No dia 29 de abril, Bras\u00edlia recebe mais uma vez a organiza\u00e7\u00e3o com um card que promete. Na luta principal da noite, o campe\u00e3o dos Super-Leves (64,5kg) Tomas Chacal faz sua primeira [&hellip;]\" \/>\n<meta property=\"og:url\" content=\"https:\/\/www.notibras.com\/site\/lutadores-sobem-ao-ringue-para-brasiliense-ver\/\" \/>\n<meta property=\"og:site_name\" content=\"Notibras\" \/>\n<meta property=\"article:publisher\" content=\"https:\/\/www.facebook.com\/notibras\/\" \/>\n<meta property=\"article:published_time\" content=\"2023-04-18T20:31:22+00:00\" \/>\n<meta property=\"article:modified_time\" content=\"2023-04-18T20:50:11+00:00\" \/>\n<meta property=\"og:image\" content=\"https:\/\/www.notibras.com\/site\/wp-content\/uploads\/2023\/04\/tomas-chacal_widexl.jpg\" \/>\n\t<meta property=\"og:image:width\" content=\"1200\" \/>\n\t<meta property=\"og:image:height\" content=\"675\" \/>\n\t<meta property=\"og:image:type\" content=\"image\/jpeg\" \/>\n<meta name=\"author\" content=\"Reda\u00e7\u00e3o\" \/>\n<meta name=\"twitter:card\" content=\"summary_large_image\" \/>\n<meta name=\"twitter:creator\" content=\"@Notibras\" \/>\n<meta name=\"twitter:site\" content=\"@Notibras\" \/>\n<meta name=\"twitter:label1\" content=\"Escrito por\" \/>\n\t<meta name=\"twitter:data1\" content=\"Reda\u00e7\u00e3o\" \/>\n\t<meta name=\"twitter:label2\" content=\"Est. tempo de leitura\" \/>\n\t<meta name=\"twitter:data2\" content=\"5 minutos\" \/>\n<script type=\"application\/ld+json\" class=\"yoast-schema-graph\">{\"@context\":\"https:\/\/schema.org\",\"@graph\":[{\"@type\":\"Article\",\"@id\":\"https:\/\/www.notibras.com\/site\/lutadores-sobem-ao-ringue-para-brasiliense-ver\/#article\",\"isPartOf\":{\"@id\":\"https:\/\/www.notibras.com\/site\/lutadores-sobem-ao-ringue-para-brasiliense-ver\/\"},\"author\":{\"name\":\"Reda\u00e7\u00e3o\",\"@id\":\"https:\/\/www.notibras.com\/site\/#\/schema\/person\/36ab0979449956132d3e5b517ea76ac8\"},\"headline\":\"Lutadores sobem ao ringue para brasiliense ver\",\"datePublished\":\"2023-04-18T20:31:22+00:00\",\"dateModified\":\"2023-04-18T20:50:11+00:00\",\"mainEntityOfPage\":{\"@id\":\"https:\/\/www.notibras.com\/site\/lutadores-sobem-ao-ringue-para-brasiliense-ver\/\"},\"wordCount\":845,\"publisher\":{\"@id\":\"https:\/\/www.notibras.com\/site\/#organization\"},\"image\":{\"@id\":\"https:\/\/www.notibras.com\/site\/lutadores-sobem-ao-ringue-para-brasiliense-ver\/#primaryimage\"},\"thumbnailUrl\":\"https:\/\/www.notibras.com\/site\/wp-content\/uploads\/2023\/04\/tomas-chacal_widexl.jpg\",\"articleSection\":[\"Quadradinho em Foco\"],\"inLanguage\":\"pt-BR\"},{\"@type\":\"WebPage\",\"@id\":\"https:\/\/www.notibras.com\/site\/lutadores-sobem-ao-ringue-para-brasiliense-ver\/\",\"url\":\"https:\/\/www.notibras.com\/site\/lutadores-sobem-ao-ringue-para-brasiliense-ver\/\",\"name\":\"Lutadores sobem ao ringue para brasiliense ver - Notibras\",\"isPartOf\":{\"@id\":\"https:\/\/www.notibras.com\/site\/#website\"},\"primaryImageOfPage\":{\"@id\":\"https:\/\/www.notibras.com\/site\/lutadores-sobem-ao-ringue-para-brasiliense-ver\/#primaryimage\"},\"image\":{\"@id\":\"https:\/\/www.notibras.com\/site\/lutadores-sobem-ao-ringue-para-brasiliense-ver\/#primaryimage\"},\"thumbnailUrl\":\"https:\/\/www.notibras.com\/site\/wp-content\/uploads\/2023\/04\/tomas-chacal_widexl.jpg\",\"datePublished\":\"2023-04-18T20:31:22+00:00\",\"dateModified\":\"2023-04-18T20:50:11+00:00\",\"breadcrumb\":{\"@id\":\"https:\/\/www.notibras.com\/site\/lutadores-sobem-ao-ringue-para-brasiliense-ver\/#breadcrumb\"},\"inLanguage\":\"pt-BR\",\"potentialAction\":[{\"@type\":\"ReadAction\",\"target\":[\"https:\/\/www.notibras.com\/site\/lutadores-sobem-ao-ringue-para-brasiliense-ver\/\"]}]},{\"@type\":\"ImageObject\",\"inLanguage\":\"pt-BR\",\"@id\":\"https:\/\/www.notibras.com\/site\/lutadores-sobem-ao-ringue-para-brasiliense-ver\/#primaryimage\",\"url\":\"https:\/\/www.notibras.com\/site\/wp-content\/uploads\/2023\/04\/tomas-chacal_widexl.jpg\",\"contentUrl\":\"https:\/\/www.notibras.com\/site\/wp-content\/uploads\/2023\/04\/tomas-chacal_widexl.jpg\",\"width\":1200,\"height\":675},{\"@type\":\"BreadcrumbList\",\"@id\":\"https:\/\/www.notibras.com\/site\/lutadores-sobem-ao-ringue-para-brasiliense-ver\/#breadcrumb\",\"itemListElement\":[{\"@type\":\"ListItem\",\"position\":1,\"name\":\"In\u00edcio\",\"item\":\"https:\/\/www.notibras.com\/site\/\"},{\"@type\":\"ListItem\",\"position\":2,\"name\":\"Lutadores sobem ao ringue para brasiliense ver\"}]},{\"@type\":\"WebSite\",\"@id\":\"https:\/\/www.notibras.com\/site\/#website\",\"url\":\"https:\/\/www.notibras.com\/site\/\",\"name\":\"Notibras\",\"description\":\"Not\u00edcias de Bras\u00edlia, do Brasil e do Mundo\",\"publisher\":{\"@id\":\"https:\/\/www.notibras.com\/site\/#organization\"},\"potentialAction\":[{\"@type\":\"SearchAction\",\"target\":{\"@type\":\"EntryPoint\",\"urlTemplate\":\"https:\/\/www.notibras.com\/site\/?s={search_term_string}\"},\"query-input\":{\"@type\":\"PropertyValueSpecification\",\"valueRequired\":true,\"valueName\":\"search_term_string\"}}],\"inLanguage\":\"pt-BR\"},{\"@type\":\"Organization\",\"@id\":\"https:\/\/www.notibras.com\/site\/#organization\",\"name\":\"Grupo Notibras de Comunica\u00e7\u00e3o\",\"url\":\"https:\/\/www.notibras.com\/site\/\",\"logo\":{\"@type\":\"ImageObject\",\"inLanguage\":\"pt-BR\",\"@id\":\"https:\/\/www.notibras.com\/site\/#\/schema\/logo\/image\/\",\"url\":\"https:\/\/www.notibras.com\/site\/wp-content\/uploads\/2023\/01\/notibras23.png\",\"contentUrl\":\"https:\/\/www.notibras.com\/site\/wp-content\/uploads\/2023\/01\/notibras23.png\",\"width\":350,\"height\":87,\"caption\":\"Grupo Notibras de Comunica\u00e7\u00e3o\"},\"image\":{\"@id\":\"https:\/\/www.notibras.com\/site\/#\/schema\/logo\/image\/\"},\"sameAs\":[\"https:\/\/www.facebook.com\/notibras\/\",\"https:\/\/x.com\/Notibras\",\"https:\/\/www.instagram.com\/notibras\/\"]},{\"@type\":\"Person\",\"@id\":\"https:\/\/www.notibras.com\/site\/#\/schema\/person\/36ab0979449956132d3e5b517ea76ac8\",\"name\":\"Reda\u00e7\u00e3o\",\"image\":{\"@type\":\"ImageObject\",\"inLanguage\":\"pt-BR\",\"@id\":\"https:\/\/secure.gravatar.com\/avatar\/e0a867bdedb85fd243eadf09663511f96fc81e0720a4a42581f334ad4303aa6b?s=96&d=mm&r=g\",\"url\":\"https:\/\/secure.gravatar.com\/avatar\/e0a867bdedb85fd243eadf09663511f96fc81e0720a4a42581f334ad4303aa6b?s=96&d=mm&r=g\",\"contentUrl\":\"https:\/\/secure.gravatar.com\/avatar\/e0a867bdedb85fd243eadf09663511f96fc81e0720a4a42581f334ad4303aa6b?s=96&d=mm&r=g\",\"caption\":\"Reda\u00e7\u00e3o\"}}]}<\/script>\n<!-- \/ Yoast SEO plugin. -->","yoast_head_json":{"title":"Lutadores sobem ao ringue para brasiliense ver - Notibras","robots":{"index":"index","follow":"follow","max-snippet":"max-snippet:-1","max-image-preview":"max-image-preview:large","max-video-preview":"max-video-preview:-1"},"canonical":"https:\/\/www.notibras.com\/site\/lutadores-sobem-ao-ringue-para-brasiliense-ver\/","og_locale":"pt_BR","og_type":"article","og_title":"Lutadores sobem ao ringue para brasiliense ver - Notibras","og_description":"Pouco depois do sucesso do evento de abertura da temporada 2023, o WGP Kickboxing j\u00e1 tem seu pr\u00f3ximo compromisso firmado com os f\u00e3s. No dia 29 de abril, Bras\u00edlia recebe mais uma vez a organiza\u00e7\u00e3o com um card que promete. Na luta principal da noite, o campe\u00e3o dos Super-Leves (64,5kg) Tomas Chacal faz sua primeira [&hellip;]","og_url":"https:\/\/www.notibras.com\/site\/lutadores-sobem-ao-ringue-para-brasiliense-ver\/","og_site_name":"Notibras","article_publisher":"https:\/\/www.facebook.com\/notibras\/","article_published_time":"2023-04-18T20:31:22+00:00","article_modified_time":"2023-04-18T20:50:11+00:00","og_image":[{"width":1200,"height":675,"url":"https:\/\/www.notibras.com\/site\/wp-content\/uploads\/2023\/04\/tomas-chacal_widexl.jpg","type":"image\/jpeg"}],"author":"Reda\u00e7\u00e3o","twitter_card":"summary_large_image","twitter_creator":"@Notibras","twitter_site":"@Notibras","twitter_misc":{"Escrito por":"Reda\u00e7\u00e3o","Est. tempo de leitura":"5 minutos"},"schema":{"@context":"https:\/\/schema.org","@graph":[{"@type":"Article","@id":"https:\/\/www.notibras.com\/site\/lutadores-sobem-ao-ringue-para-brasiliense-ver\/#article","isPartOf":{"@id":"https:\/\/www.notibras.com\/site\/lutadores-sobem-ao-ringue-para-brasiliense-ver\/"},"author":{"name":"Reda\u00e7\u00e3o","@id":"https:\/\/www.notibras.com\/site\/#\/schema\/person\/36ab0979449956132d3e5b517ea76ac8"},"headline":"Lutadores sobem ao ringue para brasiliense ver","datePublished":"2023-04-18T20:31:22+00:00","dateModified":"2023-04-18T20:50:11+00:00","mainEntityOfPage":{"@id":"https:\/\/www.notibras.com\/site\/lutadores-sobem-ao-ringue-para-brasiliense-ver\/"},"wordCount":845,"publisher":{"@id":"https:\/\/www.notibras.com\/site\/#organization"},"image":{"@id":"https:\/\/www.notibras.com\/site\/lutadores-sobem-ao-ringue-para-brasiliense-ver\/#primaryimage"},"thumbnailUrl":"https:\/\/www.notibras.com\/site\/wp-content\/uploads\/2023\/04\/tomas-chacal_widexl.jpg","articleSection":["Quadradinho em Foco"],"inLanguage":"pt-BR"},{"@type":"WebPage","@id":"https:\/\/www.notibras.com\/site\/lutadores-sobem-ao-ringue-para-brasiliense-ver\/","url":"https:\/\/www.notibras.com\/site\/lutadores-sobem-ao-ringue-para-brasiliense-ver\/","name":"Lutadores sobem ao ringue para brasiliense ver - Notibras","isPartOf":{"@id":"https:\/\/www.notibras.com\/site\/#website"},"primaryImageOfPage":{"@id":"https:\/\/www.notibras.com\/site\/lutadores-sobem-ao-ringue-para-brasiliense-ver\/#primaryimage"},"image":{"@id":"https:\/\/www.notibras.com\/site\/lutadores-sobem-ao-ringue-para-brasiliense-ver\/#primaryimage"},"thumbnailUrl":"https:\/\/www.notibras.com\/site\/wp-content\/uploads\/2023\/04\/tomas-chacal_widexl.jpg","datePublished":"2023-04-18T20:31:22+00:00","dateModified":"2023-04-18T20:50:11+00:00","breadcrumb":{"@id":"https:\/\/www.notibras.com\/site\/lutadores-sobem-ao-ringue-para-brasiliense-ver\/#breadcrumb"},"inLanguage":"pt-BR","potentialAction":[{"@type":"ReadAction","target":["https:\/\/www.notibras.com\/site\/lutadores-sobem-ao-ringue-para-brasiliense-ver\/"]}]},{"@type":"ImageObject","inLanguage":"pt-BR","@id":"https:\/\/www.notibras.com\/site\/lutadores-sobem-ao-ringue-para-brasiliense-ver\/#primaryimage","url":"https:\/\/www.notibras.com\/site\/wp-content\/uploads\/2023\/04\/tomas-chacal_widexl.jpg","contentUrl":"https:\/\/www.notibras.com\/site\/wp-content\/uploads\/2023\/04\/tomas-chacal_widexl.jpg","width":1200,"height":675},{"@type":"BreadcrumbList","@id":"https:\/\/www.notibras.com\/site\/lutadores-sobem-ao-ringue-para-brasiliense-ver\/#breadcrumb","itemListElement":[{"@type":"ListItem","position":1,"name":"In\u00edcio","item":"https:\/\/www.notibras.com\/site\/"},{"@type":"ListItem","position":2,"name":"Lutadores sobem ao ringue para brasiliense ver"}]},{"@type":"WebSite","@id":"https:\/\/www.notibras.com\/site\/#website","url":"https:\/\/www.notibras.com\/site\/","name":"Notibras","description":"Not\u00edcias de Bras\u00edlia, do Brasil e do Mundo","publisher":{"@id":"https:\/\/www.notibras.com\/site\/#organization"},"potentialAction":[{"@type":"SearchAction","target":{"@type":"EntryPoint","urlTemplate":"https:\/\/www.notibras.com\/site\/?s={search_term_string}"},"query-input":{"@type":"PropertyValueSpecification","valueRequired":true,"valueName":"search_term_string"}}],"inLanguage":"pt-BR"},{"@type":"Organization","@id":"https:\/\/www.notibras.com\/site\/#organization","name":"Grupo Notibras de Comunica\u00e7\u00e3o","url":"https:\/\/www.notibras.com\/site\/","logo":{"@type":"ImageObject","inLanguage":"pt-BR","@id":"https:\/\/www.notibras.com\/site\/#\/schema\/logo\/image\/","url":"https:\/\/www.notibras.com\/site\/wp-content\/uploads\/2023\/01\/notibras23.png","contentUrl":"https:\/\/www.notibras.com\/site\/wp-content\/uploads\/2023\/01\/notibras23.png","width":350,"height":87,"caption":"Grupo Notibras de Comunica\u00e7\u00e3o"},"image":{"@id":"https:\/\/www.notibras.com\/site\/#\/schema\/logo\/image\/"},"sameAs":["https:\/\/www.facebook.com\/notibras\/","https:\/\/x.com\/Notibras","https:\/\/www.instagram.com\/notibras\/"]},{"@type":"Person","@id":"https:\/\/www.notibras.com\/site\/#\/schema\/person\/36ab0979449956132d3e5b517ea76ac8","name":"Reda\u00e7\u00e3o","image":{"@type":"ImageObject","inLanguage":"pt-BR","@id":"https:\/\/secure.gravatar.com\/avatar\/e0a867bdedb85fd243eadf09663511f96fc81e0720a4a42581f334ad4303aa6b?s=96&d=mm&r=g","url":"https:\/\/secure.gravatar.com\/avatar\/e0a867bdedb85fd243eadf09663511f96fc81e0720a4a42581f334ad4303aa6b?s=96&d=mm&r=g","contentUrl":"https:\/\/secure.gravatar.com\/avatar\/e0a867bdedb85fd243eadf09663511f96fc81e0720a4a42581f334ad4303aa6b?s=96&d=mm&r=g","caption":"Reda\u00e7\u00e3o"}}]}},"amp_enabled":true,"_links":{"self":[{"href":"https:\/\/www.notibras.com\/site\/wp-json\/wp\/v2\/posts\/303270","targetHints":{"allow":["GET"]}}],"collection":[{"href":"https:\/\/www.notibras.com\/site\/wp-json\/wp\/v2\/posts"}],"about":[{"href":"https:\/\/www.notibras.com\/site\/wp-json\/wp\/v2\/types\/post"}],"author":[{"embeddable":true,"href":"https:\/\/www.notibras.com\/site\/wp-json\/wp\/v2\/users\/2"}],"replies":[{"embeddable":true,"href":"https:\/\/www.notibras.com\/site\/wp-json\/wp\/v2\/comments?post=303270"}],"version-history":[{"count":4,"href":"https:\/\/www.notibras.com\/site\/wp-json\/wp\/v2\/posts\/303270\/revisions"}],"predecessor-version":[{"id":303276,"href":"https:\/\/www.notibras.com\/site\/wp-json\/wp\/v2\/posts\/303270\/revisions\/303276"}],"wp:featuredmedia":[{"embeddable":true,"href":"https:\/\/www.notibras.com\/site\/wp-json\/wp\/v2\/media\/303273"}],"wp:attachment":[{"href":"https:\/\/www.notibras.com\/site\/wp-json\/wp\/v2\/media?parent=303270"}],"wp:term":[{"taxonomy":"category","embeddable":true,"href":"https:\/\/www.notibras.com\/site\/wp-json\/wp\/v2\/categories?post=303270"},{"taxonomy":"post_tag","embeddable":true,"href":"https:\/\/www.notibras.com\/site\/wp-json\/wp\/v2\/tags?post=303270"}],"curies":[{"name":"wp","href":"https:\/\/api.w.org\/{rel}","templated":true}]}}