{"id":303277,"date":"2023-04-18T18:57:39","date_gmt":"2023-04-18T21:57:39","guid":{"rendered":"https:\/\/www.notibras.com\/site\/?p=303277"},"modified":"2023-04-19T13:46:33","modified_gmt":"2023-04-19T16:46:33","slug":"corpo-que-em-vida-causou-inveja-repousa-numa-cova-fria","status":"publish","type":"post","link":"https:\/\/www.notibras.com\/site\/corpo-que-em-vida-causou-inveja-repousa-numa-cova-fria\/","title":{"rendered":"Corpo que em vida causou inveja dorme em cova fria"},"content":{"rendered":"<p>Madrugada fria e chuvosa. Eram apenas eu e o motorista do aplicativo singrando aquelas ruas, indo em dire\u00e7\u00e3o \u00e0 capela mortu\u00e1ria, bem ao lado do cemit\u00e9rio, onde velavam o corpo de um amigo de longa data. Compromissos profissionais inadi\u00e1veis levariam-me a viajar logo de manh\u00e3, mas por poucas horas queria estar perto, n\u00e3o s\u00f3 daquele que se fora, mas de sua fam\u00edlia e de outros amigos para os quais a perda recente deixava uma lacuna definitiva.<\/p>\n<p>O r\u00e1dio do carro, sintonizado numa esta\u00e7\u00e3o de not\u00edcias, falava sobre coisas pol\u00edticas que, naquele momento, pareciam absolutamente sem import\u00e2ncia, embora houvessem ocupado gravemente as aten\u00e7\u00f5es de meu amigo nos dias derradeiros de sua exist\u00eancia. A situa\u00e7\u00e3o do pa\u00eds o consumia. O cargo que ocupava exigia-lhe esfor\u00e7os violentos para controlar certas situa\u00e7\u00f5es, e isso o afastava do conv\u00edvio com os seus.<\/p>\n<p>Num encontro ao acaso, no aeroporto, ele se queixara comigo. Queria dedicar mais tempo \u00e0 esposa e \u00e0s filhas. Permitir-se atividades prazerosas, entregar-se ao descanso, direito de todo aquele que t\u00e3o fielmente cumpria suas atividades profissionais, mas tudo colocava antes de si mesmo e de suas necessidades. Somente o trabalho, somente a causa p\u00fablica, somente os interesses do pa\u00eds. Assim, distanciava-se da fam\u00edlia, dos amigos e, com os poucos que ainda encontrava, n\u00famero no qual eu estava inclu\u00eddo, confessava sua desesperan\u00e7a com o Brasil.<\/p>\n<p>Eu vinha no carro trocando mensagens com outro amigo, j\u00e1 presente ao vel\u00f3rio, e esse me informava que, na capela mortu\u00e1ria, apenas um pequeno grupo de familiares, incluindo a vi\u00fava e a filha mais velha, bem como seis outros amigos comuns, aguardavam o dia raiar e a hora do sepultamento, marcado para as 9 horas da manh\u00e3. A longa vig\u00edlia da madrugada impunha-se para aguardar a viagem de um irm\u00e3o do falecido o qual, ocupando posto militar em distante estado, s\u00f3 poderia chegar pela manh\u00e3.<\/p>\n<p>A descri\u00e7\u00e3o propiciava-me imaginar o quadro que, muito brevemente, estaria diante de mim. Um vel\u00f3rio com poucas pessoas \u00e9 sempre pior. Mais triste, mais melanc\u00f3lico. Parece que esse evento t\u00e3o triste p\u00f5e \u00e0 prova os que, verdadeiramente, ligam-se ao morto ou aos mais pr\u00f3ximos sobreviventes. O vel\u00f3rio em toda sua dura\u00e7\u00e3o \u00e9 uma via-sacra, cujo \u00e1pice se desenrola no drama do sepultamento ao qual costumam acorrer muito mais pessoas, pois trata-se de um evento bem mais vis\u00edvel.<\/p>\n<p>Poucos conseguem acompanhar, no interior da capela mortu\u00e1ria, a longa noite em claro onde, cercados pelo cheiro t\u00e3o presente de cravos e rosas, os c\u00edrios v\u00e3o se desfazendo na posi\u00e7\u00e3o de sentinelas em volta de um ata\u00fade de madeira escura, dentro do qual o outrora vivo vai se distanciando cada vez mais do mundo dos vivos e preparando-se para o sono em que ir\u00e1 submergir e permanecer profundamente at\u00e9&#8230; Quem sabe?<\/p>\n<p>Durante o caminho, pensava na exist\u00eancia que se findava. Um homem bom, que conheci ainda na flor da juventude quando, contempor\u00e2neos na vida, n\u00f3s tra\u00e7\u00e1vamos planos mirabolantes sobre o futuro, embora, em meu \u00edntimo, as aspira\u00e7\u00f5es fossem bem mais modestas. J\u00e1 ele alcan\u00e7ara bem mais do que havia sonhado. \u00cdamos chegando \u00e0 maturidade e, confesso, sentia inveja das realiza\u00e7\u00f5es de meu amigo. Agora, diante do duro quadro da morte, a inveja virava um arrependimento dolorido. Sentia-me o mais vil dos homens, e nada me consolava.<\/p>\n<p>Mesmo em posi\u00e7\u00e3o mais modesta na vida, n\u00e3o podia me queixar. Era reconhecido em meu meio profissional, a toda hora solicitado nas filiais da empresa em que trabalhava para instruir e palestrar.<\/p>\n<p>Com meu amigo, no entanto, era diferente. Sua autoridade, desenvolvida nos cargos de express\u00e3o que ocupara no governo, impunha-se naturalmente. Rep\u00f3rteres e analistas pol\u00edticos vinham ter com ele para ficarem a par de assuntos importantes, seu nome sa\u00eda nos jornais e ele aparecia na TV. Mas, mesmo revestido de sua import\u00e2ncia, mesmo que sobre seus ombros desabassem, com a maturidade, o peso de tanto poder e responsabilidade, seus olhos, os mesmos vistos por mim dias antes de sua morte, ainda brilhantes, ainda v\u00edvidos, ainda inquietos, n\u00e3o deixavam de ser os daquele menino que sonhava, que vivia de forma leve, at\u00e9 mesmo um pouco irrespons\u00e1vel, e conservavam o mesmo frescor do amor pela vida.<\/p>\n<p>Nunca mais sua amizade, sua presen\u00e7a forte, seus s\u00e1bios conselhos. Meu cora\u00e7\u00e3o estava apertado. A inveja que sentira consumia-me por dentro, e n\u00e3o adiantava querer seu perd\u00e3o. A morte o calara, e toda a compreens\u00e3o que pudesse ter por mim tornava-se, agora, imposs\u00edvel.<\/p>\n<p>J\u00e1 n\u00e3o chovia quando o carro do aplicativo parou a 5 metros de dist\u00e2ncia da entrada da capela mortu\u00e1ria, em volta da qual percebi um carro descaracterizado da pol\u00edcia e outro que devia pertencer \u00e0 reportagem de algum jornal. Imaginei que as autoridades tivessem se preocupado em garantir a seguran\u00e7a daquela longa vig\u00edlia, protegendo os presentes dos perigos noturnos da cidade. Munido de uma mala que havia preparado para minha viagem de dali a algumas horas, fui at\u00e9 o interior do edif\u00edcio e, ap\u00f3s os cumprimentos de praxe, das palavras normalmente pronunciadas nesses eventos, debrucei-me, sobre uma das janelas do local, que dava para o grande cemit\u00e9rio e acendi um cigarro, contrariando a advert\u00eancia contida numa plaqueta na parede.<\/p>\n<p>A madrugada come\u00e7ava a se findar, e o azul profundo do c\u00e9u, confundido por pesadas nuvens, era desafiado pelos primeiros tra\u00e7os do dia.<\/p>\n<p>Observando aqueles t\u00famulos, uma sucess\u00e3o quase infind\u00e1vel daqueles monumentos \u00e0 morte, memoriais de pessoas idas, v\u00e1rias das quais experimentaram o drama completo da vida muito antes que eu nascesse, fiquei refletindo sobre todos os sentimentos experimentados desde que soubera da morte de meu grande amigo. Ela servia-me de advert\u00eancia. A vida n\u00e3o \u00e9 nada sem o proveito que possamos ter nela. As verdadeiras conquistas s\u00e3o as do cora\u00e7\u00e3o. O amor, as amizades, as experi\u00eancias, o bem que se fez em vida. E, no entanto, colocamos acima disso tantos objetivos. Por vezes, parecermos querer controlar o tempo como se a areia da ampulheta estivesse escorregando por nossas m\u00e3os. Passamos longos anos numa verdadeira batalha por conquistas que supostamente seriam a coroa\u00e7\u00e3o de nossas vidas, e no final corremos o risco de, amargamente, descobrir que a pr\u00f3pria vida foi perdida nessa batalha, e mesmo o objetivo atingido pode n\u00e3o representar mais nada se colocado em perspectiva do que tem verdadeira import\u00e2ncia.<\/p>\n<p>Meu amigo morto e eu, depois dos devaneios da juventude, fomos desigualados pela vida. Eu, agora, estava em condi\u00e7\u00e3o superior, porque vivia. Mas, um dia, nos igualar\u00edamos na morte. E essa igualdade seria perp\u00e9tua&#8230; Definitiva.<\/p>\n<p>Ele seria uma mem\u00f3ria, mas eu estava ali: senhor de minhas iniciativas dali por diante, consciente disso como nunca.<\/p>\n<p>Foi na chegada ao vel\u00f3rio que me senti absolvido por completo da minha inveja e aliviado do remorso por ela provocado. \u00c9 porque, no momento em que o carro do aplicativo parou, a suave voz que orienta a navega\u00e7\u00e3o pelo mapa lembrou-me de algo sobre que venho refletindo at\u00e9 hoje. A frase, dita em frente \u00e0 capela mortu\u00e1ria, de onde j\u00e1 se divisavam as coroas de flores, os seres enlutados e, pouco al\u00e9m, o muro gradeado do cemit\u00e9rio deixando entrever as quadras mais nobres com seus imponentes jazigos, foi simples. Mas provocativa.<\/p>\n<p>\u201cVoc\u00ea chegou ao seu destino.\u201d<\/p>\n<p><strong>*Advogado, \u00e9 o mais novo colaborador de Notibras<\/strong><\/p>\n","protected":false},"excerpt":{"rendered":"<p>Madrugada fria e chuvosa. Eram apenas eu e o motorista do aplicativo singrando aquelas ruas, indo em dire\u00e7\u00e3o \u00e0 capela mortu\u00e1ria, bem ao lado do cemit\u00e9rio, onde velavam o corpo de um amigo de longa data. Compromissos profissionais inadi\u00e1veis levariam-me a viajar logo de manh\u00e3, mas por poucas horas queria estar perto, n\u00e3o s\u00f3 daquele [&hellip;]<\/p>\n","protected":false},"author":2,"featured_media":303278,"comment_status":"closed","ping_status":"closed","sticky":false,"template":"","format":"standard","meta":{"_acf_changed":false,"footnotes":""},"categories":[161],"tags":[95],"class_list":["post-303277","post","type-post","status-publish","format-standard","has-post-thumbnail","hentry","category-quadradinho-em-foco","tag-capa"],"acf":[],"yoast_head":"<!-- This site is optimized with the Yoast SEO plugin v27.2 - https:\/\/yoast.com\/product\/yoast-seo-wordpress\/ -->\n<title>Corpo que em vida causou inveja dorme em cova fria - Notibras<\/title>\n<meta name=\"robots\" content=\"index, follow, max-snippet:-1, max-image-preview:large, max-video-preview:-1\" \/>\n<link rel=\"canonical\" href=\"https:\/\/www.notibras.com\/site\/corpo-que-em-vida-causou-inveja-repousa-numa-cova-fria\/\" \/>\n<meta property=\"og:locale\" content=\"pt_BR\" \/>\n<meta property=\"og:type\" content=\"article\" \/>\n<meta property=\"og:title\" content=\"Corpo que em vida causou inveja dorme em cova fria - Notibras\" \/>\n<meta property=\"og:description\" content=\"Madrugada fria e chuvosa. Eram apenas eu e o motorista do aplicativo singrando aquelas ruas, indo em dire\u00e7\u00e3o \u00e0 capela mortu\u00e1ria, bem ao lado do cemit\u00e9rio, onde velavam o corpo de um amigo de longa data. Compromissos profissionais inadi\u00e1veis levariam-me a viajar logo de manh\u00e3, mas por poucas horas queria estar perto, n\u00e3o s\u00f3 daquele [&hellip;]\" \/>\n<meta property=\"og:url\" content=\"https:\/\/www.notibras.com\/site\/corpo-que-em-vida-causou-inveja-repousa-numa-cova-fria\/\" \/>\n<meta property=\"og:site_name\" content=\"Notibras\" \/>\n<meta property=\"article:publisher\" content=\"https:\/\/www.facebook.com\/notibras\/\" \/>\n<meta property=\"article:published_time\" content=\"2023-04-18T21:57:39+00:00\" \/>\n<meta property=\"article:modified_time\" content=\"2023-04-19T16:46:33+00:00\" \/>\n<meta property=\"og:image\" content=\"https:\/\/www.notibras.com\/site\/wp-content\/uploads\/2023\/04\/mca_finados_campo_da_esperanca_0211202543.jpg\" \/>\n\t<meta property=\"og:image:width\" content=\"770\" \/>\n\t<meta property=\"og:image:height\" content=\"513\" \/>\n\t<meta property=\"og:image:type\" content=\"image\/jpeg\" \/>\n<meta name=\"author\" content=\"Reda\u00e7\u00e3o\" \/>\n<meta name=\"twitter:card\" content=\"summary_large_image\" \/>\n<meta name=\"twitter:creator\" content=\"@Notibras\" \/>\n<meta name=\"twitter:site\" content=\"@Notibras\" \/>\n<meta name=\"twitter:label1\" content=\"Escrito por\" \/>\n\t<meta name=\"twitter:data1\" content=\"Reda\u00e7\u00e3o\" \/>\n\t<meta name=\"twitter:label2\" content=\"Est. tempo de leitura\" \/>\n\t<meta name=\"twitter:data2\" content=\"7 minutos\" \/>\n<script type=\"application\/ld+json\" class=\"yoast-schema-graph\">{\"@context\":\"https:\/\/schema.org\",\"@graph\":[{\"@type\":\"Article\",\"@id\":\"https:\/\/www.notibras.com\/site\/corpo-que-em-vida-causou-inveja-repousa-numa-cova-fria\/#article\",\"isPartOf\":{\"@id\":\"https:\/\/www.notibras.com\/site\/corpo-que-em-vida-causou-inveja-repousa-numa-cova-fria\/\"},\"author\":{\"name\":\"Reda\u00e7\u00e3o\",\"@id\":\"https:\/\/www.notibras.com\/site\/#\/schema\/person\/36ab0979449956132d3e5b517ea76ac8\"},\"headline\":\"Corpo que em vida causou inveja dorme em cova fria\",\"datePublished\":\"2023-04-18T21:57:39+00:00\",\"dateModified\":\"2023-04-19T16:46:33+00:00\",\"mainEntityOfPage\":{\"@id\":\"https:\/\/www.notibras.com\/site\/corpo-que-em-vida-causou-inveja-repousa-numa-cova-fria\/\"},\"wordCount\":1288,\"publisher\":{\"@id\":\"https:\/\/www.notibras.com\/site\/#organization\"},\"image\":{\"@id\":\"https:\/\/www.notibras.com\/site\/corpo-que-em-vida-causou-inveja-repousa-numa-cova-fria\/#primaryimage\"},\"thumbnailUrl\":\"https:\/\/www.notibras.com\/site\/wp-content\/uploads\/2023\/04\/mca_finados_campo_da_esperanca_0211202543.jpg\",\"keywords\":[\"capa\"],\"articleSection\":[\"Quadradinho em Foco\"],\"inLanguage\":\"pt-BR\"},{\"@type\":\"WebPage\",\"@id\":\"https:\/\/www.notibras.com\/site\/corpo-que-em-vida-causou-inveja-repousa-numa-cova-fria\/\",\"url\":\"https:\/\/www.notibras.com\/site\/corpo-que-em-vida-causou-inveja-repousa-numa-cova-fria\/\",\"name\":\"Corpo que em vida causou inveja dorme em cova fria - Notibras\",\"isPartOf\":{\"@id\":\"https:\/\/www.notibras.com\/site\/#website\"},\"primaryImageOfPage\":{\"@id\":\"https:\/\/www.notibras.com\/site\/corpo-que-em-vida-causou-inveja-repousa-numa-cova-fria\/#primaryimage\"},\"image\":{\"@id\":\"https:\/\/www.notibras.com\/site\/corpo-que-em-vida-causou-inveja-repousa-numa-cova-fria\/#primaryimage\"},\"thumbnailUrl\":\"https:\/\/www.notibras.com\/site\/wp-content\/uploads\/2023\/04\/mca_finados_campo_da_esperanca_0211202543.jpg\",\"datePublished\":\"2023-04-18T21:57:39+00:00\",\"dateModified\":\"2023-04-19T16:46:33+00:00\",\"breadcrumb\":{\"@id\":\"https:\/\/www.notibras.com\/site\/corpo-que-em-vida-causou-inveja-repousa-numa-cova-fria\/#breadcrumb\"},\"inLanguage\":\"pt-BR\",\"potentialAction\":[{\"@type\":\"ReadAction\",\"target\":[\"https:\/\/www.notibras.com\/site\/corpo-que-em-vida-causou-inveja-repousa-numa-cova-fria\/\"]}]},{\"@type\":\"ImageObject\",\"inLanguage\":\"pt-BR\",\"@id\":\"https:\/\/www.notibras.com\/site\/corpo-que-em-vida-causou-inveja-repousa-numa-cova-fria\/#primaryimage\",\"url\":\"https:\/\/www.notibras.com\/site\/wp-content\/uploads\/2023\/04\/mca_finados_campo_da_esperanca_0211202543.jpg\",\"contentUrl\":\"https:\/\/www.notibras.com\/site\/wp-content\/uploads\/2023\/04\/mca_finados_campo_da_esperanca_0211202543.jpg\",\"width\":770,\"height\":513,\"caption\":\"Dia de Finados no cemit\u00e9rio Campo da esperan\u00e7a em Bras\u00edlia\"},{\"@type\":\"BreadcrumbList\",\"@id\":\"https:\/\/www.notibras.com\/site\/corpo-que-em-vida-causou-inveja-repousa-numa-cova-fria\/#breadcrumb\",\"itemListElement\":[{\"@type\":\"ListItem\",\"position\":1,\"name\":\"In\u00edcio\",\"item\":\"https:\/\/www.notibras.com\/site\/\"},{\"@type\":\"ListItem\",\"position\":2,\"name\":\"Corpo que em vida causou inveja dorme em cova fria\"}]},{\"@type\":\"WebSite\",\"@id\":\"https:\/\/www.notibras.com\/site\/#website\",\"url\":\"https:\/\/www.notibras.com\/site\/\",\"name\":\"Notibras\",\"description\":\"Not\u00edcias de Bras\u00edlia, do Brasil e do Mundo\",\"publisher\":{\"@id\":\"https:\/\/www.notibras.com\/site\/#organization\"},\"potentialAction\":[{\"@type\":\"SearchAction\",\"target\":{\"@type\":\"EntryPoint\",\"urlTemplate\":\"https:\/\/www.notibras.com\/site\/?s={search_term_string}\"},\"query-input\":{\"@type\":\"PropertyValueSpecification\",\"valueRequired\":true,\"valueName\":\"search_term_string\"}}],\"inLanguage\":\"pt-BR\"},{\"@type\":\"Organization\",\"@id\":\"https:\/\/www.notibras.com\/site\/#organization\",\"name\":\"Grupo Notibras de Comunica\u00e7\u00e3o\",\"url\":\"https:\/\/www.notibras.com\/site\/\",\"logo\":{\"@type\":\"ImageObject\",\"inLanguage\":\"pt-BR\",\"@id\":\"https:\/\/www.notibras.com\/site\/#\/schema\/logo\/image\/\",\"url\":\"https:\/\/www.notibras.com\/site\/wp-content\/uploads\/2023\/01\/notibras23.png\",\"contentUrl\":\"https:\/\/www.notibras.com\/site\/wp-content\/uploads\/2023\/01\/notibras23.png\",\"width\":350,\"height\":87,\"caption\":\"Grupo Notibras de Comunica\u00e7\u00e3o\"},\"image\":{\"@id\":\"https:\/\/www.notibras.com\/site\/#\/schema\/logo\/image\/\"},\"sameAs\":[\"https:\/\/www.facebook.com\/notibras\/\",\"https:\/\/x.com\/Notibras\",\"https:\/\/www.instagram.com\/notibras\/\"]},{\"@type\":\"Person\",\"@id\":\"https:\/\/www.notibras.com\/site\/#\/schema\/person\/36ab0979449956132d3e5b517ea76ac8\",\"name\":\"Reda\u00e7\u00e3o\",\"image\":{\"@type\":\"ImageObject\",\"inLanguage\":\"pt-BR\",\"@id\":\"https:\/\/secure.gravatar.com\/avatar\/e0a867bdedb85fd243eadf09663511f96fc81e0720a4a42581f334ad4303aa6b?s=96&d=mm&r=g\",\"url\":\"https:\/\/secure.gravatar.com\/avatar\/e0a867bdedb85fd243eadf09663511f96fc81e0720a4a42581f334ad4303aa6b?s=96&d=mm&r=g\",\"contentUrl\":\"https:\/\/secure.gravatar.com\/avatar\/e0a867bdedb85fd243eadf09663511f96fc81e0720a4a42581f334ad4303aa6b?s=96&d=mm&r=g\",\"caption\":\"Reda\u00e7\u00e3o\"}}]}<\/script>\n<!-- \/ Yoast SEO plugin. -->","yoast_head_json":{"title":"Corpo que em vida causou inveja dorme em cova fria - Notibras","robots":{"index":"index","follow":"follow","max-snippet":"max-snippet:-1","max-image-preview":"max-image-preview:large","max-video-preview":"max-video-preview:-1"},"canonical":"https:\/\/www.notibras.com\/site\/corpo-que-em-vida-causou-inveja-repousa-numa-cova-fria\/","og_locale":"pt_BR","og_type":"article","og_title":"Corpo que em vida causou inveja dorme em cova fria - Notibras","og_description":"Madrugada fria e chuvosa. Eram apenas eu e o motorista do aplicativo singrando aquelas ruas, indo em dire\u00e7\u00e3o \u00e0 capela mortu\u00e1ria, bem ao lado do cemit\u00e9rio, onde velavam o corpo de um amigo de longa data. Compromissos profissionais inadi\u00e1veis levariam-me a viajar logo de manh\u00e3, mas por poucas horas queria estar perto, n\u00e3o s\u00f3 daquele [&hellip;]","og_url":"https:\/\/www.notibras.com\/site\/corpo-que-em-vida-causou-inveja-repousa-numa-cova-fria\/","og_site_name":"Notibras","article_publisher":"https:\/\/www.facebook.com\/notibras\/","article_published_time":"2023-04-18T21:57:39+00:00","article_modified_time":"2023-04-19T16:46:33+00:00","og_image":[{"width":770,"height":513,"url":"https:\/\/www.notibras.com\/site\/wp-content\/uploads\/2023\/04\/mca_finados_campo_da_esperanca_0211202543.jpg","type":"image\/jpeg"}],"author":"Reda\u00e7\u00e3o","twitter_card":"summary_large_image","twitter_creator":"@Notibras","twitter_site":"@Notibras","twitter_misc":{"Escrito por":"Reda\u00e7\u00e3o","Est. tempo de leitura":"7 minutos"},"schema":{"@context":"https:\/\/schema.org","@graph":[{"@type":"Article","@id":"https:\/\/www.notibras.com\/site\/corpo-que-em-vida-causou-inveja-repousa-numa-cova-fria\/#article","isPartOf":{"@id":"https:\/\/www.notibras.com\/site\/corpo-que-em-vida-causou-inveja-repousa-numa-cova-fria\/"},"author":{"name":"Reda\u00e7\u00e3o","@id":"https:\/\/www.notibras.com\/site\/#\/schema\/person\/36ab0979449956132d3e5b517ea76ac8"},"headline":"Corpo que em vida causou inveja dorme em cova fria","datePublished":"2023-04-18T21:57:39+00:00","dateModified":"2023-04-19T16:46:33+00:00","mainEntityOfPage":{"@id":"https:\/\/www.notibras.com\/site\/corpo-que-em-vida-causou-inveja-repousa-numa-cova-fria\/"},"wordCount":1288,"publisher":{"@id":"https:\/\/www.notibras.com\/site\/#organization"},"image":{"@id":"https:\/\/www.notibras.com\/site\/corpo-que-em-vida-causou-inveja-repousa-numa-cova-fria\/#primaryimage"},"thumbnailUrl":"https:\/\/www.notibras.com\/site\/wp-content\/uploads\/2023\/04\/mca_finados_campo_da_esperanca_0211202543.jpg","keywords":["capa"],"articleSection":["Quadradinho em Foco"],"inLanguage":"pt-BR"},{"@type":"WebPage","@id":"https:\/\/www.notibras.com\/site\/corpo-que-em-vida-causou-inveja-repousa-numa-cova-fria\/","url":"https:\/\/www.notibras.com\/site\/corpo-que-em-vida-causou-inveja-repousa-numa-cova-fria\/","name":"Corpo que em vida causou inveja dorme em cova fria - Notibras","isPartOf":{"@id":"https:\/\/www.notibras.com\/site\/#website"},"primaryImageOfPage":{"@id":"https:\/\/www.notibras.com\/site\/corpo-que-em-vida-causou-inveja-repousa-numa-cova-fria\/#primaryimage"},"image":{"@id":"https:\/\/www.notibras.com\/site\/corpo-que-em-vida-causou-inveja-repousa-numa-cova-fria\/#primaryimage"},"thumbnailUrl":"https:\/\/www.notibras.com\/site\/wp-content\/uploads\/2023\/04\/mca_finados_campo_da_esperanca_0211202543.jpg","datePublished":"2023-04-18T21:57:39+00:00","dateModified":"2023-04-19T16:46:33+00:00","breadcrumb":{"@id":"https:\/\/www.notibras.com\/site\/corpo-que-em-vida-causou-inveja-repousa-numa-cova-fria\/#breadcrumb"},"inLanguage":"pt-BR","potentialAction":[{"@type":"ReadAction","target":["https:\/\/www.notibras.com\/site\/corpo-que-em-vida-causou-inveja-repousa-numa-cova-fria\/"]}]},{"@type":"ImageObject","inLanguage":"pt-BR","@id":"https:\/\/www.notibras.com\/site\/corpo-que-em-vida-causou-inveja-repousa-numa-cova-fria\/#primaryimage","url":"https:\/\/www.notibras.com\/site\/wp-content\/uploads\/2023\/04\/mca_finados_campo_da_esperanca_0211202543.jpg","contentUrl":"https:\/\/www.notibras.com\/site\/wp-content\/uploads\/2023\/04\/mca_finados_campo_da_esperanca_0211202543.jpg","width":770,"height":513,"caption":"Dia de Finados no cemit\u00e9rio Campo da esperan\u00e7a em Bras\u00edlia"},{"@type":"BreadcrumbList","@id":"https:\/\/www.notibras.com\/site\/corpo-que-em-vida-causou-inveja-repousa-numa-cova-fria\/#breadcrumb","itemListElement":[{"@type":"ListItem","position":1,"name":"In\u00edcio","item":"https:\/\/www.notibras.com\/site\/"},{"@type":"ListItem","position":2,"name":"Corpo que em vida causou inveja dorme em cova fria"}]},{"@type":"WebSite","@id":"https:\/\/www.notibras.com\/site\/#website","url":"https:\/\/www.notibras.com\/site\/","name":"Notibras","description":"Not\u00edcias de Bras\u00edlia, do Brasil e do Mundo","publisher":{"@id":"https:\/\/www.notibras.com\/site\/#organization"},"potentialAction":[{"@type":"SearchAction","target":{"@type":"EntryPoint","urlTemplate":"https:\/\/www.notibras.com\/site\/?s={search_term_string}"},"query-input":{"@type":"PropertyValueSpecification","valueRequired":true,"valueName":"search_term_string"}}],"inLanguage":"pt-BR"},{"@type":"Organization","@id":"https:\/\/www.notibras.com\/site\/#organization","name":"Grupo Notibras de Comunica\u00e7\u00e3o","url":"https:\/\/www.notibras.com\/site\/","logo":{"@type":"ImageObject","inLanguage":"pt-BR","@id":"https:\/\/www.notibras.com\/site\/#\/schema\/logo\/image\/","url":"https:\/\/www.notibras.com\/site\/wp-content\/uploads\/2023\/01\/notibras23.png","contentUrl":"https:\/\/www.notibras.com\/site\/wp-content\/uploads\/2023\/01\/notibras23.png","width":350,"height":87,"caption":"Grupo Notibras de Comunica\u00e7\u00e3o"},"image":{"@id":"https:\/\/www.notibras.com\/site\/#\/schema\/logo\/image\/"},"sameAs":["https:\/\/www.facebook.com\/notibras\/","https:\/\/x.com\/Notibras","https:\/\/www.instagram.com\/notibras\/"]},{"@type":"Person","@id":"https:\/\/www.notibras.com\/site\/#\/schema\/person\/36ab0979449956132d3e5b517ea76ac8","name":"Reda\u00e7\u00e3o","image":{"@type":"ImageObject","inLanguage":"pt-BR","@id":"https:\/\/secure.gravatar.com\/avatar\/e0a867bdedb85fd243eadf09663511f96fc81e0720a4a42581f334ad4303aa6b?s=96&d=mm&r=g","url":"https:\/\/secure.gravatar.com\/avatar\/e0a867bdedb85fd243eadf09663511f96fc81e0720a4a42581f334ad4303aa6b?s=96&d=mm&r=g","contentUrl":"https:\/\/secure.gravatar.com\/avatar\/e0a867bdedb85fd243eadf09663511f96fc81e0720a4a42581f334ad4303aa6b?s=96&d=mm&r=g","caption":"Reda\u00e7\u00e3o"}}]}},"amp_enabled":true,"_links":{"self":[{"href":"https:\/\/www.notibras.com\/site\/wp-json\/wp\/v2\/posts\/303277","targetHints":{"allow":["GET"]}}],"collection":[{"href":"https:\/\/www.notibras.com\/site\/wp-json\/wp\/v2\/posts"}],"about":[{"href":"https:\/\/www.notibras.com\/site\/wp-json\/wp\/v2\/types\/post"}],"author":[{"embeddable":true,"href":"https:\/\/www.notibras.com\/site\/wp-json\/wp\/v2\/users\/2"}],"replies":[{"embeddable":true,"href":"https:\/\/www.notibras.com\/site\/wp-json\/wp\/v2\/comments?post=303277"}],"version-history":[{"count":2,"href":"https:\/\/www.notibras.com\/site\/wp-json\/wp\/v2\/posts\/303277\/revisions"}],"predecessor-version":[{"id":303332,"href":"https:\/\/www.notibras.com\/site\/wp-json\/wp\/v2\/posts\/303277\/revisions\/303332"}],"wp:featuredmedia":[{"embeddable":true,"href":"https:\/\/www.notibras.com\/site\/wp-json\/wp\/v2\/media\/303278"}],"wp:attachment":[{"href":"https:\/\/www.notibras.com\/site\/wp-json\/wp\/v2\/media?parent=303277"}],"wp:term":[{"taxonomy":"category","embeddable":true,"href":"https:\/\/www.notibras.com\/site\/wp-json\/wp\/v2\/categories?post=303277"},{"taxonomy":"post_tag","embeddable":true,"href":"https:\/\/www.notibras.com\/site\/wp-json\/wp\/v2\/tags?post=303277"}],"curies":[{"name":"wp","href":"https:\/\/api.w.org\/{rel}","templated":true}]}}