{"id":303281,"date":"2023-04-18T18:20:17","date_gmt":"2023-04-18T21:20:17","guid":{"rendered":"https:\/\/www.notibras.com\/site\/?p=303281"},"modified":"2023-04-18T20:26:10","modified_gmt":"2023-04-18T23:26:10","slug":"presidente-romeno-se-encanta-com-historia-da-capital","status":"publish","type":"post","link":"https:\/\/www.notibras.com\/site\/presidente-romeno-se-encanta-com-historia-da-capital\/","title":{"rendered":"Presidente romeno se encanta com hist\u00f3ria da capital"},"content":{"rendered":"<p>O presidente da Rom\u00eania, Klaus Werner Iohannis, visitou o Memorial JK nesta ter\u00e7a-feira (18). Recebido pelo vice-presidente Andr\u00e9 Kubitschek, um dos bisnetos de JK nascidos em Bras\u00edlia, ele conheceu o museu dedicado \u00e0 mem\u00f3ria do fundador de Bras\u00edlia e se disse &#8216;encantado&#8217; com o espa\u00e7o.<\/p>\n<p>Durante a visita, o presidente romeno ouviu os detalhes da hist\u00f3ria da constru\u00e7\u00e3o de Bras\u00edlia e mostrou-se admirado com o Memorial, presidido por Anna Christina Kubitschek, que tamb\u00e9m o acompanhou. \u201cSe f\u00f4ssemos fazer Bras\u00edlia hoje em dia, demorar\u00edamos 300 anos\u201d, comentou Klaus Iohannis.<\/p>\n<p>Segundo Andr\u00e9 Kubitschek, a visita valorizou o maior museu particular da capital. \u201cO primeiro compromisso do presidente Iohannis ao chegar em Bras\u00edlia foi a visita ao Memorial, o que \u00e9 uma homenagem tocante que a Rom\u00eania fez ao fundador da cidade, ao Brasil e a Bras\u00edlia, na semana do anivers\u00e1rio da cidade. Foi uma visita bem positiva, em todos os sentidos\u201d, avaliou.<\/p>\n<p>Para Paulo Oct\u00e1vio, tamb\u00e9m vice-presidente do Memorial JK, a presen\u00e7a do presidente da Rom\u00eania tem um legado importante. \u201cAcho que todo presidente que vem ao Memorial sente a import\u00e2ncia que \u00e9 ocupar este cargo e o que tem de deixar um legado para as futuras gera\u00e7\u00f5es. O que se v\u00ea no Memorial \u00e9 um presidente que, em cinco anos, deixou um legado para hist\u00f3ria, um legado de democracia, de boa governan\u00e7a e de realiza\u00e7\u00f5es\u201d, afirmou.<\/p>\n<p>Ainda em Bras\u00edlia, o presidente da Rom\u00eania encontrou-se com o presidente Lula, no Pal\u00e1cio Itamaraty, para debater a intensifica\u00e7\u00e3o dos contatos pol\u00edticos e a coopera\u00e7\u00e3o em temas ambientais e econ\u00f4mico-comerciais &#8212; em especial, na agricultura e aeron\u00e1utica. Em seguida, Klaus Iohannis viajou para o Rio de Janeiro, onde teria encontros com autoridades estaduais e municipais.<\/p>\n","protected":false},"excerpt":{"rendered":"<p>O presidente da Rom\u00eania, Klaus Werner Iohannis, visitou o Memorial JK nesta ter\u00e7a-feira (18). Recebido pelo vice-presidente Andr\u00e9 Kubitschek, um dos bisnetos de JK nascidos em Bras\u00edlia, ele conheceu o museu dedicado \u00e0 mem\u00f3ria do fundador de Bras\u00edlia e se disse &#8216;encantado&#8217; com o espa\u00e7o. Durante a visita, o presidente romeno ouviu os detalhes da [&hellip;]<\/p>\n","protected":false},"author":2,"featured_media":303282,"comment_status":"closed","ping_status":"closed","sticky":false,"template":"","format":"standard","meta":{"_acf_changed":false,"footnotes":""},"categories":[161],"tags":[],"class_list":["post-303281","post","type-post","status-publish","format-standard","has-post-thumbnail","hentry","category-quadradinho-em-foco"],"acf":[],"yoast_head":"<!-- This site is optimized with the Yoast SEO plugin v27.2 - https:\/\/yoast.com\/product\/yoast-seo-wordpress\/ -->\n<title>Presidente romeno se encanta com hist\u00f3ria da capital - Notibras<\/title>\n<meta name=\"robots\" content=\"index, follow, max-snippet:-1, max-image-preview:large, max-video-preview:-1\" \/>\n<link rel=\"canonical\" href=\"https:\/\/www.notibras.com\/site\/presidente-romeno-se-encanta-com-historia-da-capital\/\" \/>\n<meta property=\"og:locale\" content=\"pt_BR\" \/>\n<meta property=\"og:type\" content=\"article\" \/>\n<meta property=\"og:title\" content=\"Presidente romeno se encanta com hist\u00f3ria da capital - Notibras\" \/>\n<meta property=\"og:description\" content=\"O presidente da Rom\u00eania, Klaus Werner Iohannis, visitou o Memorial JK nesta ter\u00e7a-feira (18). Recebido pelo vice-presidente Andr\u00e9 Kubitschek, um dos bisnetos de JK nascidos em Bras\u00edlia, ele conheceu o museu dedicado \u00e0 mem\u00f3ria do fundador de Bras\u00edlia e se disse &#8216;encantado&#8217; com o espa\u00e7o. Durante a visita, o presidente romeno ouviu os detalhes da [&hellip;]\" \/>\n<meta property=\"og:url\" content=\"https:\/\/www.notibras.com\/site\/presidente-romeno-se-encanta-com-historia-da-capital\/\" \/>\n<meta property=\"og:site_name\" content=\"Notibras\" \/>\n<meta property=\"article:publisher\" content=\"https:\/\/www.facebook.com\/notibras\/\" \/>\n<meta property=\"article:published_time\" content=\"2023-04-18T21:20:17+00:00\" \/>\n<meta property=\"article:modified_time\" content=\"2023-04-18T23:26:10+00:00\" \/>\n<meta property=\"og:image\" content=\"https:\/\/www.notibras.com\/site\/wp-content\/uploads\/2023\/04\/68a364f9-523a-4dcf-94fc-67e1d0b79a7b.jpg\" \/>\n\t<meta property=\"og:image:width\" content=\"1600\" \/>\n\t<meta property=\"og:image:height\" content=\"1275\" \/>\n\t<meta property=\"og:image:type\" content=\"image\/jpeg\" \/>\n<meta name=\"author\" content=\"Reda\u00e7\u00e3o\" \/>\n<meta name=\"twitter:card\" content=\"summary_large_image\" \/>\n<meta name=\"twitter:creator\" content=\"@Notibras\" \/>\n<meta name=\"twitter:site\" content=\"@Notibras\" \/>\n<meta name=\"twitter:label1\" content=\"Escrito por\" \/>\n\t<meta name=\"twitter:data1\" content=\"Reda\u00e7\u00e3o\" \/>\n\t<meta name=\"twitter:label2\" content=\"Est. tempo de leitura\" \/>\n\t<meta name=\"twitter:data2\" content=\"2 minutos\" \/>\n<script type=\"application\/ld+json\" class=\"yoast-schema-graph\">{\"@context\":\"https:\/\/schema.org\",\"@graph\":[{\"@type\":\"Article\",\"@id\":\"https:\/\/www.notibras.com\/site\/presidente-romeno-se-encanta-com-historia-da-capital\/#article\",\"isPartOf\":{\"@id\":\"https:\/\/www.notibras.com\/site\/presidente-romeno-se-encanta-com-historia-da-capital\/\"},\"author\":{\"name\":\"Reda\u00e7\u00e3o\",\"@id\":\"https:\/\/www.notibras.com\/site\/#\/schema\/person\/36ab0979449956132d3e5b517ea76ac8\"},\"headline\":\"Presidente romeno se encanta com hist\u00f3ria da capital\",\"datePublished\":\"2023-04-18T21:20:17+00:00\",\"dateModified\":\"2023-04-18T23:26:10+00:00\",\"mainEntityOfPage\":{\"@id\":\"https:\/\/www.notibras.com\/site\/presidente-romeno-se-encanta-com-historia-da-capital\/\"},\"wordCount\":317,\"publisher\":{\"@id\":\"https:\/\/www.notibras.com\/site\/#organization\"},\"image\":{\"@id\":\"https:\/\/www.notibras.com\/site\/presidente-romeno-se-encanta-com-historia-da-capital\/#primaryimage\"},\"thumbnailUrl\":\"https:\/\/www.notibras.com\/site\/wp-content\/uploads\/2023\/04\/68a364f9-523a-4dcf-94fc-67e1d0b79a7b.jpg\",\"articleSection\":[\"Quadradinho em Foco\"],\"inLanguage\":\"pt-BR\"},{\"@type\":\"WebPage\",\"@id\":\"https:\/\/www.notibras.com\/site\/presidente-romeno-se-encanta-com-historia-da-capital\/\",\"url\":\"https:\/\/www.notibras.com\/site\/presidente-romeno-se-encanta-com-historia-da-capital\/\",\"name\":\"Presidente romeno se encanta com hist\u00f3ria da capital - Notibras\",\"isPartOf\":{\"@id\":\"https:\/\/www.notibras.com\/site\/#website\"},\"primaryImageOfPage\":{\"@id\":\"https:\/\/www.notibras.com\/site\/presidente-romeno-se-encanta-com-historia-da-capital\/#primaryimage\"},\"image\":{\"@id\":\"https:\/\/www.notibras.com\/site\/presidente-romeno-se-encanta-com-historia-da-capital\/#primaryimage\"},\"thumbnailUrl\":\"https:\/\/www.notibras.com\/site\/wp-content\/uploads\/2023\/04\/68a364f9-523a-4dcf-94fc-67e1d0b79a7b.jpg\",\"datePublished\":\"2023-04-18T21:20:17+00:00\",\"dateModified\":\"2023-04-18T23:26:10+00:00\",\"breadcrumb\":{\"@id\":\"https:\/\/www.notibras.com\/site\/presidente-romeno-se-encanta-com-historia-da-capital\/#breadcrumb\"},\"inLanguage\":\"pt-BR\",\"potentialAction\":[{\"@type\":\"ReadAction\",\"target\":[\"https:\/\/www.notibras.com\/site\/presidente-romeno-se-encanta-com-historia-da-capital\/\"]}]},{\"@type\":\"ImageObject\",\"inLanguage\":\"pt-BR\",\"@id\":\"https:\/\/www.notibras.com\/site\/presidente-romeno-se-encanta-com-historia-da-capital\/#primaryimage\",\"url\":\"https:\/\/www.notibras.com\/site\/wp-content\/uploads\/2023\/04\/68a364f9-523a-4dcf-94fc-67e1d0b79a7b.jpg\",\"contentUrl\":\"https:\/\/www.notibras.com\/site\/wp-content\/uploads\/2023\/04\/68a364f9-523a-4dcf-94fc-67e1d0b79a7b.jpg\",\"width\":1600,\"height\":1275},{\"@type\":\"BreadcrumbList\",\"@id\":\"https:\/\/www.notibras.com\/site\/presidente-romeno-se-encanta-com-historia-da-capital\/#breadcrumb\",\"itemListElement\":[{\"@type\":\"ListItem\",\"position\":1,\"name\":\"In\u00edcio\",\"item\":\"https:\/\/www.notibras.com\/site\/\"},{\"@type\":\"ListItem\",\"position\":2,\"name\":\"Presidente romeno se encanta com hist\u00f3ria da capital\"}]},{\"@type\":\"WebSite\",\"@id\":\"https:\/\/www.notibras.com\/site\/#website\",\"url\":\"https:\/\/www.notibras.com\/site\/\",\"name\":\"Notibras\",\"description\":\"Not\u00edcias de Bras\u00edlia, do Brasil e do Mundo\",\"publisher\":{\"@id\":\"https:\/\/www.notibras.com\/site\/#organization\"},\"potentialAction\":[{\"@type\":\"SearchAction\",\"target\":{\"@type\":\"EntryPoint\",\"urlTemplate\":\"https:\/\/www.notibras.com\/site\/?s={search_term_string}\"},\"query-input\":{\"@type\":\"PropertyValueSpecification\",\"valueRequired\":true,\"valueName\":\"search_term_string\"}}],\"inLanguage\":\"pt-BR\"},{\"@type\":\"Organization\",\"@id\":\"https:\/\/www.notibras.com\/site\/#organization\",\"name\":\"Grupo Notibras de Comunica\u00e7\u00e3o\",\"url\":\"https:\/\/www.notibras.com\/site\/\",\"logo\":{\"@type\":\"ImageObject\",\"inLanguage\":\"pt-BR\",\"@id\":\"https:\/\/www.notibras.com\/site\/#\/schema\/logo\/image\/\",\"url\":\"https:\/\/www.notibras.com\/site\/wp-content\/uploads\/2023\/01\/notibras23.png\",\"contentUrl\":\"https:\/\/www.notibras.com\/site\/wp-content\/uploads\/2023\/01\/notibras23.png\",\"width\":350,\"height\":87,\"caption\":\"Grupo Notibras de Comunica\u00e7\u00e3o\"},\"image\":{\"@id\":\"https:\/\/www.notibras.com\/site\/#\/schema\/logo\/image\/\"},\"sameAs\":[\"https:\/\/www.facebook.com\/notibras\/\",\"https:\/\/x.com\/Notibras\",\"https:\/\/www.instagram.com\/notibras\/\"]},{\"@type\":\"Person\",\"@id\":\"https:\/\/www.notibras.com\/site\/#\/schema\/person\/36ab0979449956132d3e5b517ea76ac8\",\"name\":\"Reda\u00e7\u00e3o\",\"image\":{\"@type\":\"ImageObject\",\"inLanguage\":\"pt-BR\",\"@id\":\"https:\/\/secure.gravatar.com\/avatar\/e0a867bdedb85fd243eadf09663511f96fc81e0720a4a42581f334ad4303aa6b?s=96&d=mm&r=g\",\"url\":\"https:\/\/secure.gravatar.com\/avatar\/e0a867bdedb85fd243eadf09663511f96fc81e0720a4a42581f334ad4303aa6b?s=96&d=mm&r=g\",\"contentUrl\":\"https:\/\/secure.gravatar.com\/avatar\/e0a867bdedb85fd243eadf09663511f96fc81e0720a4a42581f334ad4303aa6b?s=96&d=mm&r=g\",\"caption\":\"Reda\u00e7\u00e3o\"}}]}<\/script>\n<!-- \/ Yoast SEO plugin. -->","yoast_head_json":{"title":"Presidente romeno se encanta com hist\u00f3ria da capital - Notibras","robots":{"index":"index","follow":"follow","max-snippet":"max-snippet:-1","max-image-preview":"max-image-preview:large","max-video-preview":"max-video-preview:-1"},"canonical":"https:\/\/www.notibras.com\/site\/presidente-romeno-se-encanta-com-historia-da-capital\/","og_locale":"pt_BR","og_type":"article","og_title":"Presidente romeno se encanta com hist\u00f3ria da capital - Notibras","og_description":"O presidente da Rom\u00eania, Klaus Werner Iohannis, visitou o Memorial JK nesta ter\u00e7a-feira (18). Recebido pelo vice-presidente Andr\u00e9 Kubitschek, um dos bisnetos de JK nascidos em Bras\u00edlia, ele conheceu o museu dedicado \u00e0 mem\u00f3ria do fundador de Bras\u00edlia e se disse &#8216;encantado&#8217; com o espa\u00e7o. Durante a visita, o presidente romeno ouviu os detalhes da [&hellip;]","og_url":"https:\/\/www.notibras.com\/site\/presidente-romeno-se-encanta-com-historia-da-capital\/","og_site_name":"Notibras","article_publisher":"https:\/\/www.facebook.com\/notibras\/","article_published_time":"2023-04-18T21:20:17+00:00","article_modified_time":"2023-04-18T23:26:10+00:00","og_image":[{"width":1600,"height":1275,"url":"https:\/\/www.notibras.com\/site\/wp-content\/uploads\/2023\/04\/68a364f9-523a-4dcf-94fc-67e1d0b79a7b.jpg","type":"image\/jpeg"}],"author":"Reda\u00e7\u00e3o","twitter_card":"summary_large_image","twitter_creator":"@Notibras","twitter_site":"@Notibras","twitter_misc":{"Escrito por":"Reda\u00e7\u00e3o","Est. tempo de leitura":"2 minutos"},"schema":{"@context":"https:\/\/schema.org","@graph":[{"@type":"Article","@id":"https:\/\/www.notibras.com\/site\/presidente-romeno-se-encanta-com-historia-da-capital\/#article","isPartOf":{"@id":"https:\/\/www.notibras.com\/site\/presidente-romeno-se-encanta-com-historia-da-capital\/"},"author":{"name":"Reda\u00e7\u00e3o","@id":"https:\/\/www.notibras.com\/site\/#\/schema\/person\/36ab0979449956132d3e5b517ea76ac8"},"headline":"Presidente romeno se encanta com hist\u00f3ria da capital","datePublished":"2023-04-18T21:20:17+00:00","dateModified":"2023-04-18T23:26:10+00:00","mainEntityOfPage":{"@id":"https:\/\/www.notibras.com\/site\/presidente-romeno-se-encanta-com-historia-da-capital\/"},"wordCount":317,"publisher":{"@id":"https:\/\/www.notibras.com\/site\/#organization"},"image":{"@id":"https:\/\/www.notibras.com\/site\/presidente-romeno-se-encanta-com-historia-da-capital\/#primaryimage"},"thumbnailUrl":"https:\/\/www.notibras.com\/site\/wp-content\/uploads\/2023\/04\/68a364f9-523a-4dcf-94fc-67e1d0b79a7b.jpg","articleSection":["Quadradinho em Foco"],"inLanguage":"pt-BR"},{"@type":"WebPage","@id":"https:\/\/www.notibras.com\/site\/presidente-romeno-se-encanta-com-historia-da-capital\/","url":"https:\/\/www.notibras.com\/site\/presidente-romeno-se-encanta-com-historia-da-capital\/","name":"Presidente romeno se encanta com hist\u00f3ria da capital - Notibras","isPartOf":{"@id":"https:\/\/www.notibras.com\/site\/#website"},"primaryImageOfPage":{"@id":"https:\/\/www.notibras.com\/site\/presidente-romeno-se-encanta-com-historia-da-capital\/#primaryimage"},"image":{"@id":"https:\/\/www.notibras.com\/site\/presidente-romeno-se-encanta-com-historia-da-capital\/#primaryimage"},"thumbnailUrl":"https:\/\/www.notibras.com\/site\/wp-content\/uploads\/2023\/04\/68a364f9-523a-4dcf-94fc-67e1d0b79a7b.jpg","datePublished":"2023-04-18T21:20:17+00:00","dateModified":"2023-04-18T23:26:10+00:00","breadcrumb":{"@id":"https:\/\/www.notibras.com\/site\/presidente-romeno-se-encanta-com-historia-da-capital\/#breadcrumb"},"inLanguage":"pt-BR","potentialAction":[{"@type":"ReadAction","target":["https:\/\/www.notibras.com\/site\/presidente-romeno-se-encanta-com-historia-da-capital\/"]}]},{"@type":"ImageObject","inLanguage":"pt-BR","@id":"https:\/\/www.notibras.com\/site\/presidente-romeno-se-encanta-com-historia-da-capital\/#primaryimage","url":"https:\/\/www.notibras.com\/site\/wp-content\/uploads\/2023\/04\/68a364f9-523a-4dcf-94fc-67e1d0b79a7b.jpg","contentUrl":"https:\/\/www.notibras.com\/site\/wp-content\/uploads\/2023\/04\/68a364f9-523a-4dcf-94fc-67e1d0b79a7b.jpg","width":1600,"height":1275},{"@type":"BreadcrumbList","@id":"https:\/\/www.notibras.com\/site\/presidente-romeno-se-encanta-com-historia-da-capital\/#breadcrumb","itemListElement":[{"@type":"ListItem","position":1,"name":"In\u00edcio","item":"https:\/\/www.notibras.com\/site\/"},{"@type":"ListItem","position":2,"name":"Presidente romeno se encanta com hist\u00f3ria da capital"}]},{"@type":"WebSite","@id":"https:\/\/www.notibras.com\/site\/#website","url":"https:\/\/www.notibras.com\/site\/","name":"Notibras","description":"Not\u00edcias de Bras\u00edlia, do Brasil e do Mundo","publisher":{"@id":"https:\/\/www.notibras.com\/site\/#organization"},"potentialAction":[{"@type":"SearchAction","target":{"@type":"EntryPoint","urlTemplate":"https:\/\/www.notibras.com\/site\/?s={search_term_string}"},"query-input":{"@type":"PropertyValueSpecification","valueRequired":true,"valueName":"search_term_string"}}],"inLanguage":"pt-BR"},{"@type":"Organization","@id":"https:\/\/www.notibras.com\/site\/#organization","name":"Grupo Notibras de Comunica\u00e7\u00e3o","url":"https:\/\/www.notibras.com\/site\/","logo":{"@type":"ImageObject","inLanguage":"pt-BR","@id":"https:\/\/www.notibras.com\/site\/#\/schema\/logo\/image\/","url":"https:\/\/www.notibras.com\/site\/wp-content\/uploads\/2023\/01\/notibras23.png","contentUrl":"https:\/\/www.notibras.com\/site\/wp-content\/uploads\/2023\/01\/notibras23.png","width":350,"height":87,"caption":"Grupo Notibras de Comunica\u00e7\u00e3o"},"image":{"@id":"https:\/\/www.notibras.com\/site\/#\/schema\/logo\/image\/"},"sameAs":["https:\/\/www.facebook.com\/notibras\/","https:\/\/x.com\/Notibras","https:\/\/www.instagram.com\/notibras\/"]},{"@type":"Person","@id":"https:\/\/www.notibras.com\/site\/#\/schema\/person\/36ab0979449956132d3e5b517ea76ac8","name":"Reda\u00e7\u00e3o","image":{"@type":"ImageObject","inLanguage":"pt-BR","@id":"https:\/\/secure.gravatar.com\/avatar\/e0a867bdedb85fd243eadf09663511f96fc81e0720a4a42581f334ad4303aa6b?s=96&d=mm&r=g","url":"https:\/\/secure.gravatar.com\/avatar\/e0a867bdedb85fd243eadf09663511f96fc81e0720a4a42581f334ad4303aa6b?s=96&d=mm&r=g","contentUrl":"https:\/\/secure.gravatar.com\/avatar\/e0a867bdedb85fd243eadf09663511f96fc81e0720a4a42581f334ad4303aa6b?s=96&d=mm&r=g","caption":"Reda\u00e7\u00e3o"}}]}},"amp_enabled":true,"_links":{"self":[{"href":"https:\/\/www.notibras.com\/site\/wp-json\/wp\/v2\/posts\/303281","targetHints":{"allow":["GET"]}}],"collection":[{"href":"https:\/\/www.notibras.com\/site\/wp-json\/wp\/v2\/posts"}],"about":[{"href":"https:\/\/www.notibras.com\/site\/wp-json\/wp\/v2\/types\/post"}],"author":[{"embeddable":true,"href":"https:\/\/www.notibras.com\/site\/wp-json\/wp\/v2\/users\/2"}],"replies":[{"embeddable":true,"href":"https:\/\/www.notibras.com\/site\/wp-json\/wp\/v2\/comments?post=303281"}],"version-history":[{"count":1,"href":"https:\/\/www.notibras.com\/site\/wp-json\/wp\/v2\/posts\/303281\/revisions"}],"predecessor-version":[{"id":303283,"href":"https:\/\/www.notibras.com\/site\/wp-json\/wp\/v2\/posts\/303281\/revisions\/303283"}],"wp:featuredmedia":[{"embeddable":true,"href":"https:\/\/www.notibras.com\/site\/wp-json\/wp\/v2\/media\/303282"}],"wp:attachment":[{"href":"https:\/\/www.notibras.com\/site\/wp-json\/wp\/v2\/media?parent=303281"}],"wp:term":[{"taxonomy":"category","embeddable":true,"href":"https:\/\/www.notibras.com\/site\/wp-json\/wp\/v2\/categories?post=303281"},{"taxonomy":"post_tag","embeddable":true,"href":"https:\/\/www.notibras.com\/site\/wp-json\/wp\/v2\/tags?post=303281"}],"curies":[{"name":"wp","href":"https:\/\/api.w.org\/{rel}","templated":true}]}}