{"id":303323,"date":"2023-04-19T12:45:19","date_gmt":"2023-04-19T15:45:19","guid":{"rendered":"https:\/\/www.notibras.com\/site\/?p=303323"},"modified":"2023-04-19T13:14:19","modified_gmt":"2023-04-19T16:14:19","slug":"arqueologos-amadores-acham-armas-de-5-mil-anos","status":"publish","type":"post","link":"https:\/\/www.notibras.com\/site\/arqueologos-amadores-acham-armas-de-5-mil-anos\/","title":{"rendered":"Arque\u00f3logos amadores acham armas de 5 mil anos"},"content":{"rendered":"<p>Usu\u00e1rios amadores de detectores de metais da Noruega encontraram v\u00e1rios objetos antigos no condado de Agder, na parte sul do pa\u00eds, incluindo um machado de batalha de arenito de 5 mil anos e uma ponta de lan\u00e7a da Idade do Bronze. As descobertas, feitas perto da cidade de Kristiansand, foram entregues a arque\u00f3logos profissionais ap\u00f3s as f\u00e9rias da P\u00e1scoa.<\/p>\n<p>O arque\u00f3logo Morten Kutchera, do munic\u00edpio de Agder, mal podia acreditar em seus olhos. &#8220;Esta \u00e9 uma descoberta fant\u00e1stica. \u00c9 muito raro conseguirmos machados de batalha aqui. Na verdade, nunca experimentei isso antes. Este \u00e9 um artesanato fant\u00e1stico e mostra mais uma vez como os esfor\u00e7os de indiv\u00edduos particulares s\u00e3o importantes quando se trata de tais descobertas &#8220;, disse ele \u00e0 m\u00eddia local. A ponta de lan\u00e7a tamb\u00e9m recebeu aplausos dos profissionais.<\/p>\n<p>&#8220;Isso \u00e9 muito especial. N\u00e3o temos muitos achados da Idade do Bronze aqui em Agder, para come\u00e7ar. Portanto, \u00e9 absolutamente incr\u00edvel conseguir uma ponta de lan\u00e7a em t\u00e3o boas condi\u00e7\u00f5es&#8221;, disse o arque\u00f3logo e comunicador Theodor Lothe Bruun.<\/p>\n<p>A comunidade de arque\u00f3logos amadores est\u00e1 crescendo na Noruega, erodindo a brecha hist\u00f3rica que dividiu amadores apaixonados por hist\u00f3ria e a comunidade profissional. Theodor Lothe Bruun enfatizou que &#8220;muito ceticismo e preconceito estavam trabalhando nos dois sentidos&#8221; ao lado de &#8220;m\u00e1s experi\u00eancias e m\u00e1 comunica\u00e7\u00e3o&#8221;, mas ele saudou a colabora\u00e7\u00e3o como &#8220;extremamente importante e valiosa&#8221;, citando in\u00fameras descobertas significativas que de outra forma n\u00e3o teriam sido feitas. De acordo com Bruun, 140 descobertas cruciais foram desenterradas ao longo de uma s\u00e9rie de canais drenados nos \u00faltimos dois anos apenas em Agder.<\/p>\n<p>Este crescente interesse na busca de objetos hist\u00f3ricos e numerosas descobertas proeminentes da Era Viking e anteriores que chegaram \u00e0s manchetes estimularam o crescimento de comunidades online como &#8220;Detectores de metais e hist\u00f3ria&#8221; e &#8220;Associa\u00e7\u00e3o de ca\u00e7adores de metais&#8221;, que agora t\u00eam milhares de membros de em todo o pa\u00eds. Tanto o interesse quanto o reconhecimento podem, por sua vez, desencadear novas descobertas, lan\u00e7ando mais luz sobre a hist\u00f3ria antiga e os tempos passados.<\/p>\n","protected":false},"excerpt":{"rendered":"<p>Usu\u00e1rios amadores de detectores de metais da Noruega encontraram v\u00e1rios objetos antigos no condado de Agder, na parte sul do pa\u00eds, incluindo um machado de batalha de arenito de 5 mil anos e uma ponta de lan\u00e7a da Idade do Bronze. As descobertas, feitas perto da cidade de Kristiansand, foram entregues a arque\u00f3logos profissionais ap\u00f3s [&hellip;]<\/p>\n","protected":false},"author":2,"featured_media":303324,"comment_status":"closed","ping_status":"closed","sticky":false,"template":"","format":"standard","meta":{"_acf_changed":false,"footnotes":""},"categories":[1],"tags":[95],"class_list":["post-303323","post","type-post","status-publish","format-standard","has-post-thumbnail","hentry","category-brasilia","tag-capa"],"acf":[],"yoast_head":"<!-- This site is optimized with the Yoast SEO plugin v27.2 - https:\/\/yoast.com\/product\/yoast-seo-wordpress\/ -->\n<title>Arque\u00f3logos amadores acham armas de 5 mil anos - Notibras<\/title>\n<meta name=\"robots\" content=\"index, follow, max-snippet:-1, max-image-preview:large, max-video-preview:-1\" \/>\n<link rel=\"canonical\" href=\"https:\/\/www.notibras.com\/site\/arqueologos-amadores-acham-armas-de-5-mil-anos\/\" \/>\n<meta property=\"og:locale\" content=\"pt_BR\" \/>\n<meta property=\"og:type\" content=\"article\" \/>\n<meta property=\"og:title\" content=\"Arque\u00f3logos amadores acham armas de 5 mil anos - Notibras\" \/>\n<meta property=\"og:description\" content=\"Usu\u00e1rios amadores de detectores de metais da Noruega encontraram v\u00e1rios objetos antigos no condado de Agder, na parte sul do pa\u00eds, incluindo um machado de batalha de arenito de 5 mil anos e uma ponta de lan\u00e7a da Idade do Bronze. As descobertas, feitas perto da cidade de Kristiansand, foram entregues a arque\u00f3logos profissionais ap\u00f3s [&hellip;]\" \/>\n<meta property=\"og:url\" content=\"https:\/\/www.notibras.com\/site\/arqueologos-amadores-acham-armas-de-5-mil-anos\/\" \/>\n<meta property=\"og:site_name\" content=\"Notibras\" \/>\n<meta property=\"article:publisher\" content=\"https:\/\/www.facebook.com\/notibras\/\" \/>\n<meta property=\"article:published_time\" content=\"2023-04-19T15:45:19+00:00\" \/>\n<meta property=\"article:modified_time\" content=\"2023-04-19T16:14:19+00:00\" \/>\n<meta property=\"og:image\" content=\"https:\/\/www.notibras.com\/site\/wp-content\/uploads\/2023\/04\/armas.pedra_.webp\" \/>\n\t<meta property=\"og:image:width\" content=\"1920\" \/>\n\t<meta property=\"og:image:height\" content=\"1080\" \/>\n\t<meta property=\"og:image:type\" content=\"image\/webp\" \/>\n<meta name=\"author\" content=\"Reda\u00e7\u00e3o\" \/>\n<meta name=\"twitter:card\" content=\"summary_large_image\" \/>\n<meta name=\"twitter:creator\" content=\"@Notibras\" \/>\n<meta name=\"twitter:site\" content=\"@Notibras\" \/>\n<meta name=\"twitter:label1\" content=\"Escrito por\" \/>\n\t<meta name=\"twitter:data1\" content=\"Reda\u00e7\u00e3o\" \/>\n\t<meta name=\"twitter:label2\" content=\"Est. tempo de leitura\" \/>\n\t<meta name=\"twitter:data2\" content=\"2 minutos\" \/>\n<script type=\"application\/ld+json\" class=\"yoast-schema-graph\">{\"@context\":\"https:\/\/schema.org\",\"@graph\":[{\"@type\":\"Article\",\"@id\":\"https:\/\/www.notibras.com\/site\/arqueologos-amadores-acham-armas-de-5-mil-anos\/#article\",\"isPartOf\":{\"@id\":\"https:\/\/www.notibras.com\/site\/arqueologos-amadores-acham-armas-de-5-mil-anos\/\"},\"author\":{\"name\":\"Reda\u00e7\u00e3o\",\"@id\":\"https:\/\/www.notibras.com\/site\/#\/schema\/person\/36ab0979449956132d3e5b517ea76ac8\"},\"headline\":\"Arque\u00f3logos amadores acham armas de 5 mil anos\",\"datePublished\":\"2023-04-19T15:45:19+00:00\",\"dateModified\":\"2023-04-19T16:14:19+00:00\",\"mainEntityOfPage\":{\"@id\":\"https:\/\/www.notibras.com\/site\/arqueologos-amadores-acham-armas-de-5-mil-anos\/\"},\"wordCount\":376,\"publisher\":{\"@id\":\"https:\/\/www.notibras.com\/site\/#organization\"},\"image\":{\"@id\":\"https:\/\/www.notibras.com\/site\/arqueologos-amadores-acham-armas-de-5-mil-anos\/#primaryimage\"},\"thumbnailUrl\":\"https:\/\/www.notibras.com\/site\/wp-content\/uploads\/2023\/04\/armas.pedra_.webp\",\"keywords\":[\"capa\"],\"articleSection\":[\"Bras\u00edlia\"],\"inLanguage\":\"pt-BR\"},{\"@type\":\"WebPage\",\"@id\":\"https:\/\/www.notibras.com\/site\/arqueologos-amadores-acham-armas-de-5-mil-anos\/\",\"url\":\"https:\/\/www.notibras.com\/site\/arqueologos-amadores-acham-armas-de-5-mil-anos\/\",\"name\":\"Arque\u00f3logos amadores acham armas de 5 mil anos - Notibras\",\"isPartOf\":{\"@id\":\"https:\/\/www.notibras.com\/site\/#website\"},\"primaryImageOfPage\":{\"@id\":\"https:\/\/www.notibras.com\/site\/arqueologos-amadores-acham-armas-de-5-mil-anos\/#primaryimage\"},\"image\":{\"@id\":\"https:\/\/www.notibras.com\/site\/arqueologos-amadores-acham-armas-de-5-mil-anos\/#primaryimage\"},\"thumbnailUrl\":\"https:\/\/www.notibras.com\/site\/wp-content\/uploads\/2023\/04\/armas.pedra_.webp\",\"datePublished\":\"2023-04-19T15:45:19+00:00\",\"dateModified\":\"2023-04-19T16:14:19+00:00\",\"breadcrumb\":{\"@id\":\"https:\/\/www.notibras.com\/site\/arqueologos-amadores-acham-armas-de-5-mil-anos\/#breadcrumb\"},\"inLanguage\":\"pt-BR\",\"potentialAction\":[{\"@type\":\"ReadAction\",\"target\":[\"https:\/\/www.notibras.com\/site\/arqueologos-amadores-acham-armas-de-5-mil-anos\/\"]}]},{\"@type\":\"ImageObject\",\"inLanguage\":\"pt-BR\",\"@id\":\"https:\/\/www.notibras.com\/site\/arqueologos-amadores-acham-armas-de-5-mil-anos\/#primaryimage\",\"url\":\"https:\/\/www.notibras.com\/site\/wp-content\/uploads\/2023\/04\/armas.pedra_.webp\",\"contentUrl\":\"https:\/\/www.notibras.com\/site\/wp-content\/uploads\/2023\/04\/armas.pedra_.webp\",\"width\":1920,\"height\":1080},{\"@type\":\"BreadcrumbList\",\"@id\":\"https:\/\/www.notibras.com\/site\/arqueologos-amadores-acham-armas-de-5-mil-anos\/#breadcrumb\",\"itemListElement\":[{\"@type\":\"ListItem\",\"position\":1,\"name\":\"In\u00edcio\",\"item\":\"https:\/\/www.notibras.com\/site\/\"},{\"@type\":\"ListItem\",\"position\":2,\"name\":\"Arque\u00f3logos amadores acham armas de 5 mil anos\"}]},{\"@type\":\"WebSite\",\"@id\":\"https:\/\/www.notibras.com\/site\/#website\",\"url\":\"https:\/\/www.notibras.com\/site\/\",\"name\":\"Notibras\",\"description\":\"Not\u00edcias de Bras\u00edlia, do Brasil e do Mundo\",\"publisher\":{\"@id\":\"https:\/\/www.notibras.com\/site\/#organization\"},\"potentialAction\":[{\"@type\":\"SearchAction\",\"target\":{\"@type\":\"EntryPoint\",\"urlTemplate\":\"https:\/\/www.notibras.com\/site\/?s={search_term_string}\"},\"query-input\":{\"@type\":\"PropertyValueSpecification\",\"valueRequired\":true,\"valueName\":\"search_term_string\"}}],\"inLanguage\":\"pt-BR\"},{\"@type\":\"Organization\",\"@id\":\"https:\/\/www.notibras.com\/site\/#organization\",\"name\":\"Grupo Notibras de Comunica\u00e7\u00e3o\",\"url\":\"https:\/\/www.notibras.com\/site\/\",\"logo\":{\"@type\":\"ImageObject\",\"inLanguage\":\"pt-BR\",\"@id\":\"https:\/\/www.notibras.com\/site\/#\/schema\/logo\/image\/\",\"url\":\"https:\/\/www.notibras.com\/site\/wp-content\/uploads\/2023\/01\/notibras23.png\",\"contentUrl\":\"https:\/\/www.notibras.com\/site\/wp-content\/uploads\/2023\/01\/notibras23.png\",\"width\":350,\"height\":87,\"caption\":\"Grupo Notibras de Comunica\u00e7\u00e3o\"},\"image\":{\"@id\":\"https:\/\/www.notibras.com\/site\/#\/schema\/logo\/image\/\"},\"sameAs\":[\"https:\/\/www.facebook.com\/notibras\/\",\"https:\/\/x.com\/Notibras\",\"https:\/\/www.instagram.com\/notibras\/\"]},{\"@type\":\"Person\",\"@id\":\"https:\/\/www.notibras.com\/site\/#\/schema\/person\/36ab0979449956132d3e5b517ea76ac8\",\"name\":\"Reda\u00e7\u00e3o\",\"image\":{\"@type\":\"ImageObject\",\"inLanguage\":\"pt-BR\",\"@id\":\"https:\/\/secure.gravatar.com\/avatar\/e0a867bdedb85fd243eadf09663511f96fc81e0720a4a42581f334ad4303aa6b?s=96&d=mm&r=g\",\"url\":\"https:\/\/secure.gravatar.com\/avatar\/e0a867bdedb85fd243eadf09663511f96fc81e0720a4a42581f334ad4303aa6b?s=96&d=mm&r=g\",\"contentUrl\":\"https:\/\/secure.gravatar.com\/avatar\/e0a867bdedb85fd243eadf09663511f96fc81e0720a4a42581f334ad4303aa6b?s=96&d=mm&r=g\",\"caption\":\"Reda\u00e7\u00e3o\"}}]}<\/script>\n<!-- \/ Yoast SEO plugin. -->","yoast_head_json":{"title":"Arque\u00f3logos amadores acham armas de 5 mil anos - Notibras","robots":{"index":"index","follow":"follow","max-snippet":"max-snippet:-1","max-image-preview":"max-image-preview:large","max-video-preview":"max-video-preview:-1"},"canonical":"https:\/\/www.notibras.com\/site\/arqueologos-amadores-acham-armas-de-5-mil-anos\/","og_locale":"pt_BR","og_type":"article","og_title":"Arque\u00f3logos amadores acham armas de 5 mil anos - Notibras","og_description":"Usu\u00e1rios amadores de detectores de metais da Noruega encontraram v\u00e1rios objetos antigos no condado de Agder, na parte sul do pa\u00eds, incluindo um machado de batalha de arenito de 5 mil anos e uma ponta de lan\u00e7a da Idade do Bronze. As descobertas, feitas perto da cidade de Kristiansand, foram entregues a arque\u00f3logos profissionais ap\u00f3s [&hellip;]","og_url":"https:\/\/www.notibras.com\/site\/arqueologos-amadores-acham-armas-de-5-mil-anos\/","og_site_name":"Notibras","article_publisher":"https:\/\/www.facebook.com\/notibras\/","article_published_time":"2023-04-19T15:45:19+00:00","article_modified_time":"2023-04-19T16:14:19+00:00","og_image":[{"width":1920,"height":1080,"url":"https:\/\/www.notibras.com\/site\/wp-content\/uploads\/2023\/04\/armas.pedra_.webp","type":"image\/webp"}],"author":"Reda\u00e7\u00e3o","twitter_card":"summary_large_image","twitter_creator":"@Notibras","twitter_site":"@Notibras","twitter_misc":{"Escrito por":"Reda\u00e7\u00e3o","Est. tempo de leitura":"2 minutos"},"schema":{"@context":"https:\/\/schema.org","@graph":[{"@type":"Article","@id":"https:\/\/www.notibras.com\/site\/arqueologos-amadores-acham-armas-de-5-mil-anos\/#article","isPartOf":{"@id":"https:\/\/www.notibras.com\/site\/arqueologos-amadores-acham-armas-de-5-mil-anos\/"},"author":{"name":"Reda\u00e7\u00e3o","@id":"https:\/\/www.notibras.com\/site\/#\/schema\/person\/36ab0979449956132d3e5b517ea76ac8"},"headline":"Arque\u00f3logos amadores acham armas de 5 mil anos","datePublished":"2023-04-19T15:45:19+00:00","dateModified":"2023-04-19T16:14:19+00:00","mainEntityOfPage":{"@id":"https:\/\/www.notibras.com\/site\/arqueologos-amadores-acham-armas-de-5-mil-anos\/"},"wordCount":376,"publisher":{"@id":"https:\/\/www.notibras.com\/site\/#organization"},"image":{"@id":"https:\/\/www.notibras.com\/site\/arqueologos-amadores-acham-armas-de-5-mil-anos\/#primaryimage"},"thumbnailUrl":"https:\/\/www.notibras.com\/site\/wp-content\/uploads\/2023\/04\/armas.pedra_.webp","keywords":["capa"],"articleSection":["Bras\u00edlia"],"inLanguage":"pt-BR"},{"@type":"WebPage","@id":"https:\/\/www.notibras.com\/site\/arqueologos-amadores-acham-armas-de-5-mil-anos\/","url":"https:\/\/www.notibras.com\/site\/arqueologos-amadores-acham-armas-de-5-mil-anos\/","name":"Arque\u00f3logos amadores acham armas de 5 mil anos - Notibras","isPartOf":{"@id":"https:\/\/www.notibras.com\/site\/#website"},"primaryImageOfPage":{"@id":"https:\/\/www.notibras.com\/site\/arqueologos-amadores-acham-armas-de-5-mil-anos\/#primaryimage"},"image":{"@id":"https:\/\/www.notibras.com\/site\/arqueologos-amadores-acham-armas-de-5-mil-anos\/#primaryimage"},"thumbnailUrl":"https:\/\/www.notibras.com\/site\/wp-content\/uploads\/2023\/04\/armas.pedra_.webp","datePublished":"2023-04-19T15:45:19+00:00","dateModified":"2023-04-19T16:14:19+00:00","breadcrumb":{"@id":"https:\/\/www.notibras.com\/site\/arqueologos-amadores-acham-armas-de-5-mil-anos\/#breadcrumb"},"inLanguage":"pt-BR","potentialAction":[{"@type":"ReadAction","target":["https:\/\/www.notibras.com\/site\/arqueologos-amadores-acham-armas-de-5-mil-anos\/"]}]},{"@type":"ImageObject","inLanguage":"pt-BR","@id":"https:\/\/www.notibras.com\/site\/arqueologos-amadores-acham-armas-de-5-mil-anos\/#primaryimage","url":"https:\/\/www.notibras.com\/site\/wp-content\/uploads\/2023\/04\/armas.pedra_.webp","contentUrl":"https:\/\/www.notibras.com\/site\/wp-content\/uploads\/2023\/04\/armas.pedra_.webp","width":1920,"height":1080},{"@type":"BreadcrumbList","@id":"https:\/\/www.notibras.com\/site\/arqueologos-amadores-acham-armas-de-5-mil-anos\/#breadcrumb","itemListElement":[{"@type":"ListItem","position":1,"name":"In\u00edcio","item":"https:\/\/www.notibras.com\/site\/"},{"@type":"ListItem","position":2,"name":"Arque\u00f3logos amadores acham armas de 5 mil anos"}]},{"@type":"WebSite","@id":"https:\/\/www.notibras.com\/site\/#website","url":"https:\/\/www.notibras.com\/site\/","name":"Notibras","description":"Not\u00edcias de Bras\u00edlia, do Brasil e do Mundo","publisher":{"@id":"https:\/\/www.notibras.com\/site\/#organization"},"potentialAction":[{"@type":"SearchAction","target":{"@type":"EntryPoint","urlTemplate":"https:\/\/www.notibras.com\/site\/?s={search_term_string}"},"query-input":{"@type":"PropertyValueSpecification","valueRequired":true,"valueName":"search_term_string"}}],"inLanguage":"pt-BR"},{"@type":"Organization","@id":"https:\/\/www.notibras.com\/site\/#organization","name":"Grupo Notibras de Comunica\u00e7\u00e3o","url":"https:\/\/www.notibras.com\/site\/","logo":{"@type":"ImageObject","inLanguage":"pt-BR","@id":"https:\/\/www.notibras.com\/site\/#\/schema\/logo\/image\/","url":"https:\/\/www.notibras.com\/site\/wp-content\/uploads\/2023\/01\/notibras23.png","contentUrl":"https:\/\/www.notibras.com\/site\/wp-content\/uploads\/2023\/01\/notibras23.png","width":350,"height":87,"caption":"Grupo Notibras de Comunica\u00e7\u00e3o"},"image":{"@id":"https:\/\/www.notibras.com\/site\/#\/schema\/logo\/image\/"},"sameAs":["https:\/\/www.facebook.com\/notibras\/","https:\/\/x.com\/Notibras","https:\/\/www.instagram.com\/notibras\/"]},{"@type":"Person","@id":"https:\/\/www.notibras.com\/site\/#\/schema\/person\/36ab0979449956132d3e5b517ea76ac8","name":"Reda\u00e7\u00e3o","image":{"@type":"ImageObject","inLanguage":"pt-BR","@id":"https:\/\/secure.gravatar.com\/avatar\/e0a867bdedb85fd243eadf09663511f96fc81e0720a4a42581f334ad4303aa6b?s=96&d=mm&r=g","url":"https:\/\/secure.gravatar.com\/avatar\/e0a867bdedb85fd243eadf09663511f96fc81e0720a4a42581f334ad4303aa6b?s=96&d=mm&r=g","contentUrl":"https:\/\/secure.gravatar.com\/avatar\/e0a867bdedb85fd243eadf09663511f96fc81e0720a4a42581f334ad4303aa6b?s=96&d=mm&r=g","caption":"Reda\u00e7\u00e3o"}}]}},"amp_enabled":true,"_links":{"self":[{"href":"https:\/\/www.notibras.com\/site\/wp-json\/wp\/v2\/posts\/303323","targetHints":{"allow":["GET"]}}],"collection":[{"href":"https:\/\/www.notibras.com\/site\/wp-json\/wp\/v2\/posts"}],"about":[{"href":"https:\/\/www.notibras.com\/site\/wp-json\/wp\/v2\/types\/post"}],"author":[{"embeddable":true,"href":"https:\/\/www.notibras.com\/site\/wp-json\/wp\/v2\/users\/2"}],"replies":[{"embeddable":true,"href":"https:\/\/www.notibras.com\/site\/wp-json\/wp\/v2\/comments?post=303323"}],"version-history":[{"count":1,"href":"https:\/\/www.notibras.com\/site\/wp-json\/wp\/v2\/posts\/303323\/revisions"}],"predecessor-version":[{"id":303325,"href":"https:\/\/www.notibras.com\/site\/wp-json\/wp\/v2\/posts\/303323\/revisions\/303325"}],"wp:featuredmedia":[{"embeddable":true,"href":"https:\/\/www.notibras.com\/site\/wp-json\/wp\/v2\/media\/303324"}],"wp:attachment":[{"href":"https:\/\/www.notibras.com\/site\/wp-json\/wp\/v2\/media?parent=303323"}],"wp:term":[{"taxonomy":"category","embeddable":true,"href":"https:\/\/www.notibras.com\/site\/wp-json\/wp\/v2\/categories?post=303323"},{"taxonomy":"post_tag","embeddable":true,"href":"https:\/\/www.notibras.com\/site\/wp-json\/wp\/v2\/tags?post=303323"}],"curies":[{"name":"wp","href":"https:\/\/api.w.org\/{rel}","templated":true}]}}