{"id":303345,"date":"2023-04-20T05:49:41","date_gmt":"2023-04-20T08:49:41","guid":{"rendered":"https:\/\/www.notibras.com\/site\/?p=303345"},"modified":"2023-04-20T08:37:40","modified_gmt":"2023-04-20T11:37:40","slug":"totonho-do-bb-tinha-o-bumbum-como-casca-de-ovo","status":"publish","type":"post","link":"https:\/\/www.notibras.com\/site\/totonho-do-bb-tinha-o-bumbum-como-casca-de-ovo\/","title":{"rendered":"Totonho, do BB, tinha o bumbum como casca de ovo"},"content":{"rendered":"<p>Creio que j\u00e1 falei aqui espa\u00e7o que ocupo em <strong>Notibras<\/strong>, que trabalhei no Banco do Brasil. Caso voc\u00ea n\u00e3o saiba, foram quase 17 anos. No entanto, fiquei apenas tr\u00eas anos em ag\u00eancia, ali em Copacabana. Depois fui para outros setores do banco, onde essa hist\u00f3ria aconteceu.<\/p>\n<p>Nessa \u00e9poca, estava lotado no Andara\u00ed, em uma unidade quase em frente ao antigo campo do Am\u00e9rica, que j\u00e1 havia se transformado no shopping Iguatemi. Como eu morava longe, pedi para ser lotado no DEREG, que era um enorme dep\u00f3sito de material na entrada da favela Kelson, tamb\u00e9m conhecida como comunidade Marc\u00edlio Dias, bem ali na Penha Circular. Foi justamente nessa lugar que conheci uma dos meus maiores amigos, Antonio Manoel. Ele \u00e9 uma das pessoas mais carism\u00e1ticas que conhe\u00e7o, a minha esposa tamb\u00e9m pensa o mesmo. N\u00f3s o amamos demais!<\/p>\n<p>Pois bem, vamos \u00e0 hist\u00f3ria! L\u00e1 estava eu entrando no grande galp\u00e3o. Cheguei bem cedo, fui direto para o departamento em que eu deveria me apresentar. L\u00e1 encontrei um colega, o Braga, vulgo Piu-Piu, que eu homenageei no meu primeiro romance, publicado em 2004, chamado &#8220;Despido de ilus\u00f5es&#8221;.<\/p>\n<p>O Braga, que at\u00e9 esse momento n\u00e3o me conhecia, me perguntou quem eu era e o que estava fazendo ali. Eu me apresentei e lhe disse que havia sido transferido. Ele logo falou: &#8220;O que voc\u00ea aprontou para ser mandado pra c\u00e1?&#8221; Estranhei a pergunta e falei que eu havia pedido para ir para ali. Ele deu uma sonora gargalhada e exclamou: &#8220;Ah, ent\u00e3o, voc\u00ea \u00e9 doido!&#8221; O Braga disse isso porque o DEREG era conhecido como um local para mandar os funcion\u00e1rios mais problem\u00e1ticos. Na verdade, eu n\u00e3o sabia disso at\u00e9 ent\u00e3o, mas foi a\u00ed que fui entender a pergunta do chefe do meu antigo setor: &#8220;Voc\u00ea tem certeza de quer ir mesmo pro DEREG?&#8221;<\/p>\n<p>Logo ap\u00f3s essa breve conversa, o Braga me convidou para dar uma volta no enorme dep\u00f3sito. Era realmente imenso! O maior do Brasil, descobri depois. Ap\u00f3s a breve apresenta\u00e7\u00e3o ao meu novo local de trabalho, voltamos para a sala. Perguntei ao Braga onde ficava o banheiro. Ele me apontou o local.<\/p>\n<p>Empurrei a porta, pois estava com muita vontade de fazer xixi, mas quase ca\u00ed para tr\u00e1s, pois havia um homem com short arriado em frente ao mict\u00f3rio se aliviando, tirando a \u00e1gua do joelho, como a minha esposa acabou de falar aqui, j\u00e1 que estou escrevendo este texto em voz alta para ver se ela o aprova ou n\u00e3o.<\/p>\n<p>O tal mij\u00e3o percebeu que eu havia entrado no recinto, virou o rosto e me esticou a m\u00e3o: &#8220;Prazer, Antonio Manoel!&#8221; A situa\u00e7\u00e3o era t\u00e3o esdr\u00faxula, que nem me recordo se apertei ou n\u00e3o a sua m\u00e3o. A \u00fanica coisa que ainda recordo \u00e9 aquele traseiro mais branco que ovo de galinha de granja. Pois \u00e9, antes mesmo de conhecer o Antonio Manoel, conheci o seu bumbum.<\/p>\n","protected":false},"excerpt":{"rendered":"<p>Creio que j\u00e1 falei aqui espa\u00e7o que ocupo em Notibras, que trabalhei no Banco do Brasil. Caso voc\u00ea n\u00e3o saiba, foram quase 17 anos. No entanto, fiquei apenas tr\u00eas anos em ag\u00eancia, ali em Copacabana. Depois fui para outros setores do banco, onde essa hist\u00f3ria aconteceu. Nessa \u00e9poca, estava lotado no Andara\u00ed, em uma unidade [&hellip;]<\/p>\n","protected":false},"author":2,"featured_media":303355,"comment_status":"closed","ping_status":"closed","sticky":false,"template":"","format":"standard","meta":{"_acf_changed":false,"footnotes":""},"categories":[161],"tags":[],"class_list":["post-303345","post","type-post","status-publish","format-standard","has-post-thumbnail","hentry","category-quadradinho-em-foco"],"acf":[],"yoast_head":"<!-- This site is optimized with the Yoast SEO plugin v27.2 - https:\/\/yoast.com\/product\/yoast-seo-wordpress\/ -->\n<title>Totonho, do BB, tinha o bumbum como casca de ovo - Notibras<\/title>\n<meta name=\"robots\" content=\"index, follow, max-snippet:-1, max-image-preview:large, max-video-preview:-1\" \/>\n<link rel=\"canonical\" href=\"https:\/\/www.notibras.com\/site\/totonho-do-bb-tinha-o-bumbum-como-casca-de-ovo\/\" \/>\n<meta property=\"og:locale\" content=\"pt_BR\" \/>\n<meta property=\"og:type\" content=\"article\" \/>\n<meta property=\"og:title\" content=\"Totonho, do BB, tinha o bumbum como casca de ovo - Notibras\" \/>\n<meta property=\"og:description\" content=\"Creio que j\u00e1 falei aqui espa\u00e7o que ocupo em Notibras, que trabalhei no Banco do Brasil. Caso voc\u00ea n\u00e3o saiba, foram quase 17 anos. No entanto, fiquei apenas tr\u00eas anos em ag\u00eancia, ali em Copacabana. Depois fui para outros setores do banco, onde essa hist\u00f3ria aconteceu. Nessa \u00e9poca, estava lotado no Andara\u00ed, em uma unidade [&hellip;]\" \/>\n<meta property=\"og:url\" content=\"https:\/\/www.notibras.com\/site\/totonho-do-bb-tinha-o-bumbum-como-casca-de-ovo\/\" \/>\n<meta property=\"og:site_name\" content=\"Notibras\" \/>\n<meta property=\"article:publisher\" content=\"https:\/\/www.facebook.com\/notibras\/\" \/>\n<meta property=\"article:published_time\" content=\"2023-04-20T08:49:41+00:00\" \/>\n<meta property=\"article:modified_time\" content=\"2023-04-20T11:37:40+00:00\" \/>\n<meta property=\"og:image\" content=\"https:\/\/www.notibras.com\/site\/wp-content\/uploads\/2023\/04\/xixi.webp\" \/>\n\t<meta property=\"og:image:width\" content=\"696\" \/>\n\t<meta property=\"og:image:height\" content=\"465\" \/>\n\t<meta property=\"og:image:type\" content=\"image\/webp\" \/>\n<meta name=\"author\" content=\"Reda\u00e7\u00e3o\" \/>\n<meta name=\"twitter:card\" content=\"summary_large_image\" \/>\n<meta name=\"twitter:creator\" content=\"@Notibras\" \/>\n<meta name=\"twitter:site\" content=\"@Notibras\" \/>\n<meta name=\"twitter:label1\" content=\"Escrito por\" \/>\n\t<meta name=\"twitter:data1\" content=\"Reda\u00e7\u00e3o\" \/>\n\t<meta name=\"twitter:label2\" content=\"Est. tempo de leitura\" \/>\n\t<meta name=\"twitter:data2\" content=\"3 minutos\" \/>\n<script type=\"application\/ld+json\" class=\"yoast-schema-graph\">{\"@context\":\"https:\/\/schema.org\",\"@graph\":[{\"@type\":\"Article\",\"@id\":\"https:\/\/www.notibras.com\/site\/totonho-do-bb-tinha-o-bumbum-como-casca-de-ovo\/#article\",\"isPartOf\":{\"@id\":\"https:\/\/www.notibras.com\/site\/totonho-do-bb-tinha-o-bumbum-como-casca-de-ovo\/\"},\"author\":{\"name\":\"Reda\u00e7\u00e3o\",\"@id\":\"https:\/\/www.notibras.com\/site\/#\/schema\/person\/36ab0979449956132d3e5b517ea76ac8\"},\"headline\":\"Totonho, do BB, tinha o bumbum como casca de ovo\",\"datePublished\":\"2023-04-20T08:49:41+00:00\",\"dateModified\":\"2023-04-20T11:37:40+00:00\",\"mainEntityOfPage\":{\"@id\":\"https:\/\/www.notibras.com\/site\/totonho-do-bb-tinha-o-bumbum-como-casca-de-ovo\/\"},\"wordCount\":517,\"publisher\":{\"@id\":\"https:\/\/www.notibras.com\/site\/#organization\"},\"image\":{\"@id\":\"https:\/\/www.notibras.com\/site\/totonho-do-bb-tinha-o-bumbum-como-casca-de-ovo\/#primaryimage\"},\"thumbnailUrl\":\"https:\/\/www.notibras.com\/site\/wp-content\/uploads\/2023\/04\/xixi.webp\",\"articleSection\":[\"Quadradinho em Foco\"],\"inLanguage\":\"pt-BR\"},{\"@type\":\"WebPage\",\"@id\":\"https:\/\/www.notibras.com\/site\/totonho-do-bb-tinha-o-bumbum-como-casca-de-ovo\/\",\"url\":\"https:\/\/www.notibras.com\/site\/totonho-do-bb-tinha-o-bumbum-como-casca-de-ovo\/\",\"name\":\"Totonho, do BB, tinha o bumbum como casca de ovo - Notibras\",\"isPartOf\":{\"@id\":\"https:\/\/www.notibras.com\/site\/#website\"},\"primaryImageOfPage\":{\"@id\":\"https:\/\/www.notibras.com\/site\/totonho-do-bb-tinha-o-bumbum-como-casca-de-ovo\/#primaryimage\"},\"image\":{\"@id\":\"https:\/\/www.notibras.com\/site\/totonho-do-bb-tinha-o-bumbum-como-casca-de-ovo\/#primaryimage\"},\"thumbnailUrl\":\"https:\/\/www.notibras.com\/site\/wp-content\/uploads\/2023\/04\/xixi.webp\",\"datePublished\":\"2023-04-20T08:49:41+00:00\",\"dateModified\":\"2023-04-20T11:37:40+00:00\",\"breadcrumb\":{\"@id\":\"https:\/\/www.notibras.com\/site\/totonho-do-bb-tinha-o-bumbum-como-casca-de-ovo\/#breadcrumb\"},\"inLanguage\":\"pt-BR\",\"potentialAction\":[{\"@type\":\"ReadAction\",\"target\":[\"https:\/\/www.notibras.com\/site\/totonho-do-bb-tinha-o-bumbum-como-casca-de-ovo\/\"]}]},{\"@type\":\"ImageObject\",\"inLanguage\":\"pt-BR\",\"@id\":\"https:\/\/www.notibras.com\/site\/totonho-do-bb-tinha-o-bumbum-como-casca-de-ovo\/#primaryimage\",\"url\":\"https:\/\/www.notibras.com\/site\/wp-content\/uploads\/2023\/04\/xixi.webp\",\"contentUrl\":\"https:\/\/www.notibras.com\/site\/wp-content\/uploads\/2023\/04\/xixi.webp\",\"width\":696,\"height\":465},{\"@type\":\"BreadcrumbList\",\"@id\":\"https:\/\/www.notibras.com\/site\/totonho-do-bb-tinha-o-bumbum-como-casca-de-ovo\/#breadcrumb\",\"itemListElement\":[{\"@type\":\"ListItem\",\"position\":1,\"name\":\"In\u00edcio\",\"item\":\"https:\/\/www.notibras.com\/site\/\"},{\"@type\":\"ListItem\",\"position\":2,\"name\":\"Totonho, do BB, tinha o bumbum como casca de ovo\"}]},{\"@type\":\"WebSite\",\"@id\":\"https:\/\/www.notibras.com\/site\/#website\",\"url\":\"https:\/\/www.notibras.com\/site\/\",\"name\":\"Notibras\",\"description\":\"Not\u00edcias de Bras\u00edlia, do Brasil e do Mundo\",\"publisher\":{\"@id\":\"https:\/\/www.notibras.com\/site\/#organization\"},\"potentialAction\":[{\"@type\":\"SearchAction\",\"target\":{\"@type\":\"EntryPoint\",\"urlTemplate\":\"https:\/\/www.notibras.com\/site\/?s={search_term_string}\"},\"query-input\":{\"@type\":\"PropertyValueSpecification\",\"valueRequired\":true,\"valueName\":\"search_term_string\"}}],\"inLanguage\":\"pt-BR\"},{\"@type\":\"Organization\",\"@id\":\"https:\/\/www.notibras.com\/site\/#organization\",\"name\":\"Grupo Notibras de Comunica\u00e7\u00e3o\",\"url\":\"https:\/\/www.notibras.com\/site\/\",\"logo\":{\"@type\":\"ImageObject\",\"inLanguage\":\"pt-BR\",\"@id\":\"https:\/\/www.notibras.com\/site\/#\/schema\/logo\/image\/\",\"url\":\"https:\/\/www.notibras.com\/site\/wp-content\/uploads\/2023\/01\/notibras23.png\",\"contentUrl\":\"https:\/\/www.notibras.com\/site\/wp-content\/uploads\/2023\/01\/notibras23.png\",\"width\":350,\"height\":87,\"caption\":\"Grupo Notibras de Comunica\u00e7\u00e3o\"},\"image\":{\"@id\":\"https:\/\/www.notibras.com\/site\/#\/schema\/logo\/image\/\"},\"sameAs\":[\"https:\/\/www.facebook.com\/notibras\/\",\"https:\/\/x.com\/Notibras\",\"https:\/\/www.instagram.com\/notibras\/\"]},{\"@type\":\"Person\",\"@id\":\"https:\/\/www.notibras.com\/site\/#\/schema\/person\/36ab0979449956132d3e5b517ea76ac8\",\"name\":\"Reda\u00e7\u00e3o\",\"image\":{\"@type\":\"ImageObject\",\"inLanguage\":\"pt-BR\",\"@id\":\"https:\/\/secure.gravatar.com\/avatar\/e0a867bdedb85fd243eadf09663511f96fc81e0720a4a42581f334ad4303aa6b?s=96&d=mm&r=g\",\"url\":\"https:\/\/secure.gravatar.com\/avatar\/e0a867bdedb85fd243eadf09663511f96fc81e0720a4a42581f334ad4303aa6b?s=96&d=mm&r=g\",\"contentUrl\":\"https:\/\/secure.gravatar.com\/avatar\/e0a867bdedb85fd243eadf09663511f96fc81e0720a4a42581f334ad4303aa6b?s=96&d=mm&r=g\",\"caption\":\"Reda\u00e7\u00e3o\"}}]}<\/script>\n<!-- \/ Yoast SEO plugin. -->","yoast_head_json":{"title":"Totonho, do BB, tinha o bumbum como casca de ovo - Notibras","robots":{"index":"index","follow":"follow","max-snippet":"max-snippet:-1","max-image-preview":"max-image-preview:large","max-video-preview":"max-video-preview:-1"},"canonical":"https:\/\/www.notibras.com\/site\/totonho-do-bb-tinha-o-bumbum-como-casca-de-ovo\/","og_locale":"pt_BR","og_type":"article","og_title":"Totonho, do BB, tinha o bumbum como casca de ovo - Notibras","og_description":"Creio que j\u00e1 falei aqui espa\u00e7o que ocupo em Notibras, que trabalhei no Banco do Brasil. Caso voc\u00ea n\u00e3o saiba, foram quase 17 anos. No entanto, fiquei apenas tr\u00eas anos em ag\u00eancia, ali em Copacabana. Depois fui para outros setores do banco, onde essa hist\u00f3ria aconteceu. Nessa \u00e9poca, estava lotado no Andara\u00ed, em uma unidade [&hellip;]","og_url":"https:\/\/www.notibras.com\/site\/totonho-do-bb-tinha-o-bumbum-como-casca-de-ovo\/","og_site_name":"Notibras","article_publisher":"https:\/\/www.facebook.com\/notibras\/","article_published_time":"2023-04-20T08:49:41+00:00","article_modified_time":"2023-04-20T11:37:40+00:00","og_image":[{"width":696,"height":465,"url":"https:\/\/www.notibras.com\/site\/wp-content\/uploads\/2023\/04\/xixi.webp","type":"image\/webp"}],"author":"Reda\u00e7\u00e3o","twitter_card":"summary_large_image","twitter_creator":"@Notibras","twitter_site":"@Notibras","twitter_misc":{"Escrito por":"Reda\u00e7\u00e3o","Est. tempo de leitura":"3 minutos"},"schema":{"@context":"https:\/\/schema.org","@graph":[{"@type":"Article","@id":"https:\/\/www.notibras.com\/site\/totonho-do-bb-tinha-o-bumbum-como-casca-de-ovo\/#article","isPartOf":{"@id":"https:\/\/www.notibras.com\/site\/totonho-do-bb-tinha-o-bumbum-como-casca-de-ovo\/"},"author":{"name":"Reda\u00e7\u00e3o","@id":"https:\/\/www.notibras.com\/site\/#\/schema\/person\/36ab0979449956132d3e5b517ea76ac8"},"headline":"Totonho, do BB, tinha o bumbum como casca de ovo","datePublished":"2023-04-20T08:49:41+00:00","dateModified":"2023-04-20T11:37:40+00:00","mainEntityOfPage":{"@id":"https:\/\/www.notibras.com\/site\/totonho-do-bb-tinha-o-bumbum-como-casca-de-ovo\/"},"wordCount":517,"publisher":{"@id":"https:\/\/www.notibras.com\/site\/#organization"},"image":{"@id":"https:\/\/www.notibras.com\/site\/totonho-do-bb-tinha-o-bumbum-como-casca-de-ovo\/#primaryimage"},"thumbnailUrl":"https:\/\/www.notibras.com\/site\/wp-content\/uploads\/2023\/04\/xixi.webp","articleSection":["Quadradinho em Foco"],"inLanguage":"pt-BR"},{"@type":"WebPage","@id":"https:\/\/www.notibras.com\/site\/totonho-do-bb-tinha-o-bumbum-como-casca-de-ovo\/","url":"https:\/\/www.notibras.com\/site\/totonho-do-bb-tinha-o-bumbum-como-casca-de-ovo\/","name":"Totonho, do BB, tinha o bumbum como casca de ovo - Notibras","isPartOf":{"@id":"https:\/\/www.notibras.com\/site\/#website"},"primaryImageOfPage":{"@id":"https:\/\/www.notibras.com\/site\/totonho-do-bb-tinha-o-bumbum-como-casca-de-ovo\/#primaryimage"},"image":{"@id":"https:\/\/www.notibras.com\/site\/totonho-do-bb-tinha-o-bumbum-como-casca-de-ovo\/#primaryimage"},"thumbnailUrl":"https:\/\/www.notibras.com\/site\/wp-content\/uploads\/2023\/04\/xixi.webp","datePublished":"2023-04-20T08:49:41+00:00","dateModified":"2023-04-20T11:37:40+00:00","breadcrumb":{"@id":"https:\/\/www.notibras.com\/site\/totonho-do-bb-tinha-o-bumbum-como-casca-de-ovo\/#breadcrumb"},"inLanguage":"pt-BR","potentialAction":[{"@type":"ReadAction","target":["https:\/\/www.notibras.com\/site\/totonho-do-bb-tinha-o-bumbum-como-casca-de-ovo\/"]}]},{"@type":"ImageObject","inLanguage":"pt-BR","@id":"https:\/\/www.notibras.com\/site\/totonho-do-bb-tinha-o-bumbum-como-casca-de-ovo\/#primaryimage","url":"https:\/\/www.notibras.com\/site\/wp-content\/uploads\/2023\/04\/xixi.webp","contentUrl":"https:\/\/www.notibras.com\/site\/wp-content\/uploads\/2023\/04\/xixi.webp","width":696,"height":465},{"@type":"BreadcrumbList","@id":"https:\/\/www.notibras.com\/site\/totonho-do-bb-tinha-o-bumbum-como-casca-de-ovo\/#breadcrumb","itemListElement":[{"@type":"ListItem","position":1,"name":"In\u00edcio","item":"https:\/\/www.notibras.com\/site\/"},{"@type":"ListItem","position":2,"name":"Totonho, do BB, tinha o bumbum como casca de ovo"}]},{"@type":"WebSite","@id":"https:\/\/www.notibras.com\/site\/#website","url":"https:\/\/www.notibras.com\/site\/","name":"Notibras","description":"Not\u00edcias de Bras\u00edlia, do Brasil e do Mundo","publisher":{"@id":"https:\/\/www.notibras.com\/site\/#organization"},"potentialAction":[{"@type":"SearchAction","target":{"@type":"EntryPoint","urlTemplate":"https:\/\/www.notibras.com\/site\/?s={search_term_string}"},"query-input":{"@type":"PropertyValueSpecification","valueRequired":true,"valueName":"search_term_string"}}],"inLanguage":"pt-BR"},{"@type":"Organization","@id":"https:\/\/www.notibras.com\/site\/#organization","name":"Grupo Notibras de Comunica\u00e7\u00e3o","url":"https:\/\/www.notibras.com\/site\/","logo":{"@type":"ImageObject","inLanguage":"pt-BR","@id":"https:\/\/www.notibras.com\/site\/#\/schema\/logo\/image\/","url":"https:\/\/www.notibras.com\/site\/wp-content\/uploads\/2023\/01\/notibras23.png","contentUrl":"https:\/\/www.notibras.com\/site\/wp-content\/uploads\/2023\/01\/notibras23.png","width":350,"height":87,"caption":"Grupo Notibras de Comunica\u00e7\u00e3o"},"image":{"@id":"https:\/\/www.notibras.com\/site\/#\/schema\/logo\/image\/"},"sameAs":["https:\/\/www.facebook.com\/notibras\/","https:\/\/x.com\/Notibras","https:\/\/www.instagram.com\/notibras\/"]},{"@type":"Person","@id":"https:\/\/www.notibras.com\/site\/#\/schema\/person\/36ab0979449956132d3e5b517ea76ac8","name":"Reda\u00e7\u00e3o","image":{"@type":"ImageObject","inLanguage":"pt-BR","@id":"https:\/\/secure.gravatar.com\/avatar\/e0a867bdedb85fd243eadf09663511f96fc81e0720a4a42581f334ad4303aa6b?s=96&d=mm&r=g","url":"https:\/\/secure.gravatar.com\/avatar\/e0a867bdedb85fd243eadf09663511f96fc81e0720a4a42581f334ad4303aa6b?s=96&d=mm&r=g","contentUrl":"https:\/\/secure.gravatar.com\/avatar\/e0a867bdedb85fd243eadf09663511f96fc81e0720a4a42581f334ad4303aa6b?s=96&d=mm&r=g","caption":"Reda\u00e7\u00e3o"}}]}},"amp_enabled":true,"_links":{"self":[{"href":"https:\/\/www.notibras.com\/site\/wp-json\/wp\/v2\/posts\/303345","targetHints":{"allow":["GET"]}}],"collection":[{"href":"https:\/\/www.notibras.com\/site\/wp-json\/wp\/v2\/posts"}],"about":[{"href":"https:\/\/www.notibras.com\/site\/wp-json\/wp\/v2\/types\/post"}],"author":[{"embeddable":true,"href":"https:\/\/www.notibras.com\/site\/wp-json\/wp\/v2\/users\/2"}],"replies":[{"embeddable":true,"href":"https:\/\/www.notibras.com\/site\/wp-json\/wp\/v2\/comments?post=303345"}],"version-history":[{"count":2,"href":"https:\/\/www.notibras.com\/site\/wp-json\/wp\/v2\/posts\/303345\/revisions"}],"predecessor-version":[{"id":303356,"href":"https:\/\/www.notibras.com\/site\/wp-json\/wp\/v2\/posts\/303345\/revisions\/303356"}],"wp:featuredmedia":[{"embeddable":true,"href":"https:\/\/www.notibras.com\/site\/wp-json\/wp\/v2\/media\/303355"}],"wp:attachment":[{"href":"https:\/\/www.notibras.com\/site\/wp-json\/wp\/v2\/media?parent=303345"}],"wp:term":[{"taxonomy":"category","embeddable":true,"href":"https:\/\/www.notibras.com\/site\/wp-json\/wp\/v2\/categories?post=303345"},{"taxonomy":"post_tag","embeddable":true,"href":"https:\/\/www.notibras.com\/site\/wp-json\/wp\/v2\/tags?post=303345"}],"curies":[{"name":"wp","href":"https:\/\/api.w.org\/{rel}","templated":true}]}}