{"id":303348,"date":"2023-04-20T00:17:33","date_gmt":"2023-04-20T03:17:33","guid":{"rendered":"https:\/\/www.notibras.com\/site\/?p=303348"},"modified":"2023-04-20T08:23:32","modified_gmt":"2023-04-20T11:23:32","slug":"terraco-celebra-63-anos-de-brasilia-com-musica","status":"publish","type":"post","link":"https:\/\/www.notibras.com\/site\/terraco-celebra-63-anos-de-brasilia-com-musica\/","title":{"rendered":"Terra\u00e7o celebra 63 anos de Bras\u00edlia com m\u00fasica"},"content":{"rendered":"<p>Para celebrar o anivers\u00e1rio da Capital Federal, o Terra\u00e7o Shopping convidou exclusivamente artistas de Bras\u00edlia, para prestarem tributos \u00e0 cidade por meio de suas apresenta\u00e7\u00f5es. No s\u00e1bado, dia 22, \u00e0s 19h30, Nathalia Cavalcante subir\u00e1 ao palco da Pra\u00e7a Central. A cantora, que participou do programa de TV &#8220;The Voice Brasil&#8221;, realizou shows em Viena, na \u00c1ustria, e tamb\u00e9m apresenta\u00e7\u00f5es com o renomado m\u00fasico Eduardo Lages, maestro do Roberto Carlos, trar\u00e1 para sua apresenta\u00e7\u00e3o um repert\u00f3rio cheio de m\u00fasicas da Nova MPB, Jazz e Pop.<\/p>\n<p>Na sequ\u00eancia, dia 23, \u00e0s 13h, quem se apresenta \u00e9 a cantora Nina Pierre. Em seus shows, ela busca proporcionar novos momentos, novos sentimentos e novas hist\u00f3rias por meio de sua m\u00fasica, com can\u00e7\u00f5es de cl\u00e1ssicos nacionais e internacionais de v\u00e1rios g\u00eaneros, como R&amp;B, Pop e MPB. Artistas como Christina Aguilera, Amy Winehouse, Mallu Magalh\u00e3es, Vanessa da Mata, The Beatles e Aurora s\u00e3o algumas de suas refer\u00eancias musicais, sempre presentes em seu setlist.<\/p>\n<p><strong>Servi\u00e7o:<\/strong><br \/>\nS\u00e1bado Cultural com Nathalia Cavalcante<br \/>\n22 de abril, \u00e0s 19h30<br \/>\nPra\u00e7a Central<\/p>\n<p>Almo\u00e7o Musical com Nina Pierre<br \/>\nDomingo, 23 de abril, \u00e0s 13h<br \/>\nPra\u00e7a Central<br \/>\nInforma\u00e7\u00f5es: (61) 3403-2900<\/p>\n","protected":false},"excerpt":{"rendered":"<p>Para celebrar o anivers\u00e1rio da Capital Federal, o Terra\u00e7o Shopping convidou exclusivamente artistas de Bras\u00edlia, para prestarem tributos \u00e0 cidade por meio de suas apresenta\u00e7\u00f5es. No s\u00e1bado, dia 22, \u00e0s 19h30, Nathalia Cavalcante subir\u00e1 ao palco da Pra\u00e7a Central. A cantora, que participou do programa de TV &#8220;The Voice Brasil&#8221;, realizou shows em Viena, na [&hellip;]<\/p>\n","protected":false},"author":2,"featured_media":303349,"comment_status":"closed","ping_status":"closed","sticky":false,"template":"","format":"standard","meta":{"_acf_changed":false,"footnotes":""},"categories":[161],"tags":[],"class_list":["post-303348","post","type-post","status-publish","format-standard","has-post-thumbnail","hentry","category-quadradinho-em-foco"],"acf":[],"yoast_head":"<!-- This site is optimized with the Yoast SEO plugin v27.2 - https:\/\/yoast.com\/product\/yoast-seo-wordpress\/ -->\n<title>Terra\u00e7o celebra 63 anos de Bras\u00edlia com m\u00fasica - Notibras<\/title>\n<meta name=\"robots\" content=\"index, follow, max-snippet:-1, max-image-preview:large, max-video-preview:-1\" \/>\n<link rel=\"canonical\" href=\"https:\/\/www.notibras.com\/site\/terraco-celebra-63-anos-de-brasilia-com-musica\/\" \/>\n<meta property=\"og:locale\" content=\"pt_BR\" \/>\n<meta property=\"og:type\" content=\"article\" \/>\n<meta property=\"og:title\" content=\"Terra\u00e7o celebra 63 anos de Bras\u00edlia com m\u00fasica - Notibras\" \/>\n<meta property=\"og:description\" content=\"Para celebrar o anivers\u00e1rio da Capital Federal, o Terra\u00e7o Shopping convidou exclusivamente artistas de Bras\u00edlia, para prestarem tributos \u00e0 cidade por meio de suas apresenta\u00e7\u00f5es. No s\u00e1bado, dia 22, \u00e0s 19h30, Nathalia Cavalcante subir\u00e1 ao palco da Pra\u00e7a Central. A cantora, que participou do programa de TV &#8220;The Voice Brasil&#8221;, realizou shows em Viena, na [&hellip;]\" \/>\n<meta property=\"og:url\" content=\"https:\/\/www.notibras.com\/site\/terraco-celebra-63-anos-de-brasilia-com-musica\/\" \/>\n<meta property=\"og:site_name\" content=\"Notibras\" \/>\n<meta property=\"article:publisher\" content=\"https:\/\/www.facebook.com\/notibras\/\" \/>\n<meta property=\"article:published_time\" content=\"2023-04-20T03:17:33+00:00\" \/>\n<meta property=\"article:modified_time\" content=\"2023-04-20T11:23:32+00:00\" \/>\n<meta property=\"og:image\" content=\"https:\/\/www.notibras.com\/site\/wp-content\/uploads\/2023\/04\/nina.webp\" \/>\n\t<meta property=\"og:image:width\" content=\"700\" \/>\n\t<meta property=\"og:image:height\" content=\"410\" \/>\n\t<meta property=\"og:image:type\" content=\"image\/webp\" \/>\n<meta name=\"author\" content=\"Reda\u00e7\u00e3o\" \/>\n<meta name=\"twitter:card\" content=\"summary_large_image\" \/>\n<meta name=\"twitter:creator\" content=\"@Notibras\" \/>\n<meta name=\"twitter:site\" content=\"@Notibras\" \/>\n<meta name=\"twitter:label1\" content=\"Escrito por\" \/>\n\t<meta name=\"twitter:data1\" content=\"Reda\u00e7\u00e3o\" \/>\n\t<meta name=\"twitter:label2\" content=\"Est. tempo de leitura\" \/>\n\t<meta name=\"twitter:data2\" content=\"2 minutos\" \/>\n<script type=\"application\/ld+json\" class=\"yoast-schema-graph\">{\"@context\":\"https:\/\/schema.org\",\"@graph\":[{\"@type\":\"Article\",\"@id\":\"https:\/\/www.notibras.com\/site\/terraco-celebra-63-anos-de-brasilia-com-musica\/#article\",\"isPartOf\":{\"@id\":\"https:\/\/www.notibras.com\/site\/terraco-celebra-63-anos-de-brasilia-com-musica\/\"},\"author\":{\"name\":\"Reda\u00e7\u00e3o\",\"@id\":\"https:\/\/www.notibras.com\/site\/#\/schema\/person\/36ab0979449956132d3e5b517ea76ac8\"},\"headline\":\"Terra\u00e7o celebra 63 anos de Bras\u00edlia com m\u00fasica\",\"datePublished\":\"2023-04-20T03:17:33+00:00\",\"dateModified\":\"2023-04-20T11:23:32+00:00\",\"mainEntityOfPage\":{\"@id\":\"https:\/\/www.notibras.com\/site\/terraco-celebra-63-anos-de-brasilia-com-musica\/\"},\"wordCount\":219,\"publisher\":{\"@id\":\"https:\/\/www.notibras.com\/site\/#organization\"},\"image\":{\"@id\":\"https:\/\/www.notibras.com\/site\/terraco-celebra-63-anos-de-brasilia-com-musica\/#primaryimage\"},\"thumbnailUrl\":\"https:\/\/www.notibras.com\/site\/wp-content\/uploads\/2023\/04\/nina.webp\",\"articleSection\":[\"Quadradinho em Foco\"],\"inLanguage\":\"pt-BR\"},{\"@type\":\"WebPage\",\"@id\":\"https:\/\/www.notibras.com\/site\/terraco-celebra-63-anos-de-brasilia-com-musica\/\",\"url\":\"https:\/\/www.notibras.com\/site\/terraco-celebra-63-anos-de-brasilia-com-musica\/\",\"name\":\"Terra\u00e7o celebra 63 anos de Bras\u00edlia com m\u00fasica - Notibras\",\"isPartOf\":{\"@id\":\"https:\/\/www.notibras.com\/site\/#website\"},\"primaryImageOfPage\":{\"@id\":\"https:\/\/www.notibras.com\/site\/terraco-celebra-63-anos-de-brasilia-com-musica\/#primaryimage\"},\"image\":{\"@id\":\"https:\/\/www.notibras.com\/site\/terraco-celebra-63-anos-de-brasilia-com-musica\/#primaryimage\"},\"thumbnailUrl\":\"https:\/\/www.notibras.com\/site\/wp-content\/uploads\/2023\/04\/nina.webp\",\"datePublished\":\"2023-04-20T03:17:33+00:00\",\"dateModified\":\"2023-04-20T11:23:32+00:00\",\"breadcrumb\":{\"@id\":\"https:\/\/www.notibras.com\/site\/terraco-celebra-63-anos-de-brasilia-com-musica\/#breadcrumb\"},\"inLanguage\":\"pt-BR\",\"potentialAction\":[{\"@type\":\"ReadAction\",\"target\":[\"https:\/\/www.notibras.com\/site\/terraco-celebra-63-anos-de-brasilia-com-musica\/\"]}]},{\"@type\":\"ImageObject\",\"inLanguage\":\"pt-BR\",\"@id\":\"https:\/\/www.notibras.com\/site\/terraco-celebra-63-anos-de-brasilia-com-musica\/#primaryimage\",\"url\":\"https:\/\/www.notibras.com\/site\/wp-content\/uploads\/2023\/04\/nina.webp\",\"contentUrl\":\"https:\/\/www.notibras.com\/site\/wp-content\/uploads\/2023\/04\/nina.webp\",\"width\":700,\"height\":410},{\"@type\":\"BreadcrumbList\",\"@id\":\"https:\/\/www.notibras.com\/site\/terraco-celebra-63-anos-de-brasilia-com-musica\/#breadcrumb\",\"itemListElement\":[{\"@type\":\"ListItem\",\"position\":1,\"name\":\"In\u00edcio\",\"item\":\"https:\/\/www.notibras.com\/site\/\"},{\"@type\":\"ListItem\",\"position\":2,\"name\":\"Terra\u00e7o celebra 63 anos de Bras\u00edlia com m\u00fasica\"}]},{\"@type\":\"WebSite\",\"@id\":\"https:\/\/www.notibras.com\/site\/#website\",\"url\":\"https:\/\/www.notibras.com\/site\/\",\"name\":\"Notibras\",\"description\":\"Not\u00edcias de Bras\u00edlia, do Brasil e do Mundo\",\"publisher\":{\"@id\":\"https:\/\/www.notibras.com\/site\/#organization\"},\"potentialAction\":[{\"@type\":\"SearchAction\",\"target\":{\"@type\":\"EntryPoint\",\"urlTemplate\":\"https:\/\/www.notibras.com\/site\/?s={search_term_string}\"},\"query-input\":{\"@type\":\"PropertyValueSpecification\",\"valueRequired\":true,\"valueName\":\"search_term_string\"}}],\"inLanguage\":\"pt-BR\"},{\"@type\":\"Organization\",\"@id\":\"https:\/\/www.notibras.com\/site\/#organization\",\"name\":\"Grupo Notibras de Comunica\u00e7\u00e3o\",\"url\":\"https:\/\/www.notibras.com\/site\/\",\"logo\":{\"@type\":\"ImageObject\",\"inLanguage\":\"pt-BR\",\"@id\":\"https:\/\/www.notibras.com\/site\/#\/schema\/logo\/image\/\",\"url\":\"https:\/\/www.notibras.com\/site\/wp-content\/uploads\/2023\/01\/notibras23.png\",\"contentUrl\":\"https:\/\/www.notibras.com\/site\/wp-content\/uploads\/2023\/01\/notibras23.png\",\"width\":350,\"height\":87,\"caption\":\"Grupo Notibras de Comunica\u00e7\u00e3o\"},\"image\":{\"@id\":\"https:\/\/www.notibras.com\/site\/#\/schema\/logo\/image\/\"},\"sameAs\":[\"https:\/\/www.facebook.com\/notibras\/\",\"https:\/\/x.com\/Notibras\",\"https:\/\/www.instagram.com\/notibras\/\"]},{\"@type\":\"Person\",\"@id\":\"https:\/\/www.notibras.com\/site\/#\/schema\/person\/36ab0979449956132d3e5b517ea76ac8\",\"name\":\"Reda\u00e7\u00e3o\",\"image\":{\"@type\":\"ImageObject\",\"inLanguage\":\"pt-BR\",\"@id\":\"https:\/\/secure.gravatar.com\/avatar\/e0a867bdedb85fd243eadf09663511f96fc81e0720a4a42581f334ad4303aa6b?s=96&d=mm&r=g\",\"url\":\"https:\/\/secure.gravatar.com\/avatar\/e0a867bdedb85fd243eadf09663511f96fc81e0720a4a42581f334ad4303aa6b?s=96&d=mm&r=g\",\"contentUrl\":\"https:\/\/secure.gravatar.com\/avatar\/e0a867bdedb85fd243eadf09663511f96fc81e0720a4a42581f334ad4303aa6b?s=96&d=mm&r=g\",\"caption\":\"Reda\u00e7\u00e3o\"}}]}<\/script>\n<!-- \/ Yoast SEO plugin. -->","yoast_head_json":{"title":"Terra\u00e7o celebra 63 anos de Bras\u00edlia com m\u00fasica - Notibras","robots":{"index":"index","follow":"follow","max-snippet":"max-snippet:-1","max-image-preview":"max-image-preview:large","max-video-preview":"max-video-preview:-1"},"canonical":"https:\/\/www.notibras.com\/site\/terraco-celebra-63-anos-de-brasilia-com-musica\/","og_locale":"pt_BR","og_type":"article","og_title":"Terra\u00e7o celebra 63 anos de Bras\u00edlia com m\u00fasica - Notibras","og_description":"Para celebrar o anivers\u00e1rio da Capital Federal, o Terra\u00e7o Shopping convidou exclusivamente artistas de Bras\u00edlia, para prestarem tributos \u00e0 cidade por meio de suas apresenta\u00e7\u00f5es. No s\u00e1bado, dia 22, \u00e0s 19h30, Nathalia Cavalcante subir\u00e1 ao palco da Pra\u00e7a Central. A cantora, que participou do programa de TV &#8220;The Voice Brasil&#8221;, realizou shows em Viena, na [&hellip;]","og_url":"https:\/\/www.notibras.com\/site\/terraco-celebra-63-anos-de-brasilia-com-musica\/","og_site_name":"Notibras","article_publisher":"https:\/\/www.facebook.com\/notibras\/","article_published_time":"2023-04-20T03:17:33+00:00","article_modified_time":"2023-04-20T11:23:32+00:00","og_image":[{"width":700,"height":410,"url":"https:\/\/www.notibras.com\/site\/wp-content\/uploads\/2023\/04\/nina.webp","type":"image\/webp"}],"author":"Reda\u00e7\u00e3o","twitter_card":"summary_large_image","twitter_creator":"@Notibras","twitter_site":"@Notibras","twitter_misc":{"Escrito por":"Reda\u00e7\u00e3o","Est. tempo de leitura":"2 minutos"},"schema":{"@context":"https:\/\/schema.org","@graph":[{"@type":"Article","@id":"https:\/\/www.notibras.com\/site\/terraco-celebra-63-anos-de-brasilia-com-musica\/#article","isPartOf":{"@id":"https:\/\/www.notibras.com\/site\/terraco-celebra-63-anos-de-brasilia-com-musica\/"},"author":{"name":"Reda\u00e7\u00e3o","@id":"https:\/\/www.notibras.com\/site\/#\/schema\/person\/36ab0979449956132d3e5b517ea76ac8"},"headline":"Terra\u00e7o celebra 63 anos de Bras\u00edlia com m\u00fasica","datePublished":"2023-04-20T03:17:33+00:00","dateModified":"2023-04-20T11:23:32+00:00","mainEntityOfPage":{"@id":"https:\/\/www.notibras.com\/site\/terraco-celebra-63-anos-de-brasilia-com-musica\/"},"wordCount":219,"publisher":{"@id":"https:\/\/www.notibras.com\/site\/#organization"},"image":{"@id":"https:\/\/www.notibras.com\/site\/terraco-celebra-63-anos-de-brasilia-com-musica\/#primaryimage"},"thumbnailUrl":"https:\/\/www.notibras.com\/site\/wp-content\/uploads\/2023\/04\/nina.webp","articleSection":["Quadradinho em Foco"],"inLanguage":"pt-BR"},{"@type":"WebPage","@id":"https:\/\/www.notibras.com\/site\/terraco-celebra-63-anos-de-brasilia-com-musica\/","url":"https:\/\/www.notibras.com\/site\/terraco-celebra-63-anos-de-brasilia-com-musica\/","name":"Terra\u00e7o celebra 63 anos de Bras\u00edlia com m\u00fasica - Notibras","isPartOf":{"@id":"https:\/\/www.notibras.com\/site\/#website"},"primaryImageOfPage":{"@id":"https:\/\/www.notibras.com\/site\/terraco-celebra-63-anos-de-brasilia-com-musica\/#primaryimage"},"image":{"@id":"https:\/\/www.notibras.com\/site\/terraco-celebra-63-anos-de-brasilia-com-musica\/#primaryimage"},"thumbnailUrl":"https:\/\/www.notibras.com\/site\/wp-content\/uploads\/2023\/04\/nina.webp","datePublished":"2023-04-20T03:17:33+00:00","dateModified":"2023-04-20T11:23:32+00:00","breadcrumb":{"@id":"https:\/\/www.notibras.com\/site\/terraco-celebra-63-anos-de-brasilia-com-musica\/#breadcrumb"},"inLanguage":"pt-BR","potentialAction":[{"@type":"ReadAction","target":["https:\/\/www.notibras.com\/site\/terraco-celebra-63-anos-de-brasilia-com-musica\/"]}]},{"@type":"ImageObject","inLanguage":"pt-BR","@id":"https:\/\/www.notibras.com\/site\/terraco-celebra-63-anos-de-brasilia-com-musica\/#primaryimage","url":"https:\/\/www.notibras.com\/site\/wp-content\/uploads\/2023\/04\/nina.webp","contentUrl":"https:\/\/www.notibras.com\/site\/wp-content\/uploads\/2023\/04\/nina.webp","width":700,"height":410},{"@type":"BreadcrumbList","@id":"https:\/\/www.notibras.com\/site\/terraco-celebra-63-anos-de-brasilia-com-musica\/#breadcrumb","itemListElement":[{"@type":"ListItem","position":1,"name":"In\u00edcio","item":"https:\/\/www.notibras.com\/site\/"},{"@type":"ListItem","position":2,"name":"Terra\u00e7o celebra 63 anos de Bras\u00edlia com m\u00fasica"}]},{"@type":"WebSite","@id":"https:\/\/www.notibras.com\/site\/#website","url":"https:\/\/www.notibras.com\/site\/","name":"Notibras","description":"Not\u00edcias de Bras\u00edlia, do Brasil e do Mundo","publisher":{"@id":"https:\/\/www.notibras.com\/site\/#organization"},"potentialAction":[{"@type":"SearchAction","target":{"@type":"EntryPoint","urlTemplate":"https:\/\/www.notibras.com\/site\/?s={search_term_string}"},"query-input":{"@type":"PropertyValueSpecification","valueRequired":true,"valueName":"search_term_string"}}],"inLanguage":"pt-BR"},{"@type":"Organization","@id":"https:\/\/www.notibras.com\/site\/#organization","name":"Grupo Notibras de Comunica\u00e7\u00e3o","url":"https:\/\/www.notibras.com\/site\/","logo":{"@type":"ImageObject","inLanguage":"pt-BR","@id":"https:\/\/www.notibras.com\/site\/#\/schema\/logo\/image\/","url":"https:\/\/www.notibras.com\/site\/wp-content\/uploads\/2023\/01\/notibras23.png","contentUrl":"https:\/\/www.notibras.com\/site\/wp-content\/uploads\/2023\/01\/notibras23.png","width":350,"height":87,"caption":"Grupo Notibras de Comunica\u00e7\u00e3o"},"image":{"@id":"https:\/\/www.notibras.com\/site\/#\/schema\/logo\/image\/"},"sameAs":["https:\/\/www.facebook.com\/notibras\/","https:\/\/x.com\/Notibras","https:\/\/www.instagram.com\/notibras\/"]},{"@type":"Person","@id":"https:\/\/www.notibras.com\/site\/#\/schema\/person\/36ab0979449956132d3e5b517ea76ac8","name":"Reda\u00e7\u00e3o","image":{"@type":"ImageObject","inLanguage":"pt-BR","@id":"https:\/\/secure.gravatar.com\/avatar\/e0a867bdedb85fd243eadf09663511f96fc81e0720a4a42581f334ad4303aa6b?s=96&d=mm&r=g","url":"https:\/\/secure.gravatar.com\/avatar\/e0a867bdedb85fd243eadf09663511f96fc81e0720a4a42581f334ad4303aa6b?s=96&d=mm&r=g","contentUrl":"https:\/\/secure.gravatar.com\/avatar\/e0a867bdedb85fd243eadf09663511f96fc81e0720a4a42581f334ad4303aa6b?s=96&d=mm&r=g","caption":"Reda\u00e7\u00e3o"}}]}},"amp_enabled":true,"_links":{"self":[{"href":"https:\/\/www.notibras.com\/site\/wp-json\/wp\/v2\/posts\/303348","targetHints":{"allow":["GET"]}}],"collection":[{"href":"https:\/\/www.notibras.com\/site\/wp-json\/wp\/v2\/posts"}],"about":[{"href":"https:\/\/www.notibras.com\/site\/wp-json\/wp\/v2\/types\/post"}],"author":[{"embeddable":true,"href":"https:\/\/www.notibras.com\/site\/wp-json\/wp\/v2\/users\/2"}],"replies":[{"embeddable":true,"href":"https:\/\/www.notibras.com\/site\/wp-json\/wp\/v2\/comments?post=303348"}],"version-history":[{"count":1,"href":"https:\/\/www.notibras.com\/site\/wp-json\/wp\/v2\/posts\/303348\/revisions"}],"predecessor-version":[{"id":303350,"href":"https:\/\/www.notibras.com\/site\/wp-json\/wp\/v2\/posts\/303348\/revisions\/303350"}],"wp:featuredmedia":[{"embeddable":true,"href":"https:\/\/www.notibras.com\/site\/wp-json\/wp\/v2\/media\/303349"}],"wp:attachment":[{"href":"https:\/\/www.notibras.com\/site\/wp-json\/wp\/v2\/media?parent=303348"}],"wp:term":[{"taxonomy":"category","embeddable":true,"href":"https:\/\/www.notibras.com\/site\/wp-json\/wp\/v2\/categories?post=303348"},{"taxonomy":"post_tag","embeddable":true,"href":"https:\/\/www.notibras.com\/site\/wp-json\/wp\/v2\/tags?post=303348"}],"curies":[{"name":"wp","href":"https:\/\/api.w.org\/{rel}","templated":true}]}}