{"id":303384,"date":"2023-04-21T09:11:31","date_gmt":"2023-04-21T12:11:31","guid":{"rendered":"https:\/\/www.notibras.com\/site\/?p=303384"},"modified":"2023-04-22T01:15:51","modified_gmt":"2023-04-22T04:15:51","slug":"bebes-fecham-olhos-para-nao-ver-golpe-dos-pais","status":"publish","type":"post","link":"https:\/\/www.notibras.com\/site\/bebes-fecham-olhos-para-nao-ver-golpe-dos-pais\/","title":{"rendered":"Beb\u00eas fecham olhos para n\u00e3o ver golpe dos pais"},"content":{"rendered":"<p>Aquele casal era, aos olhos de todos, o mais puro sin\u00f4nimo de austeridade. Devotos dos mais fi\u00e9is da igreja, Anita e Gumercindo sorriam aquele sorriso largo para todos, como se a felicidade os acompanhasse gra\u00e7as aos preceitos rigidamente pregados pelo pastor da igreja ali da quadra. Novos no lugar, logo ganharam o respeito e, melhor ainda, a simpatia dos moradores.<\/p>\n<p>Aos domingos, fizesse sol ou chuva, n\u00e3o importava, l\u00e1 estavam aqueles dois. Anita trajava um casto vestido t\u00e3o longo, que mal dava para notar aqueles singelos sapatos de dois cent\u00edmetros de salto. Gumercindo, por sua vez, sempre de terno cinza ou preto, o que lhe conferia uma apar\u00eancia digna. Para completar o quadro perfeito, ora um, ora outro empurrava o carrinho onde repousavam os g\u00eameos, rec\u00e9m nascidos, Isa\u00edas e Jac\u00f3. Sim, nomes b\u00edblicos para n\u00e3o restar d\u00favida do comprometimento daquela fam\u00edlia.<\/p>\n<p>Anita tratou logo de se enturmar com as beatas, com quem dividia o tempo em caridades. Tricotava paninhos, que eram distribu\u00eddos entre os mais carentes. De t\u00e3o ligeira com as m\u00e3os, at\u00e9 as mais velhas n\u00e3o percebiam os pequenos defeitos nas pe\u00e7as produzidas. Mas que mal faria se percebessem? Nenhum, sempre diria algu\u00e9m mais complacente. Afinal, o importante \u00e9 que aquela mulher dedicava a vida para aplacar as mazelas do pr\u00f3ximo.<\/p>\n<p>Dedicada esposa e m\u00e3e, Anita se sentava com as mulheres nas reuni\u00f5es da igreja. Gumercindo, por sua vez, era o centro das aten\u00e7\u00f5es entre o grupo dos homens. De t\u00e3o envolvente, o pastor lhe concedia alguns momentos no p\u00falpito. E l\u00e1 ia o Gumercindo, todo empertigado, ler um Salmo aqui, outro ali.<\/p>\n<p>Apesar da pouca afina\u00e7\u00e3o, n\u00e3o raro o casal fazia quest\u00e3o de acompanhar o coral. At\u00e9 a Lindaura, a voz principal da igreja, se sentia maravilhada com aquela participa\u00e7\u00e3o. Talvez porque tivesse uma quedinha pelo Gumercindo, talvez at\u00e9 pela Anita. Pelos dois? Vai saber!<\/p>\n<p>Os dias que se seguiram foram muito corridos para todos os membros daquela igreja. No final do m\u00eas, haveria uma grande festa para arrecadar fundos para a constru\u00e7\u00e3o do novo templo. Uma pequena fortuna, mas nada que os devotos n\u00e3o pudessem alcan\u00e7ar, ainda mais depois de tanta louva\u00e7\u00e3o ao Senhor. Anita, ocupada com uma febre repentina que acometera os filhos, quase n\u00e3o pode ajudar nos preparativos. J\u00e1 Gumercindo, que fora al\u00e7ado a uma posi\u00e7\u00e3o de comando pelo pr\u00f3prio pastor, tomou gosto pela coisa.<\/p>\n<p>Chegou o grande dia. A festan\u00e7a foi um sucesso maior que o esperado. O p\u00fablico foi t\u00e3o grande, que algu\u00e9m poderia dizer que tinha gente saindo pelo ladr\u00e3o. Pois \u00e9, no final das contas, a quantia daria at\u00e9 para quase dois templos, caso os fi\u00e9is assim desejassem. Aquela enorme quantidade de dinheiro foi colocada em um malote de bom tamanho. Mesmo assim, era n\u00edtido que, de t\u00e3o estufado, todas aquelas notas e moedas poderiam ter sido postos em dois.<\/p>\n<p>O pastor, agradecido pela generosidade de todos os presentes, puxou um serm\u00e3o de quase meia hora. Ainda teve tempo para conclamar duas ou tr\u00eas can\u00e7\u00f5es religiosas. Ap\u00f3s o \u00faltimo agudo de Lindaura, o pastor agradeceu pela presen\u00e7a de todos. As pessoas foram se dispersando, at\u00e9 que n\u00e3o havia mais ningu\u00e9m no local. O pastor, ent\u00e3o, tratou de guardar o rico malote na igreja, numa sala trancada a sete chaves, caso realmente existissem ali sete fechaduras.<\/p>\n<p>J\u00e1 era manh\u00e3 avan\u00e7ada, quando o pastor e alguns fi\u00e9is entraram na igreja. O intuito era auferir os ganhos. Ao darem a \u00faltima volta na chave, para espanto de todos, o malote havia sumido. O pastor ainda tentou conter o pr\u00f3prio desespero. Talvez tivesse colocado o malote em outro lugar. Que nada! Logo percebeu que havia sido ali mesmo.<\/p>\n<p>Desesperado, correu para a casa do casal rec\u00e9m chegado. Com certeza, o s\u00e1bio Gumercindo saberia dar uma solu\u00e7\u00e3o para aquela situa\u00e7\u00e3o. Diante da porta, tocou a campainha. Nenhuma resposta. Bateu \u00e0 porta. Nenhuma resposta. Aquele sil\u00eancio o transtornou tanto, que n\u00e3o teve capacidade de evitar esmurrar a porta, que se abriu lentamente.<\/p>\n<p>O pastor entrou na casa. Ele chamou pelo Gumercindo. Nenhuma resposta. Tornou a chamar. Nada! Arriscou o nome de Anita, at\u00e9 que, diante de si, viu o carrinho dos g\u00eameos. Ele se aproximou e constatou que os beb\u00eas mantinham os olhos fechados, como se dormindo o sono dos anjinhos. O pastor esticou a m\u00e3os para acariciar aqueles rostos rosados quando, finalmente, abriu seus pr\u00f3prios olhos para a realidade. Os beb\u00eas eram, na verdade, bonecos. Anita e Gumercindo, dois picaretas, haviam furtado todo o dinheiro e fugido para n\u00e3o se sabe onde.<\/p>\n","protected":false},"excerpt":{"rendered":"<p>Aquele casal era, aos olhos de todos, o mais puro sin\u00f4nimo de austeridade. Devotos dos mais fi\u00e9is da igreja, Anita e Gumercindo sorriam aquele sorriso largo para todos, como se a felicidade os acompanhasse gra\u00e7as aos preceitos rigidamente pregados pelo pastor da igreja ali da quadra. Novos no lugar, logo ganharam o respeito e, melhor [&hellip;]<\/p>\n","protected":false},"author":2,"featured_media":303385,"comment_status":"closed","ping_status":"closed","sticky":false,"template":"","format":"standard","meta":{"_acf_changed":false,"footnotes":""},"categories":[161],"tags":[],"class_list":["post-303384","post","type-post","status-publish","format-standard","has-post-thumbnail","hentry","category-quadradinho-em-foco"],"acf":[],"yoast_head":"<!-- This site is optimized with the Yoast SEO plugin v27.2 - https:\/\/yoast.com\/product\/yoast-seo-wordpress\/ -->\n<title>Beb\u00eas fecham olhos para n\u00e3o ver golpe dos pais - Notibras<\/title>\n<meta name=\"robots\" content=\"index, follow, max-snippet:-1, max-image-preview:large, max-video-preview:-1\" \/>\n<link rel=\"canonical\" href=\"https:\/\/www.notibras.com\/site\/bebes-fecham-olhos-para-nao-ver-golpe-dos-pais\/\" \/>\n<meta property=\"og:locale\" content=\"pt_BR\" \/>\n<meta property=\"og:type\" content=\"article\" \/>\n<meta property=\"og:title\" content=\"Beb\u00eas fecham olhos para n\u00e3o ver golpe dos pais - Notibras\" \/>\n<meta property=\"og:description\" content=\"Aquele casal era, aos olhos de todos, o mais puro sin\u00f4nimo de austeridade. Devotos dos mais fi\u00e9is da igreja, Anita e Gumercindo sorriam aquele sorriso largo para todos, como se a felicidade os acompanhasse gra\u00e7as aos preceitos rigidamente pregados pelo pastor da igreja ali da quadra. Novos no lugar, logo ganharam o respeito e, melhor [&hellip;]\" \/>\n<meta property=\"og:url\" content=\"https:\/\/www.notibras.com\/site\/bebes-fecham-olhos-para-nao-ver-golpe-dos-pais\/\" \/>\n<meta property=\"og:site_name\" content=\"Notibras\" \/>\n<meta property=\"article:publisher\" content=\"https:\/\/www.facebook.com\/notibras\/\" \/>\n<meta property=\"article:published_time\" content=\"2023-04-21T12:11:31+00:00\" \/>\n<meta property=\"article:modified_time\" content=\"2023-04-22T04:15:51+00:00\" \/>\n<meta property=\"og:image\" content=\"https:\/\/www.notibras.com\/site\/wp-content\/uploads\/2023\/04\/46f84d99-bf82-4853-9615-7fbef80d3781.jpg\" \/>\n\t<meta property=\"og:image:width\" content=\"769\" \/>\n\t<meta property=\"og:image:height\" content=\"1024\" \/>\n\t<meta property=\"og:image:type\" content=\"image\/jpeg\" \/>\n<meta name=\"author\" content=\"Reda\u00e7\u00e3o\" \/>\n<meta name=\"twitter:card\" content=\"summary_large_image\" \/>\n<meta name=\"twitter:creator\" content=\"@Notibras\" \/>\n<meta name=\"twitter:site\" content=\"@Notibras\" \/>\n<meta name=\"twitter:label1\" content=\"Escrito por\" \/>\n\t<meta name=\"twitter:data1\" content=\"Reda\u00e7\u00e3o\" \/>\n\t<meta name=\"twitter:label2\" content=\"Est. tempo de leitura\" \/>\n\t<meta name=\"twitter:data2\" content=\"5 minutos\" \/>\n<script type=\"application\/ld+json\" class=\"yoast-schema-graph\">{\"@context\":\"https:\/\/schema.org\",\"@graph\":[{\"@type\":\"Article\",\"@id\":\"https:\/\/www.notibras.com\/site\/bebes-fecham-olhos-para-nao-ver-golpe-dos-pais\/#article\",\"isPartOf\":{\"@id\":\"https:\/\/www.notibras.com\/site\/bebes-fecham-olhos-para-nao-ver-golpe-dos-pais\/\"},\"author\":{\"name\":\"Reda\u00e7\u00e3o\",\"@id\":\"https:\/\/www.notibras.com\/site\/#\/schema\/person\/36ab0979449956132d3e5b517ea76ac8\"},\"headline\":\"Beb\u00eas fecham olhos para n\u00e3o ver golpe dos pais\",\"datePublished\":\"2023-04-21T12:11:31+00:00\",\"dateModified\":\"2023-04-22T04:15:51+00:00\",\"mainEntityOfPage\":{\"@id\":\"https:\/\/www.notibras.com\/site\/bebes-fecham-olhos-para-nao-ver-golpe-dos-pais\/\"},\"wordCount\":824,\"publisher\":{\"@id\":\"https:\/\/www.notibras.com\/site\/#organization\"},\"image\":{\"@id\":\"https:\/\/www.notibras.com\/site\/bebes-fecham-olhos-para-nao-ver-golpe-dos-pais\/#primaryimage\"},\"thumbnailUrl\":\"https:\/\/www.notibras.com\/site\/wp-content\/uploads\/2023\/04\/46f84d99-bf82-4853-9615-7fbef80d3781.jpg\",\"articleSection\":[\"Quadradinho em Foco\"],\"inLanguage\":\"pt-BR\"},{\"@type\":\"WebPage\",\"@id\":\"https:\/\/www.notibras.com\/site\/bebes-fecham-olhos-para-nao-ver-golpe-dos-pais\/\",\"url\":\"https:\/\/www.notibras.com\/site\/bebes-fecham-olhos-para-nao-ver-golpe-dos-pais\/\",\"name\":\"Beb\u00eas fecham olhos para n\u00e3o ver golpe dos pais - Notibras\",\"isPartOf\":{\"@id\":\"https:\/\/www.notibras.com\/site\/#website\"},\"primaryImageOfPage\":{\"@id\":\"https:\/\/www.notibras.com\/site\/bebes-fecham-olhos-para-nao-ver-golpe-dos-pais\/#primaryimage\"},\"image\":{\"@id\":\"https:\/\/www.notibras.com\/site\/bebes-fecham-olhos-para-nao-ver-golpe-dos-pais\/#primaryimage\"},\"thumbnailUrl\":\"https:\/\/www.notibras.com\/site\/wp-content\/uploads\/2023\/04\/46f84d99-bf82-4853-9615-7fbef80d3781.jpg\",\"datePublished\":\"2023-04-21T12:11:31+00:00\",\"dateModified\":\"2023-04-22T04:15:51+00:00\",\"breadcrumb\":{\"@id\":\"https:\/\/www.notibras.com\/site\/bebes-fecham-olhos-para-nao-ver-golpe-dos-pais\/#breadcrumb\"},\"inLanguage\":\"pt-BR\",\"potentialAction\":[{\"@type\":\"ReadAction\",\"target\":[\"https:\/\/www.notibras.com\/site\/bebes-fecham-olhos-para-nao-ver-golpe-dos-pais\/\"]}]},{\"@type\":\"ImageObject\",\"inLanguage\":\"pt-BR\",\"@id\":\"https:\/\/www.notibras.com\/site\/bebes-fecham-olhos-para-nao-ver-golpe-dos-pais\/#primaryimage\",\"url\":\"https:\/\/www.notibras.com\/site\/wp-content\/uploads\/2023\/04\/46f84d99-bf82-4853-9615-7fbef80d3781.jpg\",\"contentUrl\":\"https:\/\/www.notibras.com\/site\/wp-content\/uploads\/2023\/04\/46f84d99-bf82-4853-9615-7fbef80d3781.jpg\",\"width\":769,\"height\":1024},{\"@type\":\"BreadcrumbList\",\"@id\":\"https:\/\/www.notibras.com\/site\/bebes-fecham-olhos-para-nao-ver-golpe-dos-pais\/#breadcrumb\",\"itemListElement\":[{\"@type\":\"ListItem\",\"position\":1,\"name\":\"In\u00edcio\",\"item\":\"https:\/\/www.notibras.com\/site\/\"},{\"@type\":\"ListItem\",\"position\":2,\"name\":\"Beb\u00eas fecham olhos para n\u00e3o ver golpe dos pais\"}]},{\"@type\":\"WebSite\",\"@id\":\"https:\/\/www.notibras.com\/site\/#website\",\"url\":\"https:\/\/www.notibras.com\/site\/\",\"name\":\"Notibras\",\"description\":\"Not\u00edcias de Bras\u00edlia, do Brasil e do Mundo\",\"publisher\":{\"@id\":\"https:\/\/www.notibras.com\/site\/#organization\"},\"potentialAction\":[{\"@type\":\"SearchAction\",\"target\":{\"@type\":\"EntryPoint\",\"urlTemplate\":\"https:\/\/www.notibras.com\/site\/?s={search_term_string}\"},\"query-input\":{\"@type\":\"PropertyValueSpecification\",\"valueRequired\":true,\"valueName\":\"search_term_string\"}}],\"inLanguage\":\"pt-BR\"},{\"@type\":\"Organization\",\"@id\":\"https:\/\/www.notibras.com\/site\/#organization\",\"name\":\"Grupo Notibras de Comunica\u00e7\u00e3o\",\"url\":\"https:\/\/www.notibras.com\/site\/\",\"logo\":{\"@type\":\"ImageObject\",\"inLanguage\":\"pt-BR\",\"@id\":\"https:\/\/www.notibras.com\/site\/#\/schema\/logo\/image\/\",\"url\":\"https:\/\/www.notibras.com\/site\/wp-content\/uploads\/2023\/01\/notibras23.png\",\"contentUrl\":\"https:\/\/www.notibras.com\/site\/wp-content\/uploads\/2023\/01\/notibras23.png\",\"width\":350,\"height\":87,\"caption\":\"Grupo Notibras de Comunica\u00e7\u00e3o\"},\"image\":{\"@id\":\"https:\/\/www.notibras.com\/site\/#\/schema\/logo\/image\/\"},\"sameAs\":[\"https:\/\/www.facebook.com\/notibras\/\",\"https:\/\/x.com\/Notibras\",\"https:\/\/www.instagram.com\/notibras\/\"]},{\"@type\":\"Person\",\"@id\":\"https:\/\/www.notibras.com\/site\/#\/schema\/person\/36ab0979449956132d3e5b517ea76ac8\",\"name\":\"Reda\u00e7\u00e3o\",\"image\":{\"@type\":\"ImageObject\",\"inLanguage\":\"pt-BR\",\"@id\":\"https:\/\/secure.gravatar.com\/avatar\/e0a867bdedb85fd243eadf09663511f96fc81e0720a4a42581f334ad4303aa6b?s=96&d=mm&r=g\",\"url\":\"https:\/\/secure.gravatar.com\/avatar\/e0a867bdedb85fd243eadf09663511f96fc81e0720a4a42581f334ad4303aa6b?s=96&d=mm&r=g\",\"contentUrl\":\"https:\/\/secure.gravatar.com\/avatar\/e0a867bdedb85fd243eadf09663511f96fc81e0720a4a42581f334ad4303aa6b?s=96&d=mm&r=g\",\"caption\":\"Reda\u00e7\u00e3o\"}}]}<\/script>\n<!-- \/ Yoast SEO plugin. -->","yoast_head_json":{"title":"Beb\u00eas fecham olhos para n\u00e3o ver golpe dos pais - Notibras","robots":{"index":"index","follow":"follow","max-snippet":"max-snippet:-1","max-image-preview":"max-image-preview:large","max-video-preview":"max-video-preview:-1"},"canonical":"https:\/\/www.notibras.com\/site\/bebes-fecham-olhos-para-nao-ver-golpe-dos-pais\/","og_locale":"pt_BR","og_type":"article","og_title":"Beb\u00eas fecham olhos para n\u00e3o ver golpe dos pais - Notibras","og_description":"Aquele casal era, aos olhos de todos, o mais puro sin\u00f4nimo de austeridade. Devotos dos mais fi\u00e9is da igreja, Anita e Gumercindo sorriam aquele sorriso largo para todos, como se a felicidade os acompanhasse gra\u00e7as aos preceitos rigidamente pregados pelo pastor da igreja ali da quadra. Novos no lugar, logo ganharam o respeito e, melhor [&hellip;]","og_url":"https:\/\/www.notibras.com\/site\/bebes-fecham-olhos-para-nao-ver-golpe-dos-pais\/","og_site_name":"Notibras","article_publisher":"https:\/\/www.facebook.com\/notibras\/","article_published_time":"2023-04-21T12:11:31+00:00","article_modified_time":"2023-04-22T04:15:51+00:00","og_image":[{"width":769,"height":1024,"url":"https:\/\/www.notibras.com\/site\/wp-content\/uploads\/2023\/04\/46f84d99-bf82-4853-9615-7fbef80d3781.jpg","type":"image\/jpeg"}],"author":"Reda\u00e7\u00e3o","twitter_card":"summary_large_image","twitter_creator":"@Notibras","twitter_site":"@Notibras","twitter_misc":{"Escrito por":"Reda\u00e7\u00e3o","Est. tempo de leitura":"5 minutos"},"schema":{"@context":"https:\/\/schema.org","@graph":[{"@type":"Article","@id":"https:\/\/www.notibras.com\/site\/bebes-fecham-olhos-para-nao-ver-golpe-dos-pais\/#article","isPartOf":{"@id":"https:\/\/www.notibras.com\/site\/bebes-fecham-olhos-para-nao-ver-golpe-dos-pais\/"},"author":{"name":"Reda\u00e7\u00e3o","@id":"https:\/\/www.notibras.com\/site\/#\/schema\/person\/36ab0979449956132d3e5b517ea76ac8"},"headline":"Beb\u00eas fecham olhos para n\u00e3o ver golpe dos pais","datePublished":"2023-04-21T12:11:31+00:00","dateModified":"2023-04-22T04:15:51+00:00","mainEntityOfPage":{"@id":"https:\/\/www.notibras.com\/site\/bebes-fecham-olhos-para-nao-ver-golpe-dos-pais\/"},"wordCount":824,"publisher":{"@id":"https:\/\/www.notibras.com\/site\/#organization"},"image":{"@id":"https:\/\/www.notibras.com\/site\/bebes-fecham-olhos-para-nao-ver-golpe-dos-pais\/#primaryimage"},"thumbnailUrl":"https:\/\/www.notibras.com\/site\/wp-content\/uploads\/2023\/04\/46f84d99-bf82-4853-9615-7fbef80d3781.jpg","articleSection":["Quadradinho em Foco"],"inLanguage":"pt-BR"},{"@type":"WebPage","@id":"https:\/\/www.notibras.com\/site\/bebes-fecham-olhos-para-nao-ver-golpe-dos-pais\/","url":"https:\/\/www.notibras.com\/site\/bebes-fecham-olhos-para-nao-ver-golpe-dos-pais\/","name":"Beb\u00eas fecham olhos para n\u00e3o ver golpe dos pais - Notibras","isPartOf":{"@id":"https:\/\/www.notibras.com\/site\/#website"},"primaryImageOfPage":{"@id":"https:\/\/www.notibras.com\/site\/bebes-fecham-olhos-para-nao-ver-golpe-dos-pais\/#primaryimage"},"image":{"@id":"https:\/\/www.notibras.com\/site\/bebes-fecham-olhos-para-nao-ver-golpe-dos-pais\/#primaryimage"},"thumbnailUrl":"https:\/\/www.notibras.com\/site\/wp-content\/uploads\/2023\/04\/46f84d99-bf82-4853-9615-7fbef80d3781.jpg","datePublished":"2023-04-21T12:11:31+00:00","dateModified":"2023-04-22T04:15:51+00:00","breadcrumb":{"@id":"https:\/\/www.notibras.com\/site\/bebes-fecham-olhos-para-nao-ver-golpe-dos-pais\/#breadcrumb"},"inLanguage":"pt-BR","potentialAction":[{"@type":"ReadAction","target":["https:\/\/www.notibras.com\/site\/bebes-fecham-olhos-para-nao-ver-golpe-dos-pais\/"]}]},{"@type":"ImageObject","inLanguage":"pt-BR","@id":"https:\/\/www.notibras.com\/site\/bebes-fecham-olhos-para-nao-ver-golpe-dos-pais\/#primaryimage","url":"https:\/\/www.notibras.com\/site\/wp-content\/uploads\/2023\/04\/46f84d99-bf82-4853-9615-7fbef80d3781.jpg","contentUrl":"https:\/\/www.notibras.com\/site\/wp-content\/uploads\/2023\/04\/46f84d99-bf82-4853-9615-7fbef80d3781.jpg","width":769,"height":1024},{"@type":"BreadcrumbList","@id":"https:\/\/www.notibras.com\/site\/bebes-fecham-olhos-para-nao-ver-golpe-dos-pais\/#breadcrumb","itemListElement":[{"@type":"ListItem","position":1,"name":"In\u00edcio","item":"https:\/\/www.notibras.com\/site\/"},{"@type":"ListItem","position":2,"name":"Beb\u00eas fecham olhos para n\u00e3o ver golpe dos pais"}]},{"@type":"WebSite","@id":"https:\/\/www.notibras.com\/site\/#website","url":"https:\/\/www.notibras.com\/site\/","name":"Notibras","description":"Not\u00edcias de Bras\u00edlia, do Brasil e do Mundo","publisher":{"@id":"https:\/\/www.notibras.com\/site\/#organization"},"potentialAction":[{"@type":"SearchAction","target":{"@type":"EntryPoint","urlTemplate":"https:\/\/www.notibras.com\/site\/?s={search_term_string}"},"query-input":{"@type":"PropertyValueSpecification","valueRequired":true,"valueName":"search_term_string"}}],"inLanguage":"pt-BR"},{"@type":"Organization","@id":"https:\/\/www.notibras.com\/site\/#organization","name":"Grupo Notibras de Comunica\u00e7\u00e3o","url":"https:\/\/www.notibras.com\/site\/","logo":{"@type":"ImageObject","inLanguage":"pt-BR","@id":"https:\/\/www.notibras.com\/site\/#\/schema\/logo\/image\/","url":"https:\/\/www.notibras.com\/site\/wp-content\/uploads\/2023\/01\/notibras23.png","contentUrl":"https:\/\/www.notibras.com\/site\/wp-content\/uploads\/2023\/01\/notibras23.png","width":350,"height":87,"caption":"Grupo Notibras de Comunica\u00e7\u00e3o"},"image":{"@id":"https:\/\/www.notibras.com\/site\/#\/schema\/logo\/image\/"},"sameAs":["https:\/\/www.facebook.com\/notibras\/","https:\/\/x.com\/Notibras","https:\/\/www.instagram.com\/notibras\/"]},{"@type":"Person","@id":"https:\/\/www.notibras.com\/site\/#\/schema\/person\/36ab0979449956132d3e5b517ea76ac8","name":"Reda\u00e7\u00e3o","image":{"@type":"ImageObject","inLanguage":"pt-BR","@id":"https:\/\/secure.gravatar.com\/avatar\/e0a867bdedb85fd243eadf09663511f96fc81e0720a4a42581f334ad4303aa6b?s=96&d=mm&r=g","url":"https:\/\/secure.gravatar.com\/avatar\/e0a867bdedb85fd243eadf09663511f96fc81e0720a4a42581f334ad4303aa6b?s=96&d=mm&r=g","contentUrl":"https:\/\/secure.gravatar.com\/avatar\/e0a867bdedb85fd243eadf09663511f96fc81e0720a4a42581f334ad4303aa6b?s=96&d=mm&r=g","caption":"Reda\u00e7\u00e3o"}}]}},"amp_enabled":true,"_links":{"self":[{"href":"https:\/\/www.notibras.com\/site\/wp-json\/wp\/v2\/posts\/303384","targetHints":{"allow":["GET"]}}],"collection":[{"href":"https:\/\/www.notibras.com\/site\/wp-json\/wp\/v2\/posts"}],"about":[{"href":"https:\/\/www.notibras.com\/site\/wp-json\/wp\/v2\/types\/post"}],"author":[{"embeddable":true,"href":"https:\/\/www.notibras.com\/site\/wp-json\/wp\/v2\/users\/2"}],"replies":[{"embeddable":true,"href":"https:\/\/www.notibras.com\/site\/wp-json\/wp\/v2\/comments?post=303384"}],"version-history":[{"count":2,"href":"https:\/\/www.notibras.com\/site\/wp-json\/wp\/v2\/posts\/303384\/revisions"}],"predecessor-version":[{"id":303415,"href":"https:\/\/www.notibras.com\/site\/wp-json\/wp\/v2\/posts\/303384\/revisions\/303415"}],"wp:featuredmedia":[{"embeddable":true,"href":"https:\/\/www.notibras.com\/site\/wp-json\/wp\/v2\/media\/303385"}],"wp:attachment":[{"href":"https:\/\/www.notibras.com\/site\/wp-json\/wp\/v2\/media?parent=303384"}],"wp:term":[{"taxonomy":"category","embeddable":true,"href":"https:\/\/www.notibras.com\/site\/wp-json\/wp\/v2\/categories?post=303384"},{"taxonomy":"post_tag","embeddable":true,"href":"https:\/\/www.notibras.com\/site\/wp-json\/wp\/v2\/tags?post=303384"}],"curies":[{"name":"wp","href":"https:\/\/api.w.org\/{rel}","templated":true}]}}