{"id":303390,"date":"2023-04-21T09:08:25","date_gmt":"2023-04-21T12:08:25","guid":{"rendered":"https:\/\/www.notibras.com\/site\/?p=303390"},"modified":"2023-04-21T09:47:04","modified_gmt":"2023-04-21T12:47:04","slug":"meme-abre-a-cabeca-dos-ociosos-para-novas-ideias","status":"publish","type":"post","link":"https:\/\/www.notibras.com\/site\/meme-abre-a-cabeca-dos-ociosos-para-novas-ideias\/","title":{"rendered":"Meme abre a cabe\u00e7a dos ociosos para novas ideias"},"content":{"rendered":"<p>Deus faz e junta \u00e9 um dos mais antigos e verdadeiros ditados de que tenho not\u00edcia. Junta fatos, pessoas, coisas e sentimentos. No meu caso, juntou vontade, coragem e uma boa dose de \u00f3leo de peroba para untar a cara de paisagem para ouvir o que n\u00e3o queria quando decidi me antecipar \u00e0 vida. O ocorrido se sucedeu l\u00e1 por meados de 1923, ocasi\u00e3o em que, ainda menino, adiantei para meus pais e av\u00f3s que, quando crescesse, seria velho de programa. Na \u00e9poca n\u00e3o imaginei que um dia esse tal de programa viraria moda. \u00c9 um modismo bastante rent\u00e1vel e que nada teria a ver com Chacrinha, o Faust\u00e3o ou o Luciano Hulk.<\/p>\n<p>Lembro que a caixa registradora j\u00e1 tilintava de tal forma que um vizinho, pai de seis filhas bonitas e corpulentas, ficou perplexo ao ouvir o que o neto do meio pensava do futuro. Sem papas na afiada e pontiaguda l\u00edngua, o fedelho foi clar\u00edssimo ao afirmar para o av\u00f4 que, na fase adulta, n\u00e3o gostaria de ser apresentado a profiss\u00e3o alguma. Tudo que queria era ganhar dinheiro. E muito. Mas como enriquecer sem profiss\u00e3o? Simples para o menino bem acima do seu tempo. &#8220;Eu quero \u00e9 ser cabeludo. Preciso ter cabelo por todo o corpo&#8221;. Na minha santa ignor\u00e2ncia, at\u00e9 eu fiquei curioso. Mas por que tanto cabelo? &#8220;Para ganhar dinheiro&#8221;, respondeu o moleque. U\u00e9!<\/p>\n<p>Diante de tanta curiosidade, o sacripanta me confidenciou no p\u00e9 do ouvido: &#8220;Tio, minhas tias t\u00eam s\u00f3 uma moitinha e todas ganham dinheiro a dar com o pau. Se elas podem&#8230;&#8221;. Eita menino esperto do cacho. Tudo a ver. Voltando l\u00e1 em 1923, foi assim que descobri minha futur\u00edstica voca\u00e7\u00e3o, mesmo imberbe e com aquilo por surgir. Percebi que, ap\u00f3s a aposentadoria, essa seria a f\u00f3rmula m\u00e1gica. Parti para idealizar o sonho que at\u00e9 hoje continua sendo sonhado. N\u00e3o realizei, mas continua bem fresco na cabe\u00e7a. Falta a coragem que, l\u00e1 em 1923, quando tive a certeza de que, em 2023, 100 anos ap\u00f3s, queria ser &#8220;velho de programa&#8221;.<\/p>\n<p>Como disse o neto do vizinho, se as garotas podem&#8230;Lendo um desses memes que inundam o zap zap, me vi espelhado naquele texto que parecia ter sido escrito para mim, um simp\u00e1tico senhor, com algumas horas livres, muita ins\u00f4nia nas madrugadas e precisando ganhar uns cobres extras. A ferramenta est\u00e1 enferrujada, mas o \u00f3leo desengripante est\u00e1 a\u00ed para isso. Embora cobertos pelas cataratas, os olhos meio castanhos s\u00e3o lindos. Os cabelos s\u00e3o loiros somente dos lados. Atl\u00e9tico (o mineiro), tenho o corpo sarado das doen\u00e7as que j\u00e1 tive. Sei que n\u00e3o ir\u00e3o acreditar, mas me\u00e7o um metro e noventa, sendo mais ou menos um de altura e noventa de largura. Como veem, estou bem acima da m\u00e9dia.<\/p>\n<p>Sem preocupa\u00e7\u00e3o com a avalanche de recursos que certamente chegar\u00e3o aos Procons e \u00e0s delegacias da Mulher, na cama nunca sugiro menos de tr\u00eas&#8230;tr\u00eas op\u00e7\u00f5es para a parceira: sonolento, dobrado ou morto. Seguindo as orienta\u00e7\u00f5es do meme, sempre aviso antes que, se for do agrado da contratante, posso usar gorros de l\u00e3, pantufas e cachecol xadrez, com predomin\u00e2ncia para o vermelho. Fetiches fazem parte do jogo. Preservativo nem pensar. Costumo pensar que \u00e9 touca e caio no sono.<\/p>\n<p>A ideia parece ter vingado. Tanto que j\u00e1 fui obrigado a providenciar cart\u00f5es de visita, nos quais est\u00e1 em letras garrafais que s\u00f3 n\u00e3o atendo em &#8220;drive-ins&#8221;. Minhas dores na coluna n\u00e3o permitem. Piores s\u00e3o a lordose e as h\u00e9rnias de DVD e de CD \u2013 a de disco quebrou faz tempo. Devo informar que tenho &#8220;Parkinson&#8221;, o que facilita no momento dos entretantos, as famosas preliminares. Esqueci de colocar no cart\u00e3o, mas vale a pena registrar que a discri\u00e7\u00e3o e o segredo s\u00e3o absolutos: o &#8220;Alzheimer&#8221; me faz esquecer tudo o que fiz na noite anterior. Portanto, desde que recatadas e do lar, as interessadas habilitadas j\u00e1 podem enviar cartas para a reda\u00e7\u00e3o. Moral da hist\u00f3ria: como um meme despretensioso mexe com a cabe\u00e7a dos ociosos.<\/p>\n","protected":false},"excerpt":{"rendered":"<p>Deus faz e junta \u00e9 um dos mais antigos e verdadeiros ditados de que tenho not\u00edcia. Junta fatos, pessoas, coisas e sentimentos. No meu caso, juntou vontade, coragem e uma boa dose de \u00f3leo de peroba para untar a cara de paisagem para ouvir o que n\u00e3o queria quando decidi me antecipar \u00e0 vida. O [&hellip;]<\/p>\n","protected":false},"author":2,"featured_media":303393,"comment_status":"closed","ping_status":"closed","sticky":false,"template":"","format":"standard","meta":{"_acf_changed":false,"footnotes":""},"categories":[161],"tags":[],"class_list":["post-303390","post","type-post","status-publish","format-standard","has-post-thumbnail","hentry","category-quadradinho-em-foco"],"acf":[],"yoast_head":"<!-- This site is optimized with the Yoast SEO plugin v27.2 - https:\/\/yoast.com\/product\/yoast-seo-wordpress\/ -->\n<title>Meme abre a cabe\u00e7a dos ociosos para novas ideias - Notibras<\/title>\n<meta name=\"robots\" content=\"index, follow, max-snippet:-1, max-image-preview:large, max-video-preview:-1\" \/>\n<link rel=\"canonical\" href=\"https:\/\/www.notibras.com\/site\/meme-abre-a-cabeca-dos-ociosos-para-novas-ideias\/\" \/>\n<meta property=\"og:locale\" content=\"pt_BR\" \/>\n<meta property=\"og:type\" content=\"article\" \/>\n<meta property=\"og:title\" content=\"Meme abre a cabe\u00e7a dos ociosos para novas ideias - Notibras\" \/>\n<meta property=\"og:description\" content=\"Deus faz e junta \u00e9 um dos mais antigos e verdadeiros ditados de que tenho not\u00edcia. Junta fatos, pessoas, coisas e sentimentos. No meu caso, juntou vontade, coragem e uma boa dose de \u00f3leo de peroba para untar a cara de paisagem para ouvir o que n\u00e3o queria quando decidi me antecipar \u00e0 vida. O [&hellip;]\" \/>\n<meta property=\"og:url\" content=\"https:\/\/www.notibras.com\/site\/meme-abre-a-cabeca-dos-ociosos-para-novas-ideias\/\" \/>\n<meta property=\"og:site_name\" content=\"Notibras\" \/>\n<meta property=\"article:publisher\" content=\"https:\/\/www.facebook.com\/notibras\/\" \/>\n<meta property=\"article:published_time\" content=\"2023-04-21T12:08:25+00:00\" \/>\n<meta property=\"article:modified_time\" content=\"2023-04-21T12:47:04+00:00\" \/>\n<meta property=\"og:image\" content=\"https:\/\/www.notibras.com\/site\/wp-content\/uploads\/2023\/04\/silhueta-de-mulher-idosa-com-deficiencia-e-abatida-sentada-em-sua-cadeira-de-rodas_176124-799.jpg\" \/>\n\t<meta property=\"og:image:width\" content=\"740\" \/>\n\t<meta property=\"og:image:height\" content=\"493\" \/>\n\t<meta property=\"og:image:type\" content=\"image\/jpeg\" \/>\n<meta name=\"author\" content=\"Reda\u00e7\u00e3o\" \/>\n<meta name=\"twitter:card\" content=\"summary_large_image\" \/>\n<meta name=\"twitter:creator\" content=\"@Notibras\" \/>\n<meta name=\"twitter:site\" content=\"@Notibras\" \/>\n<meta name=\"twitter:label1\" content=\"Escrito por\" \/>\n\t<meta name=\"twitter:data1\" content=\"Reda\u00e7\u00e3o\" \/>\n\t<meta name=\"twitter:label2\" content=\"Est. tempo de leitura\" \/>\n\t<meta name=\"twitter:data2\" content=\"4 minutos\" \/>\n<script type=\"application\/ld+json\" class=\"yoast-schema-graph\">{\"@context\":\"https:\/\/schema.org\",\"@graph\":[{\"@type\":\"Article\",\"@id\":\"https:\/\/www.notibras.com\/site\/meme-abre-a-cabeca-dos-ociosos-para-novas-ideias\/#article\",\"isPartOf\":{\"@id\":\"https:\/\/www.notibras.com\/site\/meme-abre-a-cabeca-dos-ociosos-para-novas-ideias\/\"},\"author\":{\"name\":\"Reda\u00e7\u00e3o\",\"@id\":\"https:\/\/www.notibras.com\/site\/#\/schema\/person\/36ab0979449956132d3e5b517ea76ac8\"},\"headline\":\"Meme abre a cabe\u00e7a dos ociosos para novas ideias\",\"datePublished\":\"2023-04-21T12:08:25+00:00\",\"dateModified\":\"2023-04-21T12:47:04+00:00\",\"mainEntityOfPage\":{\"@id\":\"https:\/\/www.notibras.com\/site\/meme-abre-a-cabeca-dos-ociosos-para-novas-ideias\/\"},\"wordCount\":710,\"publisher\":{\"@id\":\"https:\/\/www.notibras.com\/site\/#organization\"},\"image\":{\"@id\":\"https:\/\/www.notibras.com\/site\/meme-abre-a-cabeca-dos-ociosos-para-novas-ideias\/#primaryimage\"},\"thumbnailUrl\":\"https:\/\/www.notibras.com\/site\/wp-content\/uploads\/2023\/04\/silhueta-de-mulher-idosa-com-deficiencia-e-abatida-sentada-em-sua-cadeira-de-rodas_176124-799.jpg\",\"articleSection\":[\"Quadradinho em Foco\"],\"inLanguage\":\"pt-BR\"},{\"@type\":\"WebPage\",\"@id\":\"https:\/\/www.notibras.com\/site\/meme-abre-a-cabeca-dos-ociosos-para-novas-ideias\/\",\"url\":\"https:\/\/www.notibras.com\/site\/meme-abre-a-cabeca-dos-ociosos-para-novas-ideias\/\",\"name\":\"Meme abre a cabe\u00e7a dos ociosos para novas ideias - Notibras\",\"isPartOf\":{\"@id\":\"https:\/\/www.notibras.com\/site\/#website\"},\"primaryImageOfPage\":{\"@id\":\"https:\/\/www.notibras.com\/site\/meme-abre-a-cabeca-dos-ociosos-para-novas-ideias\/#primaryimage\"},\"image\":{\"@id\":\"https:\/\/www.notibras.com\/site\/meme-abre-a-cabeca-dos-ociosos-para-novas-ideias\/#primaryimage\"},\"thumbnailUrl\":\"https:\/\/www.notibras.com\/site\/wp-content\/uploads\/2023\/04\/silhueta-de-mulher-idosa-com-deficiencia-e-abatida-sentada-em-sua-cadeira-de-rodas_176124-799.jpg\",\"datePublished\":\"2023-04-21T12:08:25+00:00\",\"dateModified\":\"2023-04-21T12:47:04+00:00\",\"breadcrumb\":{\"@id\":\"https:\/\/www.notibras.com\/site\/meme-abre-a-cabeca-dos-ociosos-para-novas-ideias\/#breadcrumb\"},\"inLanguage\":\"pt-BR\",\"potentialAction\":[{\"@type\":\"ReadAction\",\"target\":[\"https:\/\/www.notibras.com\/site\/meme-abre-a-cabeca-dos-ociosos-para-novas-ideias\/\"]}]},{\"@type\":\"ImageObject\",\"inLanguage\":\"pt-BR\",\"@id\":\"https:\/\/www.notibras.com\/site\/meme-abre-a-cabeca-dos-ociosos-para-novas-ideias\/#primaryimage\",\"url\":\"https:\/\/www.notibras.com\/site\/wp-content\/uploads\/2023\/04\/silhueta-de-mulher-idosa-com-deficiencia-e-abatida-sentada-em-sua-cadeira-de-rodas_176124-799.jpg\",\"contentUrl\":\"https:\/\/www.notibras.com\/site\/wp-content\/uploads\/2023\/04\/silhueta-de-mulher-idosa-com-deficiencia-e-abatida-sentada-em-sua-cadeira-de-rodas_176124-799.jpg\",\"width\":740,\"height\":493},{\"@type\":\"BreadcrumbList\",\"@id\":\"https:\/\/www.notibras.com\/site\/meme-abre-a-cabeca-dos-ociosos-para-novas-ideias\/#breadcrumb\",\"itemListElement\":[{\"@type\":\"ListItem\",\"position\":1,\"name\":\"In\u00edcio\",\"item\":\"https:\/\/www.notibras.com\/site\/\"},{\"@type\":\"ListItem\",\"position\":2,\"name\":\"Meme abre a cabe\u00e7a dos ociosos para novas ideias\"}]},{\"@type\":\"WebSite\",\"@id\":\"https:\/\/www.notibras.com\/site\/#website\",\"url\":\"https:\/\/www.notibras.com\/site\/\",\"name\":\"Notibras\",\"description\":\"Not\u00edcias de Bras\u00edlia, do Brasil e do Mundo\",\"publisher\":{\"@id\":\"https:\/\/www.notibras.com\/site\/#organization\"},\"potentialAction\":[{\"@type\":\"SearchAction\",\"target\":{\"@type\":\"EntryPoint\",\"urlTemplate\":\"https:\/\/www.notibras.com\/site\/?s={search_term_string}\"},\"query-input\":{\"@type\":\"PropertyValueSpecification\",\"valueRequired\":true,\"valueName\":\"search_term_string\"}}],\"inLanguage\":\"pt-BR\"},{\"@type\":\"Organization\",\"@id\":\"https:\/\/www.notibras.com\/site\/#organization\",\"name\":\"Grupo Notibras de Comunica\u00e7\u00e3o\",\"url\":\"https:\/\/www.notibras.com\/site\/\",\"logo\":{\"@type\":\"ImageObject\",\"inLanguage\":\"pt-BR\",\"@id\":\"https:\/\/www.notibras.com\/site\/#\/schema\/logo\/image\/\",\"url\":\"https:\/\/www.notibras.com\/site\/wp-content\/uploads\/2023\/01\/notibras23.png\",\"contentUrl\":\"https:\/\/www.notibras.com\/site\/wp-content\/uploads\/2023\/01\/notibras23.png\",\"width\":350,\"height\":87,\"caption\":\"Grupo Notibras de Comunica\u00e7\u00e3o\"},\"image\":{\"@id\":\"https:\/\/www.notibras.com\/site\/#\/schema\/logo\/image\/\"},\"sameAs\":[\"https:\/\/www.facebook.com\/notibras\/\",\"https:\/\/x.com\/Notibras\",\"https:\/\/www.instagram.com\/notibras\/\"]},{\"@type\":\"Person\",\"@id\":\"https:\/\/www.notibras.com\/site\/#\/schema\/person\/36ab0979449956132d3e5b517ea76ac8\",\"name\":\"Reda\u00e7\u00e3o\",\"image\":{\"@type\":\"ImageObject\",\"inLanguage\":\"pt-BR\",\"@id\":\"https:\/\/secure.gravatar.com\/avatar\/e0a867bdedb85fd243eadf09663511f96fc81e0720a4a42581f334ad4303aa6b?s=96&d=mm&r=g\",\"url\":\"https:\/\/secure.gravatar.com\/avatar\/e0a867bdedb85fd243eadf09663511f96fc81e0720a4a42581f334ad4303aa6b?s=96&d=mm&r=g\",\"contentUrl\":\"https:\/\/secure.gravatar.com\/avatar\/e0a867bdedb85fd243eadf09663511f96fc81e0720a4a42581f334ad4303aa6b?s=96&d=mm&r=g\",\"caption\":\"Reda\u00e7\u00e3o\"}}]}<\/script>\n<!-- \/ Yoast SEO plugin. -->","yoast_head_json":{"title":"Meme abre a cabe\u00e7a dos ociosos para novas ideias - Notibras","robots":{"index":"index","follow":"follow","max-snippet":"max-snippet:-1","max-image-preview":"max-image-preview:large","max-video-preview":"max-video-preview:-1"},"canonical":"https:\/\/www.notibras.com\/site\/meme-abre-a-cabeca-dos-ociosos-para-novas-ideias\/","og_locale":"pt_BR","og_type":"article","og_title":"Meme abre a cabe\u00e7a dos ociosos para novas ideias - Notibras","og_description":"Deus faz e junta \u00e9 um dos mais antigos e verdadeiros ditados de que tenho not\u00edcia. Junta fatos, pessoas, coisas e sentimentos. No meu caso, juntou vontade, coragem e uma boa dose de \u00f3leo de peroba para untar a cara de paisagem para ouvir o que n\u00e3o queria quando decidi me antecipar \u00e0 vida. O [&hellip;]","og_url":"https:\/\/www.notibras.com\/site\/meme-abre-a-cabeca-dos-ociosos-para-novas-ideias\/","og_site_name":"Notibras","article_publisher":"https:\/\/www.facebook.com\/notibras\/","article_published_time":"2023-04-21T12:08:25+00:00","article_modified_time":"2023-04-21T12:47:04+00:00","og_image":[{"width":740,"height":493,"url":"https:\/\/www.notibras.com\/site\/wp-content\/uploads\/2023\/04\/silhueta-de-mulher-idosa-com-deficiencia-e-abatida-sentada-em-sua-cadeira-de-rodas_176124-799.jpg","type":"image\/jpeg"}],"author":"Reda\u00e7\u00e3o","twitter_card":"summary_large_image","twitter_creator":"@Notibras","twitter_site":"@Notibras","twitter_misc":{"Escrito por":"Reda\u00e7\u00e3o","Est. tempo de leitura":"4 minutos"},"schema":{"@context":"https:\/\/schema.org","@graph":[{"@type":"Article","@id":"https:\/\/www.notibras.com\/site\/meme-abre-a-cabeca-dos-ociosos-para-novas-ideias\/#article","isPartOf":{"@id":"https:\/\/www.notibras.com\/site\/meme-abre-a-cabeca-dos-ociosos-para-novas-ideias\/"},"author":{"name":"Reda\u00e7\u00e3o","@id":"https:\/\/www.notibras.com\/site\/#\/schema\/person\/36ab0979449956132d3e5b517ea76ac8"},"headline":"Meme abre a cabe\u00e7a dos ociosos para novas ideias","datePublished":"2023-04-21T12:08:25+00:00","dateModified":"2023-04-21T12:47:04+00:00","mainEntityOfPage":{"@id":"https:\/\/www.notibras.com\/site\/meme-abre-a-cabeca-dos-ociosos-para-novas-ideias\/"},"wordCount":710,"publisher":{"@id":"https:\/\/www.notibras.com\/site\/#organization"},"image":{"@id":"https:\/\/www.notibras.com\/site\/meme-abre-a-cabeca-dos-ociosos-para-novas-ideias\/#primaryimage"},"thumbnailUrl":"https:\/\/www.notibras.com\/site\/wp-content\/uploads\/2023\/04\/silhueta-de-mulher-idosa-com-deficiencia-e-abatida-sentada-em-sua-cadeira-de-rodas_176124-799.jpg","articleSection":["Quadradinho em Foco"],"inLanguage":"pt-BR"},{"@type":"WebPage","@id":"https:\/\/www.notibras.com\/site\/meme-abre-a-cabeca-dos-ociosos-para-novas-ideias\/","url":"https:\/\/www.notibras.com\/site\/meme-abre-a-cabeca-dos-ociosos-para-novas-ideias\/","name":"Meme abre a cabe\u00e7a dos ociosos para novas ideias - Notibras","isPartOf":{"@id":"https:\/\/www.notibras.com\/site\/#website"},"primaryImageOfPage":{"@id":"https:\/\/www.notibras.com\/site\/meme-abre-a-cabeca-dos-ociosos-para-novas-ideias\/#primaryimage"},"image":{"@id":"https:\/\/www.notibras.com\/site\/meme-abre-a-cabeca-dos-ociosos-para-novas-ideias\/#primaryimage"},"thumbnailUrl":"https:\/\/www.notibras.com\/site\/wp-content\/uploads\/2023\/04\/silhueta-de-mulher-idosa-com-deficiencia-e-abatida-sentada-em-sua-cadeira-de-rodas_176124-799.jpg","datePublished":"2023-04-21T12:08:25+00:00","dateModified":"2023-04-21T12:47:04+00:00","breadcrumb":{"@id":"https:\/\/www.notibras.com\/site\/meme-abre-a-cabeca-dos-ociosos-para-novas-ideias\/#breadcrumb"},"inLanguage":"pt-BR","potentialAction":[{"@type":"ReadAction","target":["https:\/\/www.notibras.com\/site\/meme-abre-a-cabeca-dos-ociosos-para-novas-ideias\/"]}]},{"@type":"ImageObject","inLanguage":"pt-BR","@id":"https:\/\/www.notibras.com\/site\/meme-abre-a-cabeca-dos-ociosos-para-novas-ideias\/#primaryimage","url":"https:\/\/www.notibras.com\/site\/wp-content\/uploads\/2023\/04\/silhueta-de-mulher-idosa-com-deficiencia-e-abatida-sentada-em-sua-cadeira-de-rodas_176124-799.jpg","contentUrl":"https:\/\/www.notibras.com\/site\/wp-content\/uploads\/2023\/04\/silhueta-de-mulher-idosa-com-deficiencia-e-abatida-sentada-em-sua-cadeira-de-rodas_176124-799.jpg","width":740,"height":493},{"@type":"BreadcrumbList","@id":"https:\/\/www.notibras.com\/site\/meme-abre-a-cabeca-dos-ociosos-para-novas-ideias\/#breadcrumb","itemListElement":[{"@type":"ListItem","position":1,"name":"In\u00edcio","item":"https:\/\/www.notibras.com\/site\/"},{"@type":"ListItem","position":2,"name":"Meme abre a cabe\u00e7a dos ociosos para novas ideias"}]},{"@type":"WebSite","@id":"https:\/\/www.notibras.com\/site\/#website","url":"https:\/\/www.notibras.com\/site\/","name":"Notibras","description":"Not\u00edcias de Bras\u00edlia, do Brasil e do Mundo","publisher":{"@id":"https:\/\/www.notibras.com\/site\/#organization"},"potentialAction":[{"@type":"SearchAction","target":{"@type":"EntryPoint","urlTemplate":"https:\/\/www.notibras.com\/site\/?s={search_term_string}"},"query-input":{"@type":"PropertyValueSpecification","valueRequired":true,"valueName":"search_term_string"}}],"inLanguage":"pt-BR"},{"@type":"Organization","@id":"https:\/\/www.notibras.com\/site\/#organization","name":"Grupo Notibras de Comunica\u00e7\u00e3o","url":"https:\/\/www.notibras.com\/site\/","logo":{"@type":"ImageObject","inLanguage":"pt-BR","@id":"https:\/\/www.notibras.com\/site\/#\/schema\/logo\/image\/","url":"https:\/\/www.notibras.com\/site\/wp-content\/uploads\/2023\/01\/notibras23.png","contentUrl":"https:\/\/www.notibras.com\/site\/wp-content\/uploads\/2023\/01\/notibras23.png","width":350,"height":87,"caption":"Grupo Notibras de Comunica\u00e7\u00e3o"},"image":{"@id":"https:\/\/www.notibras.com\/site\/#\/schema\/logo\/image\/"},"sameAs":["https:\/\/www.facebook.com\/notibras\/","https:\/\/x.com\/Notibras","https:\/\/www.instagram.com\/notibras\/"]},{"@type":"Person","@id":"https:\/\/www.notibras.com\/site\/#\/schema\/person\/36ab0979449956132d3e5b517ea76ac8","name":"Reda\u00e7\u00e3o","image":{"@type":"ImageObject","inLanguage":"pt-BR","@id":"https:\/\/secure.gravatar.com\/avatar\/e0a867bdedb85fd243eadf09663511f96fc81e0720a4a42581f334ad4303aa6b?s=96&d=mm&r=g","url":"https:\/\/secure.gravatar.com\/avatar\/e0a867bdedb85fd243eadf09663511f96fc81e0720a4a42581f334ad4303aa6b?s=96&d=mm&r=g","contentUrl":"https:\/\/secure.gravatar.com\/avatar\/e0a867bdedb85fd243eadf09663511f96fc81e0720a4a42581f334ad4303aa6b?s=96&d=mm&r=g","caption":"Reda\u00e7\u00e3o"}}]}},"amp_enabled":true,"_links":{"self":[{"href":"https:\/\/www.notibras.com\/site\/wp-json\/wp\/v2\/posts\/303390","targetHints":{"allow":["GET"]}}],"collection":[{"href":"https:\/\/www.notibras.com\/site\/wp-json\/wp\/v2\/posts"}],"about":[{"href":"https:\/\/www.notibras.com\/site\/wp-json\/wp\/v2\/types\/post"}],"author":[{"embeddable":true,"href":"https:\/\/www.notibras.com\/site\/wp-json\/wp\/v2\/users\/2"}],"replies":[{"embeddable":true,"href":"https:\/\/www.notibras.com\/site\/wp-json\/wp\/v2\/comments?post=303390"}],"version-history":[{"count":1,"href":"https:\/\/www.notibras.com\/site\/wp-json\/wp\/v2\/posts\/303390\/revisions"}],"predecessor-version":[{"id":303392,"href":"https:\/\/www.notibras.com\/site\/wp-json\/wp\/v2\/posts\/303390\/revisions\/303392"}],"wp:featuredmedia":[{"embeddable":true,"href":"https:\/\/www.notibras.com\/site\/wp-json\/wp\/v2\/media\/303393"}],"wp:attachment":[{"href":"https:\/\/www.notibras.com\/site\/wp-json\/wp\/v2\/media?parent=303390"}],"wp:term":[{"taxonomy":"category","embeddable":true,"href":"https:\/\/www.notibras.com\/site\/wp-json\/wp\/v2\/categories?post=303390"},{"taxonomy":"post_tag","embeddable":true,"href":"https:\/\/www.notibras.com\/site\/wp-json\/wp\/v2\/tags?post=303390"}],"curies":[{"name":"wp","href":"https:\/\/api.w.org\/{rel}","templated":true}]}}