{"id":303398,"date":"2023-04-21T07:47:38","date_gmt":"2023-04-21T10:47:38","guid":{"rendered":"https:\/\/www.notibras.com\/site\/?p=303398"},"modified":"2023-04-21T10:06:26","modified_gmt":"2023-04-21T13:06:26","slug":"foi-como-um-sonho-diz-fotografo-que-registrou-brasilia-em-57","status":"publish","type":"post","link":"https:\/\/www.notibras.com\/site\/foi-como-um-sonho-diz-fotografo-que-registrou-brasilia-em-57\/","title":{"rendered":"&#8220;Foi como um sonho&#8221;, diz fot\u00f3grafo que registrou Bras\u00edlia em 57"},"content":{"rendered":"<p>Dos mais humildes aos poderosos. Das luzes \u00e0s sombras. Nada escapou \u00e0s lentes de um dos principais fot\u00f3grafos da hist\u00f3ria brasileira. Com obra consagrada e premiada na segunda metade do s\u00e9culo 20, o carioca Walter Firmo, hoje com 85 anos de idade, notabilizou-se pelos registros po\u00e9ticos e exclusivos por onde passou. No entanto, um dos momentos que o experiente profissional considera mais inesquec\u00edvel foi uma cobertura no ano de 1957, quando registrou algo que ele chama de inacredit\u00e1vel: a constru\u00e7\u00e3o de uma cidade para ser a capital do Brasil.<\/p>\n<p>Enquanto erguia sua m\u00e1quina, emocionava-se, do outro lado do visor, com os princ\u00edpios das edifica\u00e7\u00f5es. &#8220;Foi um sonho. Algo inacredit\u00e1vel. Parecia cinema&#8221;, recorda Firmo. Conhecido por registrar em diferentes trabalhos as pessoas mais simples, e tamb\u00e9m artistas e pol\u00edticos, ficou impressionado com a for\u00e7a dos candangos. A obra do mestre da fotografia pode ser conferida tamb\u00e9m na mostra<\/p>\n<p>&#8220;No Verbo do Sil\u00eancio a S\u00edntese do Grito&#8221;, em cartaz no Centro Cultural Banco do Brasil (CCBB), na capital do Pa\u00eds, com acervo que \u00e9 preservado pelo Instituto Moreira Salles (IMS). Na capital, Firmo concedeu entrevista \u00e0 <em>Ag\u00eancia Brasil.<\/em> Confira alguns trechos abaixo.<\/p>\n<p><strong>O senhor conheceu Bras\u00edlia nos anos 1950, antes da inaugura\u00e7\u00e3o, certo?<\/strong><\/p>\n<p>Eu estive em Bras\u00edlia em 1957 (a servi\u00e7o do jornal \u00daltima Hora, ve\u00edculo fundado por Samuel Wainer). Eu tinha 20 anos de idade. Eu vi e fotografei essa cidade sendo erguida. Eram s\u00f3 os come\u00e7os dos pr\u00e9dios dos minist\u00e9rios e na Pra\u00e7a dos Tr\u00eas Poderes, al\u00e9m de milhares de candangos em cima de caminh\u00f5es. Eles trabalharam incessantemente. Foi assim que eu conheci Bras\u00edlia. Fotografei Juscelino Kubitschek\u200b (ex-presidente) e (Oscar) Niemeyer (arquiteto).<\/p>\n<p><strong>E qual foi a sua impress\u00e3o ao chegar nessa cidade que seria inaugurada?<\/strong><\/p>\n<p>A minha sensa\u00e7\u00e3o era que eu estava sobre um belvedere que iria surgir. Um lugar que seria o centro pol\u00edtico das decis\u00f5es do Brasil. O Juscelino fez um gesto gigantesco, de boa vontade, e que iria representar um crescimento do pa\u00eds. Ele interiorizou o pa\u00eds e o Brasil, que se diversificou.<\/p>\n<p><strong>Antes da inaugura\u00e7\u00e3o, o senhor ainda fez outros trabalhos na capital?<\/strong><\/p>\n<p>Sim. Estive meses antes de inaugurar (em fevereiro de 1960) para cobrir a visita do ent\u00e3o presidente norte-americano (Dwight) Eisenhouer. (Confira aqui o discurso do presidente Juscelino nessa ocasi\u00e3o). A imagem dele saudando o povo e dando as m\u00e3os com Juscelino ocupou uma p\u00e1gina inteira. Nunca mais esque\u00e7o disso.<\/p>\n<p><strong>Al\u00e9m dos artistas e pol\u00edticos, o senhor \u00e9 consagrado tamb\u00e9m pela sua capacidade de traduzir a negritude, os trabalhadores e os mais humildes. Como foi coletar as imagens dos trabalhadores de Bras\u00edlia?<\/strong><\/p>\n<p>O meu trabalho foi sempre fotografar as pessoas mais simples. Que respiram. Por serem simples, eles s\u00e3o mais humanos. A exposi\u00e7\u00e3o de minhas fotos no Centro Cultural Banco Brasil (CCBB) mostra as pessoas simples. Eles s\u00e3o trabalhadores diferentes que ajudaram a construir esse lugar.<\/p>\n<p><strong>O que o senhor encontrou de mais especial ao fotografar esses trabalhadores de Bras\u00edlia?<\/strong><\/p>\n<p>O que eles fizeram foi algo gigantesco. Era algo inacredit\u00e1vel. Parecia um sonho. Era uma coisa que parece que n\u00e3o era verdadeira. Bras\u00edlia est\u00e1 a\u00ed mostrando a sua beleza. Outro dia, eu estava em Bras\u00edlia e ouvi de uma senhora que o pai dela havia ajudado a construir a Catedral. Isso \u00e9 muito belo.<\/p>\n<p><strong>Aos 85 anos de idade, como \u00e9 voltar a Bras\u00edlia?<\/strong><\/p>\n<p>Bras\u00edlia \u00e9 uma cidade brasileira singular, diferentes no mundo porque foi planejada. Quando se visita Bras\u00edlia, pode se amar ou detestar, mas n\u00e3o se pode ficar indiferente. Eu gosto da diferen\u00e7a que essa cidade apresenta,<\/p>\n<p><strong>Ao voltar a Bras\u00edlia, o senhor v\u00ea os trabalhadores da atualidade como viu antes da inaugura\u00e7\u00e3o?<\/strong><\/p>\n<p>Os trabalhadores continuam com esse esp\u00edrito de luta. Mas n\u00e3o os candangos de antes. Eram homens que vieram do Nordeste, de uma simplicidade extrema. Pessoas que n\u00e3o tinham o que comer e se aventuravam em um lugar novo. Eles tinham um chap\u00e9u e uma bota, e nada mais. Esse tipo de oper\u00e1rio eu n\u00e3o vejo mais hoje. Aquela saga foi algo inigual\u00e1vel e inesquec\u00edvel.<\/p>\n<p><strong>\u00a0senhor considera essa sua cobertura antes da inaugura\u00e7\u00e3o algo inesquec\u00edvel em sua carreira?<\/strong><\/p>\n<p>Sim. Era algo que parecia cinema. N\u00e3o vou esquecer nunca mais. Hoje ela est\u00e1 muito moderninha para o meu gosto (risos). Foi uma semente de uma era. Hoje, com 63 anos, ela n\u00e3o tem nada de velha. Ela \u00e9 linda. Toda vez que eu passo por Bras\u00edlia, eu me emociono. Eu sinto algo estranho dentro de mim. Foi triste assistir ao que ocorreu no dia 8 de janeiro, quando foi atacada e vilipendiada. \u00c9 uma cidade que representa o sonho de muita gente. Bras\u00edlia \u00e9 transformadora e original.<\/p>\n","protected":false},"excerpt":{"rendered":"<p>Dos mais humildes aos poderosos. Das luzes \u00e0s sombras. Nada escapou \u00e0s lentes de um dos principais fot\u00f3grafos da hist\u00f3ria brasileira. Com obra consagrada e premiada na segunda metade do s\u00e9culo 20, o carioca Walter Firmo, hoje com 85 anos de idade, notabilizou-se pelos registros po\u00e9ticos e exclusivos por onde passou. No entanto, um dos [&hellip;]<\/p>\n","protected":false},"author":2,"featured_media":303399,"comment_status":"closed","ping_status":"closed","sticky":false,"template":"","format":"standard","meta":{"_acf_changed":false,"footnotes":""},"categories":[161],"tags":[],"class_list":["post-303398","post","type-post","status-publish","format-standard","has-post-thumbnail","hentry","category-quadradinho-em-foco"],"acf":[],"yoast_head":"<!-- This site is optimized with the Yoast SEO plugin v27.2 - https:\/\/yoast.com\/product\/yoast-seo-wordpress\/ -->\n<title>&quot;Foi como um sonho&quot;, diz fot\u00f3grafo que registrou Bras\u00edlia em 57 - Notibras<\/title>\n<meta name=\"robots\" content=\"index, follow, max-snippet:-1, max-image-preview:large, max-video-preview:-1\" \/>\n<link rel=\"canonical\" href=\"https:\/\/www.notibras.com\/site\/foi-como-um-sonho-diz-fotografo-que-registrou-brasilia-em-57\/\" \/>\n<meta property=\"og:locale\" content=\"pt_BR\" \/>\n<meta property=\"og:type\" content=\"article\" \/>\n<meta property=\"og:title\" content=\"&quot;Foi como um sonho&quot;, diz fot\u00f3grafo que registrou Bras\u00edlia em 57 - Notibras\" \/>\n<meta property=\"og:description\" content=\"Dos mais humildes aos poderosos. Das luzes \u00e0s sombras. Nada escapou \u00e0s lentes de um dos principais fot\u00f3grafos da hist\u00f3ria brasileira. Com obra consagrada e premiada na segunda metade do s\u00e9culo 20, o carioca Walter Firmo, hoje com 85 anos de idade, notabilizou-se pelos registros po\u00e9ticos e exclusivos por onde passou. No entanto, um dos [&hellip;]\" \/>\n<meta property=\"og:url\" content=\"https:\/\/www.notibras.com\/site\/foi-como-um-sonho-diz-fotografo-que-registrou-brasilia-em-57\/\" \/>\n<meta property=\"og:site_name\" content=\"Notibras\" \/>\n<meta property=\"article:publisher\" content=\"https:\/\/www.facebook.com\/notibras\/\" \/>\n<meta property=\"article:published_time\" content=\"2023-04-21T10:47:38+00:00\" \/>\n<meta property=\"article:modified_time\" content=\"2023-04-21T13:06:26+00:00\" \/>\n<meta property=\"og:image\" content=\"https:\/\/www.notibras.com\/site\/wp-content\/uploads\/2023\/04\/brasilia_congresso_nuvens_e_0416202217_2-1.jpg\" \/>\n\t<meta property=\"og:image:width\" content=\"1170\" \/>\n\t<meta property=\"og:image:height\" content=\"700\" \/>\n\t<meta property=\"og:image:type\" content=\"image\/jpeg\" \/>\n<meta name=\"author\" content=\"Reda\u00e7\u00e3o\" \/>\n<meta name=\"twitter:card\" content=\"summary_large_image\" \/>\n<meta name=\"twitter:creator\" content=\"@Notibras\" \/>\n<meta name=\"twitter:site\" content=\"@Notibras\" \/>\n<meta name=\"twitter:label1\" content=\"Escrito por\" \/>\n\t<meta name=\"twitter:data1\" content=\"Reda\u00e7\u00e3o\" \/>\n\t<meta name=\"twitter:label2\" content=\"Est. tempo de leitura\" \/>\n\t<meta name=\"twitter:data2\" content=\"5 minutos\" \/>\n<script type=\"application\/ld+json\" class=\"yoast-schema-graph\">{\"@context\":\"https:\/\/schema.org\",\"@graph\":[{\"@type\":\"Article\",\"@id\":\"https:\/\/www.notibras.com\/site\/foi-como-um-sonho-diz-fotografo-que-registrou-brasilia-em-57\/#article\",\"isPartOf\":{\"@id\":\"https:\/\/www.notibras.com\/site\/foi-como-um-sonho-diz-fotografo-que-registrou-brasilia-em-57\/\"},\"author\":{\"name\":\"Reda\u00e7\u00e3o\",\"@id\":\"https:\/\/www.notibras.com\/site\/#\/schema\/person\/36ab0979449956132d3e5b517ea76ac8\"},\"headline\":\"&#8220;Foi como um sonho&#8221;, diz fot\u00f3grafo que registrou Bras\u00edlia em 57\",\"datePublished\":\"2023-04-21T10:47:38+00:00\",\"dateModified\":\"2023-04-21T13:06:26+00:00\",\"mainEntityOfPage\":{\"@id\":\"https:\/\/www.notibras.com\/site\/foi-como-um-sonho-diz-fotografo-que-registrou-brasilia-em-57\/\"},\"wordCount\":836,\"publisher\":{\"@id\":\"https:\/\/www.notibras.com\/site\/#organization\"},\"image\":{\"@id\":\"https:\/\/www.notibras.com\/site\/foi-como-um-sonho-diz-fotografo-que-registrou-brasilia-em-57\/#primaryimage\"},\"thumbnailUrl\":\"https:\/\/www.notibras.com\/site\/wp-content\/uploads\/2023\/04\/brasilia_congresso_nuvens_e_0416202217_2-1.jpg\",\"articleSection\":[\"Quadradinho em Foco\"],\"inLanguage\":\"pt-BR\"},{\"@type\":\"WebPage\",\"@id\":\"https:\/\/www.notibras.com\/site\/foi-como-um-sonho-diz-fotografo-que-registrou-brasilia-em-57\/\",\"url\":\"https:\/\/www.notibras.com\/site\/foi-como-um-sonho-diz-fotografo-que-registrou-brasilia-em-57\/\",\"name\":\"\\\"Foi como um sonho\\\", diz fot\u00f3grafo que registrou Bras\u00edlia em 57 - Notibras\",\"isPartOf\":{\"@id\":\"https:\/\/www.notibras.com\/site\/#website\"},\"primaryImageOfPage\":{\"@id\":\"https:\/\/www.notibras.com\/site\/foi-como-um-sonho-diz-fotografo-que-registrou-brasilia-em-57\/#primaryimage\"},\"image\":{\"@id\":\"https:\/\/www.notibras.com\/site\/foi-como-um-sonho-diz-fotografo-que-registrou-brasilia-em-57\/#primaryimage\"},\"thumbnailUrl\":\"https:\/\/www.notibras.com\/site\/wp-content\/uploads\/2023\/04\/brasilia_congresso_nuvens_e_0416202217_2-1.jpg\",\"datePublished\":\"2023-04-21T10:47:38+00:00\",\"dateModified\":\"2023-04-21T13:06:26+00:00\",\"breadcrumb\":{\"@id\":\"https:\/\/www.notibras.com\/site\/foi-como-um-sonho-diz-fotografo-que-registrou-brasilia-em-57\/#breadcrumb\"},\"inLanguage\":\"pt-BR\",\"potentialAction\":[{\"@type\":\"ReadAction\",\"target\":[\"https:\/\/www.notibras.com\/site\/foi-como-um-sonho-diz-fotografo-que-registrou-brasilia-em-57\/\"]}]},{\"@type\":\"ImageObject\",\"inLanguage\":\"pt-BR\",\"@id\":\"https:\/\/www.notibras.com\/site\/foi-como-um-sonho-diz-fotografo-que-registrou-brasilia-em-57\/#primaryimage\",\"url\":\"https:\/\/www.notibras.com\/site\/wp-content\/uploads\/2023\/04\/brasilia_congresso_nuvens_e_0416202217_2-1.jpg\",\"contentUrl\":\"https:\/\/www.notibras.com\/site\/wp-content\/uploads\/2023\/04\/brasilia_congresso_nuvens_e_0416202217_2-1.jpg\",\"width\":1170,\"height\":700,\"caption\":\"Bras\u00edlia 60 Anos - Congresso Nacional\"},{\"@type\":\"BreadcrumbList\",\"@id\":\"https:\/\/www.notibras.com\/site\/foi-como-um-sonho-diz-fotografo-que-registrou-brasilia-em-57\/#breadcrumb\",\"itemListElement\":[{\"@type\":\"ListItem\",\"position\":1,\"name\":\"In\u00edcio\",\"item\":\"https:\/\/www.notibras.com\/site\/\"},{\"@type\":\"ListItem\",\"position\":2,\"name\":\"&#8220;Foi como um sonho&#8221;, diz fot\u00f3grafo que registrou Bras\u00edlia em 57\"}]},{\"@type\":\"WebSite\",\"@id\":\"https:\/\/www.notibras.com\/site\/#website\",\"url\":\"https:\/\/www.notibras.com\/site\/\",\"name\":\"Notibras\",\"description\":\"Not\u00edcias de Bras\u00edlia, do Brasil e do Mundo\",\"publisher\":{\"@id\":\"https:\/\/www.notibras.com\/site\/#organization\"},\"potentialAction\":[{\"@type\":\"SearchAction\",\"target\":{\"@type\":\"EntryPoint\",\"urlTemplate\":\"https:\/\/www.notibras.com\/site\/?s={search_term_string}\"},\"query-input\":{\"@type\":\"PropertyValueSpecification\",\"valueRequired\":true,\"valueName\":\"search_term_string\"}}],\"inLanguage\":\"pt-BR\"},{\"@type\":\"Organization\",\"@id\":\"https:\/\/www.notibras.com\/site\/#organization\",\"name\":\"Grupo Notibras de Comunica\u00e7\u00e3o\",\"url\":\"https:\/\/www.notibras.com\/site\/\",\"logo\":{\"@type\":\"ImageObject\",\"inLanguage\":\"pt-BR\",\"@id\":\"https:\/\/www.notibras.com\/site\/#\/schema\/logo\/image\/\",\"url\":\"https:\/\/www.notibras.com\/site\/wp-content\/uploads\/2023\/01\/notibras23.png\",\"contentUrl\":\"https:\/\/www.notibras.com\/site\/wp-content\/uploads\/2023\/01\/notibras23.png\",\"width\":350,\"height\":87,\"caption\":\"Grupo Notibras de Comunica\u00e7\u00e3o\"},\"image\":{\"@id\":\"https:\/\/www.notibras.com\/site\/#\/schema\/logo\/image\/\"},\"sameAs\":[\"https:\/\/www.facebook.com\/notibras\/\",\"https:\/\/x.com\/Notibras\",\"https:\/\/www.instagram.com\/notibras\/\"]},{\"@type\":\"Person\",\"@id\":\"https:\/\/www.notibras.com\/site\/#\/schema\/person\/36ab0979449956132d3e5b517ea76ac8\",\"name\":\"Reda\u00e7\u00e3o\",\"image\":{\"@type\":\"ImageObject\",\"inLanguage\":\"pt-BR\",\"@id\":\"https:\/\/secure.gravatar.com\/avatar\/e0a867bdedb85fd243eadf09663511f96fc81e0720a4a42581f334ad4303aa6b?s=96&d=mm&r=g\",\"url\":\"https:\/\/secure.gravatar.com\/avatar\/e0a867bdedb85fd243eadf09663511f96fc81e0720a4a42581f334ad4303aa6b?s=96&d=mm&r=g\",\"contentUrl\":\"https:\/\/secure.gravatar.com\/avatar\/e0a867bdedb85fd243eadf09663511f96fc81e0720a4a42581f334ad4303aa6b?s=96&d=mm&r=g\",\"caption\":\"Reda\u00e7\u00e3o\"}}]}<\/script>\n<!-- \/ Yoast SEO plugin. -->","yoast_head_json":{"title":"\"Foi como um sonho\", diz fot\u00f3grafo que registrou Bras\u00edlia em 57 - Notibras","robots":{"index":"index","follow":"follow","max-snippet":"max-snippet:-1","max-image-preview":"max-image-preview:large","max-video-preview":"max-video-preview:-1"},"canonical":"https:\/\/www.notibras.com\/site\/foi-como-um-sonho-diz-fotografo-que-registrou-brasilia-em-57\/","og_locale":"pt_BR","og_type":"article","og_title":"\"Foi como um sonho\", diz fot\u00f3grafo que registrou Bras\u00edlia em 57 - Notibras","og_description":"Dos mais humildes aos poderosos. Das luzes \u00e0s sombras. Nada escapou \u00e0s lentes de um dos principais fot\u00f3grafos da hist\u00f3ria brasileira. Com obra consagrada e premiada na segunda metade do s\u00e9culo 20, o carioca Walter Firmo, hoje com 85 anos de idade, notabilizou-se pelos registros po\u00e9ticos e exclusivos por onde passou. No entanto, um dos [&hellip;]","og_url":"https:\/\/www.notibras.com\/site\/foi-como-um-sonho-diz-fotografo-que-registrou-brasilia-em-57\/","og_site_name":"Notibras","article_publisher":"https:\/\/www.facebook.com\/notibras\/","article_published_time":"2023-04-21T10:47:38+00:00","article_modified_time":"2023-04-21T13:06:26+00:00","og_image":[{"width":1170,"height":700,"url":"https:\/\/www.notibras.com\/site\/wp-content\/uploads\/2023\/04\/brasilia_congresso_nuvens_e_0416202217_2-1.jpg","type":"image\/jpeg"}],"author":"Reda\u00e7\u00e3o","twitter_card":"summary_large_image","twitter_creator":"@Notibras","twitter_site":"@Notibras","twitter_misc":{"Escrito por":"Reda\u00e7\u00e3o","Est. tempo de leitura":"5 minutos"},"schema":{"@context":"https:\/\/schema.org","@graph":[{"@type":"Article","@id":"https:\/\/www.notibras.com\/site\/foi-como-um-sonho-diz-fotografo-que-registrou-brasilia-em-57\/#article","isPartOf":{"@id":"https:\/\/www.notibras.com\/site\/foi-como-um-sonho-diz-fotografo-que-registrou-brasilia-em-57\/"},"author":{"name":"Reda\u00e7\u00e3o","@id":"https:\/\/www.notibras.com\/site\/#\/schema\/person\/36ab0979449956132d3e5b517ea76ac8"},"headline":"&#8220;Foi como um sonho&#8221;, diz fot\u00f3grafo que registrou Bras\u00edlia em 57","datePublished":"2023-04-21T10:47:38+00:00","dateModified":"2023-04-21T13:06:26+00:00","mainEntityOfPage":{"@id":"https:\/\/www.notibras.com\/site\/foi-como-um-sonho-diz-fotografo-que-registrou-brasilia-em-57\/"},"wordCount":836,"publisher":{"@id":"https:\/\/www.notibras.com\/site\/#organization"},"image":{"@id":"https:\/\/www.notibras.com\/site\/foi-como-um-sonho-diz-fotografo-que-registrou-brasilia-em-57\/#primaryimage"},"thumbnailUrl":"https:\/\/www.notibras.com\/site\/wp-content\/uploads\/2023\/04\/brasilia_congresso_nuvens_e_0416202217_2-1.jpg","articleSection":["Quadradinho em Foco"],"inLanguage":"pt-BR"},{"@type":"WebPage","@id":"https:\/\/www.notibras.com\/site\/foi-como-um-sonho-diz-fotografo-que-registrou-brasilia-em-57\/","url":"https:\/\/www.notibras.com\/site\/foi-como-um-sonho-diz-fotografo-que-registrou-brasilia-em-57\/","name":"\"Foi como um sonho\", diz fot\u00f3grafo que registrou Bras\u00edlia em 57 - Notibras","isPartOf":{"@id":"https:\/\/www.notibras.com\/site\/#website"},"primaryImageOfPage":{"@id":"https:\/\/www.notibras.com\/site\/foi-como-um-sonho-diz-fotografo-que-registrou-brasilia-em-57\/#primaryimage"},"image":{"@id":"https:\/\/www.notibras.com\/site\/foi-como-um-sonho-diz-fotografo-que-registrou-brasilia-em-57\/#primaryimage"},"thumbnailUrl":"https:\/\/www.notibras.com\/site\/wp-content\/uploads\/2023\/04\/brasilia_congresso_nuvens_e_0416202217_2-1.jpg","datePublished":"2023-04-21T10:47:38+00:00","dateModified":"2023-04-21T13:06:26+00:00","breadcrumb":{"@id":"https:\/\/www.notibras.com\/site\/foi-como-um-sonho-diz-fotografo-que-registrou-brasilia-em-57\/#breadcrumb"},"inLanguage":"pt-BR","potentialAction":[{"@type":"ReadAction","target":["https:\/\/www.notibras.com\/site\/foi-como-um-sonho-diz-fotografo-que-registrou-brasilia-em-57\/"]}]},{"@type":"ImageObject","inLanguage":"pt-BR","@id":"https:\/\/www.notibras.com\/site\/foi-como-um-sonho-diz-fotografo-que-registrou-brasilia-em-57\/#primaryimage","url":"https:\/\/www.notibras.com\/site\/wp-content\/uploads\/2023\/04\/brasilia_congresso_nuvens_e_0416202217_2-1.jpg","contentUrl":"https:\/\/www.notibras.com\/site\/wp-content\/uploads\/2023\/04\/brasilia_congresso_nuvens_e_0416202217_2-1.jpg","width":1170,"height":700,"caption":"Bras\u00edlia 60 Anos - Congresso Nacional"},{"@type":"BreadcrumbList","@id":"https:\/\/www.notibras.com\/site\/foi-como-um-sonho-diz-fotografo-que-registrou-brasilia-em-57\/#breadcrumb","itemListElement":[{"@type":"ListItem","position":1,"name":"In\u00edcio","item":"https:\/\/www.notibras.com\/site\/"},{"@type":"ListItem","position":2,"name":"&#8220;Foi como um sonho&#8221;, diz fot\u00f3grafo que registrou Bras\u00edlia em 57"}]},{"@type":"WebSite","@id":"https:\/\/www.notibras.com\/site\/#website","url":"https:\/\/www.notibras.com\/site\/","name":"Notibras","description":"Not\u00edcias de Bras\u00edlia, do Brasil e do Mundo","publisher":{"@id":"https:\/\/www.notibras.com\/site\/#organization"},"potentialAction":[{"@type":"SearchAction","target":{"@type":"EntryPoint","urlTemplate":"https:\/\/www.notibras.com\/site\/?s={search_term_string}"},"query-input":{"@type":"PropertyValueSpecification","valueRequired":true,"valueName":"search_term_string"}}],"inLanguage":"pt-BR"},{"@type":"Organization","@id":"https:\/\/www.notibras.com\/site\/#organization","name":"Grupo Notibras de Comunica\u00e7\u00e3o","url":"https:\/\/www.notibras.com\/site\/","logo":{"@type":"ImageObject","inLanguage":"pt-BR","@id":"https:\/\/www.notibras.com\/site\/#\/schema\/logo\/image\/","url":"https:\/\/www.notibras.com\/site\/wp-content\/uploads\/2023\/01\/notibras23.png","contentUrl":"https:\/\/www.notibras.com\/site\/wp-content\/uploads\/2023\/01\/notibras23.png","width":350,"height":87,"caption":"Grupo Notibras de Comunica\u00e7\u00e3o"},"image":{"@id":"https:\/\/www.notibras.com\/site\/#\/schema\/logo\/image\/"},"sameAs":["https:\/\/www.facebook.com\/notibras\/","https:\/\/x.com\/Notibras","https:\/\/www.instagram.com\/notibras\/"]},{"@type":"Person","@id":"https:\/\/www.notibras.com\/site\/#\/schema\/person\/36ab0979449956132d3e5b517ea76ac8","name":"Reda\u00e7\u00e3o","image":{"@type":"ImageObject","inLanguage":"pt-BR","@id":"https:\/\/secure.gravatar.com\/avatar\/e0a867bdedb85fd243eadf09663511f96fc81e0720a4a42581f334ad4303aa6b?s=96&d=mm&r=g","url":"https:\/\/secure.gravatar.com\/avatar\/e0a867bdedb85fd243eadf09663511f96fc81e0720a4a42581f334ad4303aa6b?s=96&d=mm&r=g","contentUrl":"https:\/\/secure.gravatar.com\/avatar\/e0a867bdedb85fd243eadf09663511f96fc81e0720a4a42581f334ad4303aa6b?s=96&d=mm&r=g","caption":"Reda\u00e7\u00e3o"}}]}},"amp_enabled":true,"_links":{"self":[{"href":"https:\/\/www.notibras.com\/site\/wp-json\/wp\/v2\/posts\/303398","targetHints":{"allow":["GET"]}}],"collection":[{"href":"https:\/\/www.notibras.com\/site\/wp-json\/wp\/v2\/posts"}],"about":[{"href":"https:\/\/www.notibras.com\/site\/wp-json\/wp\/v2\/types\/post"}],"author":[{"embeddable":true,"href":"https:\/\/www.notibras.com\/site\/wp-json\/wp\/v2\/users\/2"}],"replies":[{"embeddable":true,"href":"https:\/\/www.notibras.com\/site\/wp-json\/wp\/v2\/comments?post=303398"}],"version-history":[{"count":1,"href":"https:\/\/www.notibras.com\/site\/wp-json\/wp\/v2\/posts\/303398\/revisions"}],"predecessor-version":[{"id":303400,"href":"https:\/\/www.notibras.com\/site\/wp-json\/wp\/v2\/posts\/303398\/revisions\/303400"}],"wp:featuredmedia":[{"embeddable":true,"href":"https:\/\/www.notibras.com\/site\/wp-json\/wp\/v2\/media\/303399"}],"wp:attachment":[{"href":"https:\/\/www.notibras.com\/site\/wp-json\/wp\/v2\/media?parent=303398"}],"wp:term":[{"taxonomy":"category","embeddable":true,"href":"https:\/\/www.notibras.com\/site\/wp-json\/wp\/v2\/categories?post=303398"},{"taxonomy":"post_tag","embeddable":true,"href":"https:\/\/www.notibras.com\/site\/wp-json\/wp\/v2\/tags?post=303398"}],"curies":[{"name":"wp","href":"https:\/\/api.w.org\/{rel}","templated":true}]}}