{"id":303401,"date":"2023-04-21T07:45:26","date_gmt":"2023-04-21T10:45:26","guid":{"rendered":"https:\/\/www.notibras.com\/site\/?p=303401"},"modified":"2023-04-21T10:14:38","modified_gmt":"2023-04-21T13:14:38","slug":"brasilia-63-anos-e-patrimonio-cultural-da-era-modernista","status":"publish","type":"post","link":"https:\/\/www.notibras.com\/site\/brasilia-63-anos-e-patrimonio-cultural-da-era-modernista\/","title":{"rendered":"Bras\u00edlia, 63 anos, e patrim\u00f4nio cultural da era modernista"},"content":{"rendered":"<p>Em homenagem ao anivers\u00e1rio de 63 anos de Bras\u00edlia, comemorado neste 21 de abril, a R\u00e1dio Nacional traz um pouco da hist\u00f3ria da constru\u00e7\u00e3o da capital federal, revelada em conversa com Frederico Fl\u00f3sculo, professor da Faculdade de Arquitetura e Urbanismo da Universidade de Bras\u00edlia.<\/p>\n<p><strong>A constru\u00e7\u00e3o muito peculiar da capital federal no Planalto Central conferiu a cidade caracter\u00edsticas que v\u00e3o desde aspectos monumentais \u00e0 arquitetura inovadora, o que conferiu a cidade em 1987, o reconhecimento da UNESCO como Patrim\u00f4nio da Humanidade. O que torna o conjunto urban\u00edstico arquitet\u00f4nico de Bras\u00edlia t\u00e3o especial?<\/strong><\/p>\n<p>Bras\u00edlia \u00e9 um epis\u00f3dio extraordin\u00e1rio da hist\u00f3ria brasileira, porque sobretudo foi a realiza\u00e7\u00e3o do sonho republicano de transfer\u00eancia da capital da Rep\u00fablica para o interior do Brasil. Isso era um sonho at\u00e9 anterior \u00e0 Rep\u00fablica. Foi um sonho expressado por Jos\u00e9 Bonif\u00e1cio, por l\u00edderes brasileiros que viam a necessidade de bem defender a capital brasileira, mas bem administrar um pa\u00eds gigantesco. Ent\u00e3o, finalmente, Juscelino Kubitschek conseguiu fazer isso e a hist\u00f3ria desse sucesso \u00e9 uma hist\u00f3ria muito particular, porque se deveu muito, tanto aos trabalhos do pr\u00f3prio [Get\u00falio] Vargas, porque Vargas quase cria Bras\u00edlia, ele criou comiss\u00f5es de estudos e montou todo o grupo praticamente que depois foi usado pelo pr\u00f3prio Juscelino, mas tamb\u00e9m por Juscelino Kubitschek que foi assim o grande her\u00f3i de Bras\u00edlia porque ele enfrentou uma oposi\u00e7\u00e3o pol\u00edtica, extraordinariamente, agressiva contra a realiza\u00e7\u00e3o da cidade.<\/p>\n<p>Mas Juscelino teve a seu favor a contribui\u00e7\u00e3o de um extraordin\u00e1rio arquiteto. Oscar Niemeyer. que ele j\u00e1 conhecia desde os tempos de prefeitura de Belo Horizonte, desde a d\u00e9cada de 30. Oscar Niemeyer e Juscelino tinham uma amizade, uma s\u00f3lida confian\u00e7a m\u00fatua e Juscelino confiou ao Oscar o projeto de Bras\u00edlia. S\u00f3 que Oscar Niemeyer, cuidadosamente, sabiamente, recusou. Oscar Niemeyer era ligado a OAB, prop\u00f4s a realiza\u00e7\u00e3o de um concurso p\u00fablico nacional e nesse concurso nacional, em 1957, foi vencedor outro extraordin\u00e1rio urbanista carioca, L\u00facio Costa. Embora nascido na Fran\u00e7a, L\u00facio Costa era mestre de Oscar Niemeyer, um grande reformador do ensino brasileiro, criador do Iphan. Na verdade, o Servi\u00e7o Nacional depois se tornou o Instituto Nacional do Patrim\u00f4nio P\u00fablico, Hist\u00f3rico e Art\u00edstico Nacional. E a\u00ed, \u00e9 a proposta de L\u00facio Costa, extraordin\u00e1ria, que vai come\u00e7ar realmente a concretizar Bras\u00edlia. Ent\u00e3o L\u00facio Costa prop\u00f5e uma cidade muito simples o tra\u00e7ado, dois eixos que se cruzam, um eixo descendo assim na dire\u00e7\u00e3o do lago que j\u00e1 estava definido e outro eixo, fazendo o abra\u00e7o do grande morro do Cruzeiro. E \u00e9 ao longo desse eixo que faz o abra\u00e7o que est\u00e3o distribu\u00eddas as superquadras residenciais. E no eixo que desce o morro na dire\u00e7\u00e3o do lago ele se tornou o eixo monumental onde s\u00e3o colocadas as principais zonas, setores tanto da capital da Rep\u00fablica, quanto de apoio e atra\u00e7\u00e3o as fun\u00e7\u00f5es fundamentais da cidade.<\/p>\n<p><strong>O senhor mencionou a hist\u00f3ria do concurso do plano piloto e eu gostaria de saber quais os principais destaques do projeto de L\u00facio Costa e como ele foi colocado em pr\u00e1tica.<\/strong><\/p>\n<p>E a\u00ed \u00e9 uma hist\u00f3ria, extraordin\u00e1ria, do pr\u00f3prio concurso. L\u00facio Costa quando prop\u00f4s, ele prop\u00f4s realmente de todos os planos que tinham sido apresentados, o mais elegante, ele prop\u00f4s uma cidade parque que foi escolhida pelo j\u00fari que tinha membros internacionais ,eles escolheram por causa da simplicidade e viabilidade e extrema beleza do plano. O Juscelino queria que o Oscar fizesse os pr\u00e9dios, os edif\u00edcios, o projeto de arquitetura. E teve um urbanista vencedor do concurso que eles dois teriam que trabalhar juntos. E o Juscelino conhecia muito bem arquiteto e urbanista. Sabe como \u00e9 essa turma que n\u00e3o se concilia, que n\u00e3o \u00e9 muita amiga, voc\u00ea vai ter um inferno na terra. A\u00ed ganhou esse presente a\u00ed. Realmente a escolha foi isenta e um grande mestre e companheiro de Oscar foi o vencedor. Os dois, ent\u00e3o, fizeram a cidade que \u00e9 tanto do L\u00facio quanto do Oscar.<\/p>\n<p>H\u00e1 v\u00e1rios epis\u00f3dios em Bras\u00edlia, no Congresso Nacional em que se voc\u00ea ficaria espantada em ver como por exemplo aquele jogo bel\u00edssimo de formas das duas c\u00fapulas, uma virada pra cima, os dois edif\u00edcios g\u00eameos, tudo aquilo foi concebido simultaneamente por L\u00facio Costa e Oscar Niemeyer. A gente atribui s\u00f3 ao Oscar, mas quem come\u00e7ou a desenhar, fez a primeira proposta do Congresso Nacional, foi L\u00facio Costa. E Oscar duplicou e a\u00ed come\u00e7a uma sucess\u00e3o de realiza\u00e7\u00f5es extraordin\u00e1rias em pouco mais de dois anos de trabalho, de projeto de execu\u00e7\u00e3o, gra\u00e7as tamb\u00e9m a um grande engenheiro chamado Israel Pinheiro.<\/p>\n<p>Ent\u00e3o \u00e9 algo que emociona a brasilidade, se voc\u00ea pensar que, em cerca de mil dias, essa equipe heroica conseguiu entregar para o Brasil no dia 21 de abril de 1960, a capital com o presidente instalado, com os poderes instalados em condi\u00e7\u00e3o de come\u00e7ar a fazer com que o governo brasileiro se manifestasse e fizesse a gest\u00e3o do Brasil desde o Planalto Central. Um momento de imensa emo\u00e7\u00e3o. E a partir da\u00ed, o Brasil come\u00e7ou a conhecer Bras\u00edlia. Porque ningu\u00e9m sabia que coisa era aquela, que eles conheciam por algumas fotografias da obra, por alguns desenhos da obra. A brasilidade ao longo daqueles anos 60, 70, veio, desceu, veio de todo o planeta Brasil para trabalhar em Bras\u00edlia, nas suas embaixadas, nos seus minist\u00e9rios. Virou um centro de brasilidade, assim, que nos orgulha. N\u00e3o h\u00e1 cidade, capital, no mundo, que tenha a beleza, a integridade, a eleva\u00e7\u00e3o de Bras\u00edlia. \u00c9 por isso que no final dos anos 80, acabamos sendo distiguidos pela UNESCO com o t\u00edtulo de Patrim\u00f4nio Cultural da Humanidade. O \u00fanico Patrim\u00f4nio Cultural da Humanidade que \u00e9 modernista, que \u00e9 do s\u00e9culo 20.<\/p>\n<p><strong>Professor Fl\u00f3sculo, pelos aspectos urban\u00edsticos, como a cidade se transformou ao longo desses 63 anos de exist\u00eancia?<\/strong><\/p>\n<p>Estamos num processo agora de preserva\u00e7\u00e3o desse n\u00facleo porque contra, digamos, a integridade daquela Bras\u00edlia de JK, de Oscar Niemeyer, de L\u00facio Costa, de Israel Pinheiro, h\u00e1 muitos inimigos, eu coloco meio que entre aspas, representados pelos especuladores imobili\u00e1rios. Pelos oportunistas, pelos grileiros, por v\u00e1rias ondas de pessoas que pensam poder impor \u00e0 Bras\u00edlia o mesmo tipo de derrota urbana que foi imposta, em especial, ao Rio de Janeiro. Ent\u00e3o n\u00f3s temos esse estigma tamb\u00e9m. De n\u00e3o permitirmos que aquilo que aconteceu no Rio, que ainda continua a aterrorizar a antiga capital, isso aconte\u00e7a em Bras\u00edlia, mas infelizmente j\u00e1 est\u00e1 acontecendo. N\u00f3s temos desde aquele momento de inaugura\u00e7\u00e3o em 21 de abril de 60, at\u00e9 hoje, esses 63 anos que se passaram, v\u00e1rias descontinuidades que foram quase fatais pra Bras\u00edlia. Continuidades cru\u00e9is como da ditadura militar. E quase mata Bras\u00edlia. Quase que os militares conseguiram arrebentar com todo aquele impulso de cria\u00e7\u00e3o da cidade, de republicanismo. Isso foi muito importante porque com a retomada da democracia em meados da d\u00e9cada de 80, n\u00f3s t\u00ednhamos uma democracia interrompida. E n\u00f3s tivemos a seguir uma sucess\u00e3o de governadores, francamente, desastrosa. Bras\u00edlia n\u00e3o teve sorte, at\u00e9 hoje, com sua democracia porque os governadores n\u00e3o tem mostrado, digamos assim, identidade e consci\u00eancia da grandeza do projeto da cidade, ao contr\u00e1rio, Bras\u00edlia se tornou cada vez mais objeto f\u00e1cil de projetos pessoais, de projetos menores, de especula\u00e7\u00e3o e, at\u00e9 mesmo, de corrup\u00e7\u00e3o do uso do seu territ\u00f3rio.<\/p>\n<p><strong>Para encerrar, o senhor pode comentar sobre o que avan\u00e7ou em termos de ocupa\u00e7\u00e3o da cidade, a exemplo de pol\u00edticas como planos de preserva\u00e7\u00e3o do conjunto urban\u00edstico de Bras\u00edlia, que espera h\u00e1 dez anos por finaliza\u00e7\u00e3o.<\/strong><\/p>\n<p>Frederico Fl\u00f3sculo: N\u00f3s chegamos no ano de 1993, quando Bras\u00edlia j\u00e1 tinha autonomia pol\u00edtica desde 88, nominalmente, pela Constitui\u00e7\u00e3o Federal e desde 90, pela elei\u00e7\u00e3o do primeiro governador. E \u00e9 a\u00ed que, em 93, n\u00f3s temos a Lei Org\u00e2nica do Distrito Federal, definindo a necessidade de um PPCUB, e um plano de preserva\u00e7\u00e3o do conjunto urban\u00edstico de Bras\u00edlia. Desde 93 at\u00e9 hoje, 2023, n\u00f3s temos a\u00ed um lapso de 30 anos. 30 anos de lapso, em que Bras\u00edlia n\u00e3o conseguiu fazer o seu PPCUB. Quer dizer, era um dos primeiros planos a terem sido feitos em 93, nunca foi feito. Por qu\u00ea? A raz\u00e3o \u00e9: governadores em sucess\u00e3o, at\u00e9 os dias de hoje, n\u00e3o queriam fazer com que a preserva\u00e7\u00e3o travasse seus neg\u00f3cios. Quer dizer, \u00e9 quando o planejamento faz mal a pol\u00edtica. E isso, infelizmente, acontece no nosso pa\u00eds. N\u00e3o termos um PPCUB \u00e9 algo escandaloso e \u00e9 ind\u00edcio de p\u00e9ssima gest\u00e3o p\u00fablica. N\u00f3s temos a\u00ed, \u00e0s v\u00e9speras de ter um PPCUB p\u00e9ssimo, na minha avalia\u00e7\u00e3o, o PPCUB, o primeiro PPCUB j\u00e1 vai ser cheio de maus movimentos do governo. Com coisas inacredit\u00e1veis, loteamento do eixo monumental, de lotes gigantescos destinados a restaurantes, a shoppings, a um monte de coisas que seriam muito bem-vindas nas cidades, nos bairros, nas administra\u00e7\u00f5es e n\u00e3o no eixo monumental.<\/p>\n","protected":false},"excerpt":{"rendered":"<p>Em homenagem ao anivers\u00e1rio de 63 anos de Bras\u00edlia, comemorado neste 21 de abril, a R\u00e1dio Nacional traz um pouco da hist\u00f3ria da constru\u00e7\u00e3o da capital federal, revelada em conversa com Frederico Fl\u00f3sculo, professor da Faculdade de Arquitetura e Urbanismo da Universidade de Bras\u00edlia. A constru\u00e7\u00e3o muito peculiar da capital federal no Planalto Central conferiu [&hellip;]<\/p>\n","protected":false},"author":2,"featured_media":303402,"comment_status":"closed","ping_status":"closed","sticky":false,"template":"","format":"standard","meta":{"_acf_changed":false,"footnotes":""},"categories":[161],"tags":[],"class_list":["post-303401","post","type-post","status-publish","format-standard","has-post-thumbnail","hentry","category-quadradinho-em-foco"],"acf":[],"yoast_head":"<!-- This site is optimized with the Yoast SEO plugin v27.2 - https:\/\/yoast.com\/product\/yoast-seo-wordpress\/ -->\n<title>Bras\u00edlia, 63 anos, e patrim\u00f4nio cultural da era modernista - Notibras<\/title>\n<meta name=\"robots\" content=\"index, follow, max-snippet:-1, max-image-preview:large, max-video-preview:-1\" \/>\n<link rel=\"canonical\" href=\"https:\/\/www.notibras.com\/site\/brasilia-63-anos-e-patrimonio-cultural-da-era-modernista\/\" \/>\n<meta property=\"og:locale\" content=\"pt_BR\" \/>\n<meta property=\"og:type\" content=\"article\" \/>\n<meta property=\"og:title\" content=\"Bras\u00edlia, 63 anos, e patrim\u00f4nio cultural da era modernista - Notibras\" \/>\n<meta property=\"og:description\" content=\"Em homenagem ao anivers\u00e1rio de 63 anos de Bras\u00edlia, comemorado neste 21 de abril, a R\u00e1dio Nacional traz um pouco da hist\u00f3ria da constru\u00e7\u00e3o da capital federal, revelada em conversa com Frederico Fl\u00f3sculo, professor da Faculdade de Arquitetura e Urbanismo da Universidade de Bras\u00edlia. A constru\u00e7\u00e3o muito peculiar da capital federal no Planalto Central conferiu [&hellip;]\" \/>\n<meta property=\"og:url\" content=\"https:\/\/www.notibras.com\/site\/brasilia-63-anos-e-patrimonio-cultural-da-era-modernista\/\" \/>\n<meta property=\"og:site_name\" content=\"Notibras\" \/>\n<meta property=\"article:publisher\" content=\"https:\/\/www.facebook.com\/notibras\/\" \/>\n<meta property=\"article:published_time\" content=\"2023-04-21T10:45:26+00:00\" \/>\n<meta property=\"article:modified_time\" content=\"2023-04-21T13:14:38+00:00\" \/>\n<meta property=\"og:image\" content=\"https:\/\/www.notibras.com\/site\/wp-content\/uploads\/2023\/04\/brasilia_rodoviaria_0416202234.jpg\" \/>\n\t<meta property=\"og:image:width\" content=\"1170\" \/>\n\t<meta property=\"og:image:height\" content=\"700\" \/>\n\t<meta property=\"og:image:type\" content=\"image\/jpeg\" \/>\n<meta name=\"author\" content=\"Reda\u00e7\u00e3o\" \/>\n<meta name=\"twitter:card\" content=\"summary_large_image\" \/>\n<meta name=\"twitter:creator\" content=\"@Notibras\" \/>\n<meta name=\"twitter:site\" content=\"@Notibras\" \/>\n<meta name=\"twitter:label1\" content=\"Escrito por\" \/>\n\t<meta name=\"twitter:data1\" content=\"Reda\u00e7\u00e3o\" \/>\n\t<meta name=\"twitter:label2\" content=\"Est. tempo de leitura\" \/>\n\t<meta name=\"twitter:data2\" content=\"8 minutos\" \/>\n<script type=\"application\/ld+json\" class=\"yoast-schema-graph\">{\"@context\":\"https:\/\/schema.org\",\"@graph\":[{\"@type\":\"Article\",\"@id\":\"https:\/\/www.notibras.com\/site\/brasilia-63-anos-e-patrimonio-cultural-da-era-modernista\/#article\",\"isPartOf\":{\"@id\":\"https:\/\/www.notibras.com\/site\/brasilia-63-anos-e-patrimonio-cultural-da-era-modernista\/\"},\"author\":{\"name\":\"Reda\u00e7\u00e3o\",\"@id\":\"https:\/\/www.notibras.com\/site\/#\/schema\/person\/36ab0979449956132d3e5b517ea76ac8\"},\"headline\":\"Bras\u00edlia, 63 anos, e patrim\u00f4nio cultural da era modernista\",\"datePublished\":\"2023-04-21T10:45:26+00:00\",\"dateModified\":\"2023-04-21T13:14:38+00:00\",\"mainEntityOfPage\":{\"@id\":\"https:\/\/www.notibras.com\/site\/brasilia-63-anos-e-patrimonio-cultural-da-era-modernista\/\"},\"wordCount\":1609,\"publisher\":{\"@id\":\"https:\/\/www.notibras.com\/site\/#organization\"},\"image\":{\"@id\":\"https:\/\/www.notibras.com\/site\/brasilia-63-anos-e-patrimonio-cultural-da-era-modernista\/#primaryimage\"},\"thumbnailUrl\":\"https:\/\/www.notibras.com\/site\/wp-content\/uploads\/2023\/04\/brasilia_rodoviaria_0416202234.jpg\",\"articleSection\":[\"Quadradinho em Foco\"],\"inLanguage\":\"pt-BR\"},{\"@type\":\"WebPage\",\"@id\":\"https:\/\/www.notibras.com\/site\/brasilia-63-anos-e-patrimonio-cultural-da-era-modernista\/\",\"url\":\"https:\/\/www.notibras.com\/site\/brasilia-63-anos-e-patrimonio-cultural-da-era-modernista\/\",\"name\":\"Bras\u00edlia, 63 anos, e patrim\u00f4nio cultural da era modernista - Notibras\",\"isPartOf\":{\"@id\":\"https:\/\/www.notibras.com\/site\/#website\"},\"primaryImageOfPage\":{\"@id\":\"https:\/\/www.notibras.com\/site\/brasilia-63-anos-e-patrimonio-cultural-da-era-modernista\/#primaryimage\"},\"image\":{\"@id\":\"https:\/\/www.notibras.com\/site\/brasilia-63-anos-e-patrimonio-cultural-da-era-modernista\/#primaryimage\"},\"thumbnailUrl\":\"https:\/\/www.notibras.com\/site\/wp-content\/uploads\/2023\/04\/brasilia_rodoviaria_0416202234.jpg\",\"datePublished\":\"2023-04-21T10:45:26+00:00\",\"dateModified\":\"2023-04-21T13:14:38+00:00\",\"breadcrumb\":{\"@id\":\"https:\/\/www.notibras.com\/site\/brasilia-63-anos-e-patrimonio-cultural-da-era-modernista\/#breadcrumb\"},\"inLanguage\":\"pt-BR\",\"potentialAction\":[{\"@type\":\"ReadAction\",\"target\":[\"https:\/\/www.notibras.com\/site\/brasilia-63-anos-e-patrimonio-cultural-da-era-modernista\/\"]}]},{\"@type\":\"ImageObject\",\"inLanguage\":\"pt-BR\",\"@id\":\"https:\/\/www.notibras.com\/site\/brasilia-63-anos-e-patrimonio-cultural-da-era-modernista\/#primaryimage\",\"url\":\"https:\/\/www.notibras.com\/site\/wp-content\/uploads\/2023\/04\/brasilia_rodoviaria_0416202234.jpg\",\"contentUrl\":\"https:\/\/www.notibras.com\/site\/wp-content\/uploads\/2023\/04\/brasilia_rodoviaria_0416202234.jpg\",\"width\":1170,\"height\":700,\"caption\":\"Bras\u00edlia 60 anos\"},{\"@type\":\"BreadcrumbList\",\"@id\":\"https:\/\/www.notibras.com\/site\/brasilia-63-anos-e-patrimonio-cultural-da-era-modernista\/#breadcrumb\",\"itemListElement\":[{\"@type\":\"ListItem\",\"position\":1,\"name\":\"In\u00edcio\",\"item\":\"https:\/\/www.notibras.com\/site\/\"},{\"@type\":\"ListItem\",\"position\":2,\"name\":\"Bras\u00edlia, 63 anos, e patrim\u00f4nio cultural da era modernista\"}]},{\"@type\":\"WebSite\",\"@id\":\"https:\/\/www.notibras.com\/site\/#website\",\"url\":\"https:\/\/www.notibras.com\/site\/\",\"name\":\"Notibras\",\"description\":\"Not\u00edcias de Bras\u00edlia, do Brasil e do Mundo\",\"publisher\":{\"@id\":\"https:\/\/www.notibras.com\/site\/#organization\"},\"potentialAction\":[{\"@type\":\"SearchAction\",\"target\":{\"@type\":\"EntryPoint\",\"urlTemplate\":\"https:\/\/www.notibras.com\/site\/?s={search_term_string}\"},\"query-input\":{\"@type\":\"PropertyValueSpecification\",\"valueRequired\":true,\"valueName\":\"search_term_string\"}}],\"inLanguage\":\"pt-BR\"},{\"@type\":\"Organization\",\"@id\":\"https:\/\/www.notibras.com\/site\/#organization\",\"name\":\"Grupo Notibras de Comunica\u00e7\u00e3o\",\"url\":\"https:\/\/www.notibras.com\/site\/\",\"logo\":{\"@type\":\"ImageObject\",\"inLanguage\":\"pt-BR\",\"@id\":\"https:\/\/www.notibras.com\/site\/#\/schema\/logo\/image\/\",\"url\":\"https:\/\/www.notibras.com\/site\/wp-content\/uploads\/2023\/01\/notibras23.png\",\"contentUrl\":\"https:\/\/www.notibras.com\/site\/wp-content\/uploads\/2023\/01\/notibras23.png\",\"width\":350,\"height\":87,\"caption\":\"Grupo Notibras de Comunica\u00e7\u00e3o\"},\"image\":{\"@id\":\"https:\/\/www.notibras.com\/site\/#\/schema\/logo\/image\/\"},\"sameAs\":[\"https:\/\/www.facebook.com\/notibras\/\",\"https:\/\/x.com\/Notibras\",\"https:\/\/www.instagram.com\/notibras\/\"]},{\"@type\":\"Person\",\"@id\":\"https:\/\/www.notibras.com\/site\/#\/schema\/person\/36ab0979449956132d3e5b517ea76ac8\",\"name\":\"Reda\u00e7\u00e3o\",\"image\":{\"@type\":\"ImageObject\",\"inLanguage\":\"pt-BR\",\"@id\":\"https:\/\/secure.gravatar.com\/avatar\/e0a867bdedb85fd243eadf09663511f96fc81e0720a4a42581f334ad4303aa6b?s=96&d=mm&r=g\",\"url\":\"https:\/\/secure.gravatar.com\/avatar\/e0a867bdedb85fd243eadf09663511f96fc81e0720a4a42581f334ad4303aa6b?s=96&d=mm&r=g\",\"contentUrl\":\"https:\/\/secure.gravatar.com\/avatar\/e0a867bdedb85fd243eadf09663511f96fc81e0720a4a42581f334ad4303aa6b?s=96&d=mm&r=g\",\"caption\":\"Reda\u00e7\u00e3o\"}}]}<\/script>\n<!-- \/ Yoast SEO plugin. -->","yoast_head_json":{"title":"Bras\u00edlia, 63 anos, e patrim\u00f4nio cultural da era modernista - Notibras","robots":{"index":"index","follow":"follow","max-snippet":"max-snippet:-1","max-image-preview":"max-image-preview:large","max-video-preview":"max-video-preview:-1"},"canonical":"https:\/\/www.notibras.com\/site\/brasilia-63-anos-e-patrimonio-cultural-da-era-modernista\/","og_locale":"pt_BR","og_type":"article","og_title":"Bras\u00edlia, 63 anos, e patrim\u00f4nio cultural da era modernista - Notibras","og_description":"Em homenagem ao anivers\u00e1rio de 63 anos de Bras\u00edlia, comemorado neste 21 de abril, a R\u00e1dio Nacional traz um pouco da hist\u00f3ria da constru\u00e7\u00e3o da capital federal, revelada em conversa com Frederico Fl\u00f3sculo, professor da Faculdade de Arquitetura e Urbanismo da Universidade de Bras\u00edlia. A constru\u00e7\u00e3o muito peculiar da capital federal no Planalto Central conferiu [&hellip;]","og_url":"https:\/\/www.notibras.com\/site\/brasilia-63-anos-e-patrimonio-cultural-da-era-modernista\/","og_site_name":"Notibras","article_publisher":"https:\/\/www.facebook.com\/notibras\/","article_published_time":"2023-04-21T10:45:26+00:00","article_modified_time":"2023-04-21T13:14:38+00:00","og_image":[{"width":1170,"height":700,"url":"https:\/\/www.notibras.com\/site\/wp-content\/uploads\/2023\/04\/brasilia_rodoviaria_0416202234.jpg","type":"image\/jpeg"}],"author":"Reda\u00e7\u00e3o","twitter_card":"summary_large_image","twitter_creator":"@Notibras","twitter_site":"@Notibras","twitter_misc":{"Escrito por":"Reda\u00e7\u00e3o","Est. tempo de leitura":"8 minutos"},"schema":{"@context":"https:\/\/schema.org","@graph":[{"@type":"Article","@id":"https:\/\/www.notibras.com\/site\/brasilia-63-anos-e-patrimonio-cultural-da-era-modernista\/#article","isPartOf":{"@id":"https:\/\/www.notibras.com\/site\/brasilia-63-anos-e-patrimonio-cultural-da-era-modernista\/"},"author":{"name":"Reda\u00e7\u00e3o","@id":"https:\/\/www.notibras.com\/site\/#\/schema\/person\/36ab0979449956132d3e5b517ea76ac8"},"headline":"Bras\u00edlia, 63 anos, e patrim\u00f4nio cultural da era modernista","datePublished":"2023-04-21T10:45:26+00:00","dateModified":"2023-04-21T13:14:38+00:00","mainEntityOfPage":{"@id":"https:\/\/www.notibras.com\/site\/brasilia-63-anos-e-patrimonio-cultural-da-era-modernista\/"},"wordCount":1609,"publisher":{"@id":"https:\/\/www.notibras.com\/site\/#organization"},"image":{"@id":"https:\/\/www.notibras.com\/site\/brasilia-63-anos-e-patrimonio-cultural-da-era-modernista\/#primaryimage"},"thumbnailUrl":"https:\/\/www.notibras.com\/site\/wp-content\/uploads\/2023\/04\/brasilia_rodoviaria_0416202234.jpg","articleSection":["Quadradinho em Foco"],"inLanguage":"pt-BR"},{"@type":"WebPage","@id":"https:\/\/www.notibras.com\/site\/brasilia-63-anos-e-patrimonio-cultural-da-era-modernista\/","url":"https:\/\/www.notibras.com\/site\/brasilia-63-anos-e-patrimonio-cultural-da-era-modernista\/","name":"Bras\u00edlia, 63 anos, e patrim\u00f4nio cultural da era modernista - Notibras","isPartOf":{"@id":"https:\/\/www.notibras.com\/site\/#website"},"primaryImageOfPage":{"@id":"https:\/\/www.notibras.com\/site\/brasilia-63-anos-e-patrimonio-cultural-da-era-modernista\/#primaryimage"},"image":{"@id":"https:\/\/www.notibras.com\/site\/brasilia-63-anos-e-patrimonio-cultural-da-era-modernista\/#primaryimage"},"thumbnailUrl":"https:\/\/www.notibras.com\/site\/wp-content\/uploads\/2023\/04\/brasilia_rodoviaria_0416202234.jpg","datePublished":"2023-04-21T10:45:26+00:00","dateModified":"2023-04-21T13:14:38+00:00","breadcrumb":{"@id":"https:\/\/www.notibras.com\/site\/brasilia-63-anos-e-patrimonio-cultural-da-era-modernista\/#breadcrumb"},"inLanguage":"pt-BR","potentialAction":[{"@type":"ReadAction","target":["https:\/\/www.notibras.com\/site\/brasilia-63-anos-e-patrimonio-cultural-da-era-modernista\/"]}]},{"@type":"ImageObject","inLanguage":"pt-BR","@id":"https:\/\/www.notibras.com\/site\/brasilia-63-anos-e-patrimonio-cultural-da-era-modernista\/#primaryimage","url":"https:\/\/www.notibras.com\/site\/wp-content\/uploads\/2023\/04\/brasilia_rodoviaria_0416202234.jpg","contentUrl":"https:\/\/www.notibras.com\/site\/wp-content\/uploads\/2023\/04\/brasilia_rodoviaria_0416202234.jpg","width":1170,"height":700,"caption":"Bras\u00edlia 60 anos"},{"@type":"BreadcrumbList","@id":"https:\/\/www.notibras.com\/site\/brasilia-63-anos-e-patrimonio-cultural-da-era-modernista\/#breadcrumb","itemListElement":[{"@type":"ListItem","position":1,"name":"In\u00edcio","item":"https:\/\/www.notibras.com\/site\/"},{"@type":"ListItem","position":2,"name":"Bras\u00edlia, 63 anos, e patrim\u00f4nio cultural da era modernista"}]},{"@type":"WebSite","@id":"https:\/\/www.notibras.com\/site\/#website","url":"https:\/\/www.notibras.com\/site\/","name":"Notibras","description":"Not\u00edcias de Bras\u00edlia, do Brasil e do Mundo","publisher":{"@id":"https:\/\/www.notibras.com\/site\/#organization"},"potentialAction":[{"@type":"SearchAction","target":{"@type":"EntryPoint","urlTemplate":"https:\/\/www.notibras.com\/site\/?s={search_term_string}"},"query-input":{"@type":"PropertyValueSpecification","valueRequired":true,"valueName":"search_term_string"}}],"inLanguage":"pt-BR"},{"@type":"Organization","@id":"https:\/\/www.notibras.com\/site\/#organization","name":"Grupo Notibras de Comunica\u00e7\u00e3o","url":"https:\/\/www.notibras.com\/site\/","logo":{"@type":"ImageObject","inLanguage":"pt-BR","@id":"https:\/\/www.notibras.com\/site\/#\/schema\/logo\/image\/","url":"https:\/\/www.notibras.com\/site\/wp-content\/uploads\/2023\/01\/notibras23.png","contentUrl":"https:\/\/www.notibras.com\/site\/wp-content\/uploads\/2023\/01\/notibras23.png","width":350,"height":87,"caption":"Grupo Notibras de Comunica\u00e7\u00e3o"},"image":{"@id":"https:\/\/www.notibras.com\/site\/#\/schema\/logo\/image\/"},"sameAs":["https:\/\/www.facebook.com\/notibras\/","https:\/\/x.com\/Notibras","https:\/\/www.instagram.com\/notibras\/"]},{"@type":"Person","@id":"https:\/\/www.notibras.com\/site\/#\/schema\/person\/36ab0979449956132d3e5b517ea76ac8","name":"Reda\u00e7\u00e3o","image":{"@type":"ImageObject","inLanguage":"pt-BR","@id":"https:\/\/secure.gravatar.com\/avatar\/e0a867bdedb85fd243eadf09663511f96fc81e0720a4a42581f334ad4303aa6b?s=96&d=mm&r=g","url":"https:\/\/secure.gravatar.com\/avatar\/e0a867bdedb85fd243eadf09663511f96fc81e0720a4a42581f334ad4303aa6b?s=96&d=mm&r=g","contentUrl":"https:\/\/secure.gravatar.com\/avatar\/e0a867bdedb85fd243eadf09663511f96fc81e0720a4a42581f334ad4303aa6b?s=96&d=mm&r=g","caption":"Reda\u00e7\u00e3o"}}]}},"amp_enabled":true,"_links":{"self":[{"href":"https:\/\/www.notibras.com\/site\/wp-json\/wp\/v2\/posts\/303401","targetHints":{"allow":["GET"]}}],"collection":[{"href":"https:\/\/www.notibras.com\/site\/wp-json\/wp\/v2\/posts"}],"about":[{"href":"https:\/\/www.notibras.com\/site\/wp-json\/wp\/v2\/types\/post"}],"author":[{"embeddable":true,"href":"https:\/\/www.notibras.com\/site\/wp-json\/wp\/v2\/users\/2"}],"replies":[{"embeddable":true,"href":"https:\/\/www.notibras.com\/site\/wp-json\/wp\/v2\/comments?post=303401"}],"version-history":[{"count":1,"href":"https:\/\/www.notibras.com\/site\/wp-json\/wp\/v2\/posts\/303401\/revisions"}],"predecessor-version":[{"id":303403,"href":"https:\/\/www.notibras.com\/site\/wp-json\/wp\/v2\/posts\/303401\/revisions\/303403"}],"wp:featuredmedia":[{"embeddable":true,"href":"https:\/\/www.notibras.com\/site\/wp-json\/wp\/v2\/media\/303402"}],"wp:attachment":[{"href":"https:\/\/www.notibras.com\/site\/wp-json\/wp\/v2\/media?parent=303401"}],"wp:term":[{"taxonomy":"category","embeddable":true,"href":"https:\/\/www.notibras.com\/site\/wp-json\/wp\/v2\/categories?post=303401"},{"taxonomy":"post_tag","embeddable":true,"href":"https:\/\/www.notibras.com\/site\/wp-json\/wp\/v2\/tags?post=303401"}],"curies":[{"name":"wp","href":"https:\/\/api.w.org\/{rel}","templated":true}]}}