{"id":303419,"date":"2023-04-22T00:00:50","date_gmt":"2023-04-22T03:00:50","guid":{"rendered":"https:\/\/www.notibras.com\/site\/?p=303419"},"modified":"2023-04-22T01:42:56","modified_gmt":"2023-04-22T04:42:56","slug":"capital-celebra-seus-63-anos-em-festa-com-juventude","status":"publish","type":"post","link":"https:\/\/www.notibras.com\/site\/capital-celebra-seus-63-anos-em-festa-com-juventude\/","title":{"rendered":"Capital celebra seus 63 anos em festa com juventude"},"content":{"rendered":"<p>Bras\u00edlia completou 63 anos, nesta sexta-feira (21) com atra\u00e7\u00f5es para todas as idades e tribos. Pela manh\u00e3 a professora Helo\u00edsa Vieira chegou cedo \u00e0 Torre de TV para aproveitar o espet\u00e1culo infantil com os dois filhos, Arthur e Vin\u00edcius. Ela conta que quando ainda estava no caminho j\u00e1 estavam todos curtindo o clima de festa.<\/p>\n<p>&#8220;A gente j\u00e1 veio cantando parab\u00e9ns pra Bras\u00edlia. E eu entro no clima pra que seja uma lembran\u00e7a divertida do anivers\u00e1rio de Bras\u00edlia&#8221;, afirma. Na Torre de TV, eles curtiram primeiro o show de m\u00e1gica e, depois, o espet\u00e1culo A Bela Adormecida.<\/p>\n<p>A qualidade das apresenta\u00e7\u00f5es foi um dos pontos altos da festa, segundo Helo\u00edsa, mas o encontro de gera\u00e7\u00f5es de brasilienses \u00e9 o que mais importa. &#8220;A gente encontra as pessoas de Bras\u00edlia, as crian\u00e7as de Bras\u00edlia. E sempre que a gente lembrar desse momento, a gente vai falar: olha como foi legal aquele dia, como foi importante encontrar outras crian\u00e7as da nossa cidade e ser feliz, se divertindo junto&#8221;.<\/p>\n<p>A servidora p\u00fablica Thais Leal tamb\u00e9m levou os dois filhos pequenos para curtir o espa\u00e7o das crian\u00e7as e elogiou a organiza\u00e7\u00e3o do evento. &#8220;Achei a estrutura muito boa, eles est\u00e3o fazendo um rod\u00edzio de hor\u00e1rio, ent\u00e3o a gente n\u00e3o fica muito tempo esperando. As crian\u00e7as est\u00e3o curtindo muito&#8221;. Para o Pedro e o irm\u00e3o Jo\u00e3o, a maior dificuldade foi escolher qual o melhor brinquedo do evento: escorrega infl\u00e1vel, pula-pula ou piscina de bolinha. D\u00favida cruel para a crian\u00e7ada.<\/p>\n<p><strong>Memorial dos Povos Ind\u00edgenas<\/strong><br \/>\nNo Memorial dos Povos Ind\u00edgenas, a programa\u00e7\u00e3o inclui oficinas, conta\u00e7\u00e3o de hist\u00f3rias para crian\u00e7as, bate-papos e feira de artesanato, reunindo a riqueza cultural de diversas etnias espalhadas pelo Brasil.<\/p>\n<p>O ind\u00edgena Mirim Ju Yan, da tribo Guarani, \u00e9 um dos organizadores das atividades e explica que a ideia \u00e9 passar para o p\u00fablico n\u00e3o s\u00f3 a materialidade da cultura ind\u00edgena, com seus cocares, cer\u00e2micas e cestos, mas tamb\u00e9m da cultura imaterial, ou seja, das hist\u00f3rias contadas atrav\u00e9s da oralidade.<\/p>\n<p>Mirim Ju Yan explica que os contos s\u00e3o feitos tanto para crian\u00e7as quanto para adultos, com uma linguagem acess\u00edvel para os mais jovens, mas tamb\u00e9m com muitos ensinamentos para os adultos.<\/p>\n<p>&#8220;S\u00e3o hist\u00f3rias tradicionais. N\u00e3o \u00e9 apenas a hist\u00f3ria, por exemplo, dos 500 anos pra c\u00e1. Durante nossos encontros, a gente fala sobre esse processo de coloniza\u00e7\u00e3o, nossas resist\u00eancias. Mas nossas hist\u00f3rias s\u00e3o, principalmente, cosmog\u00f4nicas e falam sobre a cria\u00e7\u00e3o dos nossos povos, a partir da \u00f3tica dos ind\u00edgenas. S\u00e3o hist\u00f3rias sobre a natureza, sobre os animais, sobre as estrelas, que trazem esse tempo m\u00edstico e ancestral&#8221;, afirma.<\/p>\n<p>Segundo o IBGE, no Brasil h\u00e1 mais de 1,6 milh\u00e3o de ind\u00edgenas, distribu\u00eddos em diferentes tribos, cada uma com sua forma de organiza\u00e7\u00e3o, sistemas de parentesco, religi\u00f5es e mitologias, que faz com que as diversas na\u00e7\u00f5es ind\u00edgenas se diferenciem entre si.<\/p>\n<p>&#8220;A nossa consci\u00eancia n\u00e3o \u00e9 \u00e0 toa, ela tem um fundamento. E est\u00e1 em pr\u00e1tica a dezenas de milhares de anos. S\u00e3o sabedorias que formam uma consci\u00eancia de como viver aqui na terra&#8221;.<\/p>\n<p><strong>Abril Ind\u00edgena<\/strong><br \/>\nA iniciativa do Abril Ind\u00edgena vem sendo promovida por diferentes institui\u00e7\u00f5es pelo pa\u00eds, a fim de destacar os direitos dos povos origin\u00e1rios e sua import\u00e2ncia na forma\u00e7\u00e3o da nossa sociedade. A data decorre do 19 de abril, celebrado em todo o continente desde o 1\u00ba Congresso Indigenista Interamericano, realizado no M\u00e9xico em 1940.<\/p>\n<p><strong>Comemora\u00e7\u00e3o<\/strong><br \/>\nA celebra\u00e7\u00e3o do anivers\u00e1rio da capital continua durante todo fim de semana. Para os adultos, a programa\u00e7\u00e3o conta com eventos culturais e shows com grandes nomes da m\u00fasica brasileira. Entre as atra\u00e7\u00f5es principais est\u00e3o Maiara e Maraisa, Joelma, Fundo de Quintal e a Orquestra do Teatro Nacional de Bras\u00edlia.<\/p>\n<p>Para a crian\u00e7ada, uma programa\u00e7\u00e3o especial com a Cidade Kids, na Torre de TV, com brinquedos infl\u00e1veis para as crian\u00e7as e \u00e1rea pet friendly. Aberto durante todo o fim de semana, das 10h \u00e0s 18h, o espa\u00e7o conta com pintura de rosto, show de m\u00e1gica com o Tio Andr\u00e9, apresenta\u00e7\u00e3o teatral da Companhia Neia e Nando, al\u00e9m de conta\u00e7\u00e3o de hist\u00f3ria com a professora Nyedja Gennari.<\/p>\n","protected":false},"excerpt":{"rendered":"<p>Bras\u00edlia completou 63 anos, nesta sexta-feira (21) com atra\u00e7\u00f5es para todas as idades e tribos. Pela manh\u00e3 a professora Helo\u00edsa Vieira chegou cedo \u00e0 Torre de TV para aproveitar o espet\u00e1culo infantil com os dois filhos, Arthur e Vin\u00edcius. Ela conta que quando ainda estava no caminho j\u00e1 estavam todos curtindo o clima de festa. [&hellip;]<\/p>\n","protected":false},"author":2,"featured_media":303420,"comment_status":"closed","ping_status":"closed","sticky":false,"template":"","format":"standard","meta":{"_acf_changed":false,"footnotes":""},"categories":[161],"tags":[],"class_list":["post-303419","post","type-post","status-publish","format-standard","has-post-thumbnail","hentry","category-quadradinho-em-foco"],"acf":[],"yoast_head":"<!-- This site is optimized with the Yoast SEO plugin v27.2 - https:\/\/yoast.com\/product\/yoast-seo-wordpress\/ -->\n<title>Capital celebra seus 63 anos em festa com juventude - Notibras<\/title>\n<meta name=\"robots\" content=\"index, follow, max-snippet:-1, max-image-preview:large, max-video-preview:-1\" \/>\n<link rel=\"canonical\" href=\"https:\/\/www.notibras.com\/site\/capital-celebra-seus-63-anos-em-festa-com-juventude\/\" \/>\n<meta property=\"og:locale\" content=\"pt_BR\" \/>\n<meta property=\"og:type\" content=\"article\" \/>\n<meta property=\"og:title\" content=\"Capital celebra seus 63 anos em festa com juventude - Notibras\" \/>\n<meta property=\"og:description\" content=\"Bras\u00edlia completou 63 anos, nesta sexta-feira (21) com atra\u00e7\u00f5es para todas as idades e tribos. Pela manh\u00e3 a professora Helo\u00edsa Vieira chegou cedo \u00e0 Torre de TV para aproveitar o espet\u00e1culo infantil com os dois filhos, Arthur e Vin\u00edcius. Ela conta que quando ainda estava no caminho j\u00e1 estavam todos curtindo o clima de festa. [&hellip;]\" \/>\n<meta property=\"og:url\" content=\"https:\/\/www.notibras.com\/site\/capital-celebra-seus-63-anos-em-festa-com-juventude\/\" \/>\n<meta property=\"og:site_name\" content=\"Notibras\" \/>\n<meta property=\"article:publisher\" content=\"https:\/\/www.facebook.com\/notibras\/\" \/>\n<meta property=\"article:published_time\" content=\"2023-04-22T03:00:50+00:00\" \/>\n<meta property=\"article:modified_time\" content=\"2023-04-22T04:42:56+00:00\" \/>\n<meta property=\"og:image\" content=\"https:\/\/www.notibras.com\/site\/wp-content\/uploads\/2023\/04\/vac_abr2104232436.jpg\" \/>\n\t<meta property=\"og:image:width\" content=\"1170\" \/>\n\t<meta property=\"og:image:height\" content=\"700\" \/>\n\t<meta property=\"og:image:type\" content=\"image\/jpeg\" \/>\n<meta name=\"author\" content=\"Reda\u00e7\u00e3o\" \/>\n<meta name=\"twitter:card\" content=\"summary_large_image\" \/>\n<meta name=\"twitter:creator\" content=\"@Notibras\" \/>\n<meta name=\"twitter:site\" content=\"@Notibras\" \/>\n<meta name=\"twitter:label1\" content=\"Escrito por\" \/>\n\t<meta name=\"twitter:data1\" content=\"Reda\u00e7\u00e3o\" \/>\n\t<meta name=\"twitter:label2\" content=\"Est. tempo de leitura\" \/>\n\t<meta name=\"twitter:data2\" content=\"4 minutos\" \/>\n<script type=\"application\/ld+json\" class=\"yoast-schema-graph\">{\"@context\":\"https:\/\/schema.org\",\"@graph\":[{\"@type\":\"Article\",\"@id\":\"https:\/\/www.notibras.com\/site\/capital-celebra-seus-63-anos-em-festa-com-juventude\/#article\",\"isPartOf\":{\"@id\":\"https:\/\/www.notibras.com\/site\/capital-celebra-seus-63-anos-em-festa-com-juventude\/\"},\"author\":{\"name\":\"Reda\u00e7\u00e3o\",\"@id\":\"https:\/\/www.notibras.com\/site\/#\/schema\/person\/36ab0979449956132d3e5b517ea76ac8\"},\"headline\":\"Capital celebra seus 63 anos em festa com juventude\",\"datePublished\":\"2023-04-22T03:00:50+00:00\",\"dateModified\":\"2023-04-22T04:42:56+00:00\",\"mainEntityOfPage\":{\"@id\":\"https:\/\/www.notibras.com\/site\/capital-celebra-seus-63-anos-em-festa-com-juventude\/\"},\"wordCount\":770,\"publisher\":{\"@id\":\"https:\/\/www.notibras.com\/site\/#organization\"},\"image\":{\"@id\":\"https:\/\/www.notibras.com\/site\/capital-celebra-seus-63-anos-em-festa-com-juventude\/#primaryimage\"},\"thumbnailUrl\":\"https:\/\/www.notibras.com\/site\/wp-content\/uploads\/2023\/04\/vac_abr2104232436.jpg\",\"articleSection\":[\"Quadradinho em Foco\"],\"inLanguage\":\"pt-BR\"},{\"@type\":\"WebPage\",\"@id\":\"https:\/\/www.notibras.com\/site\/capital-celebra-seus-63-anos-em-festa-com-juventude\/\",\"url\":\"https:\/\/www.notibras.com\/site\/capital-celebra-seus-63-anos-em-festa-com-juventude\/\",\"name\":\"Capital celebra seus 63 anos em festa com juventude - Notibras\",\"isPartOf\":{\"@id\":\"https:\/\/www.notibras.com\/site\/#website\"},\"primaryImageOfPage\":{\"@id\":\"https:\/\/www.notibras.com\/site\/capital-celebra-seus-63-anos-em-festa-com-juventude\/#primaryimage\"},\"image\":{\"@id\":\"https:\/\/www.notibras.com\/site\/capital-celebra-seus-63-anos-em-festa-com-juventude\/#primaryimage\"},\"thumbnailUrl\":\"https:\/\/www.notibras.com\/site\/wp-content\/uploads\/2023\/04\/vac_abr2104232436.jpg\",\"datePublished\":\"2023-04-22T03:00:50+00:00\",\"dateModified\":\"2023-04-22T04:42:56+00:00\",\"breadcrumb\":{\"@id\":\"https:\/\/www.notibras.com\/site\/capital-celebra-seus-63-anos-em-festa-com-juventude\/#breadcrumb\"},\"inLanguage\":\"pt-BR\",\"potentialAction\":[{\"@type\":\"ReadAction\",\"target\":[\"https:\/\/www.notibras.com\/site\/capital-celebra-seus-63-anos-em-festa-com-juventude\/\"]}]},{\"@type\":\"ImageObject\",\"inLanguage\":\"pt-BR\",\"@id\":\"https:\/\/www.notibras.com\/site\/capital-celebra-seus-63-anos-em-festa-com-juventude\/#primaryimage\",\"url\":\"https:\/\/www.notibras.com\/site\/wp-content\/uploads\/2023\/04\/vac_abr2104232436.jpg\",\"contentUrl\":\"https:\/\/www.notibras.com\/site\/wp-content\/uploads\/2023\/04\/vac_abr2104232436.jpg\",\"width\":1170,\"height\":700,\"caption\":\"Bras\u00edlia (DF), 21\/04\/2023 - Personagem para a materia aniversario de Bras\u00edlia, Cidade Kids, Sra. Heloisa Vieira - Professora. Foto Valter Campanato\/Ag\u00eancia Brasil.\"},{\"@type\":\"BreadcrumbList\",\"@id\":\"https:\/\/www.notibras.com\/site\/capital-celebra-seus-63-anos-em-festa-com-juventude\/#breadcrumb\",\"itemListElement\":[{\"@type\":\"ListItem\",\"position\":1,\"name\":\"In\u00edcio\",\"item\":\"https:\/\/www.notibras.com\/site\/\"},{\"@type\":\"ListItem\",\"position\":2,\"name\":\"Capital celebra seus 63 anos em festa com juventude\"}]},{\"@type\":\"WebSite\",\"@id\":\"https:\/\/www.notibras.com\/site\/#website\",\"url\":\"https:\/\/www.notibras.com\/site\/\",\"name\":\"Notibras\",\"description\":\"Not\u00edcias de Bras\u00edlia, do Brasil e do Mundo\",\"publisher\":{\"@id\":\"https:\/\/www.notibras.com\/site\/#organization\"},\"potentialAction\":[{\"@type\":\"SearchAction\",\"target\":{\"@type\":\"EntryPoint\",\"urlTemplate\":\"https:\/\/www.notibras.com\/site\/?s={search_term_string}\"},\"query-input\":{\"@type\":\"PropertyValueSpecification\",\"valueRequired\":true,\"valueName\":\"search_term_string\"}}],\"inLanguage\":\"pt-BR\"},{\"@type\":\"Organization\",\"@id\":\"https:\/\/www.notibras.com\/site\/#organization\",\"name\":\"Grupo Notibras de Comunica\u00e7\u00e3o\",\"url\":\"https:\/\/www.notibras.com\/site\/\",\"logo\":{\"@type\":\"ImageObject\",\"inLanguage\":\"pt-BR\",\"@id\":\"https:\/\/www.notibras.com\/site\/#\/schema\/logo\/image\/\",\"url\":\"https:\/\/www.notibras.com\/site\/wp-content\/uploads\/2023\/01\/notibras23.png\",\"contentUrl\":\"https:\/\/www.notibras.com\/site\/wp-content\/uploads\/2023\/01\/notibras23.png\",\"width\":350,\"height\":87,\"caption\":\"Grupo Notibras de Comunica\u00e7\u00e3o\"},\"image\":{\"@id\":\"https:\/\/www.notibras.com\/site\/#\/schema\/logo\/image\/\"},\"sameAs\":[\"https:\/\/www.facebook.com\/notibras\/\",\"https:\/\/x.com\/Notibras\",\"https:\/\/www.instagram.com\/notibras\/\"]},{\"@type\":\"Person\",\"@id\":\"https:\/\/www.notibras.com\/site\/#\/schema\/person\/36ab0979449956132d3e5b517ea76ac8\",\"name\":\"Reda\u00e7\u00e3o\",\"image\":{\"@type\":\"ImageObject\",\"inLanguage\":\"pt-BR\",\"@id\":\"https:\/\/secure.gravatar.com\/avatar\/e0a867bdedb85fd243eadf09663511f96fc81e0720a4a42581f334ad4303aa6b?s=96&d=mm&r=g\",\"url\":\"https:\/\/secure.gravatar.com\/avatar\/e0a867bdedb85fd243eadf09663511f96fc81e0720a4a42581f334ad4303aa6b?s=96&d=mm&r=g\",\"contentUrl\":\"https:\/\/secure.gravatar.com\/avatar\/e0a867bdedb85fd243eadf09663511f96fc81e0720a4a42581f334ad4303aa6b?s=96&d=mm&r=g\",\"caption\":\"Reda\u00e7\u00e3o\"}}]}<\/script>\n<!-- \/ Yoast SEO plugin. -->","yoast_head_json":{"title":"Capital celebra seus 63 anos em festa com juventude - Notibras","robots":{"index":"index","follow":"follow","max-snippet":"max-snippet:-1","max-image-preview":"max-image-preview:large","max-video-preview":"max-video-preview:-1"},"canonical":"https:\/\/www.notibras.com\/site\/capital-celebra-seus-63-anos-em-festa-com-juventude\/","og_locale":"pt_BR","og_type":"article","og_title":"Capital celebra seus 63 anos em festa com juventude - Notibras","og_description":"Bras\u00edlia completou 63 anos, nesta sexta-feira (21) com atra\u00e7\u00f5es para todas as idades e tribos. Pela manh\u00e3 a professora Helo\u00edsa Vieira chegou cedo \u00e0 Torre de TV para aproveitar o espet\u00e1culo infantil com os dois filhos, Arthur e Vin\u00edcius. Ela conta que quando ainda estava no caminho j\u00e1 estavam todos curtindo o clima de festa. [&hellip;]","og_url":"https:\/\/www.notibras.com\/site\/capital-celebra-seus-63-anos-em-festa-com-juventude\/","og_site_name":"Notibras","article_publisher":"https:\/\/www.facebook.com\/notibras\/","article_published_time":"2023-04-22T03:00:50+00:00","article_modified_time":"2023-04-22T04:42:56+00:00","og_image":[{"width":1170,"height":700,"url":"https:\/\/www.notibras.com\/site\/wp-content\/uploads\/2023\/04\/vac_abr2104232436.jpg","type":"image\/jpeg"}],"author":"Reda\u00e7\u00e3o","twitter_card":"summary_large_image","twitter_creator":"@Notibras","twitter_site":"@Notibras","twitter_misc":{"Escrito por":"Reda\u00e7\u00e3o","Est. tempo de leitura":"4 minutos"},"schema":{"@context":"https:\/\/schema.org","@graph":[{"@type":"Article","@id":"https:\/\/www.notibras.com\/site\/capital-celebra-seus-63-anos-em-festa-com-juventude\/#article","isPartOf":{"@id":"https:\/\/www.notibras.com\/site\/capital-celebra-seus-63-anos-em-festa-com-juventude\/"},"author":{"name":"Reda\u00e7\u00e3o","@id":"https:\/\/www.notibras.com\/site\/#\/schema\/person\/36ab0979449956132d3e5b517ea76ac8"},"headline":"Capital celebra seus 63 anos em festa com juventude","datePublished":"2023-04-22T03:00:50+00:00","dateModified":"2023-04-22T04:42:56+00:00","mainEntityOfPage":{"@id":"https:\/\/www.notibras.com\/site\/capital-celebra-seus-63-anos-em-festa-com-juventude\/"},"wordCount":770,"publisher":{"@id":"https:\/\/www.notibras.com\/site\/#organization"},"image":{"@id":"https:\/\/www.notibras.com\/site\/capital-celebra-seus-63-anos-em-festa-com-juventude\/#primaryimage"},"thumbnailUrl":"https:\/\/www.notibras.com\/site\/wp-content\/uploads\/2023\/04\/vac_abr2104232436.jpg","articleSection":["Quadradinho em Foco"],"inLanguage":"pt-BR"},{"@type":"WebPage","@id":"https:\/\/www.notibras.com\/site\/capital-celebra-seus-63-anos-em-festa-com-juventude\/","url":"https:\/\/www.notibras.com\/site\/capital-celebra-seus-63-anos-em-festa-com-juventude\/","name":"Capital celebra seus 63 anos em festa com juventude - Notibras","isPartOf":{"@id":"https:\/\/www.notibras.com\/site\/#website"},"primaryImageOfPage":{"@id":"https:\/\/www.notibras.com\/site\/capital-celebra-seus-63-anos-em-festa-com-juventude\/#primaryimage"},"image":{"@id":"https:\/\/www.notibras.com\/site\/capital-celebra-seus-63-anos-em-festa-com-juventude\/#primaryimage"},"thumbnailUrl":"https:\/\/www.notibras.com\/site\/wp-content\/uploads\/2023\/04\/vac_abr2104232436.jpg","datePublished":"2023-04-22T03:00:50+00:00","dateModified":"2023-04-22T04:42:56+00:00","breadcrumb":{"@id":"https:\/\/www.notibras.com\/site\/capital-celebra-seus-63-anos-em-festa-com-juventude\/#breadcrumb"},"inLanguage":"pt-BR","potentialAction":[{"@type":"ReadAction","target":["https:\/\/www.notibras.com\/site\/capital-celebra-seus-63-anos-em-festa-com-juventude\/"]}]},{"@type":"ImageObject","inLanguage":"pt-BR","@id":"https:\/\/www.notibras.com\/site\/capital-celebra-seus-63-anos-em-festa-com-juventude\/#primaryimage","url":"https:\/\/www.notibras.com\/site\/wp-content\/uploads\/2023\/04\/vac_abr2104232436.jpg","contentUrl":"https:\/\/www.notibras.com\/site\/wp-content\/uploads\/2023\/04\/vac_abr2104232436.jpg","width":1170,"height":700,"caption":"Bras\u00edlia (DF), 21\/04\/2023 - Personagem para a materia aniversario de Bras\u00edlia, Cidade Kids, Sra. Heloisa Vieira - Professora. Foto Valter Campanato\/Ag\u00eancia Brasil."},{"@type":"BreadcrumbList","@id":"https:\/\/www.notibras.com\/site\/capital-celebra-seus-63-anos-em-festa-com-juventude\/#breadcrumb","itemListElement":[{"@type":"ListItem","position":1,"name":"In\u00edcio","item":"https:\/\/www.notibras.com\/site\/"},{"@type":"ListItem","position":2,"name":"Capital celebra seus 63 anos em festa com juventude"}]},{"@type":"WebSite","@id":"https:\/\/www.notibras.com\/site\/#website","url":"https:\/\/www.notibras.com\/site\/","name":"Notibras","description":"Not\u00edcias de Bras\u00edlia, do Brasil e do Mundo","publisher":{"@id":"https:\/\/www.notibras.com\/site\/#organization"},"potentialAction":[{"@type":"SearchAction","target":{"@type":"EntryPoint","urlTemplate":"https:\/\/www.notibras.com\/site\/?s={search_term_string}"},"query-input":{"@type":"PropertyValueSpecification","valueRequired":true,"valueName":"search_term_string"}}],"inLanguage":"pt-BR"},{"@type":"Organization","@id":"https:\/\/www.notibras.com\/site\/#organization","name":"Grupo Notibras de Comunica\u00e7\u00e3o","url":"https:\/\/www.notibras.com\/site\/","logo":{"@type":"ImageObject","inLanguage":"pt-BR","@id":"https:\/\/www.notibras.com\/site\/#\/schema\/logo\/image\/","url":"https:\/\/www.notibras.com\/site\/wp-content\/uploads\/2023\/01\/notibras23.png","contentUrl":"https:\/\/www.notibras.com\/site\/wp-content\/uploads\/2023\/01\/notibras23.png","width":350,"height":87,"caption":"Grupo Notibras de Comunica\u00e7\u00e3o"},"image":{"@id":"https:\/\/www.notibras.com\/site\/#\/schema\/logo\/image\/"},"sameAs":["https:\/\/www.facebook.com\/notibras\/","https:\/\/x.com\/Notibras","https:\/\/www.instagram.com\/notibras\/"]},{"@type":"Person","@id":"https:\/\/www.notibras.com\/site\/#\/schema\/person\/36ab0979449956132d3e5b517ea76ac8","name":"Reda\u00e7\u00e3o","image":{"@type":"ImageObject","inLanguage":"pt-BR","@id":"https:\/\/secure.gravatar.com\/avatar\/e0a867bdedb85fd243eadf09663511f96fc81e0720a4a42581f334ad4303aa6b?s=96&d=mm&r=g","url":"https:\/\/secure.gravatar.com\/avatar\/e0a867bdedb85fd243eadf09663511f96fc81e0720a4a42581f334ad4303aa6b?s=96&d=mm&r=g","contentUrl":"https:\/\/secure.gravatar.com\/avatar\/e0a867bdedb85fd243eadf09663511f96fc81e0720a4a42581f334ad4303aa6b?s=96&d=mm&r=g","caption":"Reda\u00e7\u00e3o"}}]}},"amp_enabled":true,"_links":{"self":[{"href":"https:\/\/www.notibras.com\/site\/wp-json\/wp\/v2\/posts\/303419","targetHints":{"allow":["GET"]}}],"collection":[{"href":"https:\/\/www.notibras.com\/site\/wp-json\/wp\/v2\/posts"}],"about":[{"href":"https:\/\/www.notibras.com\/site\/wp-json\/wp\/v2\/types\/post"}],"author":[{"embeddable":true,"href":"https:\/\/www.notibras.com\/site\/wp-json\/wp\/v2\/users\/2"}],"replies":[{"embeddable":true,"href":"https:\/\/www.notibras.com\/site\/wp-json\/wp\/v2\/comments?post=303419"}],"version-history":[{"count":1,"href":"https:\/\/www.notibras.com\/site\/wp-json\/wp\/v2\/posts\/303419\/revisions"}],"predecessor-version":[{"id":303421,"href":"https:\/\/www.notibras.com\/site\/wp-json\/wp\/v2\/posts\/303419\/revisions\/303421"}],"wp:featuredmedia":[{"embeddable":true,"href":"https:\/\/www.notibras.com\/site\/wp-json\/wp\/v2\/media\/303420"}],"wp:attachment":[{"href":"https:\/\/www.notibras.com\/site\/wp-json\/wp\/v2\/media?parent=303419"}],"wp:term":[{"taxonomy":"category","embeddable":true,"href":"https:\/\/www.notibras.com\/site\/wp-json\/wp\/v2\/categories?post=303419"},{"taxonomy":"post_tag","embeddable":true,"href":"https:\/\/www.notibras.com\/site\/wp-json\/wp\/v2\/tags?post=303419"}],"curies":[{"name":"wp","href":"https:\/\/api.w.org\/{rel}","templated":true}]}}