{"id":303422,"date":"2023-04-22T00:03:20","date_gmt":"2023-04-22T03:03:20","guid":{"rendered":"https:\/\/www.notibras.com\/site\/?p=303422"},"modified":"2023-04-22T02:05:23","modified_gmt":"2023-04-22T05:05:23","slug":"novos-candangos-madrugam-e-sonham-no-setor-comercial","status":"publish","type":"post","link":"https:\/\/www.notibras.com\/site\/novos-candangos-madrugam-e-sonham-no-setor-comercial\/","title":{"rendered":"Novos candangos madrugam e sonham no Setor Comercial"},"content":{"rendered":"<p>&#8211; Vamos comer, vamos comer. J\u00e1 \u00e9 meio-dia. Bora, Bras\u00edlia.<\/p>\n<p>A chamada \u00e9 um grito no meio da multid\u00e3o, que n\u00e3o s\u00e3o todos que podem obedecer. N\u00e3o \u00e9 por falta de fome. No centro comercial da capital, na Asa Sul, trabalhadores acordaram bem cedo, antes do c\u00e9u se acender. Por uns sonhos, por uns reais, por todas as realidades que os cercam. O hor\u00e1rio \u00e9 o de menos. N\u00e3o d\u00e1 para parar. O cliente chegou. Os novos candangos est\u00e3o no \u201ccorre\u201d.<\/p>\n<p>Que o diga o brasiliense Jo\u00e3o Wellington Batista, de 42 anos, motociclista de aplicativo, na ansiedade do pr\u00f3ximo som do celular, que avisa qual ser\u00e1 a pr\u00f3xima entrega. Nem o dedo enfaixado que ele lesionou, lavando a \u201cbicha\u201d (a companheira moto) com o motor ligado, faz com que ele d\u00ea um tempo do \u201ctrampo\u201d. \u201cNem pensar d\u00e1 pra parar. Tenho um filho de 13 anos para cuidar\u201d. Na rotina, sai de Samambaia, a 30 km dali, antes das 6h da matina. S\u00f3 volta para casa depois da meia-noite o filho de pais de Uberaba (MG) e Goi\u00e2nia (GO).<\/p>\n<p>Nem o dedo machucado faz com que o motociclista Jo\u0101o Wellington pare de trabalhar- Jo\u00e9dson Alves\/Ag\u00eancia Brasil<br \/>\nEle j\u00e1 passou por outros apertos. Joelho arranhado, bacia machucada. \u201cForam tr\u00eas acidentes nesses \u00faltimos tempos. O tr\u00e2nsito d\u00e1 medo mesmo\u201d. Mas n\u00e3o teve muita op\u00e7\u00e3o, desde que, em 2015, perdeu o emprego de porteiro, o \u00faltimo com carteira assinada. Ao lado de sua moto, outras aceleram ao primeiro som do celular. Os novos candangos est\u00e3o em meio a uma mistura de barulhos.<\/p>\n<p>Mistura tamb\u00e9m de cheiros e gostos. \u201cOlha o churrasquinho. Quentinho. Vamos almo\u00e7ar\u201d. Mas ainda n\u00e3o \u00e9 pro bico de Nathan Santiago, de 23 anos, que s\u00f3 vai poder montar a marmita depois das 14h30. Agora, tem que servir os outros. A fuma\u00e7a que sai das churrasqueiras sobe para o nariz e para os olhos, embalada pelo clima seco da capital.<\/p>\n<p>Nathan sai cedinho de Planaltina, a quase 60 km do centro. Tudo vale a pena. Sonha fazer um curso superior em gest\u00e3o de pessoas. Junto com ele, est\u00e1 no caixa do churrasquinho S\u00e1vio Silva, de 20, tamb\u00e9m planaltinense. \u201c\u00c9 uma correria dif\u00edcil\u201d. Menos dif\u00edcil, segundo ele, do que a aventura por qual passou o pai carpinteiro, que saiu de Floriano (PI) para tentar a vida na capital. Hoje deseja mesmo fazer faculdade de administra\u00e7\u00e3o. Enquanto pensam no futuro, ambos de m\u00e1scara, s\u00f3 tiram do rosto para tomar \u00e1gua em uma garrafa que j\u00e1 foi de refrigerante.<\/p>\n<p>Almo\u00e7ar tamb\u00e9m n\u00e3o \u00e9 a prioridade do goiano F\u00e1bio Ara\u00fajo, de 40 anos, que est\u00e1 no outro lado da rua. Ali\u00e1s, o comerciante administra dois neg\u00f3cios ao mesmo tempo: os docinhos em cima de uma mesa de pl\u00e1stico e a cadeira de engraxate. Foi lustrando os sapatos alheios que ele come\u00e7ou essa aventura de com\u00e9rcio de rua h\u00e1 16 anos. Para complementar renda, resolveu juntar pa\u00e7ocas, balas e bananada para ter mais moedinhas no final do dia. Qual vale mais a pena? \u201cOs dois. Importa que eu leve dinheiro para casa\u201d.<\/p>\n<p>A casa fica em Luzi\u00e2nia, a 60 km dali, o que faz com que ele desperte todos os dias \u00e0s 4h da manh\u00e3 para chegar ao centro de Bras\u00edlia, \u00e0s 7h. Afinal, a prioridade, nesse momento, \u00e9 o tratamento do filho mais velho, de 18 anos, que foi diagnosticado com l\u00fapus. Al\u00e9m dele, tem mais tr\u00eas filhos que precisam da aten\u00e7\u00e3o do pai. Todos na casa sonham um dia ter uma casa pr\u00f3pria. \u201cE sa\u00fade, para eu continuar trabalhando\u201d. A esposa tamb\u00e9m madruga. Faz dindim caseiro para vender em Luzi\u00e2nia.<\/p>\n<p>Entre as clientes dos docinhos de F\u00e1bio, a pernambucana Aline dos Santos, de 22 anos, que trabalha como auxiliar de servi\u00e7os gerais em uma empresa do centro, comemora ter registro em carteira.<\/p>\n<p>Tal e qual sonharam os pais, um pintor e uma empregada dom\u00e9stica, desde quando sa\u00edram de Arcoverde (PE) para se instalar em Ceil\u00e2ndia, a maior regi\u00e3o administrativa do Distrito Federal e que tem 60% da popula\u00e7\u00e3o, cerca de 140 mil pessoas nascidas no Nordeste. Outros 130 mil s\u00e3o descendentes diretos de pais daquela regi\u00e3o.<\/p>\n<p>Aline entra no servi\u00e7o \u00e0s 7h, o que faz com que madrugue no \u00f4nibus. \u201cSonho estudar mais e passar em um concurso da pol\u00edcia\u201d. Mas ainda precisa recuperar o tempo passado e terminar o ensino m\u00e9dio.<\/p>\n<p><strong>Hist\u00f3ria de exclus\u00e3o<\/strong><br \/>\nSonhos leg\u00edtimos, apagamentos da hist\u00f3ria de trabalhadores da capital, rea\u00e7\u00f5es sociais\u2026. Para o historiador Guilherme Lemos, a Bras\u00edlia do ano de 2023 guarda caminhos de segrega\u00e7\u00e3o e racismo, como ocorreram desde a sua constru\u00e7\u00e3o.<\/p>\n<p>Ele cita um epis\u00f3dio ocorrido em abril de 1962, quando os trabalhadores Gildemar Marques, de 19 anos, nascido em Bom Jesus (PI), e Expedito Xavier Gomes, de 27, de Ipu (CE) morreram em um canteiro de obras da Universidade de Bras\u00edlia. O fato foi tamb\u00e9m objeto de pesquisa de doutorado de Guilherme Lemos na tese \u201cNo dilacerar do concreto (leia aqui). Saiba tamb\u00e9m sobre as provid\u00eancia da Justi\u00e7a do DF para repara\u00e7\u00e3o das fam\u00edlias das v\u00edtimas\u201d.<\/p>\n<p>Em &#8220;homenagem&#8221; \u00e0s v\u00edtimas, o audit\u00f3rio da universidade ganhou o nome de Dois Candangos, e n\u00e3o o nome deles.\u201d A minha quest\u00e3o era justamente como que esse nome candangos acabou apagando essa hist\u00f3ria do Brasil\u201d, explicou.<\/p>\n<p>O pesquisador chama aten\u00e7\u00e3o que se trata da hist\u00f3ria de uma segunda gera\u00e7\u00e3o de trabalhadores de um Brasil p\u00f3s-aboli\u00e7\u00e3o. O concreto da obra serviu, ent\u00e3o, conforme o pesquisador, com a monumentaliza\u00e7\u00e3o que \u00e9 Bras\u00edlia, para ocultar esse passado do Brasil escravista. Um Brasil teoricamente disposto a n\u00e3o tratar do passado e at\u00e9 a escond\u00ea-lo.<\/p>\n<p>\u201cEssa monumentaliza\u00e7\u00e3o gera um apagamento da mem\u00f3ria desses homens. Um passado que \u00e9 de viol\u00eancia e romantiza\u00e7\u00e3o na tentativa de esquecimento\u201d.<\/p>\n<p><strong>&#8220;Vim como mucama&#8221;<\/strong><br \/>\nNo presente da capital, o centro comercial traz hist\u00f3rias de recome\u00e7o. Como \u00e9 o caso da ambulante Silvana Alves, de 43 anos, que vende roupas em uma barraca. Ela, que \u00e9 da cidade de Piracuruca (PI), mudou sozinha para Bras\u00edlia h\u00e1 cerca de 25 anos. \u201cVim para c\u00e1 com menos de 18 anos de idade como mucama para fazer servi\u00e7os dom\u00e9sticos. N\u00e3o deu para estudar. Desde crian\u00e7a, vivia na ro\u00e7a. Hoje, consigo ajudar minha m\u00e3e que continua l\u00e1. Vou a S\u00e3o Paulo periodicamente para comprar os vestidos, blusas e casacos para ganhar alguma coisa\u201d.<\/p>\n<p>Na Feira do Pedregal, no Novo Gama, ela conheceu o marido Rubens Martins, de 31 anos, que vendia bijuterias, e nasceu em Niquel\u00e2ndia (GO). Resolveram juntar as esperan\u00e7as e os varais de produtos. \u201cSomos dois candangos\u201d, diz ela.<\/p>\n<p>De frente \u00e0 barraca de roupas, tr\u00eas pessoas est\u00e3o em volta de uma caixa de isopor com marmitas: Thaynara Alves, de 34, o marido Wender Soares, de 49, que tamb\u00e9m \u00e9 taxista, e a filha de cinco meses. \u201cEla \u00e9 a \u00fanica que n\u00e3o pode ficar sem comer. A gente consegue\u201d, diz Thaynara, que sonha mesmo ser profissional de sa\u00fade.<\/p>\n<p>Na hora do almo\u00e7o, s\u00f3 quem tem o hor\u00e1rio respeitado \u00e9 a filha de cinco meses. Jo\u00e9dson Alves\/Ag\u00eancia Brasil<br \/>\nHoje, ela cursa enfermagem \u00e0 noite, perto de onde mora, em Luzi\u00e2nia (GO). Procura voltar r\u00e1pido para casa de forma que o marido possa descansar. Afinal, atende os clientes a partir das 3h da madrugada. \u201cO meu filho mais velho me jurou que vai fazer faculdade para realizar meu sonho. Queremos o mesmo para a nossa beb\u00ea, que ela goste de viver aqui\u201d, explicou.<\/p>\n","protected":false},"excerpt":{"rendered":"<p>&#8211; Vamos comer, vamos comer. J\u00e1 \u00e9 meio-dia. Bora, Bras\u00edlia. A chamada \u00e9 um grito no meio da multid\u00e3o, que n\u00e3o s\u00e3o todos que podem obedecer. N\u00e3o \u00e9 por falta de fome. No centro comercial da capital, na Asa Sul, trabalhadores acordaram bem cedo, antes do c\u00e9u se acender. Por uns sonhos, por uns reais, [&hellip;]<\/p>\n","protected":false},"author":2,"featured_media":303423,"comment_status":"closed","ping_status":"closed","sticky":false,"template":"","format":"standard","meta":{"_acf_changed":false,"footnotes":""},"categories":[161],"tags":[],"class_list":["post-303422","post","type-post","status-publish","format-standard","has-post-thumbnail","hentry","category-quadradinho-em-foco"],"acf":[],"yoast_head":"<!-- This site is optimized with the Yoast SEO plugin v27.2 - https:\/\/yoast.com\/product\/yoast-seo-wordpress\/ -->\n<title>Novos candangos madrugam e sonham no Setor Comercial - Notibras<\/title>\n<meta name=\"robots\" content=\"index, follow, max-snippet:-1, max-image-preview:large, max-video-preview:-1\" \/>\n<link rel=\"canonical\" href=\"https:\/\/www.notibras.com\/site\/novos-candangos-madrugam-e-sonham-no-setor-comercial\/\" \/>\n<meta property=\"og:locale\" content=\"pt_BR\" \/>\n<meta property=\"og:type\" content=\"article\" \/>\n<meta property=\"og:title\" content=\"Novos candangos madrugam e sonham no Setor Comercial - Notibras\" \/>\n<meta property=\"og:description\" content=\"&#8211; Vamos comer, vamos comer. J\u00e1 \u00e9 meio-dia. Bora, Bras\u00edlia. A chamada \u00e9 um grito no meio da multid\u00e3o, que n\u00e3o s\u00e3o todos que podem obedecer. N\u00e3o \u00e9 por falta de fome. No centro comercial da capital, na Asa Sul, trabalhadores acordaram bem cedo, antes do c\u00e9u se acender. Por uns sonhos, por uns reais, [&hellip;]\" \/>\n<meta property=\"og:url\" content=\"https:\/\/www.notibras.com\/site\/novos-candangos-madrugam-e-sonham-no-setor-comercial\/\" \/>\n<meta property=\"og:site_name\" content=\"Notibras\" \/>\n<meta property=\"article:publisher\" content=\"https:\/\/www.facebook.com\/notibras\/\" \/>\n<meta property=\"article:published_time\" content=\"2023-04-22T03:03:20+00:00\" \/>\n<meta property=\"article:modified_time\" content=\"2023-04-22T05:05:23+00:00\" \/>\n<meta property=\"og:image\" content=\"https:\/\/www.notibras.com\/site\/wp-content\/uploads\/2023\/04\/novods-cvandangos.jpg\" \/>\n\t<meta property=\"og:image:width\" content=\"1170\" \/>\n\t<meta property=\"og:image:height\" content=\"700\" \/>\n\t<meta property=\"og:image:type\" content=\"image\/jpeg\" \/>\n<meta name=\"author\" content=\"Reda\u00e7\u00e3o\" \/>\n<meta name=\"twitter:card\" content=\"summary_large_image\" \/>\n<meta name=\"twitter:creator\" content=\"@Notibras\" \/>\n<meta name=\"twitter:site\" content=\"@Notibras\" \/>\n<meta name=\"twitter:label1\" content=\"Escrito por\" \/>\n\t<meta name=\"twitter:data1\" content=\"Reda\u00e7\u00e3o\" \/>\n\t<meta name=\"twitter:label2\" content=\"Est. tempo de leitura\" \/>\n\t<meta name=\"twitter:data2\" content=\"7 minutos\" \/>\n<script type=\"application\/ld+json\" class=\"yoast-schema-graph\">{\"@context\":\"https:\/\/schema.org\",\"@graph\":[{\"@type\":\"Article\",\"@id\":\"https:\/\/www.notibras.com\/site\/novos-candangos-madrugam-e-sonham-no-setor-comercial\/#article\",\"isPartOf\":{\"@id\":\"https:\/\/www.notibras.com\/site\/novos-candangos-madrugam-e-sonham-no-setor-comercial\/\"},\"author\":{\"name\":\"Reda\u00e7\u00e3o\",\"@id\":\"https:\/\/www.notibras.com\/site\/#\/schema\/person\/36ab0979449956132d3e5b517ea76ac8\"},\"headline\":\"Novos candangos madrugam e sonham no Setor Comercial\",\"datePublished\":\"2023-04-22T03:03:20+00:00\",\"dateModified\":\"2023-04-22T05:05:23+00:00\",\"mainEntityOfPage\":{\"@id\":\"https:\/\/www.notibras.com\/site\/novos-candangos-madrugam-e-sonham-no-setor-comercial\/\"},\"wordCount\":1312,\"publisher\":{\"@id\":\"https:\/\/www.notibras.com\/site\/#organization\"},\"image\":{\"@id\":\"https:\/\/www.notibras.com\/site\/novos-candangos-madrugam-e-sonham-no-setor-comercial\/#primaryimage\"},\"thumbnailUrl\":\"https:\/\/www.notibras.com\/site\/wp-content\/uploads\/2023\/04\/novods-cvandangos.jpg\",\"articleSection\":[\"Quadradinho em Foco\"],\"inLanguage\":\"pt-BR\"},{\"@type\":\"WebPage\",\"@id\":\"https:\/\/www.notibras.com\/site\/novos-candangos-madrugam-e-sonham-no-setor-comercial\/\",\"url\":\"https:\/\/www.notibras.com\/site\/novos-candangos-madrugam-e-sonham-no-setor-comercial\/\",\"name\":\"Novos candangos madrugam e sonham no Setor Comercial - Notibras\",\"isPartOf\":{\"@id\":\"https:\/\/www.notibras.com\/site\/#website\"},\"primaryImageOfPage\":{\"@id\":\"https:\/\/www.notibras.com\/site\/novos-candangos-madrugam-e-sonham-no-setor-comercial\/#primaryimage\"},\"image\":{\"@id\":\"https:\/\/www.notibras.com\/site\/novos-candangos-madrugam-e-sonham-no-setor-comercial\/#primaryimage\"},\"thumbnailUrl\":\"https:\/\/www.notibras.com\/site\/wp-content\/uploads\/2023\/04\/novods-cvandangos.jpg\",\"datePublished\":\"2023-04-22T03:03:20+00:00\",\"dateModified\":\"2023-04-22T05:05:23+00:00\",\"breadcrumb\":{\"@id\":\"https:\/\/www.notibras.com\/site\/novos-candangos-madrugam-e-sonham-no-setor-comercial\/#breadcrumb\"},\"inLanguage\":\"pt-BR\",\"potentialAction\":[{\"@type\":\"ReadAction\",\"target\":[\"https:\/\/www.notibras.com\/site\/novos-candangos-madrugam-e-sonham-no-setor-comercial\/\"]}]},{\"@type\":\"ImageObject\",\"inLanguage\":\"pt-BR\",\"@id\":\"https:\/\/www.notibras.com\/site\/novos-candangos-madrugam-e-sonham-no-setor-comercial\/#primaryimage\",\"url\":\"https:\/\/www.notibras.com\/site\/wp-content\/uploads\/2023\/04\/novods-cvandangos.jpg\",\"contentUrl\":\"https:\/\/www.notibras.com\/site\/wp-content\/uploads\/2023\/04\/novods-cvandangos.jpg\",\"width\":1170,\"height\":700},{\"@type\":\"BreadcrumbList\",\"@id\":\"https:\/\/www.notibras.com\/site\/novos-candangos-madrugam-e-sonham-no-setor-comercial\/#breadcrumb\",\"itemListElement\":[{\"@type\":\"ListItem\",\"position\":1,\"name\":\"In\u00edcio\",\"item\":\"https:\/\/www.notibras.com\/site\/\"},{\"@type\":\"ListItem\",\"position\":2,\"name\":\"Novos candangos madrugam e sonham no Setor Comercial\"}]},{\"@type\":\"WebSite\",\"@id\":\"https:\/\/www.notibras.com\/site\/#website\",\"url\":\"https:\/\/www.notibras.com\/site\/\",\"name\":\"Notibras\",\"description\":\"Not\u00edcias de Bras\u00edlia, do Brasil e do Mundo\",\"publisher\":{\"@id\":\"https:\/\/www.notibras.com\/site\/#organization\"},\"potentialAction\":[{\"@type\":\"SearchAction\",\"target\":{\"@type\":\"EntryPoint\",\"urlTemplate\":\"https:\/\/www.notibras.com\/site\/?s={search_term_string}\"},\"query-input\":{\"@type\":\"PropertyValueSpecification\",\"valueRequired\":true,\"valueName\":\"search_term_string\"}}],\"inLanguage\":\"pt-BR\"},{\"@type\":\"Organization\",\"@id\":\"https:\/\/www.notibras.com\/site\/#organization\",\"name\":\"Grupo Notibras de Comunica\u00e7\u00e3o\",\"url\":\"https:\/\/www.notibras.com\/site\/\",\"logo\":{\"@type\":\"ImageObject\",\"inLanguage\":\"pt-BR\",\"@id\":\"https:\/\/www.notibras.com\/site\/#\/schema\/logo\/image\/\",\"url\":\"https:\/\/www.notibras.com\/site\/wp-content\/uploads\/2023\/01\/notibras23.png\",\"contentUrl\":\"https:\/\/www.notibras.com\/site\/wp-content\/uploads\/2023\/01\/notibras23.png\",\"width\":350,\"height\":87,\"caption\":\"Grupo Notibras de Comunica\u00e7\u00e3o\"},\"image\":{\"@id\":\"https:\/\/www.notibras.com\/site\/#\/schema\/logo\/image\/\"},\"sameAs\":[\"https:\/\/www.facebook.com\/notibras\/\",\"https:\/\/x.com\/Notibras\",\"https:\/\/www.instagram.com\/notibras\/\"]},{\"@type\":\"Person\",\"@id\":\"https:\/\/www.notibras.com\/site\/#\/schema\/person\/36ab0979449956132d3e5b517ea76ac8\",\"name\":\"Reda\u00e7\u00e3o\",\"image\":{\"@type\":\"ImageObject\",\"inLanguage\":\"pt-BR\",\"@id\":\"https:\/\/secure.gravatar.com\/avatar\/e0a867bdedb85fd243eadf09663511f96fc81e0720a4a42581f334ad4303aa6b?s=96&d=mm&r=g\",\"url\":\"https:\/\/secure.gravatar.com\/avatar\/e0a867bdedb85fd243eadf09663511f96fc81e0720a4a42581f334ad4303aa6b?s=96&d=mm&r=g\",\"contentUrl\":\"https:\/\/secure.gravatar.com\/avatar\/e0a867bdedb85fd243eadf09663511f96fc81e0720a4a42581f334ad4303aa6b?s=96&d=mm&r=g\",\"caption\":\"Reda\u00e7\u00e3o\"}}]}<\/script>\n<!-- \/ Yoast SEO plugin. -->","yoast_head_json":{"title":"Novos candangos madrugam e sonham no Setor Comercial - Notibras","robots":{"index":"index","follow":"follow","max-snippet":"max-snippet:-1","max-image-preview":"max-image-preview:large","max-video-preview":"max-video-preview:-1"},"canonical":"https:\/\/www.notibras.com\/site\/novos-candangos-madrugam-e-sonham-no-setor-comercial\/","og_locale":"pt_BR","og_type":"article","og_title":"Novos candangos madrugam e sonham no Setor Comercial - Notibras","og_description":"&#8211; Vamos comer, vamos comer. J\u00e1 \u00e9 meio-dia. Bora, Bras\u00edlia. A chamada \u00e9 um grito no meio da multid\u00e3o, que n\u00e3o s\u00e3o todos que podem obedecer. N\u00e3o \u00e9 por falta de fome. No centro comercial da capital, na Asa Sul, trabalhadores acordaram bem cedo, antes do c\u00e9u se acender. Por uns sonhos, por uns reais, [&hellip;]","og_url":"https:\/\/www.notibras.com\/site\/novos-candangos-madrugam-e-sonham-no-setor-comercial\/","og_site_name":"Notibras","article_publisher":"https:\/\/www.facebook.com\/notibras\/","article_published_time":"2023-04-22T03:03:20+00:00","article_modified_time":"2023-04-22T05:05:23+00:00","og_image":[{"width":1170,"height":700,"url":"https:\/\/www.notibras.com\/site\/wp-content\/uploads\/2023\/04\/novods-cvandangos.jpg","type":"image\/jpeg"}],"author":"Reda\u00e7\u00e3o","twitter_card":"summary_large_image","twitter_creator":"@Notibras","twitter_site":"@Notibras","twitter_misc":{"Escrito por":"Reda\u00e7\u00e3o","Est. tempo de leitura":"7 minutos"},"schema":{"@context":"https:\/\/schema.org","@graph":[{"@type":"Article","@id":"https:\/\/www.notibras.com\/site\/novos-candangos-madrugam-e-sonham-no-setor-comercial\/#article","isPartOf":{"@id":"https:\/\/www.notibras.com\/site\/novos-candangos-madrugam-e-sonham-no-setor-comercial\/"},"author":{"name":"Reda\u00e7\u00e3o","@id":"https:\/\/www.notibras.com\/site\/#\/schema\/person\/36ab0979449956132d3e5b517ea76ac8"},"headline":"Novos candangos madrugam e sonham no Setor Comercial","datePublished":"2023-04-22T03:03:20+00:00","dateModified":"2023-04-22T05:05:23+00:00","mainEntityOfPage":{"@id":"https:\/\/www.notibras.com\/site\/novos-candangos-madrugam-e-sonham-no-setor-comercial\/"},"wordCount":1312,"publisher":{"@id":"https:\/\/www.notibras.com\/site\/#organization"},"image":{"@id":"https:\/\/www.notibras.com\/site\/novos-candangos-madrugam-e-sonham-no-setor-comercial\/#primaryimage"},"thumbnailUrl":"https:\/\/www.notibras.com\/site\/wp-content\/uploads\/2023\/04\/novods-cvandangos.jpg","articleSection":["Quadradinho em Foco"],"inLanguage":"pt-BR"},{"@type":"WebPage","@id":"https:\/\/www.notibras.com\/site\/novos-candangos-madrugam-e-sonham-no-setor-comercial\/","url":"https:\/\/www.notibras.com\/site\/novos-candangos-madrugam-e-sonham-no-setor-comercial\/","name":"Novos candangos madrugam e sonham no Setor Comercial - Notibras","isPartOf":{"@id":"https:\/\/www.notibras.com\/site\/#website"},"primaryImageOfPage":{"@id":"https:\/\/www.notibras.com\/site\/novos-candangos-madrugam-e-sonham-no-setor-comercial\/#primaryimage"},"image":{"@id":"https:\/\/www.notibras.com\/site\/novos-candangos-madrugam-e-sonham-no-setor-comercial\/#primaryimage"},"thumbnailUrl":"https:\/\/www.notibras.com\/site\/wp-content\/uploads\/2023\/04\/novods-cvandangos.jpg","datePublished":"2023-04-22T03:03:20+00:00","dateModified":"2023-04-22T05:05:23+00:00","breadcrumb":{"@id":"https:\/\/www.notibras.com\/site\/novos-candangos-madrugam-e-sonham-no-setor-comercial\/#breadcrumb"},"inLanguage":"pt-BR","potentialAction":[{"@type":"ReadAction","target":["https:\/\/www.notibras.com\/site\/novos-candangos-madrugam-e-sonham-no-setor-comercial\/"]}]},{"@type":"ImageObject","inLanguage":"pt-BR","@id":"https:\/\/www.notibras.com\/site\/novos-candangos-madrugam-e-sonham-no-setor-comercial\/#primaryimage","url":"https:\/\/www.notibras.com\/site\/wp-content\/uploads\/2023\/04\/novods-cvandangos.jpg","contentUrl":"https:\/\/www.notibras.com\/site\/wp-content\/uploads\/2023\/04\/novods-cvandangos.jpg","width":1170,"height":700},{"@type":"BreadcrumbList","@id":"https:\/\/www.notibras.com\/site\/novos-candangos-madrugam-e-sonham-no-setor-comercial\/#breadcrumb","itemListElement":[{"@type":"ListItem","position":1,"name":"In\u00edcio","item":"https:\/\/www.notibras.com\/site\/"},{"@type":"ListItem","position":2,"name":"Novos candangos madrugam e sonham no Setor Comercial"}]},{"@type":"WebSite","@id":"https:\/\/www.notibras.com\/site\/#website","url":"https:\/\/www.notibras.com\/site\/","name":"Notibras","description":"Not\u00edcias de Bras\u00edlia, do Brasil e do Mundo","publisher":{"@id":"https:\/\/www.notibras.com\/site\/#organization"},"potentialAction":[{"@type":"SearchAction","target":{"@type":"EntryPoint","urlTemplate":"https:\/\/www.notibras.com\/site\/?s={search_term_string}"},"query-input":{"@type":"PropertyValueSpecification","valueRequired":true,"valueName":"search_term_string"}}],"inLanguage":"pt-BR"},{"@type":"Organization","@id":"https:\/\/www.notibras.com\/site\/#organization","name":"Grupo Notibras de Comunica\u00e7\u00e3o","url":"https:\/\/www.notibras.com\/site\/","logo":{"@type":"ImageObject","inLanguage":"pt-BR","@id":"https:\/\/www.notibras.com\/site\/#\/schema\/logo\/image\/","url":"https:\/\/www.notibras.com\/site\/wp-content\/uploads\/2023\/01\/notibras23.png","contentUrl":"https:\/\/www.notibras.com\/site\/wp-content\/uploads\/2023\/01\/notibras23.png","width":350,"height":87,"caption":"Grupo Notibras de Comunica\u00e7\u00e3o"},"image":{"@id":"https:\/\/www.notibras.com\/site\/#\/schema\/logo\/image\/"},"sameAs":["https:\/\/www.facebook.com\/notibras\/","https:\/\/x.com\/Notibras","https:\/\/www.instagram.com\/notibras\/"]},{"@type":"Person","@id":"https:\/\/www.notibras.com\/site\/#\/schema\/person\/36ab0979449956132d3e5b517ea76ac8","name":"Reda\u00e7\u00e3o","image":{"@type":"ImageObject","inLanguage":"pt-BR","@id":"https:\/\/secure.gravatar.com\/avatar\/e0a867bdedb85fd243eadf09663511f96fc81e0720a4a42581f334ad4303aa6b?s=96&d=mm&r=g","url":"https:\/\/secure.gravatar.com\/avatar\/e0a867bdedb85fd243eadf09663511f96fc81e0720a4a42581f334ad4303aa6b?s=96&d=mm&r=g","contentUrl":"https:\/\/secure.gravatar.com\/avatar\/e0a867bdedb85fd243eadf09663511f96fc81e0720a4a42581f334ad4303aa6b?s=96&d=mm&r=g","caption":"Reda\u00e7\u00e3o"}}]}},"amp_enabled":true,"_links":{"self":[{"href":"https:\/\/www.notibras.com\/site\/wp-json\/wp\/v2\/posts\/303422","targetHints":{"allow":["GET"]}}],"collection":[{"href":"https:\/\/www.notibras.com\/site\/wp-json\/wp\/v2\/posts"}],"about":[{"href":"https:\/\/www.notibras.com\/site\/wp-json\/wp\/v2\/types\/post"}],"author":[{"embeddable":true,"href":"https:\/\/www.notibras.com\/site\/wp-json\/wp\/v2\/users\/2"}],"replies":[{"embeddable":true,"href":"https:\/\/www.notibras.com\/site\/wp-json\/wp\/v2\/comments?post=303422"}],"version-history":[{"count":1,"href":"https:\/\/www.notibras.com\/site\/wp-json\/wp\/v2\/posts\/303422\/revisions"}],"predecessor-version":[{"id":303424,"href":"https:\/\/www.notibras.com\/site\/wp-json\/wp\/v2\/posts\/303422\/revisions\/303424"}],"wp:featuredmedia":[{"embeddable":true,"href":"https:\/\/www.notibras.com\/site\/wp-json\/wp\/v2\/media\/303423"}],"wp:attachment":[{"href":"https:\/\/www.notibras.com\/site\/wp-json\/wp\/v2\/media?parent=303422"}],"wp:term":[{"taxonomy":"category","embeddable":true,"href":"https:\/\/www.notibras.com\/site\/wp-json\/wp\/v2\/categories?post=303422"},{"taxonomy":"post_tag","embeddable":true,"href":"https:\/\/www.notibras.com\/site\/wp-json\/wp\/v2\/tags?post=303422"}],"curies":[{"name":"wp","href":"https:\/\/api.w.org\/{rel}","templated":true}]}}