{"id":303425,"date":"2023-04-22T00:11:33","date_gmt":"2023-04-22T03:11:33","guid":{"rendered":"https:\/\/www.notibras.com\/site\/?p=303425"},"modified":"2023-04-22T02:11:52","modified_gmt":"2023-04-22T05:11:52","slug":"acesso-a-saude-e-mais-dificil-para-pessoas-lgbtqia","status":"publish","type":"post","link":"https:\/\/www.notibras.com\/site\/acesso-a-saude-e-mais-dificil-para-pessoas-lgbtqia\/","title":{"rendered":"Acesso \u00e0 sa\u00fade \u00e9 mais dif\u00edcil para pessoas LGBTQIA+"},"content":{"rendered":"<p>:<br \/>\nEstudo revela que pessoas com idade a partir de 50 anos que pertencem \u00e0 comunidade LGBTQIA+ t\u00eam atendimento de sa\u00fade pior do que a parcela de mesma faixa et\u00e1ria que n\u00e3o faz parte desse grupo. A situa\u00e7\u00e3o \u00e9 a mesma tanto na redes privada quanto no Sistema \u00danico de Sa\u00fade (SUS), revela estudo de pesquisadores do Hospital Albert Einstein, da Faculdade de Medicina da Universidade de S\u00e3o Paulo (USP e Universidade de S\u00e3o Caetano do Sul, publicado na revista cient\u00edfica Clinics.<\/p>\n<p>Os pesquisadores destacam que 31% do grupo LGBTQIA+ est\u00e3o na pior faixa de acesso \u00e0 sa\u00fade no pa\u00eds, enquanto a propor\u00e7\u00e3o entre a popula\u00e7\u00e3o que n\u00e3o est\u00e1 nesse grupo \u00e9 de 18%. Para chegar aos resultados, a equipe analisou as respostas de 6.693 pessoas de todo o Brasil em um question\u00e1rio online, que p\u00f4de ser preenchido anonimamente. Ao todo, 1.332 dos participantes se identificaram como LGBTQIA+.<\/p>\n<p>Com a compara\u00e7\u00e3o de respostas, observou-se que 74% das mulheres heterossexuais relataram ter feito pelo menos uma mamografia na vida. Ao mesmo tempo, a propor\u00e7\u00e3o de mulheres com identidade de g\u00eanero ou orienta\u00e7\u00e3o sexual que as encaixa na sigla LGBTQIA+ era de apenas 40%, o que evidencia a disparidade em rela\u00e7\u00e3o aos cuidados com a sa\u00fade e pode indicar ainda dificuldades, por parte desse grupo de realizar exames.<\/p>\n<p>Desn\u00edvel semelhante pode ser observado em outro dado: o de triagem preventiva para c\u00e2ncer de colo de \u00fatero, entre pessoas que se identificam como mulheres cisg\u00eanero. A porcentagem de heterossexuais que realizou o exame foi de 73%, contra 39% de LGBTQIA+.<\/p>\n<p>Quanto ao exame preventivo de c\u00e2ncer de intestino, tamb\u00e9m entre mulheres cisg\u00eanero, a discrep\u00e2ncia \u00e9 menor, mas existe. No total, 57% de mulheres afirmaram ter feito o exame em algum momento, n\u00famero que cai para 50% entre as LGBTQIA+.<\/p>\n<p>Segundo os autores do trabalho, um dado relevante \u00e9 que mais da metade (53%) do grupo n\u00e3o acredita, ou n\u00e3o sabe, que os m\u00e9dicos saibam lidar com as particularidades de sua sa\u00fade. Al\u00e9m disso, 34% dos que responderam ao question\u00e1rio acreditam que os profissionais que os atenderam n\u00e3o conheciam sua identidade de g\u00eanero ou orienta\u00e7\u00e3o sexual, fato que pode mostrar como h\u00e1 assuntos relevantes para o diagn\u00f3stico e o tratamento que ainda s\u00e3o tabu.<\/p>\n<p>&#8220;A partir do momento em que a gente conhece essa realidade, refor\u00e7a a import\u00e2ncia de eliminar as desigualdades, as barreiras de acesso&#8221;, afirma Milton Crenitte, um dos autores da pesquisa e geriatra do Hospital Israelita Albert Einstein. O hospital j\u00e1 desenvolve protocolos e a\u00e7\u00f5es espec\u00edficas para os pacientes LGBTQIA+, desde a cria\u00e7\u00e3o do Grupo M\u00e9dico Assistencial voltado a esse p\u00fablico.<\/p>\n<p>Para Crenitte, um dos equ\u00edvocos que mais influenciam a forma como os profissionais de sa\u00fade encaram especificamente esse grupo \u00e9 limitar os cuidados a infec\u00e7\u00f5es sexualmente transmiss\u00edveis (ISTs), o que se explica pelo estigma da d\u00e9cada de 1980, quando teve in\u00edcio o ester\u00f3tipo que associou homossexualidade ao HIV, que permanece at\u00e9 hoje, de certo modo.<\/p>\n<p>&#8220;Muitas vezes, a sa\u00fade LGBT foi tratada apenas nas pol\u00edticas de preven\u00e7\u00e3o ao HIV e a outras ISTs. Ent\u00e3o, o que acho que a geriatria tem para contribuir nessa seara do envelhecimento LGBTQIA+ \u00e9 entender que vai al\u00e9m disso. \u00c9 preciso acolher essas pessoas, fazer com que elas entrem nos nossos cen\u00e1rios de pr\u00e1tica, nos nossos servi\u00e7os de sa\u00fade, para tratar press\u00e3o alta, diabetes, fazer atividade f\u00edsica, tratar de sa\u00fade mental e tamb\u00e9m falar de HIV e aids&#8221;, diz o geriatra.<\/p>\n<p>Crenitte destaca que um fato importante, hoje em dia, no cen\u00e1rio do HIV \u00e9 que a ci\u00eancia mudou muito e avan\u00e7ou muito no tratamento. \u201cMas, uma coisa que permanece, em 40 anos de epidemia de HIV, \u00e9 a sorofobia. Um espa\u00e7o que tamb\u00e9m precisa ser discutido \u00e9 o da discuss\u00e3o da sorofobia, que \u00e9 o preconceito contra quem vive com o v\u00edrus.&#8221;<\/p>\n<p>O receio de se tornarem alvos de LGBTQIAfobia em consult\u00f3rios ou hospitais faz, inclusive, com que muitas pessoas deixem de fazer acompanhamento e exames regulares e preventivos, o que pode acabar em diagn\u00f3stico de doen\u00e7as j\u00e1 em est\u00e1gio avan\u00e7ado, com poucas chances de tratamento eficaz. &#8220;Isso \u00e9 real. Muitas pessoas da comunidade LGBTQIA+, por medo de sofrer discrimina\u00e7\u00e3o ou por experi\u00eancias pr\u00e9vias negativas ou outras barreiras de acesso, que s\u00e3o in\u00fameras, deixam de procurar o servi\u00e7o&#8221;, afirma Crenitte.<\/p>\n<p>O m\u00e9dico ressalta ainda um dado da pesquisa que mostra que a maneira como o usu\u00e1rio percebe a disponibilidade do servi\u00e7o vai impactar na decis\u00e3o dela de sair, ou n\u00e3o, de casa para procurar ajuda. \u201cMuitas pessoas, em vez de fazer o cuidado preventivo, evitam e s\u00f3 acessam a sa\u00fade no momento da emerg\u00eancia, o que \u00e9 muito pior.&#8221;<\/p>\n","protected":false},"excerpt":{"rendered":"<p>: Estudo revela que pessoas com idade a partir de 50 anos que pertencem \u00e0 comunidade LGBTQIA+ t\u00eam atendimento de sa\u00fade pior do que a parcela de mesma faixa et\u00e1ria que n\u00e3o faz parte desse grupo. A situa\u00e7\u00e3o \u00e9 a mesma tanto na redes privada quanto no Sistema \u00danico de Sa\u00fade (SUS), revela estudo de [&hellip;]<\/p>\n","protected":false},"author":2,"featured_media":303426,"comment_status":"closed","ping_status":"closed","sticky":false,"template":"","format":"standard","meta":{"_acf_changed":false,"footnotes":""},"categories":[161],"tags":[],"class_list":["post-303425","post","type-post","status-publish","format-standard","has-post-thumbnail","hentry","category-quadradinho-em-foco"],"acf":[],"yoast_head":"<!-- This site is optimized with the Yoast SEO plugin v27.2 - https:\/\/yoast.com\/product\/yoast-seo-wordpress\/ -->\n<title>Acesso \u00e0 sa\u00fade \u00e9 mais dif\u00edcil para pessoas LGBTQIA+ - Notibras<\/title>\n<meta name=\"robots\" content=\"index, follow, max-snippet:-1, max-image-preview:large, max-video-preview:-1\" \/>\n<link rel=\"canonical\" href=\"https:\/\/www.notibras.com\/site\/acesso-a-saude-e-mais-dificil-para-pessoas-lgbtqia\/\" \/>\n<meta property=\"og:locale\" content=\"pt_BR\" \/>\n<meta property=\"og:type\" content=\"article\" \/>\n<meta property=\"og:title\" content=\"Acesso \u00e0 sa\u00fade \u00e9 mais dif\u00edcil para pessoas LGBTQIA+ - Notibras\" \/>\n<meta property=\"og:description\" content=\": Estudo revela que pessoas com idade a partir de 50 anos que pertencem \u00e0 comunidade LGBTQIA+ t\u00eam atendimento de sa\u00fade pior do que a parcela de mesma faixa et\u00e1ria que n\u00e3o faz parte desse grupo. A situa\u00e7\u00e3o \u00e9 a mesma tanto na redes privada quanto no Sistema \u00danico de Sa\u00fade (SUS), revela estudo de [&hellip;]\" \/>\n<meta property=\"og:url\" content=\"https:\/\/www.notibras.com\/site\/acesso-a-saude-e-mais-dificil-para-pessoas-lgbtqia\/\" \/>\n<meta property=\"og:site_name\" content=\"Notibras\" \/>\n<meta property=\"article:publisher\" content=\"https:\/\/www.facebook.com\/notibras\/\" \/>\n<meta property=\"article:published_time\" content=\"2023-04-22T03:11:33+00:00\" \/>\n<meta property=\"article:modified_time\" content=\"2023-04-22T05:11:52+00:00\" \/>\n<meta property=\"og:image\" content=\"https:\/\/www.notibras.com\/site\/wp-content\/uploads\/2023\/04\/saude.lgbt_.jpg\" \/>\n\t<meta property=\"og:image:width\" content=\"1170\" \/>\n\t<meta property=\"og:image:height\" content=\"700\" \/>\n\t<meta property=\"og:image:type\" content=\"image\/jpeg\" \/>\n<meta name=\"author\" content=\"Reda\u00e7\u00e3o\" \/>\n<meta name=\"twitter:card\" content=\"summary_large_image\" \/>\n<meta name=\"twitter:creator\" content=\"@Notibras\" \/>\n<meta name=\"twitter:site\" content=\"@Notibras\" \/>\n<meta name=\"twitter:label1\" content=\"Escrito por\" \/>\n\t<meta name=\"twitter:data1\" content=\"Reda\u00e7\u00e3o\" \/>\n\t<meta name=\"twitter:label2\" content=\"Est. tempo de leitura\" \/>\n\t<meta name=\"twitter:data2\" content=\"5 minutos\" \/>\n<script type=\"application\/ld+json\" class=\"yoast-schema-graph\">{\"@context\":\"https:\/\/schema.org\",\"@graph\":[{\"@type\":\"Article\",\"@id\":\"https:\/\/www.notibras.com\/site\/acesso-a-saude-e-mais-dificil-para-pessoas-lgbtqia\/#article\",\"isPartOf\":{\"@id\":\"https:\/\/www.notibras.com\/site\/acesso-a-saude-e-mais-dificil-para-pessoas-lgbtqia\/\"},\"author\":{\"name\":\"Reda\u00e7\u00e3o\",\"@id\":\"https:\/\/www.notibras.com\/site\/#\/schema\/person\/36ab0979449956132d3e5b517ea76ac8\"},\"headline\":\"Acesso \u00e0 sa\u00fade \u00e9 mais dif\u00edcil para pessoas LGBTQIA+\",\"datePublished\":\"2023-04-22T03:11:33+00:00\",\"dateModified\":\"2023-04-22T05:11:52+00:00\",\"mainEntityOfPage\":{\"@id\":\"https:\/\/www.notibras.com\/site\/acesso-a-saude-e-mais-dificil-para-pessoas-lgbtqia\/\"},\"wordCount\":837,\"publisher\":{\"@id\":\"https:\/\/www.notibras.com\/site\/#organization\"},\"image\":{\"@id\":\"https:\/\/www.notibras.com\/site\/acesso-a-saude-e-mais-dificil-para-pessoas-lgbtqia\/#primaryimage\"},\"thumbnailUrl\":\"https:\/\/www.notibras.com\/site\/wp-content\/uploads\/2023\/04\/saude.lgbt_.jpg\",\"articleSection\":[\"Quadradinho em Foco\"],\"inLanguage\":\"pt-BR\"},{\"@type\":\"WebPage\",\"@id\":\"https:\/\/www.notibras.com\/site\/acesso-a-saude-e-mais-dificil-para-pessoas-lgbtqia\/\",\"url\":\"https:\/\/www.notibras.com\/site\/acesso-a-saude-e-mais-dificil-para-pessoas-lgbtqia\/\",\"name\":\"Acesso \u00e0 sa\u00fade \u00e9 mais dif\u00edcil para pessoas LGBTQIA+ - Notibras\",\"isPartOf\":{\"@id\":\"https:\/\/www.notibras.com\/site\/#website\"},\"primaryImageOfPage\":{\"@id\":\"https:\/\/www.notibras.com\/site\/acesso-a-saude-e-mais-dificil-para-pessoas-lgbtqia\/#primaryimage\"},\"image\":{\"@id\":\"https:\/\/www.notibras.com\/site\/acesso-a-saude-e-mais-dificil-para-pessoas-lgbtqia\/#primaryimage\"},\"thumbnailUrl\":\"https:\/\/www.notibras.com\/site\/wp-content\/uploads\/2023\/04\/saude.lgbt_.jpg\",\"datePublished\":\"2023-04-22T03:11:33+00:00\",\"dateModified\":\"2023-04-22T05:11:52+00:00\",\"breadcrumb\":{\"@id\":\"https:\/\/www.notibras.com\/site\/acesso-a-saude-e-mais-dificil-para-pessoas-lgbtqia\/#breadcrumb\"},\"inLanguage\":\"pt-BR\",\"potentialAction\":[{\"@type\":\"ReadAction\",\"target\":[\"https:\/\/www.notibras.com\/site\/acesso-a-saude-e-mais-dificil-para-pessoas-lgbtqia\/\"]}]},{\"@type\":\"ImageObject\",\"inLanguage\":\"pt-BR\",\"@id\":\"https:\/\/www.notibras.com\/site\/acesso-a-saude-e-mais-dificil-para-pessoas-lgbtqia\/#primaryimage\",\"url\":\"https:\/\/www.notibras.com\/site\/wp-content\/uploads\/2023\/04\/saude.lgbt_.jpg\",\"contentUrl\":\"https:\/\/www.notibras.com\/site\/wp-content\/uploads\/2023\/04\/saude.lgbt_.jpg\",\"width\":1170,\"height\":700,\"caption\":\"Rio de Janeiro - Postos de sa\u00fade amanhecem com filas para a vacina\u00e7\u00e3o contra a febre amarela. ( T\u00e2nia R\u00eago\/Ag\u00eancia Brasil)\"},{\"@type\":\"BreadcrumbList\",\"@id\":\"https:\/\/www.notibras.com\/site\/acesso-a-saude-e-mais-dificil-para-pessoas-lgbtqia\/#breadcrumb\",\"itemListElement\":[{\"@type\":\"ListItem\",\"position\":1,\"name\":\"In\u00edcio\",\"item\":\"https:\/\/www.notibras.com\/site\/\"},{\"@type\":\"ListItem\",\"position\":2,\"name\":\"Acesso \u00e0 sa\u00fade \u00e9 mais dif\u00edcil para pessoas LGBTQIA+\"}]},{\"@type\":\"WebSite\",\"@id\":\"https:\/\/www.notibras.com\/site\/#website\",\"url\":\"https:\/\/www.notibras.com\/site\/\",\"name\":\"Notibras\",\"description\":\"Not\u00edcias de Bras\u00edlia, do Brasil e do Mundo\",\"publisher\":{\"@id\":\"https:\/\/www.notibras.com\/site\/#organization\"},\"potentialAction\":[{\"@type\":\"SearchAction\",\"target\":{\"@type\":\"EntryPoint\",\"urlTemplate\":\"https:\/\/www.notibras.com\/site\/?s={search_term_string}\"},\"query-input\":{\"@type\":\"PropertyValueSpecification\",\"valueRequired\":true,\"valueName\":\"search_term_string\"}}],\"inLanguage\":\"pt-BR\"},{\"@type\":\"Organization\",\"@id\":\"https:\/\/www.notibras.com\/site\/#organization\",\"name\":\"Grupo Notibras de Comunica\u00e7\u00e3o\",\"url\":\"https:\/\/www.notibras.com\/site\/\",\"logo\":{\"@type\":\"ImageObject\",\"inLanguage\":\"pt-BR\",\"@id\":\"https:\/\/www.notibras.com\/site\/#\/schema\/logo\/image\/\",\"url\":\"https:\/\/www.notibras.com\/site\/wp-content\/uploads\/2023\/01\/notibras23.png\",\"contentUrl\":\"https:\/\/www.notibras.com\/site\/wp-content\/uploads\/2023\/01\/notibras23.png\",\"width\":350,\"height\":87,\"caption\":\"Grupo Notibras de Comunica\u00e7\u00e3o\"},\"image\":{\"@id\":\"https:\/\/www.notibras.com\/site\/#\/schema\/logo\/image\/\"},\"sameAs\":[\"https:\/\/www.facebook.com\/notibras\/\",\"https:\/\/x.com\/Notibras\",\"https:\/\/www.instagram.com\/notibras\/\"]},{\"@type\":\"Person\",\"@id\":\"https:\/\/www.notibras.com\/site\/#\/schema\/person\/36ab0979449956132d3e5b517ea76ac8\",\"name\":\"Reda\u00e7\u00e3o\",\"image\":{\"@type\":\"ImageObject\",\"inLanguage\":\"pt-BR\",\"@id\":\"https:\/\/secure.gravatar.com\/avatar\/e0a867bdedb85fd243eadf09663511f96fc81e0720a4a42581f334ad4303aa6b?s=96&d=mm&r=g\",\"url\":\"https:\/\/secure.gravatar.com\/avatar\/e0a867bdedb85fd243eadf09663511f96fc81e0720a4a42581f334ad4303aa6b?s=96&d=mm&r=g\",\"contentUrl\":\"https:\/\/secure.gravatar.com\/avatar\/e0a867bdedb85fd243eadf09663511f96fc81e0720a4a42581f334ad4303aa6b?s=96&d=mm&r=g\",\"caption\":\"Reda\u00e7\u00e3o\"}}]}<\/script>\n<!-- \/ Yoast SEO plugin. -->","yoast_head_json":{"title":"Acesso \u00e0 sa\u00fade \u00e9 mais dif\u00edcil para pessoas LGBTQIA+ - Notibras","robots":{"index":"index","follow":"follow","max-snippet":"max-snippet:-1","max-image-preview":"max-image-preview:large","max-video-preview":"max-video-preview:-1"},"canonical":"https:\/\/www.notibras.com\/site\/acesso-a-saude-e-mais-dificil-para-pessoas-lgbtqia\/","og_locale":"pt_BR","og_type":"article","og_title":"Acesso \u00e0 sa\u00fade \u00e9 mais dif\u00edcil para pessoas LGBTQIA+ - Notibras","og_description":": Estudo revela que pessoas com idade a partir de 50 anos que pertencem \u00e0 comunidade LGBTQIA+ t\u00eam atendimento de sa\u00fade pior do que a parcela de mesma faixa et\u00e1ria que n\u00e3o faz parte desse grupo. A situa\u00e7\u00e3o \u00e9 a mesma tanto na redes privada quanto no Sistema \u00danico de Sa\u00fade (SUS), revela estudo de [&hellip;]","og_url":"https:\/\/www.notibras.com\/site\/acesso-a-saude-e-mais-dificil-para-pessoas-lgbtqia\/","og_site_name":"Notibras","article_publisher":"https:\/\/www.facebook.com\/notibras\/","article_published_time":"2023-04-22T03:11:33+00:00","article_modified_time":"2023-04-22T05:11:52+00:00","og_image":[{"width":1170,"height":700,"url":"https:\/\/www.notibras.com\/site\/wp-content\/uploads\/2023\/04\/saude.lgbt_.jpg","type":"image\/jpeg"}],"author":"Reda\u00e7\u00e3o","twitter_card":"summary_large_image","twitter_creator":"@Notibras","twitter_site":"@Notibras","twitter_misc":{"Escrito por":"Reda\u00e7\u00e3o","Est. tempo de leitura":"5 minutos"},"schema":{"@context":"https:\/\/schema.org","@graph":[{"@type":"Article","@id":"https:\/\/www.notibras.com\/site\/acesso-a-saude-e-mais-dificil-para-pessoas-lgbtqia\/#article","isPartOf":{"@id":"https:\/\/www.notibras.com\/site\/acesso-a-saude-e-mais-dificil-para-pessoas-lgbtqia\/"},"author":{"name":"Reda\u00e7\u00e3o","@id":"https:\/\/www.notibras.com\/site\/#\/schema\/person\/36ab0979449956132d3e5b517ea76ac8"},"headline":"Acesso \u00e0 sa\u00fade \u00e9 mais dif\u00edcil para pessoas LGBTQIA+","datePublished":"2023-04-22T03:11:33+00:00","dateModified":"2023-04-22T05:11:52+00:00","mainEntityOfPage":{"@id":"https:\/\/www.notibras.com\/site\/acesso-a-saude-e-mais-dificil-para-pessoas-lgbtqia\/"},"wordCount":837,"publisher":{"@id":"https:\/\/www.notibras.com\/site\/#organization"},"image":{"@id":"https:\/\/www.notibras.com\/site\/acesso-a-saude-e-mais-dificil-para-pessoas-lgbtqia\/#primaryimage"},"thumbnailUrl":"https:\/\/www.notibras.com\/site\/wp-content\/uploads\/2023\/04\/saude.lgbt_.jpg","articleSection":["Quadradinho em Foco"],"inLanguage":"pt-BR"},{"@type":"WebPage","@id":"https:\/\/www.notibras.com\/site\/acesso-a-saude-e-mais-dificil-para-pessoas-lgbtqia\/","url":"https:\/\/www.notibras.com\/site\/acesso-a-saude-e-mais-dificil-para-pessoas-lgbtqia\/","name":"Acesso \u00e0 sa\u00fade \u00e9 mais dif\u00edcil para pessoas LGBTQIA+ - Notibras","isPartOf":{"@id":"https:\/\/www.notibras.com\/site\/#website"},"primaryImageOfPage":{"@id":"https:\/\/www.notibras.com\/site\/acesso-a-saude-e-mais-dificil-para-pessoas-lgbtqia\/#primaryimage"},"image":{"@id":"https:\/\/www.notibras.com\/site\/acesso-a-saude-e-mais-dificil-para-pessoas-lgbtqia\/#primaryimage"},"thumbnailUrl":"https:\/\/www.notibras.com\/site\/wp-content\/uploads\/2023\/04\/saude.lgbt_.jpg","datePublished":"2023-04-22T03:11:33+00:00","dateModified":"2023-04-22T05:11:52+00:00","breadcrumb":{"@id":"https:\/\/www.notibras.com\/site\/acesso-a-saude-e-mais-dificil-para-pessoas-lgbtqia\/#breadcrumb"},"inLanguage":"pt-BR","potentialAction":[{"@type":"ReadAction","target":["https:\/\/www.notibras.com\/site\/acesso-a-saude-e-mais-dificil-para-pessoas-lgbtqia\/"]}]},{"@type":"ImageObject","inLanguage":"pt-BR","@id":"https:\/\/www.notibras.com\/site\/acesso-a-saude-e-mais-dificil-para-pessoas-lgbtqia\/#primaryimage","url":"https:\/\/www.notibras.com\/site\/wp-content\/uploads\/2023\/04\/saude.lgbt_.jpg","contentUrl":"https:\/\/www.notibras.com\/site\/wp-content\/uploads\/2023\/04\/saude.lgbt_.jpg","width":1170,"height":700,"caption":"Rio de Janeiro - Postos de sa\u00fade amanhecem com filas para a vacina\u00e7\u00e3o contra a febre amarela. ( T\u00e2nia R\u00eago\/Ag\u00eancia Brasil)"},{"@type":"BreadcrumbList","@id":"https:\/\/www.notibras.com\/site\/acesso-a-saude-e-mais-dificil-para-pessoas-lgbtqia\/#breadcrumb","itemListElement":[{"@type":"ListItem","position":1,"name":"In\u00edcio","item":"https:\/\/www.notibras.com\/site\/"},{"@type":"ListItem","position":2,"name":"Acesso \u00e0 sa\u00fade \u00e9 mais dif\u00edcil para pessoas LGBTQIA+"}]},{"@type":"WebSite","@id":"https:\/\/www.notibras.com\/site\/#website","url":"https:\/\/www.notibras.com\/site\/","name":"Notibras","description":"Not\u00edcias de Bras\u00edlia, do Brasil e do Mundo","publisher":{"@id":"https:\/\/www.notibras.com\/site\/#organization"},"potentialAction":[{"@type":"SearchAction","target":{"@type":"EntryPoint","urlTemplate":"https:\/\/www.notibras.com\/site\/?s={search_term_string}"},"query-input":{"@type":"PropertyValueSpecification","valueRequired":true,"valueName":"search_term_string"}}],"inLanguage":"pt-BR"},{"@type":"Organization","@id":"https:\/\/www.notibras.com\/site\/#organization","name":"Grupo Notibras de Comunica\u00e7\u00e3o","url":"https:\/\/www.notibras.com\/site\/","logo":{"@type":"ImageObject","inLanguage":"pt-BR","@id":"https:\/\/www.notibras.com\/site\/#\/schema\/logo\/image\/","url":"https:\/\/www.notibras.com\/site\/wp-content\/uploads\/2023\/01\/notibras23.png","contentUrl":"https:\/\/www.notibras.com\/site\/wp-content\/uploads\/2023\/01\/notibras23.png","width":350,"height":87,"caption":"Grupo Notibras de Comunica\u00e7\u00e3o"},"image":{"@id":"https:\/\/www.notibras.com\/site\/#\/schema\/logo\/image\/"},"sameAs":["https:\/\/www.facebook.com\/notibras\/","https:\/\/x.com\/Notibras","https:\/\/www.instagram.com\/notibras\/"]},{"@type":"Person","@id":"https:\/\/www.notibras.com\/site\/#\/schema\/person\/36ab0979449956132d3e5b517ea76ac8","name":"Reda\u00e7\u00e3o","image":{"@type":"ImageObject","inLanguage":"pt-BR","@id":"https:\/\/secure.gravatar.com\/avatar\/e0a867bdedb85fd243eadf09663511f96fc81e0720a4a42581f334ad4303aa6b?s=96&d=mm&r=g","url":"https:\/\/secure.gravatar.com\/avatar\/e0a867bdedb85fd243eadf09663511f96fc81e0720a4a42581f334ad4303aa6b?s=96&d=mm&r=g","contentUrl":"https:\/\/secure.gravatar.com\/avatar\/e0a867bdedb85fd243eadf09663511f96fc81e0720a4a42581f334ad4303aa6b?s=96&d=mm&r=g","caption":"Reda\u00e7\u00e3o"}}]}},"amp_enabled":true,"_links":{"self":[{"href":"https:\/\/www.notibras.com\/site\/wp-json\/wp\/v2\/posts\/303425","targetHints":{"allow":["GET"]}}],"collection":[{"href":"https:\/\/www.notibras.com\/site\/wp-json\/wp\/v2\/posts"}],"about":[{"href":"https:\/\/www.notibras.com\/site\/wp-json\/wp\/v2\/types\/post"}],"author":[{"embeddable":true,"href":"https:\/\/www.notibras.com\/site\/wp-json\/wp\/v2\/users\/2"}],"replies":[{"embeddable":true,"href":"https:\/\/www.notibras.com\/site\/wp-json\/wp\/v2\/comments?post=303425"}],"version-history":[{"count":1,"href":"https:\/\/www.notibras.com\/site\/wp-json\/wp\/v2\/posts\/303425\/revisions"}],"predecessor-version":[{"id":303427,"href":"https:\/\/www.notibras.com\/site\/wp-json\/wp\/v2\/posts\/303425\/revisions\/303427"}],"wp:featuredmedia":[{"embeddable":true,"href":"https:\/\/www.notibras.com\/site\/wp-json\/wp\/v2\/media\/303426"}],"wp:attachment":[{"href":"https:\/\/www.notibras.com\/site\/wp-json\/wp\/v2\/media?parent=303425"}],"wp:term":[{"taxonomy":"category","embeddable":true,"href":"https:\/\/www.notibras.com\/site\/wp-json\/wp\/v2\/categories?post=303425"},{"taxonomy":"post_tag","embeddable":true,"href":"https:\/\/www.notibras.com\/site\/wp-json\/wp\/v2\/tags?post=303425"}],"curies":[{"name":"wp","href":"https:\/\/api.w.org\/{rel}","templated":true}]}}