{"id":303428,"date":"2023-04-22T00:18:07","date_gmt":"2023-04-22T03:18:07","guid":{"rendered":"https:\/\/www.notibras.com\/site\/?p=303428"},"modified":"2023-04-22T02:17:19","modified_gmt":"2023-04-22T05:17:19","slug":"pesquisa-indica-aceitacao-de-vacinacao-infantil-nas-escolas","status":"publish","type":"post","link":"https:\/\/www.notibras.com\/site\/pesquisa-indica-aceitacao-de-vacinacao-infantil-nas-escolas\/","title":{"rendered":"Pesquisa indica aceita\u00e7\u00e3o de vacina\u00e7\u00e3o infantil nas escolas"},"content":{"rendered":"<p>Uma pesquisa realizada com 2 mil m\u00e3es brasileiras chegou a um percentual de 76% que consideram a escola como o lugar ideal para a vacina\u00e7\u00e3o infantil. O estudo foi realizado pela farmac\u00eautica Pfizer e pelo Instituto Locomotiva e divulgado pouco antes da Semana Mundial da Imuniza\u00e7\u00e3o, que acontece entre 24 e 30 de abril. As respostas indicam que as m\u00e3es gostariam de ser ajudadas pela escola a manter o calend\u00e1rio vacinal em dia.<\/p>\n<p>Oito em cada dez m\u00e3es concordaram com a frase &#8220;seria muito pr\u00e1tico se a vacina\u00e7\u00e3o do\/da meu\/minha filho\/filha pudesse ocorrer dentro da escola&#8221;, e, para 85%, &#8220;se houvesse a possibilidade de a vacina\u00e7\u00e3o ocorrer na escola a cobertura vacinal infantil poderia ser maior&#8221;.<\/p>\n<p>A vacina\u00e7\u00e3o escolar \u00e9 uma estrat\u00e9gia defendida por especialistas em imuniza\u00e7\u00e3o como um instrumento para elevar as coberturas vacinais, que est\u00e3o em queda no pa\u00eds desde 2015. Com percentuais abaixo da meta que garante a imunidade de rebanho, doen\u00e7as imunopreven\u00edveis como o sarampo e a poliomielite podem reaparecer no pa\u00eds ou se espalhar com mais facilidade.<\/p>\n<p>O question\u00e1rio aplicado nas cinco regi\u00f5es do pa\u00eds tamb\u00e9m mostrou que 81% das entrevistadas ficariam seguras com a vacina\u00e7\u00e3o dentro da escola se soubessem que ela seria realizada por profissionais de sa\u00fade qualificados. Segundo a pesquisa 91% das m\u00e3es afirmam que provavelmente autorizariam os filhos a receber as doses na escola. Entre elas, tr\u00eas em cada quatro dizem que a decis\u00e3o independeria, inclusive, do tipo de vacina administrada.<\/p>\n<p>Apostar na escola como fonte de informa\u00e7\u00e3o e local de facilita\u00e7\u00e3o do acesso \u00e0s vacinas est\u00e1 em linha com alguns problemas apontados pela pr\u00f3pria pesquisa: 68% das participantes dizem que j\u00e1 se sentiram confusas sobre a imuniza\u00e7\u00e3o dos filhos, 39% j\u00e1 deixaram de vacinar por dificuldades de chegar aos postos e 56% relatam que, com as demandas do dia a dia, j\u00e1 acabaram esquecendo as datas de vacina\u00e7\u00e3o dos filhos.<\/p>\n<p>As m\u00e3es ouvidas consideram a falta de informa\u00e7\u00e3o e conhecimento sobre a vacina\u00e7\u00e3o o principal obst\u00e1culo \u00e0 vacina\u00e7\u00e3o. Para 17% das m\u00e3es, a falta de confian\u00e7a nas vacinas \u00e9 uma das raz\u00f5es que atrapalha.<\/p>\n<p><strong>Desigualdades<\/strong><br \/>\nAs entrevistas mostraram que metade das m\u00e3es das classes A\/B contam com algum tipo de acompanhamento que ajude a lembrar o dia de vacinar seus filhos, enquanto esse percentual \u00e9 de apenas 25% para as m\u00e3es da Regi\u00e3o Norte. As nortistas, ao lado das m\u00e3es negras e das m\u00e3es das classes D\/E s\u00e3o as que t\u00eam menos informa\u00e7\u00e3o, assist\u00eancia e acesso \u00e0s vacinas.<\/p>\n<p>As m\u00e3es nortistas, por exemplo, s\u00e3o as que relatam com mais frequ\u00eancia j\u00e1 terem perdido um dia de trabalho para colocar a vacina\u00e7\u00e3o em dia. O pediatra Renato Kfouri, presidente do Departamento Cient\u00edfico de Imuniza\u00e7\u00f5es da Sociedade Brasileira de Pediatria (SBP), lembra que o Norte e o Nordeste s\u00e3o as regi\u00f5es do pa\u00eds que apresentam os indicadores mais baixos de imuniza\u00e7\u00e3o infantil.<\/p>\n<p>&#8220;\u00c9 importante considerar o impacto da desigualdade social dentro desse cen\u00e1rio para que possamos buscar solu\u00e7\u00f5es que ajudem a transpor cada um dos obst\u00e1culos enfrentados pelas fam\u00edlias na imuniza\u00e7\u00e3o de suas crian\u00e7as\u201d, afirma.<\/p>\n<p>A diretora m\u00e9dica da Pfizer, Adriana Ribeiro, afirma que o objetivo da pesquisa \u00e9 ajudar a aprofundar a avalia\u00e7\u00e3o sobre o cen\u00e1rio de queda nas coberturas vacinais, de modo que solu\u00e7\u00f5es mais efetivas possam ser encontradas.<\/p>\n<p>&#8220;Sabemos que essa quest\u00e3o foi agravada pela pandemia, mas estamos falando de um problema multifatorial, complexo, influenciado por v\u00e1rios elementos, sejam eles sociais, econ\u00f4micos, comportamentais ou de informa\u00e7\u00e3o&#8221;, avalia a diretora m\u00e9dica. &#8220;Ao ouvir as m\u00e3es, que em sua maioria s\u00e3o respons\u00e1veis diretas pelo gerenciamento da imuniza\u00e7\u00e3o de seus filhos, propomos a partir do estudo um olhar mais aprofundado desse cen\u00e1rio complexo, como forma de contribuir para a busca de solu\u00e7\u00f5es que realmente possam transformar a situa\u00e7\u00e3o vacinal atual&#8221;.<\/p>\n","protected":false},"excerpt":{"rendered":"<p>Uma pesquisa realizada com 2 mil m\u00e3es brasileiras chegou a um percentual de 76% que consideram a escola como o lugar ideal para a vacina\u00e7\u00e3o infantil. O estudo foi realizado pela farmac\u00eautica Pfizer e pelo Instituto Locomotiva e divulgado pouco antes da Semana Mundial da Imuniza\u00e7\u00e3o, que acontece entre 24 e 30 de abril. As [&hellip;]<\/p>\n","protected":false},"author":2,"featured_media":303429,"comment_status":"closed","ping_status":"closed","sticky":false,"template":"","format":"standard","meta":{"_acf_changed":false,"footnotes":""},"categories":[161],"tags":[],"class_list":["post-303428","post","type-post","status-publish","format-standard","has-post-thumbnail","hentry","category-quadradinho-em-foco"],"acf":[],"yoast_head":"<!-- This site is optimized with the Yoast SEO plugin v27.2 - https:\/\/yoast.com\/product\/yoast-seo-wordpress\/ -->\n<title>Pesquisa indica aceita\u00e7\u00e3o de vacina\u00e7\u00e3o infantil nas escolas - Notibras<\/title>\n<meta name=\"robots\" content=\"index, follow, max-snippet:-1, max-image-preview:large, max-video-preview:-1\" \/>\n<link rel=\"canonical\" href=\"https:\/\/www.notibras.com\/site\/pesquisa-indica-aceitacao-de-vacinacao-infantil-nas-escolas\/\" \/>\n<meta property=\"og:locale\" content=\"pt_BR\" \/>\n<meta property=\"og:type\" content=\"article\" \/>\n<meta property=\"og:title\" content=\"Pesquisa indica aceita\u00e7\u00e3o de vacina\u00e7\u00e3o infantil nas escolas - Notibras\" \/>\n<meta property=\"og:description\" content=\"Uma pesquisa realizada com 2 mil m\u00e3es brasileiras chegou a um percentual de 76% que consideram a escola como o lugar ideal para a vacina\u00e7\u00e3o infantil. O estudo foi realizado pela farmac\u00eautica Pfizer e pelo Instituto Locomotiva e divulgado pouco antes da Semana Mundial da Imuniza\u00e7\u00e3o, que acontece entre 24 e 30 de abril. As [&hellip;]\" \/>\n<meta property=\"og:url\" content=\"https:\/\/www.notibras.com\/site\/pesquisa-indica-aceitacao-de-vacinacao-infantil-nas-escolas\/\" \/>\n<meta property=\"og:site_name\" content=\"Notibras\" \/>\n<meta property=\"article:publisher\" content=\"https:\/\/www.facebook.com\/notibras\/\" \/>\n<meta property=\"article:published_time\" content=\"2023-04-22T03:18:07+00:00\" \/>\n<meta property=\"article:modified_time\" content=\"2023-04-22T05:17:19+00:00\" \/>\n<meta property=\"og:image\" content=\"https:\/\/www.notibras.com\/site\/wp-content\/uploads\/2023\/04\/escolas.vacina.jpg\" \/>\n\t<meta property=\"og:image:width\" content=\"1170\" \/>\n\t<meta property=\"og:image:height\" content=\"700\" \/>\n\t<meta property=\"og:image:type\" content=\"image\/jpeg\" \/>\n<meta name=\"author\" content=\"Reda\u00e7\u00e3o\" \/>\n<meta name=\"twitter:card\" content=\"summary_large_image\" \/>\n<meta name=\"twitter:creator\" content=\"@Notibras\" \/>\n<meta name=\"twitter:site\" content=\"@Notibras\" \/>\n<meta name=\"twitter:label1\" content=\"Escrito por\" \/>\n\t<meta name=\"twitter:data1\" content=\"Reda\u00e7\u00e3o\" \/>\n\t<meta name=\"twitter:label2\" content=\"Est. tempo de leitura\" \/>\n\t<meta name=\"twitter:data2\" content=\"4 minutos\" \/>\n<script type=\"application\/ld+json\" class=\"yoast-schema-graph\">{\"@context\":\"https:\/\/schema.org\",\"@graph\":[{\"@type\":\"Article\",\"@id\":\"https:\/\/www.notibras.com\/site\/pesquisa-indica-aceitacao-de-vacinacao-infantil-nas-escolas\/#article\",\"isPartOf\":{\"@id\":\"https:\/\/www.notibras.com\/site\/pesquisa-indica-aceitacao-de-vacinacao-infantil-nas-escolas\/\"},\"author\":{\"name\":\"Reda\u00e7\u00e3o\",\"@id\":\"https:\/\/www.notibras.com\/site\/#\/schema\/person\/36ab0979449956132d3e5b517ea76ac8\"},\"headline\":\"Pesquisa indica aceita\u00e7\u00e3o de vacina\u00e7\u00e3o infantil nas escolas\",\"datePublished\":\"2023-04-22T03:18:07+00:00\",\"dateModified\":\"2023-04-22T05:17:19+00:00\",\"mainEntityOfPage\":{\"@id\":\"https:\/\/www.notibras.com\/site\/pesquisa-indica-aceitacao-de-vacinacao-infantil-nas-escolas\/\"},\"wordCount\":695,\"publisher\":{\"@id\":\"https:\/\/www.notibras.com\/site\/#organization\"},\"image\":{\"@id\":\"https:\/\/www.notibras.com\/site\/pesquisa-indica-aceitacao-de-vacinacao-infantil-nas-escolas\/#primaryimage\"},\"thumbnailUrl\":\"https:\/\/www.notibras.com\/site\/wp-content\/uploads\/2023\/04\/escolas.vacina.jpg\",\"articleSection\":[\"Quadradinho em Foco\"],\"inLanguage\":\"pt-BR\"},{\"@type\":\"WebPage\",\"@id\":\"https:\/\/www.notibras.com\/site\/pesquisa-indica-aceitacao-de-vacinacao-infantil-nas-escolas\/\",\"url\":\"https:\/\/www.notibras.com\/site\/pesquisa-indica-aceitacao-de-vacinacao-infantil-nas-escolas\/\",\"name\":\"Pesquisa indica aceita\u00e7\u00e3o de vacina\u00e7\u00e3o infantil nas escolas - Notibras\",\"isPartOf\":{\"@id\":\"https:\/\/www.notibras.com\/site\/#website\"},\"primaryImageOfPage\":{\"@id\":\"https:\/\/www.notibras.com\/site\/pesquisa-indica-aceitacao-de-vacinacao-infantil-nas-escolas\/#primaryimage\"},\"image\":{\"@id\":\"https:\/\/www.notibras.com\/site\/pesquisa-indica-aceitacao-de-vacinacao-infantil-nas-escolas\/#primaryimage\"},\"thumbnailUrl\":\"https:\/\/www.notibras.com\/site\/wp-content\/uploads\/2023\/04\/escolas.vacina.jpg\",\"datePublished\":\"2023-04-22T03:18:07+00:00\",\"dateModified\":\"2023-04-22T05:17:19+00:00\",\"breadcrumb\":{\"@id\":\"https:\/\/www.notibras.com\/site\/pesquisa-indica-aceitacao-de-vacinacao-infantil-nas-escolas\/#breadcrumb\"},\"inLanguage\":\"pt-BR\",\"potentialAction\":[{\"@type\":\"ReadAction\",\"target\":[\"https:\/\/www.notibras.com\/site\/pesquisa-indica-aceitacao-de-vacinacao-infantil-nas-escolas\/\"]}]},{\"@type\":\"ImageObject\",\"inLanguage\":\"pt-BR\",\"@id\":\"https:\/\/www.notibras.com\/site\/pesquisa-indica-aceitacao-de-vacinacao-infantil-nas-escolas\/#primaryimage\",\"url\":\"https:\/\/www.notibras.com\/site\/wp-content\/uploads\/2023\/04\/escolas.vacina.jpg\",\"contentUrl\":\"https:\/\/www.notibras.com\/site\/wp-content\/uploads\/2023\/04\/escolas.vacina.jpg\",\"width\":1170,\"height\":700},{\"@type\":\"BreadcrumbList\",\"@id\":\"https:\/\/www.notibras.com\/site\/pesquisa-indica-aceitacao-de-vacinacao-infantil-nas-escolas\/#breadcrumb\",\"itemListElement\":[{\"@type\":\"ListItem\",\"position\":1,\"name\":\"In\u00edcio\",\"item\":\"https:\/\/www.notibras.com\/site\/\"},{\"@type\":\"ListItem\",\"position\":2,\"name\":\"Pesquisa indica aceita\u00e7\u00e3o de vacina\u00e7\u00e3o infantil nas escolas\"}]},{\"@type\":\"WebSite\",\"@id\":\"https:\/\/www.notibras.com\/site\/#website\",\"url\":\"https:\/\/www.notibras.com\/site\/\",\"name\":\"Notibras\",\"description\":\"Not\u00edcias de Bras\u00edlia, do Brasil e do Mundo\",\"publisher\":{\"@id\":\"https:\/\/www.notibras.com\/site\/#organization\"},\"potentialAction\":[{\"@type\":\"SearchAction\",\"target\":{\"@type\":\"EntryPoint\",\"urlTemplate\":\"https:\/\/www.notibras.com\/site\/?s={search_term_string}\"},\"query-input\":{\"@type\":\"PropertyValueSpecification\",\"valueRequired\":true,\"valueName\":\"search_term_string\"}}],\"inLanguage\":\"pt-BR\"},{\"@type\":\"Organization\",\"@id\":\"https:\/\/www.notibras.com\/site\/#organization\",\"name\":\"Grupo Notibras de Comunica\u00e7\u00e3o\",\"url\":\"https:\/\/www.notibras.com\/site\/\",\"logo\":{\"@type\":\"ImageObject\",\"inLanguage\":\"pt-BR\",\"@id\":\"https:\/\/www.notibras.com\/site\/#\/schema\/logo\/image\/\",\"url\":\"https:\/\/www.notibras.com\/site\/wp-content\/uploads\/2023\/01\/notibras23.png\",\"contentUrl\":\"https:\/\/www.notibras.com\/site\/wp-content\/uploads\/2023\/01\/notibras23.png\",\"width\":350,\"height\":87,\"caption\":\"Grupo Notibras de Comunica\u00e7\u00e3o\"},\"image\":{\"@id\":\"https:\/\/www.notibras.com\/site\/#\/schema\/logo\/image\/\"},\"sameAs\":[\"https:\/\/www.facebook.com\/notibras\/\",\"https:\/\/x.com\/Notibras\",\"https:\/\/www.instagram.com\/notibras\/\"]},{\"@type\":\"Person\",\"@id\":\"https:\/\/www.notibras.com\/site\/#\/schema\/person\/36ab0979449956132d3e5b517ea76ac8\",\"name\":\"Reda\u00e7\u00e3o\",\"image\":{\"@type\":\"ImageObject\",\"inLanguage\":\"pt-BR\",\"@id\":\"https:\/\/secure.gravatar.com\/avatar\/e0a867bdedb85fd243eadf09663511f96fc81e0720a4a42581f334ad4303aa6b?s=96&d=mm&r=g\",\"url\":\"https:\/\/secure.gravatar.com\/avatar\/e0a867bdedb85fd243eadf09663511f96fc81e0720a4a42581f334ad4303aa6b?s=96&d=mm&r=g\",\"contentUrl\":\"https:\/\/secure.gravatar.com\/avatar\/e0a867bdedb85fd243eadf09663511f96fc81e0720a4a42581f334ad4303aa6b?s=96&d=mm&r=g\",\"caption\":\"Reda\u00e7\u00e3o\"}}]}<\/script>\n<!-- \/ Yoast SEO plugin. -->","yoast_head_json":{"title":"Pesquisa indica aceita\u00e7\u00e3o de vacina\u00e7\u00e3o infantil nas escolas - Notibras","robots":{"index":"index","follow":"follow","max-snippet":"max-snippet:-1","max-image-preview":"max-image-preview:large","max-video-preview":"max-video-preview:-1"},"canonical":"https:\/\/www.notibras.com\/site\/pesquisa-indica-aceitacao-de-vacinacao-infantil-nas-escolas\/","og_locale":"pt_BR","og_type":"article","og_title":"Pesquisa indica aceita\u00e7\u00e3o de vacina\u00e7\u00e3o infantil nas escolas - Notibras","og_description":"Uma pesquisa realizada com 2 mil m\u00e3es brasileiras chegou a um percentual de 76% que consideram a escola como o lugar ideal para a vacina\u00e7\u00e3o infantil. O estudo foi realizado pela farmac\u00eautica Pfizer e pelo Instituto Locomotiva e divulgado pouco antes da Semana Mundial da Imuniza\u00e7\u00e3o, que acontece entre 24 e 30 de abril. As [&hellip;]","og_url":"https:\/\/www.notibras.com\/site\/pesquisa-indica-aceitacao-de-vacinacao-infantil-nas-escolas\/","og_site_name":"Notibras","article_publisher":"https:\/\/www.facebook.com\/notibras\/","article_published_time":"2023-04-22T03:18:07+00:00","article_modified_time":"2023-04-22T05:17:19+00:00","og_image":[{"width":1170,"height":700,"url":"https:\/\/www.notibras.com\/site\/wp-content\/uploads\/2023\/04\/escolas.vacina.jpg","type":"image\/jpeg"}],"author":"Reda\u00e7\u00e3o","twitter_card":"summary_large_image","twitter_creator":"@Notibras","twitter_site":"@Notibras","twitter_misc":{"Escrito por":"Reda\u00e7\u00e3o","Est. tempo de leitura":"4 minutos"},"schema":{"@context":"https:\/\/schema.org","@graph":[{"@type":"Article","@id":"https:\/\/www.notibras.com\/site\/pesquisa-indica-aceitacao-de-vacinacao-infantil-nas-escolas\/#article","isPartOf":{"@id":"https:\/\/www.notibras.com\/site\/pesquisa-indica-aceitacao-de-vacinacao-infantil-nas-escolas\/"},"author":{"name":"Reda\u00e7\u00e3o","@id":"https:\/\/www.notibras.com\/site\/#\/schema\/person\/36ab0979449956132d3e5b517ea76ac8"},"headline":"Pesquisa indica aceita\u00e7\u00e3o de vacina\u00e7\u00e3o infantil nas escolas","datePublished":"2023-04-22T03:18:07+00:00","dateModified":"2023-04-22T05:17:19+00:00","mainEntityOfPage":{"@id":"https:\/\/www.notibras.com\/site\/pesquisa-indica-aceitacao-de-vacinacao-infantil-nas-escolas\/"},"wordCount":695,"publisher":{"@id":"https:\/\/www.notibras.com\/site\/#organization"},"image":{"@id":"https:\/\/www.notibras.com\/site\/pesquisa-indica-aceitacao-de-vacinacao-infantil-nas-escolas\/#primaryimage"},"thumbnailUrl":"https:\/\/www.notibras.com\/site\/wp-content\/uploads\/2023\/04\/escolas.vacina.jpg","articleSection":["Quadradinho em Foco"],"inLanguage":"pt-BR"},{"@type":"WebPage","@id":"https:\/\/www.notibras.com\/site\/pesquisa-indica-aceitacao-de-vacinacao-infantil-nas-escolas\/","url":"https:\/\/www.notibras.com\/site\/pesquisa-indica-aceitacao-de-vacinacao-infantil-nas-escolas\/","name":"Pesquisa indica aceita\u00e7\u00e3o de vacina\u00e7\u00e3o infantil nas escolas - Notibras","isPartOf":{"@id":"https:\/\/www.notibras.com\/site\/#website"},"primaryImageOfPage":{"@id":"https:\/\/www.notibras.com\/site\/pesquisa-indica-aceitacao-de-vacinacao-infantil-nas-escolas\/#primaryimage"},"image":{"@id":"https:\/\/www.notibras.com\/site\/pesquisa-indica-aceitacao-de-vacinacao-infantil-nas-escolas\/#primaryimage"},"thumbnailUrl":"https:\/\/www.notibras.com\/site\/wp-content\/uploads\/2023\/04\/escolas.vacina.jpg","datePublished":"2023-04-22T03:18:07+00:00","dateModified":"2023-04-22T05:17:19+00:00","breadcrumb":{"@id":"https:\/\/www.notibras.com\/site\/pesquisa-indica-aceitacao-de-vacinacao-infantil-nas-escolas\/#breadcrumb"},"inLanguage":"pt-BR","potentialAction":[{"@type":"ReadAction","target":["https:\/\/www.notibras.com\/site\/pesquisa-indica-aceitacao-de-vacinacao-infantil-nas-escolas\/"]}]},{"@type":"ImageObject","inLanguage":"pt-BR","@id":"https:\/\/www.notibras.com\/site\/pesquisa-indica-aceitacao-de-vacinacao-infantil-nas-escolas\/#primaryimage","url":"https:\/\/www.notibras.com\/site\/wp-content\/uploads\/2023\/04\/escolas.vacina.jpg","contentUrl":"https:\/\/www.notibras.com\/site\/wp-content\/uploads\/2023\/04\/escolas.vacina.jpg","width":1170,"height":700},{"@type":"BreadcrumbList","@id":"https:\/\/www.notibras.com\/site\/pesquisa-indica-aceitacao-de-vacinacao-infantil-nas-escolas\/#breadcrumb","itemListElement":[{"@type":"ListItem","position":1,"name":"In\u00edcio","item":"https:\/\/www.notibras.com\/site\/"},{"@type":"ListItem","position":2,"name":"Pesquisa indica aceita\u00e7\u00e3o de vacina\u00e7\u00e3o infantil nas escolas"}]},{"@type":"WebSite","@id":"https:\/\/www.notibras.com\/site\/#website","url":"https:\/\/www.notibras.com\/site\/","name":"Notibras","description":"Not\u00edcias de Bras\u00edlia, do Brasil e do Mundo","publisher":{"@id":"https:\/\/www.notibras.com\/site\/#organization"},"potentialAction":[{"@type":"SearchAction","target":{"@type":"EntryPoint","urlTemplate":"https:\/\/www.notibras.com\/site\/?s={search_term_string}"},"query-input":{"@type":"PropertyValueSpecification","valueRequired":true,"valueName":"search_term_string"}}],"inLanguage":"pt-BR"},{"@type":"Organization","@id":"https:\/\/www.notibras.com\/site\/#organization","name":"Grupo Notibras de Comunica\u00e7\u00e3o","url":"https:\/\/www.notibras.com\/site\/","logo":{"@type":"ImageObject","inLanguage":"pt-BR","@id":"https:\/\/www.notibras.com\/site\/#\/schema\/logo\/image\/","url":"https:\/\/www.notibras.com\/site\/wp-content\/uploads\/2023\/01\/notibras23.png","contentUrl":"https:\/\/www.notibras.com\/site\/wp-content\/uploads\/2023\/01\/notibras23.png","width":350,"height":87,"caption":"Grupo Notibras de Comunica\u00e7\u00e3o"},"image":{"@id":"https:\/\/www.notibras.com\/site\/#\/schema\/logo\/image\/"},"sameAs":["https:\/\/www.facebook.com\/notibras\/","https:\/\/x.com\/Notibras","https:\/\/www.instagram.com\/notibras\/"]},{"@type":"Person","@id":"https:\/\/www.notibras.com\/site\/#\/schema\/person\/36ab0979449956132d3e5b517ea76ac8","name":"Reda\u00e7\u00e3o","image":{"@type":"ImageObject","inLanguage":"pt-BR","@id":"https:\/\/secure.gravatar.com\/avatar\/e0a867bdedb85fd243eadf09663511f96fc81e0720a4a42581f334ad4303aa6b?s=96&d=mm&r=g","url":"https:\/\/secure.gravatar.com\/avatar\/e0a867bdedb85fd243eadf09663511f96fc81e0720a4a42581f334ad4303aa6b?s=96&d=mm&r=g","contentUrl":"https:\/\/secure.gravatar.com\/avatar\/e0a867bdedb85fd243eadf09663511f96fc81e0720a4a42581f334ad4303aa6b?s=96&d=mm&r=g","caption":"Reda\u00e7\u00e3o"}}]}},"amp_enabled":true,"_links":{"self":[{"href":"https:\/\/www.notibras.com\/site\/wp-json\/wp\/v2\/posts\/303428","targetHints":{"allow":["GET"]}}],"collection":[{"href":"https:\/\/www.notibras.com\/site\/wp-json\/wp\/v2\/posts"}],"about":[{"href":"https:\/\/www.notibras.com\/site\/wp-json\/wp\/v2\/types\/post"}],"author":[{"embeddable":true,"href":"https:\/\/www.notibras.com\/site\/wp-json\/wp\/v2\/users\/2"}],"replies":[{"embeddable":true,"href":"https:\/\/www.notibras.com\/site\/wp-json\/wp\/v2\/comments?post=303428"}],"version-history":[{"count":1,"href":"https:\/\/www.notibras.com\/site\/wp-json\/wp\/v2\/posts\/303428\/revisions"}],"predecessor-version":[{"id":303430,"href":"https:\/\/www.notibras.com\/site\/wp-json\/wp\/v2\/posts\/303428\/revisions\/303430"}],"wp:featuredmedia":[{"embeddable":true,"href":"https:\/\/www.notibras.com\/site\/wp-json\/wp\/v2\/media\/303429"}],"wp:attachment":[{"href":"https:\/\/www.notibras.com\/site\/wp-json\/wp\/v2\/media?parent=303428"}],"wp:term":[{"taxonomy":"category","embeddable":true,"href":"https:\/\/www.notibras.com\/site\/wp-json\/wp\/v2\/categories?post=303428"},{"taxonomy":"post_tag","embeddable":true,"href":"https:\/\/www.notibras.com\/site\/wp-json\/wp\/v2\/tags?post=303428"}],"curies":[{"name":"wp","href":"https:\/\/api.w.org\/{rel}","templated":true}]}}