{"id":303431,"date":"2023-04-22T02:34:18","date_gmt":"2023-04-22T05:34:18","guid":{"rendered":"https:\/\/www.notibras.com\/site\/?p=303431"},"modified":"2023-04-22T02:34:18","modified_gmt":"2023-04-22T05:34:18","slug":"cao-que-late-morde-e-ressuscita-em-tirinhas","status":"publish","type":"post","link":"https:\/\/www.notibras.com\/site\/cao-que-late-morde-e-ressuscita-em-tirinhas\/","title":{"rendered":"C\u00e3o que late morde e ressuscita em tirinhas"},"content":{"rendered":"<p>Talvez voc\u00ea seja desses que acham que a intelig\u00eancia \u00e9 algo exclusivo dos seres humanos. Tenho um amigo, o Almeidinha, que tamb\u00e9m diz que os animais n\u00e3o pensam. Desculpe desapont\u00e1-lo, mas se voc\u00ea \u00e9 como o Almeidinha, afirmo com certeza que est\u00e1 errado, especialmente se formos olhar para o protagonista desta hist\u00f3ria.<\/p>\n<p>Pois bem, ele \u00e9 t\u00e3o especial, que no dia em que surgiu nas p\u00e1ginas de um antigo jornal carioca, Catraca, virou parte do asfalto da avenida Nossa Senhora de Copacabana, como voc\u00ea pode constatar olhando a tirinha acima. Morreu! Mas ressuscitou, na edi\u00e7\u00e3o seguinte, como pode ser facilmente comprovado observando o quadrinho abaixo. Seu nome? Adamastor.<\/p>\n<p><img loading=\"lazy\" decoding=\"async\" class=\"wp-image-303433 aligncenter\" src=\"https:\/\/www.notibras.com\/site\/wp-content\/uploads\/2023\/04\/d86e1497-c302-4380-880f-0c8b16fbe0c8-300x88.jpg\" alt=\"\" width=\"457\" height=\"134\" srcset=\"https:\/\/www.notibras.com\/site\/wp-content\/uploads\/2023\/04\/d86e1497-c302-4380-880f-0c8b16fbe0c8-300x88.jpg 300w, https:\/\/www.notibras.com\/site\/wp-content\/uploads\/2023\/04\/d86e1497-c302-4380-880f-0c8b16fbe0c8.jpg 640w\" sizes=\"auto, (max-width: 457px) 100vw, 457px\" \/><\/p>\n<p>Pois \u00e9, a exist\u00eancia do Adamastor foi demonstrada. Qualquer juiz bateria o martelo a favor das palavras ditas acima. Agora, vou lhe contar uma hist\u00f3ria que, at\u00e9 onde sei, ainda n\u00e3o foi publicada em nenhum lugar. Na verdade, at\u00e9 posso afirmar isso, pois eu sou o criador desse vira-lata que nasceu no long\u00ednquo ano de 1993, ali na rua Volunt\u00e1rios da P\u00e1tria, no bairro de Botafogo, na cidade do Rio de Janeiro.<\/p>\n<p>O Adamastor realmente foi criado em Botafogo, mas a primeira hist\u00f3ria dele quase aconteceu comigo, quando eu estava caminhando para o meu ent\u00e3o trabalho, na antiga ag\u00eancia do Banco do Brasil chamada Figueiredo Magalh\u00e3es, em Copacabana. L\u00e1 ia eu andando pela cal\u00e7ada, quando, de repente, surgiu uma escada na minha frente. Eu, como todo botafoguense que se preze, n\u00e3o passo debaixo de escada nem que a vaca tussa.<\/p>\n<p>Pois bem, eu me desviei da dita cuja e entrei bem rapidinho na pista, quando veio um \u00f4nibus e quase me atropelou. Tomei um susto daqueles, mas logo comecei a rir sozinho, enquanto as pessoas me olhavam, talvez imaginando que eu fosse louco. Foi naquele exato momento que tive a ideia do primeiro quadrinho do Adamastor.<\/p>\n","protected":false},"excerpt":{"rendered":"<p>Talvez voc\u00ea seja desses que acham que a intelig\u00eancia \u00e9 algo exclusivo dos seres humanos. Tenho um amigo, o Almeidinha, que tamb\u00e9m diz que os animais n\u00e3o pensam. Desculpe desapont\u00e1-lo, mas se voc\u00ea \u00e9 como o Almeidinha, afirmo com certeza que est\u00e1 errado, especialmente se formos olhar para o protagonista desta hist\u00f3ria. Pois bem, ele [&hellip;]<\/p>\n","protected":false},"author":2,"featured_media":303432,"comment_status":"closed","ping_status":"closed","sticky":false,"template":"","format":"standard","meta":{"_acf_changed":false,"footnotes":""},"categories":[161],"tags":[],"class_list":["post-303431","post","type-post","status-publish","format-standard","has-post-thumbnail","hentry","category-quadradinho-em-foco"],"acf":[],"yoast_head":"<!-- This site is optimized with the Yoast SEO plugin v27.2 - https:\/\/yoast.com\/product\/yoast-seo-wordpress\/ -->\n<title>C\u00e3o que late morde e ressuscita em tirinhas - Notibras<\/title>\n<meta name=\"robots\" content=\"index, follow, max-snippet:-1, max-image-preview:large, max-video-preview:-1\" \/>\n<link rel=\"canonical\" href=\"https:\/\/www.notibras.com\/site\/cao-que-late-morde-e-ressuscita-em-tirinhas\/\" \/>\n<meta property=\"og:locale\" content=\"pt_BR\" \/>\n<meta property=\"og:type\" content=\"article\" \/>\n<meta property=\"og:title\" content=\"C\u00e3o que late morde e ressuscita em tirinhas - Notibras\" \/>\n<meta property=\"og:description\" content=\"Talvez voc\u00ea seja desses que acham que a intelig\u00eancia \u00e9 algo exclusivo dos seres humanos. Tenho um amigo, o Almeidinha, que tamb\u00e9m diz que os animais n\u00e3o pensam. Desculpe desapont\u00e1-lo, mas se voc\u00ea \u00e9 como o Almeidinha, afirmo com certeza que est\u00e1 errado, especialmente se formos olhar para o protagonista desta hist\u00f3ria. Pois bem, ele [&hellip;]\" \/>\n<meta property=\"og:url\" content=\"https:\/\/www.notibras.com\/site\/cao-que-late-morde-e-ressuscita-em-tirinhas\/\" \/>\n<meta property=\"og:site_name\" content=\"Notibras\" \/>\n<meta property=\"article:publisher\" content=\"https:\/\/www.facebook.com\/notibras\/\" \/>\n<meta property=\"article:published_time\" content=\"2023-04-22T05:34:18+00:00\" \/>\n<meta property=\"og:image\" content=\"https:\/\/www.notibras.com\/site\/wp-content\/uploads\/2023\/04\/fbf5a4db-6c65-4321-87f7-95846feffa6d.jpg\" \/>\n\t<meta property=\"og:image:width\" content=\"640\" \/>\n\t<meta property=\"og:image:height\" content=\"304\" \/>\n\t<meta property=\"og:image:type\" content=\"image\/jpeg\" \/>\n<meta name=\"author\" content=\"Reda\u00e7\u00e3o\" \/>\n<meta name=\"twitter:card\" content=\"summary_large_image\" \/>\n<meta name=\"twitter:creator\" content=\"@Notibras\" \/>\n<meta name=\"twitter:site\" content=\"@Notibras\" \/>\n<meta name=\"twitter:label1\" content=\"Escrito por\" \/>\n\t<meta name=\"twitter:data1\" content=\"Reda\u00e7\u00e3o\" \/>\n\t<meta name=\"twitter:label2\" content=\"Est. tempo de leitura\" \/>\n\t<meta name=\"twitter:data2\" content=\"2 minutos\" \/>\n<script type=\"application\/ld+json\" class=\"yoast-schema-graph\">{\"@context\":\"https:\/\/schema.org\",\"@graph\":[{\"@type\":\"Article\",\"@id\":\"https:\/\/www.notibras.com\/site\/cao-que-late-morde-e-ressuscita-em-tirinhas\/#article\",\"isPartOf\":{\"@id\":\"https:\/\/www.notibras.com\/site\/cao-que-late-morde-e-ressuscita-em-tirinhas\/\"},\"author\":{\"name\":\"Reda\u00e7\u00e3o\",\"@id\":\"https:\/\/www.notibras.com\/site\/#\/schema\/person\/36ab0979449956132d3e5b517ea76ac8\"},\"headline\":\"C\u00e3o que late morde e ressuscita em tirinhas\",\"datePublished\":\"2023-04-22T05:34:18+00:00\",\"mainEntityOfPage\":{\"@id\":\"https:\/\/www.notibras.com\/site\/cao-que-late-morde-e-ressuscita-em-tirinhas\/\"},\"wordCount\":328,\"publisher\":{\"@id\":\"https:\/\/www.notibras.com\/site\/#organization\"},\"image\":{\"@id\":\"https:\/\/www.notibras.com\/site\/cao-que-late-morde-e-ressuscita-em-tirinhas\/#primaryimage\"},\"thumbnailUrl\":\"https:\/\/www.notibras.com\/site\/wp-content\/uploads\/2023\/04\/fbf5a4db-6c65-4321-87f7-95846feffa6d.jpg\",\"articleSection\":[\"Quadradinho em Foco\"],\"inLanguage\":\"pt-BR\"},{\"@type\":\"WebPage\",\"@id\":\"https:\/\/www.notibras.com\/site\/cao-que-late-morde-e-ressuscita-em-tirinhas\/\",\"url\":\"https:\/\/www.notibras.com\/site\/cao-que-late-morde-e-ressuscita-em-tirinhas\/\",\"name\":\"C\u00e3o que late morde e ressuscita em tirinhas - Notibras\",\"isPartOf\":{\"@id\":\"https:\/\/www.notibras.com\/site\/#website\"},\"primaryImageOfPage\":{\"@id\":\"https:\/\/www.notibras.com\/site\/cao-que-late-morde-e-ressuscita-em-tirinhas\/#primaryimage\"},\"image\":{\"@id\":\"https:\/\/www.notibras.com\/site\/cao-que-late-morde-e-ressuscita-em-tirinhas\/#primaryimage\"},\"thumbnailUrl\":\"https:\/\/www.notibras.com\/site\/wp-content\/uploads\/2023\/04\/fbf5a4db-6c65-4321-87f7-95846feffa6d.jpg\",\"datePublished\":\"2023-04-22T05:34:18+00:00\",\"breadcrumb\":{\"@id\":\"https:\/\/www.notibras.com\/site\/cao-que-late-morde-e-ressuscita-em-tirinhas\/#breadcrumb\"},\"inLanguage\":\"pt-BR\",\"potentialAction\":[{\"@type\":\"ReadAction\",\"target\":[\"https:\/\/www.notibras.com\/site\/cao-que-late-morde-e-ressuscita-em-tirinhas\/\"]}]},{\"@type\":\"ImageObject\",\"inLanguage\":\"pt-BR\",\"@id\":\"https:\/\/www.notibras.com\/site\/cao-que-late-morde-e-ressuscita-em-tirinhas\/#primaryimage\",\"url\":\"https:\/\/www.notibras.com\/site\/wp-content\/uploads\/2023\/04\/fbf5a4db-6c65-4321-87f7-95846feffa6d.jpg\",\"contentUrl\":\"https:\/\/www.notibras.com\/site\/wp-content\/uploads\/2023\/04\/fbf5a4db-6c65-4321-87f7-95846feffa6d.jpg\",\"width\":640,\"height\":304},{\"@type\":\"BreadcrumbList\",\"@id\":\"https:\/\/www.notibras.com\/site\/cao-que-late-morde-e-ressuscita-em-tirinhas\/#breadcrumb\",\"itemListElement\":[{\"@type\":\"ListItem\",\"position\":1,\"name\":\"In\u00edcio\",\"item\":\"https:\/\/www.notibras.com\/site\/\"},{\"@type\":\"ListItem\",\"position\":2,\"name\":\"C\u00e3o que late morde e ressuscita em tirinhas\"}]},{\"@type\":\"WebSite\",\"@id\":\"https:\/\/www.notibras.com\/site\/#website\",\"url\":\"https:\/\/www.notibras.com\/site\/\",\"name\":\"Notibras\",\"description\":\"Not\u00edcias de Bras\u00edlia, do Brasil e do Mundo\",\"publisher\":{\"@id\":\"https:\/\/www.notibras.com\/site\/#organization\"},\"potentialAction\":[{\"@type\":\"SearchAction\",\"target\":{\"@type\":\"EntryPoint\",\"urlTemplate\":\"https:\/\/www.notibras.com\/site\/?s={search_term_string}\"},\"query-input\":{\"@type\":\"PropertyValueSpecification\",\"valueRequired\":true,\"valueName\":\"search_term_string\"}}],\"inLanguage\":\"pt-BR\"},{\"@type\":\"Organization\",\"@id\":\"https:\/\/www.notibras.com\/site\/#organization\",\"name\":\"Grupo Notibras de Comunica\u00e7\u00e3o\",\"url\":\"https:\/\/www.notibras.com\/site\/\",\"logo\":{\"@type\":\"ImageObject\",\"inLanguage\":\"pt-BR\",\"@id\":\"https:\/\/www.notibras.com\/site\/#\/schema\/logo\/image\/\",\"url\":\"https:\/\/www.notibras.com\/site\/wp-content\/uploads\/2023\/01\/notibras23.png\",\"contentUrl\":\"https:\/\/www.notibras.com\/site\/wp-content\/uploads\/2023\/01\/notibras23.png\",\"width\":350,\"height\":87,\"caption\":\"Grupo Notibras de Comunica\u00e7\u00e3o\"},\"image\":{\"@id\":\"https:\/\/www.notibras.com\/site\/#\/schema\/logo\/image\/\"},\"sameAs\":[\"https:\/\/www.facebook.com\/notibras\/\",\"https:\/\/x.com\/Notibras\",\"https:\/\/www.instagram.com\/notibras\/\"]},{\"@type\":\"Person\",\"@id\":\"https:\/\/www.notibras.com\/site\/#\/schema\/person\/36ab0979449956132d3e5b517ea76ac8\",\"name\":\"Reda\u00e7\u00e3o\",\"image\":{\"@type\":\"ImageObject\",\"inLanguage\":\"pt-BR\",\"@id\":\"https:\/\/secure.gravatar.com\/avatar\/e0a867bdedb85fd243eadf09663511f96fc81e0720a4a42581f334ad4303aa6b?s=96&d=mm&r=g\",\"url\":\"https:\/\/secure.gravatar.com\/avatar\/e0a867bdedb85fd243eadf09663511f96fc81e0720a4a42581f334ad4303aa6b?s=96&d=mm&r=g\",\"contentUrl\":\"https:\/\/secure.gravatar.com\/avatar\/e0a867bdedb85fd243eadf09663511f96fc81e0720a4a42581f334ad4303aa6b?s=96&d=mm&r=g\",\"caption\":\"Reda\u00e7\u00e3o\"}}]}<\/script>\n<!-- \/ Yoast SEO plugin. -->","yoast_head_json":{"title":"C\u00e3o que late morde e ressuscita em tirinhas - Notibras","robots":{"index":"index","follow":"follow","max-snippet":"max-snippet:-1","max-image-preview":"max-image-preview:large","max-video-preview":"max-video-preview:-1"},"canonical":"https:\/\/www.notibras.com\/site\/cao-que-late-morde-e-ressuscita-em-tirinhas\/","og_locale":"pt_BR","og_type":"article","og_title":"C\u00e3o que late morde e ressuscita em tirinhas - Notibras","og_description":"Talvez voc\u00ea seja desses que acham que a intelig\u00eancia \u00e9 algo exclusivo dos seres humanos. Tenho um amigo, o Almeidinha, que tamb\u00e9m diz que os animais n\u00e3o pensam. Desculpe desapont\u00e1-lo, mas se voc\u00ea \u00e9 como o Almeidinha, afirmo com certeza que est\u00e1 errado, especialmente se formos olhar para o protagonista desta hist\u00f3ria. Pois bem, ele [&hellip;]","og_url":"https:\/\/www.notibras.com\/site\/cao-que-late-morde-e-ressuscita-em-tirinhas\/","og_site_name":"Notibras","article_publisher":"https:\/\/www.facebook.com\/notibras\/","article_published_time":"2023-04-22T05:34:18+00:00","og_image":[{"width":640,"height":304,"url":"https:\/\/www.notibras.com\/site\/wp-content\/uploads\/2023\/04\/fbf5a4db-6c65-4321-87f7-95846feffa6d.jpg","type":"image\/jpeg"}],"author":"Reda\u00e7\u00e3o","twitter_card":"summary_large_image","twitter_creator":"@Notibras","twitter_site":"@Notibras","twitter_misc":{"Escrito por":"Reda\u00e7\u00e3o","Est. tempo de leitura":"2 minutos"},"schema":{"@context":"https:\/\/schema.org","@graph":[{"@type":"Article","@id":"https:\/\/www.notibras.com\/site\/cao-que-late-morde-e-ressuscita-em-tirinhas\/#article","isPartOf":{"@id":"https:\/\/www.notibras.com\/site\/cao-que-late-morde-e-ressuscita-em-tirinhas\/"},"author":{"name":"Reda\u00e7\u00e3o","@id":"https:\/\/www.notibras.com\/site\/#\/schema\/person\/36ab0979449956132d3e5b517ea76ac8"},"headline":"C\u00e3o que late morde e ressuscita em tirinhas","datePublished":"2023-04-22T05:34:18+00:00","mainEntityOfPage":{"@id":"https:\/\/www.notibras.com\/site\/cao-que-late-morde-e-ressuscita-em-tirinhas\/"},"wordCount":328,"publisher":{"@id":"https:\/\/www.notibras.com\/site\/#organization"},"image":{"@id":"https:\/\/www.notibras.com\/site\/cao-que-late-morde-e-ressuscita-em-tirinhas\/#primaryimage"},"thumbnailUrl":"https:\/\/www.notibras.com\/site\/wp-content\/uploads\/2023\/04\/fbf5a4db-6c65-4321-87f7-95846feffa6d.jpg","articleSection":["Quadradinho em Foco"],"inLanguage":"pt-BR"},{"@type":"WebPage","@id":"https:\/\/www.notibras.com\/site\/cao-que-late-morde-e-ressuscita-em-tirinhas\/","url":"https:\/\/www.notibras.com\/site\/cao-que-late-morde-e-ressuscita-em-tirinhas\/","name":"C\u00e3o que late morde e ressuscita em tirinhas - Notibras","isPartOf":{"@id":"https:\/\/www.notibras.com\/site\/#website"},"primaryImageOfPage":{"@id":"https:\/\/www.notibras.com\/site\/cao-que-late-morde-e-ressuscita-em-tirinhas\/#primaryimage"},"image":{"@id":"https:\/\/www.notibras.com\/site\/cao-que-late-morde-e-ressuscita-em-tirinhas\/#primaryimage"},"thumbnailUrl":"https:\/\/www.notibras.com\/site\/wp-content\/uploads\/2023\/04\/fbf5a4db-6c65-4321-87f7-95846feffa6d.jpg","datePublished":"2023-04-22T05:34:18+00:00","breadcrumb":{"@id":"https:\/\/www.notibras.com\/site\/cao-que-late-morde-e-ressuscita-em-tirinhas\/#breadcrumb"},"inLanguage":"pt-BR","potentialAction":[{"@type":"ReadAction","target":["https:\/\/www.notibras.com\/site\/cao-que-late-morde-e-ressuscita-em-tirinhas\/"]}]},{"@type":"ImageObject","inLanguage":"pt-BR","@id":"https:\/\/www.notibras.com\/site\/cao-que-late-morde-e-ressuscita-em-tirinhas\/#primaryimage","url":"https:\/\/www.notibras.com\/site\/wp-content\/uploads\/2023\/04\/fbf5a4db-6c65-4321-87f7-95846feffa6d.jpg","contentUrl":"https:\/\/www.notibras.com\/site\/wp-content\/uploads\/2023\/04\/fbf5a4db-6c65-4321-87f7-95846feffa6d.jpg","width":640,"height":304},{"@type":"BreadcrumbList","@id":"https:\/\/www.notibras.com\/site\/cao-que-late-morde-e-ressuscita-em-tirinhas\/#breadcrumb","itemListElement":[{"@type":"ListItem","position":1,"name":"In\u00edcio","item":"https:\/\/www.notibras.com\/site\/"},{"@type":"ListItem","position":2,"name":"C\u00e3o que late morde e ressuscita em tirinhas"}]},{"@type":"WebSite","@id":"https:\/\/www.notibras.com\/site\/#website","url":"https:\/\/www.notibras.com\/site\/","name":"Notibras","description":"Not\u00edcias de Bras\u00edlia, do Brasil e do Mundo","publisher":{"@id":"https:\/\/www.notibras.com\/site\/#organization"},"potentialAction":[{"@type":"SearchAction","target":{"@type":"EntryPoint","urlTemplate":"https:\/\/www.notibras.com\/site\/?s={search_term_string}"},"query-input":{"@type":"PropertyValueSpecification","valueRequired":true,"valueName":"search_term_string"}}],"inLanguage":"pt-BR"},{"@type":"Organization","@id":"https:\/\/www.notibras.com\/site\/#organization","name":"Grupo Notibras de Comunica\u00e7\u00e3o","url":"https:\/\/www.notibras.com\/site\/","logo":{"@type":"ImageObject","inLanguage":"pt-BR","@id":"https:\/\/www.notibras.com\/site\/#\/schema\/logo\/image\/","url":"https:\/\/www.notibras.com\/site\/wp-content\/uploads\/2023\/01\/notibras23.png","contentUrl":"https:\/\/www.notibras.com\/site\/wp-content\/uploads\/2023\/01\/notibras23.png","width":350,"height":87,"caption":"Grupo Notibras de Comunica\u00e7\u00e3o"},"image":{"@id":"https:\/\/www.notibras.com\/site\/#\/schema\/logo\/image\/"},"sameAs":["https:\/\/www.facebook.com\/notibras\/","https:\/\/x.com\/Notibras","https:\/\/www.instagram.com\/notibras\/"]},{"@type":"Person","@id":"https:\/\/www.notibras.com\/site\/#\/schema\/person\/36ab0979449956132d3e5b517ea76ac8","name":"Reda\u00e7\u00e3o","image":{"@type":"ImageObject","inLanguage":"pt-BR","@id":"https:\/\/secure.gravatar.com\/avatar\/e0a867bdedb85fd243eadf09663511f96fc81e0720a4a42581f334ad4303aa6b?s=96&d=mm&r=g","url":"https:\/\/secure.gravatar.com\/avatar\/e0a867bdedb85fd243eadf09663511f96fc81e0720a4a42581f334ad4303aa6b?s=96&d=mm&r=g","contentUrl":"https:\/\/secure.gravatar.com\/avatar\/e0a867bdedb85fd243eadf09663511f96fc81e0720a4a42581f334ad4303aa6b?s=96&d=mm&r=g","caption":"Reda\u00e7\u00e3o"}}]}},"amp_enabled":true,"_links":{"self":[{"href":"https:\/\/www.notibras.com\/site\/wp-json\/wp\/v2\/posts\/303431","targetHints":{"allow":["GET"]}}],"collection":[{"href":"https:\/\/www.notibras.com\/site\/wp-json\/wp\/v2\/posts"}],"about":[{"href":"https:\/\/www.notibras.com\/site\/wp-json\/wp\/v2\/types\/post"}],"author":[{"embeddable":true,"href":"https:\/\/www.notibras.com\/site\/wp-json\/wp\/v2\/users\/2"}],"replies":[{"embeddable":true,"href":"https:\/\/www.notibras.com\/site\/wp-json\/wp\/v2\/comments?post=303431"}],"version-history":[{"count":1,"href":"https:\/\/www.notibras.com\/site\/wp-json\/wp\/v2\/posts\/303431\/revisions"}],"predecessor-version":[{"id":303434,"href":"https:\/\/www.notibras.com\/site\/wp-json\/wp\/v2\/posts\/303431\/revisions\/303434"}],"wp:featuredmedia":[{"embeddable":true,"href":"https:\/\/www.notibras.com\/site\/wp-json\/wp\/v2\/media\/303432"}],"wp:attachment":[{"href":"https:\/\/www.notibras.com\/site\/wp-json\/wp\/v2\/media?parent=303431"}],"wp:term":[{"taxonomy":"category","embeddable":true,"href":"https:\/\/www.notibras.com\/site\/wp-json\/wp\/v2\/categories?post=303431"},{"taxonomy":"post_tag","embeddable":true,"href":"https:\/\/www.notibras.com\/site\/wp-json\/wp\/v2\/tags?post=303431"}],"curies":[{"name":"wp","href":"https:\/\/api.w.org\/{rel}","templated":true}]}}