{"id":303495,"date":"2023-04-23T00:00:43","date_gmt":"2023-04-23T03:00:43","guid":{"rendered":"https:\/\/www.notibras.com\/site\/?p=303495"},"modified":"2023-04-23T07:55:36","modified_gmt":"2023-04-23T10:55:36","slug":"justica-condena-motorista-que-atropelou-tres-ciclistas","status":"publish","type":"post","link":"https:\/\/www.notibras.com\/site\/justica-condena-motorista-que-atropelou-tres-ciclistas\/","title":{"rendered":"Justi\u00e7a condena motorista que atropelou tr\u00eas ciclistas"},"content":{"rendered":"<p>A 2\u00aa Vara Criminal de \u00c1guas Claras condenou o motorista que atropelou tr\u00eas ciclistas em via p\u00fablica de Vicente Pires a tr\u00eas anos e seis meses de reclus\u00e3o, em regime aberto, mais pagamento de multa. O motorista, que dirigia embriagado e n\u00e3o socorreu \u00e0s v\u00edtimas, ainda teve suspensa a habilita\u00e7\u00e3o para dirigir ve\u00edculo automotor pelo prazo de dois anos e dever\u00e1 pagar indeniza\u00e7\u00e3o por danos morais, no valor de R$ 5 mil e R$ 3 mil, a duas das v\u00edtimas.<\/p>\n<p>Os fatos ocorreram na noite do dia 9 de junho de 2022, na Rua 10-B de Vicente Pires. De acordo com o relato de uma das v\u00edtimas, o ciclismo foi regular, com sinaliza\u00e7\u00e3o, lanterna, pisca-pisca, roupa reflexiva, conforme orienta\u00e7\u00f5es do Detran. O grupo era acostumado a realizar a atividade esportiva. Assim, segundo consta nos autos, quando terminaram o pedal, ao deixarem uma delas em casa, pararam as bicicletas grudadas no meio-fio e permaneceram em cima das bicicletas. Nesse momento, viram um carro vindo e, rapidamente, colidiu com as tr\u00eas v\u00edtimas, que estavam coladas no meio-fio. Havia um quebra-molas relativamente pr\u00f3ximo do local onde as v\u00edtimas estavam.<\/p>\n<p>O Minist\u00e9rio P\u00fablico pediu a condena\u00e7\u00e3o do acusado pela pr\u00e1tica dos crimes de embriaguez ao volante e les\u00e3o corporal culposa na dire\u00e7\u00e3o de ve\u00edculo automotor, crimes previstos, respectivamente, nos artigos 306, \u00a71\u00ba, inciso II, e 303, \u00a7\u00a7 1\u00ba e 2\u00ba, ambos da Lei n\u00b0 9.503\/97, em rela\u00e7\u00e3o \u00e0 1\u00aa e 2\u00aa v\u00edtimas. Em rela\u00e7\u00e3o \u00e0 3\u00aa v\u00edtima, a promotoria pediu a absolvi\u00e7\u00e3o do acusado. A defesa, por sua vez, solicitou a absolvi\u00e7\u00e3o do acusado, sob a alega\u00e7\u00e3o de aus\u00eancia de provas e culpa das v\u00edtimas.<\/p>\n<p>Na an\u00e1lise do processo, o Juiz observou que 1\u00aa v\u00edtima sofreu les\u00f5es graves e a 2\u00aa v\u00edtima sofreu les\u00f5es corporais leves. Quanto \u00e0 3\u00aa v\u00edtima, o magistrado pontuou que o laudo pericial \u00e9 conclusivo no sentido de que esta ofendida n\u00e3o sofreu les\u00f5es por conta do atropelamento. \u201cAssim, como bem mencionado pelo Minist\u00e9rio P\u00fablico, resta imperiosa a absolvi\u00e7\u00e3o do acusado, quanto ao fato em apre\u00e7o\u201d, disse o magistrado.<\/p>\n<p>Em rela\u00e7\u00e3o \u00e0s outras duas v\u00edtimas, o julgador analisou que os fatos s\u00e3o t\u00edpicos e n\u00e3o h\u00e1 causas que excluam a ilicitude das condutas. \u201cO acusado \u00e9 imput\u00e1vel, possu\u00eda a potencial consci\u00eancia da ilicitude dos fatos e dele era exigida conduta diversa, raz\u00e3o pela qual sua condena\u00e7\u00e3o \u00e9 medida que se imp\u00f5e\u201d, afirmou.<\/p>\n","protected":false},"excerpt":{"rendered":"<p>A 2\u00aa Vara Criminal de \u00c1guas Claras condenou o motorista que atropelou tr\u00eas ciclistas em via p\u00fablica de Vicente Pires a tr\u00eas anos e seis meses de reclus\u00e3o, em regime aberto, mais pagamento de multa. O motorista, que dirigia embriagado e n\u00e3o socorreu \u00e0s v\u00edtimas, ainda teve suspensa a habilita\u00e7\u00e3o para dirigir ve\u00edculo automotor pelo [&hellip;]<\/p>\n","protected":false},"author":2,"featured_media":118542,"comment_status":"closed","ping_status":"closed","sticky":false,"template":"","format":"standard","meta":{"_acf_changed":false,"footnotes":""},"categories":[161],"tags":[],"class_list":["post-303495","post","type-post","status-publish","format-standard","has-post-thumbnail","hentry","category-quadradinho-em-foco"],"acf":[],"yoast_head":"<!-- This site is optimized with the Yoast SEO plugin v27.2 - https:\/\/yoast.com\/product\/yoast-seo-wordpress\/ -->\n<title>Justi\u00e7a condena motorista que atropelou tr\u00eas ciclistas - Notibras<\/title>\n<meta name=\"robots\" content=\"index, follow, max-snippet:-1, max-image-preview:large, max-video-preview:-1\" \/>\n<link rel=\"canonical\" href=\"https:\/\/www.notibras.com\/site\/justica-condena-motorista-que-atropelou-tres-ciclistas\/\" \/>\n<meta property=\"og:locale\" content=\"pt_BR\" \/>\n<meta property=\"og:type\" content=\"article\" \/>\n<meta property=\"og:title\" content=\"Justi\u00e7a condena motorista que atropelou tr\u00eas ciclistas - Notibras\" \/>\n<meta property=\"og:description\" content=\"A 2\u00aa Vara Criminal de \u00c1guas Claras condenou o motorista que atropelou tr\u00eas ciclistas em via p\u00fablica de Vicente Pires a tr\u00eas anos e seis meses de reclus\u00e3o, em regime aberto, mais pagamento de multa. O motorista, que dirigia embriagado e n\u00e3o socorreu \u00e0s v\u00edtimas, ainda teve suspensa a habilita\u00e7\u00e3o para dirigir ve\u00edculo automotor pelo [&hellip;]\" \/>\n<meta property=\"og:url\" content=\"https:\/\/www.notibras.com\/site\/justica-condena-motorista-que-atropelou-tres-ciclistas\/\" \/>\n<meta property=\"og:site_name\" content=\"Notibras\" \/>\n<meta property=\"article:publisher\" content=\"https:\/\/www.facebook.com\/notibras\/\" \/>\n<meta property=\"article:published_time\" content=\"2023-04-23T03:00:43+00:00\" \/>\n<meta property=\"article:modified_time\" content=\"2023-04-23T10:55:36+00:00\" \/>\n<meta property=\"og:image\" content=\"https:\/\/www.notibras.com\/site\/wp-content\/uploads\/2016\/10\/samu.jpg\" \/>\n\t<meta property=\"og:image:width\" content=\"610\" \/>\n\t<meta property=\"og:image:height\" content=\"390\" \/>\n\t<meta property=\"og:image:type\" content=\"image\/jpeg\" \/>\n<meta name=\"author\" content=\"Reda\u00e7\u00e3o\" \/>\n<meta name=\"twitter:card\" content=\"summary_large_image\" \/>\n<meta name=\"twitter:creator\" content=\"@Notibras\" \/>\n<meta name=\"twitter:site\" content=\"@Notibras\" \/>\n<meta name=\"twitter:label1\" content=\"Escrito por\" \/>\n\t<meta name=\"twitter:data1\" content=\"Reda\u00e7\u00e3o\" \/>\n\t<meta name=\"twitter:label2\" content=\"Est. tempo de leitura\" \/>\n\t<meta name=\"twitter:data2\" content=\"3 minutos\" \/>\n<script type=\"application\/ld+json\" class=\"yoast-schema-graph\">{\"@context\":\"https:\/\/schema.org\",\"@graph\":[{\"@type\":\"Article\",\"@id\":\"https:\/\/www.notibras.com\/site\/justica-condena-motorista-que-atropelou-tres-ciclistas\/#article\",\"isPartOf\":{\"@id\":\"https:\/\/www.notibras.com\/site\/justica-condena-motorista-que-atropelou-tres-ciclistas\/\"},\"author\":{\"name\":\"Reda\u00e7\u00e3o\",\"@id\":\"https:\/\/www.notibras.com\/site\/#\/schema\/person\/36ab0979449956132d3e5b517ea76ac8\"},\"headline\":\"Justi\u00e7a condena motorista que atropelou tr\u00eas ciclistas\",\"datePublished\":\"2023-04-23T03:00:43+00:00\",\"dateModified\":\"2023-04-23T10:55:36+00:00\",\"mainEntityOfPage\":{\"@id\":\"https:\/\/www.notibras.com\/site\/justica-condena-motorista-que-atropelou-tres-ciclistas\/\"},\"wordCount\":433,\"publisher\":{\"@id\":\"https:\/\/www.notibras.com\/site\/#organization\"},\"image\":{\"@id\":\"https:\/\/www.notibras.com\/site\/justica-condena-motorista-que-atropelou-tres-ciclistas\/#primaryimage\"},\"thumbnailUrl\":\"https:\/\/www.notibras.com\/site\/wp-content\/uploads\/2016\/10\/samu.jpg\",\"articleSection\":[\"Quadradinho em Foco\"],\"inLanguage\":\"pt-BR\"},{\"@type\":\"WebPage\",\"@id\":\"https:\/\/www.notibras.com\/site\/justica-condena-motorista-que-atropelou-tres-ciclistas\/\",\"url\":\"https:\/\/www.notibras.com\/site\/justica-condena-motorista-que-atropelou-tres-ciclistas\/\",\"name\":\"Justi\u00e7a condena motorista que atropelou tr\u00eas ciclistas - Notibras\",\"isPartOf\":{\"@id\":\"https:\/\/www.notibras.com\/site\/#website\"},\"primaryImageOfPage\":{\"@id\":\"https:\/\/www.notibras.com\/site\/justica-condena-motorista-que-atropelou-tres-ciclistas\/#primaryimage\"},\"image\":{\"@id\":\"https:\/\/www.notibras.com\/site\/justica-condena-motorista-que-atropelou-tres-ciclistas\/#primaryimage\"},\"thumbnailUrl\":\"https:\/\/www.notibras.com\/site\/wp-content\/uploads\/2016\/10\/samu.jpg\",\"datePublished\":\"2023-04-23T03:00:43+00:00\",\"dateModified\":\"2023-04-23T10:55:36+00:00\",\"breadcrumb\":{\"@id\":\"https:\/\/www.notibras.com\/site\/justica-condena-motorista-que-atropelou-tres-ciclistas\/#breadcrumb\"},\"inLanguage\":\"pt-BR\",\"potentialAction\":[{\"@type\":\"ReadAction\",\"target\":[\"https:\/\/www.notibras.com\/site\/justica-condena-motorista-que-atropelou-tres-ciclistas\/\"]}]},{\"@type\":\"ImageObject\",\"inLanguage\":\"pt-BR\",\"@id\":\"https:\/\/www.notibras.com\/site\/justica-condena-motorista-que-atropelou-tres-ciclistas\/#primaryimage\",\"url\":\"https:\/\/www.notibras.com\/site\/wp-content\/uploads\/2016\/10\/samu.jpg\",\"contentUrl\":\"https:\/\/www.notibras.com\/site\/wp-content\/uploads\/2016\/10\/samu.jpg\",\"width\":610,\"height\":390},{\"@type\":\"BreadcrumbList\",\"@id\":\"https:\/\/www.notibras.com\/site\/justica-condena-motorista-que-atropelou-tres-ciclistas\/#breadcrumb\",\"itemListElement\":[{\"@type\":\"ListItem\",\"position\":1,\"name\":\"In\u00edcio\",\"item\":\"https:\/\/www.notibras.com\/site\/\"},{\"@type\":\"ListItem\",\"position\":2,\"name\":\"Justi\u00e7a condena motorista que atropelou tr\u00eas ciclistas\"}]},{\"@type\":\"WebSite\",\"@id\":\"https:\/\/www.notibras.com\/site\/#website\",\"url\":\"https:\/\/www.notibras.com\/site\/\",\"name\":\"Notibras\",\"description\":\"Not\u00edcias de Bras\u00edlia, do Brasil e do Mundo\",\"publisher\":{\"@id\":\"https:\/\/www.notibras.com\/site\/#organization\"},\"potentialAction\":[{\"@type\":\"SearchAction\",\"target\":{\"@type\":\"EntryPoint\",\"urlTemplate\":\"https:\/\/www.notibras.com\/site\/?s={search_term_string}\"},\"query-input\":{\"@type\":\"PropertyValueSpecification\",\"valueRequired\":true,\"valueName\":\"search_term_string\"}}],\"inLanguage\":\"pt-BR\"},{\"@type\":\"Organization\",\"@id\":\"https:\/\/www.notibras.com\/site\/#organization\",\"name\":\"Grupo Notibras de Comunica\u00e7\u00e3o\",\"url\":\"https:\/\/www.notibras.com\/site\/\",\"logo\":{\"@type\":\"ImageObject\",\"inLanguage\":\"pt-BR\",\"@id\":\"https:\/\/www.notibras.com\/site\/#\/schema\/logo\/image\/\",\"url\":\"https:\/\/www.notibras.com\/site\/wp-content\/uploads\/2023\/01\/notibras23.png\",\"contentUrl\":\"https:\/\/www.notibras.com\/site\/wp-content\/uploads\/2023\/01\/notibras23.png\",\"width\":350,\"height\":87,\"caption\":\"Grupo Notibras de Comunica\u00e7\u00e3o\"},\"image\":{\"@id\":\"https:\/\/www.notibras.com\/site\/#\/schema\/logo\/image\/\"},\"sameAs\":[\"https:\/\/www.facebook.com\/notibras\/\",\"https:\/\/x.com\/Notibras\",\"https:\/\/www.instagram.com\/notibras\/\"]},{\"@type\":\"Person\",\"@id\":\"https:\/\/www.notibras.com\/site\/#\/schema\/person\/36ab0979449956132d3e5b517ea76ac8\",\"name\":\"Reda\u00e7\u00e3o\",\"image\":{\"@type\":\"ImageObject\",\"inLanguage\":\"pt-BR\",\"@id\":\"https:\/\/secure.gravatar.com\/avatar\/e0a867bdedb85fd243eadf09663511f96fc81e0720a4a42581f334ad4303aa6b?s=96&d=mm&r=g\",\"url\":\"https:\/\/secure.gravatar.com\/avatar\/e0a867bdedb85fd243eadf09663511f96fc81e0720a4a42581f334ad4303aa6b?s=96&d=mm&r=g\",\"contentUrl\":\"https:\/\/secure.gravatar.com\/avatar\/e0a867bdedb85fd243eadf09663511f96fc81e0720a4a42581f334ad4303aa6b?s=96&d=mm&r=g\",\"caption\":\"Reda\u00e7\u00e3o\"}}]}<\/script>\n<!-- \/ Yoast SEO plugin. -->","yoast_head_json":{"title":"Justi\u00e7a condena motorista que atropelou tr\u00eas ciclistas - Notibras","robots":{"index":"index","follow":"follow","max-snippet":"max-snippet:-1","max-image-preview":"max-image-preview:large","max-video-preview":"max-video-preview:-1"},"canonical":"https:\/\/www.notibras.com\/site\/justica-condena-motorista-que-atropelou-tres-ciclistas\/","og_locale":"pt_BR","og_type":"article","og_title":"Justi\u00e7a condena motorista que atropelou tr\u00eas ciclistas - Notibras","og_description":"A 2\u00aa Vara Criminal de \u00c1guas Claras condenou o motorista que atropelou tr\u00eas ciclistas em via p\u00fablica de Vicente Pires a tr\u00eas anos e seis meses de reclus\u00e3o, em regime aberto, mais pagamento de multa. O motorista, que dirigia embriagado e n\u00e3o socorreu \u00e0s v\u00edtimas, ainda teve suspensa a habilita\u00e7\u00e3o para dirigir ve\u00edculo automotor pelo [&hellip;]","og_url":"https:\/\/www.notibras.com\/site\/justica-condena-motorista-que-atropelou-tres-ciclistas\/","og_site_name":"Notibras","article_publisher":"https:\/\/www.facebook.com\/notibras\/","article_published_time":"2023-04-23T03:00:43+00:00","article_modified_time":"2023-04-23T10:55:36+00:00","og_image":[{"width":610,"height":390,"url":"https:\/\/www.notibras.com\/site\/wp-content\/uploads\/2016\/10\/samu.jpg","type":"image\/jpeg"}],"author":"Reda\u00e7\u00e3o","twitter_card":"summary_large_image","twitter_creator":"@Notibras","twitter_site":"@Notibras","twitter_misc":{"Escrito por":"Reda\u00e7\u00e3o","Est. tempo de leitura":"3 minutos"},"schema":{"@context":"https:\/\/schema.org","@graph":[{"@type":"Article","@id":"https:\/\/www.notibras.com\/site\/justica-condena-motorista-que-atropelou-tres-ciclistas\/#article","isPartOf":{"@id":"https:\/\/www.notibras.com\/site\/justica-condena-motorista-que-atropelou-tres-ciclistas\/"},"author":{"name":"Reda\u00e7\u00e3o","@id":"https:\/\/www.notibras.com\/site\/#\/schema\/person\/36ab0979449956132d3e5b517ea76ac8"},"headline":"Justi\u00e7a condena motorista que atropelou tr\u00eas ciclistas","datePublished":"2023-04-23T03:00:43+00:00","dateModified":"2023-04-23T10:55:36+00:00","mainEntityOfPage":{"@id":"https:\/\/www.notibras.com\/site\/justica-condena-motorista-que-atropelou-tres-ciclistas\/"},"wordCount":433,"publisher":{"@id":"https:\/\/www.notibras.com\/site\/#organization"},"image":{"@id":"https:\/\/www.notibras.com\/site\/justica-condena-motorista-que-atropelou-tres-ciclistas\/#primaryimage"},"thumbnailUrl":"https:\/\/www.notibras.com\/site\/wp-content\/uploads\/2016\/10\/samu.jpg","articleSection":["Quadradinho em Foco"],"inLanguage":"pt-BR"},{"@type":"WebPage","@id":"https:\/\/www.notibras.com\/site\/justica-condena-motorista-que-atropelou-tres-ciclistas\/","url":"https:\/\/www.notibras.com\/site\/justica-condena-motorista-que-atropelou-tres-ciclistas\/","name":"Justi\u00e7a condena motorista que atropelou tr\u00eas ciclistas - Notibras","isPartOf":{"@id":"https:\/\/www.notibras.com\/site\/#website"},"primaryImageOfPage":{"@id":"https:\/\/www.notibras.com\/site\/justica-condena-motorista-que-atropelou-tres-ciclistas\/#primaryimage"},"image":{"@id":"https:\/\/www.notibras.com\/site\/justica-condena-motorista-que-atropelou-tres-ciclistas\/#primaryimage"},"thumbnailUrl":"https:\/\/www.notibras.com\/site\/wp-content\/uploads\/2016\/10\/samu.jpg","datePublished":"2023-04-23T03:00:43+00:00","dateModified":"2023-04-23T10:55:36+00:00","breadcrumb":{"@id":"https:\/\/www.notibras.com\/site\/justica-condena-motorista-que-atropelou-tres-ciclistas\/#breadcrumb"},"inLanguage":"pt-BR","potentialAction":[{"@type":"ReadAction","target":["https:\/\/www.notibras.com\/site\/justica-condena-motorista-que-atropelou-tres-ciclistas\/"]}]},{"@type":"ImageObject","inLanguage":"pt-BR","@id":"https:\/\/www.notibras.com\/site\/justica-condena-motorista-que-atropelou-tres-ciclistas\/#primaryimage","url":"https:\/\/www.notibras.com\/site\/wp-content\/uploads\/2016\/10\/samu.jpg","contentUrl":"https:\/\/www.notibras.com\/site\/wp-content\/uploads\/2016\/10\/samu.jpg","width":610,"height":390},{"@type":"BreadcrumbList","@id":"https:\/\/www.notibras.com\/site\/justica-condena-motorista-que-atropelou-tres-ciclistas\/#breadcrumb","itemListElement":[{"@type":"ListItem","position":1,"name":"In\u00edcio","item":"https:\/\/www.notibras.com\/site\/"},{"@type":"ListItem","position":2,"name":"Justi\u00e7a condena motorista que atropelou tr\u00eas ciclistas"}]},{"@type":"WebSite","@id":"https:\/\/www.notibras.com\/site\/#website","url":"https:\/\/www.notibras.com\/site\/","name":"Notibras","description":"Not\u00edcias de Bras\u00edlia, do Brasil e do Mundo","publisher":{"@id":"https:\/\/www.notibras.com\/site\/#organization"},"potentialAction":[{"@type":"SearchAction","target":{"@type":"EntryPoint","urlTemplate":"https:\/\/www.notibras.com\/site\/?s={search_term_string}"},"query-input":{"@type":"PropertyValueSpecification","valueRequired":true,"valueName":"search_term_string"}}],"inLanguage":"pt-BR"},{"@type":"Organization","@id":"https:\/\/www.notibras.com\/site\/#organization","name":"Grupo Notibras de Comunica\u00e7\u00e3o","url":"https:\/\/www.notibras.com\/site\/","logo":{"@type":"ImageObject","inLanguage":"pt-BR","@id":"https:\/\/www.notibras.com\/site\/#\/schema\/logo\/image\/","url":"https:\/\/www.notibras.com\/site\/wp-content\/uploads\/2023\/01\/notibras23.png","contentUrl":"https:\/\/www.notibras.com\/site\/wp-content\/uploads\/2023\/01\/notibras23.png","width":350,"height":87,"caption":"Grupo Notibras de Comunica\u00e7\u00e3o"},"image":{"@id":"https:\/\/www.notibras.com\/site\/#\/schema\/logo\/image\/"},"sameAs":["https:\/\/www.facebook.com\/notibras\/","https:\/\/x.com\/Notibras","https:\/\/www.instagram.com\/notibras\/"]},{"@type":"Person","@id":"https:\/\/www.notibras.com\/site\/#\/schema\/person\/36ab0979449956132d3e5b517ea76ac8","name":"Reda\u00e7\u00e3o","image":{"@type":"ImageObject","inLanguage":"pt-BR","@id":"https:\/\/secure.gravatar.com\/avatar\/e0a867bdedb85fd243eadf09663511f96fc81e0720a4a42581f334ad4303aa6b?s=96&d=mm&r=g","url":"https:\/\/secure.gravatar.com\/avatar\/e0a867bdedb85fd243eadf09663511f96fc81e0720a4a42581f334ad4303aa6b?s=96&d=mm&r=g","contentUrl":"https:\/\/secure.gravatar.com\/avatar\/e0a867bdedb85fd243eadf09663511f96fc81e0720a4a42581f334ad4303aa6b?s=96&d=mm&r=g","caption":"Reda\u00e7\u00e3o"}}]}},"amp_enabled":true,"_links":{"self":[{"href":"https:\/\/www.notibras.com\/site\/wp-json\/wp\/v2\/posts\/303495","targetHints":{"allow":["GET"]}}],"collection":[{"href":"https:\/\/www.notibras.com\/site\/wp-json\/wp\/v2\/posts"}],"about":[{"href":"https:\/\/www.notibras.com\/site\/wp-json\/wp\/v2\/types\/post"}],"author":[{"embeddable":true,"href":"https:\/\/www.notibras.com\/site\/wp-json\/wp\/v2\/users\/2"}],"replies":[{"embeddable":true,"href":"https:\/\/www.notibras.com\/site\/wp-json\/wp\/v2\/comments?post=303495"}],"version-history":[{"count":1,"href":"https:\/\/www.notibras.com\/site\/wp-json\/wp\/v2\/posts\/303495\/revisions"}],"predecessor-version":[{"id":303496,"href":"https:\/\/www.notibras.com\/site\/wp-json\/wp\/v2\/posts\/303495\/revisions\/303496"}],"wp:featuredmedia":[{"embeddable":true,"href":"https:\/\/www.notibras.com\/site\/wp-json\/wp\/v2\/media\/118542"}],"wp:attachment":[{"href":"https:\/\/www.notibras.com\/site\/wp-json\/wp\/v2\/media?parent=303495"}],"wp:term":[{"taxonomy":"category","embeddable":true,"href":"https:\/\/www.notibras.com\/site\/wp-json\/wp\/v2\/categories?post=303495"},{"taxonomy":"post_tag","embeddable":true,"href":"https:\/\/www.notibras.com\/site\/wp-json\/wp\/v2\/tags?post=303495"}],"curies":[{"name":"wp","href":"https:\/\/api.w.org\/{rel}","templated":true}]}}