{"id":303497,"date":"2023-04-23T00:00:21","date_gmt":"2023-04-23T03:00:21","guid":{"rendered":"https:\/\/www.notibras.com\/site\/?p=303497"},"modified":"2023-04-23T08:03:40","modified_gmt":"2023-04-23T11:03:40","slug":"muro-de-academia-em-area-publica-sera-derrubado","status":"publish","type":"post","link":"https:\/\/www.notibras.com\/site\/muro-de-academia-em-area-publica-sera-derrubado\/","title":{"rendered":"Muro de academia em \u00e1rea p\u00fablica ser\u00e1 derrubado"},"content":{"rendered":"<p>A Vara de Meio Ambiente, Desenvolvimento Urbano e Fundi\u00e1rio negou pedido para proibir a demoli\u00e7\u00e3o de muro irregular constru\u00eddo em beco. O autor do processo j\u00e1 havia sido multado pelo \u00f3rg\u00e3o competente, mesmo assim continuou com a obra.<\/p>\n<p>Segundo os autos, um homem construiu um muro no beco situado no Guar\u00e1 II, a fim de garantir a seguran\u00e7a dos alunos do filho, que \u00e9 personal trainer, e utiliza o espa\u00e7o para desempenhar suas atividades comerciais. Ele tamb\u00e9m alega que o beco est\u00e1 cercado h\u00e1 20 anos e que tem realizado benfeitorias no local.<\/p>\n<p>Na defesa, o homem informa que a medida \u00e9 desproporcional e fere o princ\u00edpio da isonomia, pois \u201cv\u00e1rias casas que est\u00e3o em situa\u00e7\u00e3o semelhante n\u00e3o foram notificadas, apesar de apresentarem irregularidades semelhantes.\u201d Tamb\u00e9m argumenta inobserv\u00e2ncia do devido processo legal, que ocorre quando n\u00e3o \u00e9 garantido a uma pessoa os meios legais de se defender.<\/p>\n<p>O Distrito Federal, por sua vez, destaca que o local \u00e9 p\u00fablico e n\u00e3o deve ser destinado a pr\u00e1ticas comerciais. Tamb\u00e9m mencionou que o homem \u201cinsiste em desrespeitar a ordem de demoli\u00e7\u00e3o, at\u00e9 mesmo porque prosseguiu com as obras mesmo depois da fiscaliza\u00e7\u00e3o e imposi\u00e7\u00e3o da multa de R$ 6.247,96\u201d. Por fim, afirma que h\u00e1 a possibilidade de demoli\u00e7\u00e3o imediata da obra ilegal, conforme disp\u00f5e o C\u00f3digo de Obras e Edifica\u00e7\u00f5es (Lei 6.138\/2018).<\/p>\n<p>Na senten\u00e7a, o magistrado pontuou que se existem outras edifica\u00e7\u00f5es irregulares \u00e9 por inefici\u00eancia do Estado em coibi-las, mas que a viola\u00e7\u00e3o \u201c(&#8230;) n\u00e3o \u00e9 fonte de direitos, mas ao contr\u00e1rio, vicia todos os reflexos dela decorrentes\u201d. A respeito da alega\u00e7\u00e3o de viola\u00e7\u00e3o do devido processo legal, afirmou que o DF \u201cteve a cautela de notificar o autor, o que afasta em definitivo a alega\u00e7\u00e3o de cerceamento do direito ao devido processo legal e \u00e0 ampla defesa&#8221;.<\/p>\n<p>Finalmente, o Juiz asseverou que as fotos juntadas ao processo \u201crevelam claramente que o autor se assenhorou da \u00e1rea p\u00fablica destinada \u00e0 livre circula\u00e7\u00e3o de pessoas e levantou edifica\u00e7\u00e3o recente em alvenaria, sem autoriza\u00e7\u00e3o da Administra\u00e7\u00e3o P\u00fablica&#8221;.<\/p>\n","protected":false},"excerpt":{"rendered":"<p>A Vara de Meio Ambiente, Desenvolvimento Urbano e Fundi\u00e1rio negou pedido para proibir a demoli\u00e7\u00e3o de muro irregular constru\u00eddo em beco. O autor do processo j\u00e1 havia sido multado pelo \u00f3rg\u00e3o competente, mesmo assim continuou com a obra. Segundo os autos, um homem construiu um muro no beco situado no Guar\u00e1 II, a fim de [&hellip;]<\/p>\n","protected":false},"author":2,"featured_media":303498,"comment_status":"closed","ping_status":"closed","sticky":false,"template":"","format":"standard","meta":{"_acf_changed":false,"footnotes":""},"categories":[161],"tags":[],"class_list":["post-303497","post","type-post","status-publish","format-standard","has-post-thumbnail","hentry","category-quadradinho-em-foco"],"acf":[],"yoast_head":"<!-- This site is optimized with the Yoast SEO plugin v27.2 - https:\/\/yoast.com\/product\/yoast-seo-wordpress\/ -->\n<title>Muro de academia em \u00e1rea p\u00fablica ser\u00e1 derrubado - Notibras<\/title>\n<meta name=\"robots\" content=\"index, follow, max-snippet:-1, max-image-preview:large, max-video-preview:-1\" \/>\n<link rel=\"canonical\" href=\"https:\/\/www.notibras.com\/site\/muro-de-academia-em-area-publica-sera-derrubado\/\" \/>\n<meta property=\"og:locale\" content=\"pt_BR\" \/>\n<meta property=\"og:type\" content=\"article\" \/>\n<meta property=\"og:title\" content=\"Muro de academia em \u00e1rea p\u00fablica ser\u00e1 derrubado - Notibras\" \/>\n<meta property=\"og:description\" content=\"A Vara de Meio Ambiente, Desenvolvimento Urbano e Fundi\u00e1rio negou pedido para proibir a demoli\u00e7\u00e3o de muro irregular constru\u00eddo em beco. O autor do processo j\u00e1 havia sido multado pelo \u00f3rg\u00e3o competente, mesmo assim continuou com a obra. Segundo os autos, um homem construiu um muro no beco situado no Guar\u00e1 II, a fim de [&hellip;]\" \/>\n<meta property=\"og:url\" content=\"https:\/\/www.notibras.com\/site\/muro-de-academia-em-area-publica-sera-derrubado\/\" \/>\n<meta property=\"og:site_name\" content=\"Notibras\" \/>\n<meta property=\"article:publisher\" content=\"https:\/\/www.facebook.com\/notibras\/\" \/>\n<meta property=\"article:published_time\" content=\"2023-04-23T03:00:21+00:00\" \/>\n<meta property=\"article:modified_time\" content=\"2023-04-23T11:03:40+00:00\" \/>\n<meta property=\"og:image\" content=\"https:\/\/www.notibras.com\/site\/wp-content\/uploads\/2023\/04\/como-construir-um-muro.jpg\" \/>\n\t<meta property=\"og:image:width\" content=\"1296\" \/>\n\t<meta property=\"og:image:height\" content=\"972\" \/>\n\t<meta property=\"og:image:type\" content=\"image\/jpeg\" \/>\n<meta name=\"author\" content=\"Reda\u00e7\u00e3o\" \/>\n<meta name=\"twitter:card\" content=\"summary_large_image\" \/>\n<meta name=\"twitter:creator\" content=\"@Notibras\" \/>\n<meta name=\"twitter:site\" content=\"@Notibras\" \/>\n<meta name=\"twitter:label1\" content=\"Escrito por\" \/>\n\t<meta name=\"twitter:data1\" content=\"Reda\u00e7\u00e3o\" \/>\n\t<meta name=\"twitter:label2\" content=\"Est. tempo de leitura\" \/>\n\t<meta name=\"twitter:data2\" content=\"2 minutos\" \/>\n<script type=\"application\/ld+json\" class=\"yoast-schema-graph\">{\"@context\":\"https:\/\/schema.org\",\"@graph\":[{\"@type\":\"Article\",\"@id\":\"https:\/\/www.notibras.com\/site\/muro-de-academia-em-area-publica-sera-derrubado\/#article\",\"isPartOf\":{\"@id\":\"https:\/\/www.notibras.com\/site\/muro-de-academia-em-area-publica-sera-derrubado\/\"},\"author\":{\"name\":\"Reda\u00e7\u00e3o\",\"@id\":\"https:\/\/www.notibras.com\/site\/#\/schema\/person\/36ab0979449956132d3e5b517ea76ac8\"},\"headline\":\"Muro de academia em \u00e1rea p\u00fablica ser\u00e1 derrubado\",\"datePublished\":\"2023-04-23T03:00:21+00:00\",\"dateModified\":\"2023-04-23T11:03:40+00:00\",\"mainEntityOfPage\":{\"@id\":\"https:\/\/www.notibras.com\/site\/muro-de-academia-em-area-publica-sera-derrubado\/\"},\"wordCount\":372,\"publisher\":{\"@id\":\"https:\/\/www.notibras.com\/site\/#organization\"},\"image\":{\"@id\":\"https:\/\/www.notibras.com\/site\/muro-de-academia-em-area-publica-sera-derrubado\/#primaryimage\"},\"thumbnailUrl\":\"https:\/\/www.notibras.com\/site\/wp-content\/uploads\/2023\/04\/como-construir-um-muro.jpg\",\"articleSection\":[\"Quadradinho em Foco\"],\"inLanguage\":\"pt-BR\"},{\"@type\":\"WebPage\",\"@id\":\"https:\/\/www.notibras.com\/site\/muro-de-academia-em-area-publica-sera-derrubado\/\",\"url\":\"https:\/\/www.notibras.com\/site\/muro-de-academia-em-area-publica-sera-derrubado\/\",\"name\":\"Muro de academia em \u00e1rea p\u00fablica ser\u00e1 derrubado - Notibras\",\"isPartOf\":{\"@id\":\"https:\/\/www.notibras.com\/site\/#website\"},\"primaryImageOfPage\":{\"@id\":\"https:\/\/www.notibras.com\/site\/muro-de-academia-em-area-publica-sera-derrubado\/#primaryimage\"},\"image\":{\"@id\":\"https:\/\/www.notibras.com\/site\/muro-de-academia-em-area-publica-sera-derrubado\/#primaryimage\"},\"thumbnailUrl\":\"https:\/\/www.notibras.com\/site\/wp-content\/uploads\/2023\/04\/como-construir-um-muro.jpg\",\"datePublished\":\"2023-04-23T03:00:21+00:00\",\"dateModified\":\"2023-04-23T11:03:40+00:00\",\"breadcrumb\":{\"@id\":\"https:\/\/www.notibras.com\/site\/muro-de-academia-em-area-publica-sera-derrubado\/#breadcrumb\"},\"inLanguage\":\"pt-BR\",\"potentialAction\":[{\"@type\":\"ReadAction\",\"target\":[\"https:\/\/www.notibras.com\/site\/muro-de-academia-em-area-publica-sera-derrubado\/\"]}]},{\"@type\":\"ImageObject\",\"inLanguage\":\"pt-BR\",\"@id\":\"https:\/\/www.notibras.com\/site\/muro-de-academia-em-area-publica-sera-derrubado\/#primaryimage\",\"url\":\"https:\/\/www.notibras.com\/site\/wp-content\/uploads\/2023\/04\/como-construir-um-muro.jpg\",\"contentUrl\":\"https:\/\/www.notibras.com\/site\/wp-content\/uploads\/2023\/04\/como-construir-um-muro.jpg\",\"width\":1296,\"height\":972},{\"@type\":\"BreadcrumbList\",\"@id\":\"https:\/\/www.notibras.com\/site\/muro-de-academia-em-area-publica-sera-derrubado\/#breadcrumb\",\"itemListElement\":[{\"@type\":\"ListItem\",\"position\":1,\"name\":\"In\u00edcio\",\"item\":\"https:\/\/www.notibras.com\/site\/\"},{\"@type\":\"ListItem\",\"position\":2,\"name\":\"Muro de academia em \u00e1rea p\u00fablica ser\u00e1 derrubado\"}]},{\"@type\":\"WebSite\",\"@id\":\"https:\/\/www.notibras.com\/site\/#website\",\"url\":\"https:\/\/www.notibras.com\/site\/\",\"name\":\"Notibras\",\"description\":\"Not\u00edcias de Bras\u00edlia, do Brasil e do Mundo\",\"publisher\":{\"@id\":\"https:\/\/www.notibras.com\/site\/#organization\"},\"potentialAction\":[{\"@type\":\"SearchAction\",\"target\":{\"@type\":\"EntryPoint\",\"urlTemplate\":\"https:\/\/www.notibras.com\/site\/?s={search_term_string}\"},\"query-input\":{\"@type\":\"PropertyValueSpecification\",\"valueRequired\":true,\"valueName\":\"search_term_string\"}}],\"inLanguage\":\"pt-BR\"},{\"@type\":\"Organization\",\"@id\":\"https:\/\/www.notibras.com\/site\/#organization\",\"name\":\"Grupo Notibras de Comunica\u00e7\u00e3o\",\"url\":\"https:\/\/www.notibras.com\/site\/\",\"logo\":{\"@type\":\"ImageObject\",\"inLanguage\":\"pt-BR\",\"@id\":\"https:\/\/www.notibras.com\/site\/#\/schema\/logo\/image\/\",\"url\":\"https:\/\/www.notibras.com\/site\/wp-content\/uploads\/2023\/01\/notibras23.png\",\"contentUrl\":\"https:\/\/www.notibras.com\/site\/wp-content\/uploads\/2023\/01\/notibras23.png\",\"width\":350,\"height\":87,\"caption\":\"Grupo Notibras de Comunica\u00e7\u00e3o\"},\"image\":{\"@id\":\"https:\/\/www.notibras.com\/site\/#\/schema\/logo\/image\/\"},\"sameAs\":[\"https:\/\/www.facebook.com\/notibras\/\",\"https:\/\/x.com\/Notibras\",\"https:\/\/www.instagram.com\/notibras\/\"]},{\"@type\":\"Person\",\"@id\":\"https:\/\/www.notibras.com\/site\/#\/schema\/person\/36ab0979449956132d3e5b517ea76ac8\",\"name\":\"Reda\u00e7\u00e3o\",\"image\":{\"@type\":\"ImageObject\",\"inLanguage\":\"pt-BR\",\"@id\":\"https:\/\/secure.gravatar.com\/avatar\/e0a867bdedb85fd243eadf09663511f96fc81e0720a4a42581f334ad4303aa6b?s=96&d=mm&r=g\",\"url\":\"https:\/\/secure.gravatar.com\/avatar\/e0a867bdedb85fd243eadf09663511f96fc81e0720a4a42581f334ad4303aa6b?s=96&d=mm&r=g\",\"contentUrl\":\"https:\/\/secure.gravatar.com\/avatar\/e0a867bdedb85fd243eadf09663511f96fc81e0720a4a42581f334ad4303aa6b?s=96&d=mm&r=g\",\"caption\":\"Reda\u00e7\u00e3o\"}}]}<\/script>\n<!-- \/ Yoast SEO plugin. -->","yoast_head_json":{"title":"Muro de academia em \u00e1rea p\u00fablica ser\u00e1 derrubado - Notibras","robots":{"index":"index","follow":"follow","max-snippet":"max-snippet:-1","max-image-preview":"max-image-preview:large","max-video-preview":"max-video-preview:-1"},"canonical":"https:\/\/www.notibras.com\/site\/muro-de-academia-em-area-publica-sera-derrubado\/","og_locale":"pt_BR","og_type":"article","og_title":"Muro de academia em \u00e1rea p\u00fablica ser\u00e1 derrubado - Notibras","og_description":"A Vara de Meio Ambiente, Desenvolvimento Urbano e Fundi\u00e1rio negou pedido para proibir a demoli\u00e7\u00e3o de muro irregular constru\u00eddo em beco. O autor do processo j\u00e1 havia sido multado pelo \u00f3rg\u00e3o competente, mesmo assim continuou com a obra. Segundo os autos, um homem construiu um muro no beco situado no Guar\u00e1 II, a fim de [&hellip;]","og_url":"https:\/\/www.notibras.com\/site\/muro-de-academia-em-area-publica-sera-derrubado\/","og_site_name":"Notibras","article_publisher":"https:\/\/www.facebook.com\/notibras\/","article_published_time":"2023-04-23T03:00:21+00:00","article_modified_time":"2023-04-23T11:03:40+00:00","og_image":[{"width":1296,"height":972,"url":"https:\/\/www.notibras.com\/site\/wp-content\/uploads\/2023\/04\/como-construir-um-muro.jpg","type":"image\/jpeg"}],"author":"Reda\u00e7\u00e3o","twitter_card":"summary_large_image","twitter_creator":"@Notibras","twitter_site":"@Notibras","twitter_misc":{"Escrito por":"Reda\u00e7\u00e3o","Est. tempo de leitura":"2 minutos"},"schema":{"@context":"https:\/\/schema.org","@graph":[{"@type":"Article","@id":"https:\/\/www.notibras.com\/site\/muro-de-academia-em-area-publica-sera-derrubado\/#article","isPartOf":{"@id":"https:\/\/www.notibras.com\/site\/muro-de-academia-em-area-publica-sera-derrubado\/"},"author":{"name":"Reda\u00e7\u00e3o","@id":"https:\/\/www.notibras.com\/site\/#\/schema\/person\/36ab0979449956132d3e5b517ea76ac8"},"headline":"Muro de academia em \u00e1rea p\u00fablica ser\u00e1 derrubado","datePublished":"2023-04-23T03:00:21+00:00","dateModified":"2023-04-23T11:03:40+00:00","mainEntityOfPage":{"@id":"https:\/\/www.notibras.com\/site\/muro-de-academia-em-area-publica-sera-derrubado\/"},"wordCount":372,"publisher":{"@id":"https:\/\/www.notibras.com\/site\/#organization"},"image":{"@id":"https:\/\/www.notibras.com\/site\/muro-de-academia-em-area-publica-sera-derrubado\/#primaryimage"},"thumbnailUrl":"https:\/\/www.notibras.com\/site\/wp-content\/uploads\/2023\/04\/como-construir-um-muro.jpg","articleSection":["Quadradinho em Foco"],"inLanguage":"pt-BR"},{"@type":"WebPage","@id":"https:\/\/www.notibras.com\/site\/muro-de-academia-em-area-publica-sera-derrubado\/","url":"https:\/\/www.notibras.com\/site\/muro-de-academia-em-area-publica-sera-derrubado\/","name":"Muro de academia em \u00e1rea p\u00fablica ser\u00e1 derrubado - Notibras","isPartOf":{"@id":"https:\/\/www.notibras.com\/site\/#website"},"primaryImageOfPage":{"@id":"https:\/\/www.notibras.com\/site\/muro-de-academia-em-area-publica-sera-derrubado\/#primaryimage"},"image":{"@id":"https:\/\/www.notibras.com\/site\/muro-de-academia-em-area-publica-sera-derrubado\/#primaryimage"},"thumbnailUrl":"https:\/\/www.notibras.com\/site\/wp-content\/uploads\/2023\/04\/como-construir-um-muro.jpg","datePublished":"2023-04-23T03:00:21+00:00","dateModified":"2023-04-23T11:03:40+00:00","breadcrumb":{"@id":"https:\/\/www.notibras.com\/site\/muro-de-academia-em-area-publica-sera-derrubado\/#breadcrumb"},"inLanguage":"pt-BR","potentialAction":[{"@type":"ReadAction","target":["https:\/\/www.notibras.com\/site\/muro-de-academia-em-area-publica-sera-derrubado\/"]}]},{"@type":"ImageObject","inLanguage":"pt-BR","@id":"https:\/\/www.notibras.com\/site\/muro-de-academia-em-area-publica-sera-derrubado\/#primaryimage","url":"https:\/\/www.notibras.com\/site\/wp-content\/uploads\/2023\/04\/como-construir-um-muro.jpg","contentUrl":"https:\/\/www.notibras.com\/site\/wp-content\/uploads\/2023\/04\/como-construir-um-muro.jpg","width":1296,"height":972},{"@type":"BreadcrumbList","@id":"https:\/\/www.notibras.com\/site\/muro-de-academia-em-area-publica-sera-derrubado\/#breadcrumb","itemListElement":[{"@type":"ListItem","position":1,"name":"In\u00edcio","item":"https:\/\/www.notibras.com\/site\/"},{"@type":"ListItem","position":2,"name":"Muro de academia em \u00e1rea p\u00fablica ser\u00e1 derrubado"}]},{"@type":"WebSite","@id":"https:\/\/www.notibras.com\/site\/#website","url":"https:\/\/www.notibras.com\/site\/","name":"Notibras","description":"Not\u00edcias de Bras\u00edlia, do Brasil e do Mundo","publisher":{"@id":"https:\/\/www.notibras.com\/site\/#organization"},"potentialAction":[{"@type":"SearchAction","target":{"@type":"EntryPoint","urlTemplate":"https:\/\/www.notibras.com\/site\/?s={search_term_string}"},"query-input":{"@type":"PropertyValueSpecification","valueRequired":true,"valueName":"search_term_string"}}],"inLanguage":"pt-BR"},{"@type":"Organization","@id":"https:\/\/www.notibras.com\/site\/#organization","name":"Grupo Notibras de Comunica\u00e7\u00e3o","url":"https:\/\/www.notibras.com\/site\/","logo":{"@type":"ImageObject","inLanguage":"pt-BR","@id":"https:\/\/www.notibras.com\/site\/#\/schema\/logo\/image\/","url":"https:\/\/www.notibras.com\/site\/wp-content\/uploads\/2023\/01\/notibras23.png","contentUrl":"https:\/\/www.notibras.com\/site\/wp-content\/uploads\/2023\/01\/notibras23.png","width":350,"height":87,"caption":"Grupo Notibras de Comunica\u00e7\u00e3o"},"image":{"@id":"https:\/\/www.notibras.com\/site\/#\/schema\/logo\/image\/"},"sameAs":["https:\/\/www.facebook.com\/notibras\/","https:\/\/x.com\/Notibras","https:\/\/www.instagram.com\/notibras\/"]},{"@type":"Person","@id":"https:\/\/www.notibras.com\/site\/#\/schema\/person\/36ab0979449956132d3e5b517ea76ac8","name":"Reda\u00e7\u00e3o","image":{"@type":"ImageObject","inLanguage":"pt-BR","@id":"https:\/\/secure.gravatar.com\/avatar\/e0a867bdedb85fd243eadf09663511f96fc81e0720a4a42581f334ad4303aa6b?s=96&d=mm&r=g","url":"https:\/\/secure.gravatar.com\/avatar\/e0a867bdedb85fd243eadf09663511f96fc81e0720a4a42581f334ad4303aa6b?s=96&d=mm&r=g","contentUrl":"https:\/\/secure.gravatar.com\/avatar\/e0a867bdedb85fd243eadf09663511f96fc81e0720a4a42581f334ad4303aa6b?s=96&d=mm&r=g","caption":"Reda\u00e7\u00e3o"}}]}},"amp_enabled":true,"_links":{"self":[{"href":"https:\/\/www.notibras.com\/site\/wp-json\/wp\/v2\/posts\/303497","targetHints":{"allow":["GET"]}}],"collection":[{"href":"https:\/\/www.notibras.com\/site\/wp-json\/wp\/v2\/posts"}],"about":[{"href":"https:\/\/www.notibras.com\/site\/wp-json\/wp\/v2\/types\/post"}],"author":[{"embeddable":true,"href":"https:\/\/www.notibras.com\/site\/wp-json\/wp\/v2\/users\/2"}],"replies":[{"embeddable":true,"href":"https:\/\/www.notibras.com\/site\/wp-json\/wp\/v2\/comments?post=303497"}],"version-history":[{"count":1,"href":"https:\/\/www.notibras.com\/site\/wp-json\/wp\/v2\/posts\/303497\/revisions"}],"predecessor-version":[{"id":303499,"href":"https:\/\/www.notibras.com\/site\/wp-json\/wp\/v2\/posts\/303497\/revisions\/303499"}],"wp:featuredmedia":[{"embeddable":true,"href":"https:\/\/www.notibras.com\/site\/wp-json\/wp\/v2\/media\/303498"}],"wp:attachment":[{"href":"https:\/\/www.notibras.com\/site\/wp-json\/wp\/v2\/media?parent=303497"}],"wp:term":[{"taxonomy":"category","embeddable":true,"href":"https:\/\/www.notibras.com\/site\/wp-json\/wp\/v2\/categories?post=303497"},{"taxonomy":"post_tag","embeddable":true,"href":"https:\/\/www.notibras.com\/site\/wp-json\/wp\/v2\/tags?post=303497"}],"curies":[{"name":"wp","href":"https:\/\/api.w.org\/{rel}","templated":true}]}}