{"id":303502,"date":"2023-04-23T00:00:25","date_gmt":"2023-04-23T03:00:25","guid":{"rendered":"https:\/\/www.notibras.com\/site\/?p=303502"},"modified":"2023-04-23T08:17:57","modified_gmt":"2023-04-23T11:17:57","slug":"mulher-condenada-por-paralisar-metro-em-ceilandia","status":"publish","type":"post","link":"https:\/\/www.notibras.com\/site\/mulher-condenada-por-paralisar-metro-em-ceilandia\/","title":{"rendered":"Mulher condenada por paralisar metr\u00f4 em Ceil\u00e2ndia"},"content":{"rendered":"<p>A 1\u00aa Turma Criminal do Tribunal de Justi\u00e7a manteve a condena\u00e7\u00e3o de uma mulher pelos crimes de perigo de desastre ferrovi\u00e1rio, artigo 260, e resist\u00eancia, artigo 329, ambos previstos no C\u00f3digo Penal. A r\u00e9 dever\u00e1 cumprir a pena inicialmente em regime semiaberto.<\/p>\n<p>De acordo com o processo, a acusada pulou a catraca da esta\u00e7\u00e3o do metr\u00f4, situado na Ceil\u00e2ndia, momento em que foi perseguida pelos seguran\u00e7as. Posteriormente, arremessou contra eles um extintor de inc\u00eandio, por\u00e9m n\u00e3o conseguiu atingi-los. Na sequ\u00eancia, lan\u00e7ou um segundo extintor na linha f\u00e9rrea e se jogou no local onde transita metr\u00f4. A atitude perturbou o funcionamento regular da esta\u00e7\u00e3o, uma vez que as atividades foram paralisadas por aproximadamente 50 minutos.<\/p>\n<p>No recurso, a defesa alega que a conduta da mulher n\u00e3o caracteriza crime, pois &#8220;(&#8230;) n\u00e3o foi h\u00e1bil a causar impedimento ou perturba\u00e7\u00e3o do servi\u00e7o de estrada de ferro, seja porque a a\u00e7\u00e3o da r\u00e9 em pular na via colocou em risco a sua pr\u00f3pria vida; seja porque o extintor repousou no v\u00e3o dos trilhos, n\u00e3o gerando impedimento no funcionamento do metr\u00f4 ou perigo iminente a terceiro ou que pudesse resultar em desastre&#8221;. Ademais, afirma que ela n\u00e3o tinha a inten\u00e7\u00e3o de causar um desastre. Sobre o crime de resist\u00eancia, argumentou que a apelante n\u00e3o amea\u00e7ou, tampouco usou de viol\u00eancia contra os agentes do metr\u00f4, por isso deve ser absolvida da acusa\u00e7\u00e3o.<\/p>\n<p>O Minist\u00e9rio P\u00fablico, por sua vez, entendeu que ocorreu a pr\u00e1tica dos crimes. &#8220;Ao colocar obst\u00e1culos (extintor de inc\u00eandio) e ao transitar pela estrada f\u00e9rrea, o denunciado impediu o servi\u00e7o de estrada de ferro e a circula\u00e7\u00e3o dos trens do metr\u00f4. Al\u00e9m disso, criou o denunciado uma situa\u00e7\u00e3o risco de dano grave, em face da probabilidade de concretiza\u00e7\u00e3o do desastre ferrovi\u00e1rio&#8221;, pontuou.<\/p>\n<p>Ao julgar o recurso, os desembargadores destacaram que a conduta da mulher demonstrou, no m\u00ednimo, dolo eventual, quando o agente assumi o risco de produzir o resultado (inciso I, artigo 18 do C\u00f3digo Penal), pois a acusada, durante interrogat\u00f3rio alegou que \u201cela estava ciente das coisas que estava fazendo\u201d.<\/p>\n<p>Tamb\u00e9m ponderaram que &#8220;Ora, se o bem jur\u00eddico tutelado \u00e9 justamente a seguran\u00e7a dos meios de comunica\u00e7\u00e3o e transporte (e, indiretamente, tutelar a vida e integridade f\u00edsica dos usu\u00e1rios dos servi\u00e7os), outra conclus\u00e3o n\u00e3o h\u00e1 sen\u00e3o a de que a postura e conduta adotadas pela r\u00e9, de fato, comprometeram a seguran\u00e7a do sistema de transporte (&#8230;)\u201d. Al\u00e9m disso, ela se op\u00f4s a execu\u00e7\u00e3o de ato legal dos seguran\u00e7as do metr\u00f4 e o depoimento das testemunhas v\u00e3o ao encontro do que se constata das filmagens, colhidas dos sistemas de c\u00e2meras da esta\u00e7\u00e3o.<\/p>\n<p>Assim, \u201cSe os relatos dos agentes de seguran\u00e7a metrovi\u00e1rios mostram-se seguros quanto \u00e0 pr\u00e1tica dos crimes narrados na den\u00fancia e coerentes com os demais elementos de prova(&#8230;) n\u00e3o restando, ainda, caracterizada qualquer causa capaz de excluir a tipicidade ou culpabilidade em prol da recorrente, a condena\u00e7\u00e3o \u00e9 medida que se imp\u00f5e\u2019\u2019, afirmou o relator.<\/p>\n","protected":false},"excerpt":{"rendered":"<p>A 1\u00aa Turma Criminal do Tribunal de Justi\u00e7a manteve a condena\u00e7\u00e3o de uma mulher pelos crimes de perigo de desastre ferrovi\u00e1rio, artigo 260, e resist\u00eancia, artigo 329, ambos previstos no C\u00f3digo Penal. A r\u00e9 dever\u00e1 cumprir a pena inicialmente em regime semiaberto. De acordo com o processo, a acusada pulou a catraca da esta\u00e7\u00e3o do [&hellip;]<\/p>\n","protected":false},"author":2,"featured_media":184510,"comment_status":"closed","ping_status":"closed","sticky":false,"template":"","format":"standard","meta":{"_acf_changed":false,"footnotes":""},"categories":[161],"tags":[],"class_list":["post-303502","post","type-post","status-publish","format-standard","has-post-thumbnail","hentry","category-quadradinho-em-foco"],"acf":[],"yoast_head":"<!-- This site is optimized with the Yoast SEO plugin v27.2 - https:\/\/yoast.com\/product\/yoast-seo-wordpress\/ -->\n<title>Mulher condenada por paralisar metr\u00f4 em Ceil\u00e2ndia - Notibras<\/title>\n<meta name=\"robots\" content=\"index, follow, max-snippet:-1, max-image-preview:large, max-video-preview:-1\" \/>\n<link rel=\"canonical\" href=\"https:\/\/www.notibras.com\/site\/mulher-condenada-por-paralisar-metro-em-ceilandia\/\" \/>\n<meta property=\"og:locale\" content=\"pt_BR\" \/>\n<meta property=\"og:type\" content=\"article\" \/>\n<meta property=\"og:title\" content=\"Mulher condenada por paralisar metr\u00f4 em Ceil\u00e2ndia - Notibras\" \/>\n<meta property=\"og:description\" content=\"A 1\u00aa Turma Criminal do Tribunal de Justi\u00e7a manteve a condena\u00e7\u00e3o de uma mulher pelos crimes de perigo de desastre ferrovi\u00e1rio, artigo 260, e resist\u00eancia, artigo 329, ambos previstos no C\u00f3digo Penal. A r\u00e9 dever\u00e1 cumprir a pena inicialmente em regime semiaberto. De acordo com o processo, a acusada pulou a catraca da esta\u00e7\u00e3o do [&hellip;]\" \/>\n<meta property=\"og:url\" content=\"https:\/\/www.notibras.com\/site\/mulher-condenada-por-paralisar-metro-em-ceilandia\/\" \/>\n<meta property=\"og:site_name\" content=\"Notibras\" \/>\n<meta property=\"article:publisher\" content=\"https:\/\/www.facebook.com\/notibras\/\" \/>\n<meta property=\"article:published_time\" content=\"2023-04-23T03:00:25+00:00\" \/>\n<meta property=\"article:modified_time\" content=\"2023-04-23T11:17:57+00:00\" \/>\n<meta property=\"og:image\" content=\"https:\/\/www.notibras.com\/site\/wp-content\/uploads\/2018\/07\/metrodf2.jpg\" \/>\n\t<meta property=\"og:image:width\" content=\"640\" \/>\n\t<meta property=\"og:image:height\" content=\"427\" \/>\n\t<meta property=\"og:image:type\" content=\"image\/jpeg\" \/>\n<meta name=\"author\" content=\"Reda\u00e7\u00e3o\" \/>\n<meta name=\"twitter:card\" content=\"summary_large_image\" \/>\n<meta name=\"twitter:creator\" content=\"@Notibras\" \/>\n<meta name=\"twitter:site\" content=\"@Notibras\" \/>\n<meta name=\"twitter:label1\" content=\"Escrito por\" \/>\n\t<meta name=\"twitter:data1\" content=\"Reda\u00e7\u00e3o\" \/>\n\t<meta name=\"twitter:label2\" content=\"Est. tempo de leitura\" \/>\n\t<meta name=\"twitter:data2\" content=\"3 minutos\" \/>\n<script type=\"application\/ld+json\" class=\"yoast-schema-graph\">{\"@context\":\"https:\/\/schema.org\",\"@graph\":[{\"@type\":\"Article\",\"@id\":\"https:\/\/www.notibras.com\/site\/mulher-condenada-por-paralisar-metro-em-ceilandia\/#article\",\"isPartOf\":{\"@id\":\"https:\/\/www.notibras.com\/site\/mulher-condenada-por-paralisar-metro-em-ceilandia\/\"},\"author\":{\"name\":\"Reda\u00e7\u00e3o\",\"@id\":\"https:\/\/www.notibras.com\/site\/#\/schema\/person\/36ab0979449956132d3e5b517ea76ac8\"},\"headline\":\"Mulher condenada por paralisar metr\u00f4 em Ceil\u00e2ndia\",\"datePublished\":\"2023-04-23T03:00:25+00:00\",\"dateModified\":\"2023-04-23T11:17:57+00:00\",\"mainEntityOfPage\":{\"@id\":\"https:\/\/www.notibras.com\/site\/mulher-condenada-por-paralisar-metro-em-ceilandia\/\"},\"wordCount\":551,\"publisher\":{\"@id\":\"https:\/\/www.notibras.com\/site\/#organization\"},\"image\":{\"@id\":\"https:\/\/www.notibras.com\/site\/mulher-condenada-por-paralisar-metro-em-ceilandia\/#primaryimage\"},\"thumbnailUrl\":\"https:\/\/www.notibras.com\/site\/wp-content\/uploads\/2018\/07\/metrodf2.jpg\",\"articleSection\":[\"Quadradinho em Foco\"],\"inLanguage\":\"pt-BR\"},{\"@type\":\"WebPage\",\"@id\":\"https:\/\/www.notibras.com\/site\/mulher-condenada-por-paralisar-metro-em-ceilandia\/\",\"url\":\"https:\/\/www.notibras.com\/site\/mulher-condenada-por-paralisar-metro-em-ceilandia\/\",\"name\":\"Mulher condenada por paralisar metr\u00f4 em Ceil\u00e2ndia - Notibras\",\"isPartOf\":{\"@id\":\"https:\/\/www.notibras.com\/site\/#website\"},\"primaryImageOfPage\":{\"@id\":\"https:\/\/www.notibras.com\/site\/mulher-condenada-por-paralisar-metro-em-ceilandia\/#primaryimage\"},\"image\":{\"@id\":\"https:\/\/www.notibras.com\/site\/mulher-condenada-por-paralisar-metro-em-ceilandia\/#primaryimage\"},\"thumbnailUrl\":\"https:\/\/www.notibras.com\/site\/wp-content\/uploads\/2018\/07\/metrodf2.jpg\",\"datePublished\":\"2023-04-23T03:00:25+00:00\",\"dateModified\":\"2023-04-23T11:17:57+00:00\",\"breadcrumb\":{\"@id\":\"https:\/\/www.notibras.com\/site\/mulher-condenada-por-paralisar-metro-em-ceilandia\/#breadcrumb\"},\"inLanguage\":\"pt-BR\",\"potentialAction\":[{\"@type\":\"ReadAction\",\"target\":[\"https:\/\/www.notibras.com\/site\/mulher-condenada-por-paralisar-metro-em-ceilandia\/\"]}]},{\"@type\":\"ImageObject\",\"inLanguage\":\"pt-BR\",\"@id\":\"https:\/\/www.notibras.com\/site\/mulher-condenada-por-paralisar-metro-em-ceilandia\/#primaryimage\",\"url\":\"https:\/\/www.notibras.com\/site\/wp-content\/uploads\/2018\/07\/metrodf2.jpg\",\"contentUrl\":\"https:\/\/www.notibras.com\/site\/wp-content\/uploads\/2018\/07\/metrodf2.jpg\",\"width\":640,\"height\":427},{\"@type\":\"BreadcrumbList\",\"@id\":\"https:\/\/www.notibras.com\/site\/mulher-condenada-por-paralisar-metro-em-ceilandia\/#breadcrumb\",\"itemListElement\":[{\"@type\":\"ListItem\",\"position\":1,\"name\":\"In\u00edcio\",\"item\":\"https:\/\/www.notibras.com\/site\/\"},{\"@type\":\"ListItem\",\"position\":2,\"name\":\"Mulher condenada por paralisar metr\u00f4 em Ceil\u00e2ndia\"}]},{\"@type\":\"WebSite\",\"@id\":\"https:\/\/www.notibras.com\/site\/#website\",\"url\":\"https:\/\/www.notibras.com\/site\/\",\"name\":\"Notibras\",\"description\":\"Not\u00edcias de Bras\u00edlia, do Brasil e do Mundo\",\"publisher\":{\"@id\":\"https:\/\/www.notibras.com\/site\/#organization\"},\"potentialAction\":[{\"@type\":\"SearchAction\",\"target\":{\"@type\":\"EntryPoint\",\"urlTemplate\":\"https:\/\/www.notibras.com\/site\/?s={search_term_string}\"},\"query-input\":{\"@type\":\"PropertyValueSpecification\",\"valueRequired\":true,\"valueName\":\"search_term_string\"}}],\"inLanguage\":\"pt-BR\"},{\"@type\":\"Organization\",\"@id\":\"https:\/\/www.notibras.com\/site\/#organization\",\"name\":\"Grupo Notibras de Comunica\u00e7\u00e3o\",\"url\":\"https:\/\/www.notibras.com\/site\/\",\"logo\":{\"@type\":\"ImageObject\",\"inLanguage\":\"pt-BR\",\"@id\":\"https:\/\/www.notibras.com\/site\/#\/schema\/logo\/image\/\",\"url\":\"https:\/\/www.notibras.com\/site\/wp-content\/uploads\/2023\/01\/notibras23.png\",\"contentUrl\":\"https:\/\/www.notibras.com\/site\/wp-content\/uploads\/2023\/01\/notibras23.png\",\"width\":350,\"height\":87,\"caption\":\"Grupo Notibras de Comunica\u00e7\u00e3o\"},\"image\":{\"@id\":\"https:\/\/www.notibras.com\/site\/#\/schema\/logo\/image\/\"},\"sameAs\":[\"https:\/\/www.facebook.com\/notibras\/\",\"https:\/\/x.com\/Notibras\",\"https:\/\/www.instagram.com\/notibras\/\"]},{\"@type\":\"Person\",\"@id\":\"https:\/\/www.notibras.com\/site\/#\/schema\/person\/36ab0979449956132d3e5b517ea76ac8\",\"name\":\"Reda\u00e7\u00e3o\",\"image\":{\"@type\":\"ImageObject\",\"inLanguage\":\"pt-BR\",\"@id\":\"https:\/\/secure.gravatar.com\/avatar\/e0a867bdedb85fd243eadf09663511f96fc81e0720a4a42581f334ad4303aa6b?s=96&d=mm&r=g\",\"url\":\"https:\/\/secure.gravatar.com\/avatar\/e0a867bdedb85fd243eadf09663511f96fc81e0720a4a42581f334ad4303aa6b?s=96&d=mm&r=g\",\"contentUrl\":\"https:\/\/secure.gravatar.com\/avatar\/e0a867bdedb85fd243eadf09663511f96fc81e0720a4a42581f334ad4303aa6b?s=96&d=mm&r=g\",\"caption\":\"Reda\u00e7\u00e3o\"}}]}<\/script>\n<!-- \/ Yoast SEO plugin. -->","yoast_head_json":{"title":"Mulher condenada por paralisar metr\u00f4 em Ceil\u00e2ndia - Notibras","robots":{"index":"index","follow":"follow","max-snippet":"max-snippet:-1","max-image-preview":"max-image-preview:large","max-video-preview":"max-video-preview:-1"},"canonical":"https:\/\/www.notibras.com\/site\/mulher-condenada-por-paralisar-metro-em-ceilandia\/","og_locale":"pt_BR","og_type":"article","og_title":"Mulher condenada por paralisar metr\u00f4 em Ceil\u00e2ndia - Notibras","og_description":"A 1\u00aa Turma Criminal do Tribunal de Justi\u00e7a manteve a condena\u00e7\u00e3o de uma mulher pelos crimes de perigo de desastre ferrovi\u00e1rio, artigo 260, e resist\u00eancia, artigo 329, ambos previstos no C\u00f3digo Penal. A r\u00e9 dever\u00e1 cumprir a pena inicialmente em regime semiaberto. De acordo com o processo, a acusada pulou a catraca da esta\u00e7\u00e3o do [&hellip;]","og_url":"https:\/\/www.notibras.com\/site\/mulher-condenada-por-paralisar-metro-em-ceilandia\/","og_site_name":"Notibras","article_publisher":"https:\/\/www.facebook.com\/notibras\/","article_published_time":"2023-04-23T03:00:25+00:00","article_modified_time":"2023-04-23T11:17:57+00:00","og_image":[{"width":640,"height":427,"url":"https:\/\/www.notibras.com\/site\/wp-content\/uploads\/2018\/07\/metrodf2.jpg","type":"image\/jpeg"}],"author":"Reda\u00e7\u00e3o","twitter_card":"summary_large_image","twitter_creator":"@Notibras","twitter_site":"@Notibras","twitter_misc":{"Escrito por":"Reda\u00e7\u00e3o","Est. tempo de leitura":"3 minutos"},"schema":{"@context":"https:\/\/schema.org","@graph":[{"@type":"Article","@id":"https:\/\/www.notibras.com\/site\/mulher-condenada-por-paralisar-metro-em-ceilandia\/#article","isPartOf":{"@id":"https:\/\/www.notibras.com\/site\/mulher-condenada-por-paralisar-metro-em-ceilandia\/"},"author":{"name":"Reda\u00e7\u00e3o","@id":"https:\/\/www.notibras.com\/site\/#\/schema\/person\/36ab0979449956132d3e5b517ea76ac8"},"headline":"Mulher condenada por paralisar metr\u00f4 em Ceil\u00e2ndia","datePublished":"2023-04-23T03:00:25+00:00","dateModified":"2023-04-23T11:17:57+00:00","mainEntityOfPage":{"@id":"https:\/\/www.notibras.com\/site\/mulher-condenada-por-paralisar-metro-em-ceilandia\/"},"wordCount":551,"publisher":{"@id":"https:\/\/www.notibras.com\/site\/#organization"},"image":{"@id":"https:\/\/www.notibras.com\/site\/mulher-condenada-por-paralisar-metro-em-ceilandia\/#primaryimage"},"thumbnailUrl":"https:\/\/www.notibras.com\/site\/wp-content\/uploads\/2018\/07\/metrodf2.jpg","articleSection":["Quadradinho em Foco"],"inLanguage":"pt-BR"},{"@type":"WebPage","@id":"https:\/\/www.notibras.com\/site\/mulher-condenada-por-paralisar-metro-em-ceilandia\/","url":"https:\/\/www.notibras.com\/site\/mulher-condenada-por-paralisar-metro-em-ceilandia\/","name":"Mulher condenada por paralisar metr\u00f4 em Ceil\u00e2ndia - Notibras","isPartOf":{"@id":"https:\/\/www.notibras.com\/site\/#website"},"primaryImageOfPage":{"@id":"https:\/\/www.notibras.com\/site\/mulher-condenada-por-paralisar-metro-em-ceilandia\/#primaryimage"},"image":{"@id":"https:\/\/www.notibras.com\/site\/mulher-condenada-por-paralisar-metro-em-ceilandia\/#primaryimage"},"thumbnailUrl":"https:\/\/www.notibras.com\/site\/wp-content\/uploads\/2018\/07\/metrodf2.jpg","datePublished":"2023-04-23T03:00:25+00:00","dateModified":"2023-04-23T11:17:57+00:00","breadcrumb":{"@id":"https:\/\/www.notibras.com\/site\/mulher-condenada-por-paralisar-metro-em-ceilandia\/#breadcrumb"},"inLanguage":"pt-BR","potentialAction":[{"@type":"ReadAction","target":["https:\/\/www.notibras.com\/site\/mulher-condenada-por-paralisar-metro-em-ceilandia\/"]}]},{"@type":"ImageObject","inLanguage":"pt-BR","@id":"https:\/\/www.notibras.com\/site\/mulher-condenada-por-paralisar-metro-em-ceilandia\/#primaryimage","url":"https:\/\/www.notibras.com\/site\/wp-content\/uploads\/2018\/07\/metrodf2.jpg","contentUrl":"https:\/\/www.notibras.com\/site\/wp-content\/uploads\/2018\/07\/metrodf2.jpg","width":640,"height":427},{"@type":"BreadcrumbList","@id":"https:\/\/www.notibras.com\/site\/mulher-condenada-por-paralisar-metro-em-ceilandia\/#breadcrumb","itemListElement":[{"@type":"ListItem","position":1,"name":"In\u00edcio","item":"https:\/\/www.notibras.com\/site\/"},{"@type":"ListItem","position":2,"name":"Mulher condenada por paralisar metr\u00f4 em Ceil\u00e2ndia"}]},{"@type":"WebSite","@id":"https:\/\/www.notibras.com\/site\/#website","url":"https:\/\/www.notibras.com\/site\/","name":"Notibras","description":"Not\u00edcias de Bras\u00edlia, do Brasil e do Mundo","publisher":{"@id":"https:\/\/www.notibras.com\/site\/#organization"},"potentialAction":[{"@type":"SearchAction","target":{"@type":"EntryPoint","urlTemplate":"https:\/\/www.notibras.com\/site\/?s={search_term_string}"},"query-input":{"@type":"PropertyValueSpecification","valueRequired":true,"valueName":"search_term_string"}}],"inLanguage":"pt-BR"},{"@type":"Organization","@id":"https:\/\/www.notibras.com\/site\/#organization","name":"Grupo Notibras de Comunica\u00e7\u00e3o","url":"https:\/\/www.notibras.com\/site\/","logo":{"@type":"ImageObject","inLanguage":"pt-BR","@id":"https:\/\/www.notibras.com\/site\/#\/schema\/logo\/image\/","url":"https:\/\/www.notibras.com\/site\/wp-content\/uploads\/2023\/01\/notibras23.png","contentUrl":"https:\/\/www.notibras.com\/site\/wp-content\/uploads\/2023\/01\/notibras23.png","width":350,"height":87,"caption":"Grupo Notibras de Comunica\u00e7\u00e3o"},"image":{"@id":"https:\/\/www.notibras.com\/site\/#\/schema\/logo\/image\/"},"sameAs":["https:\/\/www.facebook.com\/notibras\/","https:\/\/x.com\/Notibras","https:\/\/www.instagram.com\/notibras\/"]},{"@type":"Person","@id":"https:\/\/www.notibras.com\/site\/#\/schema\/person\/36ab0979449956132d3e5b517ea76ac8","name":"Reda\u00e7\u00e3o","image":{"@type":"ImageObject","inLanguage":"pt-BR","@id":"https:\/\/secure.gravatar.com\/avatar\/e0a867bdedb85fd243eadf09663511f96fc81e0720a4a42581f334ad4303aa6b?s=96&d=mm&r=g","url":"https:\/\/secure.gravatar.com\/avatar\/e0a867bdedb85fd243eadf09663511f96fc81e0720a4a42581f334ad4303aa6b?s=96&d=mm&r=g","contentUrl":"https:\/\/secure.gravatar.com\/avatar\/e0a867bdedb85fd243eadf09663511f96fc81e0720a4a42581f334ad4303aa6b?s=96&d=mm&r=g","caption":"Reda\u00e7\u00e3o"}}]}},"amp_enabled":true,"_links":{"self":[{"href":"https:\/\/www.notibras.com\/site\/wp-json\/wp\/v2\/posts\/303502","targetHints":{"allow":["GET"]}}],"collection":[{"href":"https:\/\/www.notibras.com\/site\/wp-json\/wp\/v2\/posts"}],"about":[{"href":"https:\/\/www.notibras.com\/site\/wp-json\/wp\/v2\/types\/post"}],"author":[{"embeddable":true,"href":"https:\/\/www.notibras.com\/site\/wp-json\/wp\/v2\/users\/2"}],"replies":[{"embeddable":true,"href":"https:\/\/www.notibras.com\/site\/wp-json\/wp\/v2\/comments?post=303502"}],"version-history":[{"count":1,"href":"https:\/\/www.notibras.com\/site\/wp-json\/wp\/v2\/posts\/303502\/revisions"}],"predecessor-version":[{"id":303503,"href":"https:\/\/www.notibras.com\/site\/wp-json\/wp\/v2\/posts\/303502\/revisions\/303503"}],"wp:featuredmedia":[{"embeddable":true,"href":"https:\/\/www.notibras.com\/site\/wp-json\/wp\/v2\/media\/184510"}],"wp:attachment":[{"href":"https:\/\/www.notibras.com\/site\/wp-json\/wp\/v2\/media?parent=303502"}],"wp:term":[{"taxonomy":"category","embeddable":true,"href":"https:\/\/www.notibras.com\/site\/wp-json\/wp\/v2\/categories?post=303502"},{"taxonomy":"post_tag","embeddable":true,"href":"https:\/\/www.notibras.com\/site\/wp-json\/wp\/v2\/tags?post=303502"}],"curies":[{"name":"wp","href":"https:\/\/api.w.org\/{rel}","templated":true}]}}