{"id":303504,"date":"2023-04-23T07:01:04","date_gmt":"2023-04-23T10:01:04","guid":{"rendered":"https:\/\/www.notibras.com\/site\/?p=303504"},"modified":"2023-04-23T08:38:11","modified_gmt":"2023-04-23T11:38:11","slug":"curso-ensina-a-plantar-e-vender-plantas-alimenticias","status":"publish","type":"post","link":"https:\/\/www.notibras.com\/site\/curso-ensina-a-plantar-e-vender-plantas-alimenticias\/","title":{"rendered":"Curso ensina a plantar e vender plantas aliment\u00edcias"},"content":{"rendered":"<p>A Secretaria de Agricultura,, em parceria com a Emater, vai oferecer um curso presencial, na pr\u00f3xima quarta-feira (26), sobre a produ\u00e7\u00e3o, processamento e comercializa\u00e7\u00e3o de plantas aliment\u00edcias n\u00e3o convencionais (Pancs). O curso ser\u00e1 realizado na Granja Modelo do Ip\u00ea, no Park Way, das 8h \u00e0s 17h.<\/p>\n<p>As Pancs s\u00e3o consideradas pouco conhecidas e de consumo raro. No entanto, possuem um grande potencial nutricional, facilidade de introdu\u00e7\u00e3o em sistemas de produ\u00e7\u00e3o familiar de pequeno porte e enorme import\u00e2ncia para a seguran\u00e7a alimentar das comunidades.<\/p>\n<p>\u201cA proposta do curso \u00e9 apresentar elementos que apoiem o fortalecimento de toda a cadeia produtiva destas plantas\u201d, conta Athaualpa Costa, engenheiro agr\u00f4nomo da Seagri e coordenador do curso.<\/p>\n<p>\u201cO momento \u00e9 muito apropriado, pois alinha com as demais a\u00e7\u00f5es da Seagri e Emater, em especial com a proposta de inclus\u00e3o das Pancs nas compras institucionais, a exemplo da merenda escolar, promovendo o resgate da nossa cultura alimentar com o fornecimento de esp\u00e9cies de alto valor nutricional, de base de produ\u00e7\u00e3o agroecol\u00f3gica e da produ\u00e7\u00e3o familiar local\u201d, complementa Athaualpa.<\/p>\n<p>O curso contar\u00e1 com a participa\u00e7\u00e3o de especialistas da Seagri e da Emater, que j\u00e1 v\u00eam desenvolvendo importantes trabalhos para o fortalecimento da cadeia das Pancs no DF, como a implanta\u00e7\u00e3o de uma Unidade de Refer\u00eancia Tecnol\u00f3gica de Agrofloresta e a cria\u00e7\u00e3o de um banco de sementes comunit\u00e1rio.<\/p>\n<p>\u201cTamb\u00e9m teremos o apoio e participa\u00e7\u00e3o da Associa\u00e7\u00e3o de Produtores e Protetores de Plantas Aliment\u00edcias N\u00e3o Convencionais (Aspanc) na apresenta\u00e7\u00e3o de temas de extrema relev\u00e2ncia para o setor, como as forma de processamento e agrega\u00e7\u00e3o de valor destas esp\u00e9cies\u201d, finalizou o engenheiro agr\u00f4nomo da Seagri.<\/p>\n<p>Al\u00e9m do curso sobre as Pancs, a Seagri ir\u00e1 realizar no dia anterior (25) mais uma etapa do seu ciclo de capacita\u00e7\u00f5es em piscicultura. A lista completa de cursos e as formas de inscri\u00e7\u00f5es podem ser encontradas\u00a0<a href=\"https:\/\/www.seagri.df.gov.br\/cursos-de-capacitacao-em-tecnologias-de-piscicultura\/\" target=\"_blank\" rel=\"noopener\">clicando aqui<\/a>.<\/p>\n","protected":false},"excerpt":{"rendered":"<p>A Secretaria de Agricultura,, em parceria com a Emater, vai oferecer um curso presencial, na pr\u00f3xima quarta-feira (26), sobre a produ\u00e7\u00e3o, processamento e comercializa\u00e7\u00e3o de plantas aliment\u00edcias n\u00e3o convencionais (Pancs). O curso ser\u00e1 realizado na Granja Modelo do Ip\u00ea, no Park Way, das 8h \u00e0s 17h. As Pancs s\u00e3o consideradas pouco conhecidas e de consumo [&hellip;]<\/p>\n","protected":false},"author":2,"featured_media":303505,"comment_status":"closed","ping_status":"closed","sticky":false,"template":"","format":"standard","meta":{"_acf_changed":false,"footnotes":""},"categories":[161],"tags":[],"class_list":["post-303504","post","type-post","status-publish","format-standard","has-post-thumbnail","hentry","category-quadradinho-em-foco"],"acf":[],"yoast_head":"<!-- This site is optimized with the Yoast SEO plugin v27.2 - https:\/\/yoast.com\/product\/yoast-seo-wordpress\/ -->\n<title>Curso ensina a plantar e vender plantas aliment\u00edcias - Notibras<\/title>\n<meta name=\"robots\" content=\"index, follow, max-snippet:-1, max-image-preview:large, max-video-preview:-1\" \/>\n<link rel=\"canonical\" href=\"https:\/\/www.notibras.com\/site\/curso-ensina-a-plantar-e-vender-plantas-alimenticias\/\" \/>\n<meta property=\"og:locale\" content=\"pt_BR\" \/>\n<meta property=\"og:type\" content=\"article\" \/>\n<meta property=\"og:title\" content=\"Curso ensina a plantar e vender plantas aliment\u00edcias - Notibras\" \/>\n<meta property=\"og:description\" content=\"A Secretaria de Agricultura,, em parceria com a Emater, vai oferecer um curso presencial, na pr\u00f3xima quarta-feira (26), sobre a produ\u00e7\u00e3o, processamento e comercializa\u00e7\u00e3o de plantas aliment\u00edcias n\u00e3o convencionais (Pancs). O curso ser\u00e1 realizado na Granja Modelo do Ip\u00ea, no Park Way, das 8h \u00e0s 17h. As Pancs s\u00e3o consideradas pouco conhecidas e de consumo [&hellip;]\" \/>\n<meta property=\"og:url\" content=\"https:\/\/www.notibras.com\/site\/curso-ensina-a-plantar-e-vender-plantas-alimenticias\/\" \/>\n<meta property=\"og:site_name\" content=\"Notibras\" \/>\n<meta property=\"article:publisher\" content=\"https:\/\/www.facebook.com\/notibras\/\" \/>\n<meta property=\"article:published_time\" content=\"2023-04-23T10:01:04+00:00\" \/>\n<meta property=\"article:modified_time\" content=\"2023-04-23T11:38:11+00:00\" \/>\n<meta property=\"og:image\" content=\"https:\/\/www.notibras.com\/site\/wp-content\/uploads\/2023\/04\/hibisco-vinagreira-hibiscus-sabdariffa-.jpg\" \/>\n\t<meta property=\"og:image:width\" content=\"600\" \/>\n\t<meta property=\"og:image:height\" content=\"401\" \/>\n\t<meta property=\"og:image:type\" content=\"image\/jpeg\" \/>\n<meta name=\"author\" content=\"Reda\u00e7\u00e3o\" \/>\n<meta name=\"twitter:card\" content=\"summary_large_image\" \/>\n<meta name=\"twitter:creator\" content=\"@Notibras\" \/>\n<meta name=\"twitter:site\" content=\"@Notibras\" \/>\n<meta name=\"twitter:label1\" content=\"Escrito por\" \/>\n\t<meta name=\"twitter:data1\" content=\"Reda\u00e7\u00e3o\" \/>\n\t<meta name=\"twitter:label2\" content=\"Est. tempo de leitura\" \/>\n\t<meta name=\"twitter:data2\" content=\"2 minutos\" \/>\n<script type=\"application\/ld+json\" class=\"yoast-schema-graph\">{\"@context\":\"https:\/\/schema.org\",\"@graph\":[{\"@type\":\"Article\",\"@id\":\"https:\/\/www.notibras.com\/site\/curso-ensina-a-plantar-e-vender-plantas-alimenticias\/#article\",\"isPartOf\":{\"@id\":\"https:\/\/www.notibras.com\/site\/curso-ensina-a-plantar-e-vender-plantas-alimenticias\/\"},\"author\":{\"name\":\"Reda\u00e7\u00e3o\",\"@id\":\"https:\/\/www.notibras.com\/site\/#\/schema\/person\/36ab0979449956132d3e5b517ea76ac8\"},\"headline\":\"Curso ensina a plantar e vender plantas aliment\u00edcias\",\"datePublished\":\"2023-04-23T10:01:04+00:00\",\"dateModified\":\"2023-04-23T11:38:11+00:00\",\"mainEntityOfPage\":{\"@id\":\"https:\/\/www.notibras.com\/site\/curso-ensina-a-plantar-e-vender-plantas-alimenticias\/\"},\"wordCount\":346,\"publisher\":{\"@id\":\"https:\/\/www.notibras.com\/site\/#organization\"},\"image\":{\"@id\":\"https:\/\/www.notibras.com\/site\/curso-ensina-a-plantar-e-vender-plantas-alimenticias\/#primaryimage\"},\"thumbnailUrl\":\"https:\/\/www.notibras.com\/site\/wp-content\/uploads\/2023\/04\/hibisco-vinagreira-hibiscus-sabdariffa-.jpg\",\"articleSection\":[\"Quadradinho em Foco\"],\"inLanguage\":\"pt-BR\"},{\"@type\":\"WebPage\",\"@id\":\"https:\/\/www.notibras.com\/site\/curso-ensina-a-plantar-e-vender-plantas-alimenticias\/\",\"url\":\"https:\/\/www.notibras.com\/site\/curso-ensina-a-plantar-e-vender-plantas-alimenticias\/\",\"name\":\"Curso ensina a plantar e vender plantas aliment\u00edcias - Notibras\",\"isPartOf\":{\"@id\":\"https:\/\/www.notibras.com\/site\/#website\"},\"primaryImageOfPage\":{\"@id\":\"https:\/\/www.notibras.com\/site\/curso-ensina-a-plantar-e-vender-plantas-alimenticias\/#primaryimage\"},\"image\":{\"@id\":\"https:\/\/www.notibras.com\/site\/curso-ensina-a-plantar-e-vender-plantas-alimenticias\/#primaryimage\"},\"thumbnailUrl\":\"https:\/\/www.notibras.com\/site\/wp-content\/uploads\/2023\/04\/hibisco-vinagreira-hibiscus-sabdariffa-.jpg\",\"datePublished\":\"2023-04-23T10:01:04+00:00\",\"dateModified\":\"2023-04-23T11:38:11+00:00\",\"breadcrumb\":{\"@id\":\"https:\/\/www.notibras.com\/site\/curso-ensina-a-plantar-e-vender-plantas-alimenticias\/#breadcrumb\"},\"inLanguage\":\"pt-BR\",\"potentialAction\":[{\"@type\":\"ReadAction\",\"target\":[\"https:\/\/www.notibras.com\/site\/curso-ensina-a-plantar-e-vender-plantas-alimenticias\/\"]}]},{\"@type\":\"ImageObject\",\"inLanguage\":\"pt-BR\",\"@id\":\"https:\/\/www.notibras.com\/site\/curso-ensina-a-plantar-e-vender-plantas-alimenticias\/#primaryimage\",\"url\":\"https:\/\/www.notibras.com\/site\/wp-content\/uploads\/2023\/04\/hibisco-vinagreira-hibiscus-sabdariffa-.jpg\",\"contentUrl\":\"https:\/\/www.notibras.com\/site\/wp-content\/uploads\/2023\/04\/hibisco-vinagreira-hibiscus-sabdariffa-.jpg\",\"width\":600,\"height\":401},{\"@type\":\"BreadcrumbList\",\"@id\":\"https:\/\/www.notibras.com\/site\/curso-ensina-a-plantar-e-vender-plantas-alimenticias\/#breadcrumb\",\"itemListElement\":[{\"@type\":\"ListItem\",\"position\":1,\"name\":\"In\u00edcio\",\"item\":\"https:\/\/www.notibras.com\/site\/\"},{\"@type\":\"ListItem\",\"position\":2,\"name\":\"Curso ensina a plantar e vender plantas aliment\u00edcias\"}]},{\"@type\":\"WebSite\",\"@id\":\"https:\/\/www.notibras.com\/site\/#website\",\"url\":\"https:\/\/www.notibras.com\/site\/\",\"name\":\"Notibras\",\"description\":\"Not\u00edcias de Bras\u00edlia, do Brasil e do Mundo\",\"publisher\":{\"@id\":\"https:\/\/www.notibras.com\/site\/#organization\"},\"potentialAction\":[{\"@type\":\"SearchAction\",\"target\":{\"@type\":\"EntryPoint\",\"urlTemplate\":\"https:\/\/www.notibras.com\/site\/?s={search_term_string}\"},\"query-input\":{\"@type\":\"PropertyValueSpecification\",\"valueRequired\":true,\"valueName\":\"search_term_string\"}}],\"inLanguage\":\"pt-BR\"},{\"@type\":\"Organization\",\"@id\":\"https:\/\/www.notibras.com\/site\/#organization\",\"name\":\"Grupo Notibras de Comunica\u00e7\u00e3o\",\"url\":\"https:\/\/www.notibras.com\/site\/\",\"logo\":{\"@type\":\"ImageObject\",\"inLanguage\":\"pt-BR\",\"@id\":\"https:\/\/www.notibras.com\/site\/#\/schema\/logo\/image\/\",\"url\":\"https:\/\/www.notibras.com\/site\/wp-content\/uploads\/2023\/01\/notibras23.png\",\"contentUrl\":\"https:\/\/www.notibras.com\/site\/wp-content\/uploads\/2023\/01\/notibras23.png\",\"width\":350,\"height\":87,\"caption\":\"Grupo Notibras de Comunica\u00e7\u00e3o\"},\"image\":{\"@id\":\"https:\/\/www.notibras.com\/site\/#\/schema\/logo\/image\/\"},\"sameAs\":[\"https:\/\/www.facebook.com\/notibras\/\",\"https:\/\/x.com\/Notibras\",\"https:\/\/www.instagram.com\/notibras\/\"]},{\"@type\":\"Person\",\"@id\":\"https:\/\/www.notibras.com\/site\/#\/schema\/person\/36ab0979449956132d3e5b517ea76ac8\",\"name\":\"Reda\u00e7\u00e3o\",\"image\":{\"@type\":\"ImageObject\",\"inLanguage\":\"pt-BR\",\"@id\":\"https:\/\/secure.gravatar.com\/avatar\/e0a867bdedb85fd243eadf09663511f96fc81e0720a4a42581f334ad4303aa6b?s=96&d=mm&r=g\",\"url\":\"https:\/\/secure.gravatar.com\/avatar\/e0a867bdedb85fd243eadf09663511f96fc81e0720a4a42581f334ad4303aa6b?s=96&d=mm&r=g\",\"contentUrl\":\"https:\/\/secure.gravatar.com\/avatar\/e0a867bdedb85fd243eadf09663511f96fc81e0720a4a42581f334ad4303aa6b?s=96&d=mm&r=g\",\"caption\":\"Reda\u00e7\u00e3o\"}}]}<\/script>\n<!-- \/ Yoast SEO plugin. -->","yoast_head_json":{"title":"Curso ensina a plantar e vender plantas aliment\u00edcias - Notibras","robots":{"index":"index","follow":"follow","max-snippet":"max-snippet:-1","max-image-preview":"max-image-preview:large","max-video-preview":"max-video-preview:-1"},"canonical":"https:\/\/www.notibras.com\/site\/curso-ensina-a-plantar-e-vender-plantas-alimenticias\/","og_locale":"pt_BR","og_type":"article","og_title":"Curso ensina a plantar e vender plantas aliment\u00edcias - Notibras","og_description":"A Secretaria de Agricultura,, em parceria com a Emater, vai oferecer um curso presencial, na pr\u00f3xima quarta-feira (26), sobre a produ\u00e7\u00e3o, processamento e comercializa\u00e7\u00e3o de plantas aliment\u00edcias n\u00e3o convencionais (Pancs). O curso ser\u00e1 realizado na Granja Modelo do Ip\u00ea, no Park Way, das 8h \u00e0s 17h. As Pancs s\u00e3o consideradas pouco conhecidas e de consumo [&hellip;]","og_url":"https:\/\/www.notibras.com\/site\/curso-ensina-a-plantar-e-vender-plantas-alimenticias\/","og_site_name":"Notibras","article_publisher":"https:\/\/www.facebook.com\/notibras\/","article_published_time":"2023-04-23T10:01:04+00:00","article_modified_time":"2023-04-23T11:38:11+00:00","og_image":[{"width":600,"height":401,"url":"https:\/\/www.notibras.com\/site\/wp-content\/uploads\/2023\/04\/hibisco-vinagreira-hibiscus-sabdariffa-.jpg","type":"image\/jpeg"}],"author":"Reda\u00e7\u00e3o","twitter_card":"summary_large_image","twitter_creator":"@Notibras","twitter_site":"@Notibras","twitter_misc":{"Escrito por":"Reda\u00e7\u00e3o","Est. tempo de leitura":"2 minutos"},"schema":{"@context":"https:\/\/schema.org","@graph":[{"@type":"Article","@id":"https:\/\/www.notibras.com\/site\/curso-ensina-a-plantar-e-vender-plantas-alimenticias\/#article","isPartOf":{"@id":"https:\/\/www.notibras.com\/site\/curso-ensina-a-plantar-e-vender-plantas-alimenticias\/"},"author":{"name":"Reda\u00e7\u00e3o","@id":"https:\/\/www.notibras.com\/site\/#\/schema\/person\/36ab0979449956132d3e5b517ea76ac8"},"headline":"Curso ensina a plantar e vender plantas aliment\u00edcias","datePublished":"2023-04-23T10:01:04+00:00","dateModified":"2023-04-23T11:38:11+00:00","mainEntityOfPage":{"@id":"https:\/\/www.notibras.com\/site\/curso-ensina-a-plantar-e-vender-plantas-alimenticias\/"},"wordCount":346,"publisher":{"@id":"https:\/\/www.notibras.com\/site\/#organization"},"image":{"@id":"https:\/\/www.notibras.com\/site\/curso-ensina-a-plantar-e-vender-plantas-alimenticias\/#primaryimage"},"thumbnailUrl":"https:\/\/www.notibras.com\/site\/wp-content\/uploads\/2023\/04\/hibisco-vinagreira-hibiscus-sabdariffa-.jpg","articleSection":["Quadradinho em Foco"],"inLanguage":"pt-BR"},{"@type":"WebPage","@id":"https:\/\/www.notibras.com\/site\/curso-ensina-a-plantar-e-vender-plantas-alimenticias\/","url":"https:\/\/www.notibras.com\/site\/curso-ensina-a-plantar-e-vender-plantas-alimenticias\/","name":"Curso ensina a plantar e vender plantas aliment\u00edcias - Notibras","isPartOf":{"@id":"https:\/\/www.notibras.com\/site\/#website"},"primaryImageOfPage":{"@id":"https:\/\/www.notibras.com\/site\/curso-ensina-a-plantar-e-vender-plantas-alimenticias\/#primaryimage"},"image":{"@id":"https:\/\/www.notibras.com\/site\/curso-ensina-a-plantar-e-vender-plantas-alimenticias\/#primaryimage"},"thumbnailUrl":"https:\/\/www.notibras.com\/site\/wp-content\/uploads\/2023\/04\/hibisco-vinagreira-hibiscus-sabdariffa-.jpg","datePublished":"2023-04-23T10:01:04+00:00","dateModified":"2023-04-23T11:38:11+00:00","breadcrumb":{"@id":"https:\/\/www.notibras.com\/site\/curso-ensina-a-plantar-e-vender-plantas-alimenticias\/#breadcrumb"},"inLanguage":"pt-BR","potentialAction":[{"@type":"ReadAction","target":["https:\/\/www.notibras.com\/site\/curso-ensina-a-plantar-e-vender-plantas-alimenticias\/"]}]},{"@type":"ImageObject","inLanguage":"pt-BR","@id":"https:\/\/www.notibras.com\/site\/curso-ensina-a-plantar-e-vender-plantas-alimenticias\/#primaryimage","url":"https:\/\/www.notibras.com\/site\/wp-content\/uploads\/2023\/04\/hibisco-vinagreira-hibiscus-sabdariffa-.jpg","contentUrl":"https:\/\/www.notibras.com\/site\/wp-content\/uploads\/2023\/04\/hibisco-vinagreira-hibiscus-sabdariffa-.jpg","width":600,"height":401},{"@type":"BreadcrumbList","@id":"https:\/\/www.notibras.com\/site\/curso-ensina-a-plantar-e-vender-plantas-alimenticias\/#breadcrumb","itemListElement":[{"@type":"ListItem","position":1,"name":"In\u00edcio","item":"https:\/\/www.notibras.com\/site\/"},{"@type":"ListItem","position":2,"name":"Curso ensina a plantar e vender plantas aliment\u00edcias"}]},{"@type":"WebSite","@id":"https:\/\/www.notibras.com\/site\/#website","url":"https:\/\/www.notibras.com\/site\/","name":"Notibras","description":"Not\u00edcias de Bras\u00edlia, do Brasil e do Mundo","publisher":{"@id":"https:\/\/www.notibras.com\/site\/#organization"},"potentialAction":[{"@type":"SearchAction","target":{"@type":"EntryPoint","urlTemplate":"https:\/\/www.notibras.com\/site\/?s={search_term_string}"},"query-input":{"@type":"PropertyValueSpecification","valueRequired":true,"valueName":"search_term_string"}}],"inLanguage":"pt-BR"},{"@type":"Organization","@id":"https:\/\/www.notibras.com\/site\/#organization","name":"Grupo Notibras de Comunica\u00e7\u00e3o","url":"https:\/\/www.notibras.com\/site\/","logo":{"@type":"ImageObject","inLanguage":"pt-BR","@id":"https:\/\/www.notibras.com\/site\/#\/schema\/logo\/image\/","url":"https:\/\/www.notibras.com\/site\/wp-content\/uploads\/2023\/01\/notibras23.png","contentUrl":"https:\/\/www.notibras.com\/site\/wp-content\/uploads\/2023\/01\/notibras23.png","width":350,"height":87,"caption":"Grupo Notibras de Comunica\u00e7\u00e3o"},"image":{"@id":"https:\/\/www.notibras.com\/site\/#\/schema\/logo\/image\/"},"sameAs":["https:\/\/www.facebook.com\/notibras\/","https:\/\/x.com\/Notibras","https:\/\/www.instagram.com\/notibras\/"]},{"@type":"Person","@id":"https:\/\/www.notibras.com\/site\/#\/schema\/person\/36ab0979449956132d3e5b517ea76ac8","name":"Reda\u00e7\u00e3o","image":{"@type":"ImageObject","inLanguage":"pt-BR","@id":"https:\/\/secure.gravatar.com\/avatar\/e0a867bdedb85fd243eadf09663511f96fc81e0720a4a42581f334ad4303aa6b?s=96&d=mm&r=g","url":"https:\/\/secure.gravatar.com\/avatar\/e0a867bdedb85fd243eadf09663511f96fc81e0720a4a42581f334ad4303aa6b?s=96&d=mm&r=g","contentUrl":"https:\/\/secure.gravatar.com\/avatar\/e0a867bdedb85fd243eadf09663511f96fc81e0720a4a42581f334ad4303aa6b?s=96&d=mm&r=g","caption":"Reda\u00e7\u00e3o"}}]}},"amp_enabled":true,"_links":{"self":[{"href":"https:\/\/www.notibras.com\/site\/wp-json\/wp\/v2\/posts\/303504","targetHints":{"allow":["GET"]}}],"collection":[{"href":"https:\/\/www.notibras.com\/site\/wp-json\/wp\/v2\/posts"}],"about":[{"href":"https:\/\/www.notibras.com\/site\/wp-json\/wp\/v2\/types\/post"}],"author":[{"embeddable":true,"href":"https:\/\/www.notibras.com\/site\/wp-json\/wp\/v2\/users\/2"}],"replies":[{"embeddable":true,"href":"https:\/\/www.notibras.com\/site\/wp-json\/wp\/v2\/comments?post=303504"}],"version-history":[{"count":1,"href":"https:\/\/www.notibras.com\/site\/wp-json\/wp\/v2\/posts\/303504\/revisions"}],"predecessor-version":[{"id":303506,"href":"https:\/\/www.notibras.com\/site\/wp-json\/wp\/v2\/posts\/303504\/revisions\/303506"}],"wp:featuredmedia":[{"embeddable":true,"href":"https:\/\/www.notibras.com\/site\/wp-json\/wp\/v2\/media\/303505"}],"wp:attachment":[{"href":"https:\/\/www.notibras.com\/site\/wp-json\/wp\/v2\/media?parent=303504"}],"wp:term":[{"taxonomy":"category","embeddable":true,"href":"https:\/\/www.notibras.com\/site\/wp-json\/wp\/v2\/categories?post=303504"},{"taxonomy":"post_tag","embeddable":true,"href":"https:\/\/www.notibras.com\/site\/wp-json\/wp\/v2\/tags?post=303504"}],"curies":[{"name":"wp","href":"https:\/\/api.w.org\/{rel}","templated":true}]}}