{"id":303507,"date":"2023-04-23T08:45:36","date_gmt":"2023-04-23T11:45:36","guid":{"rendered":"https:\/\/www.notibras.com\/site\/?p=303507"},"modified":"2023-04-23T08:45:36","modified_gmt":"2023-04-23T11:45:36","slug":"primeiro-fla-flu-e-igual-valisere-ate-nas-bolinhas","status":"publish","type":"post","link":"https:\/\/www.notibras.com\/site\/primeiro-fla-flu-e-igual-valisere-ate-nas-bolinhas\/","title":{"rendered":"Primeiro Fla-Flu \u00e9 igual Valis\u00e9re, at\u00e9 nas bolinhas"},"content":{"rendered":"<p>A minha mulher ainda n\u00e3o conhecia o Maracan\u00e3 e, ent\u00e3o, fomos at\u00e9 as Laranjeiras comprar ingressos para o Fla x Flu, que aconteceria na noite do dia 09\/06\/2019. H\u00e1 muitos anos, eu tamb\u00e9m n\u00e3o visitava esse lend\u00e1rio palco do futebol e, por isso, me animei, mas n\u00e3o tanto como a Irene, que \u00e9 apaixonada pelo esporte bret\u00e3o, bem como torcedora, daquelas bem chatas, do Palmeiras.<\/p>\n<p>L\u00e1 est\u00e1vamos diante daquele monumento, que fora erguido para a Copa de 1950. Muita gente, a maioria flamenguista, como o esperado. Afinal, o torcedor do Fluminense n\u00e3o \u00e9 muito de sair do conforto do seu sof\u00e1, ainda mais quando o advers\u00e1rio \u00e9 o grande favorito.<\/p>\n<p>Passamos pela roleta, subimos as rampas de acesso, eu notei as lanchonetes, agora bem mais agrad\u00e1veis, bem como os banheiros, incrivelmente limpos. Logo de cara pensei que o Maracan\u00e3 havia melhorado desde a \u00faltima vez. Todavia, quando realmente entramos naquela redoma onde os milhares de torcedores ficam, veio uma das maiores decep\u00e7\u00f5es que senti. O que fizeram com o Maracan\u00e3? Gente, isso \u00e9 crime de lesa-p\u00e1tria das chuteiras!<\/p>\n<p>Sumiram as arquibancadas, a geral j\u00e1 havia desaparecido h\u00e1 anos. Aquele monte de cadeiras postas em um \u00e2ngulo p\u00e9ssimo para ver o campo por completo, haja vista as enormes placas de propaganda. Aquilo ali poderia ser tudo, menos o enorme templo em que eu havia conhecido desde meus tempos de crian\u00e7a, quando fui levado pelas m\u00e3os vasca\u00ednas do meu pai.<\/p>\n<p>A minha esposa e eu nos sentamos ao lado de um casal com algumas crian\u00e7as. A esposa do cara parecia muito apaixonada pelo Flamengo, pois n\u00e3o parava de gritar &#8220;BRUNO HENRIQUE!!!&#8221;, que poderia, caso fosse em outras \u00e9pocas, ser chamado de ponta-esquerda. Ali\u00e1s, um ponta-esquerda \u00e0 la Paulo C\u00e9sar Caju! O jogo foi seguindo, sem grandes emo\u00e7\u00f5es. Quando a bola chegava pr\u00f3ximo \u00e0 lateral de onde est\u00e1vamos, t\u00ednhamos que adivinhar o que estava acontecendo, pois as placas tampavam a nossa vis\u00e3o. Mas relevamos isso, afinal, n\u00e3o dava para ficar reclamando da situa\u00e7\u00e3o. At\u00e9 que chegou um cara vendendo pipoca em um balde de pl\u00e1stico. Dez reais!!! Saquei uma nota e peguei por aquele monte de milho estourado.<\/p>\n<p>A f\u00e3 do Bruno Henrique cutucou o marido e disse que tamb\u00e9m queria um balde de pipoca. No entanto, devido ao elevado pre\u00e7o, ele titubeou por um instante, mas acabou pagando pela mercadoria, vendida a pre\u00e7o de ouro, para n\u00e3o entrar em conflito com a amada. Essa situa\u00e7\u00e3o n\u00e3o passou despercebida pela minha esposa: &#8220;Ingresso caro, sem arquibancada, sem geral, pipoca aos olhos da cara, o futebol virou produto pra rico&#8221;. Para combinar com esse desalento, o placar apenas confirmou a fal\u00eancia do futebol: zero a zero.<\/p>\n<p>Na sa\u00edda do est\u00e1dio, telefonei para o meu grande amigo Antonio Manoel, pois ir\u00edamos nos encontrar, dali a pouco, num bar em Copacabana. Eu lhe disse que chegar\u00edamos em no m\u00e1ximo meia hora. J\u00e1 no metr\u00f4, fiquei em p\u00e9, enquanto a minha mulher estava sentada \u00e0 minha frente. Logo em seguida, um rapaz, com a blusa do Super-Homem, ficou ao meu lado. Talvez voc\u00ea n\u00e3o entenda por que fiz o que fiz em seguida, mas provavelmente voc\u00ea n\u00e3o \u00e9 do Rio. Pois bem, eu cutuquei de leve o rapaz e tivemos o seguinte interl\u00fadio, talvez s\u00f3 poss\u00edvel na Cidade Maravilhosa.<\/p>\n<p>&#8211; Ei, por que voc\u00ea n\u00e3o veio voando?<\/p>\n<p>&#8211; Sabe o que \u00e9? Hoje eu tive que salvar o mundo outra vez e estou cansado. Por isso preferi pegar o metr\u00f4.<\/p>\n<p>Essa breve conversa com esse rapaz, com certeza tamb\u00e9m carioca, levou um pouco daquela tristeza que senti com o que fizeram com o maior est\u00e1dio de futebol do planeta. O Rio precisa de mais pessoas como esse Super-Homem do metr\u00f4 carioca.<\/p>\n","protected":false},"excerpt":{"rendered":"<p>A minha mulher ainda n\u00e3o conhecia o Maracan\u00e3 e, ent\u00e3o, fomos at\u00e9 as Laranjeiras comprar ingressos para o Fla x Flu, que aconteceria na noite do dia 09\/06\/2019. H\u00e1 muitos anos, eu tamb\u00e9m n\u00e3o visitava esse lend\u00e1rio palco do futebol e, por isso, me animei, mas n\u00e3o tanto como a Irene, que \u00e9 apaixonada pelo [&hellip;]<\/p>\n","protected":false},"author":2,"featured_media":303508,"comment_status":"closed","ping_status":"closed","sticky":false,"template":"","format":"standard","meta":{"_acf_changed":false,"footnotes":""},"categories":[161],"tags":[],"class_list":["post-303507","post","type-post","status-publish","format-standard","has-post-thumbnail","hentry","category-quadradinho-em-foco"],"acf":[],"yoast_head":"<!-- This site is optimized with the Yoast SEO plugin v27.2 - https:\/\/yoast.com\/product\/yoast-seo-wordpress\/ -->\n<title>Primeiro Fla-Flu \u00e9 igual Valis\u00e9re, at\u00e9 nas bolinhas - Notibras<\/title>\n<meta name=\"robots\" content=\"index, follow, max-snippet:-1, max-image-preview:large, max-video-preview:-1\" \/>\n<link rel=\"canonical\" href=\"https:\/\/www.notibras.com\/site\/primeiro-fla-flu-e-igual-valisere-ate-nas-bolinhas\/\" \/>\n<meta property=\"og:locale\" content=\"pt_BR\" \/>\n<meta property=\"og:type\" content=\"article\" \/>\n<meta property=\"og:title\" content=\"Primeiro Fla-Flu \u00e9 igual Valis\u00e9re, at\u00e9 nas bolinhas - Notibras\" \/>\n<meta property=\"og:description\" content=\"A minha mulher ainda n\u00e3o conhecia o Maracan\u00e3 e, ent\u00e3o, fomos at\u00e9 as Laranjeiras comprar ingressos para o Fla x Flu, que aconteceria na noite do dia 09\/06\/2019. H\u00e1 muitos anos, eu tamb\u00e9m n\u00e3o visitava esse lend\u00e1rio palco do futebol e, por isso, me animei, mas n\u00e3o tanto como a Irene, que \u00e9 apaixonada pelo [&hellip;]\" \/>\n<meta property=\"og:url\" content=\"https:\/\/www.notibras.com\/site\/primeiro-fla-flu-e-igual-valisere-ate-nas-bolinhas\/\" \/>\n<meta property=\"og:site_name\" content=\"Notibras\" \/>\n<meta property=\"article:publisher\" content=\"https:\/\/www.facebook.com\/notibras\/\" \/>\n<meta property=\"article:published_time\" content=\"2023-04-23T11:45:36+00:00\" \/>\n<meta property=\"og:image\" content=\"https:\/\/www.notibras.com\/site\/wp-content\/uploads\/2023\/04\/WhatsApp-Image-2022-05-29-at-20.06.26-678x381-1.jpeg\" \/>\n\t<meta property=\"og:image:width\" content=\"678\" \/>\n\t<meta property=\"og:image:height\" content=\"381\" \/>\n\t<meta property=\"og:image:type\" content=\"image\/jpeg\" \/>\n<meta name=\"author\" content=\"Reda\u00e7\u00e3o\" \/>\n<meta name=\"twitter:card\" content=\"summary_large_image\" \/>\n<meta name=\"twitter:creator\" content=\"@Notibras\" \/>\n<meta name=\"twitter:site\" content=\"@Notibras\" \/>\n<meta name=\"twitter:label1\" content=\"Escrito por\" \/>\n\t<meta name=\"twitter:data1\" content=\"Reda\u00e7\u00e3o\" \/>\n\t<meta name=\"twitter:label2\" content=\"Est. tempo de leitura\" \/>\n\t<meta name=\"twitter:data2\" content=\"4 minutos\" \/>\n<script type=\"application\/ld+json\" class=\"yoast-schema-graph\">{\"@context\":\"https:\/\/schema.org\",\"@graph\":[{\"@type\":\"Article\",\"@id\":\"https:\/\/www.notibras.com\/site\/primeiro-fla-flu-e-igual-valisere-ate-nas-bolinhas\/#article\",\"isPartOf\":{\"@id\":\"https:\/\/www.notibras.com\/site\/primeiro-fla-flu-e-igual-valisere-ate-nas-bolinhas\/\"},\"author\":{\"name\":\"Reda\u00e7\u00e3o\",\"@id\":\"https:\/\/www.notibras.com\/site\/#\/schema\/person\/36ab0979449956132d3e5b517ea76ac8\"},\"headline\":\"Primeiro Fla-Flu \u00e9 igual Valis\u00e9re, at\u00e9 nas bolinhas\",\"datePublished\":\"2023-04-23T11:45:36+00:00\",\"mainEntityOfPage\":{\"@id\":\"https:\/\/www.notibras.com\/site\/primeiro-fla-flu-e-igual-valisere-ate-nas-bolinhas\/\"},\"wordCount\":659,\"publisher\":{\"@id\":\"https:\/\/www.notibras.com\/site\/#organization\"},\"image\":{\"@id\":\"https:\/\/www.notibras.com\/site\/primeiro-fla-flu-e-igual-valisere-ate-nas-bolinhas\/#primaryimage\"},\"thumbnailUrl\":\"https:\/\/www.notibras.com\/site\/wp-content\/uploads\/2023\/04\/WhatsApp-Image-2022-05-29-at-20.06.26-678x381-1.jpeg\",\"articleSection\":[\"Quadradinho em Foco\"],\"inLanguage\":\"pt-BR\"},{\"@type\":\"WebPage\",\"@id\":\"https:\/\/www.notibras.com\/site\/primeiro-fla-flu-e-igual-valisere-ate-nas-bolinhas\/\",\"url\":\"https:\/\/www.notibras.com\/site\/primeiro-fla-flu-e-igual-valisere-ate-nas-bolinhas\/\",\"name\":\"Primeiro Fla-Flu \u00e9 igual Valis\u00e9re, at\u00e9 nas bolinhas - Notibras\",\"isPartOf\":{\"@id\":\"https:\/\/www.notibras.com\/site\/#website\"},\"primaryImageOfPage\":{\"@id\":\"https:\/\/www.notibras.com\/site\/primeiro-fla-flu-e-igual-valisere-ate-nas-bolinhas\/#primaryimage\"},\"image\":{\"@id\":\"https:\/\/www.notibras.com\/site\/primeiro-fla-flu-e-igual-valisere-ate-nas-bolinhas\/#primaryimage\"},\"thumbnailUrl\":\"https:\/\/www.notibras.com\/site\/wp-content\/uploads\/2023\/04\/WhatsApp-Image-2022-05-29-at-20.06.26-678x381-1.jpeg\",\"datePublished\":\"2023-04-23T11:45:36+00:00\",\"breadcrumb\":{\"@id\":\"https:\/\/www.notibras.com\/site\/primeiro-fla-flu-e-igual-valisere-ate-nas-bolinhas\/#breadcrumb\"},\"inLanguage\":\"pt-BR\",\"potentialAction\":[{\"@type\":\"ReadAction\",\"target\":[\"https:\/\/www.notibras.com\/site\/primeiro-fla-flu-e-igual-valisere-ate-nas-bolinhas\/\"]}]},{\"@type\":\"ImageObject\",\"inLanguage\":\"pt-BR\",\"@id\":\"https:\/\/www.notibras.com\/site\/primeiro-fla-flu-e-igual-valisere-ate-nas-bolinhas\/#primaryimage\",\"url\":\"https:\/\/www.notibras.com\/site\/wp-content\/uploads\/2023\/04\/WhatsApp-Image-2022-05-29-at-20.06.26-678x381-1.jpeg\",\"contentUrl\":\"https:\/\/www.notibras.com\/site\/wp-content\/uploads\/2023\/04\/WhatsApp-Image-2022-05-29-at-20.06.26-678x381-1.jpeg\",\"width\":678,\"height\":381},{\"@type\":\"BreadcrumbList\",\"@id\":\"https:\/\/www.notibras.com\/site\/primeiro-fla-flu-e-igual-valisere-ate-nas-bolinhas\/#breadcrumb\",\"itemListElement\":[{\"@type\":\"ListItem\",\"position\":1,\"name\":\"In\u00edcio\",\"item\":\"https:\/\/www.notibras.com\/site\/\"},{\"@type\":\"ListItem\",\"position\":2,\"name\":\"Primeiro Fla-Flu \u00e9 igual Valis\u00e9re, at\u00e9 nas bolinhas\"}]},{\"@type\":\"WebSite\",\"@id\":\"https:\/\/www.notibras.com\/site\/#website\",\"url\":\"https:\/\/www.notibras.com\/site\/\",\"name\":\"Notibras\",\"description\":\"Not\u00edcias de Bras\u00edlia, do Brasil e do Mundo\",\"publisher\":{\"@id\":\"https:\/\/www.notibras.com\/site\/#organization\"},\"potentialAction\":[{\"@type\":\"SearchAction\",\"target\":{\"@type\":\"EntryPoint\",\"urlTemplate\":\"https:\/\/www.notibras.com\/site\/?s={search_term_string}\"},\"query-input\":{\"@type\":\"PropertyValueSpecification\",\"valueRequired\":true,\"valueName\":\"search_term_string\"}}],\"inLanguage\":\"pt-BR\"},{\"@type\":\"Organization\",\"@id\":\"https:\/\/www.notibras.com\/site\/#organization\",\"name\":\"Grupo Notibras de Comunica\u00e7\u00e3o\",\"url\":\"https:\/\/www.notibras.com\/site\/\",\"logo\":{\"@type\":\"ImageObject\",\"inLanguage\":\"pt-BR\",\"@id\":\"https:\/\/www.notibras.com\/site\/#\/schema\/logo\/image\/\",\"url\":\"https:\/\/www.notibras.com\/site\/wp-content\/uploads\/2023\/01\/notibras23.png\",\"contentUrl\":\"https:\/\/www.notibras.com\/site\/wp-content\/uploads\/2023\/01\/notibras23.png\",\"width\":350,\"height\":87,\"caption\":\"Grupo Notibras de Comunica\u00e7\u00e3o\"},\"image\":{\"@id\":\"https:\/\/www.notibras.com\/site\/#\/schema\/logo\/image\/\"},\"sameAs\":[\"https:\/\/www.facebook.com\/notibras\/\",\"https:\/\/x.com\/Notibras\",\"https:\/\/www.instagram.com\/notibras\/\"]},{\"@type\":\"Person\",\"@id\":\"https:\/\/www.notibras.com\/site\/#\/schema\/person\/36ab0979449956132d3e5b517ea76ac8\",\"name\":\"Reda\u00e7\u00e3o\",\"image\":{\"@type\":\"ImageObject\",\"inLanguage\":\"pt-BR\",\"@id\":\"https:\/\/secure.gravatar.com\/avatar\/e0a867bdedb85fd243eadf09663511f96fc81e0720a4a42581f334ad4303aa6b?s=96&d=mm&r=g\",\"url\":\"https:\/\/secure.gravatar.com\/avatar\/e0a867bdedb85fd243eadf09663511f96fc81e0720a4a42581f334ad4303aa6b?s=96&d=mm&r=g\",\"contentUrl\":\"https:\/\/secure.gravatar.com\/avatar\/e0a867bdedb85fd243eadf09663511f96fc81e0720a4a42581f334ad4303aa6b?s=96&d=mm&r=g\",\"caption\":\"Reda\u00e7\u00e3o\"}}]}<\/script>\n<!-- \/ Yoast SEO plugin. -->","yoast_head_json":{"title":"Primeiro Fla-Flu \u00e9 igual Valis\u00e9re, at\u00e9 nas bolinhas - Notibras","robots":{"index":"index","follow":"follow","max-snippet":"max-snippet:-1","max-image-preview":"max-image-preview:large","max-video-preview":"max-video-preview:-1"},"canonical":"https:\/\/www.notibras.com\/site\/primeiro-fla-flu-e-igual-valisere-ate-nas-bolinhas\/","og_locale":"pt_BR","og_type":"article","og_title":"Primeiro Fla-Flu \u00e9 igual Valis\u00e9re, at\u00e9 nas bolinhas - Notibras","og_description":"A minha mulher ainda n\u00e3o conhecia o Maracan\u00e3 e, ent\u00e3o, fomos at\u00e9 as Laranjeiras comprar ingressos para o Fla x Flu, que aconteceria na noite do dia 09\/06\/2019. H\u00e1 muitos anos, eu tamb\u00e9m n\u00e3o visitava esse lend\u00e1rio palco do futebol e, por isso, me animei, mas n\u00e3o tanto como a Irene, que \u00e9 apaixonada pelo [&hellip;]","og_url":"https:\/\/www.notibras.com\/site\/primeiro-fla-flu-e-igual-valisere-ate-nas-bolinhas\/","og_site_name":"Notibras","article_publisher":"https:\/\/www.facebook.com\/notibras\/","article_published_time":"2023-04-23T11:45:36+00:00","og_image":[{"width":678,"height":381,"url":"https:\/\/www.notibras.com\/site\/wp-content\/uploads\/2023\/04\/WhatsApp-Image-2022-05-29-at-20.06.26-678x381-1.jpeg","type":"image\/jpeg"}],"author":"Reda\u00e7\u00e3o","twitter_card":"summary_large_image","twitter_creator":"@Notibras","twitter_site":"@Notibras","twitter_misc":{"Escrito por":"Reda\u00e7\u00e3o","Est. tempo de leitura":"4 minutos"},"schema":{"@context":"https:\/\/schema.org","@graph":[{"@type":"Article","@id":"https:\/\/www.notibras.com\/site\/primeiro-fla-flu-e-igual-valisere-ate-nas-bolinhas\/#article","isPartOf":{"@id":"https:\/\/www.notibras.com\/site\/primeiro-fla-flu-e-igual-valisere-ate-nas-bolinhas\/"},"author":{"name":"Reda\u00e7\u00e3o","@id":"https:\/\/www.notibras.com\/site\/#\/schema\/person\/36ab0979449956132d3e5b517ea76ac8"},"headline":"Primeiro Fla-Flu \u00e9 igual Valis\u00e9re, at\u00e9 nas bolinhas","datePublished":"2023-04-23T11:45:36+00:00","mainEntityOfPage":{"@id":"https:\/\/www.notibras.com\/site\/primeiro-fla-flu-e-igual-valisere-ate-nas-bolinhas\/"},"wordCount":659,"publisher":{"@id":"https:\/\/www.notibras.com\/site\/#organization"},"image":{"@id":"https:\/\/www.notibras.com\/site\/primeiro-fla-flu-e-igual-valisere-ate-nas-bolinhas\/#primaryimage"},"thumbnailUrl":"https:\/\/www.notibras.com\/site\/wp-content\/uploads\/2023\/04\/WhatsApp-Image-2022-05-29-at-20.06.26-678x381-1.jpeg","articleSection":["Quadradinho em Foco"],"inLanguage":"pt-BR"},{"@type":"WebPage","@id":"https:\/\/www.notibras.com\/site\/primeiro-fla-flu-e-igual-valisere-ate-nas-bolinhas\/","url":"https:\/\/www.notibras.com\/site\/primeiro-fla-flu-e-igual-valisere-ate-nas-bolinhas\/","name":"Primeiro Fla-Flu \u00e9 igual Valis\u00e9re, at\u00e9 nas bolinhas - Notibras","isPartOf":{"@id":"https:\/\/www.notibras.com\/site\/#website"},"primaryImageOfPage":{"@id":"https:\/\/www.notibras.com\/site\/primeiro-fla-flu-e-igual-valisere-ate-nas-bolinhas\/#primaryimage"},"image":{"@id":"https:\/\/www.notibras.com\/site\/primeiro-fla-flu-e-igual-valisere-ate-nas-bolinhas\/#primaryimage"},"thumbnailUrl":"https:\/\/www.notibras.com\/site\/wp-content\/uploads\/2023\/04\/WhatsApp-Image-2022-05-29-at-20.06.26-678x381-1.jpeg","datePublished":"2023-04-23T11:45:36+00:00","breadcrumb":{"@id":"https:\/\/www.notibras.com\/site\/primeiro-fla-flu-e-igual-valisere-ate-nas-bolinhas\/#breadcrumb"},"inLanguage":"pt-BR","potentialAction":[{"@type":"ReadAction","target":["https:\/\/www.notibras.com\/site\/primeiro-fla-flu-e-igual-valisere-ate-nas-bolinhas\/"]}]},{"@type":"ImageObject","inLanguage":"pt-BR","@id":"https:\/\/www.notibras.com\/site\/primeiro-fla-flu-e-igual-valisere-ate-nas-bolinhas\/#primaryimage","url":"https:\/\/www.notibras.com\/site\/wp-content\/uploads\/2023\/04\/WhatsApp-Image-2022-05-29-at-20.06.26-678x381-1.jpeg","contentUrl":"https:\/\/www.notibras.com\/site\/wp-content\/uploads\/2023\/04\/WhatsApp-Image-2022-05-29-at-20.06.26-678x381-1.jpeg","width":678,"height":381},{"@type":"BreadcrumbList","@id":"https:\/\/www.notibras.com\/site\/primeiro-fla-flu-e-igual-valisere-ate-nas-bolinhas\/#breadcrumb","itemListElement":[{"@type":"ListItem","position":1,"name":"In\u00edcio","item":"https:\/\/www.notibras.com\/site\/"},{"@type":"ListItem","position":2,"name":"Primeiro Fla-Flu \u00e9 igual Valis\u00e9re, at\u00e9 nas bolinhas"}]},{"@type":"WebSite","@id":"https:\/\/www.notibras.com\/site\/#website","url":"https:\/\/www.notibras.com\/site\/","name":"Notibras","description":"Not\u00edcias de Bras\u00edlia, do Brasil e do Mundo","publisher":{"@id":"https:\/\/www.notibras.com\/site\/#organization"},"potentialAction":[{"@type":"SearchAction","target":{"@type":"EntryPoint","urlTemplate":"https:\/\/www.notibras.com\/site\/?s={search_term_string}"},"query-input":{"@type":"PropertyValueSpecification","valueRequired":true,"valueName":"search_term_string"}}],"inLanguage":"pt-BR"},{"@type":"Organization","@id":"https:\/\/www.notibras.com\/site\/#organization","name":"Grupo Notibras de Comunica\u00e7\u00e3o","url":"https:\/\/www.notibras.com\/site\/","logo":{"@type":"ImageObject","inLanguage":"pt-BR","@id":"https:\/\/www.notibras.com\/site\/#\/schema\/logo\/image\/","url":"https:\/\/www.notibras.com\/site\/wp-content\/uploads\/2023\/01\/notibras23.png","contentUrl":"https:\/\/www.notibras.com\/site\/wp-content\/uploads\/2023\/01\/notibras23.png","width":350,"height":87,"caption":"Grupo Notibras de Comunica\u00e7\u00e3o"},"image":{"@id":"https:\/\/www.notibras.com\/site\/#\/schema\/logo\/image\/"},"sameAs":["https:\/\/www.facebook.com\/notibras\/","https:\/\/x.com\/Notibras","https:\/\/www.instagram.com\/notibras\/"]},{"@type":"Person","@id":"https:\/\/www.notibras.com\/site\/#\/schema\/person\/36ab0979449956132d3e5b517ea76ac8","name":"Reda\u00e7\u00e3o","image":{"@type":"ImageObject","inLanguage":"pt-BR","@id":"https:\/\/secure.gravatar.com\/avatar\/e0a867bdedb85fd243eadf09663511f96fc81e0720a4a42581f334ad4303aa6b?s=96&d=mm&r=g","url":"https:\/\/secure.gravatar.com\/avatar\/e0a867bdedb85fd243eadf09663511f96fc81e0720a4a42581f334ad4303aa6b?s=96&d=mm&r=g","contentUrl":"https:\/\/secure.gravatar.com\/avatar\/e0a867bdedb85fd243eadf09663511f96fc81e0720a4a42581f334ad4303aa6b?s=96&d=mm&r=g","caption":"Reda\u00e7\u00e3o"}}]}},"amp_enabled":true,"_links":{"self":[{"href":"https:\/\/www.notibras.com\/site\/wp-json\/wp\/v2\/posts\/303507","targetHints":{"allow":["GET"]}}],"collection":[{"href":"https:\/\/www.notibras.com\/site\/wp-json\/wp\/v2\/posts"}],"about":[{"href":"https:\/\/www.notibras.com\/site\/wp-json\/wp\/v2\/types\/post"}],"author":[{"embeddable":true,"href":"https:\/\/www.notibras.com\/site\/wp-json\/wp\/v2\/users\/2"}],"replies":[{"embeddable":true,"href":"https:\/\/www.notibras.com\/site\/wp-json\/wp\/v2\/comments?post=303507"}],"version-history":[{"count":1,"href":"https:\/\/www.notibras.com\/site\/wp-json\/wp\/v2\/posts\/303507\/revisions"}],"predecessor-version":[{"id":303509,"href":"https:\/\/www.notibras.com\/site\/wp-json\/wp\/v2\/posts\/303507\/revisions\/303509"}],"wp:featuredmedia":[{"embeddable":true,"href":"https:\/\/www.notibras.com\/site\/wp-json\/wp\/v2\/media\/303508"}],"wp:attachment":[{"href":"https:\/\/www.notibras.com\/site\/wp-json\/wp\/v2\/media?parent=303507"}],"wp:term":[{"taxonomy":"category","embeddable":true,"href":"https:\/\/www.notibras.com\/site\/wp-json\/wp\/v2\/categories?post=303507"},{"taxonomy":"post_tag","embeddable":true,"href":"https:\/\/www.notibras.com\/site\/wp-json\/wp\/v2\/tags?post=303507"}],"curies":[{"name":"wp","href":"https:\/\/api.w.org\/{rel}","templated":true}]}}