{"id":303532,"date":"2023-04-24T00:00:53","date_gmt":"2023-04-24T03:00:53","guid":{"rendered":"https:\/\/www.notibras.com\/site\/?p=303532"},"modified":"2023-04-24T00:29:54","modified_gmt":"2023-04-24T03:29:54","slug":"indigenas-chegam-a-brasilia-para-o-acampamento-terra-livre","status":"publish","type":"post","link":"https:\/\/www.notibras.com\/site\/indigenas-chegam-a-brasilia-para-o-acampamento-terra-livre\/","title":{"rendered":"Ind\u00edgenas chegam a Bras\u00edlia para o Acampamento Terra Livre"},"content":{"rendered":"<p>Delega\u00e7\u00f5es ind\u00edgenas come\u00e7aram a chegar neste domingo (23) a Bras\u00edlia para a edi\u00e7\u00e3o de 2023 do Acampamento Terra Livre (ATL), que ocorrer\u00e1 de 24 a 28 de abril. O tema deste ano \u00e9 \u201cO futuro ind\u00edgena \u00e9 hoje. Sem demarca\u00e7\u00e3o, n\u00e3o h\u00e1 democracia!\u201d.<\/p>\n<p>S\u00e3o esperados mais de 6 mil ind\u00edgenas na capital federal para as atividades desta semana. Entre elas, plen\u00e1rias e marchas pelas ruas de Bras\u00edlia para protestar contra o projetos de lei considerados por eles como \u201canti-ind\u00edgenas\u201d. Um desses projetos, o Projeto de Lei 191\/2020, permite a minera\u00e7\u00e3o em terras ancestrais dos povos ind\u00edgenas. Al\u00e9m disso, durante toda semana est\u00e3o previstas noites culturais.<\/p>\n<p>Segundo a Articula\u00e7\u00e3o dos Povos Ind\u00edgenas do Brasil (Apib), organizadora do evento, o ATL refor\u00e7a a import\u00e2ncia da demarca\u00e7\u00e3o das terras ind\u00edgenas no Brasil, paralisadas nos \u00faltimos quatro anos. A entidade destaca que mais de 200 terras ind\u00edgenas est\u00e3o na fila da demarca\u00e7\u00e3o da Funda\u00e7\u00e3o Nacional dos Povos Ind\u00edgenas (Funai). Ao todo, 13 territ\u00f3rios est\u00e3o com o processo em andamento, com a homologa\u00e7\u00e3o a ser feita. At\u00e9 o momento, cerca de 600 foram regularizadas.<\/p>\n<p>O ATL \u00e9 organizado pela Apib e constru\u00eddo em conjunto com suas sete organiza\u00e7\u00f5es de base, sendo elas: Articula\u00e7\u00e3o dos Povos e Organiza\u00e7\u00f5es Ind\u00edgenas do Nordeste, Minas Gerais e Esp\u00edrito Santo (Apoinme), pela Articula\u00e7\u00e3o dos Povos Ind\u00edgenas da Regi\u00e3o Sul (Arpinsul), pela Articula\u00e7\u00e3o dos Povos Ind\u00edgenas da Regi\u00e3o Sudeste (Arpinsudeste), Comiss\u00e3o Guarani Yvyrupa, Coordena\u00e7\u00e3o das Organiza\u00e7\u00f5es Ind\u00edgenas da Amaz\u00f4nia Brasileira (Coiab), Conselho do Povo Terena e Assemble\u0301ia Geral do Povo Kaiow\u00e1 e Guarani (Aty Guasu).<\/p>\n<p>O primeiro ATL foi em 2004 e, em 2022, reuniu mais de 8 mil ind\u00edgenas, provenientes de 100 povos e de todas as regi\u00f5es do pa\u00eds. Ao longo de dez dias de programa\u00e7\u00e3o, os participantes do encontro abordaram pautas do movimento ind\u00edgena. Tamb\u00e9m foi uma oportunidade de buscar fortalecer candidaturas de lideran\u00e7as para concorrer a assentos no Congresso Nacional, j\u00e1 que era um ano eleitoral.<\/p>\n<p>A programa\u00e7\u00e3o completa do evento pode ser acessada no\u00a0<a href=\"https:\/\/apiboficial.org\/atl2023\/\" target=\"_blank\" rel=\"noopener\">site oficial do Acampamento Terra Livre<\/a>.<\/p>\n","protected":false},"excerpt":{"rendered":"<p>Delega\u00e7\u00f5es ind\u00edgenas come\u00e7aram a chegar neste domingo (23) a Bras\u00edlia para a edi\u00e7\u00e3o de 2023 do Acampamento Terra Livre (ATL), que ocorrer\u00e1 de 24 a 28 de abril. O tema deste ano \u00e9 \u201cO futuro ind\u00edgena \u00e9 hoje. Sem demarca\u00e7\u00e3o, n\u00e3o h\u00e1 democracia!\u201d. S\u00e3o esperados mais de 6 mil ind\u00edgenas na capital federal para as [&hellip;]<\/p>\n","protected":false},"author":2,"featured_media":303533,"comment_status":"closed","ping_status":"closed","sticky":false,"template":"","format":"standard","meta":{"_acf_changed":false,"footnotes":""},"categories":[161],"tags":[95],"class_list":["post-303532","post","type-post","status-publish","format-standard","has-post-thumbnail","hentry","category-quadradinho-em-foco","tag-capa"],"acf":[],"yoast_head":"<!-- This site is optimized with the Yoast SEO plugin v27.2 - https:\/\/yoast.com\/product\/yoast-seo-wordpress\/ -->\n<title>Ind\u00edgenas chegam a Bras\u00edlia para o Acampamento Terra Livre - Notibras<\/title>\n<meta name=\"robots\" content=\"index, follow, max-snippet:-1, max-image-preview:large, max-video-preview:-1\" \/>\n<link rel=\"canonical\" href=\"https:\/\/www.notibras.com\/site\/indigenas-chegam-a-brasilia-para-o-acampamento-terra-livre\/\" \/>\n<meta property=\"og:locale\" content=\"pt_BR\" \/>\n<meta property=\"og:type\" content=\"article\" \/>\n<meta property=\"og:title\" content=\"Ind\u00edgenas chegam a Bras\u00edlia para o Acampamento Terra Livre - Notibras\" \/>\n<meta property=\"og:description\" content=\"Delega\u00e7\u00f5es ind\u00edgenas come\u00e7aram a chegar neste domingo (23) a Bras\u00edlia para a edi\u00e7\u00e3o de 2023 do Acampamento Terra Livre (ATL), que ocorrer\u00e1 de 24 a 28 de abril. O tema deste ano \u00e9 \u201cO futuro ind\u00edgena \u00e9 hoje. Sem demarca\u00e7\u00e3o, n\u00e3o h\u00e1 democracia!\u201d. S\u00e3o esperados mais de 6 mil ind\u00edgenas na capital federal para as [&hellip;]\" \/>\n<meta property=\"og:url\" content=\"https:\/\/www.notibras.com\/site\/indigenas-chegam-a-brasilia-para-o-acampamento-terra-livre\/\" \/>\n<meta property=\"og:site_name\" content=\"Notibras\" \/>\n<meta property=\"article:publisher\" content=\"https:\/\/www.facebook.com\/notibras\/\" \/>\n<meta property=\"article:published_time\" content=\"2023-04-24T03:00:53+00:00\" \/>\n<meta property=\"article:modified_time\" content=\"2023-04-24T03:29:54+00:00\" \/>\n<meta property=\"og:image\" content=\"https:\/\/www.notibras.com\/site\/wp-content\/uploads\/2023\/04\/ja_4660.jpg\" \/>\n\t<meta property=\"og:image:width\" content=\"1170\" \/>\n\t<meta property=\"og:image:height\" content=\"700\" \/>\n\t<meta property=\"og:image:type\" content=\"image\/jpeg\" \/>\n<meta name=\"author\" content=\"Reda\u00e7\u00e3o\" \/>\n<meta name=\"twitter:card\" content=\"summary_large_image\" \/>\n<meta name=\"twitter:creator\" content=\"@Notibras\" \/>\n<meta name=\"twitter:site\" content=\"@Notibras\" \/>\n<meta name=\"twitter:label1\" content=\"Escrito por\" \/>\n\t<meta name=\"twitter:data1\" content=\"Reda\u00e7\u00e3o\" \/>\n\t<meta name=\"twitter:label2\" content=\"Est. tempo de leitura\" \/>\n\t<meta name=\"twitter:data2\" content=\"2 minutos\" \/>\n<script type=\"application\/ld+json\" class=\"yoast-schema-graph\">{\"@context\":\"https:\/\/schema.org\",\"@graph\":[{\"@type\":\"Article\",\"@id\":\"https:\/\/www.notibras.com\/site\/indigenas-chegam-a-brasilia-para-o-acampamento-terra-livre\/#article\",\"isPartOf\":{\"@id\":\"https:\/\/www.notibras.com\/site\/indigenas-chegam-a-brasilia-para-o-acampamento-terra-livre\/\"},\"author\":{\"name\":\"Reda\u00e7\u00e3o\",\"@id\":\"https:\/\/www.notibras.com\/site\/#\/schema\/person\/36ab0979449956132d3e5b517ea76ac8\"},\"headline\":\"Ind\u00edgenas chegam a Bras\u00edlia para o Acampamento Terra Livre\",\"datePublished\":\"2023-04-24T03:00:53+00:00\",\"dateModified\":\"2023-04-24T03:29:54+00:00\",\"mainEntityOfPage\":{\"@id\":\"https:\/\/www.notibras.com\/site\/indigenas-chegam-a-brasilia-para-o-acampamento-terra-livre\/\"},\"wordCount\":386,\"publisher\":{\"@id\":\"https:\/\/www.notibras.com\/site\/#organization\"},\"image\":{\"@id\":\"https:\/\/www.notibras.com\/site\/indigenas-chegam-a-brasilia-para-o-acampamento-terra-livre\/#primaryimage\"},\"thumbnailUrl\":\"https:\/\/www.notibras.com\/site\/wp-content\/uploads\/2023\/04\/ja_4660.jpg\",\"keywords\":[\"capa\"],\"articleSection\":[\"Quadradinho em Foco\"],\"inLanguage\":\"pt-BR\"},{\"@type\":\"WebPage\",\"@id\":\"https:\/\/www.notibras.com\/site\/indigenas-chegam-a-brasilia-para-o-acampamento-terra-livre\/\",\"url\":\"https:\/\/www.notibras.com\/site\/indigenas-chegam-a-brasilia-para-o-acampamento-terra-livre\/\",\"name\":\"Ind\u00edgenas chegam a Bras\u00edlia para o Acampamento Terra Livre - Notibras\",\"isPartOf\":{\"@id\":\"https:\/\/www.notibras.com\/site\/#website\"},\"primaryImageOfPage\":{\"@id\":\"https:\/\/www.notibras.com\/site\/indigenas-chegam-a-brasilia-para-o-acampamento-terra-livre\/#primaryimage\"},\"image\":{\"@id\":\"https:\/\/www.notibras.com\/site\/indigenas-chegam-a-brasilia-para-o-acampamento-terra-livre\/#primaryimage\"},\"thumbnailUrl\":\"https:\/\/www.notibras.com\/site\/wp-content\/uploads\/2023\/04\/ja_4660.jpg\",\"datePublished\":\"2023-04-24T03:00:53+00:00\",\"dateModified\":\"2023-04-24T03:29:54+00:00\",\"breadcrumb\":{\"@id\":\"https:\/\/www.notibras.com\/site\/indigenas-chegam-a-brasilia-para-o-acampamento-terra-livre\/#breadcrumb\"},\"inLanguage\":\"pt-BR\",\"potentialAction\":[{\"@type\":\"ReadAction\",\"target\":[\"https:\/\/www.notibras.com\/site\/indigenas-chegam-a-brasilia-para-o-acampamento-terra-livre\/\"]}]},{\"@type\":\"ImageObject\",\"inLanguage\":\"pt-BR\",\"@id\":\"https:\/\/www.notibras.com\/site\/indigenas-chegam-a-brasilia-para-o-acampamento-terra-livre\/#primaryimage\",\"url\":\"https:\/\/www.notibras.com\/site\/wp-content\/uploads\/2023\/04\/ja_4660.jpg\",\"contentUrl\":\"https:\/\/www.notibras.com\/site\/wp-content\/uploads\/2023\/04\/ja_4660.jpg\",\"width\":1170,\"height\":700},{\"@type\":\"BreadcrumbList\",\"@id\":\"https:\/\/www.notibras.com\/site\/indigenas-chegam-a-brasilia-para-o-acampamento-terra-livre\/#breadcrumb\",\"itemListElement\":[{\"@type\":\"ListItem\",\"position\":1,\"name\":\"In\u00edcio\",\"item\":\"https:\/\/www.notibras.com\/site\/\"},{\"@type\":\"ListItem\",\"position\":2,\"name\":\"Ind\u00edgenas chegam a Bras\u00edlia para o Acampamento Terra Livre\"}]},{\"@type\":\"WebSite\",\"@id\":\"https:\/\/www.notibras.com\/site\/#website\",\"url\":\"https:\/\/www.notibras.com\/site\/\",\"name\":\"Notibras\",\"description\":\"Not\u00edcias de Bras\u00edlia, do Brasil e do Mundo\",\"publisher\":{\"@id\":\"https:\/\/www.notibras.com\/site\/#organization\"},\"potentialAction\":[{\"@type\":\"SearchAction\",\"target\":{\"@type\":\"EntryPoint\",\"urlTemplate\":\"https:\/\/www.notibras.com\/site\/?s={search_term_string}\"},\"query-input\":{\"@type\":\"PropertyValueSpecification\",\"valueRequired\":true,\"valueName\":\"search_term_string\"}}],\"inLanguage\":\"pt-BR\"},{\"@type\":\"Organization\",\"@id\":\"https:\/\/www.notibras.com\/site\/#organization\",\"name\":\"Grupo Notibras de Comunica\u00e7\u00e3o\",\"url\":\"https:\/\/www.notibras.com\/site\/\",\"logo\":{\"@type\":\"ImageObject\",\"inLanguage\":\"pt-BR\",\"@id\":\"https:\/\/www.notibras.com\/site\/#\/schema\/logo\/image\/\",\"url\":\"https:\/\/www.notibras.com\/site\/wp-content\/uploads\/2023\/01\/notibras23.png\",\"contentUrl\":\"https:\/\/www.notibras.com\/site\/wp-content\/uploads\/2023\/01\/notibras23.png\",\"width\":350,\"height\":87,\"caption\":\"Grupo Notibras de Comunica\u00e7\u00e3o\"},\"image\":{\"@id\":\"https:\/\/www.notibras.com\/site\/#\/schema\/logo\/image\/\"},\"sameAs\":[\"https:\/\/www.facebook.com\/notibras\/\",\"https:\/\/x.com\/Notibras\",\"https:\/\/www.instagram.com\/notibras\/\"]},{\"@type\":\"Person\",\"@id\":\"https:\/\/www.notibras.com\/site\/#\/schema\/person\/36ab0979449956132d3e5b517ea76ac8\",\"name\":\"Reda\u00e7\u00e3o\",\"image\":{\"@type\":\"ImageObject\",\"inLanguage\":\"pt-BR\",\"@id\":\"https:\/\/secure.gravatar.com\/avatar\/e0a867bdedb85fd243eadf09663511f96fc81e0720a4a42581f334ad4303aa6b?s=96&d=mm&r=g\",\"url\":\"https:\/\/secure.gravatar.com\/avatar\/e0a867bdedb85fd243eadf09663511f96fc81e0720a4a42581f334ad4303aa6b?s=96&d=mm&r=g\",\"contentUrl\":\"https:\/\/secure.gravatar.com\/avatar\/e0a867bdedb85fd243eadf09663511f96fc81e0720a4a42581f334ad4303aa6b?s=96&d=mm&r=g\",\"caption\":\"Reda\u00e7\u00e3o\"}}]}<\/script>\n<!-- \/ Yoast SEO plugin. -->","yoast_head_json":{"title":"Ind\u00edgenas chegam a Bras\u00edlia para o Acampamento Terra Livre - Notibras","robots":{"index":"index","follow":"follow","max-snippet":"max-snippet:-1","max-image-preview":"max-image-preview:large","max-video-preview":"max-video-preview:-1"},"canonical":"https:\/\/www.notibras.com\/site\/indigenas-chegam-a-brasilia-para-o-acampamento-terra-livre\/","og_locale":"pt_BR","og_type":"article","og_title":"Ind\u00edgenas chegam a Bras\u00edlia para o Acampamento Terra Livre - Notibras","og_description":"Delega\u00e7\u00f5es ind\u00edgenas come\u00e7aram a chegar neste domingo (23) a Bras\u00edlia para a edi\u00e7\u00e3o de 2023 do Acampamento Terra Livre (ATL), que ocorrer\u00e1 de 24 a 28 de abril. O tema deste ano \u00e9 \u201cO futuro ind\u00edgena \u00e9 hoje. Sem demarca\u00e7\u00e3o, n\u00e3o h\u00e1 democracia!\u201d. S\u00e3o esperados mais de 6 mil ind\u00edgenas na capital federal para as [&hellip;]","og_url":"https:\/\/www.notibras.com\/site\/indigenas-chegam-a-brasilia-para-o-acampamento-terra-livre\/","og_site_name":"Notibras","article_publisher":"https:\/\/www.facebook.com\/notibras\/","article_published_time":"2023-04-24T03:00:53+00:00","article_modified_time":"2023-04-24T03:29:54+00:00","og_image":[{"width":1170,"height":700,"url":"https:\/\/www.notibras.com\/site\/wp-content\/uploads\/2023\/04\/ja_4660.jpg","type":"image\/jpeg"}],"author":"Reda\u00e7\u00e3o","twitter_card":"summary_large_image","twitter_creator":"@Notibras","twitter_site":"@Notibras","twitter_misc":{"Escrito por":"Reda\u00e7\u00e3o","Est. tempo de leitura":"2 minutos"},"schema":{"@context":"https:\/\/schema.org","@graph":[{"@type":"Article","@id":"https:\/\/www.notibras.com\/site\/indigenas-chegam-a-brasilia-para-o-acampamento-terra-livre\/#article","isPartOf":{"@id":"https:\/\/www.notibras.com\/site\/indigenas-chegam-a-brasilia-para-o-acampamento-terra-livre\/"},"author":{"name":"Reda\u00e7\u00e3o","@id":"https:\/\/www.notibras.com\/site\/#\/schema\/person\/36ab0979449956132d3e5b517ea76ac8"},"headline":"Ind\u00edgenas chegam a Bras\u00edlia para o Acampamento Terra Livre","datePublished":"2023-04-24T03:00:53+00:00","dateModified":"2023-04-24T03:29:54+00:00","mainEntityOfPage":{"@id":"https:\/\/www.notibras.com\/site\/indigenas-chegam-a-brasilia-para-o-acampamento-terra-livre\/"},"wordCount":386,"publisher":{"@id":"https:\/\/www.notibras.com\/site\/#organization"},"image":{"@id":"https:\/\/www.notibras.com\/site\/indigenas-chegam-a-brasilia-para-o-acampamento-terra-livre\/#primaryimage"},"thumbnailUrl":"https:\/\/www.notibras.com\/site\/wp-content\/uploads\/2023\/04\/ja_4660.jpg","keywords":["capa"],"articleSection":["Quadradinho em Foco"],"inLanguage":"pt-BR"},{"@type":"WebPage","@id":"https:\/\/www.notibras.com\/site\/indigenas-chegam-a-brasilia-para-o-acampamento-terra-livre\/","url":"https:\/\/www.notibras.com\/site\/indigenas-chegam-a-brasilia-para-o-acampamento-terra-livre\/","name":"Ind\u00edgenas chegam a Bras\u00edlia para o Acampamento Terra Livre - Notibras","isPartOf":{"@id":"https:\/\/www.notibras.com\/site\/#website"},"primaryImageOfPage":{"@id":"https:\/\/www.notibras.com\/site\/indigenas-chegam-a-brasilia-para-o-acampamento-terra-livre\/#primaryimage"},"image":{"@id":"https:\/\/www.notibras.com\/site\/indigenas-chegam-a-brasilia-para-o-acampamento-terra-livre\/#primaryimage"},"thumbnailUrl":"https:\/\/www.notibras.com\/site\/wp-content\/uploads\/2023\/04\/ja_4660.jpg","datePublished":"2023-04-24T03:00:53+00:00","dateModified":"2023-04-24T03:29:54+00:00","breadcrumb":{"@id":"https:\/\/www.notibras.com\/site\/indigenas-chegam-a-brasilia-para-o-acampamento-terra-livre\/#breadcrumb"},"inLanguage":"pt-BR","potentialAction":[{"@type":"ReadAction","target":["https:\/\/www.notibras.com\/site\/indigenas-chegam-a-brasilia-para-o-acampamento-terra-livre\/"]}]},{"@type":"ImageObject","inLanguage":"pt-BR","@id":"https:\/\/www.notibras.com\/site\/indigenas-chegam-a-brasilia-para-o-acampamento-terra-livre\/#primaryimage","url":"https:\/\/www.notibras.com\/site\/wp-content\/uploads\/2023\/04\/ja_4660.jpg","contentUrl":"https:\/\/www.notibras.com\/site\/wp-content\/uploads\/2023\/04\/ja_4660.jpg","width":1170,"height":700},{"@type":"BreadcrumbList","@id":"https:\/\/www.notibras.com\/site\/indigenas-chegam-a-brasilia-para-o-acampamento-terra-livre\/#breadcrumb","itemListElement":[{"@type":"ListItem","position":1,"name":"In\u00edcio","item":"https:\/\/www.notibras.com\/site\/"},{"@type":"ListItem","position":2,"name":"Ind\u00edgenas chegam a Bras\u00edlia para o Acampamento Terra Livre"}]},{"@type":"WebSite","@id":"https:\/\/www.notibras.com\/site\/#website","url":"https:\/\/www.notibras.com\/site\/","name":"Notibras","description":"Not\u00edcias de Bras\u00edlia, do Brasil e do Mundo","publisher":{"@id":"https:\/\/www.notibras.com\/site\/#organization"},"potentialAction":[{"@type":"SearchAction","target":{"@type":"EntryPoint","urlTemplate":"https:\/\/www.notibras.com\/site\/?s={search_term_string}"},"query-input":{"@type":"PropertyValueSpecification","valueRequired":true,"valueName":"search_term_string"}}],"inLanguage":"pt-BR"},{"@type":"Organization","@id":"https:\/\/www.notibras.com\/site\/#organization","name":"Grupo Notibras de Comunica\u00e7\u00e3o","url":"https:\/\/www.notibras.com\/site\/","logo":{"@type":"ImageObject","inLanguage":"pt-BR","@id":"https:\/\/www.notibras.com\/site\/#\/schema\/logo\/image\/","url":"https:\/\/www.notibras.com\/site\/wp-content\/uploads\/2023\/01\/notibras23.png","contentUrl":"https:\/\/www.notibras.com\/site\/wp-content\/uploads\/2023\/01\/notibras23.png","width":350,"height":87,"caption":"Grupo Notibras de Comunica\u00e7\u00e3o"},"image":{"@id":"https:\/\/www.notibras.com\/site\/#\/schema\/logo\/image\/"},"sameAs":["https:\/\/www.facebook.com\/notibras\/","https:\/\/x.com\/Notibras","https:\/\/www.instagram.com\/notibras\/"]},{"@type":"Person","@id":"https:\/\/www.notibras.com\/site\/#\/schema\/person\/36ab0979449956132d3e5b517ea76ac8","name":"Reda\u00e7\u00e3o","image":{"@type":"ImageObject","inLanguage":"pt-BR","@id":"https:\/\/secure.gravatar.com\/avatar\/e0a867bdedb85fd243eadf09663511f96fc81e0720a4a42581f334ad4303aa6b?s=96&d=mm&r=g","url":"https:\/\/secure.gravatar.com\/avatar\/e0a867bdedb85fd243eadf09663511f96fc81e0720a4a42581f334ad4303aa6b?s=96&d=mm&r=g","contentUrl":"https:\/\/secure.gravatar.com\/avatar\/e0a867bdedb85fd243eadf09663511f96fc81e0720a4a42581f334ad4303aa6b?s=96&d=mm&r=g","caption":"Reda\u00e7\u00e3o"}}]}},"amp_enabled":true,"_links":{"self":[{"href":"https:\/\/www.notibras.com\/site\/wp-json\/wp\/v2\/posts\/303532","targetHints":{"allow":["GET"]}}],"collection":[{"href":"https:\/\/www.notibras.com\/site\/wp-json\/wp\/v2\/posts"}],"about":[{"href":"https:\/\/www.notibras.com\/site\/wp-json\/wp\/v2\/types\/post"}],"author":[{"embeddable":true,"href":"https:\/\/www.notibras.com\/site\/wp-json\/wp\/v2\/users\/2"}],"replies":[{"embeddable":true,"href":"https:\/\/www.notibras.com\/site\/wp-json\/wp\/v2\/comments?post=303532"}],"version-history":[{"count":1,"href":"https:\/\/www.notibras.com\/site\/wp-json\/wp\/v2\/posts\/303532\/revisions"}],"predecessor-version":[{"id":303534,"href":"https:\/\/www.notibras.com\/site\/wp-json\/wp\/v2\/posts\/303532\/revisions\/303534"}],"wp:featuredmedia":[{"embeddable":true,"href":"https:\/\/www.notibras.com\/site\/wp-json\/wp\/v2\/media\/303533"}],"wp:attachment":[{"href":"https:\/\/www.notibras.com\/site\/wp-json\/wp\/v2\/media?parent=303532"}],"wp:term":[{"taxonomy":"category","embeddable":true,"href":"https:\/\/www.notibras.com\/site\/wp-json\/wp\/v2\/categories?post=303532"},{"taxonomy":"post_tag","embeddable":true,"href":"https:\/\/www.notibras.com\/site\/wp-json\/wp\/v2\/tags?post=303532"}],"curies":[{"name":"wp","href":"https:\/\/api.w.org\/{rel}","templated":true}]}}