{"id":303535,"date":"2023-04-24T00:00:09","date_gmt":"2023-04-24T03:00:09","guid":{"rendered":"https:\/\/www.notibras.com\/site\/?p=303535"},"modified":"2023-04-24T00:39:32","modified_gmt":"2023-04-24T03:39:32","slug":"governo-quer-retomar-politicas-publicas-para-leitura","status":"publish","type":"post","link":"https:\/\/www.notibras.com\/site\/governo-quer-retomar-politicas-publicas-para-leitura\/","title":{"rendered":"Governo quer retomar pol\u00edticas p\u00fablicas para leitura"},"content":{"rendered":"<p>Fazer uma na\u00e7\u00e3o leitora, este \u00e9 o desafio do atual governo. Em entrevista \u00e0 <em>Ag\u00eancia Brasil<\/em>, o secret\u00e1rio de Forma\u00e7\u00e3o, Livro e Leitura do Minist\u00e9rio da Cultura, Fabiano Pi\u00faba, destaca as a\u00e7\u00f5es de retomada das pol\u00edticas para a \u00e1rea, assim como aponta propostas da pasta para o novo Programa de Acelera\u00e7\u00e3o do Crescimento (PAC). De acordo com ele, a forma\u00e7\u00e3o leitora dos brasileiros \u00e9 uma das prioridades da gest\u00e3o.<\/p>\n<p>\u201cO pr\u00f3prio presidente Lula, no processo de campanha, trouxe muito essa pauta quando falava menos armas e mais livros, menos clubes de tiro e mais bibliotecas. Eu creio que essa pol\u00edtica ganha um relevo desde o fato de estar numa secretaria como tamb\u00e9m em uma agenda social e pol\u00edtica do governo federal\u201d, afirma.<\/p>\n<p>Reduzida a uma diretoria dentro da Secretaria de Economia Criativa durante o governo Bolsonaro, a pasta recupera agora um grau institucional maior, segundo Pi\u00faba. Uma das atribui\u00e7\u00f5es da atual Secretaria \u00e9 implementar o Plano Nacional de Livro e Leitura (PNLL), de forma articulada com o Minist\u00e9rio da Educa\u00e7\u00e3o. O PNLL trata de diretrizes b\u00e1sicas para a democratiza\u00e7\u00e3o do acesso ao livro e para o fortalecimento de sua cadeia produtiva.<\/p>\n<p>\u201cN\u00f3s estamos com um grupo t\u00e9cnico espec\u00edfico para a constru\u00e7\u00e3o desse PNLL e uma das linhas \u00e9 a implementa\u00e7\u00e3o e a moderniza\u00e7\u00e3o de bibliotecas, tanto da rede p\u00fablica como da rede escolar\u201d, explica o secret\u00e1rio.<\/p>\n<p><strong>Criar e recuperar bibliotecas<\/strong><br \/>\nPara Fabiano Pi\u00faba, \u00e9 preciso modernizar o pr\u00f3prio conceito de biblioteca. \u201cEla deve ser vista como um d\u00ednamo cultural, conforme diz a Unesco, n\u00e3o como um dep\u00f3sito de livros\u201d, defende.<\/p>\n<p>Uma das propostas para levar essa inova\u00e7\u00e3o adiante \u00e9 a implementa\u00e7\u00e3o das chamadas Bibliotecas Parque, atualmente em fase de estudo. Criadas na cidade de Medell\u00edn, na Col\u00f4mbia, essas bibliotecas s\u00e3o centros culturais que desenvolvem diversas atividades educativas e l\u00fadicas, com forte envolvimento da comunidade.<\/p>\n<p>O secret\u00e1rio tamb\u00e9m aponta a experi\u00eancia das Bibliotecas Parque do Rio de Janeiro, inauguradas nos anos de 2010 e 2011. \u201cA gente quer desenvolver tamb\u00e9m uma a\u00e7\u00e3o para as Bibliotecas Parque em \u00e1reas de periferia, em \u00e1reas de vulnerabilidade, n\u00e3o necessariamente nas capitais\u201d, especifica.<\/p>\n<p>Outro desafio \u00e9 recuperar as bibliotecas p\u00fablicas fechadas nos \u00faltimos anos. Segundo o Censo Nacional das Bibliotecas P\u00fablicas Municipais (2009), empreendido pela Funda\u00e7\u00e3o Get\u00falio Vargas, 1.152 munic\u00edpios n\u00e3o contavam com este aparelho cultural.<\/p>\n<p>\u201cEm 2010, a gente zerou o d\u00e9ficit de munic\u00edpios sem bibliotecas. Isso era uma meta que estava vinculada \u00e0 presid\u00eancia da Rep\u00fablica \u00e0 \u00e9poca\u201d, afirma.<\/p>\n<p>Segundo a pasta, atualmente faltam bibliotecas p\u00fablicas em pelo menos 991 cidades brasileiras e apenas dois estados \u2013 Amap\u00e1 e Sergipe \u2013 est\u00e3o contemplados em todos os munic\u00edpios. A ideia agora \u00e9 abrir uma linha, por meio de edital, para que os munic\u00edpios apresentem seus projetos.<\/p>\n<p><strong>Bibliodiversidade por princ\u00edpio<\/strong><br \/>\nPara Pi\u00faba, o fomento ao livro e \u00e0 leitura deve ser pensado a partir da bibliodiversidade. Esse conceito faz refer\u00eancia \u00e0 diversidade da produ\u00e7\u00e3o editorial de um pa\u00eds.<\/p>\n<p>\u201cUma pol\u00edtica de aquisi\u00e7\u00e3o e de atualiza\u00e7\u00e3o de acervos [para bibliotecas p\u00fablicas] tem que compreender essa bibliodiversidade, isto \u00e9, uma diversidade regional, de editoras, mas compreendendo tamb\u00e9m que h\u00e1 autores e autoras independentes, al\u00e9m de uma diversidade cultural e \u00e9tnica\u201d.<\/p>\n<p>A proposta \u00e9 que as aquisi\u00e7\u00f5es de livros para bibliotecas p\u00fablicas possam abranger obras variadas e n\u00e3o se concentrar apenas na produ\u00e7\u00e3o de poucas editoras da Regi\u00e3o Sudeste, como costumava ser feito.<\/p>\n<p>Tamb\u00e9m para incentivar a diversidade, a Secretaria lan\u00e7ou o Pr\u00eamio Carolina Maria de Jesus em abril deste ano. O edital prev\u00ea a sele\u00e7\u00e3o de 40 obras in\u00e9ditas escritas por mulheres, destinando o valor de R$ 50 mil reais por agraciada.<\/p>\n<p>\u201cEsse edital j\u00e1 deu o tom do que vem por a\u00ed. Ele estabeleceu cotas importantes, 20% no m\u00ednimo para mulheres negras, 10% para mulheres ind\u00edgenas, 10% para mulheres com defici\u00eancia, 5% para mulheres ciganas e 5% para mulheres quilombolas\u201d, detalha o secret\u00e1rio. De acordo com ele, as pol\u00edticas afirmativas tamb\u00e9m comp\u00f5em as estrat\u00e9gias da Secretaria e seguem as diretrizes da ministra da Cultura Margareth Menezes.<\/p>\n<p><strong>PAC e livros para exporta\u00e7\u00e3o<\/strong><br \/>\nA Secretaria tem apresentado propostas para o novo Programa de Acelera\u00e7\u00e3o do Crescimento (PAC) do governo federal. \u201cUm dos projetos \u00e9 que, ao receber a chave da casa [no programa Minha Casa, Minha Vida], a fam\u00edlia receba tamb\u00e9m um kit com uma biblioteca b\u00e1sica de literatura brasileira, universal e infantil\u201d, explica Pi\u00faba.<\/p>\n<p>Outra proposta \u00e9 retomar o programa Agentes de Leitura, que operou entre 2009 e 2011: \u201cS\u00e3o jovens entre 18 e 29 anos, com ensino m\u00e9dio completo, que passam por um processo de sele\u00e7\u00e3o e forma\u00e7\u00e3o cont\u00ednua para criar ambientes favor\u00e1veis para a leitura dentro das casas, s\u00f3 que agora queremos conectar isso com a escola, em parceria com o MEC\u201d. Esta seria uma a\u00e7\u00e3o desenvolvida no \u00e2mbito do Programa Nacional de Incentivo \u00e0 Leitura (PROLER).<\/p>\n<p><strong>Literatura nacional<\/strong><br \/>\nA promo\u00e7\u00e3o da literatura brasileira tamb\u00e9m est\u00e1 na agenda da Secretaria. Dentre as prioridades, est\u00e1 a participa\u00e7\u00e3o estrat\u00e9gica de autores em feiras liter\u00e1rias internacionais importantes, como a Feira de Guadalajara e a Feira de Frankfurt, que realizam rodadas de neg\u00f3cios para compra e venda de direitos autorais.<\/p>\n<p>\u201cAs editoras brasileiras ainda v\u00e3o muito mais comprar direitos do que vend\u00ea-los e a gente quer fazer uma via de m\u00e3o dupla\u201d, explica.<\/p>\n<p>Al\u00e9m disso, existe a expectativa de destacar recursos or\u00e7ament\u00e1rios para o programa de tradu\u00e7\u00e3o de obras de autores brasileiros, coordenado pela Funda\u00e7\u00e3o Biblioteca Nacional. Dessa forma, a pasta espera repercutir nossa cria\u00e7\u00e3o liter\u00e1ria em l\u00ednguas diversas.<\/p>\n<p><strong>Desafios de um pa\u00eds que l\u00ea pouco<\/strong><br \/>\nUm dos desafios apontados por Pi\u00faba \u00e9 a forma\u00e7\u00e3o leitora. Publicada em 2019, a 5\u00aa edi\u00e7\u00e3o da pesquisa Retratos da Leitura, do Instituto Pr\u00f3-Livro, revelou uma redu\u00e7\u00e3o no percentual de leitores entre 2015 e 2019. De acordo com os dados divulgados, passamos de 104,7 milh\u00f5es de leitores para 100,1 milh\u00f5es \u2013 uma queda de 4,6 milh\u00f5es. Al\u00e9m disso, o Brasil continua no patamar de quase 50% de n\u00e3o leitores.<\/p>\n<p>Segundo o Indicador de Alfabetismo Funcional (Inaf) de 2018, tr\u00eas em cada dez brasileiros entre 15 e 64 anos sofrem de analfabetismo funcional, isto \u00e9, n\u00e3o s\u00e3o capazes de compreender aquilo que leem.<\/p>\n<p>\u201cA crian\u00e7a precisa ser alfabetizada no tempo certo e os jovens t\u00eam que chegar ao ensino m\u00e9dio n\u00e3o com analfabetismo funcional, mas aptos a dar um salto maior para chegar \u00e0 universidade com essa capacidade de leitura e escrita\u201d, avalia.<\/p>\n<p>Para Pi\u00faba, um eixo importante para a alfabetiza\u00e7\u00e3o plena \u00e9 justamente o da forma\u00e7\u00e3o leitora. Doutor em educa\u00e7\u00e3o pela Universidade Federal do Cear\u00e1 (UFC), ele defende que os programas de alfabetiza\u00e7\u00e3o enfatizem essa forma\u00e7\u00e3o espec\u00edfica, com destaque \u00e0 literatura infantil e juvenil, o que vem sendo tratado com o MEC.<\/p>\n<p>\u201cMuito mais importante do que saber quantos livros a gente l\u00ea ao ano, comparando o Brasil com outros pa\u00edses, \u00e9 saber o que somos capazes de fazer com aquilo que se leu\u201d, conclui.<\/p>\n","protected":false},"excerpt":{"rendered":"<p>Fazer uma na\u00e7\u00e3o leitora, este \u00e9 o desafio do atual governo. Em entrevista \u00e0 Ag\u00eancia Brasil, o secret\u00e1rio de Forma\u00e7\u00e3o, Livro e Leitura do Minist\u00e9rio da Cultura, Fabiano Pi\u00faba, destaca as a\u00e7\u00f5es de retomada das pol\u00edticas para a \u00e1rea, assim como aponta propostas da pasta para o novo Programa de Acelera\u00e7\u00e3o do Crescimento (PAC). De [&hellip;]<\/p>\n","protected":false},"author":2,"featured_media":303536,"comment_status":"closed","ping_status":"closed","sticky":false,"template":"","format":"standard","meta":{"_acf_changed":false,"footnotes":""},"categories":[161],"tags":[95],"class_list":["post-303535","post","type-post","status-publish","format-standard","has-post-thumbnail","hentry","category-quadradinho-em-foco","tag-capa"],"acf":[],"yoast_head":"<!-- This site is optimized with the Yoast SEO plugin v27.2 - https:\/\/yoast.com\/product\/yoast-seo-wordpress\/ -->\n<title>Governo quer retomar pol\u00edticas p\u00fablicas para leitura - Notibras<\/title>\n<meta name=\"robots\" content=\"index, follow, max-snippet:-1, max-image-preview:large, max-video-preview:-1\" \/>\n<link rel=\"canonical\" href=\"https:\/\/www.notibras.com\/site\/governo-quer-retomar-politicas-publicas-para-leitura\/\" \/>\n<meta property=\"og:locale\" content=\"pt_BR\" \/>\n<meta property=\"og:type\" content=\"article\" \/>\n<meta property=\"og:title\" content=\"Governo quer retomar pol\u00edticas p\u00fablicas para leitura - Notibras\" \/>\n<meta property=\"og:description\" content=\"Fazer uma na\u00e7\u00e3o leitora, este \u00e9 o desafio do atual governo. Em entrevista \u00e0 Ag\u00eancia Brasil, o secret\u00e1rio de Forma\u00e7\u00e3o, Livro e Leitura do Minist\u00e9rio da Cultura, Fabiano Pi\u00faba, destaca as a\u00e7\u00f5es de retomada das pol\u00edticas para a \u00e1rea, assim como aponta propostas da pasta para o novo Programa de Acelera\u00e7\u00e3o do Crescimento (PAC). De [&hellip;]\" \/>\n<meta property=\"og:url\" content=\"https:\/\/www.notibras.com\/site\/governo-quer-retomar-politicas-publicas-para-leitura\/\" \/>\n<meta property=\"og:site_name\" content=\"Notibras\" \/>\n<meta property=\"article:publisher\" content=\"https:\/\/www.facebook.com\/notibras\/\" \/>\n<meta property=\"article:published_time\" content=\"2023-04-24T03:00:09+00:00\" \/>\n<meta property=\"article:modified_time\" content=\"2023-04-24T03:39:32+00:00\" \/>\n<meta property=\"og:image\" content=\"https:\/\/www.notibras.com\/site\/wp-content\/uploads\/2023\/04\/fqa_leitura_desde_o_beroo_foto_andrezza_mariot_4.jpg\" \/>\n\t<meta property=\"og:image:width\" content=\"1170\" \/>\n\t<meta property=\"og:image:height\" content=\"700\" \/>\n\t<meta property=\"og:image:type\" content=\"image\/jpeg\" \/>\n<meta name=\"author\" content=\"Reda\u00e7\u00e3o\" \/>\n<meta name=\"twitter:card\" content=\"summary_large_image\" \/>\n<meta name=\"twitter:creator\" content=\"@Notibras\" \/>\n<meta name=\"twitter:site\" content=\"@Notibras\" \/>\n<meta name=\"twitter:label1\" content=\"Escrito por\" \/>\n\t<meta name=\"twitter:data1\" content=\"Reda\u00e7\u00e3o\" \/>\n\t<meta name=\"twitter:label2\" content=\"Est. tempo de leitura\" \/>\n\t<meta name=\"twitter:data2\" content=\"7 minutos\" \/>\n<script type=\"application\/ld+json\" class=\"yoast-schema-graph\">{\"@context\":\"https:\/\/schema.org\",\"@graph\":[{\"@type\":\"Article\",\"@id\":\"https:\/\/www.notibras.com\/site\/governo-quer-retomar-politicas-publicas-para-leitura\/#article\",\"isPartOf\":{\"@id\":\"https:\/\/www.notibras.com\/site\/governo-quer-retomar-politicas-publicas-para-leitura\/\"},\"author\":{\"name\":\"Reda\u00e7\u00e3o\",\"@id\":\"https:\/\/www.notibras.com\/site\/#\/schema\/person\/36ab0979449956132d3e5b517ea76ac8\"},\"headline\":\"Governo quer retomar pol\u00edticas p\u00fablicas para leitura\",\"datePublished\":\"2023-04-24T03:00:09+00:00\",\"dateModified\":\"2023-04-24T03:39:32+00:00\",\"mainEntityOfPage\":{\"@id\":\"https:\/\/www.notibras.com\/site\/governo-quer-retomar-politicas-publicas-para-leitura\/\"},\"wordCount\":1231,\"publisher\":{\"@id\":\"https:\/\/www.notibras.com\/site\/#organization\"},\"image\":{\"@id\":\"https:\/\/www.notibras.com\/site\/governo-quer-retomar-politicas-publicas-para-leitura\/#primaryimage\"},\"thumbnailUrl\":\"https:\/\/www.notibras.com\/site\/wp-content\/uploads\/2023\/04\/fqa_leitura_desde_o_beroo_foto_andrezza_mariot_4.jpg\",\"keywords\":[\"capa\"],\"articleSection\":[\"Quadradinho em Foco\"],\"inLanguage\":\"pt-BR\"},{\"@type\":\"WebPage\",\"@id\":\"https:\/\/www.notibras.com\/site\/governo-quer-retomar-politicas-publicas-para-leitura\/\",\"url\":\"https:\/\/www.notibras.com\/site\/governo-quer-retomar-politicas-publicas-para-leitura\/\",\"name\":\"Governo quer retomar pol\u00edticas p\u00fablicas para leitura - Notibras\",\"isPartOf\":{\"@id\":\"https:\/\/www.notibras.com\/site\/#website\"},\"primaryImageOfPage\":{\"@id\":\"https:\/\/www.notibras.com\/site\/governo-quer-retomar-politicas-publicas-para-leitura\/#primaryimage\"},\"image\":{\"@id\":\"https:\/\/www.notibras.com\/site\/governo-quer-retomar-politicas-publicas-para-leitura\/#primaryimage\"},\"thumbnailUrl\":\"https:\/\/www.notibras.com\/site\/wp-content\/uploads\/2023\/04\/fqa_leitura_desde_o_beroo_foto_andrezza_mariot_4.jpg\",\"datePublished\":\"2023-04-24T03:00:09+00:00\",\"dateModified\":\"2023-04-24T03:39:32+00:00\",\"breadcrumb\":{\"@id\":\"https:\/\/www.notibras.com\/site\/governo-quer-retomar-politicas-publicas-para-leitura\/#breadcrumb\"},\"inLanguage\":\"pt-BR\",\"potentialAction\":[{\"@type\":\"ReadAction\",\"target\":[\"https:\/\/www.notibras.com\/site\/governo-quer-retomar-politicas-publicas-para-leitura\/\"]}]},{\"@type\":\"ImageObject\",\"inLanguage\":\"pt-BR\",\"@id\":\"https:\/\/www.notibras.com\/site\/governo-quer-retomar-politicas-publicas-para-leitura\/#primaryimage\",\"url\":\"https:\/\/www.notibras.com\/site\/wp-content\/uploads\/2023\/04\/fqa_leitura_desde_o_beroo_foto_andrezza_mariot_4.jpg\",\"contentUrl\":\"https:\/\/www.notibras.com\/site\/wp-content\/uploads\/2023\/04\/fqa_leitura_desde_o_beroo_foto_andrezza_mariot_4.jpg\",\"width\":1170,\"height\":700},{\"@type\":\"BreadcrumbList\",\"@id\":\"https:\/\/www.notibras.com\/site\/governo-quer-retomar-politicas-publicas-para-leitura\/#breadcrumb\",\"itemListElement\":[{\"@type\":\"ListItem\",\"position\":1,\"name\":\"In\u00edcio\",\"item\":\"https:\/\/www.notibras.com\/site\/\"},{\"@type\":\"ListItem\",\"position\":2,\"name\":\"Governo quer retomar pol\u00edticas p\u00fablicas para leitura\"}]},{\"@type\":\"WebSite\",\"@id\":\"https:\/\/www.notibras.com\/site\/#website\",\"url\":\"https:\/\/www.notibras.com\/site\/\",\"name\":\"Notibras\",\"description\":\"Not\u00edcias de Bras\u00edlia, do Brasil e do Mundo\",\"publisher\":{\"@id\":\"https:\/\/www.notibras.com\/site\/#organization\"},\"potentialAction\":[{\"@type\":\"SearchAction\",\"target\":{\"@type\":\"EntryPoint\",\"urlTemplate\":\"https:\/\/www.notibras.com\/site\/?s={search_term_string}\"},\"query-input\":{\"@type\":\"PropertyValueSpecification\",\"valueRequired\":true,\"valueName\":\"search_term_string\"}}],\"inLanguage\":\"pt-BR\"},{\"@type\":\"Organization\",\"@id\":\"https:\/\/www.notibras.com\/site\/#organization\",\"name\":\"Grupo Notibras de Comunica\u00e7\u00e3o\",\"url\":\"https:\/\/www.notibras.com\/site\/\",\"logo\":{\"@type\":\"ImageObject\",\"inLanguage\":\"pt-BR\",\"@id\":\"https:\/\/www.notibras.com\/site\/#\/schema\/logo\/image\/\",\"url\":\"https:\/\/www.notibras.com\/site\/wp-content\/uploads\/2023\/01\/notibras23.png\",\"contentUrl\":\"https:\/\/www.notibras.com\/site\/wp-content\/uploads\/2023\/01\/notibras23.png\",\"width\":350,\"height\":87,\"caption\":\"Grupo Notibras de Comunica\u00e7\u00e3o\"},\"image\":{\"@id\":\"https:\/\/www.notibras.com\/site\/#\/schema\/logo\/image\/\"},\"sameAs\":[\"https:\/\/www.facebook.com\/notibras\/\",\"https:\/\/x.com\/Notibras\",\"https:\/\/www.instagram.com\/notibras\/\"]},{\"@type\":\"Person\",\"@id\":\"https:\/\/www.notibras.com\/site\/#\/schema\/person\/36ab0979449956132d3e5b517ea76ac8\",\"name\":\"Reda\u00e7\u00e3o\",\"image\":{\"@type\":\"ImageObject\",\"inLanguage\":\"pt-BR\",\"@id\":\"https:\/\/secure.gravatar.com\/avatar\/e0a867bdedb85fd243eadf09663511f96fc81e0720a4a42581f334ad4303aa6b?s=96&d=mm&r=g\",\"url\":\"https:\/\/secure.gravatar.com\/avatar\/e0a867bdedb85fd243eadf09663511f96fc81e0720a4a42581f334ad4303aa6b?s=96&d=mm&r=g\",\"contentUrl\":\"https:\/\/secure.gravatar.com\/avatar\/e0a867bdedb85fd243eadf09663511f96fc81e0720a4a42581f334ad4303aa6b?s=96&d=mm&r=g\",\"caption\":\"Reda\u00e7\u00e3o\"}}]}<\/script>\n<!-- \/ Yoast SEO plugin. -->","yoast_head_json":{"title":"Governo quer retomar pol\u00edticas p\u00fablicas para leitura - Notibras","robots":{"index":"index","follow":"follow","max-snippet":"max-snippet:-1","max-image-preview":"max-image-preview:large","max-video-preview":"max-video-preview:-1"},"canonical":"https:\/\/www.notibras.com\/site\/governo-quer-retomar-politicas-publicas-para-leitura\/","og_locale":"pt_BR","og_type":"article","og_title":"Governo quer retomar pol\u00edticas p\u00fablicas para leitura - Notibras","og_description":"Fazer uma na\u00e7\u00e3o leitora, este \u00e9 o desafio do atual governo. Em entrevista \u00e0 Ag\u00eancia Brasil, o secret\u00e1rio de Forma\u00e7\u00e3o, Livro e Leitura do Minist\u00e9rio da Cultura, Fabiano Pi\u00faba, destaca as a\u00e7\u00f5es de retomada das pol\u00edticas para a \u00e1rea, assim como aponta propostas da pasta para o novo Programa de Acelera\u00e7\u00e3o do Crescimento (PAC). De [&hellip;]","og_url":"https:\/\/www.notibras.com\/site\/governo-quer-retomar-politicas-publicas-para-leitura\/","og_site_name":"Notibras","article_publisher":"https:\/\/www.facebook.com\/notibras\/","article_published_time":"2023-04-24T03:00:09+00:00","article_modified_time":"2023-04-24T03:39:32+00:00","og_image":[{"width":1170,"height":700,"url":"https:\/\/www.notibras.com\/site\/wp-content\/uploads\/2023\/04\/fqa_leitura_desde_o_beroo_foto_andrezza_mariot_4.jpg","type":"image\/jpeg"}],"author":"Reda\u00e7\u00e3o","twitter_card":"summary_large_image","twitter_creator":"@Notibras","twitter_site":"@Notibras","twitter_misc":{"Escrito por":"Reda\u00e7\u00e3o","Est. tempo de leitura":"7 minutos"},"schema":{"@context":"https:\/\/schema.org","@graph":[{"@type":"Article","@id":"https:\/\/www.notibras.com\/site\/governo-quer-retomar-politicas-publicas-para-leitura\/#article","isPartOf":{"@id":"https:\/\/www.notibras.com\/site\/governo-quer-retomar-politicas-publicas-para-leitura\/"},"author":{"name":"Reda\u00e7\u00e3o","@id":"https:\/\/www.notibras.com\/site\/#\/schema\/person\/36ab0979449956132d3e5b517ea76ac8"},"headline":"Governo quer retomar pol\u00edticas p\u00fablicas para leitura","datePublished":"2023-04-24T03:00:09+00:00","dateModified":"2023-04-24T03:39:32+00:00","mainEntityOfPage":{"@id":"https:\/\/www.notibras.com\/site\/governo-quer-retomar-politicas-publicas-para-leitura\/"},"wordCount":1231,"publisher":{"@id":"https:\/\/www.notibras.com\/site\/#organization"},"image":{"@id":"https:\/\/www.notibras.com\/site\/governo-quer-retomar-politicas-publicas-para-leitura\/#primaryimage"},"thumbnailUrl":"https:\/\/www.notibras.com\/site\/wp-content\/uploads\/2023\/04\/fqa_leitura_desde_o_beroo_foto_andrezza_mariot_4.jpg","keywords":["capa"],"articleSection":["Quadradinho em Foco"],"inLanguage":"pt-BR"},{"@type":"WebPage","@id":"https:\/\/www.notibras.com\/site\/governo-quer-retomar-politicas-publicas-para-leitura\/","url":"https:\/\/www.notibras.com\/site\/governo-quer-retomar-politicas-publicas-para-leitura\/","name":"Governo quer retomar pol\u00edticas p\u00fablicas para leitura - Notibras","isPartOf":{"@id":"https:\/\/www.notibras.com\/site\/#website"},"primaryImageOfPage":{"@id":"https:\/\/www.notibras.com\/site\/governo-quer-retomar-politicas-publicas-para-leitura\/#primaryimage"},"image":{"@id":"https:\/\/www.notibras.com\/site\/governo-quer-retomar-politicas-publicas-para-leitura\/#primaryimage"},"thumbnailUrl":"https:\/\/www.notibras.com\/site\/wp-content\/uploads\/2023\/04\/fqa_leitura_desde_o_beroo_foto_andrezza_mariot_4.jpg","datePublished":"2023-04-24T03:00:09+00:00","dateModified":"2023-04-24T03:39:32+00:00","breadcrumb":{"@id":"https:\/\/www.notibras.com\/site\/governo-quer-retomar-politicas-publicas-para-leitura\/#breadcrumb"},"inLanguage":"pt-BR","potentialAction":[{"@type":"ReadAction","target":["https:\/\/www.notibras.com\/site\/governo-quer-retomar-politicas-publicas-para-leitura\/"]}]},{"@type":"ImageObject","inLanguage":"pt-BR","@id":"https:\/\/www.notibras.com\/site\/governo-quer-retomar-politicas-publicas-para-leitura\/#primaryimage","url":"https:\/\/www.notibras.com\/site\/wp-content\/uploads\/2023\/04\/fqa_leitura_desde_o_beroo_foto_andrezza_mariot_4.jpg","contentUrl":"https:\/\/www.notibras.com\/site\/wp-content\/uploads\/2023\/04\/fqa_leitura_desde_o_beroo_foto_andrezza_mariot_4.jpg","width":1170,"height":700},{"@type":"BreadcrumbList","@id":"https:\/\/www.notibras.com\/site\/governo-quer-retomar-politicas-publicas-para-leitura\/#breadcrumb","itemListElement":[{"@type":"ListItem","position":1,"name":"In\u00edcio","item":"https:\/\/www.notibras.com\/site\/"},{"@type":"ListItem","position":2,"name":"Governo quer retomar pol\u00edticas p\u00fablicas para leitura"}]},{"@type":"WebSite","@id":"https:\/\/www.notibras.com\/site\/#website","url":"https:\/\/www.notibras.com\/site\/","name":"Notibras","description":"Not\u00edcias de Bras\u00edlia, do Brasil e do Mundo","publisher":{"@id":"https:\/\/www.notibras.com\/site\/#organization"},"potentialAction":[{"@type":"SearchAction","target":{"@type":"EntryPoint","urlTemplate":"https:\/\/www.notibras.com\/site\/?s={search_term_string}"},"query-input":{"@type":"PropertyValueSpecification","valueRequired":true,"valueName":"search_term_string"}}],"inLanguage":"pt-BR"},{"@type":"Organization","@id":"https:\/\/www.notibras.com\/site\/#organization","name":"Grupo Notibras de Comunica\u00e7\u00e3o","url":"https:\/\/www.notibras.com\/site\/","logo":{"@type":"ImageObject","inLanguage":"pt-BR","@id":"https:\/\/www.notibras.com\/site\/#\/schema\/logo\/image\/","url":"https:\/\/www.notibras.com\/site\/wp-content\/uploads\/2023\/01\/notibras23.png","contentUrl":"https:\/\/www.notibras.com\/site\/wp-content\/uploads\/2023\/01\/notibras23.png","width":350,"height":87,"caption":"Grupo Notibras de Comunica\u00e7\u00e3o"},"image":{"@id":"https:\/\/www.notibras.com\/site\/#\/schema\/logo\/image\/"},"sameAs":["https:\/\/www.facebook.com\/notibras\/","https:\/\/x.com\/Notibras","https:\/\/www.instagram.com\/notibras\/"]},{"@type":"Person","@id":"https:\/\/www.notibras.com\/site\/#\/schema\/person\/36ab0979449956132d3e5b517ea76ac8","name":"Reda\u00e7\u00e3o","image":{"@type":"ImageObject","inLanguage":"pt-BR","@id":"https:\/\/secure.gravatar.com\/avatar\/e0a867bdedb85fd243eadf09663511f96fc81e0720a4a42581f334ad4303aa6b?s=96&d=mm&r=g","url":"https:\/\/secure.gravatar.com\/avatar\/e0a867bdedb85fd243eadf09663511f96fc81e0720a4a42581f334ad4303aa6b?s=96&d=mm&r=g","contentUrl":"https:\/\/secure.gravatar.com\/avatar\/e0a867bdedb85fd243eadf09663511f96fc81e0720a4a42581f334ad4303aa6b?s=96&d=mm&r=g","caption":"Reda\u00e7\u00e3o"}}]}},"amp_enabled":true,"_links":{"self":[{"href":"https:\/\/www.notibras.com\/site\/wp-json\/wp\/v2\/posts\/303535","targetHints":{"allow":["GET"]}}],"collection":[{"href":"https:\/\/www.notibras.com\/site\/wp-json\/wp\/v2\/posts"}],"about":[{"href":"https:\/\/www.notibras.com\/site\/wp-json\/wp\/v2\/types\/post"}],"author":[{"embeddable":true,"href":"https:\/\/www.notibras.com\/site\/wp-json\/wp\/v2\/users\/2"}],"replies":[{"embeddable":true,"href":"https:\/\/www.notibras.com\/site\/wp-json\/wp\/v2\/comments?post=303535"}],"version-history":[{"count":1,"href":"https:\/\/www.notibras.com\/site\/wp-json\/wp\/v2\/posts\/303535\/revisions"}],"predecessor-version":[{"id":303537,"href":"https:\/\/www.notibras.com\/site\/wp-json\/wp\/v2\/posts\/303535\/revisions\/303537"}],"wp:featuredmedia":[{"embeddable":true,"href":"https:\/\/www.notibras.com\/site\/wp-json\/wp\/v2\/media\/303536"}],"wp:attachment":[{"href":"https:\/\/www.notibras.com\/site\/wp-json\/wp\/v2\/media?parent=303535"}],"wp:term":[{"taxonomy":"category","embeddable":true,"href":"https:\/\/www.notibras.com\/site\/wp-json\/wp\/v2\/categories?post=303535"},{"taxonomy":"post_tag","embeddable":true,"href":"https:\/\/www.notibras.com\/site\/wp-json\/wp\/v2\/tags?post=303535"}],"curies":[{"name":"wp","href":"https:\/\/api.w.org\/{rel}","templated":true}]}}