{"id":303564,"date":"2023-04-24T08:17:52","date_gmt":"2023-04-24T11:17:52","guid":{"rendered":"https:\/\/www.notibras.com\/site\/?p=303564"},"modified":"2023-04-24T11:21:04","modified_gmt":"2023-04-24T14:21:04","slug":"tcdf-da-incerta-para-ver-como-andam-as-escolas","status":"publish","type":"post","link":"https:\/\/www.notibras.com\/site\/tcdf-da-incerta-para-ver-como-andam-as-escolas\/","title":{"rendered":"TCDF d\u00e1 incerta para ver como andam as escolas"},"content":{"rendered":"<p>Nesta segunda-feira, 24, o corpo t\u00e9cnico do Tribunal de Contas do Distrito Federal vai a campo para avaliar a situa\u00e7\u00e3o das escolas p\u00fablicas do DF. Os auditores de Controle Externo do TCDF v\u00e3o \u00e0s unidades da rede p\u00fablica de ensino tamb\u00e9m nos dias 25 e 26 para verificar diversos aspectos ligados a temas como infraestrutura, seguran\u00e7a, combate e preven\u00e7\u00e3o de inc\u00eandios, al\u00e9m da limpeza e conserva\u00e7\u00e3o dos estabelecimentos de ensino.<\/p>\n<p>Para o presidente do TCDF, Conselheiro M\u00e1rcio Michel, o poder p\u00fablico precisa garantir boas condi\u00e7\u00f5es de ensino para os estudantes e, principalmente, seguran\u00e7a para a comunidade escolar.<\/p>\n<p>Nas visitas, ser\u00e3o analisadas as condi\u00e7\u00f5es das salas de aula, dos refeit\u00f3rios, das bibliotecas, dos banheiros e das quadras esportivas. Quase 200 itens ser\u00e3o checados. Eles englobam aspectos referentes \u00e0 acessibilidade, \u00e0 higiene, ao saneamento b\u00e1sico, \u00e0 energia el\u00e9trica, \u00e0 alimenta\u00e7\u00e3o, ao esporte, \u00e0 recrea\u00e7\u00e3o e aos espa\u00e7os pedag\u00f3gicos.<\/p>\n<p>A a\u00e7\u00e3o faz parte da Opera\u00e7\u00e3o Educa\u00e7\u00e3o, uma fiscaliza\u00e7\u00e3o simult\u00e2nea dos Tribunais de Contas em mais de mil escolas p\u00fablicas de todo o pa\u00eds.<\/p>\n<p>A iniciativa, uma parceria entre a Associa\u00e7\u00e3o dos Membros dos Tribunais de Contas do Brasil (Atricon) e o Tribunal de Contas do Estado de S\u00e3o Paulo (TCE-SP), com apoio t\u00e9cnico do Instituto Rui Barbosa (IRB), e suporte institucional da Associa\u00e7\u00e3o Brasileira de Tribunais de Contas dos Munic\u00edpios (Abracom) e do Conselho Nacional de Presidentes dos Tribunais de Contas (CNPTC).<\/p>\n<p>De acordo com o presidente da Atricon, Cezar Miola, dados do Censo Escolar 2022 apontam que pelo menos 12,9 milh\u00f5es de estudantes da educa\u00e7\u00e3o b\u00e1sica da rede p\u00fablica frequentam unidades que apresentam algum problema de infraestrutura. Quase um milh\u00e3o deles est\u00e3o matriculados em estabelecimentos de ensino sem acesso \u00e0 \u00e1gua pot\u00e1vel, e 390 mil estudam em escolas sem banheiros.<\/p>\n<p>Ao longo de tr\u00eas dias, as informa\u00e7\u00f5es resultantes das an\u00e1lises presenciais ser\u00e3o inseridas em um sistema de consolida\u00e7\u00e3o autom\u00e1tica de dados. Em seguida, ser\u00e3o gerados dois tipos de relat\u00f3rios: um nacional e outro por unidade da Federa\u00e7\u00e3o.<\/p>\n","protected":false},"excerpt":{"rendered":"<p>Nesta segunda-feira, 24, o corpo t\u00e9cnico do Tribunal de Contas do Distrito Federal vai a campo para avaliar a situa\u00e7\u00e3o das escolas p\u00fablicas do DF. Os auditores de Controle Externo do TCDF v\u00e3o \u00e0s unidades da rede p\u00fablica de ensino tamb\u00e9m nos dias 25 e 26 para verificar diversos aspectos ligados a temas como infraestrutura, [&hellip;]<\/p>\n","protected":false},"author":2,"featured_media":279380,"comment_status":"closed","ping_status":"closed","sticky":false,"template":"","format":"standard","meta":{"_acf_changed":false,"footnotes":""},"categories":[161],"tags":[],"class_list":["post-303564","post","type-post","status-publish","format-standard","has-post-thumbnail","hentry","category-quadradinho-em-foco"],"acf":[],"yoast_head":"<!-- This site is optimized with the Yoast SEO plugin v27.2 - https:\/\/yoast.com\/product\/yoast-seo-wordpress\/ -->\n<title>TCDF d\u00e1 incerta para ver como andam as escolas - Notibras<\/title>\n<meta name=\"robots\" content=\"index, follow, max-snippet:-1, max-image-preview:large, max-video-preview:-1\" \/>\n<link rel=\"canonical\" href=\"https:\/\/www.notibras.com\/site\/tcdf-da-incerta-para-ver-como-andam-as-escolas\/\" \/>\n<meta property=\"og:locale\" content=\"pt_BR\" \/>\n<meta property=\"og:type\" content=\"article\" \/>\n<meta property=\"og:title\" content=\"TCDF d\u00e1 incerta para ver como andam as escolas - Notibras\" \/>\n<meta property=\"og:description\" content=\"Nesta segunda-feira, 24, o corpo t\u00e9cnico do Tribunal de Contas do Distrito Federal vai a campo para avaliar a situa\u00e7\u00e3o das escolas p\u00fablicas do DF. Os auditores de Controle Externo do TCDF v\u00e3o \u00e0s unidades da rede p\u00fablica de ensino tamb\u00e9m nos dias 25 e 26 para verificar diversos aspectos ligados a temas como infraestrutura, [&hellip;]\" \/>\n<meta property=\"og:url\" content=\"https:\/\/www.notibras.com\/site\/tcdf-da-incerta-para-ver-como-andam-as-escolas\/\" \/>\n<meta property=\"og:site_name\" content=\"Notibras\" \/>\n<meta property=\"article:publisher\" content=\"https:\/\/www.facebook.com\/notibras\/\" \/>\n<meta property=\"article:published_time\" content=\"2023-04-24T11:17:52+00:00\" \/>\n<meta property=\"article:modified_time\" content=\"2023-04-24T14:21:04+00:00\" \/>\n<meta property=\"og:image\" content=\"https:\/\/www.notibras.com\/site\/wp-content\/uploads\/2022\/02\/escol-marcelo-camargo.jpg\" \/>\n\t<meta property=\"og:image:width\" content=\"1170\" \/>\n\t<meta property=\"og:image:height\" content=\"700\" \/>\n\t<meta property=\"og:image:type\" content=\"image\/jpeg\" \/>\n<meta name=\"author\" content=\"Reda\u00e7\u00e3o\" \/>\n<meta name=\"twitter:card\" content=\"summary_large_image\" \/>\n<meta name=\"twitter:creator\" content=\"@Notibras\" \/>\n<meta name=\"twitter:site\" content=\"@Notibras\" \/>\n<meta name=\"twitter:label1\" content=\"Escrito por\" \/>\n\t<meta name=\"twitter:data1\" content=\"Reda\u00e7\u00e3o\" \/>\n\t<meta name=\"twitter:label2\" content=\"Est. tempo de leitura\" \/>\n\t<meta name=\"twitter:data2\" content=\"2 minutos\" \/>\n<script type=\"application\/ld+json\" class=\"yoast-schema-graph\">{\"@context\":\"https:\/\/schema.org\",\"@graph\":[{\"@type\":\"Article\",\"@id\":\"https:\/\/www.notibras.com\/site\/tcdf-da-incerta-para-ver-como-andam-as-escolas\/#article\",\"isPartOf\":{\"@id\":\"https:\/\/www.notibras.com\/site\/tcdf-da-incerta-para-ver-como-andam-as-escolas\/\"},\"author\":{\"name\":\"Reda\u00e7\u00e3o\",\"@id\":\"https:\/\/www.notibras.com\/site\/#\/schema\/person\/36ab0979449956132d3e5b517ea76ac8\"},\"headline\":\"TCDF d\u00e1 incerta para ver como andam as escolas\",\"datePublished\":\"2023-04-24T11:17:52+00:00\",\"dateModified\":\"2023-04-24T14:21:04+00:00\",\"mainEntityOfPage\":{\"@id\":\"https:\/\/www.notibras.com\/site\/tcdf-da-incerta-para-ver-como-andam-as-escolas\/\"},\"wordCount\":374,\"publisher\":{\"@id\":\"https:\/\/www.notibras.com\/site\/#organization\"},\"image\":{\"@id\":\"https:\/\/www.notibras.com\/site\/tcdf-da-incerta-para-ver-como-andam-as-escolas\/#primaryimage\"},\"thumbnailUrl\":\"https:\/\/www.notibras.com\/site\/wp-content\/uploads\/2022\/02\/escol-marcelo-camargo.jpg\",\"articleSection\":[\"Quadradinho em Foco\"],\"inLanguage\":\"pt-BR\"},{\"@type\":\"WebPage\",\"@id\":\"https:\/\/www.notibras.com\/site\/tcdf-da-incerta-para-ver-como-andam-as-escolas\/\",\"url\":\"https:\/\/www.notibras.com\/site\/tcdf-da-incerta-para-ver-como-andam-as-escolas\/\",\"name\":\"TCDF d\u00e1 incerta para ver como andam as escolas - Notibras\",\"isPartOf\":{\"@id\":\"https:\/\/www.notibras.com\/site\/#website\"},\"primaryImageOfPage\":{\"@id\":\"https:\/\/www.notibras.com\/site\/tcdf-da-incerta-para-ver-como-andam-as-escolas\/#primaryimage\"},\"image\":{\"@id\":\"https:\/\/www.notibras.com\/site\/tcdf-da-incerta-para-ver-como-andam-as-escolas\/#primaryimage\"},\"thumbnailUrl\":\"https:\/\/www.notibras.com\/site\/wp-content\/uploads\/2022\/02\/escol-marcelo-camargo.jpg\",\"datePublished\":\"2023-04-24T11:17:52+00:00\",\"dateModified\":\"2023-04-24T14:21:04+00:00\",\"breadcrumb\":{\"@id\":\"https:\/\/www.notibras.com\/site\/tcdf-da-incerta-para-ver-como-andam-as-escolas\/#breadcrumb\"},\"inLanguage\":\"pt-BR\",\"potentialAction\":[{\"@type\":\"ReadAction\",\"target\":[\"https:\/\/www.notibras.com\/site\/tcdf-da-incerta-para-ver-como-andam-as-escolas\/\"]}]},{\"@type\":\"ImageObject\",\"inLanguage\":\"pt-BR\",\"@id\":\"https:\/\/www.notibras.com\/site\/tcdf-da-incerta-para-ver-como-andam-as-escolas\/#primaryimage\",\"url\":\"https:\/\/www.notibras.com\/site\/wp-content\/uploads\/2022\/02\/escol-marcelo-camargo.jpg\",\"contentUrl\":\"https:\/\/www.notibras.com\/site\/wp-content\/uploads\/2022\/02\/escol-marcelo-camargo.jpg\",\"width\":1170,\"height\":700,\"caption\":\"Alunos saindo de escola na Estrutural, no Distrito Federal\"},{\"@type\":\"BreadcrumbList\",\"@id\":\"https:\/\/www.notibras.com\/site\/tcdf-da-incerta-para-ver-como-andam-as-escolas\/#breadcrumb\",\"itemListElement\":[{\"@type\":\"ListItem\",\"position\":1,\"name\":\"In\u00edcio\",\"item\":\"https:\/\/www.notibras.com\/site\/\"},{\"@type\":\"ListItem\",\"position\":2,\"name\":\"TCDF d\u00e1 incerta para ver como andam as escolas\"}]},{\"@type\":\"WebSite\",\"@id\":\"https:\/\/www.notibras.com\/site\/#website\",\"url\":\"https:\/\/www.notibras.com\/site\/\",\"name\":\"Notibras\",\"description\":\"Not\u00edcias de Bras\u00edlia, do Brasil e do Mundo\",\"publisher\":{\"@id\":\"https:\/\/www.notibras.com\/site\/#organization\"},\"potentialAction\":[{\"@type\":\"SearchAction\",\"target\":{\"@type\":\"EntryPoint\",\"urlTemplate\":\"https:\/\/www.notibras.com\/site\/?s={search_term_string}\"},\"query-input\":{\"@type\":\"PropertyValueSpecification\",\"valueRequired\":true,\"valueName\":\"search_term_string\"}}],\"inLanguage\":\"pt-BR\"},{\"@type\":\"Organization\",\"@id\":\"https:\/\/www.notibras.com\/site\/#organization\",\"name\":\"Grupo Notibras de Comunica\u00e7\u00e3o\",\"url\":\"https:\/\/www.notibras.com\/site\/\",\"logo\":{\"@type\":\"ImageObject\",\"inLanguage\":\"pt-BR\",\"@id\":\"https:\/\/www.notibras.com\/site\/#\/schema\/logo\/image\/\",\"url\":\"https:\/\/www.notibras.com\/site\/wp-content\/uploads\/2023\/01\/notibras23.png\",\"contentUrl\":\"https:\/\/www.notibras.com\/site\/wp-content\/uploads\/2023\/01\/notibras23.png\",\"width\":350,\"height\":87,\"caption\":\"Grupo Notibras de Comunica\u00e7\u00e3o\"},\"image\":{\"@id\":\"https:\/\/www.notibras.com\/site\/#\/schema\/logo\/image\/\"},\"sameAs\":[\"https:\/\/www.facebook.com\/notibras\/\",\"https:\/\/x.com\/Notibras\",\"https:\/\/www.instagram.com\/notibras\/\"]},{\"@type\":\"Person\",\"@id\":\"https:\/\/www.notibras.com\/site\/#\/schema\/person\/36ab0979449956132d3e5b517ea76ac8\",\"name\":\"Reda\u00e7\u00e3o\",\"image\":{\"@type\":\"ImageObject\",\"inLanguage\":\"pt-BR\",\"@id\":\"https:\/\/secure.gravatar.com\/avatar\/e0a867bdedb85fd243eadf09663511f96fc81e0720a4a42581f334ad4303aa6b?s=96&d=mm&r=g\",\"url\":\"https:\/\/secure.gravatar.com\/avatar\/e0a867bdedb85fd243eadf09663511f96fc81e0720a4a42581f334ad4303aa6b?s=96&d=mm&r=g\",\"contentUrl\":\"https:\/\/secure.gravatar.com\/avatar\/e0a867bdedb85fd243eadf09663511f96fc81e0720a4a42581f334ad4303aa6b?s=96&d=mm&r=g\",\"caption\":\"Reda\u00e7\u00e3o\"}}]}<\/script>\n<!-- \/ Yoast SEO plugin. -->","yoast_head_json":{"title":"TCDF d\u00e1 incerta para ver como andam as escolas - Notibras","robots":{"index":"index","follow":"follow","max-snippet":"max-snippet:-1","max-image-preview":"max-image-preview:large","max-video-preview":"max-video-preview:-1"},"canonical":"https:\/\/www.notibras.com\/site\/tcdf-da-incerta-para-ver-como-andam-as-escolas\/","og_locale":"pt_BR","og_type":"article","og_title":"TCDF d\u00e1 incerta para ver como andam as escolas - Notibras","og_description":"Nesta segunda-feira, 24, o corpo t\u00e9cnico do Tribunal de Contas do Distrito Federal vai a campo para avaliar a situa\u00e7\u00e3o das escolas p\u00fablicas do DF. Os auditores de Controle Externo do TCDF v\u00e3o \u00e0s unidades da rede p\u00fablica de ensino tamb\u00e9m nos dias 25 e 26 para verificar diversos aspectos ligados a temas como infraestrutura, [&hellip;]","og_url":"https:\/\/www.notibras.com\/site\/tcdf-da-incerta-para-ver-como-andam-as-escolas\/","og_site_name":"Notibras","article_publisher":"https:\/\/www.facebook.com\/notibras\/","article_published_time":"2023-04-24T11:17:52+00:00","article_modified_time":"2023-04-24T14:21:04+00:00","og_image":[{"width":1170,"height":700,"url":"https:\/\/www.notibras.com\/site\/wp-content\/uploads\/2022\/02\/escol-marcelo-camargo.jpg","type":"image\/jpeg"}],"author":"Reda\u00e7\u00e3o","twitter_card":"summary_large_image","twitter_creator":"@Notibras","twitter_site":"@Notibras","twitter_misc":{"Escrito por":"Reda\u00e7\u00e3o","Est. tempo de leitura":"2 minutos"},"schema":{"@context":"https:\/\/schema.org","@graph":[{"@type":"Article","@id":"https:\/\/www.notibras.com\/site\/tcdf-da-incerta-para-ver-como-andam-as-escolas\/#article","isPartOf":{"@id":"https:\/\/www.notibras.com\/site\/tcdf-da-incerta-para-ver-como-andam-as-escolas\/"},"author":{"name":"Reda\u00e7\u00e3o","@id":"https:\/\/www.notibras.com\/site\/#\/schema\/person\/36ab0979449956132d3e5b517ea76ac8"},"headline":"TCDF d\u00e1 incerta para ver como andam as escolas","datePublished":"2023-04-24T11:17:52+00:00","dateModified":"2023-04-24T14:21:04+00:00","mainEntityOfPage":{"@id":"https:\/\/www.notibras.com\/site\/tcdf-da-incerta-para-ver-como-andam-as-escolas\/"},"wordCount":374,"publisher":{"@id":"https:\/\/www.notibras.com\/site\/#organization"},"image":{"@id":"https:\/\/www.notibras.com\/site\/tcdf-da-incerta-para-ver-como-andam-as-escolas\/#primaryimage"},"thumbnailUrl":"https:\/\/www.notibras.com\/site\/wp-content\/uploads\/2022\/02\/escol-marcelo-camargo.jpg","articleSection":["Quadradinho em Foco"],"inLanguage":"pt-BR"},{"@type":"WebPage","@id":"https:\/\/www.notibras.com\/site\/tcdf-da-incerta-para-ver-como-andam-as-escolas\/","url":"https:\/\/www.notibras.com\/site\/tcdf-da-incerta-para-ver-como-andam-as-escolas\/","name":"TCDF d\u00e1 incerta para ver como andam as escolas - Notibras","isPartOf":{"@id":"https:\/\/www.notibras.com\/site\/#website"},"primaryImageOfPage":{"@id":"https:\/\/www.notibras.com\/site\/tcdf-da-incerta-para-ver-como-andam-as-escolas\/#primaryimage"},"image":{"@id":"https:\/\/www.notibras.com\/site\/tcdf-da-incerta-para-ver-como-andam-as-escolas\/#primaryimage"},"thumbnailUrl":"https:\/\/www.notibras.com\/site\/wp-content\/uploads\/2022\/02\/escol-marcelo-camargo.jpg","datePublished":"2023-04-24T11:17:52+00:00","dateModified":"2023-04-24T14:21:04+00:00","breadcrumb":{"@id":"https:\/\/www.notibras.com\/site\/tcdf-da-incerta-para-ver-como-andam-as-escolas\/#breadcrumb"},"inLanguage":"pt-BR","potentialAction":[{"@type":"ReadAction","target":["https:\/\/www.notibras.com\/site\/tcdf-da-incerta-para-ver-como-andam-as-escolas\/"]}]},{"@type":"ImageObject","inLanguage":"pt-BR","@id":"https:\/\/www.notibras.com\/site\/tcdf-da-incerta-para-ver-como-andam-as-escolas\/#primaryimage","url":"https:\/\/www.notibras.com\/site\/wp-content\/uploads\/2022\/02\/escol-marcelo-camargo.jpg","contentUrl":"https:\/\/www.notibras.com\/site\/wp-content\/uploads\/2022\/02\/escol-marcelo-camargo.jpg","width":1170,"height":700,"caption":"Alunos saindo de escola na Estrutural, no Distrito Federal"},{"@type":"BreadcrumbList","@id":"https:\/\/www.notibras.com\/site\/tcdf-da-incerta-para-ver-como-andam-as-escolas\/#breadcrumb","itemListElement":[{"@type":"ListItem","position":1,"name":"In\u00edcio","item":"https:\/\/www.notibras.com\/site\/"},{"@type":"ListItem","position":2,"name":"TCDF d\u00e1 incerta para ver como andam as escolas"}]},{"@type":"WebSite","@id":"https:\/\/www.notibras.com\/site\/#website","url":"https:\/\/www.notibras.com\/site\/","name":"Notibras","description":"Not\u00edcias de Bras\u00edlia, do Brasil e do Mundo","publisher":{"@id":"https:\/\/www.notibras.com\/site\/#organization"},"potentialAction":[{"@type":"SearchAction","target":{"@type":"EntryPoint","urlTemplate":"https:\/\/www.notibras.com\/site\/?s={search_term_string}"},"query-input":{"@type":"PropertyValueSpecification","valueRequired":true,"valueName":"search_term_string"}}],"inLanguage":"pt-BR"},{"@type":"Organization","@id":"https:\/\/www.notibras.com\/site\/#organization","name":"Grupo Notibras de Comunica\u00e7\u00e3o","url":"https:\/\/www.notibras.com\/site\/","logo":{"@type":"ImageObject","inLanguage":"pt-BR","@id":"https:\/\/www.notibras.com\/site\/#\/schema\/logo\/image\/","url":"https:\/\/www.notibras.com\/site\/wp-content\/uploads\/2023\/01\/notibras23.png","contentUrl":"https:\/\/www.notibras.com\/site\/wp-content\/uploads\/2023\/01\/notibras23.png","width":350,"height":87,"caption":"Grupo Notibras de Comunica\u00e7\u00e3o"},"image":{"@id":"https:\/\/www.notibras.com\/site\/#\/schema\/logo\/image\/"},"sameAs":["https:\/\/www.facebook.com\/notibras\/","https:\/\/x.com\/Notibras","https:\/\/www.instagram.com\/notibras\/"]},{"@type":"Person","@id":"https:\/\/www.notibras.com\/site\/#\/schema\/person\/36ab0979449956132d3e5b517ea76ac8","name":"Reda\u00e7\u00e3o","image":{"@type":"ImageObject","inLanguage":"pt-BR","@id":"https:\/\/secure.gravatar.com\/avatar\/e0a867bdedb85fd243eadf09663511f96fc81e0720a4a42581f334ad4303aa6b?s=96&d=mm&r=g","url":"https:\/\/secure.gravatar.com\/avatar\/e0a867bdedb85fd243eadf09663511f96fc81e0720a4a42581f334ad4303aa6b?s=96&d=mm&r=g","contentUrl":"https:\/\/secure.gravatar.com\/avatar\/e0a867bdedb85fd243eadf09663511f96fc81e0720a4a42581f334ad4303aa6b?s=96&d=mm&r=g","caption":"Reda\u00e7\u00e3o"}}]}},"amp_enabled":true,"_links":{"self":[{"href":"https:\/\/www.notibras.com\/site\/wp-json\/wp\/v2\/posts\/303564","targetHints":{"allow":["GET"]}}],"collection":[{"href":"https:\/\/www.notibras.com\/site\/wp-json\/wp\/v2\/posts"}],"about":[{"href":"https:\/\/www.notibras.com\/site\/wp-json\/wp\/v2\/types\/post"}],"author":[{"embeddable":true,"href":"https:\/\/www.notibras.com\/site\/wp-json\/wp\/v2\/users\/2"}],"replies":[{"embeddable":true,"href":"https:\/\/www.notibras.com\/site\/wp-json\/wp\/v2\/comments?post=303564"}],"version-history":[{"count":1,"href":"https:\/\/www.notibras.com\/site\/wp-json\/wp\/v2\/posts\/303564\/revisions"}],"predecessor-version":[{"id":303565,"href":"https:\/\/www.notibras.com\/site\/wp-json\/wp\/v2\/posts\/303564\/revisions\/303565"}],"wp:featuredmedia":[{"embeddable":true,"href":"https:\/\/www.notibras.com\/site\/wp-json\/wp\/v2\/media\/279380"}],"wp:attachment":[{"href":"https:\/\/www.notibras.com\/site\/wp-json\/wp\/v2\/media?parent=303564"}],"wp:term":[{"taxonomy":"category","embeddable":true,"href":"https:\/\/www.notibras.com\/site\/wp-json\/wp\/v2\/categories?post=303564"},{"taxonomy":"post_tag","embeddable":true,"href":"https:\/\/www.notibras.com\/site\/wp-json\/wp\/v2\/tags?post=303564"}],"curies":[{"name":"wp","href":"https:\/\/api.w.org\/{rel}","templated":true}]}}