{"id":303569,"date":"2023-04-24T11:43:28","date_gmt":"2023-04-24T14:43:28","guid":{"rendered":"https:\/\/www.notibras.com\/site\/?p=303569"},"modified":"2023-04-24T11:43:28","modified_gmt":"2023-04-24T14:43:28","slug":"alvino-o-gaucho-mor-devia-passar-por-aqui","status":"publish","type":"post","link":"https:\/\/www.notibras.com\/site\/alvino-o-gaucho-mor-devia-passar-por-aqui\/","title":{"rendered":"Alvino, o ga\u00facho-mor, devia passar por aqui"},"content":{"rendered":"<p>N\u00e3o posso dizer que conhe\u00e7o o Alvino, que, segundo meu grande amigo Marcio Petracco, \u00e9 mais ga\u00facho at\u00e9 que a pr\u00f3pria bombacha bebendo chimarr\u00e3o. No entanto, de tantas hist\u00f3rias que o Marcio me contou sobre esse ser \u00fanico das pradarias do Rio Grande do Sul, posso afirmar, sem pestanejar, que me surpreendo a cada tirada.<\/p>\n<p>Pois bem, l\u00e1 est\u00e1vamos o Marcio e eu no cachorr\u00f3dromo do Tesourinha, nosso ponto de encontro quase sagrado. O Elias, que de vez em quando some por uma nevasca ou outra, tamb\u00e9m estava ali com aquelas pernas mais compridas at\u00e9 que toda a sua altura. Nossos c\u00e3es, talvez alheios \u00e0quilo tudo, corriam de um lado para outro como se fossem cachorros. Vai entender uma coisa dessas.<\/p>\n<p>Mas voltando \u00e0 hist\u00f3ria, o Marcio se sentou numa grande pedra, enquanto o Elias e eu o observ\u00e1vamos preparando um cigarrinho de palha, costume de longa data. Aquilo era a deixa, pois sab\u00edamos que ele tinha mais um causo para contar. O Elias, que \u00e9 muito ansioso, ficou zanzando de um lado para o outro, enquanto fiquei num canto s\u00f3 observando o contador de hist\u00f3rias confeccionando aquele artefato fumegante.<\/p>\n<p>Obviamente que tamb\u00e9m queria que o Marcio desembuchasse logo, mas fiquei na minha. \u00c9 que o Marcio, talvez por sua profiss\u00e3o de m\u00fasico, goste de instigar a plateia. Coisa de artistas, deve ser. Seja como for, a ansiedade do Elias estava num tanto, que eu n\u00e3o via a hora dele pegar no pesco\u00e7o do Marcio e o erguer a dois metros do ch\u00e3o e esbravejar: &#8220;Desembucha logo, tch\u00ea!&#8221;<\/p>\n<p>O Elias, no entanto, apesar de toda aquela loucura, \u00e9 de uma gentileza sem tamanho. Sorte do Marcio, que nesse dia estava mais enrolado que papel higi\u00eanico. Para evitar qualquer confus\u00e3o, dei uma cutucada de leve no prevaricador: &#8220;Qual\u00e9, merm\u00e3o! Vai ficar a vida inteira a\u00ed enrolando esse fumo?&#8221;<\/p>\n<p>O Marcio me deu aquela encarada enviesada, se levantou como se fosse ir embora. Mas, sorte nossa, o causo daquele dia era sobre o Alvino, o mais ga\u00facho dos ga\u00fachos. E, todos sabemos, o Marcio adora falar sobre ele.<\/p>\n<p>Depois do imbr\u00f3glio, eis que o meu amigo come\u00e7a a falar sobre o dia em que o Alvino foi passar uma temporada com a filha, que havia se casado com um catarina. Pois \u00e9, um catarina! At\u00e9 eu, que sou forasteiro por estas bandas, sei que existe uma rivalidade entre ga\u00fachos e catarinenses. Seria algo como vasca\u00ednos e flamenguistas ou, para quem \u00e9 de S\u00e3o Paulo, corintianos e palmeirenses. Uma tremenda bobagem!<\/p>\n<p>Mas deixemos essas intrigas de lado. Ou n\u00e3o! O fato \u00e9 que o Alvino saiu da sua est\u00e2ncia enorme e foi passar a invernada no s\u00edtio da filha e do genro. Apesar da churrascada caprichada e do chimarr\u00e3o at\u00e9 razo\u00e1vel, o Alvino andava estressado.<\/p>\n<p>O genro, muito atencioso, foi ter com o Alvino um dedo de prosa. O rapaz queria ficar bem com o sogro e, logo pela manh\u00e3, selou dois cavalos crioulos dos bons. Ele convidou o Alvino para uma cavalgada pela propriedade de 10 hectares. Pra qu\u00ea? A emenda saiu pior que o soneto. Rabugento at\u00e9 a \u00faltima inst\u00e2ncia, Alvino desabafou: &#8220;Me sinto confinado como se estivesse em Porto Alegre. Aqui n\u00e3o se pode sequer cavalgar por um dia inteiro na mesma dire\u00e7\u00e3o. V\u00ea se pode?&#8221;<\/p>\n","protected":false},"excerpt":{"rendered":"<p>N\u00e3o posso dizer que conhe\u00e7o o Alvino, que, segundo meu grande amigo Marcio Petracco, \u00e9 mais ga\u00facho at\u00e9 que a pr\u00f3pria bombacha bebendo chimarr\u00e3o. No entanto, de tantas hist\u00f3rias que o Marcio me contou sobre esse ser \u00fanico das pradarias do Rio Grande do Sul, posso afirmar, sem pestanejar, que me surpreendo a cada tirada. [&hellip;]<\/p>\n","protected":false},"author":2,"featured_media":303570,"comment_status":"closed","ping_status":"closed","sticky":false,"template":"","format":"standard","meta":{"_acf_changed":false,"footnotes":""},"categories":[161],"tags":[],"class_list":["post-303569","post","type-post","status-publish","format-standard","has-post-thumbnail","hentry","category-quadradinho-em-foco"],"acf":[],"yoast_head":"<!-- This site is optimized with the Yoast SEO plugin v27.2 - https:\/\/yoast.com\/product\/yoast-seo-wordpress\/ -->\n<title>Alvino, o ga\u00facho-mor, devia passar por aqui - Notibras<\/title>\n<meta name=\"robots\" content=\"index, follow, max-snippet:-1, max-image-preview:large, max-video-preview:-1\" \/>\n<link rel=\"canonical\" href=\"https:\/\/www.notibras.com\/site\/alvino-o-gaucho-mor-devia-passar-por-aqui\/\" \/>\n<meta property=\"og:locale\" content=\"pt_BR\" \/>\n<meta property=\"og:type\" content=\"article\" \/>\n<meta property=\"og:title\" content=\"Alvino, o ga\u00facho-mor, devia passar por aqui - Notibras\" \/>\n<meta property=\"og:description\" content=\"N\u00e3o posso dizer que conhe\u00e7o o Alvino, que, segundo meu grande amigo Marcio Petracco, \u00e9 mais ga\u00facho at\u00e9 que a pr\u00f3pria bombacha bebendo chimarr\u00e3o. No entanto, de tantas hist\u00f3rias que o Marcio me contou sobre esse ser \u00fanico das pradarias do Rio Grande do Sul, posso afirmar, sem pestanejar, que me surpreendo a cada tirada. [&hellip;]\" \/>\n<meta property=\"og:url\" content=\"https:\/\/www.notibras.com\/site\/alvino-o-gaucho-mor-devia-passar-por-aqui\/\" \/>\n<meta property=\"og:site_name\" content=\"Notibras\" \/>\n<meta property=\"article:publisher\" content=\"https:\/\/www.facebook.com\/notibras\/\" \/>\n<meta property=\"article:published_time\" content=\"2023-04-24T14:43:28+00:00\" \/>\n<meta property=\"og:image\" content=\"https:\/\/www.notibras.com\/site\/wp-content\/uploads\/2023\/04\/chima.webp\" \/>\n\t<meta property=\"og:image:width\" content=\"620\" \/>\n\t<meta property=\"og:image:height\" content=\"413\" \/>\n\t<meta property=\"og:image:type\" content=\"image\/webp\" \/>\n<meta name=\"author\" content=\"Reda\u00e7\u00e3o\" \/>\n<meta name=\"twitter:card\" content=\"summary_large_image\" \/>\n<meta name=\"twitter:creator\" content=\"@Notibras\" \/>\n<meta name=\"twitter:site\" content=\"@Notibras\" \/>\n<meta name=\"twitter:label1\" content=\"Escrito por\" \/>\n\t<meta name=\"twitter:data1\" content=\"Reda\u00e7\u00e3o\" \/>\n\t<meta name=\"twitter:label2\" content=\"Est. tempo de leitura\" \/>\n\t<meta name=\"twitter:data2\" content=\"4 minutos\" \/>\n<script type=\"application\/ld+json\" class=\"yoast-schema-graph\">{\"@context\":\"https:\/\/schema.org\",\"@graph\":[{\"@type\":\"Article\",\"@id\":\"https:\/\/www.notibras.com\/site\/alvino-o-gaucho-mor-devia-passar-por-aqui\/#article\",\"isPartOf\":{\"@id\":\"https:\/\/www.notibras.com\/site\/alvino-o-gaucho-mor-devia-passar-por-aqui\/\"},\"author\":{\"name\":\"Reda\u00e7\u00e3o\",\"@id\":\"https:\/\/www.notibras.com\/site\/#\/schema\/person\/36ab0979449956132d3e5b517ea76ac8\"},\"headline\":\"Alvino, o ga\u00facho-mor, devia passar por aqui\",\"datePublished\":\"2023-04-24T14:43:28+00:00\",\"mainEntityOfPage\":{\"@id\":\"https:\/\/www.notibras.com\/site\/alvino-o-gaucho-mor-devia-passar-por-aqui\/\"},\"wordCount\":583,\"publisher\":{\"@id\":\"https:\/\/www.notibras.com\/site\/#organization\"},\"image\":{\"@id\":\"https:\/\/www.notibras.com\/site\/alvino-o-gaucho-mor-devia-passar-por-aqui\/#primaryimage\"},\"thumbnailUrl\":\"https:\/\/www.notibras.com\/site\/wp-content\/uploads\/2023\/04\/chima.webp\",\"articleSection\":[\"Quadradinho em Foco\"],\"inLanguage\":\"pt-BR\"},{\"@type\":\"WebPage\",\"@id\":\"https:\/\/www.notibras.com\/site\/alvino-o-gaucho-mor-devia-passar-por-aqui\/\",\"url\":\"https:\/\/www.notibras.com\/site\/alvino-o-gaucho-mor-devia-passar-por-aqui\/\",\"name\":\"Alvino, o ga\u00facho-mor, devia passar por aqui - Notibras\",\"isPartOf\":{\"@id\":\"https:\/\/www.notibras.com\/site\/#website\"},\"primaryImageOfPage\":{\"@id\":\"https:\/\/www.notibras.com\/site\/alvino-o-gaucho-mor-devia-passar-por-aqui\/#primaryimage\"},\"image\":{\"@id\":\"https:\/\/www.notibras.com\/site\/alvino-o-gaucho-mor-devia-passar-por-aqui\/#primaryimage\"},\"thumbnailUrl\":\"https:\/\/www.notibras.com\/site\/wp-content\/uploads\/2023\/04\/chima.webp\",\"datePublished\":\"2023-04-24T14:43:28+00:00\",\"breadcrumb\":{\"@id\":\"https:\/\/www.notibras.com\/site\/alvino-o-gaucho-mor-devia-passar-por-aqui\/#breadcrumb\"},\"inLanguage\":\"pt-BR\",\"potentialAction\":[{\"@type\":\"ReadAction\",\"target\":[\"https:\/\/www.notibras.com\/site\/alvino-o-gaucho-mor-devia-passar-por-aqui\/\"]}]},{\"@type\":\"ImageObject\",\"inLanguage\":\"pt-BR\",\"@id\":\"https:\/\/www.notibras.com\/site\/alvino-o-gaucho-mor-devia-passar-por-aqui\/#primaryimage\",\"url\":\"https:\/\/www.notibras.com\/site\/wp-content\/uploads\/2023\/04\/chima.webp\",\"contentUrl\":\"https:\/\/www.notibras.com\/site\/wp-content\/uploads\/2023\/04\/chima.webp\",\"width\":620,\"height\":413},{\"@type\":\"BreadcrumbList\",\"@id\":\"https:\/\/www.notibras.com\/site\/alvino-o-gaucho-mor-devia-passar-por-aqui\/#breadcrumb\",\"itemListElement\":[{\"@type\":\"ListItem\",\"position\":1,\"name\":\"In\u00edcio\",\"item\":\"https:\/\/www.notibras.com\/site\/\"},{\"@type\":\"ListItem\",\"position\":2,\"name\":\"Alvino, o ga\u00facho-mor, devia passar por aqui\"}]},{\"@type\":\"WebSite\",\"@id\":\"https:\/\/www.notibras.com\/site\/#website\",\"url\":\"https:\/\/www.notibras.com\/site\/\",\"name\":\"Notibras\",\"description\":\"Not\u00edcias de Bras\u00edlia, do Brasil e do Mundo\",\"publisher\":{\"@id\":\"https:\/\/www.notibras.com\/site\/#organization\"},\"potentialAction\":[{\"@type\":\"SearchAction\",\"target\":{\"@type\":\"EntryPoint\",\"urlTemplate\":\"https:\/\/www.notibras.com\/site\/?s={search_term_string}\"},\"query-input\":{\"@type\":\"PropertyValueSpecification\",\"valueRequired\":true,\"valueName\":\"search_term_string\"}}],\"inLanguage\":\"pt-BR\"},{\"@type\":\"Organization\",\"@id\":\"https:\/\/www.notibras.com\/site\/#organization\",\"name\":\"Grupo Notibras de Comunica\u00e7\u00e3o\",\"url\":\"https:\/\/www.notibras.com\/site\/\",\"logo\":{\"@type\":\"ImageObject\",\"inLanguage\":\"pt-BR\",\"@id\":\"https:\/\/www.notibras.com\/site\/#\/schema\/logo\/image\/\",\"url\":\"https:\/\/www.notibras.com\/site\/wp-content\/uploads\/2023\/01\/notibras23.png\",\"contentUrl\":\"https:\/\/www.notibras.com\/site\/wp-content\/uploads\/2023\/01\/notibras23.png\",\"width\":350,\"height\":87,\"caption\":\"Grupo Notibras de Comunica\u00e7\u00e3o\"},\"image\":{\"@id\":\"https:\/\/www.notibras.com\/site\/#\/schema\/logo\/image\/\"},\"sameAs\":[\"https:\/\/www.facebook.com\/notibras\/\",\"https:\/\/x.com\/Notibras\",\"https:\/\/www.instagram.com\/notibras\/\"]},{\"@type\":\"Person\",\"@id\":\"https:\/\/www.notibras.com\/site\/#\/schema\/person\/36ab0979449956132d3e5b517ea76ac8\",\"name\":\"Reda\u00e7\u00e3o\",\"image\":{\"@type\":\"ImageObject\",\"inLanguage\":\"pt-BR\",\"@id\":\"https:\/\/secure.gravatar.com\/avatar\/e0a867bdedb85fd243eadf09663511f96fc81e0720a4a42581f334ad4303aa6b?s=96&d=mm&r=g\",\"url\":\"https:\/\/secure.gravatar.com\/avatar\/e0a867bdedb85fd243eadf09663511f96fc81e0720a4a42581f334ad4303aa6b?s=96&d=mm&r=g\",\"contentUrl\":\"https:\/\/secure.gravatar.com\/avatar\/e0a867bdedb85fd243eadf09663511f96fc81e0720a4a42581f334ad4303aa6b?s=96&d=mm&r=g\",\"caption\":\"Reda\u00e7\u00e3o\"}}]}<\/script>\n<!-- \/ Yoast SEO plugin. -->","yoast_head_json":{"title":"Alvino, o ga\u00facho-mor, devia passar por aqui - Notibras","robots":{"index":"index","follow":"follow","max-snippet":"max-snippet:-1","max-image-preview":"max-image-preview:large","max-video-preview":"max-video-preview:-1"},"canonical":"https:\/\/www.notibras.com\/site\/alvino-o-gaucho-mor-devia-passar-por-aqui\/","og_locale":"pt_BR","og_type":"article","og_title":"Alvino, o ga\u00facho-mor, devia passar por aqui - Notibras","og_description":"N\u00e3o posso dizer que conhe\u00e7o o Alvino, que, segundo meu grande amigo Marcio Petracco, \u00e9 mais ga\u00facho at\u00e9 que a pr\u00f3pria bombacha bebendo chimarr\u00e3o. No entanto, de tantas hist\u00f3rias que o Marcio me contou sobre esse ser \u00fanico das pradarias do Rio Grande do Sul, posso afirmar, sem pestanejar, que me surpreendo a cada tirada. [&hellip;]","og_url":"https:\/\/www.notibras.com\/site\/alvino-o-gaucho-mor-devia-passar-por-aqui\/","og_site_name":"Notibras","article_publisher":"https:\/\/www.facebook.com\/notibras\/","article_published_time":"2023-04-24T14:43:28+00:00","og_image":[{"width":620,"height":413,"url":"https:\/\/www.notibras.com\/site\/wp-content\/uploads\/2023\/04\/chima.webp","type":"image\/webp"}],"author":"Reda\u00e7\u00e3o","twitter_card":"summary_large_image","twitter_creator":"@Notibras","twitter_site":"@Notibras","twitter_misc":{"Escrito por":"Reda\u00e7\u00e3o","Est. tempo de leitura":"4 minutos"},"schema":{"@context":"https:\/\/schema.org","@graph":[{"@type":"Article","@id":"https:\/\/www.notibras.com\/site\/alvino-o-gaucho-mor-devia-passar-por-aqui\/#article","isPartOf":{"@id":"https:\/\/www.notibras.com\/site\/alvino-o-gaucho-mor-devia-passar-por-aqui\/"},"author":{"name":"Reda\u00e7\u00e3o","@id":"https:\/\/www.notibras.com\/site\/#\/schema\/person\/36ab0979449956132d3e5b517ea76ac8"},"headline":"Alvino, o ga\u00facho-mor, devia passar por aqui","datePublished":"2023-04-24T14:43:28+00:00","mainEntityOfPage":{"@id":"https:\/\/www.notibras.com\/site\/alvino-o-gaucho-mor-devia-passar-por-aqui\/"},"wordCount":583,"publisher":{"@id":"https:\/\/www.notibras.com\/site\/#organization"},"image":{"@id":"https:\/\/www.notibras.com\/site\/alvino-o-gaucho-mor-devia-passar-por-aqui\/#primaryimage"},"thumbnailUrl":"https:\/\/www.notibras.com\/site\/wp-content\/uploads\/2023\/04\/chima.webp","articleSection":["Quadradinho em Foco"],"inLanguage":"pt-BR"},{"@type":"WebPage","@id":"https:\/\/www.notibras.com\/site\/alvino-o-gaucho-mor-devia-passar-por-aqui\/","url":"https:\/\/www.notibras.com\/site\/alvino-o-gaucho-mor-devia-passar-por-aqui\/","name":"Alvino, o ga\u00facho-mor, devia passar por aqui - Notibras","isPartOf":{"@id":"https:\/\/www.notibras.com\/site\/#website"},"primaryImageOfPage":{"@id":"https:\/\/www.notibras.com\/site\/alvino-o-gaucho-mor-devia-passar-por-aqui\/#primaryimage"},"image":{"@id":"https:\/\/www.notibras.com\/site\/alvino-o-gaucho-mor-devia-passar-por-aqui\/#primaryimage"},"thumbnailUrl":"https:\/\/www.notibras.com\/site\/wp-content\/uploads\/2023\/04\/chima.webp","datePublished":"2023-04-24T14:43:28+00:00","breadcrumb":{"@id":"https:\/\/www.notibras.com\/site\/alvino-o-gaucho-mor-devia-passar-por-aqui\/#breadcrumb"},"inLanguage":"pt-BR","potentialAction":[{"@type":"ReadAction","target":["https:\/\/www.notibras.com\/site\/alvino-o-gaucho-mor-devia-passar-por-aqui\/"]}]},{"@type":"ImageObject","inLanguage":"pt-BR","@id":"https:\/\/www.notibras.com\/site\/alvino-o-gaucho-mor-devia-passar-por-aqui\/#primaryimage","url":"https:\/\/www.notibras.com\/site\/wp-content\/uploads\/2023\/04\/chima.webp","contentUrl":"https:\/\/www.notibras.com\/site\/wp-content\/uploads\/2023\/04\/chima.webp","width":620,"height":413},{"@type":"BreadcrumbList","@id":"https:\/\/www.notibras.com\/site\/alvino-o-gaucho-mor-devia-passar-por-aqui\/#breadcrumb","itemListElement":[{"@type":"ListItem","position":1,"name":"In\u00edcio","item":"https:\/\/www.notibras.com\/site\/"},{"@type":"ListItem","position":2,"name":"Alvino, o ga\u00facho-mor, devia passar por aqui"}]},{"@type":"WebSite","@id":"https:\/\/www.notibras.com\/site\/#website","url":"https:\/\/www.notibras.com\/site\/","name":"Notibras","description":"Not\u00edcias de Bras\u00edlia, do Brasil e do Mundo","publisher":{"@id":"https:\/\/www.notibras.com\/site\/#organization"},"potentialAction":[{"@type":"SearchAction","target":{"@type":"EntryPoint","urlTemplate":"https:\/\/www.notibras.com\/site\/?s={search_term_string}"},"query-input":{"@type":"PropertyValueSpecification","valueRequired":true,"valueName":"search_term_string"}}],"inLanguage":"pt-BR"},{"@type":"Organization","@id":"https:\/\/www.notibras.com\/site\/#organization","name":"Grupo Notibras de Comunica\u00e7\u00e3o","url":"https:\/\/www.notibras.com\/site\/","logo":{"@type":"ImageObject","inLanguage":"pt-BR","@id":"https:\/\/www.notibras.com\/site\/#\/schema\/logo\/image\/","url":"https:\/\/www.notibras.com\/site\/wp-content\/uploads\/2023\/01\/notibras23.png","contentUrl":"https:\/\/www.notibras.com\/site\/wp-content\/uploads\/2023\/01\/notibras23.png","width":350,"height":87,"caption":"Grupo Notibras de Comunica\u00e7\u00e3o"},"image":{"@id":"https:\/\/www.notibras.com\/site\/#\/schema\/logo\/image\/"},"sameAs":["https:\/\/www.facebook.com\/notibras\/","https:\/\/x.com\/Notibras","https:\/\/www.instagram.com\/notibras\/"]},{"@type":"Person","@id":"https:\/\/www.notibras.com\/site\/#\/schema\/person\/36ab0979449956132d3e5b517ea76ac8","name":"Reda\u00e7\u00e3o","image":{"@type":"ImageObject","inLanguage":"pt-BR","@id":"https:\/\/secure.gravatar.com\/avatar\/e0a867bdedb85fd243eadf09663511f96fc81e0720a4a42581f334ad4303aa6b?s=96&d=mm&r=g","url":"https:\/\/secure.gravatar.com\/avatar\/e0a867bdedb85fd243eadf09663511f96fc81e0720a4a42581f334ad4303aa6b?s=96&d=mm&r=g","contentUrl":"https:\/\/secure.gravatar.com\/avatar\/e0a867bdedb85fd243eadf09663511f96fc81e0720a4a42581f334ad4303aa6b?s=96&d=mm&r=g","caption":"Reda\u00e7\u00e3o"}}]}},"amp_enabled":true,"_links":{"self":[{"href":"https:\/\/www.notibras.com\/site\/wp-json\/wp\/v2\/posts\/303569","targetHints":{"allow":["GET"]}}],"collection":[{"href":"https:\/\/www.notibras.com\/site\/wp-json\/wp\/v2\/posts"}],"about":[{"href":"https:\/\/www.notibras.com\/site\/wp-json\/wp\/v2\/types\/post"}],"author":[{"embeddable":true,"href":"https:\/\/www.notibras.com\/site\/wp-json\/wp\/v2\/users\/2"}],"replies":[{"embeddable":true,"href":"https:\/\/www.notibras.com\/site\/wp-json\/wp\/v2\/comments?post=303569"}],"version-history":[{"count":1,"href":"https:\/\/www.notibras.com\/site\/wp-json\/wp\/v2\/posts\/303569\/revisions"}],"predecessor-version":[{"id":303571,"href":"https:\/\/www.notibras.com\/site\/wp-json\/wp\/v2\/posts\/303569\/revisions\/303571"}],"wp:featuredmedia":[{"embeddable":true,"href":"https:\/\/www.notibras.com\/site\/wp-json\/wp\/v2\/media\/303570"}],"wp:attachment":[{"href":"https:\/\/www.notibras.com\/site\/wp-json\/wp\/v2\/media?parent=303569"}],"wp:term":[{"taxonomy":"category","embeddable":true,"href":"https:\/\/www.notibras.com\/site\/wp-json\/wp\/v2\/categories?post=303569"},{"taxonomy":"post_tag","embeddable":true,"href":"https:\/\/www.notibras.com\/site\/wp-json\/wp\/v2\/tags?post=303569"}],"curies":[{"name":"wp","href":"https:\/\/api.w.org\/{rel}","templated":true}]}}