{"id":303590,"date":"2023-04-24T19:48:39","date_gmt":"2023-04-24T22:48:39","guid":{"rendered":"https:\/\/www.notibras.com\/site\/?p=303590"},"modified":"2023-04-24T21:52:29","modified_gmt":"2023-04-25T00:52:29","slug":"saude-amplia-bivalente-para-publico-acima-dos-18","status":"publish","type":"post","link":"https:\/\/www.notibras.com\/site\/saude-amplia-bivalente-para-publico-acima-dos-18\/","title":{"rendered":"Sa\u00fade amplia bivalente para p\u00fablico acima dos 18"},"content":{"rendered":"<p>O Minist\u00e9rio da Sa\u00fade anunciou nesta segunda-feira (24) a amplia\u00e7\u00e3o da campanha de vacina\u00e7\u00e3o contra covid-19 com a dose de refor\u00e7o bivalente para toda popula\u00e7\u00e3o acima de 18 anos de idade. Cerca de 97 milh\u00f5es de brasileiros poder\u00e3o ser vacinados.<\/p>\n<p>Pode tomar a dose bivalente quem recebeu, pelo menos, duas doses de vacinas monovalentes (Coronavac, Astrazeneca ou Pfizer) no esquema prim\u00e1rio ou refor\u00e7o. A dose mais recente deve ter sido tomada h\u00e1 quatro meses. Quem est\u00e1 com dose em atraso, pode procurar tamb\u00e9m as unidades de sa\u00fade.<\/p>\n<p>O minist\u00e9rio ressalta que as vacinas t\u00eam seguran\u00e7a comprovada, s\u00e3o eficazes e evitam complica\u00e7\u00f5es decorrentes da Covid-19. A amplia\u00e7\u00e3o, segundo a pasta, tem &#8220;o objetivo de refor\u00e7ar a prote\u00e7\u00e3o contra a doen\u00e7a e ampliar a cobertura vacinal em todo pa\u00eds&#8221;.<\/p>\n<p>A campanha de imuniza\u00e7\u00e3o com a vacina bivalente foi iniciada em fevereiro, voltada para idosos de 60 anos ou mais, pessoas que vivem em institui\u00e7\u00f5es de longa perman\u00eancia, pessoas imunocomprometidas, ind\u00edgenas, quilombolas, ribeirinhos, gestantes e pu\u00e9rperas, profissionais de sa\u00fade, pessoas com defici\u00eancia permanente, presos e adolescentes em medidas socioeducativas e funcion\u00e1rios de penitenci\u00e1rias.<\/p>\n<p>At\u00e9 o dia 20 deste m\u00eas, mais de 10 milh\u00f5es de pessoas j\u00e1 tinham tomado o refor\u00e7o bivalente, sendo 8,1 milh\u00f5es idosos, conforme dados divulgados pelo minist\u00e9rio.<\/p>\n","protected":false},"excerpt":{"rendered":"<p>O Minist\u00e9rio da Sa\u00fade anunciou nesta segunda-feira (24) a amplia\u00e7\u00e3o da campanha de vacina\u00e7\u00e3o contra covid-19 com a dose de refor\u00e7o bivalente para toda popula\u00e7\u00e3o acima de 18 anos de idade. Cerca de 97 milh\u00f5es de brasileiros poder\u00e3o ser vacinados. Pode tomar a dose bivalente quem recebeu, pelo menos, duas doses de vacinas monovalentes (Coronavac, [&hellip;]<\/p>\n","protected":false},"author":2,"featured_media":303591,"comment_status":"closed","ping_status":"closed","sticky":false,"template":"","format":"standard","meta":{"_acf_changed":false,"footnotes":""},"categories":[161],"tags":[95],"class_list":["post-303590","post","type-post","status-publish","format-standard","has-post-thumbnail","hentry","category-quadradinho-em-foco","tag-capa"],"acf":[],"yoast_head":"<!-- This site is optimized with the Yoast SEO plugin v27.2 - https:\/\/yoast.com\/product\/yoast-seo-wordpress\/ -->\n<title>Sa\u00fade amplia bivalente para p\u00fablico acima dos 18 - Notibras<\/title>\n<meta name=\"robots\" content=\"index, follow, max-snippet:-1, max-image-preview:large, max-video-preview:-1\" \/>\n<link rel=\"canonical\" href=\"https:\/\/www.notibras.com\/site\/saude-amplia-bivalente-para-publico-acima-dos-18\/\" \/>\n<meta property=\"og:locale\" content=\"pt_BR\" \/>\n<meta property=\"og:type\" content=\"article\" \/>\n<meta property=\"og:title\" content=\"Sa\u00fade amplia bivalente para p\u00fablico acima dos 18 - Notibras\" \/>\n<meta property=\"og:description\" content=\"O Minist\u00e9rio da Sa\u00fade anunciou nesta segunda-feira (24) a amplia\u00e7\u00e3o da campanha de vacina\u00e7\u00e3o contra covid-19 com a dose de refor\u00e7o bivalente para toda popula\u00e7\u00e3o acima de 18 anos de idade. Cerca de 97 milh\u00f5es de brasileiros poder\u00e3o ser vacinados. Pode tomar a dose bivalente quem recebeu, pelo menos, duas doses de vacinas monovalentes (Coronavac, [&hellip;]\" \/>\n<meta property=\"og:url\" content=\"https:\/\/www.notibras.com\/site\/saude-amplia-bivalente-para-publico-acima-dos-18\/\" \/>\n<meta property=\"og:site_name\" content=\"Notibras\" \/>\n<meta property=\"article:publisher\" content=\"https:\/\/www.facebook.com\/notibras\/\" \/>\n<meta property=\"article:published_time\" content=\"2023-04-24T22:48:39+00:00\" \/>\n<meta property=\"article:modified_time\" content=\"2023-04-25T00:52:29+00:00\" \/>\n<meta property=\"og:image\" content=\"https:\/\/www.notibras.com\/site\/wp-content\/uploads\/2023\/04\/pzzb8270-1.jpg\" \/>\n\t<meta property=\"og:image:width\" content=\"1170\" \/>\n\t<meta property=\"og:image:height\" content=\"700\" \/>\n\t<meta property=\"og:image:type\" content=\"image\/jpeg\" \/>\n<meta name=\"author\" content=\"Reda\u00e7\u00e3o\" \/>\n<meta name=\"twitter:card\" content=\"summary_large_image\" \/>\n<meta name=\"twitter:creator\" content=\"@Notibras\" \/>\n<meta name=\"twitter:site\" content=\"@Notibras\" \/>\n<meta name=\"twitter:label1\" content=\"Escrito por\" \/>\n\t<meta name=\"twitter:data1\" content=\"Reda\u00e7\u00e3o\" \/>\n\t<meta name=\"twitter:label2\" content=\"Est. tempo de leitura\" \/>\n\t<meta name=\"twitter:data2\" content=\"2 minutos\" \/>\n<script type=\"application\/ld+json\" class=\"yoast-schema-graph\">{\"@context\":\"https:\/\/schema.org\",\"@graph\":[{\"@type\":\"Article\",\"@id\":\"https:\/\/www.notibras.com\/site\/saude-amplia-bivalente-para-publico-acima-dos-18\/#article\",\"isPartOf\":{\"@id\":\"https:\/\/www.notibras.com\/site\/saude-amplia-bivalente-para-publico-acima-dos-18\/\"},\"author\":{\"name\":\"Reda\u00e7\u00e3o\",\"@id\":\"https:\/\/www.notibras.com\/site\/#\/schema\/person\/36ab0979449956132d3e5b517ea76ac8\"},\"headline\":\"Sa\u00fade amplia bivalente para p\u00fablico acima dos 18\",\"datePublished\":\"2023-04-24T22:48:39+00:00\",\"dateModified\":\"2023-04-25T00:52:29+00:00\",\"mainEntityOfPage\":{\"@id\":\"https:\/\/www.notibras.com\/site\/saude-amplia-bivalente-para-publico-acima-dos-18\/\"},\"wordCount\":245,\"publisher\":{\"@id\":\"https:\/\/www.notibras.com\/site\/#organization\"},\"image\":{\"@id\":\"https:\/\/www.notibras.com\/site\/saude-amplia-bivalente-para-publico-acima-dos-18\/#primaryimage\"},\"thumbnailUrl\":\"https:\/\/www.notibras.com\/site\/wp-content\/uploads\/2023\/04\/pzzb8270-1.jpg\",\"keywords\":[\"capa\"],\"articleSection\":[\"Quadradinho em Foco\"],\"inLanguage\":\"pt-BR\"},{\"@type\":\"WebPage\",\"@id\":\"https:\/\/www.notibras.com\/site\/saude-amplia-bivalente-para-publico-acima-dos-18\/\",\"url\":\"https:\/\/www.notibras.com\/site\/saude-amplia-bivalente-para-publico-acima-dos-18\/\",\"name\":\"Sa\u00fade amplia bivalente para p\u00fablico acima dos 18 - Notibras\",\"isPartOf\":{\"@id\":\"https:\/\/www.notibras.com\/site\/#website\"},\"primaryImageOfPage\":{\"@id\":\"https:\/\/www.notibras.com\/site\/saude-amplia-bivalente-para-publico-acima-dos-18\/#primaryimage\"},\"image\":{\"@id\":\"https:\/\/www.notibras.com\/site\/saude-amplia-bivalente-para-publico-acima-dos-18\/#primaryimage\"},\"thumbnailUrl\":\"https:\/\/www.notibras.com\/site\/wp-content\/uploads\/2023\/04\/pzzb8270-1.jpg\",\"datePublished\":\"2023-04-24T22:48:39+00:00\",\"dateModified\":\"2023-04-25T00:52:29+00:00\",\"breadcrumb\":{\"@id\":\"https:\/\/www.notibras.com\/site\/saude-amplia-bivalente-para-publico-acima-dos-18\/#breadcrumb\"},\"inLanguage\":\"pt-BR\",\"potentialAction\":[{\"@type\":\"ReadAction\",\"target\":[\"https:\/\/www.notibras.com\/site\/saude-amplia-bivalente-para-publico-acima-dos-18\/\"]}]},{\"@type\":\"ImageObject\",\"inLanguage\":\"pt-BR\",\"@id\":\"https:\/\/www.notibras.com\/site\/saude-amplia-bivalente-para-publico-acima-dos-18\/#primaryimage\",\"url\":\"https:\/\/www.notibras.com\/site\/wp-content\/uploads\/2023\/04\/pzzb8270-1.jpg\",\"contentUrl\":\"https:\/\/www.notibras.com\/site\/wp-content\/uploads\/2023\/04\/pzzb8270-1.jpg\",\"width\":1170,\"height\":700,\"caption\":\"Bras\u00edlia (DF) 28\/02\/2023 Brasil come\u00e7a a aplicar vacina bivalente contra a Covid\"},{\"@type\":\"BreadcrumbList\",\"@id\":\"https:\/\/www.notibras.com\/site\/saude-amplia-bivalente-para-publico-acima-dos-18\/#breadcrumb\",\"itemListElement\":[{\"@type\":\"ListItem\",\"position\":1,\"name\":\"In\u00edcio\",\"item\":\"https:\/\/www.notibras.com\/site\/\"},{\"@type\":\"ListItem\",\"position\":2,\"name\":\"Sa\u00fade amplia bivalente para p\u00fablico acima dos 18\"}]},{\"@type\":\"WebSite\",\"@id\":\"https:\/\/www.notibras.com\/site\/#website\",\"url\":\"https:\/\/www.notibras.com\/site\/\",\"name\":\"Notibras\",\"description\":\"Not\u00edcias de Bras\u00edlia, do Brasil e do Mundo\",\"publisher\":{\"@id\":\"https:\/\/www.notibras.com\/site\/#organization\"},\"potentialAction\":[{\"@type\":\"SearchAction\",\"target\":{\"@type\":\"EntryPoint\",\"urlTemplate\":\"https:\/\/www.notibras.com\/site\/?s={search_term_string}\"},\"query-input\":{\"@type\":\"PropertyValueSpecification\",\"valueRequired\":true,\"valueName\":\"search_term_string\"}}],\"inLanguage\":\"pt-BR\"},{\"@type\":\"Organization\",\"@id\":\"https:\/\/www.notibras.com\/site\/#organization\",\"name\":\"Grupo Notibras de Comunica\u00e7\u00e3o\",\"url\":\"https:\/\/www.notibras.com\/site\/\",\"logo\":{\"@type\":\"ImageObject\",\"inLanguage\":\"pt-BR\",\"@id\":\"https:\/\/www.notibras.com\/site\/#\/schema\/logo\/image\/\",\"url\":\"https:\/\/www.notibras.com\/site\/wp-content\/uploads\/2023\/01\/notibras23.png\",\"contentUrl\":\"https:\/\/www.notibras.com\/site\/wp-content\/uploads\/2023\/01\/notibras23.png\",\"width\":350,\"height\":87,\"caption\":\"Grupo Notibras de Comunica\u00e7\u00e3o\"},\"image\":{\"@id\":\"https:\/\/www.notibras.com\/site\/#\/schema\/logo\/image\/\"},\"sameAs\":[\"https:\/\/www.facebook.com\/notibras\/\",\"https:\/\/x.com\/Notibras\",\"https:\/\/www.instagram.com\/notibras\/\"]},{\"@type\":\"Person\",\"@id\":\"https:\/\/www.notibras.com\/site\/#\/schema\/person\/36ab0979449956132d3e5b517ea76ac8\",\"name\":\"Reda\u00e7\u00e3o\",\"image\":{\"@type\":\"ImageObject\",\"inLanguage\":\"pt-BR\",\"@id\":\"https:\/\/secure.gravatar.com\/avatar\/e0a867bdedb85fd243eadf09663511f96fc81e0720a4a42581f334ad4303aa6b?s=96&d=mm&r=g\",\"url\":\"https:\/\/secure.gravatar.com\/avatar\/e0a867bdedb85fd243eadf09663511f96fc81e0720a4a42581f334ad4303aa6b?s=96&d=mm&r=g\",\"contentUrl\":\"https:\/\/secure.gravatar.com\/avatar\/e0a867bdedb85fd243eadf09663511f96fc81e0720a4a42581f334ad4303aa6b?s=96&d=mm&r=g\",\"caption\":\"Reda\u00e7\u00e3o\"}}]}<\/script>\n<!-- \/ Yoast SEO plugin. -->","yoast_head_json":{"title":"Sa\u00fade amplia bivalente para p\u00fablico acima dos 18 - Notibras","robots":{"index":"index","follow":"follow","max-snippet":"max-snippet:-1","max-image-preview":"max-image-preview:large","max-video-preview":"max-video-preview:-1"},"canonical":"https:\/\/www.notibras.com\/site\/saude-amplia-bivalente-para-publico-acima-dos-18\/","og_locale":"pt_BR","og_type":"article","og_title":"Sa\u00fade amplia bivalente para p\u00fablico acima dos 18 - Notibras","og_description":"O Minist\u00e9rio da Sa\u00fade anunciou nesta segunda-feira (24) a amplia\u00e7\u00e3o da campanha de vacina\u00e7\u00e3o contra covid-19 com a dose de refor\u00e7o bivalente para toda popula\u00e7\u00e3o acima de 18 anos de idade. Cerca de 97 milh\u00f5es de brasileiros poder\u00e3o ser vacinados. Pode tomar a dose bivalente quem recebeu, pelo menos, duas doses de vacinas monovalentes (Coronavac, [&hellip;]","og_url":"https:\/\/www.notibras.com\/site\/saude-amplia-bivalente-para-publico-acima-dos-18\/","og_site_name":"Notibras","article_publisher":"https:\/\/www.facebook.com\/notibras\/","article_published_time":"2023-04-24T22:48:39+00:00","article_modified_time":"2023-04-25T00:52:29+00:00","og_image":[{"width":1170,"height":700,"url":"https:\/\/www.notibras.com\/site\/wp-content\/uploads\/2023\/04\/pzzb8270-1.jpg","type":"image\/jpeg"}],"author":"Reda\u00e7\u00e3o","twitter_card":"summary_large_image","twitter_creator":"@Notibras","twitter_site":"@Notibras","twitter_misc":{"Escrito por":"Reda\u00e7\u00e3o","Est. tempo de leitura":"2 minutos"},"schema":{"@context":"https:\/\/schema.org","@graph":[{"@type":"Article","@id":"https:\/\/www.notibras.com\/site\/saude-amplia-bivalente-para-publico-acima-dos-18\/#article","isPartOf":{"@id":"https:\/\/www.notibras.com\/site\/saude-amplia-bivalente-para-publico-acima-dos-18\/"},"author":{"name":"Reda\u00e7\u00e3o","@id":"https:\/\/www.notibras.com\/site\/#\/schema\/person\/36ab0979449956132d3e5b517ea76ac8"},"headline":"Sa\u00fade amplia bivalente para p\u00fablico acima dos 18","datePublished":"2023-04-24T22:48:39+00:00","dateModified":"2023-04-25T00:52:29+00:00","mainEntityOfPage":{"@id":"https:\/\/www.notibras.com\/site\/saude-amplia-bivalente-para-publico-acima-dos-18\/"},"wordCount":245,"publisher":{"@id":"https:\/\/www.notibras.com\/site\/#organization"},"image":{"@id":"https:\/\/www.notibras.com\/site\/saude-amplia-bivalente-para-publico-acima-dos-18\/#primaryimage"},"thumbnailUrl":"https:\/\/www.notibras.com\/site\/wp-content\/uploads\/2023\/04\/pzzb8270-1.jpg","keywords":["capa"],"articleSection":["Quadradinho em Foco"],"inLanguage":"pt-BR"},{"@type":"WebPage","@id":"https:\/\/www.notibras.com\/site\/saude-amplia-bivalente-para-publico-acima-dos-18\/","url":"https:\/\/www.notibras.com\/site\/saude-amplia-bivalente-para-publico-acima-dos-18\/","name":"Sa\u00fade amplia bivalente para p\u00fablico acima dos 18 - Notibras","isPartOf":{"@id":"https:\/\/www.notibras.com\/site\/#website"},"primaryImageOfPage":{"@id":"https:\/\/www.notibras.com\/site\/saude-amplia-bivalente-para-publico-acima-dos-18\/#primaryimage"},"image":{"@id":"https:\/\/www.notibras.com\/site\/saude-amplia-bivalente-para-publico-acima-dos-18\/#primaryimage"},"thumbnailUrl":"https:\/\/www.notibras.com\/site\/wp-content\/uploads\/2023\/04\/pzzb8270-1.jpg","datePublished":"2023-04-24T22:48:39+00:00","dateModified":"2023-04-25T00:52:29+00:00","breadcrumb":{"@id":"https:\/\/www.notibras.com\/site\/saude-amplia-bivalente-para-publico-acima-dos-18\/#breadcrumb"},"inLanguage":"pt-BR","potentialAction":[{"@type":"ReadAction","target":["https:\/\/www.notibras.com\/site\/saude-amplia-bivalente-para-publico-acima-dos-18\/"]}]},{"@type":"ImageObject","inLanguage":"pt-BR","@id":"https:\/\/www.notibras.com\/site\/saude-amplia-bivalente-para-publico-acima-dos-18\/#primaryimage","url":"https:\/\/www.notibras.com\/site\/wp-content\/uploads\/2023\/04\/pzzb8270-1.jpg","contentUrl":"https:\/\/www.notibras.com\/site\/wp-content\/uploads\/2023\/04\/pzzb8270-1.jpg","width":1170,"height":700,"caption":"Bras\u00edlia (DF) 28\/02\/2023 Brasil come\u00e7a a aplicar vacina bivalente contra a Covid"},{"@type":"BreadcrumbList","@id":"https:\/\/www.notibras.com\/site\/saude-amplia-bivalente-para-publico-acima-dos-18\/#breadcrumb","itemListElement":[{"@type":"ListItem","position":1,"name":"In\u00edcio","item":"https:\/\/www.notibras.com\/site\/"},{"@type":"ListItem","position":2,"name":"Sa\u00fade amplia bivalente para p\u00fablico acima dos 18"}]},{"@type":"WebSite","@id":"https:\/\/www.notibras.com\/site\/#website","url":"https:\/\/www.notibras.com\/site\/","name":"Notibras","description":"Not\u00edcias de Bras\u00edlia, do Brasil e do Mundo","publisher":{"@id":"https:\/\/www.notibras.com\/site\/#organization"},"potentialAction":[{"@type":"SearchAction","target":{"@type":"EntryPoint","urlTemplate":"https:\/\/www.notibras.com\/site\/?s={search_term_string}"},"query-input":{"@type":"PropertyValueSpecification","valueRequired":true,"valueName":"search_term_string"}}],"inLanguage":"pt-BR"},{"@type":"Organization","@id":"https:\/\/www.notibras.com\/site\/#organization","name":"Grupo Notibras de Comunica\u00e7\u00e3o","url":"https:\/\/www.notibras.com\/site\/","logo":{"@type":"ImageObject","inLanguage":"pt-BR","@id":"https:\/\/www.notibras.com\/site\/#\/schema\/logo\/image\/","url":"https:\/\/www.notibras.com\/site\/wp-content\/uploads\/2023\/01\/notibras23.png","contentUrl":"https:\/\/www.notibras.com\/site\/wp-content\/uploads\/2023\/01\/notibras23.png","width":350,"height":87,"caption":"Grupo Notibras de Comunica\u00e7\u00e3o"},"image":{"@id":"https:\/\/www.notibras.com\/site\/#\/schema\/logo\/image\/"},"sameAs":["https:\/\/www.facebook.com\/notibras\/","https:\/\/x.com\/Notibras","https:\/\/www.instagram.com\/notibras\/"]},{"@type":"Person","@id":"https:\/\/www.notibras.com\/site\/#\/schema\/person\/36ab0979449956132d3e5b517ea76ac8","name":"Reda\u00e7\u00e3o","image":{"@type":"ImageObject","inLanguage":"pt-BR","@id":"https:\/\/secure.gravatar.com\/avatar\/e0a867bdedb85fd243eadf09663511f96fc81e0720a4a42581f334ad4303aa6b?s=96&d=mm&r=g","url":"https:\/\/secure.gravatar.com\/avatar\/e0a867bdedb85fd243eadf09663511f96fc81e0720a4a42581f334ad4303aa6b?s=96&d=mm&r=g","contentUrl":"https:\/\/secure.gravatar.com\/avatar\/e0a867bdedb85fd243eadf09663511f96fc81e0720a4a42581f334ad4303aa6b?s=96&d=mm&r=g","caption":"Reda\u00e7\u00e3o"}}]}},"amp_enabled":true,"_links":{"self":[{"href":"https:\/\/www.notibras.com\/site\/wp-json\/wp\/v2\/posts\/303590","targetHints":{"allow":["GET"]}}],"collection":[{"href":"https:\/\/www.notibras.com\/site\/wp-json\/wp\/v2\/posts"}],"about":[{"href":"https:\/\/www.notibras.com\/site\/wp-json\/wp\/v2\/types\/post"}],"author":[{"embeddable":true,"href":"https:\/\/www.notibras.com\/site\/wp-json\/wp\/v2\/users\/2"}],"replies":[{"embeddable":true,"href":"https:\/\/www.notibras.com\/site\/wp-json\/wp\/v2\/comments?post=303590"}],"version-history":[{"count":1,"href":"https:\/\/www.notibras.com\/site\/wp-json\/wp\/v2\/posts\/303590\/revisions"}],"predecessor-version":[{"id":303592,"href":"https:\/\/www.notibras.com\/site\/wp-json\/wp\/v2\/posts\/303590\/revisions\/303592"}],"wp:featuredmedia":[{"embeddable":true,"href":"https:\/\/www.notibras.com\/site\/wp-json\/wp\/v2\/media\/303591"}],"wp:attachment":[{"href":"https:\/\/www.notibras.com\/site\/wp-json\/wp\/v2\/media?parent=303590"}],"wp:term":[{"taxonomy":"category","embeddable":true,"href":"https:\/\/www.notibras.com\/site\/wp-json\/wp\/v2\/categories?post=303590"},{"taxonomy":"post_tag","embeddable":true,"href":"https:\/\/www.notibras.com\/site\/wp-json\/wp\/v2\/tags?post=303590"}],"curies":[{"name":"wp","href":"https:\/\/api.w.org\/{rel}","templated":true}]}}