{"id":303603,"date":"2023-04-24T21:25:30","date_gmt":"2023-04-25T00:25:30","guid":{"rendered":"https:\/\/www.notibras.com\/site\/?p=303603"},"modified":"2023-04-24T22:28:48","modified_gmt":"2023-04-25T01:28:48","slug":"estudante-prefere-curso-online-para-qualificacao","status":"publish","type":"post","link":"https:\/\/www.notibras.com\/site\/estudante-prefere-curso-online-para-qualificacao\/","title":{"rendered":"Estudante prefere curso online para qualifica\u00e7\u00e3o"},"content":{"rendered":"<p>A pesquisa Skills Outlook Employee View, divulgada nesta segunda-feira (24) no Brasil, aponta que cursos online s\u00e3o para os brasileiros a melhor maneira de se qualificarem para o mercado de trabalho. Mais de 80% preferem cursos virtuais, de curta dura\u00e7\u00e3o. Realizada pela Pearson em parceria com o Google, a pesquisa ouviu 4 mil trabalhadores do Brasil, da \u00cdndia, do Reino Unido e dos Estados Unidos, entre agosto e setembro do ano passado, sendo mil de cada pa\u00eds, e foi divulgada globalmente no \u00faltimo dia 20.<\/p>\n<p>Embora a educa\u00e7\u00e3o formal ainda seja valorizada pelos trabalhadores no Brasil, a pesquisa identificou que mais de 40% acreditam na possibilidade de se construir uma carreia de sucesso sem um curso universit\u00e1rio, contra 34% que preferem uma forma\u00e7\u00e3o formal em uma universidade ou de um treinamento longo para aprender novas habilidades para suas carreiras. Vinte e dois por cento optam por se capacitarem por meio de sites e aplicativos online.<\/p>\n<p>O diretor de Produto da Pearson, Eduardo Leite, disse \u00e0 Ag\u00eancia Brasil que, embora esteja se tornando mais parecido com os outros pa\u00edses, o Brasil apresenta algumas peculiaridades. \u201cOs brasileiros t\u00eam uma urg\u00eancia maior no entendimento de que precisam de qualifica\u00e7\u00f5es constantes. O Brasil tem esse destaque. Entende que precisa se qualificar mais para se manter relevante no mercado de trabalho e conseguir al\u00e7ar melhores posi\u00e7\u00f5es dentro das suas carreiras.\u201d Esse n\u00edvel de urg\u00eancia \u00e9 comparado somente com o da \u00cdndia. O Brasil \u00e9 tamb\u00e9m um pa\u00eds onde se v\u00ea crescimento maior de pessoas que entendem que conseguem ter uma boa carreira sem educa\u00e7\u00e3o formal. \u201cEssa \u00e9 uma mudan\u00e7a bastante grande que se v\u00ea nos \u00faltimos anos\u201d, salientou Leite.<\/p>\n<p><strong>Habilidades<\/strong><br \/>\nA sondagem revela que o trabalhador brasileiro continua muito focado em soft skills (habilidades brandas). \u201cEu diria que o Brasil \u00e9 um dos pa\u00edses que mais t\u00eam interesse em desenvolver essas soft skills e n\u00e3o apenas hard skills [habilidades t\u00e9cnicas]\u201d. A sondagem aponta que as seis habilidades consideradas mais importantes pelos brasileiros s\u00e3o trabalho em equipe, lideran\u00e7a, habilidades lingu\u00edsticas, tomada de decis\u00e3o, comunica\u00e7\u00e3o e agilidade. Sugere, por\u00e9m, que, no per\u00edodo de cinco a dez anos, as hard skills focadas em tecnologia ser\u00e3o consideradas as mais necess\u00e1rias.<\/p>\n<p>Outro ponto que \u00e9 bastante forte no Brasil em compara\u00e7\u00e3o aos Estados Unidos Reino Unido, e mesmo aos pa\u00edses que n\u00e3o s\u00e3o de l\u00edngua inglesa, \u00e9 que h\u00e1 aqui interesse e necessidade grandes em desenvolver um novo idioma. \u201cA habilidade que as pessoas t\u00eam mais interesse em procurar se desenvolver para o futuro \u00e9 em idiomas, principalmente ingl\u00eas, porque elas entendem que isso vai ampliar as possibilidades de empregabilidade, especialmente em carreiras de tecnologia em que as pessoas est\u00e3o conseguindo empregos fora, ou em multinacionais, inclusive com remunera\u00e7\u00e3o em moeda estrangeira. Essa \u00e9 uma diferen\u00e7a quando se compara com pa\u00edses que tem o ingl\u00eas como l\u00edngua nativa\u201d, destacou o diretor.<\/p>\n<p>Outro destaque percebido no Brasil \u00e9 que os trabalhadores procuram flexibilidade, por quest\u00f5es de mobilidade, muito tempo gasto no transporte. Por isso, optam por bastante flexibilidade ou formas de aprender que ofere\u00e7am flexibilidade, para a pessoa poder estudar no seu pr\u00f3prio ritmo ou em momentos diversos. Essa \u00e9 uma tend\u00eancia em expans\u00e3o no Brasil. Aplicativos e plataformas online est\u00e3o entre as formas preferidas de aprendizagem. Mas os cursos r\u00e1pidos e treinamentos intensivos \u2018online\u2019 aparecem, ao lado do diploma universit\u00e1rio, entre as melhores formas para se avan\u00e7ar na carreira, apontaram os brasileiros entrevistados.<\/p>\n<p>Eduardo Leite acentuou que, na pr\u00e9-pandemia da covid-19, o Brasil mantinha certo preconceito, at\u00e9 mesmo uma rejei\u00e7\u00e3o maior, em rela\u00e7\u00e3o \u00e0 aprendizagem online. Hoje, entretanto, no p\u00f3s-pandemia, o brasileiro j\u00e1 aceita a aprendizagem virtual como uma forma de impulsionar a carreira. Nisso o Brasil j\u00e1 est\u00e1 muito parecido com os demais pa\u00edses. \u201cHoje, existe maior abertura para formatos online remoto ou h\u00edbrido. Atualmente, tem mais aceita\u00e7\u00e3o para os dois modelos. O Brasil vem se aproximando cada vez mais de outros pa\u00edses que j\u00e1 t\u00eam o modelo online mais maduro.\u201d<\/p>\n<p><strong>Continuidade<\/strong><br \/>\nOitenta e cinco por cento dos trabalhadores brasileiros t\u00eam expectativa de continuar aprendendo ao longo da carreira e, para 83%, certifica\u00e7\u00f5es, cursos de curta dura\u00e7\u00e3o e bootcamps (ensino imersivo e intensivo) est\u00e3o entre os preferidos para seu desenvolvimento profissional. Mais de 80% dos consultados defendem que as universidades devem se envolver mais na oferta de programas n\u00e3o formais para trabalhadores. Outra especificidade apontada pela pesquisa no Brasil \u00e9 o interesse cada vez maior por microcredenciais, ou uma constante forma de aprendizagem. H\u00e1 interesse grande no Brasil de as pessoas terem as pr\u00f3ximas forma\u00e7\u00f5es vinculadas com a empresa ou local onde est\u00e3o trabalhando. Muitas vezes, quando a organiza\u00e7\u00e3o ou institui\u00e7\u00e3o oferece para o colaborador essa forma\u00e7\u00e3o, em geral ela \u00e9 bem espec\u00edfica e condiz com uma nova posi\u00e7\u00e3o ou cargo dentro da empresa. H\u00e1 um interesse m\u00fatuo. A empresa tem um benef\u00edcio porque seu funcion\u00e1rio vai desenvolver uma habilidade, e o trabalhador tamb\u00e9m satisfaz uma necessidade que a empresa mapeou para ele progredir na carreira.<\/p>\n<p>Eduardo Leite, outra informa\u00e7\u00e3o que chama a aten\u00e7\u00e3o \u00e9 que a lideran\u00e7a aparece como algo que as pessoas est\u00e3o desenvolvendo agora e t\u00eam interesse em desenvolver. Ele destacou que as as pessoas buscam ser um l\u00edder melhor, ainda mais agora, com novas tecnologias, e cada vez mais as pessoas entendendo a import\u00e2ncia das rela\u00e7\u00f5es humanas e, tamb\u00e9m, a colabora\u00e7\u00e3o entre os pr\u00f3prios trabalhadores.<\/p>\n<p><strong>Educa\u00e7\u00e3o<\/strong><br \/>\nO diretor da Funda\u00e7\u00e3o Getulio Vargas Social (FGV Social), Marcelo N\u00e9ri, destacou, em entrevista \u00e0 Ag\u00eancia Brasil, que apesar de ter havido uma evolu\u00e7\u00e3o, a m\u00e9dia de anos de estudo do brasileiro ainda \u00e1 baixa. Em 1980, eram tr\u00eas anos. \u201cHoje, estamos em dez anos, o que ainda \u00e9 pouco, em m\u00e9dia, por adulto, e, apesar desse salto de educa\u00e7\u00e3o, a inclus\u00e3o produtiva, ou seja, a produtividade do trabalhador brasileiro, ficou parada nesse per\u00edodo\u201d, observou. N\u00e9ri disse que a expectativa de vida do brasileiro aumentou bastante, e estudos mostram que a educa\u00e7\u00e3o pode ter ajudado para isso, mas n\u00e3o impactou na produtividade do trabalho, que \u00e9 alguma coisa mais direta. O diretor da FGV Social ponderou que at\u00e9 a maior expectativa de vida cria essa necessidade de aprendizados durante toda a vida, onde esse tipo de cursos online se insere.<\/p>\n<p>As pessoas percebem que precisam de algo mais para se inserir melhor no mercado de trabalho. O ensino formal no Brasil, pelo menos em n\u00edvel de ensino m\u00e9dio, que \u00e9 uma etapa importante, era muito desfocado, ou seja, o aluno aprendia v\u00e1rias disciplinas, mas nenhuma delas especializava, com pouco impacto sobre o mercado de trabalho. Quando se pergunta para os adolescentes que deveriam estar no ensino m\u00e9dio o motivo da evas\u00e3o, 42% disseram que era por falta de interesse, 27% por falta de renda, porque tinha que trabalhar. \u201cDe fato, existe um grande potencial para voc\u00ea fornecer cursos que atendam demandas espec\u00edficas dos trabalhadores, em diferentes momentos de sua carreira e, de outro, que impactem mais no mercado de trabalho\u201d. Marcelo N\u00e9ri lembrou que a pandemia da covid-19 trouxe mudan\u00e7a no sentido levar as atividades tamb\u00e9m para o mundo digital, desde o ensino ao mercado de trabalho. \u201cEnt\u00e3o, \u00e9 natural que aumentem o grau de interesse e a demanda e a oferta tamb\u00e9m de cursos online\u201d. Ele observou, no entanto, que o fato de haver uma demanda n\u00e3o significa que voc\u00ea est\u00e1 de fato empoderando as pessoas no mercado de trabalho.<\/p>\n<p><strong>Cursos profissionalizantes<\/strong><br \/>\nSegundo N\u00e9ri, por outro lado, n\u00e3o h\u00e1 no Brasil uma tradi\u00e7\u00e3o de cursos profissionalizantes. Tem algumas institui\u00e7\u00f5es de excel\u00eancia, como o Servi\u00e7o Nacional de Aprendizagem Industrial (Senai) e Servi\u00e7o Nacional de Aprendizagem Comercial (Senac), mas n\u00e3o atendem na escala do problema. Pesquisas realizadas pela FGV Social sobre cursos profissionalizantes em geral viram que, quanto mais alto o n\u00edvel do curso tecnol\u00f3gico, por exemplo, curso universit\u00e1rio de curta dura\u00e7\u00e3o, o impacto \u00e9 maior. \u201cO ganho que a pessoa tem com a feitura do curso \u00e9 maior do que, por exemplo, para quem fez ensino m\u00e9dio profissionalizante ou curso de qualifica\u00e7\u00e3o profissional mais b\u00e1sico. Quanto maior a escala na hierarquia de cursos, maior tende a ser o efeito.\u201d<\/p>\n<p>Marcelo N\u00e9ri destacou os ganhos decorrentes dos cursos profissionalizantes, \u201cA ocupa\u00e7\u00e3o sobe 8% e o sal\u00e1rio tende a subir 15% [em m\u00e9dia] quando a pessoa faz esses cursos, em rela\u00e7\u00e3o a n\u00e3o fazer. A gente n\u00e3o achou um grande efeito em rela\u00e7\u00e3o a cursos diurnos ou noturnos, presenciais ou digitais. Hoje em dia, a pandemia gerou uma grande mudan\u00e7a em v\u00e1rios aspectos da vida das pessoas\u201d. Cursos online t\u00eam uma vantagem em termos de se adequar mais ao tempo das pessoas, embora um curso presencial, a intera\u00e7\u00e3o com os colegas e professores ao vivo, tenha as suas vantagens. \u201cEu diria que um curso h\u00edbrido talvez seja uma solu\u00e7\u00e3o a esses cursos puramente digitais, embora reconhe\u00e7a que sejam mais complexos e caros esses cursos que t\u00eam um lado presencial\u201d, afirmou o diretor da FGV Social.<\/p>\n","protected":false},"excerpt":{"rendered":"<p>A pesquisa Skills Outlook Employee View, divulgada nesta segunda-feira (24) no Brasil, aponta que cursos online s\u00e3o para os brasileiros a melhor maneira de se qualificarem para o mercado de trabalho. Mais de 80% preferem cursos virtuais, de curta dura\u00e7\u00e3o. Realizada pela Pearson em parceria com o Google, a pesquisa ouviu 4 mil trabalhadores do [&hellip;]<\/p>\n","protected":false},"author":2,"featured_media":303604,"comment_status":"closed","ping_status":"closed","sticky":false,"template":"","format":"standard","meta":{"_acf_changed":false,"footnotes":""},"categories":[161],"tags":[],"class_list":["post-303603","post","type-post","status-publish","format-standard","has-post-thumbnail","hentry","category-quadradinho-em-foco"],"acf":[],"yoast_head":"<!-- This site is optimized with the Yoast SEO plugin v27.2 - https:\/\/yoast.com\/product\/yoast-seo-wordpress\/ -->\n<title>Estudante prefere curso online para qualifica\u00e7\u00e3o - Notibras<\/title>\n<meta name=\"robots\" content=\"index, follow, max-snippet:-1, max-image-preview:large, max-video-preview:-1\" \/>\n<link rel=\"canonical\" href=\"https:\/\/www.notibras.com\/site\/estudante-prefere-curso-online-para-qualificacao\/\" \/>\n<meta property=\"og:locale\" content=\"pt_BR\" \/>\n<meta property=\"og:type\" content=\"article\" \/>\n<meta property=\"og:title\" content=\"Estudante prefere curso online para qualifica\u00e7\u00e3o - Notibras\" \/>\n<meta property=\"og:description\" content=\"A pesquisa Skills Outlook Employee View, divulgada nesta segunda-feira (24) no Brasil, aponta que cursos online s\u00e3o para os brasileiros a melhor maneira de se qualificarem para o mercado de trabalho. Mais de 80% preferem cursos virtuais, de curta dura\u00e7\u00e3o. Realizada pela Pearson em parceria com o Google, a pesquisa ouviu 4 mil trabalhadores do [&hellip;]\" \/>\n<meta property=\"og:url\" content=\"https:\/\/www.notibras.com\/site\/estudante-prefere-curso-online-para-qualificacao\/\" \/>\n<meta property=\"og:site_name\" content=\"Notibras\" \/>\n<meta property=\"article:publisher\" content=\"https:\/\/www.facebook.com\/notibras\/\" \/>\n<meta property=\"article:published_time\" content=\"2023-04-25T00:25:30+00:00\" \/>\n<meta property=\"article:modified_time\" content=\"2023-04-25T01:28:48+00:00\" \/>\n<meta property=\"og:image\" content=\"https:\/\/www.notibras.com\/site\/wp-content\/uploads\/2023\/04\/09_07_2020_teletrabalho-5.jpg\" \/>\n\t<meta property=\"og:image:width\" content=\"1170\" \/>\n\t<meta property=\"og:image:height\" content=\"700\" \/>\n\t<meta property=\"og:image:type\" content=\"image\/jpeg\" \/>\n<meta name=\"author\" content=\"Reda\u00e7\u00e3o\" \/>\n<meta name=\"twitter:card\" content=\"summary_large_image\" \/>\n<meta name=\"twitter:creator\" content=\"@Notibras\" \/>\n<meta name=\"twitter:site\" content=\"@Notibras\" \/>\n<meta name=\"twitter:label1\" content=\"Escrito por\" \/>\n\t<meta name=\"twitter:data1\" content=\"Reda\u00e7\u00e3o\" \/>\n\t<meta name=\"twitter:label2\" content=\"Est. tempo de leitura\" \/>\n\t<meta name=\"twitter:data2\" content=\"9 minutos\" \/>\n<script type=\"application\/ld+json\" class=\"yoast-schema-graph\">{\"@context\":\"https:\/\/schema.org\",\"@graph\":[{\"@type\":\"Article\",\"@id\":\"https:\/\/www.notibras.com\/site\/estudante-prefere-curso-online-para-qualificacao\/#article\",\"isPartOf\":{\"@id\":\"https:\/\/www.notibras.com\/site\/estudante-prefere-curso-online-para-qualificacao\/\"},\"author\":{\"name\":\"Reda\u00e7\u00e3o\",\"@id\":\"https:\/\/www.notibras.com\/site\/#\/schema\/person\/36ab0979449956132d3e5b517ea76ac8\"},\"headline\":\"Estudante prefere curso online para qualifica\u00e7\u00e3o\",\"datePublished\":\"2023-04-25T00:25:30+00:00\",\"dateModified\":\"2023-04-25T01:28:48+00:00\",\"mainEntityOfPage\":{\"@id\":\"https:\/\/www.notibras.com\/site\/estudante-prefere-curso-online-para-qualificacao\/\"},\"wordCount\":1583,\"publisher\":{\"@id\":\"https:\/\/www.notibras.com\/site\/#organization\"},\"image\":{\"@id\":\"https:\/\/www.notibras.com\/site\/estudante-prefere-curso-online-para-qualificacao\/#primaryimage\"},\"thumbnailUrl\":\"https:\/\/www.notibras.com\/site\/wp-content\/uploads\/2023\/04\/09_07_2020_teletrabalho-5.jpg\",\"articleSection\":[\"Quadradinho em Foco\"],\"inLanguage\":\"pt-BR\"},{\"@type\":\"WebPage\",\"@id\":\"https:\/\/www.notibras.com\/site\/estudante-prefere-curso-online-para-qualificacao\/\",\"url\":\"https:\/\/www.notibras.com\/site\/estudante-prefere-curso-online-para-qualificacao\/\",\"name\":\"Estudante prefere curso online para qualifica\u00e7\u00e3o - Notibras\",\"isPartOf\":{\"@id\":\"https:\/\/www.notibras.com\/site\/#website\"},\"primaryImageOfPage\":{\"@id\":\"https:\/\/www.notibras.com\/site\/estudante-prefere-curso-online-para-qualificacao\/#primaryimage\"},\"image\":{\"@id\":\"https:\/\/www.notibras.com\/site\/estudante-prefere-curso-online-para-qualificacao\/#primaryimage\"},\"thumbnailUrl\":\"https:\/\/www.notibras.com\/site\/wp-content\/uploads\/2023\/04\/09_07_2020_teletrabalho-5.jpg\",\"datePublished\":\"2023-04-25T00:25:30+00:00\",\"dateModified\":\"2023-04-25T01:28:48+00:00\",\"breadcrumb\":{\"@id\":\"https:\/\/www.notibras.com\/site\/estudante-prefere-curso-online-para-qualificacao\/#breadcrumb\"},\"inLanguage\":\"pt-BR\",\"potentialAction\":[{\"@type\":\"ReadAction\",\"target\":[\"https:\/\/www.notibras.com\/site\/estudante-prefere-curso-online-para-qualificacao\/\"]}]},{\"@type\":\"ImageObject\",\"inLanguage\":\"pt-BR\",\"@id\":\"https:\/\/www.notibras.com\/site\/estudante-prefere-curso-online-para-qualificacao\/#primaryimage\",\"url\":\"https:\/\/www.notibras.com\/site\/wp-content\/uploads\/2023\/04\/09_07_2020_teletrabalho-5.jpg\",\"contentUrl\":\"https:\/\/www.notibras.com\/site\/wp-content\/uploads\/2023\/04\/09_07_2020_teletrabalho-5.jpg\",\"width\":1170,\"height\":700,\"caption\":\"Teletrabalho, home office ou trabalho remoto.\"},{\"@type\":\"BreadcrumbList\",\"@id\":\"https:\/\/www.notibras.com\/site\/estudante-prefere-curso-online-para-qualificacao\/#breadcrumb\",\"itemListElement\":[{\"@type\":\"ListItem\",\"position\":1,\"name\":\"In\u00edcio\",\"item\":\"https:\/\/www.notibras.com\/site\/\"},{\"@type\":\"ListItem\",\"position\":2,\"name\":\"Estudante prefere curso online para qualifica\u00e7\u00e3o\"}]},{\"@type\":\"WebSite\",\"@id\":\"https:\/\/www.notibras.com\/site\/#website\",\"url\":\"https:\/\/www.notibras.com\/site\/\",\"name\":\"Notibras\",\"description\":\"Not\u00edcias de Bras\u00edlia, do Brasil e do Mundo\",\"publisher\":{\"@id\":\"https:\/\/www.notibras.com\/site\/#organization\"},\"potentialAction\":[{\"@type\":\"SearchAction\",\"target\":{\"@type\":\"EntryPoint\",\"urlTemplate\":\"https:\/\/www.notibras.com\/site\/?s={search_term_string}\"},\"query-input\":{\"@type\":\"PropertyValueSpecification\",\"valueRequired\":true,\"valueName\":\"search_term_string\"}}],\"inLanguage\":\"pt-BR\"},{\"@type\":\"Organization\",\"@id\":\"https:\/\/www.notibras.com\/site\/#organization\",\"name\":\"Grupo Notibras de Comunica\u00e7\u00e3o\",\"url\":\"https:\/\/www.notibras.com\/site\/\",\"logo\":{\"@type\":\"ImageObject\",\"inLanguage\":\"pt-BR\",\"@id\":\"https:\/\/www.notibras.com\/site\/#\/schema\/logo\/image\/\",\"url\":\"https:\/\/www.notibras.com\/site\/wp-content\/uploads\/2023\/01\/notibras23.png\",\"contentUrl\":\"https:\/\/www.notibras.com\/site\/wp-content\/uploads\/2023\/01\/notibras23.png\",\"width\":350,\"height\":87,\"caption\":\"Grupo Notibras de Comunica\u00e7\u00e3o\"},\"image\":{\"@id\":\"https:\/\/www.notibras.com\/site\/#\/schema\/logo\/image\/\"},\"sameAs\":[\"https:\/\/www.facebook.com\/notibras\/\",\"https:\/\/x.com\/Notibras\",\"https:\/\/www.instagram.com\/notibras\/\"]},{\"@type\":\"Person\",\"@id\":\"https:\/\/www.notibras.com\/site\/#\/schema\/person\/36ab0979449956132d3e5b517ea76ac8\",\"name\":\"Reda\u00e7\u00e3o\",\"image\":{\"@type\":\"ImageObject\",\"inLanguage\":\"pt-BR\",\"@id\":\"https:\/\/secure.gravatar.com\/avatar\/e0a867bdedb85fd243eadf09663511f96fc81e0720a4a42581f334ad4303aa6b?s=96&d=mm&r=g\",\"url\":\"https:\/\/secure.gravatar.com\/avatar\/e0a867bdedb85fd243eadf09663511f96fc81e0720a4a42581f334ad4303aa6b?s=96&d=mm&r=g\",\"contentUrl\":\"https:\/\/secure.gravatar.com\/avatar\/e0a867bdedb85fd243eadf09663511f96fc81e0720a4a42581f334ad4303aa6b?s=96&d=mm&r=g\",\"caption\":\"Reda\u00e7\u00e3o\"}}]}<\/script>\n<!-- \/ Yoast SEO plugin. -->","yoast_head_json":{"title":"Estudante prefere curso online para qualifica\u00e7\u00e3o - Notibras","robots":{"index":"index","follow":"follow","max-snippet":"max-snippet:-1","max-image-preview":"max-image-preview:large","max-video-preview":"max-video-preview:-1"},"canonical":"https:\/\/www.notibras.com\/site\/estudante-prefere-curso-online-para-qualificacao\/","og_locale":"pt_BR","og_type":"article","og_title":"Estudante prefere curso online para qualifica\u00e7\u00e3o - Notibras","og_description":"A pesquisa Skills Outlook Employee View, divulgada nesta segunda-feira (24) no Brasil, aponta que cursos online s\u00e3o para os brasileiros a melhor maneira de se qualificarem para o mercado de trabalho. Mais de 80% preferem cursos virtuais, de curta dura\u00e7\u00e3o. Realizada pela Pearson em parceria com o Google, a pesquisa ouviu 4 mil trabalhadores do [&hellip;]","og_url":"https:\/\/www.notibras.com\/site\/estudante-prefere-curso-online-para-qualificacao\/","og_site_name":"Notibras","article_publisher":"https:\/\/www.facebook.com\/notibras\/","article_published_time":"2023-04-25T00:25:30+00:00","article_modified_time":"2023-04-25T01:28:48+00:00","og_image":[{"width":1170,"height":700,"url":"https:\/\/www.notibras.com\/site\/wp-content\/uploads\/2023\/04\/09_07_2020_teletrabalho-5.jpg","type":"image\/jpeg"}],"author":"Reda\u00e7\u00e3o","twitter_card":"summary_large_image","twitter_creator":"@Notibras","twitter_site":"@Notibras","twitter_misc":{"Escrito por":"Reda\u00e7\u00e3o","Est. tempo de leitura":"9 minutos"},"schema":{"@context":"https:\/\/schema.org","@graph":[{"@type":"Article","@id":"https:\/\/www.notibras.com\/site\/estudante-prefere-curso-online-para-qualificacao\/#article","isPartOf":{"@id":"https:\/\/www.notibras.com\/site\/estudante-prefere-curso-online-para-qualificacao\/"},"author":{"name":"Reda\u00e7\u00e3o","@id":"https:\/\/www.notibras.com\/site\/#\/schema\/person\/36ab0979449956132d3e5b517ea76ac8"},"headline":"Estudante prefere curso online para qualifica\u00e7\u00e3o","datePublished":"2023-04-25T00:25:30+00:00","dateModified":"2023-04-25T01:28:48+00:00","mainEntityOfPage":{"@id":"https:\/\/www.notibras.com\/site\/estudante-prefere-curso-online-para-qualificacao\/"},"wordCount":1583,"publisher":{"@id":"https:\/\/www.notibras.com\/site\/#organization"},"image":{"@id":"https:\/\/www.notibras.com\/site\/estudante-prefere-curso-online-para-qualificacao\/#primaryimage"},"thumbnailUrl":"https:\/\/www.notibras.com\/site\/wp-content\/uploads\/2023\/04\/09_07_2020_teletrabalho-5.jpg","articleSection":["Quadradinho em Foco"],"inLanguage":"pt-BR"},{"@type":"WebPage","@id":"https:\/\/www.notibras.com\/site\/estudante-prefere-curso-online-para-qualificacao\/","url":"https:\/\/www.notibras.com\/site\/estudante-prefere-curso-online-para-qualificacao\/","name":"Estudante prefere curso online para qualifica\u00e7\u00e3o - Notibras","isPartOf":{"@id":"https:\/\/www.notibras.com\/site\/#website"},"primaryImageOfPage":{"@id":"https:\/\/www.notibras.com\/site\/estudante-prefere-curso-online-para-qualificacao\/#primaryimage"},"image":{"@id":"https:\/\/www.notibras.com\/site\/estudante-prefere-curso-online-para-qualificacao\/#primaryimage"},"thumbnailUrl":"https:\/\/www.notibras.com\/site\/wp-content\/uploads\/2023\/04\/09_07_2020_teletrabalho-5.jpg","datePublished":"2023-04-25T00:25:30+00:00","dateModified":"2023-04-25T01:28:48+00:00","breadcrumb":{"@id":"https:\/\/www.notibras.com\/site\/estudante-prefere-curso-online-para-qualificacao\/#breadcrumb"},"inLanguage":"pt-BR","potentialAction":[{"@type":"ReadAction","target":["https:\/\/www.notibras.com\/site\/estudante-prefere-curso-online-para-qualificacao\/"]}]},{"@type":"ImageObject","inLanguage":"pt-BR","@id":"https:\/\/www.notibras.com\/site\/estudante-prefere-curso-online-para-qualificacao\/#primaryimage","url":"https:\/\/www.notibras.com\/site\/wp-content\/uploads\/2023\/04\/09_07_2020_teletrabalho-5.jpg","contentUrl":"https:\/\/www.notibras.com\/site\/wp-content\/uploads\/2023\/04\/09_07_2020_teletrabalho-5.jpg","width":1170,"height":700,"caption":"Teletrabalho, home office ou trabalho remoto."},{"@type":"BreadcrumbList","@id":"https:\/\/www.notibras.com\/site\/estudante-prefere-curso-online-para-qualificacao\/#breadcrumb","itemListElement":[{"@type":"ListItem","position":1,"name":"In\u00edcio","item":"https:\/\/www.notibras.com\/site\/"},{"@type":"ListItem","position":2,"name":"Estudante prefere curso online para qualifica\u00e7\u00e3o"}]},{"@type":"WebSite","@id":"https:\/\/www.notibras.com\/site\/#website","url":"https:\/\/www.notibras.com\/site\/","name":"Notibras","description":"Not\u00edcias de Bras\u00edlia, do Brasil e do Mundo","publisher":{"@id":"https:\/\/www.notibras.com\/site\/#organization"},"potentialAction":[{"@type":"SearchAction","target":{"@type":"EntryPoint","urlTemplate":"https:\/\/www.notibras.com\/site\/?s={search_term_string}"},"query-input":{"@type":"PropertyValueSpecification","valueRequired":true,"valueName":"search_term_string"}}],"inLanguage":"pt-BR"},{"@type":"Organization","@id":"https:\/\/www.notibras.com\/site\/#organization","name":"Grupo Notibras de Comunica\u00e7\u00e3o","url":"https:\/\/www.notibras.com\/site\/","logo":{"@type":"ImageObject","inLanguage":"pt-BR","@id":"https:\/\/www.notibras.com\/site\/#\/schema\/logo\/image\/","url":"https:\/\/www.notibras.com\/site\/wp-content\/uploads\/2023\/01\/notibras23.png","contentUrl":"https:\/\/www.notibras.com\/site\/wp-content\/uploads\/2023\/01\/notibras23.png","width":350,"height":87,"caption":"Grupo Notibras de Comunica\u00e7\u00e3o"},"image":{"@id":"https:\/\/www.notibras.com\/site\/#\/schema\/logo\/image\/"},"sameAs":["https:\/\/www.facebook.com\/notibras\/","https:\/\/x.com\/Notibras","https:\/\/www.instagram.com\/notibras\/"]},{"@type":"Person","@id":"https:\/\/www.notibras.com\/site\/#\/schema\/person\/36ab0979449956132d3e5b517ea76ac8","name":"Reda\u00e7\u00e3o","image":{"@type":"ImageObject","inLanguage":"pt-BR","@id":"https:\/\/secure.gravatar.com\/avatar\/e0a867bdedb85fd243eadf09663511f96fc81e0720a4a42581f334ad4303aa6b?s=96&d=mm&r=g","url":"https:\/\/secure.gravatar.com\/avatar\/e0a867bdedb85fd243eadf09663511f96fc81e0720a4a42581f334ad4303aa6b?s=96&d=mm&r=g","contentUrl":"https:\/\/secure.gravatar.com\/avatar\/e0a867bdedb85fd243eadf09663511f96fc81e0720a4a42581f334ad4303aa6b?s=96&d=mm&r=g","caption":"Reda\u00e7\u00e3o"}}]}},"amp_enabled":true,"_links":{"self":[{"href":"https:\/\/www.notibras.com\/site\/wp-json\/wp\/v2\/posts\/303603","targetHints":{"allow":["GET"]}}],"collection":[{"href":"https:\/\/www.notibras.com\/site\/wp-json\/wp\/v2\/posts"}],"about":[{"href":"https:\/\/www.notibras.com\/site\/wp-json\/wp\/v2\/types\/post"}],"author":[{"embeddable":true,"href":"https:\/\/www.notibras.com\/site\/wp-json\/wp\/v2\/users\/2"}],"replies":[{"embeddable":true,"href":"https:\/\/www.notibras.com\/site\/wp-json\/wp\/v2\/comments?post=303603"}],"version-history":[{"count":1,"href":"https:\/\/www.notibras.com\/site\/wp-json\/wp\/v2\/posts\/303603\/revisions"}],"predecessor-version":[{"id":303605,"href":"https:\/\/www.notibras.com\/site\/wp-json\/wp\/v2\/posts\/303603\/revisions\/303605"}],"wp:featuredmedia":[{"embeddable":true,"href":"https:\/\/www.notibras.com\/site\/wp-json\/wp\/v2\/media\/303604"}],"wp:attachment":[{"href":"https:\/\/www.notibras.com\/site\/wp-json\/wp\/v2\/media?parent=303603"}],"wp:term":[{"taxonomy":"category","embeddable":true,"href":"https:\/\/www.notibras.com\/site\/wp-json\/wp\/v2\/categories?post=303603"},{"taxonomy":"post_tag","embeddable":true,"href":"https:\/\/www.notibras.com\/site\/wp-json\/wp\/v2\/tags?post=303603"}],"curies":[{"name":"wp","href":"https:\/\/api.w.org\/{rel}","templated":true}]}}