{"id":303618,"date":"2023-04-25T10:51:00","date_gmt":"2023-04-25T13:51:00","guid":{"rendered":"https:\/\/www.notibras.com\/site\/?p=303618"},"modified":"2023-04-25T10:53:48","modified_gmt":"2023-04-25T13:53:48","slug":"ainda-e-hora-de-saudar-jorge-guerreiro-da-feijuca","status":"publish","type":"post","link":"https:\/\/www.notibras.com\/site\/ainda-e-hora-de-saudar-jorge-guerreiro-da-feijuca\/","title":{"rendered":"Ainda \u00e9 hora de saudar Jorge, Guerreiro da feijuca"},"content":{"rendered":"<p>Domingo (23) foi dia de Jorge. Hoje (25) \u00e9 dia do amor. Ent\u00e3o, brasileiros e brasileiras, espalhem o amor e a ternura, porque de dor, \u00f3dio e sofrimento o Brasil j\u00e1 est\u00e1 cheio. E como dizia Jorge Maravilha, os alquimistas j\u00e1 chegaram. Com eles, o Brasil voltou a sorrir. Salve simpatia est\u00e1 de novo na \u00e1rea. Que pena, mas, como Errare humanum est, o eleitor mandou o Brother cantar em outro terreiro. O mito de Madureira atendeu o apelo de Bebete v\u00e3obora e preferiu chover em outro telhado. Pois bem, domingo foi do nosso glorioso S\u00e3o Jorge, o Jorge da Capad\u00f3cia, o santo homenageado dia sim e outro tamb\u00e9m por Jorge Ben (n\u00e3o gosto de Ben Jor), o menestrel do Rio Comprido. Soldado romano no ex\u00e9rcito do imperador Diocleciano, S\u00e3o Jorge \u00e9 adorado como m\u00e1rtir crist\u00e3o e um dos santos mais venerados no catolicismo, na Igreja Ortodoxa, na comunh\u00e3o Anglicana e, como j\u00e1 dizia Charles Anjo 45, nas curimbas do Rio, da Bahia, do Rio Grande do Sul, do Maranh\u00e3o e de outros estados brasileiros, al\u00e9m de Bras\u00edlia, nas quais o sincretismo religioso o associa ao orix\u00e1 Ogum.<\/p>\n<p>Essa associa\u00e7\u00e3o decorre de elementos como a batalha, a espada e a coragem. Atrasei na homenagem, mas, mesmo longe, imaginei a cidade do Rio de Janeiro amanhecendo ensolarada para homenagear Jorge da Capad\u00f3cia. Embora seja crime, logo \u00e0s 4h da madruga soltaram o primeiro bal\u00e3o. \u00c0s 5 da matina, muitos fogos e tiros, lembrando a entrada de uma grande escola de samba na Marqu\u00eas de Sapuca\u00ed ou uma daquelas intermin\u00e1veis guerras de fac\u00e7\u00e3o nas ordeiras comunidades da Tijuca, Rio Comprido, Graja\u00fa, Andara\u00ed, Lins de Vasconcelos, Piedade, Bangu, Realengo e Campo Grande. Nada disso. S\u00e3o os devotos de S\u00e3o Jorge saudando Ogum numa linda alvorada. E quem n\u00e3o gosta que se recolha \u00e0 pr\u00f3pria intoler\u00e2ncia religiosa. Ali\u00e1s, ela (a intoler\u00e2ncia) come\u00e7a a dar sinais \u00e0s 7h, quando, nas redes sociais, pululam gritos do tipo mariposas arrependidas.<\/p>\n<p>\u00c9 o coro comendo na internet. De um lado, os cat\u00f3licos reclamando que S\u00e3o Jorge n\u00e3o \u00e9 nem nunca foi Ogum. De outro, os evang\u00e9licos mais radicais gritavam das janelas que tudo isso \u00e9 coisa do diabo. Pior s\u00e3o as \u201cm\u00e3es\u201d e \u201cpais\u201d de Pets ensandecidos com o espocar dos fogos da alvorada. S\u00f3 os umbandistas giram de um lado para o outro como se nada estivesse acontecendo. Jorge \u00e9 o que importa. Foi preciso a interven\u00e7\u00e3o de Jorge Ben, primo irm\u00e3o do Ben Jor, para acalmar os \u00e2nimos: \u201cEstou vestido com as roupas e com as armas de Jorge\/Armas de fogo meu corpo n\u00e3o alcan\u00e7ar\u00e3o, espadas, facas e lan\u00e7as se quebram sem o meu corpo amarrar\/Salve Jorge, perseveran\u00e7a\/Ganhou do s\u00f3rdido, do fingimento e disso tudo nasceu o amor\u201d. O bicho come\u00e7a a pegar por volta das 9h.<\/p>\n<p>Feijoada na lenha, cachorros inconformados com os fogos, um monte de er\u00eas chorando por causa do pula pula e do escorregador e, no alto falante no volume m\u00e1ximo, o mestre de cerim\u00f4nia anuncia a chegada de uma caixa d\u2019\u00e1gua azul piscina abarrotada de Brahmas enviadas pela Antarctica, Schincariol e Itaipava. \u00c9 um estoque suficiente para meia festa. Certamente a turma precisar\u00e1 de refor\u00e7o da Malt 90. \u00c0s 13h mais um princ\u00edpio de confus\u00e3o. Novamente os evang\u00e9licos, pussessos (com u mesmo) com o barulho e com a fuma\u00e7a da lenha atingindo a roupa na corda, amea\u00e7am chamar a puli\u00e7a. N\u00e3o precisou porque Mestre Z\u00e9, o chefe da comunh\u00e3o jorgiana, era meganha, flamenguista e devoto, ao mesmo tempo, de S\u00e3o Jorge e de S\u00e3o Judas Tadeu. Tudo em casa. Feijuca pronta, \u00e0s 14h10, o trem descarrilou de vez. Separando o prato do santo, Mestre Z\u00e9 ordena que todos tirem o bon\u00e9 do Meng\u00e3o, os \u00f3culos escuros do Camel\u00f3dromo da Uruguaiana e ensaia o grito de guerra: Ogunh\u00ea\u00ea\u00ea\u00ea\u00ea\u00ea.<\/p>\n<p>Parecia coro do Maraca. Da ponta da porta da cozinha n\u00e3o d\u00e1 para vislumbrar o fim da fila indiana. Feijuca servida, surgem os primeiros acordes do pagode. Na mesa comandada por Zeca Pagodinho, Dudu Nobre e Xande de Pilares, tem gente de todo tipo. S\u00e3o bicheiros, policiais, bombeiros, milicianos, vereadores, deputados estaduais e federais, a turma do movimento fumac\u00ea e, claro, as mo\u00e7as bem aventuradas, as desventuradas e as acima de qualquer suspeita. Por dever de of\u00edcio, as infi\u00e9is foram barradas na portaria central. O sururu ficou feio pr\u00f3ximo das 19h. Todo mundo b\u00eabado, esqueceram dos fogos finais. Ruim de mira, sem querer Mestre Z\u00e9 soltou o \u00faltimo morteiro na dire\u00e7\u00e3o da casa da vizinha evang\u00e9lica preconceituosa, \u201cm\u00e3e\u201d de Pet e amiga de pastor miliciano. Novamente Jorge Ben teve de recorrer a Jorge de Capad\u00f3cia e ao s\u00edndico Tim Maia para evitar uma confus\u00e3o entre igrejas. A paz voltou a reinar somente \u00e0s 20h, ocasi\u00e3o em que Mestre Z\u00e9 bateu \u00e0 porta da tal vizinha com uma panela cheia de feijoada.<\/p>\n<p>Evang\u00e9lica de corte e costura, a mo\u00e7a voltou a criticar o santo, mas n\u00e3o deixou de salivar com o cheiro do feij\u00e3o. Afinal, quem abriria m\u00e3o que tamb\u00e9m \u00e9 aben\u00e7oada por todos os santos, inclusive por S\u00e3o Malafaia e S\u00e3o Edir. Nos agradecimentos a Ogum, pediram empregos para os maridos ociosos, for\u00e7a para Luiz In\u00e1cio, coragem para Xand\u00e3o, pris\u00e3o para Trump, puni\u00e7\u00e3o para o fuj\u00e3o, b\u00ean\u00e7\u00e3os para os filhos que, em breve, far\u00e3o a prova do Enem e vida longa para os moradores da Vila da Paz, os quais, finalmente unidos, j\u00e1 come\u00e7am a pensar nos festejos juninos. No fim do furdun\u00e7o, muitas juras, trocas de afagos e brindes com o que sobrou da Malt 90. Abra\u00e7ados, Pagodinho, Dudu Nobre e Xande de Pilares pediram para que Jorge da Capad\u00f3cia ajudasse Mestre Z\u00e9 a incorporar o esp\u00edrito de Jamel\u00e3o e, ali mesmo, solfejaram as primeiras notas do enredo da Unidos do Brasil. O tema \u00e9 simples e muito atual: Viva a democracia que o mito n\u00e3o conseguiu destruir.<\/p>\n","protected":false},"excerpt":{"rendered":"<p>Domingo (23) foi dia de Jorge. Hoje (25) \u00e9 dia do amor. Ent\u00e3o, brasileiros e brasileiras, espalhem o amor e a ternura, porque de dor, \u00f3dio e sofrimento o Brasil j\u00e1 est\u00e1 cheio. E como dizia Jorge Maravilha, os alquimistas j\u00e1 chegaram. Com eles, o Brasil voltou a sorrir. Salve simpatia est\u00e1 de novo na [&hellip;]<\/p>\n","protected":false},"author":2,"featured_media":303619,"comment_status":"closed","ping_status":"closed","sticky":false,"template":"","format":"standard","meta":{"_acf_changed":false,"footnotes":""},"categories":[161],"tags":[],"class_list":["post-303618","post","type-post","status-publish","format-standard","has-post-thumbnail","hentry","category-quadradinho-em-foco"],"acf":[],"yoast_head":"<!-- This site is optimized with the Yoast SEO plugin v27.2 - https:\/\/yoast.com\/product\/yoast-seo-wordpress\/ -->\n<title>Ainda \u00e9 hora de saudar Jorge, Guerreiro da feijuca - Notibras<\/title>\n<meta name=\"robots\" content=\"index, follow, max-snippet:-1, max-image-preview:large, max-video-preview:-1\" \/>\n<link rel=\"canonical\" href=\"https:\/\/www.notibras.com\/site\/ainda-e-hora-de-saudar-jorge-guerreiro-da-feijuca\/\" \/>\n<meta property=\"og:locale\" content=\"pt_BR\" \/>\n<meta property=\"og:type\" content=\"article\" \/>\n<meta property=\"og:title\" content=\"Ainda \u00e9 hora de saudar Jorge, Guerreiro da feijuca - Notibras\" \/>\n<meta property=\"og:description\" content=\"Domingo (23) foi dia de Jorge. Hoje (25) \u00e9 dia do amor. Ent\u00e3o, brasileiros e brasileiras, espalhem o amor e a ternura, porque de dor, \u00f3dio e sofrimento o Brasil j\u00e1 est\u00e1 cheio. E como dizia Jorge Maravilha, os alquimistas j\u00e1 chegaram. Com eles, o Brasil voltou a sorrir. Salve simpatia est\u00e1 de novo na [&hellip;]\" \/>\n<meta property=\"og:url\" content=\"https:\/\/www.notibras.com\/site\/ainda-e-hora-de-saudar-jorge-guerreiro-da-feijuca\/\" \/>\n<meta property=\"og:site_name\" content=\"Notibras\" \/>\n<meta property=\"article:publisher\" content=\"https:\/\/www.facebook.com\/notibras\/\" \/>\n<meta property=\"article:published_time\" content=\"2023-04-25T13:51:00+00:00\" \/>\n<meta property=\"article:modified_time\" content=\"2023-04-25T13:53:48+00:00\" \/>\n<meta property=\"og:image\" content=\"https:\/\/www.notibras.com\/site\/wp-content\/uploads\/2023\/04\/s.j.feju_.webp\" \/>\n\t<meta property=\"og:image:width\" content=\"1024\" \/>\n\t<meta property=\"og:image:height\" content=\"1024\" \/>\n\t<meta property=\"og:image:type\" content=\"image\/webp\" \/>\n<meta name=\"author\" content=\"Reda\u00e7\u00e3o\" \/>\n<meta name=\"twitter:card\" content=\"summary_large_image\" \/>\n<meta name=\"twitter:creator\" content=\"@Notibras\" \/>\n<meta name=\"twitter:site\" content=\"@Notibras\" \/>\n<meta name=\"twitter:label1\" content=\"Escrito por\" \/>\n\t<meta name=\"twitter:data1\" content=\"Reda\u00e7\u00e3o\" \/>\n\t<meta name=\"twitter:label2\" content=\"Est. tempo de leitura\" \/>\n\t<meta name=\"twitter:data2\" content=\"6 minutos\" \/>\n<script type=\"application\/ld+json\" class=\"yoast-schema-graph\">{\"@context\":\"https:\/\/schema.org\",\"@graph\":[{\"@type\":\"Article\",\"@id\":\"https:\/\/www.notibras.com\/site\/ainda-e-hora-de-saudar-jorge-guerreiro-da-feijuca\/#article\",\"isPartOf\":{\"@id\":\"https:\/\/www.notibras.com\/site\/ainda-e-hora-de-saudar-jorge-guerreiro-da-feijuca\/\"},\"author\":{\"name\":\"Reda\u00e7\u00e3o\",\"@id\":\"https:\/\/www.notibras.com\/site\/#\/schema\/person\/36ab0979449956132d3e5b517ea76ac8\"},\"headline\":\"Ainda \u00e9 hora de saudar Jorge, Guerreiro da feijuca\",\"datePublished\":\"2023-04-25T13:51:00+00:00\",\"dateModified\":\"2023-04-25T13:53:48+00:00\",\"mainEntityOfPage\":{\"@id\":\"https:\/\/www.notibras.com\/site\/ainda-e-hora-de-saudar-jorge-guerreiro-da-feijuca\/\"},\"wordCount\":1058,\"publisher\":{\"@id\":\"https:\/\/www.notibras.com\/site\/#organization\"},\"image\":{\"@id\":\"https:\/\/www.notibras.com\/site\/ainda-e-hora-de-saudar-jorge-guerreiro-da-feijuca\/#primaryimage\"},\"thumbnailUrl\":\"https:\/\/www.notibras.com\/site\/wp-content\/uploads\/2023\/04\/s.j.feju_.webp\",\"articleSection\":[\"Quadradinho em Foco\"],\"inLanguage\":\"pt-BR\"},{\"@type\":\"WebPage\",\"@id\":\"https:\/\/www.notibras.com\/site\/ainda-e-hora-de-saudar-jorge-guerreiro-da-feijuca\/\",\"url\":\"https:\/\/www.notibras.com\/site\/ainda-e-hora-de-saudar-jorge-guerreiro-da-feijuca\/\",\"name\":\"Ainda \u00e9 hora de saudar Jorge, Guerreiro da feijuca - Notibras\",\"isPartOf\":{\"@id\":\"https:\/\/www.notibras.com\/site\/#website\"},\"primaryImageOfPage\":{\"@id\":\"https:\/\/www.notibras.com\/site\/ainda-e-hora-de-saudar-jorge-guerreiro-da-feijuca\/#primaryimage\"},\"image\":{\"@id\":\"https:\/\/www.notibras.com\/site\/ainda-e-hora-de-saudar-jorge-guerreiro-da-feijuca\/#primaryimage\"},\"thumbnailUrl\":\"https:\/\/www.notibras.com\/site\/wp-content\/uploads\/2023\/04\/s.j.feju_.webp\",\"datePublished\":\"2023-04-25T13:51:00+00:00\",\"dateModified\":\"2023-04-25T13:53:48+00:00\",\"breadcrumb\":{\"@id\":\"https:\/\/www.notibras.com\/site\/ainda-e-hora-de-saudar-jorge-guerreiro-da-feijuca\/#breadcrumb\"},\"inLanguage\":\"pt-BR\",\"potentialAction\":[{\"@type\":\"ReadAction\",\"target\":[\"https:\/\/www.notibras.com\/site\/ainda-e-hora-de-saudar-jorge-guerreiro-da-feijuca\/\"]}]},{\"@type\":\"ImageObject\",\"inLanguage\":\"pt-BR\",\"@id\":\"https:\/\/www.notibras.com\/site\/ainda-e-hora-de-saudar-jorge-guerreiro-da-feijuca\/#primaryimage\",\"url\":\"https:\/\/www.notibras.com\/site\/wp-content\/uploads\/2023\/04\/s.j.feju_.webp\",\"contentUrl\":\"https:\/\/www.notibras.com\/site\/wp-content\/uploads\/2023\/04\/s.j.feju_.webp\",\"width\":1024,\"height\":1024},{\"@type\":\"BreadcrumbList\",\"@id\":\"https:\/\/www.notibras.com\/site\/ainda-e-hora-de-saudar-jorge-guerreiro-da-feijuca\/#breadcrumb\",\"itemListElement\":[{\"@type\":\"ListItem\",\"position\":1,\"name\":\"In\u00edcio\",\"item\":\"https:\/\/www.notibras.com\/site\/\"},{\"@type\":\"ListItem\",\"position\":2,\"name\":\"Ainda \u00e9 hora de saudar Jorge, Guerreiro da feijuca\"}]},{\"@type\":\"WebSite\",\"@id\":\"https:\/\/www.notibras.com\/site\/#website\",\"url\":\"https:\/\/www.notibras.com\/site\/\",\"name\":\"Notibras\",\"description\":\"Not\u00edcias de Bras\u00edlia, do Brasil e do Mundo\",\"publisher\":{\"@id\":\"https:\/\/www.notibras.com\/site\/#organization\"},\"potentialAction\":[{\"@type\":\"SearchAction\",\"target\":{\"@type\":\"EntryPoint\",\"urlTemplate\":\"https:\/\/www.notibras.com\/site\/?s={search_term_string}\"},\"query-input\":{\"@type\":\"PropertyValueSpecification\",\"valueRequired\":true,\"valueName\":\"search_term_string\"}}],\"inLanguage\":\"pt-BR\"},{\"@type\":\"Organization\",\"@id\":\"https:\/\/www.notibras.com\/site\/#organization\",\"name\":\"Grupo Notibras de Comunica\u00e7\u00e3o\",\"url\":\"https:\/\/www.notibras.com\/site\/\",\"logo\":{\"@type\":\"ImageObject\",\"inLanguage\":\"pt-BR\",\"@id\":\"https:\/\/www.notibras.com\/site\/#\/schema\/logo\/image\/\",\"url\":\"https:\/\/www.notibras.com\/site\/wp-content\/uploads\/2023\/01\/notibras23.png\",\"contentUrl\":\"https:\/\/www.notibras.com\/site\/wp-content\/uploads\/2023\/01\/notibras23.png\",\"width\":350,\"height\":87,\"caption\":\"Grupo Notibras de Comunica\u00e7\u00e3o\"},\"image\":{\"@id\":\"https:\/\/www.notibras.com\/site\/#\/schema\/logo\/image\/\"},\"sameAs\":[\"https:\/\/www.facebook.com\/notibras\/\",\"https:\/\/x.com\/Notibras\",\"https:\/\/www.instagram.com\/notibras\/\"]},{\"@type\":\"Person\",\"@id\":\"https:\/\/www.notibras.com\/site\/#\/schema\/person\/36ab0979449956132d3e5b517ea76ac8\",\"name\":\"Reda\u00e7\u00e3o\",\"image\":{\"@type\":\"ImageObject\",\"inLanguage\":\"pt-BR\",\"@id\":\"https:\/\/secure.gravatar.com\/avatar\/e0a867bdedb85fd243eadf09663511f96fc81e0720a4a42581f334ad4303aa6b?s=96&d=mm&r=g\",\"url\":\"https:\/\/secure.gravatar.com\/avatar\/e0a867bdedb85fd243eadf09663511f96fc81e0720a4a42581f334ad4303aa6b?s=96&d=mm&r=g\",\"contentUrl\":\"https:\/\/secure.gravatar.com\/avatar\/e0a867bdedb85fd243eadf09663511f96fc81e0720a4a42581f334ad4303aa6b?s=96&d=mm&r=g\",\"caption\":\"Reda\u00e7\u00e3o\"}}]}<\/script>\n<!-- \/ Yoast SEO plugin. -->","yoast_head_json":{"title":"Ainda \u00e9 hora de saudar Jorge, Guerreiro da feijuca - Notibras","robots":{"index":"index","follow":"follow","max-snippet":"max-snippet:-1","max-image-preview":"max-image-preview:large","max-video-preview":"max-video-preview:-1"},"canonical":"https:\/\/www.notibras.com\/site\/ainda-e-hora-de-saudar-jorge-guerreiro-da-feijuca\/","og_locale":"pt_BR","og_type":"article","og_title":"Ainda \u00e9 hora de saudar Jorge, Guerreiro da feijuca - Notibras","og_description":"Domingo (23) foi dia de Jorge. Hoje (25) \u00e9 dia do amor. Ent\u00e3o, brasileiros e brasileiras, espalhem o amor e a ternura, porque de dor, \u00f3dio e sofrimento o Brasil j\u00e1 est\u00e1 cheio. E como dizia Jorge Maravilha, os alquimistas j\u00e1 chegaram. Com eles, o Brasil voltou a sorrir. Salve simpatia est\u00e1 de novo na [&hellip;]","og_url":"https:\/\/www.notibras.com\/site\/ainda-e-hora-de-saudar-jorge-guerreiro-da-feijuca\/","og_site_name":"Notibras","article_publisher":"https:\/\/www.facebook.com\/notibras\/","article_published_time":"2023-04-25T13:51:00+00:00","article_modified_time":"2023-04-25T13:53:48+00:00","og_image":[{"width":1024,"height":1024,"url":"https:\/\/www.notibras.com\/site\/wp-content\/uploads\/2023\/04\/s.j.feju_.webp","type":"image\/webp"}],"author":"Reda\u00e7\u00e3o","twitter_card":"summary_large_image","twitter_creator":"@Notibras","twitter_site":"@Notibras","twitter_misc":{"Escrito por":"Reda\u00e7\u00e3o","Est. tempo de leitura":"6 minutos"},"schema":{"@context":"https:\/\/schema.org","@graph":[{"@type":"Article","@id":"https:\/\/www.notibras.com\/site\/ainda-e-hora-de-saudar-jorge-guerreiro-da-feijuca\/#article","isPartOf":{"@id":"https:\/\/www.notibras.com\/site\/ainda-e-hora-de-saudar-jorge-guerreiro-da-feijuca\/"},"author":{"name":"Reda\u00e7\u00e3o","@id":"https:\/\/www.notibras.com\/site\/#\/schema\/person\/36ab0979449956132d3e5b517ea76ac8"},"headline":"Ainda \u00e9 hora de saudar Jorge, Guerreiro da feijuca","datePublished":"2023-04-25T13:51:00+00:00","dateModified":"2023-04-25T13:53:48+00:00","mainEntityOfPage":{"@id":"https:\/\/www.notibras.com\/site\/ainda-e-hora-de-saudar-jorge-guerreiro-da-feijuca\/"},"wordCount":1058,"publisher":{"@id":"https:\/\/www.notibras.com\/site\/#organization"},"image":{"@id":"https:\/\/www.notibras.com\/site\/ainda-e-hora-de-saudar-jorge-guerreiro-da-feijuca\/#primaryimage"},"thumbnailUrl":"https:\/\/www.notibras.com\/site\/wp-content\/uploads\/2023\/04\/s.j.feju_.webp","articleSection":["Quadradinho em Foco"],"inLanguage":"pt-BR"},{"@type":"WebPage","@id":"https:\/\/www.notibras.com\/site\/ainda-e-hora-de-saudar-jorge-guerreiro-da-feijuca\/","url":"https:\/\/www.notibras.com\/site\/ainda-e-hora-de-saudar-jorge-guerreiro-da-feijuca\/","name":"Ainda \u00e9 hora de saudar Jorge, Guerreiro da feijuca - Notibras","isPartOf":{"@id":"https:\/\/www.notibras.com\/site\/#website"},"primaryImageOfPage":{"@id":"https:\/\/www.notibras.com\/site\/ainda-e-hora-de-saudar-jorge-guerreiro-da-feijuca\/#primaryimage"},"image":{"@id":"https:\/\/www.notibras.com\/site\/ainda-e-hora-de-saudar-jorge-guerreiro-da-feijuca\/#primaryimage"},"thumbnailUrl":"https:\/\/www.notibras.com\/site\/wp-content\/uploads\/2023\/04\/s.j.feju_.webp","datePublished":"2023-04-25T13:51:00+00:00","dateModified":"2023-04-25T13:53:48+00:00","breadcrumb":{"@id":"https:\/\/www.notibras.com\/site\/ainda-e-hora-de-saudar-jorge-guerreiro-da-feijuca\/#breadcrumb"},"inLanguage":"pt-BR","potentialAction":[{"@type":"ReadAction","target":["https:\/\/www.notibras.com\/site\/ainda-e-hora-de-saudar-jorge-guerreiro-da-feijuca\/"]}]},{"@type":"ImageObject","inLanguage":"pt-BR","@id":"https:\/\/www.notibras.com\/site\/ainda-e-hora-de-saudar-jorge-guerreiro-da-feijuca\/#primaryimage","url":"https:\/\/www.notibras.com\/site\/wp-content\/uploads\/2023\/04\/s.j.feju_.webp","contentUrl":"https:\/\/www.notibras.com\/site\/wp-content\/uploads\/2023\/04\/s.j.feju_.webp","width":1024,"height":1024},{"@type":"BreadcrumbList","@id":"https:\/\/www.notibras.com\/site\/ainda-e-hora-de-saudar-jorge-guerreiro-da-feijuca\/#breadcrumb","itemListElement":[{"@type":"ListItem","position":1,"name":"In\u00edcio","item":"https:\/\/www.notibras.com\/site\/"},{"@type":"ListItem","position":2,"name":"Ainda \u00e9 hora de saudar Jorge, Guerreiro da feijuca"}]},{"@type":"WebSite","@id":"https:\/\/www.notibras.com\/site\/#website","url":"https:\/\/www.notibras.com\/site\/","name":"Notibras","description":"Not\u00edcias de Bras\u00edlia, do Brasil e do Mundo","publisher":{"@id":"https:\/\/www.notibras.com\/site\/#organization"},"potentialAction":[{"@type":"SearchAction","target":{"@type":"EntryPoint","urlTemplate":"https:\/\/www.notibras.com\/site\/?s={search_term_string}"},"query-input":{"@type":"PropertyValueSpecification","valueRequired":true,"valueName":"search_term_string"}}],"inLanguage":"pt-BR"},{"@type":"Organization","@id":"https:\/\/www.notibras.com\/site\/#organization","name":"Grupo Notibras de Comunica\u00e7\u00e3o","url":"https:\/\/www.notibras.com\/site\/","logo":{"@type":"ImageObject","inLanguage":"pt-BR","@id":"https:\/\/www.notibras.com\/site\/#\/schema\/logo\/image\/","url":"https:\/\/www.notibras.com\/site\/wp-content\/uploads\/2023\/01\/notibras23.png","contentUrl":"https:\/\/www.notibras.com\/site\/wp-content\/uploads\/2023\/01\/notibras23.png","width":350,"height":87,"caption":"Grupo Notibras de Comunica\u00e7\u00e3o"},"image":{"@id":"https:\/\/www.notibras.com\/site\/#\/schema\/logo\/image\/"},"sameAs":["https:\/\/www.facebook.com\/notibras\/","https:\/\/x.com\/Notibras","https:\/\/www.instagram.com\/notibras\/"]},{"@type":"Person","@id":"https:\/\/www.notibras.com\/site\/#\/schema\/person\/36ab0979449956132d3e5b517ea76ac8","name":"Reda\u00e7\u00e3o","image":{"@type":"ImageObject","inLanguage":"pt-BR","@id":"https:\/\/secure.gravatar.com\/avatar\/e0a867bdedb85fd243eadf09663511f96fc81e0720a4a42581f334ad4303aa6b?s=96&d=mm&r=g","url":"https:\/\/secure.gravatar.com\/avatar\/e0a867bdedb85fd243eadf09663511f96fc81e0720a4a42581f334ad4303aa6b?s=96&d=mm&r=g","contentUrl":"https:\/\/secure.gravatar.com\/avatar\/e0a867bdedb85fd243eadf09663511f96fc81e0720a4a42581f334ad4303aa6b?s=96&d=mm&r=g","caption":"Reda\u00e7\u00e3o"}}]}},"amp_enabled":true,"_links":{"self":[{"href":"https:\/\/www.notibras.com\/site\/wp-json\/wp\/v2\/posts\/303618","targetHints":{"allow":["GET"]}}],"collection":[{"href":"https:\/\/www.notibras.com\/site\/wp-json\/wp\/v2\/posts"}],"about":[{"href":"https:\/\/www.notibras.com\/site\/wp-json\/wp\/v2\/types\/post"}],"author":[{"embeddable":true,"href":"https:\/\/www.notibras.com\/site\/wp-json\/wp\/v2\/users\/2"}],"replies":[{"embeddable":true,"href":"https:\/\/www.notibras.com\/site\/wp-json\/wp\/v2\/comments?post=303618"}],"version-history":[{"count":3,"href":"https:\/\/www.notibras.com\/site\/wp-json\/wp\/v2\/posts\/303618\/revisions"}],"predecessor-version":[{"id":303622,"href":"https:\/\/www.notibras.com\/site\/wp-json\/wp\/v2\/posts\/303618\/revisions\/303622"}],"wp:featuredmedia":[{"embeddable":true,"href":"https:\/\/www.notibras.com\/site\/wp-json\/wp\/v2\/media\/303619"}],"wp:attachment":[{"href":"https:\/\/www.notibras.com\/site\/wp-json\/wp\/v2\/media?parent=303618"}],"wp:term":[{"taxonomy":"category","embeddable":true,"href":"https:\/\/www.notibras.com\/site\/wp-json\/wp\/v2\/categories?post=303618"},{"taxonomy":"post_tag","embeddable":true,"href":"https:\/\/www.notibras.com\/site\/wp-json\/wp\/v2\/tags?post=303618"}],"curies":[{"name":"wp","href":"https:\/\/api.w.org\/{rel}","templated":true}]}}