{"id":303623,"date":"2023-04-25T10:04:19","date_gmt":"2023-04-25T13:04:19","guid":{"rendered":"https:\/\/www.notibras.com\/site\/?p=303623"},"modified":"2023-04-25T11:26:03","modified_gmt":"2023-04-25T14:26:03","slug":"historia-de-um-amor-que-era-para-ser-e-nao-foi","status":"publish","type":"post","link":"https:\/\/www.notibras.com\/site\/historia-de-um-amor-que-era-para-ser-e-nao-foi\/","title":{"rendered":"Hist\u00f3ria de um amor que era para ser e n\u00e3o foi"},"content":{"rendered":"<p>Mal percebi como se passou um quarto de s\u00e9culo desde aquelas deliciosas tardes. A ansiedade para chegar a hora em que me encontrava com ela superava qualquer outra ansiedade. E eu, um ansioso cr\u00f4nico at\u00e9 os dias de hoje, raramente tive o que fizesse meu cora\u00e7\u00e3o pulsar daquele jeito.<\/p>\n<p>Estava nos primeiros per\u00edodos da faculdade de Direito e fui aprovado para um concorrido est\u00e1gio num \u00f3rg\u00e3o p\u00fablico. A bolsa ganha no est\u00e1gio era diferenciada, oferecida por uma ag\u00eancia estatal, e superava em muito o sal\u00e1rio-m\u00ednimo da \u00e9poca. O lugar era dos sonhos&#8230;<\/p>\n<p>Pr\u00f3ximo de onde morou Manuel Bandeira, e onde haviam filmado o melanc\u00f3lico filme sobre seu cotidiano nos anos 50, enquanto sua lend\u00e1ria voz recitava \u201cVou-me embora para Pas\u00e1rgada\u201d, e o grande bardo comia uma torrada, tomava uma x\u00edcara de leite, vestia-se para sair&#8230; A dois passos da Academia Brasileira de Letras, e eu j\u00e1 pensava em quantos eventos interessantes eu poderia frequentar depois de me desobrigar das fun\u00e7\u00f5es burocr\u00e1ticas e encerrar o expediente. Na esquina havia um bar, o Villarino, no qual uma placa lembrava que a bossa-nova havia nascido ali. N\u00e3o poderia estar melhor localizado. Cercado por hist\u00f3ria e poesia de todos os lados.<\/p>\n<p>Pela primeira vez na vida sentia-me solto, independente, respons\u00e1vel por minhas atitudes. Era o menino que quase se fazia homem. Descobria a vida por atacado. E, nesse conjunto de eventos, ela apareceu e me deixou tonto com seus ombros, com seus cabelos curtos, com suas m\u00e3os, com suas roupas coloridas, com seu jeans rasgado, com uma flor tatuada que lhe subia pela nuca. Tinha dois ou tr\u00eas anos mais que eu, uns cinco cent\u00edmetros a mais de altura, e isso me pareceu um abismo.<\/p>\n<p>Eu, estagi\u00e1rio na \u00e1rea jur\u00eddica, andava de palet\u00f3 e gravata todo dia. Ela n\u00e3o: vestia-se conforme gostava, ousada, provocativa e sempre elegante no seu estilo. Era estagi\u00e1ria da assessoria de imprensa. Ficava imaginando se, um dia, o advogado e a jornalista combinariam, se seriam um par, se levariam a vida juntos&#8230;<\/p>\n<p>Fui impactado pela vis\u00e3o de Mar\u00edlia desde a primeira vez que a vi, desses impactos que a vida vai tirando da gente aos poucos. Nos encontr\u00e1vamos sempre na lanchonete do \u00f3rg\u00e3o em que cumpr\u00edamos nossas fun\u00e7\u00f5es, pelas 4 da tarde, quando havia um intervalo. Por vezes, o trabalho dela se encerrava mais cedo, de outras indo at\u00e9 mais tarde. O meu invariavelmente se findava pelas 7 horas. Mas a passada quase di\u00e1ria pela lanchonete do \u00faltimo andar era certa. E l\u00e1 nos encontr\u00e1vamos. Nem lembro direito como nos aproximamos, acho que foi uma coisa de grupo \u2013 o pessoal do Direito com o pessoal da imprensa, e logo nos misturamos e fomos conversando at\u00e9 que, auxiliado por um amigo que nunca mais voltei a ver depois daqueles tempos, puxei assunto com Mar\u00edlia.<\/p>\n<p>Era algo vago. Literatura, acontecimentos do dia a dia, m\u00fasica. Descobri que ela gostava de Adriana Calcanhoto e Luiz Melodia. E eu, que recentemente havia descoberto os versos \u201cah, se eu fosse marinheiro&#8230;\u201d queria fazer um porto seguro nos afetos de Mar\u00edlia. Navegar e voltar todo dia para seus bra\u00e7os morenos, para seu pesco\u00e7o comprido, para suas m\u00e3os \u00e1geis. Na sequ\u00eancia dos dias e conversas, logo fomos parar na poesia. E descobri que Mar\u00edlia era apaixonada por Augusto dos Anjos. Achava os poemas do \u201cEu\u201d viscerais e transcendentes. E ficava impressionada como permaneciam ap\u00f3s tantos anos da remota vida de seu autor. Tamb\u00e9m apreciava Drummond e Cec\u00edlia, todos tamb\u00e9m na lista dos meus prediletos, mas sem nunca superarem Neruda, Schmidt e Vinicius.<\/p>\n<p>Naquele tempo j\u00e1 ensaiava meus primeiros versos s\u00e9rios, sempre objetivando conferir alguma for\u00e7a na imagem que criam, algo que norteia minha escrita at\u00e9 os dias de hoje. Mostrei-lhe alguns e ela os levou para ler. Ia dar uma opini\u00e3o sincera, prometeu-me. Esperei dias, fingindo que esquecera, para n\u00e3o precisar cobrar o resultado. At\u00e9 que veio, em forma de rasgados elogios. Achou um dos poemas parecido com Drummond, um que carrega o verso \u201clembro de tudo, volto pra casa e morro.\u201d N\u00e3o acreditei naquela \u00e9poca, e n\u00e3o acredito at\u00e9 hoje, mas fiquei todo orgulhoso da compara\u00e7\u00e3o feita por Mar\u00edlia. E eu seguia irremediavelmente perdido em seus olhos, em seu sorriso, na forma como ela via as coisas, com leveza e um sabor diferente. Sem saber, Mar\u00edlia era a minha primeira namorada. Na verdade, ela nunca soube.<\/p>\n<p>N\u00e3o tive coragem de me declarar para Mar\u00edlia. Achei-me t\u00e3o distante dela, diferente de mim e, ao mesmo tempo, estranhamente igual. O meu formato de menino gordo, dentro do meu palet\u00f3 e gravata, mais baixo que a mulher amada, deixavam-me acanhado e triste. E ela, com todo aquele sorriso, com todos aqueles bra\u00e7os, com aquela nuca e seu perfume&#8230; Era absolutamente inating\u00edvel. Aquele tempo n\u00e3o era como hoje, em que o celular e as redes sociais encurtam dist\u00e2ncias e ditam a frequ\u00eancia dos contatos. Assim, via Mar\u00edlia no trabalho, naqueles momentos de intervalo do expediente, e jamais tive a aud\u00e1cia de convid\u00e1-la ao Villarino.<\/p>\n<p>Passaram-se os meses, o contrato de est\u00e1gio expirou e nunca mais vi Mar\u00edlia. N\u00e3o pude sequer guardar-lhe o sobrenome.<\/p>\n<p>Umas semanas atr\u00e1s eu nem me lembrava mais desta hist\u00f3ria quando, numa ida ao f\u00f3rum central do Rio de Janeiro, encontrei-me com o antigo coordenador dos estagi\u00e1rios, hoje um colega nas lides jur\u00eddicas. Lembr\u00e1vamos juntos aqueles tempos t\u00e3o leves, t\u00e3o doces, com uma gostosa saudade. Foi a\u00ed que ele comentou: na vis\u00e3o dos outros, Mar\u00edlia e eu n\u00e3o nos desgrud\u00e1vamos nas tardes passadas na lanchonete, e parec\u00edamos um casal. Confessei-lhe meu interesse por ela naquela \u00e9poca, mas a total falta de coragem de expor meus sentimentos.<\/p>\n<p>Foi quando ele me contou que, num daqueles dias, ela revelou a ele estar muito angustiada porque estava apaixonada por mim, no entanto n\u00e3o sabia como se declarar porque eu era \u201co garoto todo certinho\u201d, do Direito, poeta e, apesar de sempre atencioso e educado, era muito fechado em mim mesmo. Ela nunca achava uma brecha.<\/p>\n","protected":false},"excerpt":{"rendered":"<p>Mal percebi como se passou um quarto de s\u00e9culo desde aquelas deliciosas tardes. A ansiedade para chegar a hora em que me encontrava com ela superava qualquer outra ansiedade. E eu, um ansioso cr\u00f4nico at\u00e9 os dias de hoje, raramente tive o que fizesse meu cora\u00e7\u00e3o pulsar daquele jeito. Estava nos primeiros per\u00edodos da faculdade [&hellip;]<\/p>\n","protected":false},"author":2,"featured_media":303624,"comment_status":"closed","ping_status":"closed","sticky":false,"template":"","format":"standard","meta":{"_acf_changed":false,"footnotes":""},"categories":[161],"tags":[],"class_list":["post-303623","post","type-post","status-publish","format-standard","has-post-thumbnail","hentry","category-quadradinho-em-foco"],"acf":[],"yoast_head":"<!-- This site is optimized with the Yoast SEO plugin v27.2 - https:\/\/yoast.com\/product\/yoast-seo-wordpress\/ -->\n<title>Hist\u00f3ria de um amor que era para ser e n\u00e3o foi - Notibras<\/title>\n<meta name=\"robots\" content=\"index, follow, max-snippet:-1, max-image-preview:large, max-video-preview:-1\" \/>\n<link rel=\"canonical\" href=\"https:\/\/www.notibras.com\/site\/historia-de-um-amor-que-era-para-ser-e-nao-foi\/\" \/>\n<meta property=\"og:locale\" content=\"pt_BR\" \/>\n<meta property=\"og:type\" content=\"article\" \/>\n<meta property=\"og:title\" content=\"Hist\u00f3ria de um amor que era para ser e n\u00e3o foi - Notibras\" \/>\n<meta property=\"og:description\" content=\"Mal percebi como se passou um quarto de s\u00e9culo desde aquelas deliciosas tardes. A ansiedade para chegar a hora em que me encontrava com ela superava qualquer outra ansiedade. E eu, um ansioso cr\u00f4nico at\u00e9 os dias de hoje, raramente tive o que fizesse meu cora\u00e7\u00e3o pulsar daquele jeito. Estava nos primeiros per\u00edodos da faculdade [&hellip;]\" \/>\n<meta property=\"og:url\" content=\"https:\/\/www.notibras.com\/site\/historia-de-um-amor-que-era-para-ser-e-nao-foi\/\" \/>\n<meta property=\"og:site_name\" content=\"Notibras\" \/>\n<meta property=\"article:publisher\" content=\"https:\/\/www.facebook.com\/notibras\/\" \/>\n<meta property=\"article:published_time\" content=\"2023-04-25T13:04:19+00:00\" \/>\n<meta property=\"article:modified_time\" content=\"2023-04-25T14:26:03+00:00\" \/>\n<meta property=\"og:image\" content=\"https:\/\/www.notibras.com\/site\/wp-content\/uploads\/2023\/04\/drinque.webp\" \/>\n\t<meta property=\"og:image:width\" content=\"600\" \/>\n\t<meta property=\"og:image:height\" content=\"400\" \/>\n\t<meta property=\"og:image:type\" content=\"image\/webp\" \/>\n<meta name=\"author\" content=\"Reda\u00e7\u00e3o\" \/>\n<meta name=\"twitter:card\" content=\"summary_large_image\" \/>\n<meta name=\"twitter:creator\" content=\"@Notibras\" \/>\n<meta name=\"twitter:site\" content=\"@Notibras\" \/>\n<meta name=\"twitter:label1\" content=\"Escrito por\" \/>\n\t<meta name=\"twitter:data1\" content=\"Reda\u00e7\u00e3o\" \/>\n\t<meta name=\"twitter:label2\" content=\"Est. tempo de leitura\" \/>\n\t<meta name=\"twitter:data2\" content=\"6 minutos\" \/>\n<script type=\"application\/ld+json\" class=\"yoast-schema-graph\">{\"@context\":\"https:\/\/schema.org\",\"@graph\":[{\"@type\":\"Article\",\"@id\":\"https:\/\/www.notibras.com\/site\/historia-de-um-amor-que-era-para-ser-e-nao-foi\/#article\",\"isPartOf\":{\"@id\":\"https:\/\/www.notibras.com\/site\/historia-de-um-amor-que-era-para-ser-e-nao-foi\/\"},\"author\":{\"name\":\"Reda\u00e7\u00e3o\",\"@id\":\"https:\/\/www.notibras.com\/site\/#\/schema\/person\/36ab0979449956132d3e5b517ea76ac8\"},\"headline\":\"Hist\u00f3ria de um amor que era para ser e n\u00e3o foi\",\"datePublished\":\"2023-04-25T13:04:19+00:00\",\"dateModified\":\"2023-04-25T14:26:03+00:00\",\"mainEntityOfPage\":{\"@id\":\"https:\/\/www.notibras.com\/site\/historia-de-um-amor-que-era-para-ser-e-nao-foi\/\"},\"wordCount\":1080,\"publisher\":{\"@id\":\"https:\/\/www.notibras.com\/site\/#organization\"},\"image\":{\"@id\":\"https:\/\/www.notibras.com\/site\/historia-de-um-amor-que-era-para-ser-e-nao-foi\/#primaryimage\"},\"thumbnailUrl\":\"https:\/\/www.notibras.com\/site\/wp-content\/uploads\/2023\/04\/drinque.webp\",\"articleSection\":[\"Quadradinho em Foco\"],\"inLanguage\":\"pt-BR\"},{\"@type\":\"WebPage\",\"@id\":\"https:\/\/www.notibras.com\/site\/historia-de-um-amor-que-era-para-ser-e-nao-foi\/\",\"url\":\"https:\/\/www.notibras.com\/site\/historia-de-um-amor-que-era-para-ser-e-nao-foi\/\",\"name\":\"Hist\u00f3ria de um amor que era para ser e n\u00e3o foi - Notibras\",\"isPartOf\":{\"@id\":\"https:\/\/www.notibras.com\/site\/#website\"},\"primaryImageOfPage\":{\"@id\":\"https:\/\/www.notibras.com\/site\/historia-de-um-amor-que-era-para-ser-e-nao-foi\/#primaryimage\"},\"image\":{\"@id\":\"https:\/\/www.notibras.com\/site\/historia-de-um-amor-que-era-para-ser-e-nao-foi\/#primaryimage\"},\"thumbnailUrl\":\"https:\/\/www.notibras.com\/site\/wp-content\/uploads\/2023\/04\/drinque.webp\",\"datePublished\":\"2023-04-25T13:04:19+00:00\",\"dateModified\":\"2023-04-25T14:26:03+00:00\",\"breadcrumb\":{\"@id\":\"https:\/\/www.notibras.com\/site\/historia-de-um-amor-que-era-para-ser-e-nao-foi\/#breadcrumb\"},\"inLanguage\":\"pt-BR\",\"potentialAction\":[{\"@type\":\"ReadAction\",\"target\":[\"https:\/\/www.notibras.com\/site\/historia-de-um-amor-que-era-para-ser-e-nao-foi\/\"]}]},{\"@type\":\"ImageObject\",\"inLanguage\":\"pt-BR\",\"@id\":\"https:\/\/www.notibras.com\/site\/historia-de-um-amor-que-era-para-ser-e-nao-foi\/#primaryimage\",\"url\":\"https:\/\/www.notibras.com\/site\/wp-content\/uploads\/2023\/04\/drinque.webp\",\"contentUrl\":\"https:\/\/www.notibras.com\/site\/wp-content\/uploads\/2023\/04\/drinque.webp\",\"width\":600,\"height\":400},{\"@type\":\"BreadcrumbList\",\"@id\":\"https:\/\/www.notibras.com\/site\/historia-de-um-amor-que-era-para-ser-e-nao-foi\/#breadcrumb\",\"itemListElement\":[{\"@type\":\"ListItem\",\"position\":1,\"name\":\"In\u00edcio\",\"item\":\"https:\/\/www.notibras.com\/site\/\"},{\"@type\":\"ListItem\",\"position\":2,\"name\":\"Hist\u00f3ria de um amor que era para ser e n\u00e3o foi\"}]},{\"@type\":\"WebSite\",\"@id\":\"https:\/\/www.notibras.com\/site\/#website\",\"url\":\"https:\/\/www.notibras.com\/site\/\",\"name\":\"Notibras\",\"description\":\"Not\u00edcias de Bras\u00edlia, do Brasil e do Mundo\",\"publisher\":{\"@id\":\"https:\/\/www.notibras.com\/site\/#organization\"},\"potentialAction\":[{\"@type\":\"SearchAction\",\"target\":{\"@type\":\"EntryPoint\",\"urlTemplate\":\"https:\/\/www.notibras.com\/site\/?s={search_term_string}\"},\"query-input\":{\"@type\":\"PropertyValueSpecification\",\"valueRequired\":true,\"valueName\":\"search_term_string\"}}],\"inLanguage\":\"pt-BR\"},{\"@type\":\"Organization\",\"@id\":\"https:\/\/www.notibras.com\/site\/#organization\",\"name\":\"Grupo Notibras de Comunica\u00e7\u00e3o\",\"url\":\"https:\/\/www.notibras.com\/site\/\",\"logo\":{\"@type\":\"ImageObject\",\"inLanguage\":\"pt-BR\",\"@id\":\"https:\/\/www.notibras.com\/site\/#\/schema\/logo\/image\/\",\"url\":\"https:\/\/www.notibras.com\/site\/wp-content\/uploads\/2023\/01\/notibras23.png\",\"contentUrl\":\"https:\/\/www.notibras.com\/site\/wp-content\/uploads\/2023\/01\/notibras23.png\",\"width\":350,\"height\":87,\"caption\":\"Grupo Notibras de Comunica\u00e7\u00e3o\"},\"image\":{\"@id\":\"https:\/\/www.notibras.com\/site\/#\/schema\/logo\/image\/\"},\"sameAs\":[\"https:\/\/www.facebook.com\/notibras\/\",\"https:\/\/x.com\/Notibras\",\"https:\/\/www.instagram.com\/notibras\/\"]},{\"@type\":\"Person\",\"@id\":\"https:\/\/www.notibras.com\/site\/#\/schema\/person\/36ab0979449956132d3e5b517ea76ac8\",\"name\":\"Reda\u00e7\u00e3o\",\"image\":{\"@type\":\"ImageObject\",\"inLanguage\":\"pt-BR\",\"@id\":\"https:\/\/secure.gravatar.com\/avatar\/e0a867bdedb85fd243eadf09663511f96fc81e0720a4a42581f334ad4303aa6b?s=96&d=mm&r=g\",\"url\":\"https:\/\/secure.gravatar.com\/avatar\/e0a867bdedb85fd243eadf09663511f96fc81e0720a4a42581f334ad4303aa6b?s=96&d=mm&r=g\",\"contentUrl\":\"https:\/\/secure.gravatar.com\/avatar\/e0a867bdedb85fd243eadf09663511f96fc81e0720a4a42581f334ad4303aa6b?s=96&d=mm&r=g\",\"caption\":\"Reda\u00e7\u00e3o\"}}]}<\/script>\n<!-- \/ Yoast SEO plugin. -->","yoast_head_json":{"title":"Hist\u00f3ria de um amor que era para ser e n\u00e3o foi - Notibras","robots":{"index":"index","follow":"follow","max-snippet":"max-snippet:-1","max-image-preview":"max-image-preview:large","max-video-preview":"max-video-preview:-1"},"canonical":"https:\/\/www.notibras.com\/site\/historia-de-um-amor-que-era-para-ser-e-nao-foi\/","og_locale":"pt_BR","og_type":"article","og_title":"Hist\u00f3ria de um amor que era para ser e n\u00e3o foi - Notibras","og_description":"Mal percebi como se passou um quarto de s\u00e9culo desde aquelas deliciosas tardes. A ansiedade para chegar a hora em que me encontrava com ela superava qualquer outra ansiedade. E eu, um ansioso cr\u00f4nico at\u00e9 os dias de hoje, raramente tive o que fizesse meu cora\u00e7\u00e3o pulsar daquele jeito. Estava nos primeiros per\u00edodos da faculdade [&hellip;]","og_url":"https:\/\/www.notibras.com\/site\/historia-de-um-amor-que-era-para-ser-e-nao-foi\/","og_site_name":"Notibras","article_publisher":"https:\/\/www.facebook.com\/notibras\/","article_published_time":"2023-04-25T13:04:19+00:00","article_modified_time":"2023-04-25T14:26:03+00:00","og_image":[{"width":600,"height":400,"url":"https:\/\/www.notibras.com\/site\/wp-content\/uploads\/2023\/04\/drinque.webp","type":"image\/webp"}],"author":"Reda\u00e7\u00e3o","twitter_card":"summary_large_image","twitter_creator":"@Notibras","twitter_site":"@Notibras","twitter_misc":{"Escrito por":"Reda\u00e7\u00e3o","Est. tempo de leitura":"6 minutos"},"schema":{"@context":"https:\/\/schema.org","@graph":[{"@type":"Article","@id":"https:\/\/www.notibras.com\/site\/historia-de-um-amor-que-era-para-ser-e-nao-foi\/#article","isPartOf":{"@id":"https:\/\/www.notibras.com\/site\/historia-de-um-amor-que-era-para-ser-e-nao-foi\/"},"author":{"name":"Reda\u00e7\u00e3o","@id":"https:\/\/www.notibras.com\/site\/#\/schema\/person\/36ab0979449956132d3e5b517ea76ac8"},"headline":"Hist\u00f3ria de um amor que era para ser e n\u00e3o foi","datePublished":"2023-04-25T13:04:19+00:00","dateModified":"2023-04-25T14:26:03+00:00","mainEntityOfPage":{"@id":"https:\/\/www.notibras.com\/site\/historia-de-um-amor-que-era-para-ser-e-nao-foi\/"},"wordCount":1080,"publisher":{"@id":"https:\/\/www.notibras.com\/site\/#organization"},"image":{"@id":"https:\/\/www.notibras.com\/site\/historia-de-um-amor-que-era-para-ser-e-nao-foi\/#primaryimage"},"thumbnailUrl":"https:\/\/www.notibras.com\/site\/wp-content\/uploads\/2023\/04\/drinque.webp","articleSection":["Quadradinho em Foco"],"inLanguage":"pt-BR"},{"@type":"WebPage","@id":"https:\/\/www.notibras.com\/site\/historia-de-um-amor-que-era-para-ser-e-nao-foi\/","url":"https:\/\/www.notibras.com\/site\/historia-de-um-amor-que-era-para-ser-e-nao-foi\/","name":"Hist\u00f3ria de um amor que era para ser e n\u00e3o foi - Notibras","isPartOf":{"@id":"https:\/\/www.notibras.com\/site\/#website"},"primaryImageOfPage":{"@id":"https:\/\/www.notibras.com\/site\/historia-de-um-amor-que-era-para-ser-e-nao-foi\/#primaryimage"},"image":{"@id":"https:\/\/www.notibras.com\/site\/historia-de-um-amor-que-era-para-ser-e-nao-foi\/#primaryimage"},"thumbnailUrl":"https:\/\/www.notibras.com\/site\/wp-content\/uploads\/2023\/04\/drinque.webp","datePublished":"2023-04-25T13:04:19+00:00","dateModified":"2023-04-25T14:26:03+00:00","breadcrumb":{"@id":"https:\/\/www.notibras.com\/site\/historia-de-um-amor-que-era-para-ser-e-nao-foi\/#breadcrumb"},"inLanguage":"pt-BR","potentialAction":[{"@type":"ReadAction","target":["https:\/\/www.notibras.com\/site\/historia-de-um-amor-que-era-para-ser-e-nao-foi\/"]}]},{"@type":"ImageObject","inLanguage":"pt-BR","@id":"https:\/\/www.notibras.com\/site\/historia-de-um-amor-que-era-para-ser-e-nao-foi\/#primaryimage","url":"https:\/\/www.notibras.com\/site\/wp-content\/uploads\/2023\/04\/drinque.webp","contentUrl":"https:\/\/www.notibras.com\/site\/wp-content\/uploads\/2023\/04\/drinque.webp","width":600,"height":400},{"@type":"BreadcrumbList","@id":"https:\/\/www.notibras.com\/site\/historia-de-um-amor-que-era-para-ser-e-nao-foi\/#breadcrumb","itemListElement":[{"@type":"ListItem","position":1,"name":"In\u00edcio","item":"https:\/\/www.notibras.com\/site\/"},{"@type":"ListItem","position":2,"name":"Hist\u00f3ria de um amor que era para ser e n\u00e3o foi"}]},{"@type":"WebSite","@id":"https:\/\/www.notibras.com\/site\/#website","url":"https:\/\/www.notibras.com\/site\/","name":"Notibras","description":"Not\u00edcias de Bras\u00edlia, do Brasil e do Mundo","publisher":{"@id":"https:\/\/www.notibras.com\/site\/#organization"},"potentialAction":[{"@type":"SearchAction","target":{"@type":"EntryPoint","urlTemplate":"https:\/\/www.notibras.com\/site\/?s={search_term_string}"},"query-input":{"@type":"PropertyValueSpecification","valueRequired":true,"valueName":"search_term_string"}}],"inLanguage":"pt-BR"},{"@type":"Organization","@id":"https:\/\/www.notibras.com\/site\/#organization","name":"Grupo Notibras de Comunica\u00e7\u00e3o","url":"https:\/\/www.notibras.com\/site\/","logo":{"@type":"ImageObject","inLanguage":"pt-BR","@id":"https:\/\/www.notibras.com\/site\/#\/schema\/logo\/image\/","url":"https:\/\/www.notibras.com\/site\/wp-content\/uploads\/2023\/01\/notibras23.png","contentUrl":"https:\/\/www.notibras.com\/site\/wp-content\/uploads\/2023\/01\/notibras23.png","width":350,"height":87,"caption":"Grupo Notibras de Comunica\u00e7\u00e3o"},"image":{"@id":"https:\/\/www.notibras.com\/site\/#\/schema\/logo\/image\/"},"sameAs":["https:\/\/www.facebook.com\/notibras\/","https:\/\/x.com\/Notibras","https:\/\/www.instagram.com\/notibras\/"]},{"@type":"Person","@id":"https:\/\/www.notibras.com\/site\/#\/schema\/person\/36ab0979449956132d3e5b517ea76ac8","name":"Reda\u00e7\u00e3o","image":{"@type":"ImageObject","inLanguage":"pt-BR","@id":"https:\/\/secure.gravatar.com\/avatar\/e0a867bdedb85fd243eadf09663511f96fc81e0720a4a42581f334ad4303aa6b?s=96&d=mm&r=g","url":"https:\/\/secure.gravatar.com\/avatar\/e0a867bdedb85fd243eadf09663511f96fc81e0720a4a42581f334ad4303aa6b?s=96&d=mm&r=g","contentUrl":"https:\/\/secure.gravatar.com\/avatar\/e0a867bdedb85fd243eadf09663511f96fc81e0720a4a42581f334ad4303aa6b?s=96&d=mm&r=g","caption":"Reda\u00e7\u00e3o"}}]}},"amp_enabled":true,"_links":{"self":[{"href":"https:\/\/www.notibras.com\/site\/wp-json\/wp\/v2\/posts\/303623","targetHints":{"allow":["GET"]}}],"collection":[{"href":"https:\/\/www.notibras.com\/site\/wp-json\/wp\/v2\/posts"}],"about":[{"href":"https:\/\/www.notibras.com\/site\/wp-json\/wp\/v2\/types\/post"}],"author":[{"embeddable":true,"href":"https:\/\/www.notibras.com\/site\/wp-json\/wp\/v2\/users\/2"}],"replies":[{"embeddable":true,"href":"https:\/\/www.notibras.com\/site\/wp-json\/wp\/v2\/comments?post=303623"}],"version-history":[{"count":1,"href":"https:\/\/www.notibras.com\/site\/wp-json\/wp\/v2\/posts\/303623\/revisions"}],"predecessor-version":[{"id":303625,"href":"https:\/\/www.notibras.com\/site\/wp-json\/wp\/v2\/posts\/303623\/revisions\/303625"}],"wp:featuredmedia":[{"embeddable":true,"href":"https:\/\/www.notibras.com\/site\/wp-json\/wp\/v2\/media\/303624"}],"wp:attachment":[{"href":"https:\/\/www.notibras.com\/site\/wp-json\/wp\/v2\/media?parent=303623"}],"wp:term":[{"taxonomy":"category","embeddable":true,"href":"https:\/\/www.notibras.com\/site\/wp-json\/wp\/v2\/categories?post=303623"},{"taxonomy":"post_tag","embeddable":true,"href":"https:\/\/www.notibras.com\/site\/wp-json\/wp\/v2\/tags?post=303623"}],"curies":[{"name":"wp","href":"https:\/\/api.w.org\/{rel}","templated":true}]}}