{"id":303681,"date":"2023-04-26T00:24:05","date_gmt":"2023-04-26T03:24:05","guid":{"rendered":"https:\/\/www.notibras.com\/site\/?p=303681"},"modified":"2023-04-26T09:25:54","modified_gmt":"2023-04-26T12:25:54","slug":"pobreza-e-violencia-pioram-saude-mental-de-jovens","status":"publish","type":"post","link":"https:\/\/www.notibras.com\/site\/pobreza-e-violencia-pioram-saude-mental-de-jovens\/","title":{"rendered":"Pobreza e viol\u00eancia pioram sa\u00fade mental de jovens"},"content":{"rendered":"<p>Os principais problemas de sa\u00fade mental de jovens t\u00eam origem na pobreza, na viol\u00eancia e preconceitos de g\u00eanero, revela estudo que ouviu adolescentes no Brasil, na \u00cdndia e no Qu\u00eania. A pesquisa foi feita pela organiza\u00e7\u00e3o n\u00e3o governamental (ONG) Plan International, que defende os direitos das crian\u00e7as e a igualdade para as meninas.<\/p>\n<p>O estudo destacou alguns dos motivos das preocupa\u00e7\u00f5es com a sa\u00fade mental de adolescentes e poss\u00edveis solu\u00e7\u00f5es, al\u00e9m da rela\u00e7\u00e3o entre sa\u00fade mental e doen\u00e7as cr\u00f4nicas n\u00e3o transmiss\u00edveis (DCNTs).<\/p>\n<p>\u201cO dado mais relevante da pesquisa \u00e9 que os fatores externos que afetam a sa\u00fade mental e o bem-estar de jovens est\u00e3o significativamente relacionados ao g\u00eanero&#8221;, diz a coordenadora do Programa Adolescente Saud\u00e1vel na Plan International Brasil, Ang\u00e9lica Duarte.<\/p>\n<p>&#8220;Jovens de ambos os sexos ouvidos pela pesquisa afirmam que meninas s\u00e3o particularmente afetadas pelo baixo status na sociedade, pela falta de autonomia e pelo risco de sofrer viol\u00eancia baseada em g\u00eanero. A press\u00e3o e as expectativas relacionadas aos meninos tamb\u00e9m s\u00e3o fontes de sofrimento quando eles n\u00e3o correspondem ao padr\u00e3o esperado da sociedade\u201d, completou.<\/p>\n<p>O Estudo sobre Sa\u00fade Mental e Bem-estar de Adolescentes ouviu 67 adolescentes em grupos focais, sendo 19 no Brasil, 25 na \u00cdndia e 23 no Qu\u00eania. Entre os jovens de 10 a 19 anos, 15 foram selecionados para fazer entrevistas em profundidade. A pesquisa \u00e9 parte do Programa Adolescente Saud\u00e1vel, uma iniciativa de investimento comunit\u00e1rio global da AstraZeneca desenvolvida em parceria com a Plan International.<\/p>\n<p>Jovens que responderam \u00e0 pesquisa disseram que os principais fatores que levam ao sofrimento emocional s\u00e3o externos, causados pelo ambiente em que vivem. Entre os causadores de estresse est\u00e3o a pobreza, a viol\u00eancia f\u00edsica e\/ou sexual e preconceitos de g\u00eanero, que impedem as meninas de alcan\u00e7ar suas aspira\u00e7\u00f5es, e os meninos, de expressar emo\u00e7\u00f5es ou buscar apoio.<\/p>\n<p>Entre as meninas, as restri\u00e7\u00f5es enfrentadas pela falta dificuldade de gerenciar o per\u00edodo menstrual, sobretudo pela falta de acesso a produtos para esse ciclo, tamb\u00e9m contribuem para que elas se sintam isoladas e deprimidas.<\/p>\n<p>\u201cCom os meninos, h\u00e1 uma demanda para serem \u2018machos\u2019. Desde que s\u00e3o crian\u00e7as, h\u00e1 essa exig\u00eancia. Apesar de eu ainda ser crian\u00e7a e ser normal ter a voz fina, as pessoas diziam: \u2018engrosse essa voz, fale como um homem! Seja homem\u2019. Eles estimulam os meninos assim. Os meninos n\u00e3o podem chorar ou expressar emo\u00e7\u00f5es. E isso afeta sua vida adulta. Eu vi pesquisas que dizem que uma grande porcentagem de homens t\u00eam dificuldade para expressar suas emo\u00e7\u00f5es\u201d, diz um dos brasileiros ouvidos na pesquisa.<\/p>\n<p>Segundo Ang\u00e9lica Duarte, apesar das diferen\u00e7as entre os pa\u00edses, todos os entrevistados disseram que quest\u00f5es externas como pobreza e viol\u00eancia baseada em g\u00eanero t\u00eam forte impacto na sa\u00fade mental e no bem-estar dos jovens. \u201cAinda que as viol\u00eancias e desigualdades se manifestem de maneiras diferentes em cada pa\u00eds e cultura, estes s\u00e3o fatores externos que desempenham papel significativo na sa\u00fade mental dos jovens.\u201d<\/p>\n","protected":false},"excerpt":{"rendered":"<p>Os principais problemas de sa\u00fade mental de jovens t\u00eam origem na pobreza, na viol\u00eancia e preconceitos de g\u00eanero, revela estudo que ouviu adolescentes no Brasil, na \u00cdndia e no Qu\u00eania. A pesquisa foi feita pela organiza\u00e7\u00e3o n\u00e3o governamental (ONG) Plan International, que defende os direitos das crian\u00e7as e a igualdade para as meninas. O estudo [&hellip;]<\/p>\n","protected":false},"author":2,"featured_media":303682,"comment_status":"closed","ping_status":"closed","sticky":false,"template":"","format":"standard","meta":{"_acf_changed":false,"footnotes":""},"categories":[161],"tags":[],"class_list":["post-303681","post","type-post","status-publish","format-standard","has-post-thumbnail","hentry","category-quadradinho-em-foco"],"acf":[],"yoast_head":"<!-- This site is optimized with the Yoast SEO plugin v27.2 - https:\/\/yoast.com\/product\/yoast-seo-wordpress\/ -->\n<title>Pobreza e viol\u00eancia pioram sa\u00fade mental de jovens - Notibras<\/title>\n<meta name=\"robots\" content=\"index, follow, max-snippet:-1, max-image-preview:large, max-video-preview:-1\" \/>\n<link rel=\"canonical\" href=\"https:\/\/www.notibras.com\/site\/pobreza-e-violencia-pioram-saude-mental-de-jovens\/\" \/>\n<meta property=\"og:locale\" content=\"pt_BR\" \/>\n<meta property=\"og:type\" content=\"article\" \/>\n<meta property=\"og:title\" content=\"Pobreza e viol\u00eancia pioram sa\u00fade mental de jovens - Notibras\" \/>\n<meta property=\"og:description\" content=\"Os principais problemas de sa\u00fade mental de jovens t\u00eam origem na pobreza, na viol\u00eancia e preconceitos de g\u00eanero, revela estudo que ouviu adolescentes no Brasil, na \u00cdndia e no Qu\u00eania. A pesquisa foi feita pela organiza\u00e7\u00e3o n\u00e3o governamental (ONG) Plan International, que defende os direitos das crian\u00e7as e a igualdade para as meninas. O estudo [&hellip;]\" \/>\n<meta property=\"og:url\" content=\"https:\/\/www.notibras.com\/site\/pobreza-e-violencia-pioram-saude-mental-de-jovens\/\" \/>\n<meta property=\"og:site_name\" content=\"Notibras\" \/>\n<meta property=\"article:publisher\" content=\"https:\/\/www.facebook.com\/notibras\/\" \/>\n<meta property=\"article:published_time\" content=\"2023-04-26T03:24:05+00:00\" \/>\n<meta property=\"article:modified_time\" content=\"2023-04-26T12:25:54+00:00\" \/>\n<meta property=\"og:image\" content=\"https:\/\/www.notibras.com\/site\/wp-content\/uploads\/2023\/04\/1006425-16032016_dsc6154.jpg\" \/>\n\t<meta property=\"og:image:width\" content=\"1170\" \/>\n\t<meta property=\"og:image:height\" content=\"700\" \/>\n\t<meta property=\"og:image:type\" content=\"image\/jpeg\" \/>\n<meta name=\"author\" content=\"Reda\u00e7\u00e3o\" \/>\n<meta name=\"twitter:card\" content=\"summary_large_image\" \/>\n<meta name=\"twitter:creator\" content=\"@Notibras\" \/>\n<meta name=\"twitter:site\" content=\"@Notibras\" \/>\n<meta name=\"twitter:label1\" content=\"Escrito por\" \/>\n\t<meta name=\"twitter:data1\" content=\"Reda\u00e7\u00e3o\" \/>\n\t<meta name=\"twitter:label2\" content=\"Est. tempo de leitura\" \/>\n\t<meta name=\"twitter:data2\" content=\"3 minutos\" \/>\n<script type=\"application\/ld+json\" class=\"yoast-schema-graph\">{\"@context\":\"https:\/\/schema.org\",\"@graph\":[{\"@type\":\"Article\",\"@id\":\"https:\/\/www.notibras.com\/site\/pobreza-e-violencia-pioram-saude-mental-de-jovens\/#article\",\"isPartOf\":{\"@id\":\"https:\/\/www.notibras.com\/site\/pobreza-e-violencia-pioram-saude-mental-de-jovens\/\"},\"author\":{\"name\":\"Reda\u00e7\u00e3o\",\"@id\":\"https:\/\/www.notibras.com\/site\/#\/schema\/person\/36ab0979449956132d3e5b517ea76ac8\"},\"headline\":\"Pobreza e viol\u00eancia pioram sa\u00fade mental de jovens\",\"datePublished\":\"2023-04-26T03:24:05+00:00\",\"dateModified\":\"2023-04-26T12:25:54+00:00\",\"mainEntityOfPage\":{\"@id\":\"https:\/\/www.notibras.com\/site\/pobreza-e-violencia-pioram-saude-mental-de-jovens\/\"},\"wordCount\":547,\"publisher\":{\"@id\":\"https:\/\/www.notibras.com\/site\/#organization\"},\"image\":{\"@id\":\"https:\/\/www.notibras.com\/site\/pobreza-e-violencia-pioram-saude-mental-de-jovens\/#primaryimage\"},\"thumbnailUrl\":\"https:\/\/www.notibras.com\/site\/wp-content\/uploads\/2023\/04\/1006425-16032016_dsc6154.jpg\",\"articleSection\":[\"Quadradinho em Foco\"],\"inLanguage\":\"pt-BR\"},{\"@type\":\"WebPage\",\"@id\":\"https:\/\/www.notibras.com\/site\/pobreza-e-violencia-pioram-saude-mental-de-jovens\/\",\"url\":\"https:\/\/www.notibras.com\/site\/pobreza-e-violencia-pioram-saude-mental-de-jovens\/\",\"name\":\"Pobreza e viol\u00eancia pioram sa\u00fade mental de jovens - Notibras\",\"isPartOf\":{\"@id\":\"https:\/\/www.notibras.com\/site\/#website\"},\"primaryImageOfPage\":{\"@id\":\"https:\/\/www.notibras.com\/site\/pobreza-e-violencia-pioram-saude-mental-de-jovens\/#primaryimage\"},\"image\":{\"@id\":\"https:\/\/www.notibras.com\/site\/pobreza-e-violencia-pioram-saude-mental-de-jovens\/#primaryimage\"},\"thumbnailUrl\":\"https:\/\/www.notibras.com\/site\/wp-content\/uploads\/2023\/04\/1006425-16032016_dsc6154.jpg\",\"datePublished\":\"2023-04-26T03:24:05+00:00\",\"dateModified\":\"2023-04-26T12:25:54+00:00\",\"breadcrumb\":{\"@id\":\"https:\/\/www.notibras.com\/site\/pobreza-e-violencia-pioram-saude-mental-de-jovens\/#breadcrumb\"},\"inLanguage\":\"pt-BR\",\"potentialAction\":[{\"@type\":\"ReadAction\",\"target\":[\"https:\/\/www.notibras.com\/site\/pobreza-e-violencia-pioram-saude-mental-de-jovens\/\"]}]},{\"@type\":\"ImageObject\",\"inLanguage\":\"pt-BR\",\"@id\":\"https:\/\/www.notibras.com\/site\/pobreza-e-violencia-pioram-saude-mental-de-jovens\/#primaryimage\",\"url\":\"https:\/\/www.notibras.com\/site\/wp-content\/uploads\/2023\/04\/1006425-16032016_dsc6154.jpg\",\"contentUrl\":\"https:\/\/www.notibras.com\/site\/wp-content\/uploads\/2023\/04\/1006425-16032016_dsc6154.jpg\",\"width\":1170,\"height\":700,\"caption\":\"Rio de Janeiro - Jovens de comunidades participam do projeto Agentes de Promo\u00e7\u00e3o da Acessibilidade, da ONG Escola de Gente, onde recebem no\u00e7\u00f5es de Libras, audiodescri\u00e7\u00e3o e legisla\u00e7\u00e3o inclusiva (Fernando Fraz\u00e3o\/Ag\u00eancia Brasil)\"},{\"@type\":\"BreadcrumbList\",\"@id\":\"https:\/\/www.notibras.com\/site\/pobreza-e-violencia-pioram-saude-mental-de-jovens\/#breadcrumb\",\"itemListElement\":[{\"@type\":\"ListItem\",\"position\":1,\"name\":\"In\u00edcio\",\"item\":\"https:\/\/www.notibras.com\/site\/\"},{\"@type\":\"ListItem\",\"position\":2,\"name\":\"Pobreza e viol\u00eancia pioram sa\u00fade mental de jovens\"}]},{\"@type\":\"WebSite\",\"@id\":\"https:\/\/www.notibras.com\/site\/#website\",\"url\":\"https:\/\/www.notibras.com\/site\/\",\"name\":\"Notibras\",\"description\":\"Not\u00edcias de Bras\u00edlia, do Brasil e do Mundo\",\"publisher\":{\"@id\":\"https:\/\/www.notibras.com\/site\/#organization\"},\"potentialAction\":[{\"@type\":\"SearchAction\",\"target\":{\"@type\":\"EntryPoint\",\"urlTemplate\":\"https:\/\/www.notibras.com\/site\/?s={search_term_string}\"},\"query-input\":{\"@type\":\"PropertyValueSpecification\",\"valueRequired\":true,\"valueName\":\"search_term_string\"}}],\"inLanguage\":\"pt-BR\"},{\"@type\":\"Organization\",\"@id\":\"https:\/\/www.notibras.com\/site\/#organization\",\"name\":\"Grupo Notibras de Comunica\u00e7\u00e3o\",\"url\":\"https:\/\/www.notibras.com\/site\/\",\"logo\":{\"@type\":\"ImageObject\",\"inLanguage\":\"pt-BR\",\"@id\":\"https:\/\/www.notibras.com\/site\/#\/schema\/logo\/image\/\",\"url\":\"https:\/\/www.notibras.com\/site\/wp-content\/uploads\/2023\/01\/notibras23.png\",\"contentUrl\":\"https:\/\/www.notibras.com\/site\/wp-content\/uploads\/2023\/01\/notibras23.png\",\"width\":350,\"height\":87,\"caption\":\"Grupo Notibras de Comunica\u00e7\u00e3o\"},\"image\":{\"@id\":\"https:\/\/www.notibras.com\/site\/#\/schema\/logo\/image\/\"},\"sameAs\":[\"https:\/\/www.facebook.com\/notibras\/\",\"https:\/\/x.com\/Notibras\",\"https:\/\/www.instagram.com\/notibras\/\"]},{\"@type\":\"Person\",\"@id\":\"https:\/\/www.notibras.com\/site\/#\/schema\/person\/36ab0979449956132d3e5b517ea76ac8\",\"name\":\"Reda\u00e7\u00e3o\",\"image\":{\"@type\":\"ImageObject\",\"inLanguage\":\"pt-BR\",\"@id\":\"https:\/\/secure.gravatar.com\/avatar\/e0a867bdedb85fd243eadf09663511f96fc81e0720a4a42581f334ad4303aa6b?s=96&d=mm&r=g\",\"url\":\"https:\/\/secure.gravatar.com\/avatar\/e0a867bdedb85fd243eadf09663511f96fc81e0720a4a42581f334ad4303aa6b?s=96&d=mm&r=g\",\"contentUrl\":\"https:\/\/secure.gravatar.com\/avatar\/e0a867bdedb85fd243eadf09663511f96fc81e0720a4a42581f334ad4303aa6b?s=96&d=mm&r=g\",\"caption\":\"Reda\u00e7\u00e3o\"}}]}<\/script>\n<!-- \/ Yoast SEO plugin. -->","yoast_head_json":{"title":"Pobreza e viol\u00eancia pioram sa\u00fade mental de jovens - Notibras","robots":{"index":"index","follow":"follow","max-snippet":"max-snippet:-1","max-image-preview":"max-image-preview:large","max-video-preview":"max-video-preview:-1"},"canonical":"https:\/\/www.notibras.com\/site\/pobreza-e-violencia-pioram-saude-mental-de-jovens\/","og_locale":"pt_BR","og_type":"article","og_title":"Pobreza e viol\u00eancia pioram sa\u00fade mental de jovens - Notibras","og_description":"Os principais problemas de sa\u00fade mental de jovens t\u00eam origem na pobreza, na viol\u00eancia e preconceitos de g\u00eanero, revela estudo que ouviu adolescentes no Brasil, na \u00cdndia e no Qu\u00eania. A pesquisa foi feita pela organiza\u00e7\u00e3o n\u00e3o governamental (ONG) Plan International, que defende os direitos das crian\u00e7as e a igualdade para as meninas. O estudo [&hellip;]","og_url":"https:\/\/www.notibras.com\/site\/pobreza-e-violencia-pioram-saude-mental-de-jovens\/","og_site_name":"Notibras","article_publisher":"https:\/\/www.facebook.com\/notibras\/","article_published_time":"2023-04-26T03:24:05+00:00","article_modified_time":"2023-04-26T12:25:54+00:00","og_image":[{"width":1170,"height":700,"url":"https:\/\/www.notibras.com\/site\/wp-content\/uploads\/2023\/04\/1006425-16032016_dsc6154.jpg","type":"image\/jpeg"}],"author":"Reda\u00e7\u00e3o","twitter_card":"summary_large_image","twitter_creator":"@Notibras","twitter_site":"@Notibras","twitter_misc":{"Escrito por":"Reda\u00e7\u00e3o","Est. tempo de leitura":"3 minutos"},"schema":{"@context":"https:\/\/schema.org","@graph":[{"@type":"Article","@id":"https:\/\/www.notibras.com\/site\/pobreza-e-violencia-pioram-saude-mental-de-jovens\/#article","isPartOf":{"@id":"https:\/\/www.notibras.com\/site\/pobreza-e-violencia-pioram-saude-mental-de-jovens\/"},"author":{"name":"Reda\u00e7\u00e3o","@id":"https:\/\/www.notibras.com\/site\/#\/schema\/person\/36ab0979449956132d3e5b517ea76ac8"},"headline":"Pobreza e viol\u00eancia pioram sa\u00fade mental de jovens","datePublished":"2023-04-26T03:24:05+00:00","dateModified":"2023-04-26T12:25:54+00:00","mainEntityOfPage":{"@id":"https:\/\/www.notibras.com\/site\/pobreza-e-violencia-pioram-saude-mental-de-jovens\/"},"wordCount":547,"publisher":{"@id":"https:\/\/www.notibras.com\/site\/#organization"},"image":{"@id":"https:\/\/www.notibras.com\/site\/pobreza-e-violencia-pioram-saude-mental-de-jovens\/#primaryimage"},"thumbnailUrl":"https:\/\/www.notibras.com\/site\/wp-content\/uploads\/2023\/04\/1006425-16032016_dsc6154.jpg","articleSection":["Quadradinho em Foco"],"inLanguage":"pt-BR"},{"@type":"WebPage","@id":"https:\/\/www.notibras.com\/site\/pobreza-e-violencia-pioram-saude-mental-de-jovens\/","url":"https:\/\/www.notibras.com\/site\/pobreza-e-violencia-pioram-saude-mental-de-jovens\/","name":"Pobreza e viol\u00eancia pioram sa\u00fade mental de jovens - Notibras","isPartOf":{"@id":"https:\/\/www.notibras.com\/site\/#website"},"primaryImageOfPage":{"@id":"https:\/\/www.notibras.com\/site\/pobreza-e-violencia-pioram-saude-mental-de-jovens\/#primaryimage"},"image":{"@id":"https:\/\/www.notibras.com\/site\/pobreza-e-violencia-pioram-saude-mental-de-jovens\/#primaryimage"},"thumbnailUrl":"https:\/\/www.notibras.com\/site\/wp-content\/uploads\/2023\/04\/1006425-16032016_dsc6154.jpg","datePublished":"2023-04-26T03:24:05+00:00","dateModified":"2023-04-26T12:25:54+00:00","breadcrumb":{"@id":"https:\/\/www.notibras.com\/site\/pobreza-e-violencia-pioram-saude-mental-de-jovens\/#breadcrumb"},"inLanguage":"pt-BR","potentialAction":[{"@type":"ReadAction","target":["https:\/\/www.notibras.com\/site\/pobreza-e-violencia-pioram-saude-mental-de-jovens\/"]}]},{"@type":"ImageObject","inLanguage":"pt-BR","@id":"https:\/\/www.notibras.com\/site\/pobreza-e-violencia-pioram-saude-mental-de-jovens\/#primaryimage","url":"https:\/\/www.notibras.com\/site\/wp-content\/uploads\/2023\/04\/1006425-16032016_dsc6154.jpg","contentUrl":"https:\/\/www.notibras.com\/site\/wp-content\/uploads\/2023\/04\/1006425-16032016_dsc6154.jpg","width":1170,"height":700,"caption":"Rio de Janeiro - Jovens de comunidades participam do projeto Agentes de Promo\u00e7\u00e3o da Acessibilidade, da ONG Escola de Gente, onde recebem no\u00e7\u00f5es de Libras, audiodescri\u00e7\u00e3o e legisla\u00e7\u00e3o inclusiva (Fernando Fraz\u00e3o\/Ag\u00eancia Brasil)"},{"@type":"BreadcrumbList","@id":"https:\/\/www.notibras.com\/site\/pobreza-e-violencia-pioram-saude-mental-de-jovens\/#breadcrumb","itemListElement":[{"@type":"ListItem","position":1,"name":"In\u00edcio","item":"https:\/\/www.notibras.com\/site\/"},{"@type":"ListItem","position":2,"name":"Pobreza e viol\u00eancia pioram sa\u00fade mental de jovens"}]},{"@type":"WebSite","@id":"https:\/\/www.notibras.com\/site\/#website","url":"https:\/\/www.notibras.com\/site\/","name":"Notibras","description":"Not\u00edcias de Bras\u00edlia, do Brasil e do Mundo","publisher":{"@id":"https:\/\/www.notibras.com\/site\/#organization"},"potentialAction":[{"@type":"SearchAction","target":{"@type":"EntryPoint","urlTemplate":"https:\/\/www.notibras.com\/site\/?s={search_term_string}"},"query-input":{"@type":"PropertyValueSpecification","valueRequired":true,"valueName":"search_term_string"}}],"inLanguage":"pt-BR"},{"@type":"Organization","@id":"https:\/\/www.notibras.com\/site\/#organization","name":"Grupo Notibras de Comunica\u00e7\u00e3o","url":"https:\/\/www.notibras.com\/site\/","logo":{"@type":"ImageObject","inLanguage":"pt-BR","@id":"https:\/\/www.notibras.com\/site\/#\/schema\/logo\/image\/","url":"https:\/\/www.notibras.com\/site\/wp-content\/uploads\/2023\/01\/notibras23.png","contentUrl":"https:\/\/www.notibras.com\/site\/wp-content\/uploads\/2023\/01\/notibras23.png","width":350,"height":87,"caption":"Grupo Notibras de Comunica\u00e7\u00e3o"},"image":{"@id":"https:\/\/www.notibras.com\/site\/#\/schema\/logo\/image\/"},"sameAs":["https:\/\/www.facebook.com\/notibras\/","https:\/\/x.com\/Notibras","https:\/\/www.instagram.com\/notibras\/"]},{"@type":"Person","@id":"https:\/\/www.notibras.com\/site\/#\/schema\/person\/36ab0979449956132d3e5b517ea76ac8","name":"Reda\u00e7\u00e3o","image":{"@type":"ImageObject","inLanguage":"pt-BR","@id":"https:\/\/secure.gravatar.com\/avatar\/e0a867bdedb85fd243eadf09663511f96fc81e0720a4a42581f334ad4303aa6b?s=96&d=mm&r=g","url":"https:\/\/secure.gravatar.com\/avatar\/e0a867bdedb85fd243eadf09663511f96fc81e0720a4a42581f334ad4303aa6b?s=96&d=mm&r=g","contentUrl":"https:\/\/secure.gravatar.com\/avatar\/e0a867bdedb85fd243eadf09663511f96fc81e0720a4a42581f334ad4303aa6b?s=96&d=mm&r=g","caption":"Reda\u00e7\u00e3o"}}]}},"amp_enabled":true,"_links":{"self":[{"href":"https:\/\/www.notibras.com\/site\/wp-json\/wp\/v2\/posts\/303681","targetHints":{"allow":["GET"]}}],"collection":[{"href":"https:\/\/www.notibras.com\/site\/wp-json\/wp\/v2\/posts"}],"about":[{"href":"https:\/\/www.notibras.com\/site\/wp-json\/wp\/v2\/types\/post"}],"author":[{"embeddable":true,"href":"https:\/\/www.notibras.com\/site\/wp-json\/wp\/v2\/users\/2"}],"replies":[{"embeddable":true,"href":"https:\/\/www.notibras.com\/site\/wp-json\/wp\/v2\/comments?post=303681"}],"version-history":[{"count":1,"href":"https:\/\/www.notibras.com\/site\/wp-json\/wp\/v2\/posts\/303681\/revisions"}],"predecessor-version":[{"id":303683,"href":"https:\/\/www.notibras.com\/site\/wp-json\/wp\/v2\/posts\/303681\/revisions\/303683"}],"wp:featuredmedia":[{"embeddable":true,"href":"https:\/\/www.notibras.com\/site\/wp-json\/wp\/v2\/media\/303682"}],"wp:attachment":[{"href":"https:\/\/www.notibras.com\/site\/wp-json\/wp\/v2\/media?parent=303681"}],"wp:term":[{"taxonomy":"category","embeddable":true,"href":"https:\/\/www.notibras.com\/site\/wp-json\/wp\/v2\/categories?post=303681"},{"taxonomy":"post_tag","embeddable":true,"href":"https:\/\/www.notibras.com\/site\/wp-json\/wp\/v2\/tags?post=303681"}],"curies":[{"name":"wp","href":"https:\/\/api.w.org\/{rel}","templated":true}]}}