{"id":303687,"date":"2023-04-26T00:05:34","date_gmt":"2023-04-26T03:05:34","guid":{"rendered":"https:\/\/www.notibras.com\/site\/?p=303687"},"modified":"2023-04-26T09:38:18","modified_gmt":"2023-04-26T12:38:18","slug":"baixa-renda-gasta-um-terco-do-salario-com-comida","status":"publish","type":"post","link":"https:\/\/www.notibras.com\/site\/baixa-renda-gasta-um-terco-do-salario-com-comida\/","title":{"rendered":"Baixa renda gasta um ter\u00e7o do sal\u00e1rio com comida"},"content":{"rendered":"<p>As fam\u00edlias da classe C, que ganham entre R$ 5,2 mil e R$ 13 mil mensais, gastam em m\u00e9dia um ter\u00e7o, o equivalente a 33,3%, dos rendimentos com alimenta\u00e7\u00e3o, segundo pesquisa divulgada nesta ter\u00e7a-feira (25) pelo Instituto Locomotiva. Entre as fam\u00edlias da classe B, com rendimento de R$ 13 mil a R$ 26 mil, o percentual da renda comprometida com alimenta\u00e7\u00e3o cai para 13,2%.<\/p>\n<p>Para as fam\u00edlias com rendimentos entre R$ 1,3 mil e R$ 5,2mil, classificadas como classes D e E, mais da metade do dinheiro recebido mensalmente (50,7%) \u00e9 gasto com comida. O estudo foi encomendado pela empresa de benef\u00edcios VR.<\/p>\n<p>De acordo com o estudo, para a classe C, os benef\u00edcios como vale-refei\u00e7\u00e3o e vale-alimenta\u00e7\u00e3o representam, em m\u00e9dia, entre 3% e 8,5% dos gastos com alimenta\u00e7\u00e3o. Para as classes D e E, esses benef\u00edcios chegam a cobrir 33% dessas despesas.<\/p>\n<p>A classe C, segundo a pesquisa, representa no Brasil aproximadamente 109 milh\u00f5es de pessoas, a maioria negras (60%). Quase a metade dessas fam\u00edlias s\u00e3o chefiadas por mulheres (49%) e 52% dessa popula\u00e7\u00e3o n\u00e3o concluiu o ensino m\u00e9dio. \u201cChefiados por mulheres porque parte \u00e9 m\u00e3e solteira\u201d, detalha o presidente do Instituto Locomotiva, Renato Meirelles.<\/p>\n<p><strong>Poder de compra<\/strong><br \/>\nNos \u00faltimos anos, em um processo agravado pela pandemia da covid-19, Meirelles disse que houve perda do poder de compra dessas fam\u00edlias. \u201cH\u00e1 cinco anos, com 40% do valor de um sal\u00e1rio m\u00ednimo dava para comprar uma cesta b\u00e1sica. Hoje, 59% do valor do sal\u00e1rio m\u00ednimo d\u00e1 para comprar uma cesta b\u00e1sica. Ou seja, o poder de compra de alimentos, dos itens b\u00e1sicos, diminuiu\u201d, explicou.<\/p>\n<p>Por isso, de acordo com ele, esses consumidores se tornaram ainda mais atentos aos produtos que consomem. \u201cUma radicaliza\u00e7\u00e3o do custo-benef\u00edcio, que passa a ser muito mais exigente nos produtos que ele est\u00e1 comprando, na rela\u00e7\u00e3o qualidade versus pre\u00e7o do que ele t\u00e1 comprando\u201d, ressalta.<\/p>\n<p>Nessa camada da popula\u00e7\u00e3o, estrat\u00e9gias, como adotadas por v\u00e1rias marcas, de reduzir o tamanho das embalagens ou a qualidade da composi\u00e7\u00e3o dos produtos como forma de disfar\u00e7ar aumento de pre\u00e7os tendem, segundo Meirelles, a ser especialmente mal vistas.<\/p>\n<p>\u201cO custo do erro na classe C \u00e9 muito maior. Ent\u00e3o, se o consumidor da classe C compra um produto que est\u00e1 mais barato, mas n\u00e3o entrega o que promete, ele vai ter que comer aquele produto o m\u00eas inteiro, porque a grana que ele tinha para aquele produto era contada\u201d, explica sobre o impacto da redu\u00e7\u00e3o da qualidade nessas fam\u00edlias.<\/p>\n<p>\u201cDentro do que cabe no bolso, ele vai buscar a melhor qualidade, \u00e9 esse o movimento que veio para ficar, isso n\u00e3o vai mudar\u201d, acrescenta o pesquisador.<\/p>\n<p><strong>Endividamento<\/strong><br \/>\nSegundo a pesquisa, oito em cada dez fam\u00edlias da classe C t\u00eam d\u00edvidas em aberto, sendo que um em cada tr\u00eas est\u00e1 inadimplente. De acordo com Meirelles, muitas vezes as d\u00edvidas s\u00e3o contra\u00eddas como forma de garantir o consumo de itens b\u00e1sicos. \u201cQuando o sal\u00e1rio acaba e o m\u00eas n\u00e3o, a classe C que tem cart\u00e3o de cr\u00e9dito vai no supermercado ou na farm\u00e1cia e compra com o cart\u00e3o de cr\u00e9dito para ganhar 20 dias para pagar\u201d, disse.<\/p>\n","protected":false},"excerpt":{"rendered":"<p>As fam\u00edlias da classe C, que ganham entre R$ 5,2 mil e R$ 13 mil mensais, gastam em m\u00e9dia um ter\u00e7o, o equivalente a 33,3%, dos rendimentos com alimenta\u00e7\u00e3o, segundo pesquisa divulgada nesta ter\u00e7a-feira (25) pelo Instituto Locomotiva. Entre as fam\u00edlias da classe B, com rendimento de R$ 13 mil a R$ 26 mil, o [&hellip;]<\/p>\n","protected":false},"author":2,"featured_media":303688,"comment_status":"closed","ping_status":"closed","sticky":false,"template":"","format":"standard","meta":{"_acf_changed":false,"footnotes":""},"categories":[161],"tags":[],"class_list":["post-303687","post","type-post","status-publish","format-standard","has-post-thumbnail","hentry","category-quadradinho-em-foco"],"acf":[],"yoast_head":"<!-- This site is optimized with the Yoast SEO plugin v27.2 - https:\/\/yoast.com\/product\/yoast-seo-wordpress\/ -->\n<title>Baixa renda gasta um ter\u00e7o do sal\u00e1rio com comida - Notibras<\/title>\n<meta name=\"robots\" content=\"index, follow, max-snippet:-1, max-image-preview:large, max-video-preview:-1\" \/>\n<link rel=\"canonical\" href=\"https:\/\/www.notibras.com\/site\/baixa-renda-gasta-um-terco-do-salario-com-comida\/\" \/>\n<meta property=\"og:locale\" content=\"pt_BR\" \/>\n<meta property=\"og:type\" content=\"article\" \/>\n<meta property=\"og:title\" content=\"Baixa renda gasta um ter\u00e7o do sal\u00e1rio com comida - Notibras\" \/>\n<meta property=\"og:description\" content=\"As fam\u00edlias da classe C, que ganham entre R$ 5,2 mil e R$ 13 mil mensais, gastam em m\u00e9dia um ter\u00e7o, o equivalente a 33,3%, dos rendimentos com alimenta\u00e7\u00e3o, segundo pesquisa divulgada nesta ter\u00e7a-feira (25) pelo Instituto Locomotiva. Entre as fam\u00edlias da classe B, com rendimento de R$ 13 mil a R$ 26 mil, o [&hellip;]\" \/>\n<meta property=\"og:url\" content=\"https:\/\/www.notibras.com\/site\/baixa-renda-gasta-um-terco-do-salario-com-comida\/\" \/>\n<meta property=\"og:site_name\" content=\"Notibras\" \/>\n<meta property=\"article:publisher\" content=\"https:\/\/www.facebook.com\/notibras\/\" \/>\n<meta property=\"article:published_time\" content=\"2023-04-26T03:05:34+00:00\" \/>\n<meta property=\"article:modified_time\" content=\"2023-04-26T12:38:18+00:00\" \/>\n<meta property=\"og:image\" content=\"https:\/\/www.notibras.com\/site\/wp-content\/uploads\/2023\/04\/supermercado_economia_20220729_0889-1.jpg\" \/>\n\t<meta property=\"og:image:width\" content=\"1170\" \/>\n\t<meta property=\"og:image:height\" content=\"700\" \/>\n\t<meta property=\"og:image:type\" content=\"image\/jpeg\" \/>\n<meta name=\"author\" content=\"Reda\u00e7\u00e3o\" \/>\n<meta name=\"twitter:card\" content=\"summary_large_image\" \/>\n<meta name=\"twitter:creator\" content=\"@Notibras\" \/>\n<meta name=\"twitter:site\" content=\"@Notibras\" \/>\n<meta name=\"twitter:label1\" content=\"Escrito por\" \/>\n\t<meta name=\"twitter:data1\" content=\"Reda\u00e7\u00e3o\" \/>\n\t<meta name=\"twitter:label2\" content=\"Est. tempo de leitura\" \/>\n\t<meta name=\"twitter:data2\" content=\"3 minutos\" \/>\n<script type=\"application\/ld+json\" class=\"yoast-schema-graph\">{\"@context\":\"https:\/\/schema.org\",\"@graph\":[{\"@type\":\"Article\",\"@id\":\"https:\/\/www.notibras.com\/site\/baixa-renda-gasta-um-terco-do-salario-com-comida\/#article\",\"isPartOf\":{\"@id\":\"https:\/\/www.notibras.com\/site\/baixa-renda-gasta-um-terco-do-salario-com-comida\/\"},\"author\":{\"name\":\"Reda\u00e7\u00e3o\",\"@id\":\"https:\/\/www.notibras.com\/site\/#\/schema\/person\/36ab0979449956132d3e5b517ea76ac8\"},\"headline\":\"Baixa renda gasta um ter\u00e7o do sal\u00e1rio com comida\",\"datePublished\":\"2023-04-26T03:05:34+00:00\",\"dateModified\":\"2023-04-26T12:38:18+00:00\",\"mainEntityOfPage\":{\"@id\":\"https:\/\/www.notibras.com\/site\/baixa-renda-gasta-um-terco-do-salario-com-comida\/\"},\"wordCount\":564,\"publisher\":{\"@id\":\"https:\/\/www.notibras.com\/site\/#organization\"},\"image\":{\"@id\":\"https:\/\/www.notibras.com\/site\/baixa-renda-gasta-um-terco-do-salario-com-comida\/#primaryimage\"},\"thumbnailUrl\":\"https:\/\/www.notibras.com\/site\/wp-content\/uploads\/2023\/04\/supermercado_economia_20220729_0889-1.jpg\",\"articleSection\":[\"Quadradinho em Foco\"],\"inLanguage\":\"pt-BR\"},{\"@type\":\"WebPage\",\"@id\":\"https:\/\/www.notibras.com\/site\/baixa-renda-gasta-um-terco-do-salario-com-comida\/\",\"url\":\"https:\/\/www.notibras.com\/site\/baixa-renda-gasta-um-terco-do-salario-com-comida\/\",\"name\":\"Baixa renda gasta um ter\u00e7o do sal\u00e1rio com comida - Notibras\",\"isPartOf\":{\"@id\":\"https:\/\/www.notibras.com\/site\/#website\"},\"primaryImageOfPage\":{\"@id\":\"https:\/\/www.notibras.com\/site\/baixa-renda-gasta-um-terco-do-salario-com-comida\/#primaryimage\"},\"image\":{\"@id\":\"https:\/\/www.notibras.com\/site\/baixa-renda-gasta-um-terco-do-salario-com-comida\/#primaryimage\"},\"thumbnailUrl\":\"https:\/\/www.notibras.com\/site\/wp-content\/uploads\/2023\/04\/supermercado_economia_20220729_0889-1.jpg\",\"datePublished\":\"2023-04-26T03:05:34+00:00\",\"dateModified\":\"2023-04-26T12:38:18+00:00\",\"breadcrumb\":{\"@id\":\"https:\/\/www.notibras.com\/site\/baixa-renda-gasta-um-terco-do-salario-com-comida\/#breadcrumb\"},\"inLanguage\":\"pt-BR\",\"potentialAction\":[{\"@type\":\"ReadAction\",\"target\":[\"https:\/\/www.notibras.com\/site\/baixa-renda-gasta-um-terco-do-salario-com-comida\/\"]}]},{\"@type\":\"ImageObject\",\"inLanguage\":\"pt-BR\",\"@id\":\"https:\/\/www.notibras.com\/site\/baixa-renda-gasta-um-terco-do-salario-com-comida\/#primaryimage\",\"url\":\"https:\/\/www.notibras.com\/site\/wp-content\/uploads\/2023\/04\/supermercado_economia_20220729_0889-1.jpg\",\"contentUrl\":\"https:\/\/www.notibras.com\/site\/wp-content\/uploads\/2023\/04\/supermercado_economia_20220729_0889-1.jpg\",\"width\":1170,\"height\":700,\"caption\":\"Supermercado\"},{\"@type\":\"BreadcrumbList\",\"@id\":\"https:\/\/www.notibras.com\/site\/baixa-renda-gasta-um-terco-do-salario-com-comida\/#breadcrumb\",\"itemListElement\":[{\"@type\":\"ListItem\",\"position\":1,\"name\":\"In\u00edcio\",\"item\":\"https:\/\/www.notibras.com\/site\/\"},{\"@type\":\"ListItem\",\"position\":2,\"name\":\"Baixa renda gasta um ter\u00e7o do sal\u00e1rio com comida\"}]},{\"@type\":\"WebSite\",\"@id\":\"https:\/\/www.notibras.com\/site\/#website\",\"url\":\"https:\/\/www.notibras.com\/site\/\",\"name\":\"Notibras\",\"description\":\"Not\u00edcias de Bras\u00edlia, do Brasil e do Mundo\",\"publisher\":{\"@id\":\"https:\/\/www.notibras.com\/site\/#organization\"},\"potentialAction\":[{\"@type\":\"SearchAction\",\"target\":{\"@type\":\"EntryPoint\",\"urlTemplate\":\"https:\/\/www.notibras.com\/site\/?s={search_term_string}\"},\"query-input\":{\"@type\":\"PropertyValueSpecification\",\"valueRequired\":true,\"valueName\":\"search_term_string\"}}],\"inLanguage\":\"pt-BR\"},{\"@type\":\"Organization\",\"@id\":\"https:\/\/www.notibras.com\/site\/#organization\",\"name\":\"Grupo Notibras de Comunica\u00e7\u00e3o\",\"url\":\"https:\/\/www.notibras.com\/site\/\",\"logo\":{\"@type\":\"ImageObject\",\"inLanguage\":\"pt-BR\",\"@id\":\"https:\/\/www.notibras.com\/site\/#\/schema\/logo\/image\/\",\"url\":\"https:\/\/www.notibras.com\/site\/wp-content\/uploads\/2023\/01\/notibras23.png\",\"contentUrl\":\"https:\/\/www.notibras.com\/site\/wp-content\/uploads\/2023\/01\/notibras23.png\",\"width\":350,\"height\":87,\"caption\":\"Grupo Notibras de Comunica\u00e7\u00e3o\"},\"image\":{\"@id\":\"https:\/\/www.notibras.com\/site\/#\/schema\/logo\/image\/\"},\"sameAs\":[\"https:\/\/www.facebook.com\/notibras\/\",\"https:\/\/x.com\/Notibras\",\"https:\/\/www.instagram.com\/notibras\/\"]},{\"@type\":\"Person\",\"@id\":\"https:\/\/www.notibras.com\/site\/#\/schema\/person\/36ab0979449956132d3e5b517ea76ac8\",\"name\":\"Reda\u00e7\u00e3o\",\"image\":{\"@type\":\"ImageObject\",\"inLanguage\":\"pt-BR\",\"@id\":\"https:\/\/secure.gravatar.com\/avatar\/e0a867bdedb85fd243eadf09663511f96fc81e0720a4a42581f334ad4303aa6b?s=96&d=mm&r=g\",\"url\":\"https:\/\/secure.gravatar.com\/avatar\/e0a867bdedb85fd243eadf09663511f96fc81e0720a4a42581f334ad4303aa6b?s=96&d=mm&r=g\",\"contentUrl\":\"https:\/\/secure.gravatar.com\/avatar\/e0a867bdedb85fd243eadf09663511f96fc81e0720a4a42581f334ad4303aa6b?s=96&d=mm&r=g\",\"caption\":\"Reda\u00e7\u00e3o\"}}]}<\/script>\n<!-- \/ Yoast SEO plugin. -->","yoast_head_json":{"title":"Baixa renda gasta um ter\u00e7o do sal\u00e1rio com comida - Notibras","robots":{"index":"index","follow":"follow","max-snippet":"max-snippet:-1","max-image-preview":"max-image-preview:large","max-video-preview":"max-video-preview:-1"},"canonical":"https:\/\/www.notibras.com\/site\/baixa-renda-gasta-um-terco-do-salario-com-comida\/","og_locale":"pt_BR","og_type":"article","og_title":"Baixa renda gasta um ter\u00e7o do sal\u00e1rio com comida - Notibras","og_description":"As fam\u00edlias da classe C, que ganham entre R$ 5,2 mil e R$ 13 mil mensais, gastam em m\u00e9dia um ter\u00e7o, o equivalente a 33,3%, dos rendimentos com alimenta\u00e7\u00e3o, segundo pesquisa divulgada nesta ter\u00e7a-feira (25) pelo Instituto Locomotiva. Entre as fam\u00edlias da classe B, com rendimento de R$ 13 mil a R$ 26 mil, o [&hellip;]","og_url":"https:\/\/www.notibras.com\/site\/baixa-renda-gasta-um-terco-do-salario-com-comida\/","og_site_name":"Notibras","article_publisher":"https:\/\/www.facebook.com\/notibras\/","article_published_time":"2023-04-26T03:05:34+00:00","article_modified_time":"2023-04-26T12:38:18+00:00","og_image":[{"width":1170,"height":700,"url":"https:\/\/www.notibras.com\/site\/wp-content\/uploads\/2023\/04\/supermercado_economia_20220729_0889-1.jpg","type":"image\/jpeg"}],"author":"Reda\u00e7\u00e3o","twitter_card":"summary_large_image","twitter_creator":"@Notibras","twitter_site":"@Notibras","twitter_misc":{"Escrito por":"Reda\u00e7\u00e3o","Est. tempo de leitura":"3 minutos"},"schema":{"@context":"https:\/\/schema.org","@graph":[{"@type":"Article","@id":"https:\/\/www.notibras.com\/site\/baixa-renda-gasta-um-terco-do-salario-com-comida\/#article","isPartOf":{"@id":"https:\/\/www.notibras.com\/site\/baixa-renda-gasta-um-terco-do-salario-com-comida\/"},"author":{"name":"Reda\u00e7\u00e3o","@id":"https:\/\/www.notibras.com\/site\/#\/schema\/person\/36ab0979449956132d3e5b517ea76ac8"},"headline":"Baixa renda gasta um ter\u00e7o do sal\u00e1rio com comida","datePublished":"2023-04-26T03:05:34+00:00","dateModified":"2023-04-26T12:38:18+00:00","mainEntityOfPage":{"@id":"https:\/\/www.notibras.com\/site\/baixa-renda-gasta-um-terco-do-salario-com-comida\/"},"wordCount":564,"publisher":{"@id":"https:\/\/www.notibras.com\/site\/#organization"},"image":{"@id":"https:\/\/www.notibras.com\/site\/baixa-renda-gasta-um-terco-do-salario-com-comida\/#primaryimage"},"thumbnailUrl":"https:\/\/www.notibras.com\/site\/wp-content\/uploads\/2023\/04\/supermercado_economia_20220729_0889-1.jpg","articleSection":["Quadradinho em Foco"],"inLanguage":"pt-BR"},{"@type":"WebPage","@id":"https:\/\/www.notibras.com\/site\/baixa-renda-gasta-um-terco-do-salario-com-comida\/","url":"https:\/\/www.notibras.com\/site\/baixa-renda-gasta-um-terco-do-salario-com-comida\/","name":"Baixa renda gasta um ter\u00e7o do sal\u00e1rio com comida - Notibras","isPartOf":{"@id":"https:\/\/www.notibras.com\/site\/#website"},"primaryImageOfPage":{"@id":"https:\/\/www.notibras.com\/site\/baixa-renda-gasta-um-terco-do-salario-com-comida\/#primaryimage"},"image":{"@id":"https:\/\/www.notibras.com\/site\/baixa-renda-gasta-um-terco-do-salario-com-comida\/#primaryimage"},"thumbnailUrl":"https:\/\/www.notibras.com\/site\/wp-content\/uploads\/2023\/04\/supermercado_economia_20220729_0889-1.jpg","datePublished":"2023-04-26T03:05:34+00:00","dateModified":"2023-04-26T12:38:18+00:00","breadcrumb":{"@id":"https:\/\/www.notibras.com\/site\/baixa-renda-gasta-um-terco-do-salario-com-comida\/#breadcrumb"},"inLanguage":"pt-BR","potentialAction":[{"@type":"ReadAction","target":["https:\/\/www.notibras.com\/site\/baixa-renda-gasta-um-terco-do-salario-com-comida\/"]}]},{"@type":"ImageObject","inLanguage":"pt-BR","@id":"https:\/\/www.notibras.com\/site\/baixa-renda-gasta-um-terco-do-salario-com-comida\/#primaryimage","url":"https:\/\/www.notibras.com\/site\/wp-content\/uploads\/2023\/04\/supermercado_economia_20220729_0889-1.jpg","contentUrl":"https:\/\/www.notibras.com\/site\/wp-content\/uploads\/2023\/04\/supermercado_economia_20220729_0889-1.jpg","width":1170,"height":700,"caption":"Supermercado"},{"@type":"BreadcrumbList","@id":"https:\/\/www.notibras.com\/site\/baixa-renda-gasta-um-terco-do-salario-com-comida\/#breadcrumb","itemListElement":[{"@type":"ListItem","position":1,"name":"In\u00edcio","item":"https:\/\/www.notibras.com\/site\/"},{"@type":"ListItem","position":2,"name":"Baixa renda gasta um ter\u00e7o do sal\u00e1rio com comida"}]},{"@type":"WebSite","@id":"https:\/\/www.notibras.com\/site\/#website","url":"https:\/\/www.notibras.com\/site\/","name":"Notibras","description":"Not\u00edcias de Bras\u00edlia, do Brasil e do Mundo","publisher":{"@id":"https:\/\/www.notibras.com\/site\/#organization"},"potentialAction":[{"@type":"SearchAction","target":{"@type":"EntryPoint","urlTemplate":"https:\/\/www.notibras.com\/site\/?s={search_term_string}"},"query-input":{"@type":"PropertyValueSpecification","valueRequired":true,"valueName":"search_term_string"}}],"inLanguage":"pt-BR"},{"@type":"Organization","@id":"https:\/\/www.notibras.com\/site\/#organization","name":"Grupo Notibras de Comunica\u00e7\u00e3o","url":"https:\/\/www.notibras.com\/site\/","logo":{"@type":"ImageObject","inLanguage":"pt-BR","@id":"https:\/\/www.notibras.com\/site\/#\/schema\/logo\/image\/","url":"https:\/\/www.notibras.com\/site\/wp-content\/uploads\/2023\/01\/notibras23.png","contentUrl":"https:\/\/www.notibras.com\/site\/wp-content\/uploads\/2023\/01\/notibras23.png","width":350,"height":87,"caption":"Grupo Notibras de Comunica\u00e7\u00e3o"},"image":{"@id":"https:\/\/www.notibras.com\/site\/#\/schema\/logo\/image\/"},"sameAs":["https:\/\/www.facebook.com\/notibras\/","https:\/\/x.com\/Notibras","https:\/\/www.instagram.com\/notibras\/"]},{"@type":"Person","@id":"https:\/\/www.notibras.com\/site\/#\/schema\/person\/36ab0979449956132d3e5b517ea76ac8","name":"Reda\u00e7\u00e3o","image":{"@type":"ImageObject","inLanguage":"pt-BR","@id":"https:\/\/secure.gravatar.com\/avatar\/e0a867bdedb85fd243eadf09663511f96fc81e0720a4a42581f334ad4303aa6b?s=96&d=mm&r=g","url":"https:\/\/secure.gravatar.com\/avatar\/e0a867bdedb85fd243eadf09663511f96fc81e0720a4a42581f334ad4303aa6b?s=96&d=mm&r=g","contentUrl":"https:\/\/secure.gravatar.com\/avatar\/e0a867bdedb85fd243eadf09663511f96fc81e0720a4a42581f334ad4303aa6b?s=96&d=mm&r=g","caption":"Reda\u00e7\u00e3o"}}]}},"amp_enabled":true,"_links":{"self":[{"href":"https:\/\/www.notibras.com\/site\/wp-json\/wp\/v2\/posts\/303687","targetHints":{"allow":["GET"]}}],"collection":[{"href":"https:\/\/www.notibras.com\/site\/wp-json\/wp\/v2\/posts"}],"about":[{"href":"https:\/\/www.notibras.com\/site\/wp-json\/wp\/v2\/types\/post"}],"author":[{"embeddable":true,"href":"https:\/\/www.notibras.com\/site\/wp-json\/wp\/v2\/users\/2"}],"replies":[{"embeddable":true,"href":"https:\/\/www.notibras.com\/site\/wp-json\/wp\/v2\/comments?post=303687"}],"version-history":[{"count":1,"href":"https:\/\/www.notibras.com\/site\/wp-json\/wp\/v2\/posts\/303687\/revisions"}],"predecessor-version":[{"id":303689,"href":"https:\/\/www.notibras.com\/site\/wp-json\/wp\/v2\/posts\/303687\/revisions\/303689"}],"wp:featuredmedia":[{"embeddable":true,"href":"https:\/\/www.notibras.com\/site\/wp-json\/wp\/v2\/media\/303688"}],"wp:attachment":[{"href":"https:\/\/www.notibras.com\/site\/wp-json\/wp\/v2\/media?parent=303687"}],"wp:term":[{"taxonomy":"category","embeddable":true,"href":"https:\/\/www.notibras.com\/site\/wp-json\/wp\/v2\/categories?post=303687"},{"taxonomy":"post_tag","embeddable":true,"href":"https:\/\/www.notibras.com\/site\/wp-json\/wp\/v2\/tags?post=303687"}],"curies":[{"name":"wp","href":"https:\/\/api.w.org\/{rel}","templated":true}]}}