{"id":303690,"date":"2023-04-26T00:00:24","date_gmt":"2023-04-26T03:00:24","guid":{"rendered":"https:\/\/www.notibras.com\/site\/?p=303690"},"modified":"2023-04-26T09:44:25","modified_gmt":"2023-04-26T12:44:25","slug":"escolas-publicas-do-df-vivem-em-total-abandono","status":"publish","type":"post","link":"https:\/\/www.notibras.com\/site\/escolas-publicas-do-df-vivem-em-total-abandono\/","title":{"rendered":"Escolas p\u00fablicas do DF vivem em total abandono"},"content":{"rendered":"<p>Auditores de Controle Externo do Tribunal de Contas do Distrito Federal identificaram in\u00fameros problemas de infraestrutura, acessibilidade e combate a inc\u00eandio, durante inspe\u00e7\u00e3o realizada em 14 escolas p\u00fablicas do DF.<\/p>\n<p>A a\u00e7\u00e3o faz parte da Opera\u00e7\u00e3o Educa\u00e7\u00e3o, uma fiscaliza\u00e7\u00e3o simult\u00e2nea dos Tribunais de Contas em mais de mil escolas p\u00fablicas de todo o pa\u00eds, programada para os dias 24, 25 e 26 de abril.<\/p>\n<p>Durante a visita ao Centro de Ensino Fundamental 04 de Sobradinho, por exemplo, o corpo t\u00e9cnico do TCDF encontrou diversas falhas de infraestrutura como fia\u00e7\u00e3o exposta, forro do teto desabando, pontos de alagamento e aus\u00eancia de estrutura para drenagem de \u00e1guas pluviais.<\/p>\n<p>Irregularidades no sistema de combate a inc\u00eandio tamb\u00e9m foram apontadas durante a visita ao Centro Educacional Dona Am\u00e9rica Guimar\u00e3es de Planaltina (DF). Al\u00e9m de extintores vencidos, n\u00e3o havia hidrantes na escola.<\/p>\n<p>Entulhos, carteiras e outros m\u00f3veis quebrados e expostos ao tempo tamb\u00e9m foram encontrados na Escola Classe 17 de Sobradinho (DF).<\/p>\n<p>Durante as inspe\u00e7\u00f5es ainda foram verificados problemas de acessibilidade como falta de rampas, inclina\u00e7\u00e3o excessiva do piso e aus\u00eancia de elevadores nas escolas. Outra irregularidade foi armazenamento incorreto de restos de obra e entulhos em quadras esportivas.<\/p>\n<p>As fotos, os v\u00eddeos e as informa\u00e7\u00f5es da auditoria nacional realizada no \u00e2mbito do Distrito Federal est\u00e3o sendo compartilhadas, em tempo real, por meio de um aplicativo, com as demais equipes t\u00e9cnicas que tamb\u00e9m participam da opera\u00e7\u00e3o em outros estados.<\/p>\n<p>O presidente do TCDF, que participou das visitas, ressaltou que as informa\u00e7\u00f5es levantadas na auditoria do TCDF ser\u00e3o levadas \u00e0s pastas competentes. &#8220;As falhas que nosso corpo t\u00e9cnico identificou ser\u00e3o levadas ao governo do Distrito Federal para que sejam tomadas provid\u00eancias a fim de corrigir e melhorar as condi\u00e7\u00f5es para os estudantes e sociedade do Distrito Federal&#8221;, pontuou.<\/p>\n","protected":false},"excerpt":{"rendered":"<p>Auditores de Controle Externo do Tribunal de Contas do Distrito Federal identificaram in\u00fameros problemas de infraestrutura, acessibilidade e combate a inc\u00eandio, durante inspe\u00e7\u00e3o realizada em 14 escolas p\u00fablicas do DF. A a\u00e7\u00e3o faz parte da Opera\u00e7\u00e3o Educa\u00e7\u00e3o, uma fiscaliza\u00e7\u00e3o simult\u00e2nea dos Tribunais de Contas em mais de mil escolas p\u00fablicas de todo o pa\u00eds, programada [&hellip;]<\/p>\n","protected":false},"author":2,"featured_media":303691,"comment_status":"closed","ping_status":"closed","sticky":false,"template":"","format":"standard","meta":{"_acf_changed":false,"footnotes":""},"categories":[161],"tags":[],"class_list":["post-303690","post","type-post","status-publish","format-standard","has-post-thumbnail","hentry","category-quadradinho-em-foco"],"acf":[],"yoast_head":"<!-- This site is optimized with the Yoast SEO plugin v27.2 - https:\/\/yoast.com\/product\/yoast-seo-wordpress\/ -->\n<title>Escolas p\u00fablicas do DF vivem em total abandono - Notibras<\/title>\n<meta name=\"robots\" content=\"index, follow, max-snippet:-1, max-image-preview:large, max-video-preview:-1\" \/>\n<link rel=\"canonical\" href=\"https:\/\/www.notibras.com\/site\/escolas-publicas-do-df-vivem-em-total-abandono\/\" \/>\n<meta property=\"og:locale\" content=\"pt_BR\" \/>\n<meta property=\"og:type\" content=\"article\" \/>\n<meta property=\"og:title\" content=\"Escolas p\u00fablicas do DF vivem em total abandono - Notibras\" \/>\n<meta property=\"og:description\" content=\"Auditores de Controle Externo do Tribunal de Contas do Distrito Federal identificaram in\u00fameros problemas de infraestrutura, acessibilidade e combate a inc\u00eandio, durante inspe\u00e7\u00e3o realizada em 14 escolas p\u00fablicas do DF. A a\u00e7\u00e3o faz parte da Opera\u00e7\u00e3o Educa\u00e7\u00e3o, uma fiscaliza\u00e7\u00e3o simult\u00e2nea dos Tribunais de Contas em mais de mil escolas p\u00fablicas de todo o pa\u00eds, programada [&hellip;]\" \/>\n<meta property=\"og:url\" content=\"https:\/\/www.notibras.com\/site\/escolas-publicas-do-df-vivem-em-total-abandono\/\" \/>\n<meta property=\"og:site_name\" content=\"Notibras\" \/>\n<meta property=\"article:publisher\" content=\"https:\/\/www.facebook.com\/notibras\/\" \/>\n<meta property=\"article:published_time\" content=\"2023-04-26T03:00:24+00:00\" \/>\n<meta property=\"article:modified_time\" content=\"2023-04-26T12:44:25+00:00\" \/>\n<meta property=\"og:image\" content=\"https:\/\/www.notibras.com\/site\/wp-content\/uploads\/2023\/04\/17140667.jpg\" \/>\n\t<meta property=\"og:image:width\" content=\"700\" \/>\n\t<meta property=\"og:image:height\" content=\"481\" \/>\n\t<meta property=\"og:image:type\" content=\"image\/jpeg\" \/>\n<meta name=\"author\" content=\"Reda\u00e7\u00e3o\" \/>\n<meta name=\"twitter:card\" content=\"summary_large_image\" \/>\n<meta name=\"twitter:creator\" content=\"@Notibras\" \/>\n<meta name=\"twitter:site\" content=\"@Notibras\" \/>\n<meta name=\"twitter:label1\" content=\"Escrito por\" \/>\n\t<meta name=\"twitter:data1\" content=\"Reda\u00e7\u00e3o\" \/>\n\t<meta name=\"twitter:label2\" content=\"Est. tempo de leitura\" \/>\n\t<meta name=\"twitter:data2\" content=\"2 minutos\" \/>\n<script type=\"application\/ld+json\" class=\"yoast-schema-graph\">{\"@context\":\"https:\/\/schema.org\",\"@graph\":[{\"@type\":\"Article\",\"@id\":\"https:\/\/www.notibras.com\/site\/escolas-publicas-do-df-vivem-em-total-abandono\/#article\",\"isPartOf\":{\"@id\":\"https:\/\/www.notibras.com\/site\/escolas-publicas-do-df-vivem-em-total-abandono\/\"},\"author\":{\"name\":\"Reda\u00e7\u00e3o\",\"@id\":\"https:\/\/www.notibras.com\/site\/#\/schema\/person\/36ab0979449956132d3e5b517ea76ac8\"},\"headline\":\"Escolas p\u00fablicas do DF vivem em total abandono\",\"datePublished\":\"2023-04-26T03:00:24+00:00\",\"dateModified\":\"2023-04-26T12:44:25+00:00\",\"mainEntityOfPage\":{\"@id\":\"https:\/\/www.notibras.com\/site\/escolas-publicas-do-df-vivem-em-total-abandono\/\"},\"wordCount\":332,\"publisher\":{\"@id\":\"https:\/\/www.notibras.com\/site\/#organization\"},\"image\":{\"@id\":\"https:\/\/www.notibras.com\/site\/escolas-publicas-do-df-vivem-em-total-abandono\/#primaryimage\"},\"thumbnailUrl\":\"https:\/\/www.notibras.com\/site\/wp-content\/uploads\/2023\/04\/17140667.jpg\",\"articleSection\":[\"Quadradinho em Foco\"],\"inLanguage\":\"pt-BR\"},{\"@type\":\"WebPage\",\"@id\":\"https:\/\/www.notibras.com\/site\/escolas-publicas-do-df-vivem-em-total-abandono\/\",\"url\":\"https:\/\/www.notibras.com\/site\/escolas-publicas-do-df-vivem-em-total-abandono\/\",\"name\":\"Escolas p\u00fablicas do DF vivem em total abandono - Notibras\",\"isPartOf\":{\"@id\":\"https:\/\/www.notibras.com\/site\/#website\"},\"primaryImageOfPage\":{\"@id\":\"https:\/\/www.notibras.com\/site\/escolas-publicas-do-df-vivem-em-total-abandono\/#primaryimage\"},\"image\":{\"@id\":\"https:\/\/www.notibras.com\/site\/escolas-publicas-do-df-vivem-em-total-abandono\/#primaryimage\"},\"thumbnailUrl\":\"https:\/\/www.notibras.com\/site\/wp-content\/uploads\/2023\/04\/17140667.jpg\",\"datePublished\":\"2023-04-26T03:00:24+00:00\",\"dateModified\":\"2023-04-26T12:44:25+00:00\",\"breadcrumb\":{\"@id\":\"https:\/\/www.notibras.com\/site\/escolas-publicas-do-df-vivem-em-total-abandono\/#breadcrumb\"},\"inLanguage\":\"pt-BR\",\"potentialAction\":[{\"@type\":\"ReadAction\",\"target\":[\"https:\/\/www.notibras.com\/site\/escolas-publicas-do-df-vivem-em-total-abandono\/\"]}]},{\"@type\":\"ImageObject\",\"inLanguage\":\"pt-BR\",\"@id\":\"https:\/\/www.notibras.com\/site\/escolas-publicas-do-df-vivem-em-total-abandono\/#primaryimage\",\"url\":\"https:\/\/www.notibras.com\/site\/wp-content\/uploads\/2023\/04\/17140667.jpg\",\"contentUrl\":\"https:\/\/www.notibras.com\/site\/wp-content\/uploads\/2023\/04\/17140667.jpg\",\"width\":700,\"height\":481},{\"@type\":\"BreadcrumbList\",\"@id\":\"https:\/\/www.notibras.com\/site\/escolas-publicas-do-df-vivem-em-total-abandono\/#breadcrumb\",\"itemListElement\":[{\"@type\":\"ListItem\",\"position\":1,\"name\":\"In\u00edcio\",\"item\":\"https:\/\/www.notibras.com\/site\/\"},{\"@type\":\"ListItem\",\"position\":2,\"name\":\"Escolas p\u00fablicas do DF vivem em total abandono\"}]},{\"@type\":\"WebSite\",\"@id\":\"https:\/\/www.notibras.com\/site\/#website\",\"url\":\"https:\/\/www.notibras.com\/site\/\",\"name\":\"Notibras\",\"description\":\"Not\u00edcias de Bras\u00edlia, do Brasil e do Mundo\",\"publisher\":{\"@id\":\"https:\/\/www.notibras.com\/site\/#organization\"},\"potentialAction\":[{\"@type\":\"SearchAction\",\"target\":{\"@type\":\"EntryPoint\",\"urlTemplate\":\"https:\/\/www.notibras.com\/site\/?s={search_term_string}\"},\"query-input\":{\"@type\":\"PropertyValueSpecification\",\"valueRequired\":true,\"valueName\":\"search_term_string\"}}],\"inLanguage\":\"pt-BR\"},{\"@type\":\"Organization\",\"@id\":\"https:\/\/www.notibras.com\/site\/#organization\",\"name\":\"Grupo Notibras de Comunica\u00e7\u00e3o\",\"url\":\"https:\/\/www.notibras.com\/site\/\",\"logo\":{\"@type\":\"ImageObject\",\"inLanguage\":\"pt-BR\",\"@id\":\"https:\/\/www.notibras.com\/site\/#\/schema\/logo\/image\/\",\"url\":\"https:\/\/www.notibras.com\/site\/wp-content\/uploads\/2023\/01\/notibras23.png\",\"contentUrl\":\"https:\/\/www.notibras.com\/site\/wp-content\/uploads\/2023\/01\/notibras23.png\",\"width\":350,\"height\":87,\"caption\":\"Grupo Notibras de Comunica\u00e7\u00e3o\"},\"image\":{\"@id\":\"https:\/\/www.notibras.com\/site\/#\/schema\/logo\/image\/\"},\"sameAs\":[\"https:\/\/www.facebook.com\/notibras\/\",\"https:\/\/x.com\/Notibras\",\"https:\/\/www.instagram.com\/notibras\/\"]},{\"@type\":\"Person\",\"@id\":\"https:\/\/www.notibras.com\/site\/#\/schema\/person\/36ab0979449956132d3e5b517ea76ac8\",\"name\":\"Reda\u00e7\u00e3o\",\"image\":{\"@type\":\"ImageObject\",\"inLanguage\":\"pt-BR\",\"@id\":\"https:\/\/secure.gravatar.com\/avatar\/e0a867bdedb85fd243eadf09663511f96fc81e0720a4a42581f334ad4303aa6b?s=96&d=mm&r=g\",\"url\":\"https:\/\/secure.gravatar.com\/avatar\/e0a867bdedb85fd243eadf09663511f96fc81e0720a4a42581f334ad4303aa6b?s=96&d=mm&r=g\",\"contentUrl\":\"https:\/\/secure.gravatar.com\/avatar\/e0a867bdedb85fd243eadf09663511f96fc81e0720a4a42581f334ad4303aa6b?s=96&d=mm&r=g\",\"caption\":\"Reda\u00e7\u00e3o\"}}]}<\/script>\n<!-- \/ Yoast SEO plugin. -->","yoast_head_json":{"title":"Escolas p\u00fablicas do DF vivem em total abandono - Notibras","robots":{"index":"index","follow":"follow","max-snippet":"max-snippet:-1","max-image-preview":"max-image-preview:large","max-video-preview":"max-video-preview:-1"},"canonical":"https:\/\/www.notibras.com\/site\/escolas-publicas-do-df-vivem-em-total-abandono\/","og_locale":"pt_BR","og_type":"article","og_title":"Escolas p\u00fablicas do DF vivem em total abandono - Notibras","og_description":"Auditores de Controle Externo do Tribunal de Contas do Distrito Federal identificaram in\u00fameros problemas de infraestrutura, acessibilidade e combate a inc\u00eandio, durante inspe\u00e7\u00e3o realizada em 14 escolas p\u00fablicas do DF. A a\u00e7\u00e3o faz parte da Opera\u00e7\u00e3o Educa\u00e7\u00e3o, uma fiscaliza\u00e7\u00e3o simult\u00e2nea dos Tribunais de Contas em mais de mil escolas p\u00fablicas de todo o pa\u00eds, programada [&hellip;]","og_url":"https:\/\/www.notibras.com\/site\/escolas-publicas-do-df-vivem-em-total-abandono\/","og_site_name":"Notibras","article_publisher":"https:\/\/www.facebook.com\/notibras\/","article_published_time":"2023-04-26T03:00:24+00:00","article_modified_time":"2023-04-26T12:44:25+00:00","og_image":[{"width":700,"height":481,"url":"https:\/\/www.notibras.com\/site\/wp-content\/uploads\/2023\/04\/17140667.jpg","type":"image\/jpeg"}],"author":"Reda\u00e7\u00e3o","twitter_card":"summary_large_image","twitter_creator":"@Notibras","twitter_site":"@Notibras","twitter_misc":{"Escrito por":"Reda\u00e7\u00e3o","Est. tempo de leitura":"2 minutos"},"schema":{"@context":"https:\/\/schema.org","@graph":[{"@type":"Article","@id":"https:\/\/www.notibras.com\/site\/escolas-publicas-do-df-vivem-em-total-abandono\/#article","isPartOf":{"@id":"https:\/\/www.notibras.com\/site\/escolas-publicas-do-df-vivem-em-total-abandono\/"},"author":{"name":"Reda\u00e7\u00e3o","@id":"https:\/\/www.notibras.com\/site\/#\/schema\/person\/36ab0979449956132d3e5b517ea76ac8"},"headline":"Escolas p\u00fablicas do DF vivem em total abandono","datePublished":"2023-04-26T03:00:24+00:00","dateModified":"2023-04-26T12:44:25+00:00","mainEntityOfPage":{"@id":"https:\/\/www.notibras.com\/site\/escolas-publicas-do-df-vivem-em-total-abandono\/"},"wordCount":332,"publisher":{"@id":"https:\/\/www.notibras.com\/site\/#organization"},"image":{"@id":"https:\/\/www.notibras.com\/site\/escolas-publicas-do-df-vivem-em-total-abandono\/#primaryimage"},"thumbnailUrl":"https:\/\/www.notibras.com\/site\/wp-content\/uploads\/2023\/04\/17140667.jpg","articleSection":["Quadradinho em Foco"],"inLanguage":"pt-BR"},{"@type":"WebPage","@id":"https:\/\/www.notibras.com\/site\/escolas-publicas-do-df-vivem-em-total-abandono\/","url":"https:\/\/www.notibras.com\/site\/escolas-publicas-do-df-vivem-em-total-abandono\/","name":"Escolas p\u00fablicas do DF vivem em total abandono - Notibras","isPartOf":{"@id":"https:\/\/www.notibras.com\/site\/#website"},"primaryImageOfPage":{"@id":"https:\/\/www.notibras.com\/site\/escolas-publicas-do-df-vivem-em-total-abandono\/#primaryimage"},"image":{"@id":"https:\/\/www.notibras.com\/site\/escolas-publicas-do-df-vivem-em-total-abandono\/#primaryimage"},"thumbnailUrl":"https:\/\/www.notibras.com\/site\/wp-content\/uploads\/2023\/04\/17140667.jpg","datePublished":"2023-04-26T03:00:24+00:00","dateModified":"2023-04-26T12:44:25+00:00","breadcrumb":{"@id":"https:\/\/www.notibras.com\/site\/escolas-publicas-do-df-vivem-em-total-abandono\/#breadcrumb"},"inLanguage":"pt-BR","potentialAction":[{"@type":"ReadAction","target":["https:\/\/www.notibras.com\/site\/escolas-publicas-do-df-vivem-em-total-abandono\/"]}]},{"@type":"ImageObject","inLanguage":"pt-BR","@id":"https:\/\/www.notibras.com\/site\/escolas-publicas-do-df-vivem-em-total-abandono\/#primaryimage","url":"https:\/\/www.notibras.com\/site\/wp-content\/uploads\/2023\/04\/17140667.jpg","contentUrl":"https:\/\/www.notibras.com\/site\/wp-content\/uploads\/2023\/04\/17140667.jpg","width":700,"height":481},{"@type":"BreadcrumbList","@id":"https:\/\/www.notibras.com\/site\/escolas-publicas-do-df-vivem-em-total-abandono\/#breadcrumb","itemListElement":[{"@type":"ListItem","position":1,"name":"In\u00edcio","item":"https:\/\/www.notibras.com\/site\/"},{"@type":"ListItem","position":2,"name":"Escolas p\u00fablicas do DF vivem em total abandono"}]},{"@type":"WebSite","@id":"https:\/\/www.notibras.com\/site\/#website","url":"https:\/\/www.notibras.com\/site\/","name":"Notibras","description":"Not\u00edcias de Bras\u00edlia, do Brasil e do Mundo","publisher":{"@id":"https:\/\/www.notibras.com\/site\/#organization"},"potentialAction":[{"@type":"SearchAction","target":{"@type":"EntryPoint","urlTemplate":"https:\/\/www.notibras.com\/site\/?s={search_term_string}"},"query-input":{"@type":"PropertyValueSpecification","valueRequired":true,"valueName":"search_term_string"}}],"inLanguage":"pt-BR"},{"@type":"Organization","@id":"https:\/\/www.notibras.com\/site\/#organization","name":"Grupo Notibras de Comunica\u00e7\u00e3o","url":"https:\/\/www.notibras.com\/site\/","logo":{"@type":"ImageObject","inLanguage":"pt-BR","@id":"https:\/\/www.notibras.com\/site\/#\/schema\/logo\/image\/","url":"https:\/\/www.notibras.com\/site\/wp-content\/uploads\/2023\/01\/notibras23.png","contentUrl":"https:\/\/www.notibras.com\/site\/wp-content\/uploads\/2023\/01\/notibras23.png","width":350,"height":87,"caption":"Grupo Notibras de Comunica\u00e7\u00e3o"},"image":{"@id":"https:\/\/www.notibras.com\/site\/#\/schema\/logo\/image\/"},"sameAs":["https:\/\/www.facebook.com\/notibras\/","https:\/\/x.com\/Notibras","https:\/\/www.instagram.com\/notibras\/"]},{"@type":"Person","@id":"https:\/\/www.notibras.com\/site\/#\/schema\/person\/36ab0979449956132d3e5b517ea76ac8","name":"Reda\u00e7\u00e3o","image":{"@type":"ImageObject","inLanguage":"pt-BR","@id":"https:\/\/secure.gravatar.com\/avatar\/e0a867bdedb85fd243eadf09663511f96fc81e0720a4a42581f334ad4303aa6b?s=96&d=mm&r=g","url":"https:\/\/secure.gravatar.com\/avatar\/e0a867bdedb85fd243eadf09663511f96fc81e0720a4a42581f334ad4303aa6b?s=96&d=mm&r=g","contentUrl":"https:\/\/secure.gravatar.com\/avatar\/e0a867bdedb85fd243eadf09663511f96fc81e0720a4a42581f334ad4303aa6b?s=96&d=mm&r=g","caption":"Reda\u00e7\u00e3o"}}]}},"amp_enabled":true,"_links":{"self":[{"href":"https:\/\/www.notibras.com\/site\/wp-json\/wp\/v2\/posts\/303690","targetHints":{"allow":["GET"]}}],"collection":[{"href":"https:\/\/www.notibras.com\/site\/wp-json\/wp\/v2\/posts"}],"about":[{"href":"https:\/\/www.notibras.com\/site\/wp-json\/wp\/v2\/types\/post"}],"author":[{"embeddable":true,"href":"https:\/\/www.notibras.com\/site\/wp-json\/wp\/v2\/users\/2"}],"replies":[{"embeddable":true,"href":"https:\/\/www.notibras.com\/site\/wp-json\/wp\/v2\/comments?post=303690"}],"version-history":[{"count":1,"href":"https:\/\/www.notibras.com\/site\/wp-json\/wp\/v2\/posts\/303690\/revisions"}],"predecessor-version":[{"id":303692,"href":"https:\/\/www.notibras.com\/site\/wp-json\/wp\/v2\/posts\/303690\/revisions\/303692"}],"wp:featuredmedia":[{"embeddable":true,"href":"https:\/\/www.notibras.com\/site\/wp-json\/wp\/v2\/media\/303691"}],"wp:attachment":[{"href":"https:\/\/www.notibras.com\/site\/wp-json\/wp\/v2\/media?parent=303690"}],"wp:term":[{"taxonomy":"category","embeddable":true,"href":"https:\/\/www.notibras.com\/site\/wp-json\/wp\/v2\/categories?post=303690"},{"taxonomy":"post_tag","embeddable":true,"href":"https:\/\/www.notibras.com\/site\/wp-json\/wp\/v2\/tags?post=303690"}],"curies":[{"name":"wp","href":"https:\/\/api.w.org\/{rel}","templated":true}]}}