{"id":303751,"date":"2023-04-27T06:54:14","date_gmt":"2023-04-27T09:54:14","guid":{"rendered":"https:\/\/www.notibras.com\/site\/?p=303751"},"modified":"2023-04-27T06:55:19","modified_gmt":"2023-04-27T09:55:19","slug":"cai-cai-o-desastrado-era-vitima-ate-de-desmaios","status":"publish","type":"post","link":"https:\/\/www.notibras.com\/site\/cai-cai-o-desastrado-era-vitima-ate-de-desmaios\/","title":{"rendered":"Cai-Cai, o desastrado, era v\u00edtima at\u00e9 de desmaios"},"content":{"rendered":"<p>Aquele menino era t\u00e3o desatento, que vivia caindo. N\u00e3o que fosse bambo das pernas, mas descuidado com os perigos ao seu redor. Seu nome? Bem, isso n\u00e3o \u00e9 relevante saber, pois todos o conheciam pelo apelido, que virou praticamente seu nome de batismo: Cai-Cai.<\/p>\n<p>Hist\u00f3rias sobre o moleque n\u00e3o faltavam. De tantas que o povo contava, talvez uma ou outra fosse aumentada ou, pode ser, inventada. A despeito dos floreios, era certo que Cai-Cai possu\u00eda algumas cicatrizes espalhadas pelo corpo franzino, contudo resistente, tamanho o n\u00famero de tombos, pancadas e at\u00e9 desmaio numa piscina. Desmaio? Ent\u00e3o, esse garoto deveria ter algum problema de sa\u00fade, alguns poderiam afirmar. Que nada!<\/p>\n<p>Apesar dos pontos na testa, nos joelhos, nas m\u00e3os, no queixo, Cai-Cai, quase sempre, tinha um anjo da guarda por perto. Seu irm\u00e3o, o Josenildo, praticamente tr\u00eas anos mais velho, o que lhe garantia uma boa vantagem na altura, quase dez cent\u00edmetros.<\/p>\n<p>Para come\u00e7ar, vamos ao caso do desmaio na piscina. Dizem por a\u00ed, pelo menos \u00e9 como eu ouvi, que l\u00e1 estavam o Josenildo e o Cai-Cai num clube pelas bandas de Goi\u00e1s. Os meninos, como duas piabas, aproveitavam aquele mundar\u00e9u de \u00e1gua. Josenildo, sempre metido, quase gritava que era o maior nadador do mundo. Batia no peito, soltava um grito de Tarzan e l\u00e1 ia mergulhar atr\u00e1s de uma pedrinha bem no fundo de azulejos azuis. O irm\u00e3o mais novo fazia o mesmo.<\/p>\n<p>Cai-Cai sentia orgulho do irm\u00e3o. At\u00e9 que surgiu um rapaz, quase homem formado, que se sentou na beira, as pernas entrando aos poucos na piscina, como se estivesse tomando coragem para encarar a \u00e1gua gelada. Nisso, Josenildo, do alto de tamanha confian\u00e7a, lan\u00e7ou um desafio ao tal rapaz.<\/p>\n<p>&#8211;\u00a0Quer apostar uma corrida?<\/p>\n<p>O rapaz, a princ\u00edpio, n\u00e3o deu muita trela pro Josenildo. Todavia, diante da insist\u00eancia do menino, o quase homem formado aceitou. O combinado foi atravessar a piscina ida e volta. Enquanto os dois competidores foram para as suas marcas, o Cai-Cai, alheio a tudo isso, continuava sua intermin\u00e1vel busca de pedrinhas no fundo.<\/p>\n<p>A largada foi dada, Josenildo, apesar de menor em tamanho, parecia um gigante diante do seu advers\u00e1rio, que batia freneticamente bra\u00e7os e pernas. Com pequena vantagem na virada, o rapaz, a poucos metros da linha de chegada, sentiu que havia batido em algo. Parou quase instantaneamente, enquanto Josenildo o ultrapassou e venceu a contenda.<\/p>\n<p>O medalhista sem medalhas para ganhar ainda comemorava, quando, ent\u00e3o, percebeu que o seu advers\u00e1rio estava submerso, talvez em busca de uma pedrinha. Ele at\u00e9 riu, pois imaginava que aquilo era brincadeira de crian\u00e7a. At\u00e9 que, assustado, Josenildo constatou que o quase homem emergiu carregando o Cai-Cai nos bra\u00e7os.<\/p>\n<p>O que teria acontecido? A verdade, segundo dizem, \u00e9 que no exato momento em que o rapaz nadava, eis que o Cai-Cai veio \u00e0 tona e, sem querer, acabou sendo atingido por um quase soco. Desmaiou, foi ao fundo, depois foi salvo pelo mesmo indiv\u00edduo que h\u00e1 pouco o havia nocauteado.<\/p>\n<p>Outra hist\u00f3ria talvez pare\u00e7a ainda mais fantasiosa. Que seja assim, ent\u00e3o. Mas vale cont\u00e1-la. Essa, ali\u00e1s, soube atrav\u00e9s de uma quase testemunha ocular. Exatamente isso! Quase, j\u00e1 que a dist\u00e2ncia do local do fato comprometia ainda mais a j\u00e1 p\u00e9ssima acuidade visual, sem contar a avan\u00e7ada miopia da velha Neide.<\/p>\n<p>Josenildo, al\u00e9m de campe\u00e3o de nata\u00e7\u00e3o, era o maior soltador de pipa da quadra. H\u00e1 os que afirmam que os outros meninos n\u00e3o se atreviam a subir suas pipas enquanto o guri estivesse empinando a sua. Era corte na certa! Cerol!<\/p>\n<p>Pois bem, l\u00e1 estava o Josenildo soltando pipa, quando sentiu uma vontade inegoci\u00e1vel de ir ao banheiro. Sem tempo para recolher tanta linha, passou o comando para o Cai-Cai. Este, todo orgulhoso, se sentiu o maioral. O irm\u00e3o mais velho correu o mais r\u00e1pido que pode para casa, que ficava logo ali.<\/p>\n<p>Inebriado pela pipa l\u00e1 no alto, Cai-Cai brincava com manobras pra cima, pra baixo, pro lado, enquanto ia dando uns passos para tr\u00e1s. N\u00e3o viu um buraco logo atr\u00e1s de si. Caiu que nem um abacate maduro. N\u00e3o se sabe se bateu a cabe\u00e7a ou se foi susto, mas o menino desmaiou.<\/p>\n<p>Depois de satisfazer suas inadi\u00e1veis necessidades fisiol\u00f3gicas, eis que o Josenildo surgiu. Mas cad\u00ea o seu irm\u00e3o? Nada do Cai-Cai por ali. Ser\u00e1 que ele se cansou de esperar? Mas algo deixou o Josenildo com a pulga atr\u00e1s da orelha. \u00c9 que a sua pipa continuava l\u00e1 no alto.<\/p>\n<p>Josenildo teve a ideia de seguir a linha. Ele apontou para a pipa e foi descendo o dedo at\u00e9 que, finalmente, encontrou o irm\u00e3o dentro do buraco. Apesar da queda de quase dois metros, Cai-Cai ainda mantinha a linha na sua m\u00e3o esquerda. Foi preciso chamar o pai dos meninos para tirar o desastrado de dentro daquele buraco. No entanto, apesar da queda, Cai-Cai teve sorte de ter ca\u00eddo em cima de um colch\u00e3o, o mesmo usado pelo mendigo Adalberto, que, de vez em quando, aparecia por ali.<\/p>\n<p>Vamos, ent\u00e3o, para a terceira, mas n\u00e3o \u00faltima hist\u00f3ria sobre o Cai-Cai. Essa, ali\u00e1s, teria acontecido num dia de muita chuva. Mas chuva de verdade, dessas que faz at\u00e9 os mais corajosos tremerem de medo.<\/p>\n<p>O tor\u00f3 havia passado, mas todas as ruas ficaram alagadas. Josenildo e Cai-Cai resolveram sair um pouco, apesar da tarde j\u00e1 quase virando noite. Os irm\u00e3os corriam chutando as po\u00e7as d&#8217;\u00e1gua, riam aos montes. Brincavam de pega-pega quando, de repente, o Cai-Cai desapareceu numa po\u00e7a diante dos olhos aflitos do Josenildo. Este, sem tempo para pensar, meteu a m\u00e3o naquela \u00e1gua barrenta e, puxando o irm\u00e3o pelos cabelos, o salvou de se afogar num bueiro.<\/p>\n<p>Obviamente que ouvi muitas outras hist\u00f3rias sobre o Cai-Cai, mas talvez voc\u00ea, que chegou at\u00e9 aqui, me ache um mentiroso. Al\u00e9m disso, devido \u00e0 minha avan\u00e7ada idade, que j\u00e1 passou dos 80 no \u00faltimo janeiro, prefiro manter a minha reputa\u00e7\u00e3o de amigo da verdade ou, ao menos, um conhecido dela.<\/p>\n","protected":false},"excerpt":{"rendered":"<p>Aquele menino era t\u00e3o desatento, que vivia caindo. N\u00e3o que fosse bambo das pernas, mas descuidado com os perigos ao seu redor. Seu nome? Bem, isso n\u00e3o \u00e9 relevante saber, pois todos o conheciam pelo apelido, que virou praticamente seu nome de batismo: Cai-Cai. Hist\u00f3rias sobre o moleque n\u00e3o faltavam. De tantas que o povo [&hellip;]<\/p>\n","protected":false},"author":2,"featured_media":303753,"comment_status":"closed","ping_status":"closed","sticky":false,"template":"","format":"standard","meta":{"_acf_changed":false,"footnotes":""},"categories":[161],"tags":[],"class_list":["post-303751","post","type-post","status-publish","format-standard","has-post-thumbnail","hentry","category-quadradinho-em-foco"],"acf":[],"yoast_head":"<!-- This site is optimized with the Yoast SEO plugin v27.2 - https:\/\/yoast.com\/product\/yoast-seo-wordpress\/ -->\n<title>Cai-Cai, o desastrado, era v\u00edtima at\u00e9 de desmaios - Notibras<\/title>\n<meta name=\"robots\" content=\"index, follow, max-snippet:-1, max-image-preview:large, max-video-preview:-1\" \/>\n<link rel=\"canonical\" href=\"https:\/\/www.notibras.com\/site\/cai-cai-o-desastrado-era-vitima-ate-de-desmaios\/\" \/>\n<meta property=\"og:locale\" content=\"pt_BR\" \/>\n<meta property=\"og:type\" content=\"article\" \/>\n<meta property=\"og:title\" content=\"Cai-Cai, o desastrado, era v\u00edtima at\u00e9 de desmaios - Notibras\" \/>\n<meta property=\"og:description\" content=\"Aquele menino era t\u00e3o desatento, que vivia caindo. N\u00e3o que fosse bambo das pernas, mas descuidado com os perigos ao seu redor. Seu nome? Bem, isso n\u00e3o \u00e9 relevante saber, pois todos o conheciam pelo apelido, que virou praticamente seu nome de batismo: Cai-Cai. Hist\u00f3rias sobre o moleque n\u00e3o faltavam. De tantas que o povo [&hellip;]\" \/>\n<meta property=\"og:url\" content=\"https:\/\/www.notibras.com\/site\/cai-cai-o-desastrado-era-vitima-ate-de-desmaios\/\" \/>\n<meta property=\"og:site_name\" content=\"Notibras\" \/>\n<meta property=\"article:publisher\" content=\"https:\/\/www.facebook.com\/notibras\/\" \/>\n<meta property=\"article:published_time\" content=\"2023-04-27T09:54:14+00:00\" \/>\n<meta property=\"article:modified_time\" content=\"2023-04-27T09:55:19+00:00\" \/>\n<meta property=\"og:image\" content=\"https:\/\/www.notibras.com\/site\/wp-content\/uploads\/2023\/04\/8f7cb042-9e05-409a-a03b-9b409fb76e4c.jpg\" \/>\n\t<meta property=\"og:image:width\" content=\"1200\" \/>\n\t<meta property=\"og:image:height\" content=\"1600\" \/>\n\t<meta property=\"og:image:type\" content=\"image\/jpeg\" \/>\n<meta name=\"author\" content=\"Reda\u00e7\u00e3o\" \/>\n<meta name=\"twitter:card\" content=\"summary_large_image\" \/>\n<meta name=\"twitter:creator\" content=\"@Notibras\" \/>\n<meta name=\"twitter:site\" content=\"@Notibras\" \/>\n<meta name=\"twitter:label1\" content=\"Escrito por\" \/>\n\t<meta name=\"twitter:data1\" content=\"Reda\u00e7\u00e3o\" \/>\n\t<meta name=\"twitter:label2\" content=\"Est. tempo de leitura\" \/>\n\t<meta name=\"twitter:data2\" content=\"6 minutos\" \/>\n<script type=\"application\/ld+json\" class=\"yoast-schema-graph\">{\"@context\":\"https:\/\/schema.org\",\"@graph\":[{\"@type\":\"Article\",\"@id\":\"https:\/\/www.notibras.com\/site\/cai-cai-o-desastrado-era-vitima-ate-de-desmaios\/#article\",\"isPartOf\":{\"@id\":\"https:\/\/www.notibras.com\/site\/cai-cai-o-desastrado-era-vitima-ate-de-desmaios\/\"},\"author\":{\"name\":\"Reda\u00e7\u00e3o\",\"@id\":\"https:\/\/www.notibras.com\/site\/#\/schema\/person\/36ab0979449956132d3e5b517ea76ac8\"},\"headline\":\"Cai-Cai, o desastrado, era v\u00edtima at\u00e9 de desmaios\",\"datePublished\":\"2023-04-27T09:54:14+00:00\",\"dateModified\":\"2023-04-27T09:55:19+00:00\",\"mainEntityOfPage\":{\"@id\":\"https:\/\/www.notibras.com\/site\/cai-cai-o-desastrado-era-vitima-ate-de-desmaios\/\"},\"wordCount\":1063,\"publisher\":{\"@id\":\"https:\/\/www.notibras.com\/site\/#organization\"},\"image\":{\"@id\":\"https:\/\/www.notibras.com\/site\/cai-cai-o-desastrado-era-vitima-ate-de-desmaios\/#primaryimage\"},\"thumbnailUrl\":\"https:\/\/www.notibras.com\/site\/wp-content\/uploads\/2023\/04\/8f7cb042-9e05-409a-a03b-9b409fb76e4c.jpg\",\"articleSection\":[\"Quadradinho em Foco\"],\"inLanguage\":\"pt-BR\"},{\"@type\":\"WebPage\",\"@id\":\"https:\/\/www.notibras.com\/site\/cai-cai-o-desastrado-era-vitima-ate-de-desmaios\/\",\"url\":\"https:\/\/www.notibras.com\/site\/cai-cai-o-desastrado-era-vitima-ate-de-desmaios\/\",\"name\":\"Cai-Cai, o desastrado, era v\u00edtima at\u00e9 de desmaios - Notibras\",\"isPartOf\":{\"@id\":\"https:\/\/www.notibras.com\/site\/#website\"},\"primaryImageOfPage\":{\"@id\":\"https:\/\/www.notibras.com\/site\/cai-cai-o-desastrado-era-vitima-ate-de-desmaios\/#primaryimage\"},\"image\":{\"@id\":\"https:\/\/www.notibras.com\/site\/cai-cai-o-desastrado-era-vitima-ate-de-desmaios\/#primaryimage\"},\"thumbnailUrl\":\"https:\/\/www.notibras.com\/site\/wp-content\/uploads\/2023\/04\/8f7cb042-9e05-409a-a03b-9b409fb76e4c.jpg\",\"datePublished\":\"2023-04-27T09:54:14+00:00\",\"dateModified\":\"2023-04-27T09:55:19+00:00\",\"breadcrumb\":{\"@id\":\"https:\/\/www.notibras.com\/site\/cai-cai-o-desastrado-era-vitima-ate-de-desmaios\/#breadcrumb\"},\"inLanguage\":\"pt-BR\",\"potentialAction\":[{\"@type\":\"ReadAction\",\"target\":[\"https:\/\/www.notibras.com\/site\/cai-cai-o-desastrado-era-vitima-ate-de-desmaios\/\"]}]},{\"@type\":\"ImageObject\",\"inLanguage\":\"pt-BR\",\"@id\":\"https:\/\/www.notibras.com\/site\/cai-cai-o-desastrado-era-vitima-ate-de-desmaios\/#primaryimage\",\"url\":\"https:\/\/www.notibras.com\/site\/wp-content\/uploads\/2023\/04\/8f7cb042-9e05-409a-a03b-9b409fb76e4c.jpg\",\"contentUrl\":\"https:\/\/www.notibras.com\/site\/wp-content\/uploads\/2023\/04\/8f7cb042-9e05-409a-a03b-9b409fb76e4c.jpg\",\"width\":1200,\"height\":1600},{\"@type\":\"BreadcrumbList\",\"@id\":\"https:\/\/www.notibras.com\/site\/cai-cai-o-desastrado-era-vitima-ate-de-desmaios\/#breadcrumb\",\"itemListElement\":[{\"@type\":\"ListItem\",\"position\":1,\"name\":\"In\u00edcio\",\"item\":\"https:\/\/www.notibras.com\/site\/\"},{\"@type\":\"ListItem\",\"position\":2,\"name\":\"Cai-Cai, o desastrado, era v\u00edtima at\u00e9 de desmaios\"}]},{\"@type\":\"WebSite\",\"@id\":\"https:\/\/www.notibras.com\/site\/#website\",\"url\":\"https:\/\/www.notibras.com\/site\/\",\"name\":\"Notibras\",\"description\":\"Not\u00edcias de Bras\u00edlia, do Brasil e do Mundo\",\"publisher\":{\"@id\":\"https:\/\/www.notibras.com\/site\/#organization\"},\"potentialAction\":[{\"@type\":\"SearchAction\",\"target\":{\"@type\":\"EntryPoint\",\"urlTemplate\":\"https:\/\/www.notibras.com\/site\/?s={search_term_string}\"},\"query-input\":{\"@type\":\"PropertyValueSpecification\",\"valueRequired\":true,\"valueName\":\"search_term_string\"}}],\"inLanguage\":\"pt-BR\"},{\"@type\":\"Organization\",\"@id\":\"https:\/\/www.notibras.com\/site\/#organization\",\"name\":\"Grupo Notibras de Comunica\u00e7\u00e3o\",\"url\":\"https:\/\/www.notibras.com\/site\/\",\"logo\":{\"@type\":\"ImageObject\",\"inLanguage\":\"pt-BR\",\"@id\":\"https:\/\/www.notibras.com\/site\/#\/schema\/logo\/image\/\",\"url\":\"https:\/\/www.notibras.com\/site\/wp-content\/uploads\/2023\/01\/notibras23.png\",\"contentUrl\":\"https:\/\/www.notibras.com\/site\/wp-content\/uploads\/2023\/01\/notibras23.png\",\"width\":350,\"height\":87,\"caption\":\"Grupo Notibras de Comunica\u00e7\u00e3o\"},\"image\":{\"@id\":\"https:\/\/www.notibras.com\/site\/#\/schema\/logo\/image\/\"},\"sameAs\":[\"https:\/\/www.facebook.com\/notibras\/\",\"https:\/\/x.com\/Notibras\",\"https:\/\/www.instagram.com\/notibras\/\"]},{\"@type\":\"Person\",\"@id\":\"https:\/\/www.notibras.com\/site\/#\/schema\/person\/36ab0979449956132d3e5b517ea76ac8\",\"name\":\"Reda\u00e7\u00e3o\",\"image\":{\"@type\":\"ImageObject\",\"inLanguage\":\"pt-BR\",\"@id\":\"https:\/\/secure.gravatar.com\/avatar\/e0a867bdedb85fd243eadf09663511f96fc81e0720a4a42581f334ad4303aa6b?s=96&d=mm&r=g\",\"url\":\"https:\/\/secure.gravatar.com\/avatar\/e0a867bdedb85fd243eadf09663511f96fc81e0720a4a42581f334ad4303aa6b?s=96&d=mm&r=g\",\"contentUrl\":\"https:\/\/secure.gravatar.com\/avatar\/e0a867bdedb85fd243eadf09663511f96fc81e0720a4a42581f334ad4303aa6b?s=96&d=mm&r=g\",\"caption\":\"Reda\u00e7\u00e3o\"}}]}<\/script>\n<!-- \/ Yoast SEO plugin. -->","yoast_head_json":{"title":"Cai-Cai, o desastrado, era v\u00edtima at\u00e9 de desmaios - Notibras","robots":{"index":"index","follow":"follow","max-snippet":"max-snippet:-1","max-image-preview":"max-image-preview:large","max-video-preview":"max-video-preview:-1"},"canonical":"https:\/\/www.notibras.com\/site\/cai-cai-o-desastrado-era-vitima-ate-de-desmaios\/","og_locale":"pt_BR","og_type":"article","og_title":"Cai-Cai, o desastrado, era v\u00edtima at\u00e9 de desmaios - Notibras","og_description":"Aquele menino era t\u00e3o desatento, que vivia caindo. N\u00e3o que fosse bambo das pernas, mas descuidado com os perigos ao seu redor. Seu nome? Bem, isso n\u00e3o \u00e9 relevante saber, pois todos o conheciam pelo apelido, que virou praticamente seu nome de batismo: Cai-Cai. Hist\u00f3rias sobre o moleque n\u00e3o faltavam. De tantas que o povo [&hellip;]","og_url":"https:\/\/www.notibras.com\/site\/cai-cai-o-desastrado-era-vitima-ate-de-desmaios\/","og_site_name":"Notibras","article_publisher":"https:\/\/www.facebook.com\/notibras\/","article_published_time":"2023-04-27T09:54:14+00:00","article_modified_time":"2023-04-27T09:55:19+00:00","og_image":[{"width":1200,"height":1600,"url":"https:\/\/www.notibras.com\/site\/wp-content\/uploads\/2023\/04\/8f7cb042-9e05-409a-a03b-9b409fb76e4c.jpg","type":"image\/jpeg"}],"author":"Reda\u00e7\u00e3o","twitter_card":"summary_large_image","twitter_creator":"@Notibras","twitter_site":"@Notibras","twitter_misc":{"Escrito por":"Reda\u00e7\u00e3o","Est. tempo de leitura":"6 minutos"},"schema":{"@context":"https:\/\/schema.org","@graph":[{"@type":"Article","@id":"https:\/\/www.notibras.com\/site\/cai-cai-o-desastrado-era-vitima-ate-de-desmaios\/#article","isPartOf":{"@id":"https:\/\/www.notibras.com\/site\/cai-cai-o-desastrado-era-vitima-ate-de-desmaios\/"},"author":{"name":"Reda\u00e7\u00e3o","@id":"https:\/\/www.notibras.com\/site\/#\/schema\/person\/36ab0979449956132d3e5b517ea76ac8"},"headline":"Cai-Cai, o desastrado, era v\u00edtima at\u00e9 de desmaios","datePublished":"2023-04-27T09:54:14+00:00","dateModified":"2023-04-27T09:55:19+00:00","mainEntityOfPage":{"@id":"https:\/\/www.notibras.com\/site\/cai-cai-o-desastrado-era-vitima-ate-de-desmaios\/"},"wordCount":1063,"publisher":{"@id":"https:\/\/www.notibras.com\/site\/#organization"},"image":{"@id":"https:\/\/www.notibras.com\/site\/cai-cai-o-desastrado-era-vitima-ate-de-desmaios\/#primaryimage"},"thumbnailUrl":"https:\/\/www.notibras.com\/site\/wp-content\/uploads\/2023\/04\/8f7cb042-9e05-409a-a03b-9b409fb76e4c.jpg","articleSection":["Quadradinho em Foco"],"inLanguage":"pt-BR"},{"@type":"WebPage","@id":"https:\/\/www.notibras.com\/site\/cai-cai-o-desastrado-era-vitima-ate-de-desmaios\/","url":"https:\/\/www.notibras.com\/site\/cai-cai-o-desastrado-era-vitima-ate-de-desmaios\/","name":"Cai-Cai, o desastrado, era v\u00edtima at\u00e9 de desmaios - Notibras","isPartOf":{"@id":"https:\/\/www.notibras.com\/site\/#website"},"primaryImageOfPage":{"@id":"https:\/\/www.notibras.com\/site\/cai-cai-o-desastrado-era-vitima-ate-de-desmaios\/#primaryimage"},"image":{"@id":"https:\/\/www.notibras.com\/site\/cai-cai-o-desastrado-era-vitima-ate-de-desmaios\/#primaryimage"},"thumbnailUrl":"https:\/\/www.notibras.com\/site\/wp-content\/uploads\/2023\/04\/8f7cb042-9e05-409a-a03b-9b409fb76e4c.jpg","datePublished":"2023-04-27T09:54:14+00:00","dateModified":"2023-04-27T09:55:19+00:00","breadcrumb":{"@id":"https:\/\/www.notibras.com\/site\/cai-cai-o-desastrado-era-vitima-ate-de-desmaios\/#breadcrumb"},"inLanguage":"pt-BR","potentialAction":[{"@type":"ReadAction","target":["https:\/\/www.notibras.com\/site\/cai-cai-o-desastrado-era-vitima-ate-de-desmaios\/"]}]},{"@type":"ImageObject","inLanguage":"pt-BR","@id":"https:\/\/www.notibras.com\/site\/cai-cai-o-desastrado-era-vitima-ate-de-desmaios\/#primaryimage","url":"https:\/\/www.notibras.com\/site\/wp-content\/uploads\/2023\/04\/8f7cb042-9e05-409a-a03b-9b409fb76e4c.jpg","contentUrl":"https:\/\/www.notibras.com\/site\/wp-content\/uploads\/2023\/04\/8f7cb042-9e05-409a-a03b-9b409fb76e4c.jpg","width":1200,"height":1600},{"@type":"BreadcrumbList","@id":"https:\/\/www.notibras.com\/site\/cai-cai-o-desastrado-era-vitima-ate-de-desmaios\/#breadcrumb","itemListElement":[{"@type":"ListItem","position":1,"name":"In\u00edcio","item":"https:\/\/www.notibras.com\/site\/"},{"@type":"ListItem","position":2,"name":"Cai-Cai, o desastrado, era v\u00edtima at\u00e9 de desmaios"}]},{"@type":"WebSite","@id":"https:\/\/www.notibras.com\/site\/#website","url":"https:\/\/www.notibras.com\/site\/","name":"Notibras","description":"Not\u00edcias de Bras\u00edlia, do Brasil e do Mundo","publisher":{"@id":"https:\/\/www.notibras.com\/site\/#organization"},"potentialAction":[{"@type":"SearchAction","target":{"@type":"EntryPoint","urlTemplate":"https:\/\/www.notibras.com\/site\/?s={search_term_string}"},"query-input":{"@type":"PropertyValueSpecification","valueRequired":true,"valueName":"search_term_string"}}],"inLanguage":"pt-BR"},{"@type":"Organization","@id":"https:\/\/www.notibras.com\/site\/#organization","name":"Grupo Notibras de Comunica\u00e7\u00e3o","url":"https:\/\/www.notibras.com\/site\/","logo":{"@type":"ImageObject","inLanguage":"pt-BR","@id":"https:\/\/www.notibras.com\/site\/#\/schema\/logo\/image\/","url":"https:\/\/www.notibras.com\/site\/wp-content\/uploads\/2023\/01\/notibras23.png","contentUrl":"https:\/\/www.notibras.com\/site\/wp-content\/uploads\/2023\/01\/notibras23.png","width":350,"height":87,"caption":"Grupo Notibras de Comunica\u00e7\u00e3o"},"image":{"@id":"https:\/\/www.notibras.com\/site\/#\/schema\/logo\/image\/"},"sameAs":["https:\/\/www.facebook.com\/notibras\/","https:\/\/x.com\/Notibras","https:\/\/www.instagram.com\/notibras\/"]},{"@type":"Person","@id":"https:\/\/www.notibras.com\/site\/#\/schema\/person\/36ab0979449956132d3e5b517ea76ac8","name":"Reda\u00e7\u00e3o","image":{"@type":"ImageObject","inLanguage":"pt-BR","@id":"https:\/\/secure.gravatar.com\/avatar\/e0a867bdedb85fd243eadf09663511f96fc81e0720a4a42581f334ad4303aa6b?s=96&d=mm&r=g","url":"https:\/\/secure.gravatar.com\/avatar\/e0a867bdedb85fd243eadf09663511f96fc81e0720a4a42581f334ad4303aa6b?s=96&d=mm&r=g","contentUrl":"https:\/\/secure.gravatar.com\/avatar\/e0a867bdedb85fd243eadf09663511f96fc81e0720a4a42581f334ad4303aa6b?s=96&d=mm&r=g","caption":"Reda\u00e7\u00e3o"}}]}},"amp_enabled":true,"_links":{"self":[{"href":"https:\/\/www.notibras.com\/site\/wp-json\/wp\/v2\/posts\/303751","targetHints":{"allow":["GET"]}}],"collection":[{"href":"https:\/\/www.notibras.com\/site\/wp-json\/wp\/v2\/posts"}],"about":[{"href":"https:\/\/www.notibras.com\/site\/wp-json\/wp\/v2\/types\/post"}],"author":[{"embeddable":true,"href":"https:\/\/www.notibras.com\/site\/wp-json\/wp\/v2\/users\/2"}],"replies":[{"embeddable":true,"href":"https:\/\/www.notibras.com\/site\/wp-json\/wp\/v2\/comments?post=303751"}],"version-history":[{"count":2,"href":"https:\/\/www.notibras.com\/site\/wp-json\/wp\/v2\/posts\/303751\/revisions"}],"predecessor-version":[{"id":303755,"href":"https:\/\/www.notibras.com\/site\/wp-json\/wp\/v2\/posts\/303751\/revisions\/303755"}],"wp:featuredmedia":[{"embeddable":true,"href":"https:\/\/www.notibras.com\/site\/wp-json\/wp\/v2\/media\/303753"}],"wp:attachment":[{"href":"https:\/\/www.notibras.com\/site\/wp-json\/wp\/v2\/media?parent=303751"}],"wp:term":[{"taxonomy":"category","embeddable":true,"href":"https:\/\/www.notibras.com\/site\/wp-json\/wp\/v2\/categories?post=303751"},{"taxonomy":"post_tag","embeddable":true,"href":"https:\/\/www.notibras.com\/site\/wp-json\/wp\/v2\/tags?post=303751"}],"curies":[{"name":"wp","href":"https:\/\/api.w.org\/{rel}","templated":true}]}}